{"id":2281,"date":"2018-08-09T00:05:02","date_gmt":"2018-08-09T03:05:02","guid":{"rendered":"http:\/\/www.agenciainfra.com\/blog\/?p=2281"},"modified":"2018-08-08T21:19:26","modified_gmt":"2018-08-09T00:19:26","slug":"levantamento-da-cnt-indica-queda-nos-investimento-em-rodovias-e-ferrovias","status":"publish","type":"post","link":"https:\/\/agenciainfra.com\/blog\/levantamento-da-cnt-indica-queda-nos-investimento-em-rodovias-e-ferrovias\/","title":{"rendered":"Levantamento da CNT indica queda nos investimento em rodovias e ferrovias"},"content":{"rendered":"<div>\n<div style=\"text-align: right;\"><strong>Cl\u00e1udia Borges, da Ag\u00eancia iNFRA<\/strong><\/div>\n<p dir=\"ltr\">\n<p dir=\"ltr\">Crise econ\u00f4mica, recess\u00e3o, cronograma de obras, problemas fiscais e falta de planejamento financeiro levaram \u00e0 redu\u00e7\u00e3o dos investimentos p\u00fablicos e privados em rodovias e ferrovias nos anos de 2016 e 2017. Os dados est\u00e3o boletim\u00a0<a href=\"https:\/\/agenciainfra.us14.list-manage.com\/track\/click?u=d460dd1bcf9ba0ae040e1fc0f&amp;id=f632f3d3f4&amp;e=0c440aab2b\" target=\"_blank\" rel=\"noopener\" data-saferedirecturl=\"https:\/\/www.google.com\/url?hl=pt-BR&amp;q=https:\/\/agenciainfra.us14.list-manage.com\/track\/click?u%3Dd460dd1bcf9ba0ae040e1fc0f%26id%3Df632f3d3f4%26e%3D0c440aab2b&amp;source=gmail&amp;ust=1533859744269000&amp;usg=AFQjCNHY799Zd5S_mUgdMbe_aZks7HzhdQ\">Conjuntura do Transporte &#8211; Investimentos em Transporte Terrestre<\/a>, divulgado pela CNT (Confedera\u00e7\u00e3o Nacional do Transporte).<\/p>\n<p>Os investimentos privados em rodovias brasileiras totalizaram de R$ 6,7 bilh\u00f5es em 2017. O valor \u00e9 2,9% menor do que em 2016, quando foram investidos R$ 6,9 bilh\u00f5es.<\/p>\n<p>Com a queda em 2017, j\u00e1 s\u00e3o quatro anos consecutivos de redu\u00e7\u00e3o dos investimentos privados em infraestrutura rodovi\u00e1ria de transporte. Em 2012, que foi o melhor ano, os aportes privados somaram R$ 8,9 bilh\u00f5es.<\/p>\n<p>Os investimentos p\u00fablicos nas rodovias federais ca\u00edram ainda mais. Em 2017, o montante aportado pelo governo federal foi de R$ 7,98 bilh\u00f5es, 10% a menos do que os R$ 8,86 bilh\u00f5es investidos em 2016.<\/p>\n<p>Os valores incluem gastos com manuten\u00e7\u00e3o, recupera\u00e7\u00e3o e adequa\u00e7\u00e3o dos pavimentos, obras de arte, acessos rodovi\u00e1rios, pontes, viadutos, t\u00faneis, sistemas de monitora\u00e7\u00e3o e sinaliza\u00e7\u00e3o.<\/p>\n<p><strong>Falta de recursos<\/strong><br \/>\nA crise econ\u00f4mica e a recess\u00e3o de 2015 e 2016 justificam, em parte, segundo o estudo da CNT, a queda dos investimentos nas rodovias.<\/p>\n<p>A falta de recursos causou problemas financeiros para empresas que tiveram dificuldades para cumprir projetos, especialmente da 3\u00aa etapa do Programa Federal de Concess\u00f5es.<\/p>\n<p>No per\u00edodo em que deveriam promover a duplica\u00e7\u00e3o de trechos, ocorreram problemas como altera\u00e7\u00e3o das condi\u00e7\u00f5es de financiamento prometidas pelo governo federal na ocasi\u00e3o das licita\u00e7\u00f5es, dificuldades com licenciamento ambiental e aumento do pre\u00e7o do asfalto.<\/p>\n<p>A outra explica\u00e7\u00e3o para a redu\u00e7\u00e3o dos investimentos \u00e9 execu\u00e7\u00e3o do cronograma de investimentos das concess\u00f5es rodovi\u00e1rias, que em geral, envolvem ciclos de aportes pr\u00e9-determinados.<\/p>\n<p><strong>Ferrovias<\/strong><br \/>\nNo modal ferrovi\u00e1rio tamb\u00e9m houve redu\u00e7\u00e3o nos investimentos em 2017 &#8211; o segundo ano com queda. Os aportes privados nas ferrovias concessionadas, que incluem gastos com melhoria e recupera\u00e7\u00e3o da malha, compra e reforma de material rodante, somaram R$ 5,2 bilh\u00f5es. O montante \u00e9 11,9% inferior aos 5,9 bilh\u00f5es investidos em 2016.<\/p>\n<p>A queda de investimentos nas ferrovias p\u00fablicas administradas pela Valec foi mais brusca: 46,7%, de 2016 para 2017. Os aportes baixaram, no per\u00edodo, de R$ 1,2 bilh\u00f5es para R$ 644 milh\u00f5es.<\/p>\n<p>A maior parte dos recursos federais foi aplicada na constru\u00e7\u00e3o de trechos da Fiol (Ferrovia de Integra\u00e7\u00e3o Oeste-Leste), que recebeu 50,8% do montante, e da FNS (Ferrovia Norte-Sul), que ficou com 35,2%.<\/p>\n<p><strong>Cronograma\u00a0<\/strong><br \/>\nSegundo o levantamento da CNT, a queda dos investimentos nas ferrovias se deve execu\u00e7\u00e3o do cronograma de investimentos das concess\u00f5es ferrovi\u00e1rias, que envolvem ciclos de desembolsos pr\u00e9-determinados.<\/p>\n<p>No caso das ferrovias p\u00fablicas, as causas da queda de investimentos pela Valec se devem \u00e0 crise fiscal, que levou \u00e0 falta de recursos, e \u00e0 falta de planejamento financeiro.<\/p>\n<p><strong>Solu\u00e7\u00f5es<\/strong><br \/>\nUma das alternativas para retomada dos investimentos do setor rodovi\u00e1rio seria a reedi\u00e7\u00e3o da MP (Medida Provis\u00f3ria) 800, que caducou em fevereiro. Com a medida, seria poss\u00edvel alongar os prazos das obras nas rodovias para aumentar a capacidade de investimentos das concession\u00e1rias. Segundo o levantamento da CNT, a ABCR (Associa\u00e7\u00e3o Brasileira de Concession\u00e1ria de Rodovias) menciona que impasses legais estariam travando cerca de R$ 30 bilh\u00f5es em investimentos nas rodovias privadas.<\/p>\n<p>J\u00e1, no caso das ferrovias, a CNT avalia que a melhor solu\u00e7\u00e3o para estimular investimentos no setor seria a prorroga\u00e7\u00e3o antecipada dos contratos de concess\u00e3o feitos no final da d\u00e9cada de 1990. Segundo dados do boletim, a cada R$ 1 milh\u00e3o aplicado no setor, o retorno para a economia seria de R$ 3 milh\u00f5es.<\/p>\n<p>Segundo o estudo da CNT, tamb\u00e9m \u00a0\u00e9 fundamental o aumento dos investimentos p\u00fablicos, por parte do governo, na melhoria e amplia\u00e7\u00e3o das rodovias e ferrovias.<\/p>\n<\/div>\n","protected":false},"excerpt":{"rendered":"<p>Cl\u00e1udia Borges, da Ag\u00eancia iNFRA Crise econ\u00f4mica, recess\u00e3o, cronograma de obras, problemas fiscais e falta de planejamento financeiro levaram \u00e0 redu\u00e7\u00e3o dos investimentos p\u00fablicos e privados em rodovias e ferrovias nos anos de 2016 e 2017. Os dados est\u00e3o boletim\u00a0Conjuntura do Transporte &#8211; Investimentos em Transporte Terrestre, divulgado pela CNT (Confedera\u00e7\u00e3o Nacional do Transporte). Os [&hellip;]<\/p>\n","protected":false},"author":1,"featured_media":2282,"comment_status":"closed","ping_status":"open","sticky":false,"template":"","format":"standard","meta":{"_monsterinsights_skip_tracking":false,"_monsterinsights_sitenote_active":false,"_monsterinsights_sitenote_note":"","_monsterinsights_sitenote_category":0,"footnotes":""},"categories":[7],"tags":[127,22,120,156,540,126,160],"class_list":["post-2281","post","type-post","status-publish","format-standard","has-post-thumbnail","hentry","category-infratransporte","tag-cnt","tag-concessao","tag-ferrovias","tag-fiol","tag-modal-ferroviario","tag-rodovias","tag-valec"],"yoast_head":"<!-- This site is optimized with the Yoast SEO Premium plugin v25.4 (Yoast SEO v26.0) - https:\/\/yoast.com\/wordpress\/plugins\/seo\/ -->\n<title>Levantamento da CNT indica queda nos investimento em rodovias e ferrovias - Ag\u00eancia iNFRA<\/title>\n<meta name=\"robots\" content=\"index, follow, max-snippet:-1, max-image-preview:large, max-video-preview:-1\" \/>\n<link rel=\"canonical\" href=\"https:\/\/agenciainfra.com\/blog\/levantamento-da-cnt-indica-queda-nos-investimento-em-rodovias-e-ferrovias\/\" \/>\n<meta property=\"og:locale\" content=\"pt_BR\" \/>\n<meta property=\"og:type\" content=\"article\" \/>\n<meta property=\"og:title\" content=\"Levantamento da CNT indica queda nos investimento em rodovias e ferrovias\" \/>\n<meta property=\"og:description\" content=\"Cl\u00e1udia Borges, da Ag\u00eancia iNFRA Crise econ\u00f4mica, recess\u00e3o, cronograma de obras, problemas fiscais e falta de planejamento financeiro levaram \u00e0 redu\u00e7\u00e3o dos investimentos p\u00fablicos e privados em rodovias e ferrovias nos anos de 2016 e 2017. Os dados est\u00e3o boletim\u00a0Conjuntura do Transporte &#8211; Investimentos em Transporte Terrestre, divulgado pela CNT (Confedera\u00e7\u00e3o Nacional do Transporte). Os [&hellip;]\" \/>\n<meta property=\"og:url\" content=\"https:\/\/agenciainfra.com\/blog\/levantamento-da-cnt-indica-queda-nos-investimento-em-rodovias-e-ferrovias\/\" \/>\n<meta property=\"og:site_name\" content=\"Ag\u00eancia iNFRA\" \/>\n<meta property=\"article:publisher\" content=\"https:\/\/www.facebook.com\/ageninfra\" \/>\n<meta property=\"article:published_time\" content=\"2018-08-09T03:05:02+00:00\" \/>\n<meta property=\"og:image\" content=\"https:\/\/agenciainfra.com\/blog\/wp-content\/uploads\/2018\/08\/br290_divulgacao_concepa3.png\" \/>\n\t<meta property=\"og:image:width\" content=\"992\" \/>\n\t<meta property=\"og:image:height\" content=\"558\" \/>\n\t<meta property=\"og:image:type\" content=\"image\/png\" \/>\n<meta name=\"author\" content=\"Ag\u00eancia iNFRA\" \/>\n<meta name=\"twitter:card\" content=\"summary_large_image\" \/>\n<meta name=\"twitter:creator\" content=\"@agencia_infra\" \/>\n<meta name=\"twitter:site\" content=\"@agencia_infra\" \/>\n<meta name=\"twitter:label1\" content=\"Escrito por\" \/>\n\t<meta name=\"twitter:data1\" content=\"Ag\u00eancia iNFRA\" \/>\n\t<meta name=\"twitter:label2\" content=\"Est. tempo de leitura\" \/>\n\t<meta name=\"twitter:data2\" content=\"3 minutos\" \/>\n<script type=\"application\/ld+json\" class=\"yoast-schema-graph\">{\"@context\":\"https:\/\/schema.org\",\"@graph\":[{\"@type\":\"Article\",\"@id\":\"https:\/\/agenciainfra.com\/blog\/levantamento-da-cnt-indica-queda-nos-investimento-em-rodovias-e-ferrovias\/#article\",\"isPartOf\":{\"@id\":\"https:\/\/agenciainfra.com\/blog\/levantamento-da-cnt-indica-queda-nos-investimento-em-rodovias-e-ferrovias\/\"},\"author\":{\"name\":\"Ag\u00eancia iNFRA\",\"@id\":\"https:\/\/agenciainfra.com\/blog\/#\/schema\/person\/34af08dff6adea4cb22b06612ba7acfa\"},\"headline\":\"Levantamento da CNT indica queda nos investimento em rodovias e ferrovias\",\"datePublished\":\"2018-08-09T03:05:02+00:00\",\"mainEntityOfPage\":{\"@id\":\"https:\/\/agenciainfra.com\/blog\/levantamento-da-cnt-indica-queda-nos-investimento-em-rodovias-e-ferrovias\/\"},\"wordCount\":656,\"publisher\":{\"@id\":\"https:\/\/agenciainfra.com\/blog\/#organization\"},\"image\":{\"@id\":\"https:\/\/agenciainfra.com\/blog\/levantamento-da-cnt-indica-queda-nos-investimento-em-rodovias-e-ferrovias\/#primaryimage\"},\"thumbnailUrl\":\"https:\/\/agenciainfra.com\/blog\/wp-content\/uploads\/2018\/08\/br290_divulgacao_concepa3.png\",\"keywords\":[\"CNT\",\"Concess\u00e3o\",\"Ferrovias\",\"FIOL\",\"modal ferrovi\u00e1rio\",\"rodovias\",\"Valec\"],\"articleSection\":[\"iNFRATransporte\"],\"inLanguage\":\"pt-BR\",\"copyrightYear\":\"2018\",\"copyrightHolder\":{\"@id\":\"https:\/\/agenciainfra.com\/blog\/#organization\"}},{\"@type\":\"WebPage\",\"@id\":\"https:\/\/agenciainfra.com\/blog\/levantamento-da-cnt-indica-queda-nos-investimento-em-rodovias-e-ferrovias\/\",\"url\":\"https:\/\/agenciainfra.com\/blog\/levantamento-da-cnt-indica-queda-nos-investimento-em-rodovias-e-ferrovias\/\",\"name\":\"Levantamento da CNT indica queda nos investimento em rodovias e ferrovias - Ag\u00eancia iNFRA\",\"isPartOf\":{\"@id\":\"https:\/\/agenciainfra.com\/blog\/#website\"},\"primaryImageOfPage\":{\"@id\":\"https:\/\/agenciainfra.com\/blog\/levantamento-da-cnt-indica-queda-nos-investimento-em-rodovias-e-ferrovias\/#primaryimage\"},\"image\":{\"@id\":\"https:\/\/agenciainfra.com\/blog\/levantamento-da-cnt-indica-queda-nos-investimento-em-rodovias-e-ferrovias\/#primaryimage\"},\"thumbnailUrl\":\"https:\/\/agenciainfra.com\/blog\/wp-content\/uploads\/2018\/08\/br290_divulgacao_concepa3.png\",\"datePublished\":\"2018-08-09T03:05:02+00:00\",\"breadcrumb\":{\"@id\":\"https:\/\/agenciainfra.com\/blog\/levantamento-da-cnt-indica-queda-nos-investimento-em-rodovias-e-ferrovias\/#breadcrumb\"},\"inLanguage\":\"pt-BR\",\"potentialAction\":[{\"@type\":\"ReadAction\",\"target\":[\"https:\/\/agenciainfra.com\/blog\/levantamento-da-cnt-indica-queda-nos-investimento-em-rodovias-e-ferrovias\/\"]}]},{\"@type\":\"ImageObject\",\"inLanguage\":\"pt-BR\",\"@id\":\"https:\/\/agenciainfra.com\/blog\/levantamento-da-cnt-indica-queda-nos-investimento-em-rodovias-e-ferrovias\/#primaryimage\",\"url\":\"https:\/\/agenciainfra.com\/blog\/wp-content\/uploads\/2018\/08\/br290_divulgacao_concepa3.png\",\"contentUrl\":\"https:\/\/agenciainfra.com\/blog\/wp-content\/uploads\/2018\/08\/br290_divulgacao_concepa3.png\",\"width\":992,\"height\":558},{\"@type\":\"BreadcrumbList\",\"@id\":\"https:\/\/agenciainfra.com\/blog\/levantamento-da-cnt-indica-queda-nos-investimento-em-rodovias-e-ferrovias\/#breadcrumb\",\"itemListElement\":[{\"@type\":\"ListItem\",\"position\":1,\"name\":\"In\u00edcio\",\"item\":\"https:\/\/agenciainfra.com\/blog\/\"},{\"@type\":\"ListItem\",\"position\":2,\"name\":\"Levantamento da CNT indica queda nos investimento em rodovias e ferrovias\"}]},{\"@type\":\"WebSite\",\"@id\":\"https:\/\/agenciainfra.com\/blog\/#website\",\"url\":\"https:\/\/agenciainfra.com\/blog\/\",\"name\":\"Ag\u00eancia iNFRA\",\"description\":\"Multiplataforma de informa\u00e7\u00e3o jornal\u00edstica refer\u00eancia na \u00e1rea de infraestrutura no Brasil!\",\"publisher\":{\"@id\":\"https:\/\/agenciainfra.com\/blog\/#organization\"},\"potentialAction\":[{\"@type\":\"SearchAction\",\"target\":{\"@type\":\"EntryPoint\",\"urlTemplate\":\"https:\/\/agenciainfra.com\/blog\/?s={search_term_string}\"},\"query-input\":{\"@type\":\"PropertyValueSpecification\",\"valueRequired\":true,\"valueName\":\"search_term_string\"}}],\"inLanguage\":\"pt-BR\"},{\"@type\":\"Organization\",\"@id\":\"https:\/\/agenciainfra.com\/blog\/#organization\",\"name\":\"Ag\u00eancia iNFRA\",\"url\":\"https:\/\/agenciainfra.com\/blog\/\",\"logo\":{\"@type\":\"ImageObject\",\"inLanguage\":\"pt-BR\",\"@id\":\"https:\/\/agenciainfra.com\/blog\/#\/schema\/logo\/image\/\",\"url\":\"https:\/\/agenciainfra.com\/blog\/wp-content\/uploads\/2023\/09\/iNFRA_5-e1761735885940.png\",\"contentUrl\":\"https:\/\/agenciainfra.com\/blog\/wp-content\/uploads\/2023\/09\/iNFRA_5-e1761735885940.png\",\"width\":1672,\"height\":454,\"caption\":\"Ag\u00eancia iNFRA\"},\"image\":{\"@id\":\"https:\/\/agenciainfra.com\/blog\/#\/schema\/logo\/image\/\"},\"sameAs\":[\"https:\/\/www.facebook.com\/ageninfra\",\"https:\/\/x.com\/agencia_infra\",\"https:\/\/www.linkedin.com\/company\/ag\u00eanciainfra\/\",\"https:\/\/www.instagram.com\/agenciainfra\/\"]},{\"@type\":\"Person\",\"@id\":\"https:\/\/agenciainfra.com\/blog\/#\/schema\/person\/34af08dff6adea4cb22b06612ba7acfa\",\"name\":\"Ag\u00eancia iNFRA\",\"image\":{\"@type\":\"ImageObject\",\"inLanguage\":\"pt-BR\",\"@id\":\"https:\/\/agenciainfra.com\/blog\/#\/schema\/person\/image\/\",\"url\":\"https:\/\/secure.gravatar.com\/avatar\/d189e01678f06d8eb84d4e01f08eb848b3fffe3f8443818d3c356c66892f5be8?s=96&d=mm&r=g\",\"contentUrl\":\"https:\/\/secure.gravatar.com\/avatar\/d189e01678f06d8eb84d4e01f08eb848b3fffe3f8443818d3c356c66892f5be8?s=96&d=mm&r=g\",\"caption\":\"Ag\u00eancia iNFRA\"},\"url\":\"https:\/\/agenciainfra.com\/blog\/author\/admin\/\"}]}<\/script>\n<!-- \/ Yoast SEO Premium plugin. -->","yoast_head_json":{"title":"Levantamento da CNT indica queda nos investimento em rodovias e ferrovias - Ag\u00eancia iNFRA","robots":{"index":"index","follow":"follow","max-snippet":"max-snippet:-1","max-image-preview":"max-image-preview:large","max-video-preview":"max-video-preview:-1"},"canonical":"https:\/\/agenciainfra.com\/blog\/levantamento-da-cnt-indica-queda-nos-investimento-em-rodovias-e-ferrovias\/","og_locale":"pt_BR","og_type":"article","og_title":"Levantamento da CNT indica queda nos investimento em rodovias e ferrovias","og_description":"Cl\u00e1udia Borges, da Ag\u00eancia iNFRA Crise econ\u00f4mica, recess\u00e3o, cronograma de obras, problemas fiscais e falta de planejamento financeiro levaram \u00e0 redu\u00e7\u00e3o dos investimentos p\u00fablicos e privados em rodovias e ferrovias nos anos de 2016 e 2017. Os dados est\u00e3o boletim\u00a0Conjuntura do Transporte &#8211; Investimentos em Transporte Terrestre, divulgado pela CNT (Confedera\u00e7\u00e3o Nacional do Transporte). Os [&hellip;]","og_url":"https:\/\/agenciainfra.com\/blog\/levantamento-da-cnt-indica-queda-nos-investimento-em-rodovias-e-ferrovias\/","og_site_name":"Ag\u00eancia iNFRA","article_publisher":"https:\/\/www.facebook.com\/ageninfra","article_published_time":"2018-08-09T03:05:02+00:00","og_image":[{"width":992,"height":558,"url":"https:\/\/agenciainfra.com\/blog\/wp-content\/uploads\/2018\/08\/br290_divulgacao_concepa3.png","type":"image\/png"}],"author":"Ag\u00eancia iNFRA","twitter_card":"summary_large_image","twitter_creator":"@agencia_infra","twitter_site":"@agencia_infra","twitter_misc":{"Escrito por":"Ag\u00eancia iNFRA","Est. tempo de leitura":"3 minutos"},"schema":{"@context":"https:\/\/schema.org","@graph":[{"@type":"Article","@id":"https:\/\/agenciainfra.com\/blog\/levantamento-da-cnt-indica-queda-nos-investimento-em-rodovias-e-ferrovias\/#article","isPartOf":{"@id":"https:\/\/agenciainfra.com\/blog\/levantamento-da-cnt-indica-queda-nos-investimento-em-rodovias-e-ferrovias\/"},"author":{"name":"Ag\u00eancia iNFRA","@id":"https:\/\/agenciainfra.com\/blog\/#\/schema\/person\/34af08dff6adea4cb22b06612ba7acfa"},"headline":"Levantamento da CNT indica queda nos investimento em rodovias e ferrovias","datePublished":"2018-08-09T03:05:02+00:00","mainEntityOfPage":{"@id":"https:\/\/agenciainfra.com\/blog\/levantamento-da-cnt-indica-queda-nos-investimento-em-rodovias-e-ferrovias\/"},"wordCount":656,"publisher":{"@id":"https:\/\/agenciainfra.com\/blog\/#organization"},"image":{"@id":"https:\/\/agenciainfra.com\/blog\/levantamento-da-cnt-indica-queda-nos-investimento-em-rodovias-e-ferrovias\/#primaryimage"},"thumbnailUrl":"https:\/\/agenciainfra.com\/blog\/wp-content\/uploads\/2018\/08\/br290_divulgacao_concepa3.png","keywords":["CNT","Concess\u00e3o","Ferrovias","FIOL","modal ferrovi\u00e1rio","rodovias","Valec"],"articleSection":["iNFRATransporte"],"inLanguage":"pt-BR","copyrightYear":"2018","copyrightHolder":{"@id":"https:\/\/agenciainfra.com\/blog\/#organization"}},{"@type":"WebPage","@id":"https:\/\/agenciainfra.com\/blog\/levantamento-da-cnt-indica-queda-nos-investimento-em-rodovias-e-ferrovias\/","url":"https:\/\/agenciainfra.com\/blog\/levantamento-da-cnt-indica-queda-nos-investimento-em-rodovias-e-ferrovias\/","name":"Levantamento da CNT indica queda nos investimento em rodovias e ferrovias - Ag\u00eancia iNFRA","isPartOf":{"@id":"https:\/\/agenciainfra.com\/blog\/#website"},"primaryImageOfPage":{"@id":"https:\/\/agenciainfra.com\/blog\/levantamento-da-cnt-indica-queda-nos-investimento-em-rodovias-e-ferrovias\/#primaryimage"},"image":{"@id":"https:\/\/agenciainfra.com\/blog\/levantamento-da-cnt-indica-queda-nos-investimento-em-rodovias-e-ferrovias\/#primaryimage"},"thumbnailUrl":"https:\/\/agenciainfra.com\/blog\/wp-content\/uploads\/2018\/08\/br290_divulgacao_concepa3.png","datePublished":"2018-08-09T03:05:02+00:00","breadcrumb":{"@id":"https:\/\/agenciainfra.com\/blog\/levantamento-da-cnt-indica-queda-nos-investimento-em-rodovias-e-ferrovias\/#breadcrumb"},"inLanguage":"pt-BR","potentialAction":[{"@type":"ReadAction","target":["https:\/\/agenciainfra.com\/blog\/levantamento-da-cnt-indica-queda-nos-investimento-em-rodovias-e-ferrovias\/"]}]},{"@type":"ImageObject","inLanguage":"pt-BR","@id":"https:\/\/agenciainfra.com\/blog\/levantamento-da-cnt-indica-queda-nos-investimento-em-rodovias-e-ferrovias\/#primaryimage","url":"https:\/\/agenciainfra.com\/blog\/wp-content\/uploads\/2018\/08\/br290_divulgacao_concepa3.png","contentUrl":"https:\/\/agenciainfra.com\/blog\/wp-content\/uploads\/2018\/08\/br290_divulgacao_concepa3.png","width":992,"height":558},{"@type":"BreadcrumbList","@id":"https:\/\/agenciainfra.com\/blog\/levantamento-da-cnt-indica-queda-nos-investimento-em-rodovias-e-ferrovias\/#breadcrumb","itemListElement":[{"@type":"ListItem","position":1,"name":"In\u00edcio","item":"https:\/\/agenciainfra.com\/blog\/"},{"@type":"ListItem","position":2,"name":"Levantamento da CNT indica queda nos investimento em rodovias e ferrovias"}]},{"@type":"WebSite","@id":"https:\/\/agenciainfra.com\/blog\/#website","url":"https:\/\/agenciainfra.com\/blog\/","name":"Ag\u00eancia iNFRA","description":"Multiplataforma de informa\u00e7\u00e3o jornal\u00edstica refer\u00eancia na \u00e1rea de infraestrutura no Brasil!","publisher":{"@id":"https:\/\/agenciainfra.com\/blog\/#organization"},"potentialAction":[{"@type":"SearchAction","target":{"@type":"EntryPoint","urlTemplate":"https:\/\/agenciainfra.com\/blog\/?s={search_term_string}"},"query-input":{"@type":"PropertyValueSpecification","valueRequired":true,"valueName":"search_term_string"}}],"inLanguage":"pt-BR"},{"@type":"Organization","@id":"https:\/\/agenciainfra.com\/blog\/#organization","name":"Ag\u00eancia iNFRA","url":"https:\/\/agenciainfra.com\/blog\/","logo":{"@type":"ImageObject","inLanguage":"pt-BR","@id":"https:\/\/agenciainfra.com\/blog\/#\/schema\/logo\/image\/","url":"https:\/\/agenciainfra.com\/blog\/wp-content\/uploads\/2023\/09\/iNFRA_5-e1761735885940.png","contentUrl":"https:\/\/agenciainfra.com\/blog\/wp-content\/uploads\/2023\/09\/iNFRA_5-e1761735885940.png","width":1672,"height":454,"caption":"Ag\u00eancia iNFRA"},"image":{"@id":"https:\/\/agenciainfra.com\/blog\/#\/schema\/logo\/image\/"},"sameAs":["https:\/\/www.facebook.com\/ageninfra","https:\/\/x.com\/agencia_infra","https:\/\/www.linkedin.com\/company\/ag\u00eanciainfra\/","https:\/\/www.instagram.com\/agenciainfra\/"]},{"@type":"Person","@id":"https:\/\/agenciainfra.com\/blog\/#\/schema\/person\/34af08dff6adea4cb22b06612ba7acfa","name":"Ag\u00eancia iNFRA","image":{"@type":"ImageObject","inLanguage":"pt-BR","@id":"https:\/\/agenciainfra.com\/blog\/#\/schema\/person\/image\/","url":"https:\/\/secure.gravatar.com\/avatar\/d189e01678f06d8eb84d4e01f08eb848b3fffe3f8443818d3c356c66892f5be8?s=96&d=mm&r=g","contentUrl":"https:\/\/secure.gravatar.com\/avatar\/d189e01678f06d8eb84d4e01f08eb848b3fffe3f8443818d3c356c66892f5be8?s=96&d=mm&r=g","caption":"Ag\u00eancia iNFRA"},"url":"https:\/\/agenciainfra.com\/blog\/author\/admin\/"}]}},"_links":{"self":[{"href":"https:\/\/agenciainfra.com\/blog\/wp-json\/wp\/v2\/posts\/2281","targetHints":{"allow":["GET"]}}],"collection":[{"href":"https:\/\/agenciainfra.com\/blog\/wp-json\/wp\/v2\/posts"}],"about":[{"href":"https:\/\/agenciainfra.com\/blog\/wp-json\/wp\/v2\/types\/post"}],"author":[{"embeddable":true,"href":"https:\/\/agenciainfra.com\/blog\/wp-json\/wp\/v2\/users\/1"}],"replies":[{"embeddable":true,"href":"https:\/\/agenciainfra.com\/blog\/wp-json\/wp\/v2\/comments?post=2281"}],"version-history":[{"count":0,"href":"https:\/\/agenciainfra.com\/blog\/wp-json\/wp\/v2\/posts\/2281\/revisions"}],"wp:featuredmedia":[{"embeddable":true,"href":"https:\/\/agenciainfra.com\/blog\/wp-json\/wp\/v2\/media\/2282"}],"wp:attachment":[{"href":"https:\/\/agenciainfra.com\/blog\/wp-json\/wp\/v2\/media?parent=2281"}],"wp:term":[{"taxonomy":"category","embeddable":true,"href":"https:\/\/agenciainfra.com\/blog\/wp-json\/wp\/v2\/categories?post=2281"},{"taxonomy":"post_tag","embeddable":true,"href":"https:\/\/agenciainfra.com\/blog\/wp-json\/wp\/v2\/tags?post=2281"}],"curies":[{"name":"wp","href":"https:\/\/api.w.org\/{rel}","templated":true}]}}