{"id":22818,"date":"2025-06-12T13:45:15","date_gmt":"2025-06-12T16:45:15","guid":{"rendered":"https:\/\/agenciainfra.com\/blog\/?p=22818"},"modified":"2025-06-13T15:13:42","modified_gmt":"2025-06-13T18:13:42","slug":"ministro-silveira-diz-que-novo-vale-gas-deve-ser-implementado-a-partir-de-setembro","status":"publish","type":"post","link":"https:\/\/agenciainfra.com\/blog\/ministro-silveira-diz-que-novo-vale-gas-deve-ser-implementado-a-partir-de-setembro\/","title":{"rendered":"Ministro Silveira diz que novo vale-g\u00e1s deve ser implementado a partir de setembro"},"content":{"rendered":"\n<p class=\"has-text-align-right\"><strong>Geraldo Campos Jr., da Ag\u00eancia iNFRA<\/strong><\/p>\n\n\n\n<p>O ministro de Minas e Energia, Alexandre Silveira, anunciou nesta quinta-feira (12) que o novo vale-g\u00e1s ser\u00e1 implementado a partir de setembro. A amplia\u00e7\u00e3o do programa havia sido anunciada em 2024.<\/p>\n\n\n\n<p>\u201cHoje 5,6 milh\u00f5es recebem o aux\u00edlio g\u00e1s. At\u00e9 dezembro de 2027, e come\u00e7ando em setembro deste ano, n\u00f3s entregaremos 20 milh\u00f5es de botij\u00f5es de g\u00e1s para as fam\u00edlias que necessitam do g\u00e1s de cozinha atrav\u00e9s do G\u00e1s para Todos\u201d, disse Silveira durante evento com o presidente Lula em Mariana (MG).<\/p>\n\n\n\n<p>Segundo fontes, a MP (Medida Provis\u00f3ria) que est\u00e1 sendo preparada pelo minist\u00e9rio para viabilizar o programa deve ser publicada ainda neste m\u00eas de junho. A inten\u00e7\u00e3o do governo com a nova MP \u00e9 solucionar o problema dos recursos de fora do Or\u00e7amento, ap\u00f3s sinaliza\u00e7\u00e3o do TCU (Tribunal de Contas da Uni\u00e3o) de que a opera\u00e7\u00e3o n\u00e3o seria permitida.<\/p>\n","protected":false},"excerpt":{"rendered":"<p>Geraldo Campos Jr., da Ag\u00eancia iNFRA O ministro de Minas e Energia, Alexandre Silveira, anunciou nesta quinta-feira (12) que o novo vale-g\u00e1s ser\u00e1 implementado a partir de setembro. A amplia\u00e7\u00e3o do programa havia sido anunciada em 2024. \u201cHoje 5,6 milh\u00f5es recebem o aux\u00edlio g\u00e1s. At\u00e9 dezembro de 2027, e come\u00e7ando em setembro deste ano, n\u00f3s [&hellip;]<\/p>\n","protected":false},"author":1,"featured_media":22826,"comment_status":"closed","ping_status":"closed","sticky":false,"template":"","format":"standard","meta":{"_monsterinsights_skip_tracking":false,"_monsterinsights_sitenote_active":false,"_monsterinsights_sitenote_note":"","_monsterinsights_sitenote_category":0,"footnotes":""},"categories":[7250,1,10],"tags":[6040,13462,11594,580,96,18,927,13747],"class_list":["post-22818","post","type-post","status-publish","format-standard","has-post-thumbnail","hentry","category-destaque-lista","category-geral","category-infraenergia","tag-alexandre-silveira","tag-gas-para-todos","tag-geraldo-campos-jr","tag-lula","tag-ministerio-de-minas-e-energia","tag-tcu","tag-tribunal-de-contas-da-uniao","tag-vale-gas-2"],"yoast_head":"<!-- This site is optimized with the Yoast SEO Premium plugin v25.4 (Yoast SEO v26.0) - https:\/\/yoast.com\/wordpress\/plugins\/seo\/ -->\n<title>Ministro Silveira diz que novo vale-g\u00e1s deve ser implementado a partir de setembro - Ag\u00eancia iNFRA<\/title>\n<meta name=\"robots\" content=\"index, follow, max-snippet:-1, max-image-preview:large, max-video-preview:-1\" \/>\n<link rel=\"canonical\" href=\"https:\/\/agenciainfra.com\/blog\/ministro-silveira-diz-que-novo-vale-gas-deve-ser-implementado-a-partir-de-setembro\/\" \/>\n<meta property=\"og:locale\" content=\"pt_BR\" \/>\n<meta property=\"og:type\" content=\"article\" \/>\n<meta property=\"og:title\" content=\"Ministro Silveira diz que novo vale-g\u00e1s deve ser implementado a partir de setembro\" \/>\n<meta property=\"og:description\" content=\"Geraldo Campos Jr., da Ag\u00eancia iNFRA O ministro de Minas e Energia, Alexandre Silveira, anunciou nesta quinta-feira (12) que o novo vale-g\u00e1s ser\u00e1 implementado a partir de setembro. A amplia\u00e7\u00e3o do programa havia sido anunciada em 2024. \u201cHoje 5,6 milh\u00f5es recebem o aux\u00edlio g\u00e1s. At\u00e9 dezembro de 2027, e come\u00e7ando em setembro deste ano, n\u00f3s [&hellip;]\" \/>\n<meta property=\"og:url\" content=\"https:\/\/agenciainfra.com\/blog\/ministro-silveira-diz-que-novo-vale-gas-deve-ser-implementado-a-partir-de-setembro\/\" \/>\n<meta property=\"og:site_name\" content=\"Ag\u00eancia iNFRA\" \/>\n<meta property=\"article:publisher\" content=\"https:\/\/www.facebook.com\/ageninfra\" \/>\n<meta property=\"article:published_time\" content=\"2025-06-12T16:45:15+00:00\" \/>\n<meta property=\"article:modified_time\" content=\"2025-06-13T18:13:42+00:00\" \/>\n<meta property=\"og:image\" content=\"https:\/\/agenciainfra.com\/blog\/wp-content\/uploads\/2025\/06\/alexandre-silveira-foto-tauan-alencar-mme.jpg\" \/>\n\t<meta property=\"og:image:width\" content=\"1280\" \/>\n\t<meta property=\"og:image:height\" content=\"853\" \/>\n\t<meta property=\"og:image:type\" content=\"image\/jpeg\" \/>\n<meta name=\"author\" content=\"Ag\u00eancia iNFRA\" \/>\n<meta name=\"twitter:card\" content=\"summary_large_image\" \/>\n<meta name=\"twitter:creator\" content=\"@agencia_infra\" \/>\n<meta name=\"twitter:site\" content=\"@agencia_infra\" \/>\n<meta name=\"twitter:label1\" content=\"Escrito por\" \/>\n\t<meta name=\"twitter:data1\" content=\"Ag\u00eancia iNFRA\" \/>\n\t<meta name=\"twitter:label2\" content=\"Est. tempo de leitura\" \/>\n\t<meta name=\"twitter:data2\" content=\"1 minuto\" \/>\n<script type=\"application\/ld+json\" class=\"yoast-schema-graph\">{\"@context\":\"https:\/\/schema.org\",\"@graph\":[{\"@type\":\"Article\",\"@id\":\"https:\/\/agenciainfra.com\/blog\/ministro-silveira-diz-que-novo-vale-gas-deve-ser-implementado-a-partir-de-setembro\/#article\",\"isPartOf\":{\"@id\":\"https:\/\/agenciainfra.com\/blog\/ministro-silveira-diz-que-novo-vale-gas-deve-ser-implementado-a-partir-de-setembro\/\"},\"author\":{\"name\":\"Ag\u00eancia iNFRA\",\"@id\":\"https:\/\/agenciainfra.com\/blog\/#\/schema\/person\/34af08dff6adea4cb22b06612ba7acfa\"},\"headline\":\"Ministro Silveira diz que novo vale-g\u00e1s deve ser implementado a partir de setembro\",\"datePublished\":\"2025-06-12T16:45:15+00:00\",\"dateModified\":\"2025-06-13T18:13:42+00:00\",\"mainEntityOfPage\":{\"@id\":\"https:\/\/agenciainfra.com\/blog\/ministro-silveira-diz-que-novo-vale-gas-deve-ser-implementado-a-partir-de-setembro\/\"},\"wordCount\":178,\"publisher\":{\"@id\":\"https:\/\/agenciainfra.com\/blog\/#organization\"},\"image\":{\"@id\":\"https:\/\/agenciainfra.com\/blog\/ministro-silveira-diz-que-novo-vale-gas-deve-ser-implementado-a-partir-de-setembro\/#primaryimage\"},\"thumbnailUrl\":\"https:\/\/agenciainfra.com\/blog\/wp-content\/uploads\/2025\/06\/alexandre-silveira-foto-tauan-alencar-mme.jpg\",\"keywords\":[\"Alexandre Silveira\",\"g\u00e1s para todos\",\"Geraldo Campos Jr.\",\"Lula\",\"Minist\u00e9rio de Minas e Energia\",\"TCU\",\"Tribunal de Contas da Uni\u00e3o\",\"vale-g\u00e1s\"],\"articleSection\":[\"Destaque lista\",\"Geral\",\"iNFRAEnergia\"],\"inLanguage\":\"pt-BR\",\"copyrightYear\":\"2025\",\"copyrightHolder\":{\"@id\":\"https:\/\/agenciainfra.com\/blog\/#organization\"}},{\"@type\":\"WebPage\",\"@id\":\"https:\/\/agenciainfra.com\/blog\/ministro-silveira-diz-que-novo-vale-gas-deve-ser-implementado-a-partir-de-setembro\/\",\"url\":\"https:\/\/agenciainfra.com\/blog\/ministro-silveira-diz-que-novo-vale-gas-deve-ser-implementado-a-partir-de-setembro\/\",\"name\":\"Ministro Silveira diz que novo vale-g\u00e1s deve ser implementado a partir de setembro - Ag\u00eancia iNFRA\",\"isPartOf\":{\"@id\":\"https:\/\/agenciainfra.com\/blog\/#website\"},\"primaryImageOfPage\":{\"@id\":\"https:\/\/agenciainfra.com\/blog\/ministro-silveira-diz-que-novo-vale-gas-deve-ser-implementado-a-partir-de-setembro\/#primaryimage\"},\"image\":{\"@id\":\"https:\/\/agenciainfra.com\/blog\/ministro-silveira-diz-que-novo-vale-gas-deve-ser-implementado-a-partir-de-setembro\/#primaryimage\"},\"thumbnailUrl\":\"https:\/\/agenciainfra.com\/blog\/wp-content\/uploads\/2025\/06\/alexandre-silveira-foto-tauan-alencar-mme.jpg\",\"datePublished\":\"2025-06-12T16:45:15+00:00\",\"dateModified\":\"2025-06-13T18:13:42+00:00\",\"breadcrumb\":{\"@id\":\"https:\/\/agenciainfra.com\/blog\/ministro-silveira-diz-que-novo-vale-gas-deve-ser-implementado-a-partir-de-setembro\/#breadcrumb\"},\"inLanguage\":\"pt-BR\",\"potentialAction\":[{\"@type\":\"ReadAction\",\"target\":[\"https:\/\/agenciainfra.com\/blog\/ministro-silveira-diz-que-novo-vale-gas-deve-ser-implementado-a-partir-de-setembro\/\"]}]},{\"@type\":\"ImageObject\",\"inLanguage\":\"pt-BR\",\"@id\":\"https:\/\/agenciainfra.com\/blog\/ministro-silveira-diz-que-novo-vale-gas-deve-ser-implementado-a-partir-de-setembro\/#primaryimage\",\"url\":\"https:\/\/agenciainfra.com\/blog\/wp-content\/uploads\/2025\/06\/alexandre-silveira-foto-tauan-alencar-mme.jpg\",\"contentUrl\":\"https:\/\/agenciainfra.com\/blog\/wp-content\/uploads\/2025\/06\/alexandre-silveira-foto-tauan-alencar-mme.jpg\",\"width\":1280,\"height\":853,\"caption\":\"Foto: Tauan Alencar\/Minist\u00e9rio de Minas e Energia\"},{\"@type\":\"BreadcrumbList\",\"@id\":\"https:\/\/agenciainfra.com\/blog\/ministro-silveira-diz-que-novo-vale-gas-deve-ser-implementado-a-partir-de-setembro\/#breadcrumb\",\"itemListElement\":[{\"@type\":\"ListItem\",\"position\":1,\"name\":\"In\u00edcio\",\"item\":\"https:\/\/agenciainfra.com\/blog\/\"},{\"@type\":\"ListItem\",\"position\":2,\"name\":\"Ministro Silveira diz que novo vale-g\u00e1s deve ser implementado a partir de setembro\"}]},{\"@type\":\"WebSite\",\"@id\":\"https:\/\/agenciainfra.com\/blog\/#website\",\"url\":\"https:\/\/agenciainfra.com\/blog\/\",\"name\":\"Ag\u00eancia iNFRA\",\"description\":\"Multiplataforma de informa\u00e7\u00e3o jornal\u00edstica refer\u00eancia na \u00e1rea de infraestrutura no Brasil!\",\"publisher\":{\"@id\":\"https:\/\/agenciainfra.com\/blog\/#organization\"},\"potentialAction\":[{\"@type\":\"SearchAction\",\"target\":{\"@type\":\"EntryPoint\",\"urlTemplate\":\"https:\/\/agenciainfra.com\/blog\/?s={search_term_string}\"},\"query-input\":{\"@type\":\"PropertyValueSpecification\",\"valueRequired\":true,\"valueName\":\"search_term_string\"}}],\"inLanguage\":\"pt-BR\"},{\"@type\":\"Organization\",\"@id\":\"https:\/\/agenciainfra.com\/blog\/#organization\",\"name\":\"Ag\u00eancia iNFRA\",\"url\":\"https:\/\/agenciainfra.com\/blog\/\",\"logo\":{\"@type\":\"ImageObject\",\"inLanguage\":\"pt-BR\",\"@id\":\"https:\/\/agenciainfra.com\/blog\/#\/schema\/logo\/image\/\",\"url\":\"https:\/\/agenciainfra.com\/blog\/wp-content\/uploads\/2023\/09\/iNFRA_5-e1761735885940.png\",\"contentUrl\":\"https:\/\/agenciainfra.com\/blog\/wp-content\/uploads\/2023\/09\/iNFRA_5-e1761735885940.png\",\"width\":1672,\"height\":454,\"caption\":\"Ag\u00eancia iNFRA\"},\"image\":{\"@id\":\"https:\/\/agenciainfra.com\/blog\/#\/schema\/logo\/image\/\"},\"sameAs\":[\"https:\/\/www.facebook.com\/ageninfra\",\"https:\/\/x.com\/agencia_infra\",\"https:\/\/www.linkedin.com\/company\/ag\u00eanciainfra\/\",\"https:\/\/www.instagram.com\/agenciainfra\/\"]},{\"@type\":\"Person\",\"@id\":\"https:\/\/agenciainfra.com\/blog\/#\/schema\/person\/34af08dff6adea4cb22b06612ba7acfa\",\"name\":\"Ag\u00eancia iNFRA\",\"image\":{\"@type\":\"ImageObject\",\"inLanguage\":\"pt-BR\",\"@id\":\"https:\/\/agenciainfra.com\/blog\/#\/schema\/person\/image\/\",\"url\":\"https:\/\/secure.gravatar.com\/avatar\/d189e01678f06d8eb84d4e01f08eb848b3fffe3f8443818d3c356c66892f5be8?s=96&d=mm&r=g\",\"contentUrl\":\"https:\/\/secure.gravatar.com\/avatar\/d189e01678f06d8eb84d4e01f08eb848b3fffe3f8443818d3c356c66892f5be8?s=96&d=mm&r=g\",\"caption\":\"Ag\u00eancia iNFRA\"},\"url\":\"https:\/\/agenciainfra.com\/blog\/author\/admin\/\"}]}<\/script>\n<!-- \/ Yoast SEO Premium plugin. -->","yoast_head_json":{"title":"Ministro Silveira diz que novo vale-g\u00e1s deve ser implementado a partir de setembro - Ag\u00eancia iNFRA","robots":{"index":"index","follow":"follow","max-snippet":"max-snippet:-1","max-image-preview":"max-image-preview:large","max-video-preview":"max-video-preview:-1"},"canonical":"https:\/\/agenciainfra.com\/blog\/ministro-silveira-diz-que-novo-vale-gas-deve-ser-implementado-a-partir-de-setembro\/","og_locale":"pt_BR","og_type":"article","og_title":"Ministro Silveira diz que novo vale-g\u00e1s deve ser implementado a partir de setembro","og_description":"Geraldo Campos Jr., da Ag\u00eancia iNFRA O ministro de Minas e Energia, Alexandre Silveira, anunciou nesta quinta-feira (12) que o novo vale-g\u00e1s ser\u00e1 implementado a partir de setembro. A amplia\u00e7\u00e3o do programa havia sido anunciada em 2024. \u201cHoje 5,6 milh\u00f5es recebem o aux\u00edlio g\u00e1s. At\u00e9 dezembro de 2027, e come\u00e7ando em setembro deste ano, n\u00f3s [&hellip;]","og_url":"https:\/\/agenciainfra.com\/blog\/ministro-silveira-diz-que-novo-vale-gas-deve-ser-implementado-a-partir-de-setembro\/","og_site_name":"Ag\u00eancia iNFRA","article_publisher":"https:\/\/www.facebook.com\/ageninfra","article_published_time":"2025-06-12T16:45:15+00:00","article_modified_time":"2025-06-13T18:13:42+00:00","og_image":[{"width":1280,"height":853,"url":"https:\/\/agenciainfra.com\/blog\/wp-content\/uploads\/2025\/06\/alexandre-silveira-foto-tauan-alencar-mme.jpg","type":"image\/jpeg"}],"author":"Ag\u00eancia iNFRA","twitter_card":"summary_large_image","twitter_creator":"@agencia_infra","twitter_site":"@agencia_infra","twitter_misc":{"Escrito por":"Ag\u00eancia iNFRA","Est. tempo de leitura":"1 minuto"},"schema":{"@context":"https:\/\/schema.org","@graph":[{"@type":"Article","@id":"https:\/\/agenciainfra.com\/blog\/ministro-silveira-diz-que-novo-vale-gas-deve-ser-implementado-a-partir-de-setembro\/#article","isPartOf":{"@id":"https:\/\/agenciainfra.com\/blog\/ministro-silveira-diz-que-novo-vale-gas-deve-ser-implementado-a-partir-de-setembro\/"},"author":{"name":"Ag\u00eancia iNFRA","@id":"https:\/\/agenciainfra.com\/blog\/#\/schema\/person\/34af08dff6adea4cb22b06612ba7acfa"},"headline":"Ministro Silveira diz que novo vale-g\u00e1s deve ser implementado a partir de setembro","datePublished":"2025-06-12T16:45:15+00:00","dateModified":"2025-06-13T18:13:42+00:00","mainEntityOfPage":{"@id":"https:\/\/agenciainfra.com\/blog\/ministro-silveira-diz-que-novo-vale-gas-deve-ser-implementado-a-partir-de-setembro\/"},"wordCount":178,"publisher":{"@id":"https:\/\/agenciainfra.com\/blog\/#organization"},"image":{"@id":"https:\/\/agenciainfra.com\/blog\/ministro-silveira-diz-que-novo-vale-gas-deve-ser-implementado-a-partir-de-setembro\/#primaryimage"},"thumbnailUrl":"https:\/\/agenciainfra.com\/blog\/wp-content\/uploads\/2025\/06\/alexandre-silveira-foto-tauan-alencar-mme.jpg","keywords":["Alexandre Silveira","g\u00e1s para todos","Geraldo Campos Jr.","Lula","Minist\u00e9rio de Minas e Energia","TCU","Tribunal de Contas da Uni\u00e3o","vale-g\u00e1s"],"articleSection":["Destaque lista","Geral","iNFRAEnergia"],"inLanguage":"pt-BR","copyrightYear":"2025","copyrightHolder":{"@id":"https:\/\/agenciainfra.com\/blog\/#organization"}},{"@type":"WebPage","@id":"https:\/\/agenciainfra.com\/blog\/ministro-silveira-diz-que-novo-vale-gas-deve-ser-implementado-a-partir-de-setembro\/","url":"https:\/\/agenciainfra.com\/blog\/ministro-silveira-diz-que-novo-vale-gas-deve-ser-implementado-a-partir-de-setembro\/","name":"Ministro Silveira diz que novo vale-g\u00e1s deve ser implementado a partir de setembro - Ag\u00eancia iNFRA","isPartOf":{"@id":"https:\/\/agenciainfra.com\/blog\/#website"},"primaryImageOfPage":{"@id":"https:\/\/agenciainfra.com\/blog\/ministro-silveira-diz-que-novo-vale-gas-deve-ser-implementado-a-partir-de-setembro\/#primaryimage"},"image":{"@id":"https:\/\/agenciainfra.com\/blog\/ministro-silveira-diz-que-novo-vale-gas-deve-ser-implementado-a-partir-de-setembro\/#primaryimage"},"thumbnailUrl":"https:\/\/agenciainfra.com\/blog\/wp-content\/uploads\/2025\/06\/alexandre-silveira-foto-tauan-alencar-mme.jpg","datePublished":"2025-06-12T16:45:15+00:00","dateModified":"2025-06-13T18:13:42+00:00","breadcrumb":{"@id":"https:\/\/agenciainfra.com\/blog\/ministro-silveira-diz-que-novo-vale-gas-deve-ser-implementado-a-partir-de-setembro\/#breadcrumb"},"inLanguage":"pt-BR","potentialAction":[{"@type":"ReadAction","target":["https:\/\/agenciainfra.com\/blog\/ministro-silveira-diz-que-novo-vale-gas-deve-ser-implementado-a-partir-de-setembro\/"]}]},{"@type":"ImageObject","inLanguage":"pt-BR","@id":"https:\/\/agenciainfra.com\/blog\/ministro-silveira-diz-que-novo-vale-gas-deve-ser-implementado-a-partir-de-setembro\/#primaryimage","url":"https:\/\/agenciainfra.com\/blog\/wp-content\/uploads\/2025\/06\/alexandre-silveira-foto-tauan-alencar-mme.jpg","contentUrl":"https:\/\/agenciainfra.com\/blog\/wp-content\/uploads\/2025\/06\/alexandre-silveira-foto-tauan-alencar-mme.jpg","width":1280,"height":853,"caption":"Foto: Tauan Alencar\/Minist\u00e9rio de Minas e Energia"},{"@type":"BreadcrumbList","@id":"https:\/\/agenciainfra.com\/blog\/ministro-silveira-diz-que-novo-vale-gas-deve-ser-implementado-a-partir-de-setembro\/#breadcrumb","itemListElement":[{"@type":"ListItem","position":1,"name":"In\u00edcio","item":"https:\/\/agenciainfra.com\/blog\/"},{"@type":"ListItem","position":2,"name":"Ministro Silveira diz que novo vale-g\u00e1s deve ser implementado a partir de setembro"}]},{"@type":"WebSite","@id":"https:\/\/agenciainfra.com\/blog\/#website","url":"https:\/\/agenciainfra.com\/blog\/","name":"Ag\u00eancia iNFRA","description":"Multiplataforma de informa\u00e7\u00e3o jornal\u00edstica refer\u00eancia na \u00e1rea de infraestrutura no Brasil!","publisher":{"@id":"https:\/\/agenciainfra.com\/blog\/#organization"},"potentialAction":[{"@type":"SearchAction","target":{"@type":"EntryPoint","urlTemplate":"https:\/\/agenciainfra.com\/blog\/?s={search_term_string}"},"query-input":{"@type":"PropertyValueSpecification","valueRequired":true,"valueName":"search_term_string"}}],"inLanguage":"pt-BR"},{"@type":"Organization","@id":"https:\/\/agenciainfra.com\/blog\/#organization","name":"Ag\u00eancia iNFRA","url":"https:\/\/agenciainfra.com\/blog\/","logo":{"@type":"ImageObject","inLanguage":"pt-BR","@id":"https:\/\/agenciainfra.com\/blog\/#\/schema\/logo\/image\/","url":"https:\/\/agenciainfra.com\/blog\/wp-content\/uploads\/2023\/09\/iNFRA_5-e1761735885940.png","contentUrl":"https:\/\/agenciainfra.com\/blog\/wp-content\/uploads\/2023\/09\/iNFRA_5-e1761735885940.png","width":1672,"height":454,"caption":"Ag\u00eancia iNFRA"},"image":{"@id":"https:\/\/agenciainfra.com\/blog\/#\/schema\/logo\/image\/"},"sameAs":["https:\/\/www.facebook.com\/ageninfra","https:\/\/x.com\/agencia_infra","https:\/\/www.linkedin.com\/company\/ag\u00eanciainfra\/","https:\/\/www.instagram.com\/agenciainfra\/"]},{"@type":"Person","@id":"https:\/\/agenciainfra.com\/blog\/#\/schema\/person\/34af08dff6adea4cb22b06612ba7acfa","name":"Ag\u00eancia iNFRA","image":{"@type":"ImageObject","inLanguage":"pt-BR","@id":"https:\/\/agenciainfra.com\/blog\/#\/schema\/person\/image\/","url":"https:\/\/secure.gravatar.com\/avatar\/d189e01678f06d8eb84d4e01f08eb848b3fffe3f8443818d3c356c66892f5be8?s=96&d=mm&r=g","contentUrl":"https:\/\/secure.gravatar.com\/avatar\/d189e01678f06d8eb84d4e01f08eb848b3fffe3f8443818d3c356c66892f5be8?s=96&d=mm&r=g","caption":"Ag\u00eancia iNFRA"},"url":"https:\/\/agenciainfra.com\/blog\/author\/admin\/"}]}},"_links":{"self":[{"href":"https:\/\/agenciainfra.com\/blog\/wp-json\/wp\/v2\/posts\/22818","targetHints":{"allow":["GET"]}}],"collection":[{"href":"https:\/\/agenciainfra.com\/blog\/wp-json\/wp\/v2\/posts"}],"about":[{"href":"https:\/\/agenciainfra.com\/blog\/wp-json\/wp\/v2\/types\/post"}],"author":[{"embeddable":true,"href":"https:\/\/agenciainfra.com\/blog\/wp-json\/wp\/v2\/users\/1"}],"replies":[{"embeddable":true,"href":"https:\/\/agenciainfra.com\/blog\/wp-json\/wp\/v2\/comments?post=22818"}],"version-history":[{"count":1,"href":"https:\/\/agenciainfra.com\/blog\/wp-json\/wp\/v2\/posts\/22818\/revisions"}],"predecessor-version":[{"id":22820,"href":"https:\/\/agenciainfra.com\/blog\/wp-json\/wp\/v2\/posts\/22818\/revisions\/22820"}],"wp:featuredmedia":[{"embeddable":true,"href":"https:\/\/agenciainfra.com\/blog\/wp-json\/wp\/v2\/media\/22826"}],"wp:attachment":[{"href":"https:\/\/agenciainfra.com\/blog\/wp-json\/wp\/v2\/media?parent=22818"}],"wp:term":[{"taxonomy":"category","embeddable":true,"href":"https:\/\/agenciainfra.com\/blog\/wp-json\/wp\/v2\/categories?post=22818"},{"taxonomy":"post_tag","embeddable":true,"href":"https:\/\/agenciainfra.com\/blog\/wp-json\/wp\/v2\/tags?post=22818"}],"curies":[{"name":"wp","href":"https:\/\/api.w.org\/{rel}","templated":true}]}}