{"id":22823,"date":"2025-06-12T13:50:24","date_gmt":"2025-06-12T16:50:24","guid":{"rendered":"https:\/\/agenciainfra.com\/blog\/?p=22823"},"modified":"2025-06-13T15:37:23","modified_gmt":"2025-06-13T18:37:23","slug":"ministro-faz-criticas-a-vale-e-fala-em-letargia-e-divida-da-empresa-do-mg","status":"publish","type":"post","link":"https:\/\/agenciainfra.com\/blog\/ministro-faz-criticas-a-vale-e-fala-em-letargia-e-divida-da-empresa-do-mg\/","title":{"rendered":"Ministro faz cr\u00edticas \u00e0 Vale e fala em letargia e d\u00edvida da empresa com MG"},"content":{"rendered":"\n<p class=\"has-text-align-right\"><strong>Geraldo Campos Jr., da Ag\u00eancia iNFRA<\/strong><\/p>\n\n\n\n<p>O ministro de Minas e Energia, Alexandre Silveira, fez duras cr\u00edticas \u00e0 Vale nesta quinta-feira (12) durante evento em Mariana (MG) sobre o novo acordo do Rio Doce. Silveira disse que a mineradora precisa \u201cacordar da letargia t\u00edpica de corporations\u201d e que a empresa tem uma d\u00edvida com Minas Gerais.\u00a0<\/p>\n\n\n\n<p>\u201cAs grandes mineradoras, particularmente a Vale, t\u00eam uma d\u00edvida moral e uma responsabilidade com o nosso Estado. Estamos atentos \u00e0 progressiva desmobiliza\u00e7\u00e3o da Vale em Minas. Isso traz impacto direto na arrecada\u00e7\u00e3o pelos munic\u00edpios. Minas n\u00e3o merece ser desrespeitada. n\u00e3o pode ser descartada como rejeito\u201d, afirmou em discurso.<\/p>\n\n\n\n<p>Silveira disse que a empresa faz \u201ccase de sucesso no Par\u00e1\u201d mas deixa munic\u00edpios mineiros agonizando. Ele cobrou, por exemplo, que a empresa inicie a explora\u00e7\u00e3o em locais onde ela det\u00e9m a propriedade, mas n\u00e3o o faz.<\/p>\n\n\n\n<p>\u201cH\u00e1 direitos miner\u00e1rios ociosos que poderiam ser explorados em parceria e movimentar a economia, gerando CFEM (Compensa\u00e7\u00e3o Financeira pela Explora\u00e7\u00e3o de Recursos Minerais), empregos, arrecada\u00e7\u00e3o\u201d, disse.<\/p>\n\n\n\n<p>As queixas de Silveira no evento foram endossadas pelo presidente Lula, que disse que a Vale \u201cera uma empresa muito boa no passado, mas depois que virou corporation n\u00e3o tem mais dono\u201d. O petista chamou a antiga gest\u00e3o de mineradora de irrespons\u00e1vel, mas disse que a nova c\u00fapula tem sentado para dialogar com o governo.<\/p>\n","protected":false},"excerpt":{"rendered":"<p>Geraldo Campos Jr., da Ag\u00eancia iNFRA O ministro de Minas e Energia, Alexandre Silveira, fez duras cr\u00edticas \u00e0 Vale nesta quinta-feira (12) durante evento em Mariana (MG) sobre o novo acordo do Rio Doce. Silveira disse que a mineradora precisa \u201cacordar da letargia t\u00edpica de corporations\u201d e que a empresa tem uma d\u00edvida com Minas [&hellip;]<\/p>\n","protected":false},"author":1,"featured_media":22827,"comment_status":"closed","ping_status":"closed","sticky":false,"template":"","format":"standard","meta":{"_monsterinsights_skip_tracking":false,"_monsterinsights_sitenote_active":false,"_monsterinsights_sitenote_note":"","_monsterinsights_sitenote_category":0,"footnotes":""},"categories":[7250,1,13239],"tags":[13748,6040,11594,580,83],"class_list":["post-22823","post","type-post","status-publish","format-standard","has-post-thumbnail","hentry","category-destaque-lista","category-geral","category-mineracao","tag-acordo-do-rio-doce","tag-alexandre-silveira","tag-geraldo-campos-jr","tag-lula","tag-vale"],"yoast_head":"<!-- This site is optimized with the Yoast SEO Premium plugin v25.4 (Yoast SEO v26.0) - https:\/\/yoast.com\/wordpress\/plugins\/seo\/ -->\n<title>Ministro faz cr\u00edticas \u00e0 Vale e fala em letargia e d\u00edvida da empresa com MG - Ag\u00eancia iNFRA<\/title>\n<meta name=\"robots\" content=\"index, follow, max-snippet:-1, max-image-preview:large, max-video-preview:-1\" \/>\n<link rel=\"canonical\" href=\"https:\/\/agenciainfra.com\/blog\/ministro-faz-criticas-a-vale-e-fala-em-letargia-e-divida-da-empresa-do-mg\/\" \/>\n<meta property=\"og:locale\" content=\"pt_BR\" \/>\n<meta property=\"og:type\" content=\"article\" \/>\n<meta property=\"og:title\" content=\"Ministro faz cr\u00edticas \u00e0 Vale e fala em letargia e d\u00edvida da empresa com MG\" \/>\n<meta property=\"og:description\" content=\"Geraldo Campos Jr., da Ag\u00eancia iNFRA O ministro de Minas e Energia, Alexandre Silveira, fez duras cr\u00edticas \u00e0 Vale nesta quinta-feira (12) durante evento em Mariana (MG) sobre o novo acordo do Rio Doce. Silveira disse que a mineradora precisa \u201cacordar da letargia t\u00edpica de corporations\u201d e que a empresa tem uma d\u00edvida com Minas [&hellip;]\" \/>\n<meta property=\"og:url\" content=\"https:\/\/agenciainfra.com\/blog\/ministro-faz-criticas-a-vale-e-fala-em-letargia-e-divida-da-empresa-do-mg\/\" \/>\n<meta property=\"og:site_name\" content=\"Ag\u00eancia iNFRA\" \/>\n<meta property=\"article:publisher\" content=\"https:\/\/www.facebook.com\/ageninfra\" \/>\n<meta property=\"article:published_time\" content=\"2025-06-12T16:50:24+00:00\" \/>\n<meta property=\"article:modified_time\" content=\"2025-06-13T18:37:23+00:00\" \/>\n<meta property=\"og:image\" content=\"https:\/\/agenciainfra.com\/blog\/wp-content\/uploads\/2025\/06\/54584953209_921426e5dd_k-1.jpg\" \/>\n\t<meta property=\"og:image:width\" content=\"1280\" \/>\n\t<meta property=\"og:image:height\" content=\"811\" \/>\n\t<meta property=\"og:image:type\" content=\"image\/jpeg\" \/>\n<meta name=\"author\" content=\"Ag\u00eancia iNFRA\" \/>\n<meta name=\"twitter:card\" content=\"summary_large_image\" \/>\n<meta name=\"twitter:creator\" content=\"@agencia_infra\" \/>\n<meta name=\"twitter:site\" content=\"@agencia_infra\" \/>\n<meta name=\"twitter:label1\" content=\"Escrito por\" \/>\n\t<meta name=\"twitter:data1\" content=\"Ag\u00eancia iNFRA\" \/>\n\t<meta name=\"twitter:label2\" content=\"Est. tempo de leitura\" \/>\n\t<meta name=\"twitter:data2\" content=\"1 minuto\" \/>\n<script type=\"application\/ld+json\" class=\"yoast-schema-graph\">{\"@context\":\"https:\/\/schema.org\",\"@graph\":[{\"@type\":\"Article\",\"@id\":\"https:\/\/agenciainfra.com\/blog\/ministro-faz-criticas-a-vale-e-fala-em-letargia-e-divida-da-empresa-do-mg\/#article\",\"isPartOf\":{\"@id\":\"https:\/\/agenciainfra.com\/blog\/ministro-faz-criticas-a-vale-e-fala-em-letargia-e-divida-da-empresa-do-mg\/\"},\"author\":{\"name\":\"Ag\u00eancia iNFRA\",\"@id\":\"https:\/\/agenciainfra.com\/blog\/#\/schema\/person\/34af08dff6adea4cb22b06612ba7acfa\"},\"headline\":\"Ministro faz cr\u00edticas \u00e0 Vale e fala em letargia e d\u00edvida da empresa com MG\",\"datePublished\":\"2025-06-12T16:50:24+00:00\",\"dateModified\":\"2025-06-13T18:37:23+00:00\",\"mainEntityOfPage\":{\"@id\":\"https:\/\/agenciainfra.com\/blog\/ministro-faz-criticas-a-vale-e-fala-em-letargia-e-divida-da-empresa-do-mg\/\"},\"wordCount\":258,\"publisher\":{\"@id\":\"https:\/\/agenciainfra.com\/blog\/#organization\"},\"image\":{\"@id\":\"https:\/\/agenciainfra.com\/blog\/ministro-faz-criticas-a-vale-e-fala-em-letargia-e-divida-da-empresa-do-mg\/#primaryimage\"},\"thumbnailUrl\":\"https:\/\/agenciainfra.com\/blog\/wp-content\/uploads\/2025\/06\/54584953209_921426e5dd_k-1.jpg\",\"keywords\":[\"Acordo do Rio Doce\",\"Alexandre Silveira\",\"Geraldo Campos Jr.\",\"Lula\",\"Vale\"],\"articleSection\":[\"Destaque lista\",\"Geral\",\"Minera\u00e7\u00e3o\"],\"inLanguage\":\"pt-BR\",\"copyrightYear\":\"2025\",\"copyrightHolder\":{\"@id\":\"https:\/\/agenciainfra.com\/blog\/#organization\"}},{\"@type\":\"WebPage\",\"@id\":\"https:\/\/agenciainfra.com\/blog\/ministro-faz-criticas-a-vale-e-fala-em-letargia-e-divida-da-empresa-do-mg\/\",\"url\":\"https:\/\/agenciainfra.com\/blog\/ministro-faz-criticas-a-vale-e-fala-em-letargia-e-divida-da-empresa-do-mg\/\",\"name\":\"Ministro faz cr\u00edticas \u00e0 Vale e fala em letargia e d\u00edvida da empresa com MG - Ag\u00eancia iNFRA\",\"isPartOf\":{\"@id\":\"https:\/\/agenciainfra.com\/blog\/#website\"},\"primaryImageOfPage\":{\"@id\":\"https:\/\/agenciainfra.com\/blog\/ministro-faz-criticas-a-vale-e-fala-em-letargia-e-divida-da-empresa-do-mg\/#primaryimage\"},\"image\":{\"@id\":\"https:\/\/agenciainfra.com\/blog\/ministro-faz-criticas-a-vale-e-fala-em-letargia-e-divida-da-empresa-do-mg\/#primaryimage\"},\"thumbnailUrl\":\"https:\/\/agenciainfra.com\/blog\/wp-content\/uploads\/2025\/06\/54584953209_921426e5dd_k-1.jpg\",\"datePublished\":\"2025-06-12T16:50:24+00:00\",\"dateModified\":\"2025-06-13T18:37:23+00:00\",\"breadcrumb\":{\"@id\":\"https:\/\/agenciainfra.com\/blog\/ministro-faz-criticas-a-vale-e-fala-em-letargia-e-divida-da-empresa-do-mg\/#breadcrumb\"},\"inLanguage\":\"pt-BR\",\"potentialAction\":[{\"@type\":\"ReadAction\",\"target\":[\"https:\/\/agenciainfra.com\/blog\/ministro-faz-criticas-a-vale-e-fala-em-letargia-e-divida-da-empresa-do-mg\/\"]}]},{\"@type\":\"ImageObject\",\"inLanguage\":\"pt-BR\",\"@id\":\"https:\/\/agenciainfra.com\/blog\/ministro-faz-criticas-a-vale-e-fala-em-letargia-e-divida-da-empresa-do-mg\/#primaryimage\",\"url\":\"https:\/\/agenciainfra.com\/blog\/wp-content\/uploads\/2025\/06\/54584953209_921426e5dd_k-1.jpg\",\"contentUrl\":\"https:\/\/agenciainfra.com\/blog\/wp-content\/uploads\/2025\/06\/54584953209_921426e5dd_k-1.jpg\",\"width\":1280,\"height\":811},{\"@type\":\"BreadcrumbList\",\"@id\":\"https:\/\/agenciainfra.com\/blog\/ministro-faz-criticas-a-vale-e-fala-em-letargia-e-divida-da-empresa-do-mg\/#breadcrumb\",\"itemListElement\":[{\"@type\":\"ListItem\",\"position\":1,\"name\":\"In\u00edcio\",\"item\":\"https:\/\/agenciainfra.com\/blog\/\"},{\"@type\":\"ListItem\",\"position\":2,\"name\":\"Ministro faz cr\u00edticas \u00e0 Vale e fala em letargia e d\u00edvida da empresa com MG\"}]},{\"@type\":\"WebSite\",\"@id\":\"https:\/\/agenciainfra.com\/blog\/#website\",\"url\":\"https:\/\/agenciainfra.com\/blog\/\",\"name\":\"Ag\u00eancia iNFRA\",\"description\":\"Multiplataforma de informa\u00e7\u00e3o jornal\u00edstica refer\u00eancia na \u00e1rea de infraestrutura no Brasil!\",\"publisher\":{\"@id\":\"https:\/\/agenciainfra.com\/blog\/#organization\"},\"potentialAction\":[{\"@type\":\"SearchAction\",\"target\":{\"@type\":\"EntryPoint\",\"urlTemplate\":\"https:\/\/agenciainfra.com\/blog\/?s={search_term_string}\"},\"query-input\":{\"@type\":\"PropertyValueSpecification\",\"valueRequired\":true,\"valueName\":\"search_term_string\"}}],\"inLanguage\":\"pt-BR\"},{\"@type\":\"Organization\",\"@id\":\"https:\/\/agenciainfra.com\/blog\/#organization\",\"name\":\"Ag\u00eancia iNFRA\",\"url\":\"https:\/\/agenciainfra.com\/blog\/\",\"logo\":{\"@type\":\"ImageObject\",\"inLanguage\":\"pt-BR\",\"@id\":\"https:\/\/agenciainfra.com\/blog\/#\/schema\/logo\/image\/\",\"url\":\"https:\/\/agenciainfra.com\/blog\/wp-content\/uploads\/2023\/09\/iNFRA_5-e1761735885940.png\",\"contentUrl\":\"https:\/\/agenciainfra.com\/blog\/wp-content\/uploads\/2023\/09\/iNFRA_5-e1761735885940.png\",\"width\":1672,\"height\":454,\"caption\":\"Ag\u00eancia iNFRA\"},\"image\":{\"@id\":\"https:\/\/agenciainfra.com\/blog\/#\/schema\/logo\/image\/\"},\"sameAs\":[\"https:\/\/www.facebook.com\/ageninfra\",\"https:\/\/x.com\/agencia_infra\",\"https:\/\/www.linkedin.com\/company\/ag\u00eanciainfra\/\",\"https:\/\/www.instagram.com\/agenciainfra\/\"]},{\"@type\":\"Person\",\"@id\":\"https:\/\/agenciainfra.com\/blog\/#\/schema\/person\/34af08dff6adea4cb22b06612ba7acfa\",\"name\":\"Ag\u00eancia iNFRA\",\"image\":{\"@type\":\"ImageObject\",\"inLanguage\":\"pt-BR\",\"@id\":\"https:\/\/agenciainfra.com\/blog\/#\/schema\/person\/image\/\",\"url\":\"https:\/\/secure.gravatar.com\/avatar\/d189e01678f06d8eb84d4e01f08eb848b3fffe3f8443818d3c356c66892f5be8?s=96&d=mm&r=g\",\"contentUrl\":\"https:\/\/secure.gravatar.com\/avatar\/d189e01678f06d8eb84d4e01f08eb848b3fffe3f8443818d3c356c66892f5be8?s=96&d=mm&r=g\",\"caption\":\"Ag\u00eancia iNFRA\"},\"url\":\"https:\/\/agenciainfra.com\/blog\/author\/admin\/\"}]}<\/script>\n<!-- \/ Yoast SEO Premium plugin. -->","yoast_head_json":{"title":"Ministro faz cr\u00edticas \u00e0 Vale e fala em letargia e d\u00edvida da empresa com MG - Ag\u00eancia iNFRA","robots":{"index":"index","follow":"follow","max-snippet":"max-snippet:-1","max-image-preview":"max-image-preview:large","max-video-preview":"max-video-preview:-1"},"canonical":"https:\/\/agenciainfra.com\/blog\/ministro-faz-criticas-a-vale-e-fala-em-letargia-e-divida-da-empresa-do-mg\/","og_locale":"pt_BR","og_type":"article","og_title":"Ministro faz cr\u00edticas \u00e0 Vale e fala em letargia e d\u00edvida da empresa com MG","og_description":"Geraldo Campos Jr., da Ag\u00eancia iNFRA O ministro de Minas e Energia, Alexandre Silveira, fez duras cr\u00edticas \u00e0 Vale nesta quinta-feira (12) durante evento em Mariana (MG) sobre o novo acordo do Rio Doce. Silveira disse que a mineradora precisa \u201cacordar da letargia t\u00edpica de corporations\u201d e que a empresa tem uma d\u00edvida com Minas [&hellip;]","og_url":"https:\/\/agenciainfra.com\/blog\/ministro-faz-criticas-a-vale-e-fala-em-letargia-e-divida-da-empresa-do-mg\/","og_site_name":"Ag\u00eancia iNFRA","article_publisher":"https:\/\/www.facebook.com\/ageninfra","article_published_time":"2025-06-12T16:50:24+00:00","article_modified_time":"2025-06-13T18:37:23+00:00","og_image":[{"width":1280,"height":811,"url":"https:\/\/agenciainfra.com\/blog\/wp-content\/uploads\/2025\/06\/54584953209_921426e5dd_k-1.jpg","type":"image\/jpeg"}],"author":"Ag\u00eancia iNFRA","twitter_card":"summary_large_image","twitter_creator":"@agencia_infra","twitter_site":"@agencia_infra","twitter_misc":{"Escrito por":"Ag\u00eancia iNFRA","Est. tempo de leitura":"1 minuto"},"schema":{"@context":"https:\/\/schema.org","@graph":[{"@type":"Article","@id":"https:\/\/agenciainfra.com\/blog\/ministro-faz-criticas-a-vale-e-fala-em-letargia-e-divida-da-empresa-do-mg\/#article","isPartOf":{"@id":"https:\/\/agenciainfra.com\/blog\/ministro-faz-criticas-a-vale-e-fala-em-letargia-e-divida-da-empresa-do-mg\/"},"author":{"name":"Ag\u00eancia iNFRA","@id":"https:\/\/agenciainfra.com\/blog\/#\/schema\/person\/34af08dff6adea4cb22b06612ba7acfa"},"headline":"Ministro faz cr\u00edticas \u00e0 Vale e fala em letargia e d\u00edvida da empresa com MG","datePublished":"2025-06-12T16:50:24+00:00","dateModified":"2025-06-13T18:37:23+00:00","mainEntityOfPage":{"@id":"https:\/\/agenciainfra.com\/blog\/ministro-faz-criticas-a-vale-e-fala-em-letargia-e-divida-da-empresa-do-mg\/"},"wordCount":258,"publisher":{"@id":"https:\/\/agenciainfra.com\/blog\/#organization"},"image":{"@id":"https:\/\/agenciainfra.com\/blog\/ministro-faz-criticas-a-vale-e-fala-em-letargia-e-divida-da-empresa-do-mg\/#primaryimage"},"thumbnailUrl":"https:\/\/agenciainfra.com\/blog\/wp-content\/uploads\/2025\/06\/54584953209_921426e5dd_k-1.jpg","keywords":["Acordo do Rio Doce","Alexandre Silveira","Geraldo Campos Jr.","Lula","Vale"],"articleSection":["Destaque lista","Geral","Minera\u00e7\u00e3o"],"inLanguage":"pt-BR","copyrightYear":"2025","copyrightHolder":{"@id":"https:\/\/agenciainfra.com\/blog\/#organization"}},{"@type":"WebPage","@id":"https:\/\/agenciainfra.com\/blog\/ministro-faz-criticas-a-vale-e-fala-em-letargia-e-divida-da-empresa-do-mg\/","url":"https:\/\/agenciainfra.com\/blog\/ministro-faz-criticas-a-vale-e-fala-em-letargia-e-divida-da-empresa-do-mg\/","name":"Ministro faz cr\u00edticas \u00e0 Vale e fala em letargia e d\u00edvida da empresa com MG - Ag\u00eancia iNFRA","isPartOf":{"@id":"https:\/\/agenciainfra.com\/blog\/#website"},"primaryImageOfPage":{"@id":"https:\/\/agenciainfra.com\/blog\/ministro-faz-criticas-a-vale-e-fala-em-letargia-e-divida-da-empresa-do-mg\/#primaryimage"},"image":{"@id":"https:\/\/agenciainfra.com\/blog\/ministro-faz-criticas-a-vale-e-fala-em-letargia-e-divida-da-empresa-do-mg\/#primaryimage"},"thumbnailUrl":"https:\/\/agenciainfra.com\/blog\/wp-content\/uploads\/2025\/06\/54584953209_921426e5dd_k-1.jpg","datePublished":"2025-06-12T16:50:24+00:00","dateModified":"2025-06-13T18:37:23+00:00","breadcrumb":{"@id":"https:\/\/agenciainfra.com\/blog\/ministro-faz-criticas-a-vale-e-fala-em-letargia-e-divida-da-empresa-do-mg\/#breadcrumb"},"inLanguage":"pt-BR","potentialAction":[{"@type":"ReadAction","target":["https:\/\/agenciainfra.com\/blog\/ministro-faz-criticas-a-vale-e-fala-em-letargia-e-divida-da-empresa-do-mg\/"]}]},{"@type":"ImageObject","inLanguage":"pt-BR","@id":"https:\/\/agenciainfra.com\/blog\/ministro-faz-criticas-a-vale-e-fala-em-letargia-e-divida-da-empresa-do-mg\/#primaryimage","url":"https:\/\/agenciainfra.com\/blog\/wp-content\/uploads\/2025\/06\/54584953209_921426e5dd_k-1.jpg","contentUrl":"https:\/\/agenciainfra.com\/blog\/wp-content\/uploads\/2025\/06\/54584953209_921426e5dd_k-1.jpg","width":1280,"height":811},{"@type":"BreadcrumbList","@id":"https:\/\/agenciainfra.com\/blog\/ministro-faz-criticas-a-vale-e-fala-em-letargia-e-divida-da-empresa-do-mg\/#breadcrumb","itemListElement":[{"@type":"ListItem","position":1,"name":"In\u00edcio","item":"https:\/\/agenciainfra.com\/blog\/"},{"@type":"ListItem","position":2,"name":"Ministro faz cr\u00edticas \u00e0 Vale e fala em letargia e d\u00edvida da empresa com MG"}]},{"@type":"WebSite","@id":"https:\/\/agenciainfra.com\/blog\/#website","url":"https:\/\/agenciainfra.com\/blog\/","name":"Ag\u00eancia iNFRA","description":"Multiplataforma de informa\u00e7\u00e3o jornal\u00edstica refer\u00eancia na \u00e1rea de infraestrutura no Brasil!","publisher":{"@id":"https:\/\/agenciainfra.com\/blog\/#organization"},"potentialAction":[{"@type":"SearchAction","target":{"@type":"EntryPoint","urlTemplate":"https:\/\/agenciainfra.com\/blog\/?s={search_term_string}"},"query-input":{"@type":"PropertyValueSpecification","valueRequired":true,"valueName":"search_term_string"}}],"inLanguage":"pt-BR"},{"@type":"Organization","@id":"https:\/\/agenciainfra.com\/blog\/#organization","name":"Ag\u00eancia iNFRA","url":"https:\/\/agenciainfra.com\/blog\/","logo":{"@type":"ImageObject","inLanguage":"pt-BR","@id":"https:\/\/agenciainfra.com\/blog\/#\/schema\/logo\/image\/","url":"https:\/\/agenciainfra.com\/blog\/wp-content\/uploads\/2023\/09\/iNFRA_5-e1761735885940.png","contentUrl":"https:\/\/agenciainfra.com\/blog\/wp-content\/uploads\/2023\/09\/iNFRA_5-e1761735885940.png","width":1672,"height":454,"caption":"Ag\u00eancia iNFRA"},"image":{"@id":"https:\/\/agenciainfra.com\/blog\/#\/schema\/logo\/image\/"},"sameAs":["https:\/\/www.facebook.com\/ageninfra","https:\/\/x.com\/agencia_infra","https:\/\/www.linkedin.com\/company\/ag\u00eanciainfra\/","https:\/\/www.instagram.com\/agenciainfra\/"]},{"@type":"Person","@id":"https:\/\/agenciainfra.com\/blog\/#\/schema\/person\/34af08dff6adea4cb22b06612ba7acfa","name":"Ag\u00eancia iNFRA","image":{"@type":"ImageObject","inLanguage":"pt-BR","@id":"https:\/\/agenciainfra.com\/blog\/#\/schema\/person\/image\/","url":"https:\/\/secure.gravatar.com\/avatar\/d189e01678f06d8eb84d4e01f08eb848b3fffe3f8443818d3c356c66892f5be8?s=96&d=mm&r=g","contentUrl":"https:\/\/secure.gravatar.com\/avatar\/d189e01678f06d8eb84d4e01f08eb848b3fffe3f8443818d3c356c66892f5be8?s=96&d=mm&r=g","caption":"Ag\u00eancia iNFRA"},"url":"https:\/\/agenciainfra.com\/blog\/author\/admin\/"}]}},"_links":{"self":[{"href":"https:\/\/agenciainfra.com\/blog\/wp-json\/wp\/v2\/posts\/22823","targetHints":{"allow":["GET"]}}],"collection":[{"href":"https:\/\/agenciainfra.com\/blog\/wp-json\/wp\/v2\/posts"}],"about":[{"href":"https:\/\/agenciainfra.com\/blog\/wp-json\/wp\/v2\/types\/post"}],"author":[{"embeddable":true,"href":"https:\/\/agenciainfra.com\/blog\/wp-json\/wp\/v2\/users\/1"}],"replies":[{"embeddable":true,"href":"https:\/\/agenciainfra.com\/blog\/wp-json\/wp\/v2\/comments?post=22823"}],"version-history":[{"count":2,"href":"https:\/\/agenciainfra.com\/blog\/wp-json\/wp\/v2\/posts\/22823\/revisions"}],"predecessor-version":[{"id":22829,"href":"https:\/\/agenciainfra.com\/blog\/wp-json\/wp\/v2\/posts\/22823\/revisions\/22829"}],"wp:featuredmedia":[{"embeddable":true,"href":"https:\/\/agenciainfra.com\/blog\/wp-json\/wp\/v2\/media\/22827"}],"wp:attachment":[{"href":"https:\/\/agenciainfra.com\/blog\/wp-json\/wp\/v2\/media?parent=22823"}],"wp:term":[{"taxonomy":"category","embeddable":true,"href":"https:\/\/agenciainfra.com\/blog\/wp-json\/wp\/v2\/categories?post=22823"},{"taxonomy":"post_tag","embeddable":true,"href":"https:\/\/agenciainfra.com\/blog\/wp-json\/wp\/v2\/tags?post=22823"}],"curies":[{"name":"wp","href":"https:\/\/api.w.org\/{rel}","templated":true}]}}