{"id":22867,"date":"2025-06-16T15:30:00","date_gmt":"2025-06-16T18:30:00","guid":{"rendered":"https:\/\/agenciainfra.com\/blog\/?p=22867"},"modified":"2026-02-13T17:22:05","modified_gmt":"2026-02-13T20:22:05","slug":"opiniao-o-dilema-da-infraestrutura-escolar-no-brasil","status":"publish","type":"post","link":"https:\/\/agenciainfra.com\/blog\/opiniao-o-dilema-da-infraestrutura-escolar-no-brasil\/","title":{"rendered":"Opini\u00e3o \u2013 O dilema da infraestrutura escolar no Brasil"},"content":{"rendered":"\n<p class=\"has-text-align-right\"><strong>Jos\u00e9 Aliperti*<\/strong><\/p>\n\n\n\n<p>O Brasil superou o desafio do acesso \u00e0 educa\u00e7\u00e3o b\u00e1sica h\u00e1 mais de duas d\u00e9cadas. Desde o in\u00edcio do s\u00e9culo XXI, a imensa maioria das crian\u00e7as e adolescentes de 5 a 17 anos est\u00e1 matriculada na escola, segundo dados do Inep (Instituto Nacional de Estudos e Pesquisas Educacionais An\u00edsio Teixeira). Esse avan\u00e7o foi decisivo para a constru\u00e7\u00e3o de um pa\u00eds mais justo e igualit\u00e1rio. Mas, apesar disso, a qualidade da infraestrutura oferecida para os alunos e professores ainda \u00e9 um grande desafio.<\/p>\n\n\n\n<p>Isso reflete diretamente no resultado da aprendizagem. Por exemplo, no exame do Pisa (Programa Internacional de Avalia\u00e7\u00e3o de Estudantes), promovido pela OCDE (Organiza\u00e7\u00e3o para a Coopera\u00e7\u00e3o e Desenvolvimento Econ\u00f4mico), onde avaliamos regularmente a profici\u00eancia em leitura, matem\u00e1tica e ci\u00eancias dos estudantes com 15 anos em mais de 80 pa\u00edses, o Brasil progrediu muito pouco ao longo das \u00faltimas duas d\u00e9cadas e permanece entre os 20 \u00faltimos colocados, segundo a edi\u00e7\u00e3o mais recente, divulgada em 2023. Esse resultado mostra que ampliar vagas foi apenas o primeiro passo. Ainda precisamos encontrar caminhos para garantir que os alunos, de fato, aprendam.<\/p>\n\n\n\n<p>Para isso, \u00e9 preciso enfrentar obst\u00e1culos j\u00e1 bem conhecidos \u2013 como a forma\u00e7\u00e3o e valoriza\u00e7\u00e3o dos professores, a defini\u00e7\u00e3o de um curr\u00edculo coerente, a qualifica\u00e7\u00e3o da gest\u00e3o escolar e, entre todos eles, a necessidade urgente de melhorar a infraestrutura.<\/p>\n\n\n\n<p>Embora nem sempre seja o problema mais discutido, a precariedade da infraestrutura escolar \u00e9 o mais vis\u00edvel \u2013 e, portanto, torna-se o mais urgente. Afinal, como promover aprendizagem sem sala de aula, luz ou banheiro funcionando? Esses entraves consomem tempo e energia das secretarias de educa\u00e7\u00e3o e dos gestores escolares, deixando pouco espa\u00e7o para se dedicar ao que \u00e9 realmente importante: a aprendizagem, a forma\u00e7\u00e3o docente e a inova\u00e7\u00e3o pedag\u00f3gica.<\/p>\n\n\n\n<p>Segundo estudo da Unesco (Organiza\u00e7\u00e3o das Na\u00e7\u00f5es Unidas para a Educa\u00e7\u00e3o, Ci\u00eancia e Cultura), intitulado \u201cQualidade da infraestrutura das escolas p\u00fablicas do ensino fundamental no Brasil\u201d, apenas 2,7% das escolas p\u00fablicas brasileiras possuem&nbsp;a infraestrutura ideal para uma educa\u00e7\u00e3o de qualidade em padr\u00f5es internacionais, revelando a alarmante gravidade do cen\u00e1rio. Ou seja,&nbsp;s\u00e3o institui\u00e7\u00f5es de ensino que abrangem uma infraestrutura completa com \u00e1gua pot\u00e1vel filtrada e saneamento b\u00e1sico, energia el\u00e9trica, banheiros, cozinha e refeit\u00f3rio, biblioteca ou sala de leitura, laborat\u00f3rios de ci\u00eancias e inform\u00e1tica, quadra de esportes, equipamentos multim\u00eddia, instala\u00e7\u00f5es em bom estado de conserva\u00e7\u00e3o, acesso \u00e0 internet banda larga para uso dos alunos e acessibilidade com infraestrutura adequada para pessoas com defici\u00eancia.<\/p>\n\n\n\n<p>Para al\u00e9m disso, o Todos Pela Educa\u00e7\u00e3o publicou, em seu Anu\u00e1rio da Educa\u00e7\u00e3o, um cap\u00edtulo sobre infraestrutura, analisando os dados do Censo Escolar, que revela, por exemplo, que mais da metade das escolas p\u00fablicas do pa\u00eds n\u00e3o conta com sistema de esgoto.<\/p>\n\n\n\n<p>A precariedade da infraestrutura penaliza n\u00e3o s\u00f3 os estudantes, mas tamb\u00e9m professores e gestores, tornando quase imposs\u00edvel inovar, ensinar bem ou manter a comunidade engajada diante da falta de recursos b\u00e1sicos. \u00c9 por isso que a infraestrutura precisa ser tratada como parte da solu\u00e7\u00e3o. A pr\u00f3pria Unesco j\u00e1 demonstrou, com base em pesquisas internacionais, que o desempenho dos estudantes melhora significativamente quando as escolas oferecem ambientes seguros, limpos, acess\u00edveis e estimulantes.<\/p>\n\n\n\n<p>Melhorar a infraestrutura escolar, portanto, n\u00e3o \u00e9 apenas uma quest\u00e3o operacional. \u00c9 um pressuposto b\u00e1sico para criar um ambiente onde o trabalho docente possa florescer e onde o foco da gest\u00e3o possa, enfim, se voltar \u00e0quilo que realmente importa: o aprendizado.<\/p>\n\n\n\n<p>Eu acredito na educa\u00e7\u00e3o p\u00fablica, gratuita e de qualidade como um dos pilares de uma sociedade mais justa. E \u00e9 justamente por acreditar nisso que defendo a necessidade de inovarmos tamb\u00e9m nos caminhos para garantir essa qualidade \u2013 especialmente quando falamos de infraestrutura.<\/p>\n\n\n\n<p>\u00c9 nesse contexto que as PPPs (Parcerias P\u00fablico-Privadas) educacionais surgem como uma ferramenta concreta para acelerar a transforma\u00e7\u00e3o do parque escolar brasileiro. N\u00e3o se trata de transferir responsabilidades para o setor privado \u2013 afinal, a constru\u00e7\u00e3o e reforma de escolas, assim como atividades de limpeza, manuten\u00e7\u00e3o, vigil\u00e2ncia e alimenta\u00e7\u00e3o escolar j\u00e1 s\u00e3o, em sua maioria, contratadas com empresas. A PPP \u00e9 uma forma mais eficiente de organizar v\u00e1rios servi\u00e7os em um \u00fanico contrato, facilitando a gest\u00e3o pelas secretarias e garantindo compromisso de longo prazo e um melhor alinhamento de interesses. Al\u00e9m disso, o modelo promove a qualifica\u00e7\u00e3o t\u00e9cnica das empresas respons\u00e1veis por esses servi\u00e7os, ao exigir padr\u00f5es elevados de entrega e mecanismos consistentes de fiscaliza\u00e7\u00e3o.<\/p>\n\n\n\n<p>Essa l\u00f3gica tem produzido resultados promissores. Segundo estudo da FGV (Funda\u00e7\u00e3o Getulio Vargas), diretores de escolas operadas em regime de PPP conseguem dedicar at\u00e9 70% de seu tempo a atividades pedag\u00f3gicas \u2013 um salto relevante em rela\u00e7\u00e3o aos 30% observados em escolas geridas exclusivamente pelo poder p\u00fablico.<\/p>\n\n\n\n<p>\u00c9 um modelo que vem ganhando tra\u00e7\u00e3o. Em 2024, o n\u00famero de projetos de PPPs educacionais bateu recorde e cresceu 8 vezes em rela\u00e7\u00e3o ao ano anterior, e atualmente re\u00fane mais de 150 empreendimentos em estrutura\u00e7\u00e3o no pa\u00eds, segundo levantamento da Radar PPP.<\/p>\n\n\n\n<p>Mas \u00e9 importante dizer: PPPs n\u00e3o s\u00e3o bala de prata. S\u00e3o uma alternativa \u2013 e, em muitos casos, uma alternativa vi\u00e1vel \u2013 dentro de um leque de solu\u00e7\u00f5es que precisam ser debatidas com seriedade, transpar\u00eancia e compromisso com o interesse p\u00fablico.<\/p>\n\n\n\n<p>\u00c9 dif\u00edcil aceitar que, em pleno s\u00e9culo XXI, milh\u00f5es de estudantes brasileiros ainda aprendam \u2013 ou tentem aprender \u2013 em escolas com esgoto a c\u00e9u aberto, sem ventila\u00e7\u00e3o, sem acesso \u00e0 internet, sem espa\u00e7os adequados para brincar, explorar, se desenvolver. E \u00e9 igualmente dif\u00edcil aceitar que professores, que j\u00e1 enfrentam tantos desafios, precisem dar conta de sua miss\u00e3o em estruturas que mais parecem resistir do que apoiar seu trabalho.<\/p>\n\n\n\n<p>A educa\u00e7\u00e3o p\u00fablica brasileira precisa de um pacto realista e corajoso. N\u00e3o se trata de escolher entre valorizar professores ou reformar pr\u00e9dios \u2013 \u00e9 preciso fazer ambos. E fazer com urg\u00eancia.<\/p>\n\n\n\n<p>O Brasil j\u00e1 assegurou que nossas crian\u00e7as estejam na escola. Agora, nos cabe garantir que elas aprendam.&nbsp;E isso s\u00f3 ser\u00e1 poss\u00edvel quando o ambiente escolar deixar de ser um obst\u00e1culo e se tornar, de fato, um aliado no processo de ensino e aprendizagem.<\/p>\n\n\n\n<p><strong>*Jos\u00e9 Aliperti<\/strong> \u00e9 fundador da Astra Concess\u00f5es Educacionais.<\/p>\n\n\n\n<p class=\"has-luminous-vivid-orange-color has-text-color has-link-color wp-elements-fd3f544adf696c46a4d36363cd72c59e\">As opini\u00f5es dos autores n\u00e3o refletem necessariamente o pensamento da<strong> Ag\u00eancia iNFRA<\/strong>, sendo de total responsabilidade do autor as informa\u00e7\u00f5es, ju\u00edzos de valor e conceitos descritos no texto.<\/p>\n","protected":false},"excerpt":{"rendered":"<p>Jos\u00e9 Aliperti* O Brasil superou o desafio do acesso \u00e0 educa\u00e7\u00e3o b\u00e1sica h\u00e1 mais de duas d\u00e9cadas. Desde o in\u00edcio do s\u00e9culo XXI, a imensa maioria das crian\u00e7as e adolescentes de 5 a 17 anos est\u00e1 matriculada na escola, segundo dados do Inep (Instituto Nacional de Estudos e Pesquisas Educacionais An\u00edsio Teixeira). Esse avan\u00e7o foi [&hellip;]<\/p>\n","protected":false},"author":1,"featured_media":22868,"comment_status":"closed","ping_status":"closed","sticky":false,"template":"","format":"standard","meta":{"_monsterinsights_skip_tracking":false,"_monsterinsights_sitenote_active":false,"_monsterinsights_sitenote_note":"","_monsterinsights_sitenote_category":0,"footnotes":""},"categories":[18468],"tags":[78,18510,17448,406,18511],"class_list":["post-22867","post","type-post","status-publish","format-standard","has-post-thumbnail","hentry","category-infra-cidades","tag-concessoes","tag-infraestrutura-escolar","tag-jose-aliperti","tag-ppps","tag-ppps-educacionais"],"yoast_head":"<!-- This site is optimized with the Yoast SEO Premium plugin v25.4 (Yoast SEO v26.0) - https:\/\/yoast.com\/wordpress\/plugins\/seo\/ -->\n<title>Opini\u00e3o \u2013 O dilema da infraestrutura escolar no Brasil - Ag\u00eancia iNFRA<\/title>\n<meta name=\"robots\" content=\"index, follow, max-snippet:-1, max-image-preview:large, max-video-preview:-1\" \/>\n<link rel=\"canonical\" href=\"https:\/\/agenciainfra.com\/blog\/opiniao-o-dilema-da-infraestrutura-escolar-no-brasil\/\" \/>\n<meta property=\"og:locale\" content=\"pt_BR\" \/>\n<meta property=\"og:type\" content=\"article\" \/>\n<meta property=\"og:title\" content=\"Opini\u00e3o \u2013 O dilema da infraestrutura escolar no Brasil\" \/>\n<meta property=\"og:description\" content=\"Jos\u00e9 Aliperti* O Brasil superou o desafio do acesso \u00e0 educa\u00e7\u00e3o b\u00e1sica h\u00e1 mais de duas d\u00e9cadas. Desde o in\u00edcio do s\u00e9culo XXI, a imensa maioria das crian\u00e7as e adolescentes de 5 a 17 anos est\u00e1 matriculada na escola, segundo dados do Inep (Instituto Nacional de Estudos e Pesquisas Educacionais An\u00edsio Teixeira). Esse avan\u00e7o foi [&hellip;]\" \/>\n<meta property=\"og:url\" content=\"https:\/\/agenciainfra.com\/blog\/opiniao-o-dilema-da-infraestrutura-escolar-no-brasil\/\" \/>\n<meta property=\"og:site_name\" content=\"Ag\u00eancia iNFRA\" \/>\n<meta property=\"article:publisher\" content=\"https:\/\/www.facebook.com\/ageninfra\" \/>\n<meta property=\"article:published_time\" content=\"2025-06-16T18:30:00+00:00\" \/>\n<meta property=\"article:modified_time\" content=\"2026-02-13T20:22:05+00:00\" \/>\n<meta property=\"og:image\" content=\"https:\/\/agenciainfra.com\/blog\/wp-content\/uploads\/2025\/06\/Jose-Aliperti_Astra-Concessoes-Educacionais1-scaled-e1749819861936.jpg\" \/>\n\t<meta property=\"og:image:width\" content=\"1280\" \/>\n\t<meta property=\"og:image:height\" content=\"785\" \/>\n\t<meta property=\"og:image:type\" content=\"image\/jpeg\" \/>\n<meta name=\"author\" content=\"Ag\u00eancia iNFRA\" \/>\n<meta name=\"twitter:card\" content=\"summary_large_image\" \/>\n<meta name=\"twitter:creator\" content=\"@agencia_infra\" \/>\n<meta name=\"twitter:site\" content=\"@agencia_infra\" \/>\n<meta name=\"twitter:label1\" content=\"Escrito por\" \/>\n\t<meta name=\"twitter:data1\" content=\"Ag\u00eancia iNFRA\" \/>\n\t<meta name=\"twitter:label2\" content=\"Est. tempo de leitura\" \/>\n\t<meta name=\"twitter:data2\" content=\"6 minutos\" \/>\n<script type=\"application\/ld+json\" class=\"yoast-schema-graph\">{\"@context\":\"https:\/\/schema.org\",\"@graph\":[{\"@type\":\"Article\",\"@id\":\"https:\/\/agenciainfra.com\/blog\/opiniao-o-dilema-da-infraestrutura-escolar-no-brasil\/#article\",\"isPartOf\":{\"@id\":\"https:\/\/agenciainfra.com\/blog\/opiniao-o-dilema-da-infraestrutura-escolar-no-brasil\/\"},\"author\":{\"name\":\"Ag\u00eancia iNFRA\",\"@id\":\"https:\/\/agenciainfra.com\/blog\/#\/schema\/person\/34af08dff6adea4cb22b06612ba7acfa\"},\"headline\":\"Opini\u00e3o \u2013 O dilema da infraestrutura escolar no Brasil\",\"datePublished\":\"2025-06-16T18:30:00+00:00\",\"dateModified\":\"2026-02-13T20:22:05+00:00\",\"mainEntityOfPage\":{\"@id\":\"https:\/\/agenciainfra.com\/blog\/opiniao-o-dilema-da-infraestrutura-escolar-no-brasil\/\"},\"wordCount\":1134,\"publisher\":{\"@id\":\"https:\/\/agenciainfra.com\/blog\/#organization\"},\"image\":{\"@id\":\"https:\/\/agenciainfra.com\/blog\/opiniao-o-dilema-da-infraestrutura-escolar-no-brasil\/#primaryimage\"},\"thumbnailUrl\":\"https:\/\/agenciainfra.com\/blog\/wp-content\/uploads\/2025\/06\/Jose-Aliperti_Astra-Concessoes-Educacionais1-scaled-e1749819861936.jpg\",\"keywords\":[\"concess\u00f5es\",\"infraestrutura escolar\",\"Jos\u00e9 Aliperti\",\"PPPs\",\"PPPs educacionais\"],\"articleSection\":[\"iNFRACidades\"],\"inLanguage\":\"pt-BR\",\"copyrightYear\":\"2025\",\"copyrightHolder\":{\"@id\":\"https:\/\/agenciainfra.com\/blog\/#organization\"}},{\"@type\":\"WebPage\",\"@id\":\"https:\/\/agenciainfra.com\/blog\/opiniao-o-dilema-da-infraestrutura-escolar-no-brasil\/\",\"url\":\"https:\/\/agenciainfra.com\/blog\/opiniao-o-dilema-da-infraestrutura-escolar-no-brasil\/\",\"name\":\"Opini\u00e3o \u2013 O dilema da infraestrutura escolar no Brasil - Ag\u00eancia iNFRA\",\"isPartOf\":{\"@id\":\"https:\/\/agenciainfra.com\/blog\/#website\"},\"primaryImageOfPage\":{\"@id\":\"https:\/\/agenciainfra.com\/blog\/opiniao-o-dilema-da-infraestrutura-escolar-no-brasil\/#primaryimage\"},\"image\":{\"@id\":\"https:\/\/agenciainfra.com\/blog\/opiniao-o-dilema-da-infraestrutura-escolar-no-brasil\/#primaryimage\"},\"thumbnailUrl\":\"https:\/\/agenciainfra.com\/blog\/wp-content\/uploads\/2025\/06\/Jose-Aliperti_Astra-Concessoes-Educacionais1-scaled-e1749819861936.jpg\",\"datePublished\":\"2025-06-16T18:30:00+00:00\",\"dateModified\":\"2026-02-13T20:22:05+00:00\",\"breadcrumb\":{\"@id\":\"https:\/\/agenciainfra.com\/blog\/opiniao-o-dilema-da-infraestrutura-escolar-no-brasil\/#breadcrumb\"},\"inLanguage\":\"pt-BR\",\"potentialAction\":[{\"@type\":\"ReadAction\",\"target\":[\"https:\/\/agenciainfra.com\/blog\/opiniao-o-dilema-da-infraestrutura-escolar-no-brasil\/\"]}]},{\"@type\":\"ImageObject\",\"inLanguage\":\"pt-BR\",\"@id\":\"https:\/\/agenciainfra.com\/blog\/opiniao-o-dilema-da-infraestrutura-escolar-no-brasil\/#primaryimage\",\"url\":\"https:\/\/agenciainfra.com\/blog\/wp-content\/uploads\/2025\/06\/Jose-Aliperti_Astra-Concessoes-Educacionais1-scaled-e1749819861936.jpg\",\"contentUrl\":\"https:\/\/agenciainfra.com\/blog\/wp-content\/uploads\/2025\/06\/Jose-Aliperti_Astra-Concessoes-Educacionais1-scaled-e1749819861936.jpg\",\"width\":1280,\"height\":785},{\"@type\":\"BreadcrumbList\",\"@id\":\"https:\/\/agenciainfra.com\/blog\/opiniao-o-dilema-da-infraestrutura-escolar-no-brasil\/#breadcrumb\",\"itemListElement\":[{\"@type\":\"ListItem\",\"position\":1,\"name\":\"In\u00edcio\",\"item\":\"https:\/\/agenciainfra.com\/blog\/\"},{\"@type\":\"ListItem\",\"position\":2,\"name\":\"Opini\u00e3o \u2013 O dilema da infraestrutura escolar no Brasil\"}]},{\"@type\":\"WebSite\",\"@id\":\"https:\/\/agenciainfra.com\/blog\/#website\",\"url\":\"https:\/\/agenciainfra.com\/blog\/\",\"name\":\"Ag\u00eancia iNFRA\",\"description\":\"Multiplataforma de informa\u00e7\u00e3o jornal\u00edstica refer\u00eancia na \u00e1rea de infraestrutura no Brasil!\",\"publisher\":{\"@id\":\"https:\/\/agenciainfra.com\/blog\/#organization\"},\"potentialAction\":[{\"@type\":\"SearchAction\",\"target\":{\"@type\":\"EntryPoint\",\"urlTemplate\":\"https:\/\/agenciainfra.com\/blog\/?s={search_term_string}\"},\"query-input\":{\"@type\":\"PropertyValueSpecification\",\"valueRequired\":true,\"valueName\":\"search_term_string\"}}],\"inLanguage\":\"pt-BR\"},{\"@type\":\"Organization\",\"@id\":\"https:\/\/agenciainfra.com\/blog\/#organization\",\"name\":\"Ag\u00eancia iNFRA\",\"url\":\"https:\/\/agenciainfra.com\/blog\/\",\"logo\":{\"@type\":\"ImageObject\",\"inLanguage\":\"pt-BR\",\"@id\":\"https:\/\/agenciainfra.com\/blog\/#\/schema\/logo\/image\/\",\"url\":\"https:\/\/agenciainfra.com\/blog\/wp-content\/uploads\/2023\/09\/iNFRA_5-e1761735885940.png\",\"contentUrl\":\"https:\/\/agenciainfra.com\/blog\/wp-content\/uploads\/2023\/09\/iNFRA_5-e1761735885940.png\",\"width\":1672,\"height\":454,\"caption\":\"Ag\u00eancia iNFRA\"},\"image\":{\"@id\":\"https:\/\/agenciainfra.com\/blog\/#\/schema\/logo\/image\/\"},\"sameAs\":[\"https:\/\/www.facebook.com\/ageninfra\",\"https:\/\/x.com\/agencia_infra\",\"https:\/\/www.linkedin.com\/company\/ag\u00eanciainfra\/\",\"https:\/\/www.instagram.com\/agenciainfra\/\"]},{\"@type\":\"Person\",\"@id\":\"https:\/\/agenciainfra.com\/blog\/#\/schema\/person\/34af08dff6adea4cb22b06612ba7acfa\",\"name\":\"Ag\u00eancia iNFRA\",\"image\":{\"@type\":\"ImageObject\",\"inLanguage\":\"pt-BR\",\"@id\":\"https:\/\/agenciainfra.com\/blog\/#\/schema\/person\/image\/\",\"url\":\"https:\/\/secure.gravatar.com\/avatar\/d189e01678f06d8eb84d4e01f08eb848b3fffe3f8443818d3c356c66892f5be8?s=96&d=mm&r=g\",\"contentUrl\":\"https:\/\/secure.gravatar.com\/avatar\/d189e01678f06d8eb84d4e01f08eb848b3fffe3f8443818d3c356c66892f5be8?s=96&d=mm&r=g\",\"caption\":\"Ag\u00eancia iNFRA\"},\"url\":\"https:\/\/agenciainfra.com\/blog\/author\/admin\/\"}]}<\/script>\n<!-- \/ Yoast SEO Premium plugin. -->","yoast_head_json":{"title":"Opini\u00e3o \u2013 O dilema da infraestrutura escolar no Brasil - Ag\u00eancia iNFRA","robots":{"index":"index","follow":"follow","max-snippet":"max-snippet:-1","max-image-preview":"max-image-preview:large","max-video-preview":"max-video-preview:-1"},"canonical":"https:\/\/agenciainfra.com\/blog\/opiniao-o-dilema-da-infraestrutura-escolar-no-brasil\/","og_locale":"pt_BR","og_type":"article","og_title":"Opini\u00e3o \u2013 O dilema da infraestrutura escolar no Brasil","og_description":"Jos\u00e9 Aliperti* O Brasil superou o desafio do acesso \u00e0 educa\u00e7\u00e3o b\u00e1sica h\u00e1 mais de duas d\u00e9cadas. Desde o in\u00edcio do s\u00e9culo XXI, a imensa maioria das crian\u00e7as e adolescentes de 5 a 17 anos est\u00e1 matriculada na escola, segundo dados do Inep (Instituto Nacional de Estudos e Pesquisas Educacionais An\u00edsio Teixeira). Esse avan\u00e7o foi [&hellip;]","og_url":"https:\/\/agenciainfra.com\/blog\/opiniao-o-dilema-da-infraestrutura-escolar-no-brasil\/","og_site_name":"Ag\u00eancia iNFRA","article_publisher":"https:\/\/www.facebook.com\/ageninfra","article_published_time":"2025-06-16T18:30:00+00:00","article_modified_time":"2026-02-13T20:22:05+00:00","og_image":[{"width":1280,"height":785,"url":"https:\/\/agenciainfra.com\/blog\/wp-content\/uploads\/2025\/06\/Jose-Aliperti_Astra-Concessoes-Educacionais1-scaled-e1749819861936.jpg","type":"image\/jpeg"}],"author":"Ag\u00eancia iNFRA","twitter_card":"summary_large_image","twitter_creator":"@agencia_infra","twitter_site":"@agencia_infra","twitter_misc":{"Escrito por":"Ag\u00eancia iNFRA","Est. tempo de leitura":"6 minutos"},"schema":{"@context":"https:\/\/schema.org","@graph":[{"@type":"Article","@id":"https:\/\/agenciainfra.com\/blog\/opiniao-o-dilema-da-infraestrutura-escolar-no-brasil\/#article","isPartOf":{"@id":"https:\/\/agenciainfra.com\/blog\/opiniao-o-dilema-da-infraestrutura-escolar-no-brasil\/"},"author":{"name":"Ag\u00eancia iNFRA","@id":"https:\/\/agenciainfra.com\/blog\/#\/schema\/person\/34af08dff6adea4cb22b06612ba7acfa"},"headline":"Opini\u00e3o \u2013 O dilema da infraestrutura escolar no Brasil","datePublished":"2025-06-16T18:30:00+00:00","dateModified":"2026-02-13T20:22:05+00:00","mainEntityOfPage":{"@id":"https:\/\/agenciainfra.com\/blog\/opiniao-o-dilema-da-infraestrutura-escolar-no-brasil\/"},"wordCount":1134,"publisher":{"@id":"https:\/\/agenciainfra.com\/blog\/#organization"},"image":{"@id":"https:\/\/agenciainfra.com\/blog\/opiniao-o-dilema-da-infraestrutura-escolar-no-brasil\/#primaryimage"},"thumbnailUrl":"https:\/\/agenciainfra.com\/blog\/wp-content\/uploads\/2025\/06\/Jose-Aliperti_Astra-Concessoes-Educacionais1-scaled-e1749819861936.jpg","keywords":["concess\u00f5es","infraestrutura escolar","Jos\u00e9 Aliperti","PPPs","PPPs educacionais"],"articleSection":["iNFRACidades"],"inLanguage":"pt-BR","copyrightYear":"2025","copyrightHolder":{"@id":"https:\/\/agenciainfra.com\/blog\/#organization"}},{"@type":"WebPage","@id":"https:\/\/agenciainfra.com\/blog\/opiniao-o-dilema-da-infraestrutura-escolar-no-brasil\/","url":"https:\/\/agenciainfra.com\/blog\/opiniao-o-dilema-da-infraestrutura-escolar-no-brasil\/","name":"Opini\u00e3o \u2013 O dilema da infraestrutura escolar no Brasil - Ag\u00eancia iNFRA","isPartOf":{"@id":"https:\/\/agenciainfra.com\/blog\/#website"},"primaryImageOfPage":{"@id":"https:\/\/agenciainfra.com\/blog\/opiniao-o-dilema-da-infraestrutura-escolar-no-brasil\/#primaryimage"},"image":{"@id":"https:\/\/agenciainfra.com\/blog\/opiniao-o-dilema-da-infraestrutura-escolar-no-brasil\/#primaryimage"},"thumbnailUrl":"https:\/\/agenciainfra.com\/blog\/wp-content\/uploads\/2025\/06\/Jose-Aliperti_Astra-Concessoes-Educacionais1-scaled-e1749819861936.jpg","datePublished":"2025-06-16T18:30:00+00:00","dateModified":"2026-02-13T20:22:05+00:00","breadcrumb":{"@id":"https:\/\/agenciainfra.com\/blog\/opiniao-o-dilema-da-infraestrutura-escolar-no-brasil\/#breadcrumb"},"inLanguage":"pt-BR","potentialAction":[{"@type":"ReadAction","target":["https:\/\/agenciainfra.com\/blog\/opiniao-o-dilema-da-infraestrutura-escolar-no-brasil\/"]}]},{"@type":"ImageObject","inLanguage":"pt-BR","@id":"https:\/\/agenciainfra.com\/blog\/opiniao-o-dilema-da-infraestrutura-escolar-no-brasil\/#primaryimage","url":"https:\/\/agenciainfra.com\/blog\/wp-content\/uploads\/2025\/06\/Jose-Aliperti_Astra-Concessoes-Educacionais1-scaled-e1749819861936.jpg","contentUrl":"https:\/\/agenciainfra.com\/blog\/wp-content\/uploads\/2025\/06\/Jose-Aliperti_Astra-Concessoes-Educacionais1-scaled-e1749819861936.jpg","width":1280,"height":785},{"@type":"BreadcrumbList","@id":"https:\/\/agenciainfra.com\/blog\/opiniao-o-dilema-da-infraestrutura-escolar-no-brasil\/#breadcrumb","itemListElement":[{"@type":"ListItem","position":1,"name":"In\u00edcio","item":"https:\/\/agenciainfra.com\/blog\/"},{"@type":"ListItem","position":2,"name":"Opini\u00e3o \u2013 O dilema da infraestrutura escolar no Brasil"}]},{"@type":"WebSite","@id":"https:\/\/agenciainfra.com\/blog\/#website","url":"https:\/\/agenciainfra.com\/blog\/","name":"Ag\u00eancia iNFRA","description":"Multiplataforma de informa\u00e7\u00e3o jornal\u00edstica refer\u00eancia na \u00e1rea de infraestrutura no Brasil!","publisher":{"@id":"https:\/\/agenciainfra.com\/blog\/#organization"},"potentialAction":[{"@type":"SearchAction","target":{"@type":"EntryPoint","urlTemplate":"https:\/\/agenciainfra.com\/blog\/?s={search_term_string}"},"query-input":{"@type":"PropertyValueSpecification","valueRequired":true,"valueName":"search_term_string"}}],"inLanguage":"pt-BR"},{"@type":"Organization","@id":"https:\/\/agenciainfra.com\/blog\/#organization","name":"Ag\u00eancia iNFRA","url":"https:\/\/agenciainfra.com\/blog\/","logo":{"@type":"ImageObject","inLanguage":"pt-BR","@id":"https:\/\/agenciainfra.com\/blog\/#\/schema\/logo\/image\/","url":"https:\/\/agenciainfra.com\/blog\/wp-content\/uploads\/2023\/09\/iNFRA_5-e1761735885940.png","contentUrl":"https:\/\/agenciainfra.com\/blog\/wp-content\/uploads\/2023\/09\/iNFRA_5-e1761735885940.png","width":1672,"height":454,"caption":"Ag\u00eancia iNFRA"},"image":{"@id":"https:\/\/agenciainfra.com\/blog\/#\/schema\/logo\/image\/"},"sameAs":["https:\/\/www.facebook.com\/ageninfra","https:\/\/x.com\/agencia_infra","https:\/\/www.linkedin.com\/company\/ag\u00eanciainfra\/","https:\/\/www.instagram.com\/agenciainfra\/"]},{"@type":"Person","@id":"https:\/\/agenciainfra.com\/blog\/#\/schema\/person\/34af08dff6adea4cb22b06612ba7acfa","name":"Ag\u00eancia iNFRA","image":{"@type":"ImageObject","inLanguage":"pt-BR","@id":"https:\/\/agenciainfra.com\/blog\/#\/schema\/person\/image\/","url":"https:\/\/secure.gravatar.com\/avatar\/d189e01678f06d8eb84d4e01f08eb848b3fffe3f8443818d3c356c66892f5be8?s=96&d=mm&r=g","contentUrl":"https:\/\/secure.gravatar.com\/avatar\/d189e01678f06d8eb84d4e01f08eb848b3fffe3f8443818d3c356c66892f5be8?s=96&d=mm&r=g","caption":"Ag\u00eancia iNFRA"},"url":"https:\/\/agenciainfra.com\/blog\/author\/admin\/"}]}},"_links":{"self":[{"href":"https:\/\/agenciainfra.com\/blog\/wp-json\/wp\/v2\/posts\/22867","targetHints":{"allow":["GET"]}}],"collection":[{"href":"https:\/\/agenciainfra.com\/blog\/wp-json\/wp\/v2\/posts"}],"about":[{"href":"https:\/\/agenciainfra.com\/blog\/wp-json\/wp\/v2\/types\/post"}],"author":[{"embeddable":true,"href":"https:\/\/agenciainfra.com\/blog\/wp-json\/wp\/v2\/users\/1"}],"replies":[{"embeddable":true,"href":"https:\/\/agenciainfra.com\/blog\/wp-json\/wp\/v2\/comments?post=22867"}],"version-history":[{"count":1,"href":"https:\/\/agenciainfra.com\/blog\/wp-json\/wp\/v2\/posts\/22867\/revisions"}],"predecessor-version":[{"id":22869,"href":"https:\/\/agenciainfra.com\/blog\/wp-json\/wp\/v2\/posts\/22867\/revisions\/22869"}],"wp:featuredmedia":[{"embeddable":true,"href":"https:\/\/agenciainfra.com\/blog\/wp-json\/wp\/v2\/media\/22868"}],"wp:attachment":[{"href":"https:\/\/agenciainfra.com\/blog\/wp-json\/wp\/v2\/media?parent=22867"}],"wp:term":[{"taxonomy":"category","embeddable":true,"href":"https:\/\/agenciainfra.com\/blog\/wp-json\/wp\/v2\/categories?post=22867"},{"taxonomy":"post_tag","embeddable":true,"href":"https:\/\/agenciainfra.com\/blog\/wp-json\/wp\/v2\/tags?post=22867"}],"curies":[{"name":"wp","href":"https:\/\/api.w.org\/{rel}","templated":true}]}}