{"id":22879,"date":"2025-06-13T13:12:37","date_gmt":"2025-06-13T16:12:37","guid":{"rendered":"https:\/\/agenciainfra.com\/blog\/?p=22879"},"modified":"2025-06-13T13:13:42","modified_gmt":"2025-06-13T16:13:42","slug":"furto-de-energia-gerou-prejuizo-de-r-103-bilhoes-as-distribuidoras-em-2024-aponta-aneel","status":"publish","type":"post","link":"https:\/\/agenciainfra.com\/blog\/furto-de-energia-gerou-prejuizo-de-r-103-bilhoes-as-distribuidoras-em-2024-aponta-aneel\/","title":{"rendered":"Furto de energia gerou preju\u00edzo de R$ 10,3 bilh\u00f5es \u00e0s distribuidoras em 2024, aponta ANEEL"},"content":{"rendered":"\n<p class=\"has-text-align-right\"><strong>da Ag\u00eancia iNFRA<\/strong><\/p>\n\n\n\n<p>O sistema de distribui\u00e7\u00e3o de energia el\u00e9trica brasileiro registrou, em 2024, perdas n\u00e3o t\u00e9cnicas \u2013 aquelas relacionadas principalmente a furtos, fraudes e erros de medi\u00e7\u00e3o \u2013 estimadas em R$ 10,3 bilh\u00f5es, de acordo com <a href=\"https:\/\/agenciainfra.com\/blog\/wp-content\/uploads\/2025\/06\/Relatorio_Perdas_Energia.pdf\">relat\u00f3rio divulgado<\/a> pela ANEEL (Ag\u00eancia Nacional de Energia El\u00e9trica). Rio de Janeiro e Amazonas lideram o ranking dos estados com maior volume de perdas, com Light (RJ) e Amazonas Energia (AM) respondendo juntas por 34,1% do total nacional.<\/p>\n\n\n\n<p>Segundo a ag\u00eancia, as dez distribuidoras com maior volume de perdas n\u00e3o t\u00e9cnicas foram respons\u00e1veis por 74% do total registrado no pa\u00eds. A ANEEL define limites regulat\u00f3rios para incentivar as concession\u00e1rias a reduzir esses \u00edndices ao longo dos anos, mas n\u00e3o aplica penalidades diretas caso esses patamares n\u00e3o sejam atingidos. A ideia \u00e9 estimular as empresas, por meio de incentivos financeiros, a adotar estrat\u00e9gias pr\u00f3prias e eficazes de combate aos &#8220;gatos de energia&#8221;.<\/p>\n\n\n\n<p>As perdas t\u00e9cnicas, que ocorrem inevitavelmente no transporte de energia pelas redes e est\u00e3o ligadas \u00e0s caracter\u00edsticas f\u00edsicas do sistema, somaram R$ 11,2 bilh\u00f5es no mesmo per\u00edodo. Esse valor \u00e9 reconhecido nas tarifas pagas pelos consumidores, desde que os n\u00edveis sejam considerados eficientes pela ANEEL.<\/p>\n","protected":false},"excerpt":{"rendered":"<p>da Ag\u00eancia iNFRA O sistema de distribui\u00e7\u00e3o de energia el\u00e9trica brasileiro registrou, em 2024, perdas n\u00e3o t\u00e9cnicas \u2013 aquelas relacionadas principalmente a furtos, fraudes e erros de medi\u00e7\u00e3o \u2013 estimadas em R$ 10,3 bilh\u00f5es, de acordo com relat\u00f3rio divulgado pela ANEEL (Ag\u00eancia Nacional de Energia El\u00e9trica). Rio de Janeiro e Amazonas lideram o ranking dos [&hellip;]<\/p>\n","protected":false},"author":1,"featured_media":17752,"comment_status":"closed","ping_status":"closed","sticky":false,"template":"","format":"standard","meta":{"_monsterinsights_skip_tracking":false,"_monsterinsights_sitenote_active":false,"_monsterinsights_sitenote_note":"","_monsterinsights_sitenote_category":0,"footnotes":""},"categories":[1,13576],"tags":[53,282,13769,1867,13767,12768,13768],"class_list":["post-22879","post","type-post","status-publish","format-standard","has-post-thumbnail","hentry","category-geral","category-giro-infra","tag-aneel","tag-energia-eletrica","tag-gato-de-energia","tag-light","tag-perdas-de-energia","tag-perdas-nao-tecnicas","tag-perdas-tecnicas"],"yoast_head":"<!-- This site is optimized with the Yoast SEO Premium plugin v25.4 (Yoast SEO v26.0) - https:\/\/yoast.com\/wordpress\/plugins\/seo\/ -->\n<title>Furto de energia gerou preju\u00edzo de R$ 10,3 bilh\u00f5es \u00e0s distribuidoras em 2024, aponta ANEEL - Ag\u00eancia iNFRA<\/title>\n<meta name=\"robots\" content=\"index, follow, max-snippet:-1, max-image-preview:large, max-video-preview:-1\" \/>\n<link rel=\"canonical\" href=\"https:\/\/agenciainfra.com\/blog\/furto-de-energia-gerou-prejuizo-de-r-103-bilhoes-as-distribuidoras-em-2024-aponta-aneel\/\" \/>\n<meta property=\"og:locale\" content=\"pt_BR\" \/>\n<meta property=\"og:type\" content=\"article\" \/>\n<meta property=\"og:title\" content=\"Furto de energia gerou preju\u00edzo de R$ 10,3 bilh\u00f5es \u00e0s distribuidoras em 2024, aponta ANEEL\" \/>\n<meta property=\"og:description\" content=\"da Ag\u00eancia iNFRA O sistema de distribui\u00e7\u00e3o de energia el\u00e9trica brasileiro registrou, em 2024, perdas n\u00e3o t\u00e9cnicas \u2013 aquelas relacionadas principalmente a furtos, fraudes e erros de medi\u00e7\u00e3o \u2013 estimadas em R$ 10,3 bilh\u00f5es, de acordo com relat\u00f3rio divulgado pela ANEEL (Ag\u00eancia Nacional de Energia El\u00e9trica). Rio de Janeiro e Amazonas lideram o ranking dos [&hellip;]\" \/>\n<meta property=\"og:url\" content=\"https:\/\/agenciainfra.com\/blog\/furto-de-energia-gerou-prejuizo-de-r-103-bilhoes-as-distribuidoras-em-2024-aponta-aneel\/\" \/>\n<meta property=\"og:site_name\" content=\"Ag\u00eancia iNFRA\" \/>\n<meta property=\"article:publisher\" content=\"https:\/\/www.facebook.com\/ageninfra\" \/>\n<meta property=\"article:published_time\" content=\"2025-06-13T16:12:37+00:00\" \/>\n<meta property=\"article:modified_time\" content=\"2025-06-13T16:13:42+00:00\" \/>\n<meta property=\"og:image\" content=\"https:\/\/agenciainfra.com\/blog\/wp-content\/uploads\/2024\/07\/poste-foto-pxhere-e1749831112219.jpg\" \/>\n\t<meta property=\"og:image:width\" content=\"1202\" \/>\n\t<meta property=\"og:image:height\" content=\"755\" \/>\n\t<meta property=\"og:image:type\" content=\"image\/jpeg\" \/>\n<meta name=\"author\" content=\"Ag\u00eancia iNFRA\" \/>\n<meta name=\"twitter:card\" content=\"summary_large_image\" \/>\n<meta name=\"twitter:creator\" content=\"@agencia_infra\" \/>\n<meta name=\"twitter:site\" content=\"@agencia_infra\" \/>\n<meta name=\"twitter:label1\" content=\"Escrito por\" \/>\n\t<meta name=\"twitter:data1\" content=\"Ag\u00eancia iNFRA\" \/>\n\t<meta name=\"twitter:label2\" content=\"Est. tempo de leitura\" \/>\n\t<meta name=\"twitter:data2\" content=\"1 minuto\" \/>\n<script type=\"application\/ld+json\" class=\"yoast-schema-graph\">{\"@context\":\"https:\/\/schema.org\",\"@graph\":[{\"@type\":\"Article\",\"@id\":\"https:\/\/agenciainfra.com\/blog\/furto-de-energia-gerou-prejuizo-de-r-103-bilhoes-as-distribuidoras-em-2024-aponta-aneel\/#article\",\"isPartOf\":{\"@id\":\"https:\/\/agenciainfra.com\/blog\/furto-de-energia-gerou-prejuizo-de-r-103-bilhoes-as-distribuidoras-em-2024-aponta-aneel\/\"},\"author\":{\"name\":\"Ag\u00eancia iNFRA\",\"@id\":\"https:\/\/agenciainfra.com\/blog\/#\/schema\/person\/34af08dff6adea4cb22b06612ba7acfa\"},\"headline\":\"Furto de energia gerou preju\u00edzo de R$ 10,3 bilh\u00f5es \u00e0s distribuidoras em 2024, aponta ANEEL\",\"datePublished\":\"2025-06-13T16:12:37+00:00\",\"dateModified\":\"2025-06-13T16:13:42+00:00\",\"mainEntityOfPage\":{\"@id\":\"https:\/\/agenciainfra.com\/blog\/furto-de-energia-gerou-prejuizo-de-r-103-bilhoes-as-distribuidoras-em-2024-aponta-aneel\/\"},\"wordCount\":227,\"publisher\":{\"@id\":\"https:\/\/agenciainfra.com\/blog\/#organization\"},\"image\":{\"@id\":\"https:\/\/agenciainfra.com\/blog\/furto-de-energia-gerou-prejuizo-de-r-103-bilhoes-as-distribuidoras-em-2024-aponta-aneel\/#primaryimage\"},\"thumbnailUrl\":\"https:\/\/agenciainfra.com\/blog\/wp-content\/uploads\/2024\/07\/poste-foto-pxhere-e1749831112219.jpg\",\"keywords\":[\"ANEEL\",\"energia el\u00e9trica\",\"gato de energia\",\"Light\",\"perdas de energia\",\"perdas n\u00e3o t\u00e9cnicas\",\"perdas t\u00e9cnicas\"],\"articleSection\":[\"Geral\",\"Giro iNFRA\"],\"inLanguage\":\"pt-BR\",\"copyrightYear\":\"2025\",\"copyrightHolder\":{\"@id\":\"https:\/\/agenciainfra.com\/blog\/#organization\"}},{\"@type\":\"WebPage\",\"@id\":\"https:\/\/agenciainfra.com\/blog\/furto-de-energia-gerou-prejuizo-de-r-103-bilhoes-as-distribuidoras-em-2024-aponta-aneel\/\",\"url\":\"https:\/\/agenciainfra.com\/blog\/furto-de-energia-gerou-prejuizo-de-r-103-bilhoes-as-distribuidoras-em-2024-aponta-aneel\/\",\"name\":\"Furto de energia gerou preju\u00edzo de R$ 10,3 bilh\u00f5es \u00e0s distribuidoras em 2024, aponta ANEEL - Ag\u00eancia iNFRA\",\"isPartOf\":{\"@id\":\"https:\/\/agenciainfra.com\/blog\/#website\"},\"primaryImageOfPage\":{\"@id\":\"https:\/\/agenciainfra.com\/blog\/furto-de-energia-gerou-prejuizo-de-r-103-bilhoes-as-distribuidoras-em-2024-aponta-aneel\/#primaryimage\"},\"image\":{\"@id\":\"https:\/\/agenciainfra.com\/blog\/furto-de-energia-gerou-prejuizo-de-r-103-bilhoes-as-distribuidoras-em-2024-aponta-aneel\/#primaryimage\"},\"thumbnailUrl\":\"https:\/\/agenciainfra.com\/blog\/wp-content\/uploads\/2024\/07\/poste-foto-pxhere-e1749831112219.jpg\",\"datePublished\":\"2025-06-13T16:12:37+00:00\",\"dateModified\":\"2025-06-13T16:13:42+00:00\",\"breadcrumb\":{\"@id\":\"https:\/\/agenciainfra.com\/blog\/furto-de-energia-gerou-prejuizo-de-r-103-bilhoes-as-distribuidoras-em-2024-aponta-aneel\/#breadcrumb\"},\"inLanguage\":\"pt-BR\",\"potentialAction\":[{\"@type\":\"ReadAction\",\"target\":[\"https:\/\/agenciainfra.com\/blog\/furto-de-energia-gerou-prejuizo-de-r-103-bilhoes-as-distribuidoras-em-2024-aponta-aneel\/\"]}]},{\"@type\":\"ImageObject\",\"inLanguage\":\"pt-BR\",\"@id\":\"https:\/\/agenciainfra.com\/blog\/furto-de-energia-gerou-prejuizo-de-r-103-bilhoes-as-distribuidoras-em-2024-aponta-aneel\/#primaryimage\",\"url\":\"https:\/\/agenciainfra.com\/blog\/wp-content\/uploads\/2024\/07\/poste-foto-pxhere-e1749831112219.jpg\",\"contentUrl\":\"https:\/\/agenciainfra.com\/blog\/wp-content\/uploads\/2024\/07\/poste-foto-pxhere-e1749831112219.jpg\",\"width\":1202,\"height\":755,\"caption\":\"Foto: Dom\u00ednio P\u00fablico\/PxHere\"},{\"@type\":\"BreadcrumbList\",\"@id\":\"https:\/\/agenciainfra.com\/blog\/furto-de-energia-gerou-prejuizo-de-r-103-bilhoes-as-distribuidoras-em-2024-aponta-aneel\/#breadcrumb\",\"itemListElement\":[{\"@type\":\"ListItem\",\"position\":1,\"name\":\"In\u00edcio\",\"item\":\"https:\/\/agenciainfra.com\/blog\/\"},{\"@type\":\"ListItem\",\"position\":2,\"name\":\"Furto de energia gerou preju\u00edzo de R$ 10,3 bilh\u00f5es \u00e0s distribuidoras em 2024, aponta ANEEL\"}]},{\"@type\":\"WebSite\",\"@id\":\"https:\/\/agenciainfra.com\/blog\/#website\",\"url\":\"https:\/\/agenciainfra.com\/blog\/\",\"name\":\"Ag\u00eancia iNFRA\",\"description\":\"Multiplataforma de informa\u00e7\u00e3o jornal\u00edstica refer\u00eancia na \u00e1rea de infraestrutura no Brasil!\",\"publisher\":{\"@id\":\"https:\/\/agenciainfra.com\/blog\/#organization\"},\"potentialAction\":[{\"@type\":\"SearchAction\",\"target\":{\"@type\":\"EntryPoint\",\"urlTemplate\":\"https:\/\/agenciainfra.com\/blog\/?s={search_term_string}\"},\"query-input\":{\"@type\":\"PropertyValueSpecification\",\"valueRequired\":true,\"valueName\":\"search_term_string\"}}],\"inLanguage\":\"pt-BR\"},{\"@type\":\"Organization\",\"@id\":\"https:\/\/agenciainfra.com\/blog\/#organization\",\"name\":\"Ag\u00eancia iNFRA\",\"url\":\"https:\/\/agenciainfra.com\/blog\/\",\"logo\":{\"@type\":\"ImageObject\",\"inLanguage\":\"pt-BR\",\"@id\":\"https:\/\/agenciainfra.com\/blog\/#\/schema\/logo\/image\/\",\"url\":\"https:\/\/agenciainfra.com\/blog\/wp-content\/uploads\/2023\/09\/iNFRA_5-e1761735885940.png\",\"contentUrl\":\"https:\/\/agenciainfra.com\/blog\/wp-content\/uploads\/2023\/09\/iNFRA_5-e1761735885940.png\",\"width\":1672,\"height\":454,\"caption\":\"Ag\u00eancia iNFRA\"},\"image\":{\"@id\":\"https:\/\/agenciainfra.com\/blog\/#\/schema\/logo\/image\/\"},\"sameAs\":[\"https:\/\/www.facebook.com\/ageninfra\",\"https:\/\/x.com\/agencia_infra\",\"https:\/\/www.linkedin.com\/company\/ag\u00eanciainfra\/\",\"https:\/\/www.instagram.com\/agenciainfra\/\"]},{\"@type\":\"Person\",\"@id\":\"https:\/\/agenciainfra.com\/blog\/#\/schema\/person\/34af08dff6adea4cb22b06612ba7acfa\",\"name\":\"Ag\u00eancia iNFRA\",\"image\":{\"@type\":\"ImageObject\",\"inLanguage\":\"pt-BR\",\"@id\":\"https:\/\/agenciainfra.com\/blog\/#\/schema\/person\/image\/\",\"url\":\"https:\/\/secure.gravatar.com\/avatar\/d189e01678f06d8eb84d4e01f08eb848b3fffe3f8443818d3c356c66892f5be8?s=96&d=mm&r=g\",\"contentUrl\":\"https:\/\/secure.gravatar.com\/avatar\/d189e01678f06d8eb84d4e01f08eb848b3fffe3f8443818d3c356c66892f5be8?s=96&d=mm&r=g\",\"caption\":\"Ag\u00eancia iNFRA\"},\"url\":\"https:\/\/agenciainfra.com\/blog\/author\/admin\/\"}]}<\/script>\n<!-- \/ Yoast SEO Premium plugin. -->","yoast_head_json":{"title":"Furto de energia gerou preju\u00edzo de R$ 10,3 bilh\u00f5es \u00e0s distribuidoras em 2024, aponta ANEEL - Ag\u00eancia iNFRA","robots":{"index":"index","follow":"follow","max-snippet":"max-snippet:-1","max-image-preview":"max-image-preview:large","max-video-preview":"max-video-preview:-1"},"canonical":"https:\/\/agenciainfra.com\/blog\/furto-de-energia-gerou-prejuizo-de-r-103-bilhoes-as-distribuidoras-em-2024-aponta-aneel\/","og_locale":"pt_BR","og_type":"article","og_title":"Furto de energia gerou preju\u00edzo de R$ 10,3 bilh\u00f5es \u00e0s distribuidoras em 2024, aponta ANEEL","og_description":"da Ag\u00eancia iNFRA O sistema de distribui\u00e7\u00e3o de energia el\u00e9trica brasileiro registrou, em 2024, perdas n\u00e3o t\u00e9cnicas \u2013 aquelas relacionadas principalmente a furtos, fraudes e erros de medi\u00e7\u00e3o \u2013 estimadas em R$ 10,3 bilh\u00f5es, de acordo com relat\u00f3rio divulgado pela ANEEL (Ag\u00eancia Nacional de Energia El\u00e9trica). Rio de Janeiro e Amazonas lideram o ranking dos [&hellip;]","og_url":"https:\/\/agenciainfra.com\/blog\/furto-de-energia-gerou-prejuizo-de-r-103-bilhoes-as-distribuidoras-em-2024-aponta-aneel\/","og_site_name":"Ag\u00eancia iNFRA","article_publisher":"https:\/\/www.facebook.com\/ageninfra","article_published_time":"2025-06-13T16:12:37+00:00","article_modified_time":"2025-06-13T16:13:42+00:00","og_image":[{"width":1202,"height":755,"url":"https:\/\/agenciainfra.com\/blog\/wp-content\/uploads\/2024\/07\/poste-foto-pxhere-e1749831112219.jpg","type":"image\/jpeg"}],"author":"Ag\u00eancia iNFRA","twitter_card":"summary_large_image","twitter_creator":"@agencia_infra","twitter_site":"@agencia_infra","twitter_misc":{"Escrito por":"Ag\u00eancia iNFRA","Est. tempo de leitura":"1 minuto"},"schema":{"@context":"https:\/\/schema.org","@graph":[{"@type":"Article","@id":"https:\/\/agenciainfra.com\/blog\/furto-de-energia-gerou-prejuizo-de-r-103-bilhoes-as-distribuidoras-em-2024-aponta-aneel\/#article","isPartOf":{"@id":"https:\/\/agenciainfra.com\/blog\/furto-de-energia-gerou-prejuizo-de-r-103-bilhoes-as-distribuidoras-em-2024-aponta-aneel\/"},"author":{"name":"Ag\u00eancia iNFRA","@id":"https:\/\/agenciainfra.com\/blog\/#\/schema\/person\/34af08dff6adea4cb22b06612ba7acfa"},"headline":"Furto de energia gerou preju\u00edzo de R$ 10,3 bilh\u00f5es \u00e0s distribuidoras em 2024, aponta ANEEL","datePublished":"2025-06-13T16:12:37+00:00","dateModified":"2025-06-13T16:13:42+00:00","mainEntityOfPage":{"@id":"https:\/\/agenciainfra.com\/blog\/furto-de-energia-gerou-prejuizo-de-r-103-bilhoes-as-distribuidoras-em-2024-aponta-aneel\/"},"wordCount":227,"publisher":{"@id":"https:\/\/agenciainfra.com\/blog\/#organization"},"image":{"@id":"https:\/\/agenciainfra.com\/blog\/furto-de-energia-gerou-prejuizo-de-r-103-bilhoes-as-distribuidoras-em-2024-aponta-aneel\/#primaryimage"},"thumbnailUrl":"https:\/\/agenciainfra.com\/blog\/wp-content\/uploads\/2024\/07\/poste-foto-pxhere-e1749831112219.jpg","keywords":["ANEEL","energia el\u00e9trica","gato de energia","Light","perdas de energia","perdas n\u00e3o t\u00e9cnicas","perdas t\u00e9cnicas"],"articleSection":["Geral","Giro iNFRA"],"inLanguage":"pt-BR","copyrightYear":"2025","copyrightHolder":{"@id":"https:\/\/agenciainfra.com\/blog\/#organization"}},{"@type":"WebPage","@id":"https:\/\/agenciainfra.com\/blog\/furto-de-energia-gerou-prejuizo-de-r-103-bilhoes-as-distribuidoras-em-2024-aponta-aneel\/","url":"https:\/\/agenciainfra.com\/blog\/furto-de-energia-gerou-prejuizo-de-r-103-bilhoes-as-distribuidoras-em-2024-aponta-aneel\/","name":"Furto de energia gerou preju\u00edzo de R$ 10,3 bilh\u00f5es \u00e0s distribuidoras em 2024, aponta ANEEL - Ag\u00eancia iNFRA","isPartOf":{"@id":"https:\/\/agenciainfra.com\/blog\/#website"},"primaryImageOfPage":{"@id":"https:\/\/agenciainfra.com\/blog\/furto-de-energia-gerou-prejuizo-de-r-103-bilhoes-as-distribuidoras-em-2024-aponta-aneel\/#primaryimage"},"image":{"@id":"https:\/\/agenciainfra.com\/blog\/furto-de-energia-gerou-prejuizo-de-r-103-bilhoes-as-distribuidoras-em-2024-aponta-aneel\/#primaryimage"},"thumbnailUrl":"https:\/\/agenciainfra.com\/blog\/wp-content\/uploads\/2024\/07\/poste-foto-pxhere-e1749831112219.jpg","datePublished":"2025-06-13T16:12:37+00:00","dateModified":"2025-06-13T16:13:42+00:00","breadcrumb":{"@id":"https:\/\/agenciainfra.com\/blog\/furto-de-energia-gerou-prejuizo-de-r-103-bilhoes-as-distribuidoras-em-2024-aponta-aneel\/#breadcrumb"},"inLanguage":"pt-BR","potentialAction":[{"@type":"ReadAction","target":["https:\/\/agenciainfra.com\/blog\/furto-de-energia-gerou-prejuizo-de-r-103-bilhoes-as-distribuidoras-em-2024-aponta-aneel\/"]}]},{"@type":"ImageObject","inLanguage":"pt-BR","@id":"https:\/\/agenciainfra.com\/blog\/furto-de-energia-gerou-prejuizo-de-r-103-bilhoes-as-distribuidoras-em-2024-aponta-aneel\/#primaryimage","url":"https:\/\/agenciainfra.com\/blog\/wp-content\/uploads\/2024\/07\/poste-foto-pxhere-e1749831112219.jpg","contentUrl":"https:\/\/agenciainfra.com\/blog\/wp-content\/uploads\/2024\/07\/poste-foto-pxhere-e1749831112219.jpg","width":1202,"height":755,"caption":"Foto: Dom\u00ednio P\u00fablico\/PxHere"},{"@type":"BreadcrumbList","@id":"https:\/\/agenciainfra.com\/blog\/furto-de-energia-gerou-prejuizo-de-r-103-bilhoes-as-distribuidoras-em-2024-aponta-aneel\/#breadcrumb","itemListElement":[{"@type":"ListItem","position":1,"name":"In\u00edcio","item":"https:\/\/agenciainfra.com\/blog\/"},{"@type":"ListItem","position":2,"name":"Furto de energia gerou preju\u00edzo de R$ 10,3 bilh\u00f5es \u00e0s distribuidoras em 2024, aponta ANEEL"}]},{"@type":"WebSite","@id":"https:\/\/agenciainfra.com\/blog\/#website","url":"https:\/\/agenciainfra.com\/blog\/","name":"Ag\u00eancia iNFRA","description":"Multiplataforma de informa\u00e7\u00e3o jornal\u00edstica refer\u00eancia na \u00e1rea de infraestrutura no Brasil!","publisher":{"@id":"https:\/\/agenciainfra.com\/blog\/#organization"},"potentialAction":[{"@type":"SearchAction","target":{"@type":"EntryPoint","urlTemplate":"https:\/\/agenciainfra.com\/blog\/?s={search_term_string}"},"query-input":{"@type":"PropertyValueSpecification","valueRequired":true,"valueName":"search_term_string"}}],"inLanguage":"pt-BR"},{"@type":"Organization","@id":"https:\/\/agenciainfra.com\/blog\/#organization","name":"Ag\u00eancia iNFRA","url":"https:\/\/agenciainfra.com\/blog\/","logo":{"@type":"ImageObject","inLanguage":"pt-BR","@id":"https:\/\/agenciainfra.com\/blog\/#\/schema\/logo\/image\/","url":"https:\/\/agenciainfra.com\/blog\/wp-content\/uploads\/2023\/09\/iNFRA_5-e1761735885940.png","contentUrl":"https:\/\/agenciainfra.com\/blog\/wp-content\/uploads\/2023\/09\/iNFRA_5-e1761735885940.png","width":1672,"height":454,"caption":"Ag\u00eancia iNFRA"},"image":{"@id":"https:\/\/agenciainfra.com\/blog\/#\/schema\/logo\/image\/"},"sameAs":["https:\/\/www.facebook.com\/ageninfra","https:\/\/x.com\/agencia_infra","https:\/\/www.linkedin.com\/company\/ag\u00eanciainfra\/","https:\/\/www.instagram.com\/agenciainfra\/"]},{"@type":"Person","@id":"https:\/\/agenciainfra.com\/blog\/#\/schema\/person\/34af08dff6adea4cb22b06612ba7acfa","name":"Ag\u00eancia iNFRA","image":{"@type":"ImageObject","inLanguage":"pt-BR","@id":"https:\/\/agenciainfra.com\/blog\/#\/schema\/person\/image\/","url":"https:\/\/secure.gravatar.com\/avatar\/d189e01678f06d8eb84d4e01f08eb848b3fffe3f8443818d3c356c66892f5be8?s=96&d=mm&r=g","contentUrl":"https:\/\/secure.gravatar.com\/avatar\/d189e01678f06d8eb84d4e01f08eb848b3fffe3f8443818d3c356c66892f5be8?s=96&d=mm&r=g","caption":"Ag\u00eancia iNFRA"},"url":"https:\/\/agenciainfra.com\/blog\/author\/admin\/"}]}},"_links":{"self":[{"href":"https:\/\/agenciainfra.com\/blog\/wp-json\/wp\/v2\/posts\/22879","targetHints":{"allow":["GET"]}}],"collection":[{"href":"https:\/\/agenciainfra.com\/blog\/wp-json\/wp\/v2\/posts"}],"about":[{"href":"https:\/\/agenciainfra.com\/blog\/wp-json\/wp\/v2\/types\/post"}],"author":[{"embeddable":true,"href":"https:\/\/agenciainfra.com\/blog\/wp-json\/wp\/v2\/users\/1"}],"replies":[{"embeddable":true,"href":"https:\/\/agenciainfra.com\/blog\/wp-json\/wp\/v2\/comments?post=22879"}],"version-history":[{"count":2,"href":"https:\/\/agenciainfra.com\/blog\/wp-json\/wp\/v2\/posts\/22879\/revisions"}],"predecessor-version":[{"id":22883,"href":"https:\/\/agenciainfra.com\/blog\/wp-json\/wp\/v2\/posts\/22879\/revisions\/22883"}],"wp:featuredmedia":[{"embeddable":true,"href":"https:\/\/agenciainfra.com\/blog\/wp-json\/wp\/v2\/media\/17752"}],"wp:attachment":[{"href":"https:\/\/agenciainfra.com\/blog\/wp-json\/wp\/v2\/media?parent=22879"}],"wp:term":[{"taxonomy":"category","embeddable":true,"href":"https:\/\/agenciainfra.com\/blog\/wp-json\/wp\/v2\/categories?post=22879"},{"taxonomy":"post_tag","embeddable":true,"href":"https:\/\/agenciainfra.com\/blog\/wp-json\/wp\/v2\/tags?post=22879"}],"curies":[{"name":"wp","href":"https:\/\/api.w.org\/{rel}","templated":true}]}}