{"id":2289,"date":"2018-08-10T00:05:13","date_gmt":"2018-08-10T03:05:13","guid":{"rendered":"http:\/\/www.agenciainfra.com\/blog\/?p=2289"},"modified":"2018-08-10T19:59:58","modified_gmt":"2018-08-10T22:59:58","slug":"ppi-confirma-que-renovacao-da-ferrovia-de-carajas-tera-outorga-negativa","status":"publish","type":"post","link":"https:\/\/agenciainfra.com\/blog\/ppi-confirma-que-renovacao-da-ferrovia-de-carajas-tera-outorga-negativa\/","title":{"rendered":"PPI confirma que renova\u00e7\u00e3o da ferrovia de Caraj\u00e1s ter\u00e1 outorga negativa"},"content":{"rendered":"<div>\n<div style=\"text-align: right;\"><strong>da Ag\u00eancia iNFRA<\/strong><\/div>\n<p dir=\"ltr\">\n<p dir=\"ltr\">A audi\u00eancia p\u00fablica convocada pela comiss\u00e3o de Infraestrutura do Senado para debater a renova\u00e7\u00e3o antecipada das concess\u00f5es ferrovi\u00e1rias da Vale, realizada nesta ter\u00e7a-feira (7),\u00a0antecipou o duro embate que o governo ter\u00e1 para conseguir manter seu modelo de investimento cruzado e de precifica\u00e7\u00e3o dos ativos ferrovi\u00e1rios.<\/p>\n<p>As cr\u00edticas ao modelo, que s\u00f3 ser\u00e1 apresentado oficialmente nesta quinta-feira (9), ap\u00f3s a reuni\u00e3o da ANTT (Ag\u00eancia Nacional de Transportes Terrestres) que deve aprovar a abertura da audi\u00eancia p\u00fablica, foram contundentes, com o governo sendo acusado de estar sendo manipulado pela Vale para manter &#8220;o monop\u00f3lio do transporte de min\u00e9rio e criar um novo monop\u00f3lio no setor de gr\u00e3os&#8221;. Convidada, a Vale n\u00e3o mandou representante ao encontro.<\/p>\n<p>Pelo que se conhece do projeto, o governo pretende antecipar a renova\u00e7\u00e3o das duas concess\u00f5es da empresa, a EFC (Estrada de Ferro de Caraj\u00e1s) e a EFVM (Estrada de Ferro Vit\u00f3ria-Minas), em troca de um novo modelo regulat\u00f3rio, que garanta o direito de passagem, moderniza\u00e7\u00e3o das vias e tamb\u00e9m investimentos na constru\u00e7\u00e3o de outras vias, neste caso espec\u00edfico a FICO (Ferrovia do Centro-Oeste), ligando Mato Grosso \u00e0 Goi\u00e1s.<\/p>\n<p>Os tr\u00eas pontos foram atacados pelos representantes dos estados do Par\u00e1 e do Esp\u00edrito Santo, convocados para falar na audi\u00eancia, e por parlamentares de v\u00e1rios estados.<\/p>\n<p>O ex-secret\u00e1rio de Desenvolvimento do Par\u00e1, Adnan Demarchi, acusa Vale de induzir o governo a fazer os investimentos cruzados em ferrovias para manter o monop\u00f3lio da empresa e prejudicar concorrentes. Para ele, se o valor da outorga de Caraj\u00e1s for negativo, como o governo anunciou, ser\u00e1 melhor fazer uma licita\u00e7\u00e3o.<\/p>\n<p>Denarchi pediu para que o governo inverta o\u00a0modelo que concebeu de colocar o dinheiro da Norte-Sul para financiar uma poss\u00edvel ferrovia no Oeste do Par\u00e1, ainda n\u00e3o definida. Segundo ele, \u00e9 o dinheiro da outorga da Vale o recurso apropriado para ajudar a viabilizar a concess\u00e3o dessa ferrovia no estado.<\/p>\n<p><strong>Bem da Uni\u00e3o<\/strong><br \/>\nTarc\u00edsio de Freitas, secret\u00e1rio de fomento do PPI (Programa de Parceria de Investimentos), foi quem explicou o motivo da outorga ser negativa. Segundo ele, os investimentos feitos pela Vale na ferrovia ao longo do primeiro per\u00edodo da concess\u00e3o, estimados em R$ 15 bilh\u00f5es, n\u00e3o eram obrigat\u00f3rios e foram autorizados pelo governo.<\/p>\n<p>Agora, eles precisam ser compensados pelo governo para que os ativos passem a ser da Uni\u00e3o. Segundo Freitas, audi\u00eancia p\u00fablica para a renova\u00e7\u00e3o da concess\u00e3o da EFC e da EFVM vai permitir que as contas sejam auditadas pela sociedade e, depois disso, o modelo ainda ter\u00e1 que ser aprovado\u00a0pelo TCU (Tribunal de Contas da Uni\u00e3o).<\/p>\n<p>O valor da outorga da Caraj\u00e1s pela renova\u00e7\u00e3o n\u00e3o ser\u00e1 maior que o valor dos investimentos n\u00e3o depreciados porque a conta realizada n\u00e3o levou em considera\u00e7\u00e3o os valores de tarifas praticados nas concess\u00f5es ferrovi\u00e1rias, de acordo com explica\u00e7\u00e3o de t\u00e9cnicos ouvidos pela\u00a0<strong>Ag\u00eancia iNFRA<\/strong>.<\/p>\n<p>Freitas foi criticado pelos pol\u00edticos por supostamente estar querendo dividir os estados numa esp\u00e9cie de competi\u00e7\u00e3o por recursos. O governador do Par\u00e1, Sim\u00e3o Jatene, chamou o processo de renova\u00e7\u00e3o de a\u00e7odado e disse que o governo chegou a um valor para se fazer a FICO\u00a0sem que houvesse estudos para tal.<\/p>\n<p>Alexandre Nogueira, procurador do Esp\u00edrito Santo, disse que o governo local continuar\u00e1 tentando derrubar na Justi\u00e7a a decis\u00e3o do governo de fazer os investimentos cruzados.<\/p>\n<\/div>\n","protected":false},"excerpt":{"rendered":"<p>da Ag\u00eancia iNFRA A audi\u00eancia p\u00fablica convocada pela comiss\u00e3o de Infraestrutura do Senado para debater a renova\u00e7\u00e3o antecipada das concess\u00f5es ferrovi\u00e1rias da Vale, realizada nesta ter\u00e7a-feira (7),\u00a0antecipou o duro embate que o governo ter\u00e1 para conseguir manter seu modelo de investimento cruzado e de precifica\u00e7\u00e3o dos ativos ferrovi\u00e1rios. As cr\u00edticas ao modelo, que s\u00f3 ser\u00e1 [&hellip;]<\/p>\n","protected":false},"author":1,"featured_media":2024,"comment_status":"closed","ping_status":"open","sticky":false,"template":"","format":"standard","meta":{"_monsterinsights_skip_tracking":false,"_monsterinsights_sitenote_active":false,"_monsterinsights_sitenote_note":"","_monsterinsights_sitenote_category":0,"footnotes":""},"categories":[7],"tags":[546,229,228,120,445,36,387,547,83],"class_list":["post-2289","post","type-post","status-publish","format-standard","has-post-thumbnail","hentry","category-infratransporte","tag-carajas","tag-efc","tag-efvm","tag-ferrovias","tag-norte-sul","tag-ppi","tag-renovacoes","tag-tarcisio-freitas","tag-vale"],"yoast_head":"<!-- This site is optimized with the Yoast SEO Premium plugin v25.4 (Yoast SEO v26.0) - https:\/\/yoast.com\/wordpress\/plugins\/seo\/ -->\n<title>PPI confirma que renova\u00e7\u00e3o da ferrovia de Caraj\u00e1s ter\u00e1 outorga negativa - Ag\u00eancia iNFRA<\/title>\n<meta name=\"robots\" content=\"index, follow, max-snippet:-1, max-image-preview:large, max-video-preview:-1\" \/>\n<link rel=\"canonical\" href=\"https:\/\/agenciainfra.com\/blog\/ppi-confirma-que-renovacao-da-ferrovia-de-carajas-tera-outorga-negativa\/\" \/>\n<meta property=\"og:locale\" content=\"pt_BR\" \/>\n<meta property=\"og:type\" content=\"article\" \/>\n<meta property=\"og:title\" content=\"PPI confirma que renova\u00e7\u00e3o da ferrovia de Caraj\u00e1s ter\u00e1 outorga negativa\" \/>\n<meta property=\"og:description\" content=\"da Ag\u00eancia iNFRA A audi\u00eancia p\u00fablica convocada pela comiss\u00e3o de Infraestrutura do Senado para debater a renova\u00e7\u00e3o antecipada das concess\u00f5es ferrovi\u00e1rias da Vale, realizada nesta ter\u00e7a-feira (7),\u00a0antecipou o duro embate que o governo ter\u00e1 para conseguir manter seu modelo de investimento cruzado e de precifica\u00e7\u00e3o dos ativos ferrovi\u00e1rios. As cr\u00edticas ao modelo, que s\u00f3 ser\u00e1 [&hellip;]\" \/>\n<meta property=\"og:url\" content=\"https:\/\/agenciainfra.com\/blog\/ppi-confirma-que-renovacao-da-ferrovia-de-carajas-tera-outorga-negativa\/\" \/>\n<meta property=\"og:site_name\" content=\"Ag\u00eancia iNFRA\" \/>\n<meta property=\"article:publisher\" content=\"https:\/\/www.facebook.com\/ageninfra\" \/>\n<meta property=\"article:published_time\" content=\"2018-08-10T03:05:13+00:00\" \/>\n<meta property=\"article:modified_time\" content=\"2018-08-10T22:59:58+00:00\" \/>\n<meta property=\"og:image\" content=\"https:\/\/agenciainfra.com\/blog\/wp-content\/uploads\/2018\/07\/fiol_gondiberto_filho_valec.jpg\" \/>\n\t<meta property=\"og:image:width\" content=\"207\" \/>\n\t<meta property=\"og:image:height\" content=\"138\" \/>\n\t<meta property=\"og:image:type\" content=\"image\/jpeg\" \/>\n<meta name=\"author\" content=\"Ag\u00eancia iNFRA\" \/>\n<meta name=\"twitter:card\" content=\"summary_large_image\" \/>\n<meta name=\"twitter:creator\" content=\"@agencia_infra\" \/>\n<meta name=\"twitter:site\" content=\"@agencia_infra\" \/>\n<meta name=\"twitter:label1\" content=\"Escrito por\" \/>\n\t<meta name=\"twitter:data1\" content=\"Ag\u00eancia iNFRA\" \/>\n\t<meta name=\"twitter:label2\" content=\"Est. tempo de leitura\" \/>\n\t<meta name=\"twitter:data2\" content=\"3 minutos\" \/>\n<script type=\"application\/ld+json\" class=\"yoast-schema-graph\">{\"@context\":\"https:\/\/schema.org\",\"@graph\":[{\"@type\":\"Article\",\"@id\":\"https:\/\/agenciainfra.com\/blog\/ppi-confirma-que-renovacao-da-ferrovia-de-carajas-tera-outorga-negativa\/#article\",\"isPartOf\":{\"@id\":\"https:\/\/agenciainfra.com\/blog\/ppi-confirma-que-renovacao-da-ferrovia-de-carajas-tera-outorga-negativa\/\"},\"author\":{\"name\":\"Ag\u00eancia iNFRA\",\"@id\":\"https:\/\/agenciainfra.com\/blog\/#\/schema\/person\/34af08dff6adea4cb22b06612ba7acfa\"},\"headline\":\"PPI confirma que renova\u00e7\u00e3o da ferrovia de Caraj\u00e1s ter\u00e1 outorga negativa\",\"datePublished\":\"2018-08-10T03:05:13+00:00\",\"dateModified\":\"2018-08-10T22:59:58+00:00\",\"mainEntityOfPage\":{\"@id\":\"https:\/\/agenciainfra.com\/blog\/ppi-confirma-que-renovacao-da-ferrovia-de-carajas-tera-outorga-negativa\/\"},\"wordCount\":626,\"publisher\":{\"@id\":\"https:\/\/agenciainfra.com\/blog\/#organization\"},\"image\":{\"@id\":\"https:\/\/agenciainfra.com\/blog\/ppi-confirma-que-renovacao-da-ferrovia-de-carajas-tera-outorga-negativa\/#primaryimage\"},\"thumbnailUrl\":\"https:\/\/agenciainfra.com\/blog\/wp-content\/uploads\/2018\/07\/fiol_gondiberto_filho_valec.jpg\",\"keywords\":[\"Caraj\u00e1s\",\"EFC\",\"EFVM\",\"Ferrovias\",\"Norte-Sul\",\"PPI\",\"renova\u00e7\u00f5es\",\"Tarc\u00edsio Freitas\",\"Vale\"],\"articleSection\":[\"iNFRATransporte\"],\"inLanguage\":\"pt-BR\",\"copyrightYear\":\"2018\",\"copyrightHolder\":{\"@id\":\"https:\/\/agenciainfra.com\/blog\/#organization\"}},{\"@type\":\"WebPage\",\"@id\":\"https:\/\/agenciainfra.com\/blog\/ppi-confirma-que-renovacao-da-ferrovia-de-carajas-tera-outorga-negativa\/\",\"url\":\"https:\/\/agenciainfra.com\/blog\/ppi-confirma-que-renovacao-da-ferrovia-de-carajas-tera-outorga-negativa\/\",\"name\":\"PPI confirma que renova\u00e7\u00e3o da ferrovia de Caraj\u00e1s ter\u00e1 outorga negativa - Ag\u00eancia iNFRA\",\"isPartOf\":{\"@id\":\"https:\/\/agenciainfra.com\/blog\/#website\"},\"primaryImageOfPage\":{\"@id\":\"https:\/\/agenciainfra.com\/blog\/ppi-confirma-que-renovacao-da-ferrovia-de-carajas-tera-outorga-negativa\/#primaryimage\"},\"image\":{\"@id\":\"https:\/\/agenciainfra.com\/blog\/ppi-confirma-que-renovacao-da-ferrovia-de-carajas-tera-outorga-negativa\/#primaryimage\"},\"thumbnailUrl\":\"https:\/\/agenciainfra.com\/blog\/wp-content\/uploads\/2018\/07\/fiol_gondiberto_filho_valec.jpg\",\"datePublished\":\"2018-08-10T03:05:13+00:00\",\"dateModified\":\"2018-08-10T22:59:58+00:00\",\"breadcrumb\":{\"@id\":\"https:\/\/agenciainfra.com\/blog\/ppi-confirma-que-renovacao-da-ferrovia-de-carajas-tera-outorga-negativa\/#breadcrumb\"},\"inLanguage\":\"pt-BR\",\"potentialAction\":[{\"@type\":\"ReadAction\",\"target\":[\"https:\/\/agenciainfra.com\/blog\/ppi-confirma-que-renovacao-da-ferrovia-de-carajas-tera-outorga-negativa\/\"]}]},{\"@type\":\"ImageObject\",\"inLanguage\":\"pt-BR\",\"@id\":\"https:\/\/agenciainfra.com\/blog\/ppi-confirma-que-renovacao-da-ferrovia-de-carajas-tera-outorga-negativa\/#primaryimage\",\"url\":\"https:\/\/agenciainfra.com\/blog\/wp-content\/uploads\/2018\/07\/fiol_gondiberto_filho_valec.jpg\",\"contentUrl\":\"https:\/\/agenciainfra.com\/blog\/wp-content\/uploads\/2018\/07\/fiol_gondiberto_filho_valec.jpg\",\"width\":207,\"height\":138},{\"@type\":\"BreadcrumbList\",\"@id\":\"https:\/\/agenciainfra.com\/blog\/ppi-confirma-que-renovacao-da-ferrovia-de-carajas-tera-outorga-negativa\/#breadcrumb\",\"itemListElement\":[{\"@type\":\"ListItem\",\"position\":1,\"name\":\"In\u00edcio\",\"item\":\"https:\/\/agenciainfra.com\/blog\/\"},{\"@type\":\"ListItem\",\"position\":2,\"name\":\"PPI confirma que renova\u00e7\u00e3o da ferrovia de Caraj\u00e1s ter\u00e1 outorga negativa\"}]},{\"@type\":\"WebSite\",\"@id\":\"https:\/\/agenciainfra.com\/blog\/#website\",\"url\":\"https:\/\/agenciainfra.com\/blog\/\",\"name\":\"Ag\u00eancia iNFRA\",\"description\":\"Multiplataforma de informa\u00e7\u00e3o jornal\u00edstica refer\u00eancia na \u00e1rea de infraestrutura no Brasil!\",\"publisher\":{\"@id\":\"https:\/\/agenciainfra.com\/blog\/#organization\"},\"potentialAction\":[{\"@type\":\"SearchAction\",\"target\":{\"@type\":\"EntryPoint\",\"urlTemplate\":\"https:\/\/agenciainfra.com\/blog\/?s={search_term_string}\"},\"query-input\":{\"@type\":\"PropertyValueSpecification\",\"valueRequired\":true,\"valueName\":\"search_term_string\"}}],\"inLanguage\":\"pt-BR\"},{\"@type\":\"Organization\",\"@id\":\"https:\/\/agenciainfra.com\/blog\/#organization\",\"name\":\"Ag\u00eancia iNFRA\",\"url\":\"https:\/\/agenciainfra.com\/blog\/\",\"logo\":{\"@type\":\"ImageObject\",\"inLanguage\":\"pt-BR\",\"@id\":\"https:\/\/agenciainfra.com\/blog\/#\/schema\/logo\/image\/\",\"url\":\"https:\/\/agenciainfra.com\/blog\/wp-content\/uploads\/2023\/09\/iNFRA_5-e1761735885940.png\",\"contentUrl\":\"https:\/\/agenciainfra.com\/blog\/wp-content\/uploads\/2023\/09\/iNFRA_5-e1761735885940.png\",\"width\":1672,\"height\":454,\"caption\":\"Ag\u00eancia iNFRA\"},\"image\":{\"@id\":\"https:\/\/agenciainfra.com\/blog\/#\/schema\/logo\/image\/\"},\"sameAs\":[\"https:\/\/www.facebook.com\/ageninfra\",\"https:\/\/x.com\/agencia_infra\",\"https:\/\/www.linkedin.com\/company\/ag\u00eanciainfra\/\",\"https:\/\/www.instagram.com\/agenciainfra\/\"]},{\"@type\":\"Person\",\"@id\":\"https:\/\/agenciainfra.com\/blog\/#\/schema\/person\/34af08dff6adea4cb22b06612ba7acfa\",\"name\":\"Ag\u00eancia iNFRA\",\"image\":{\"@type\":\"ImageObject\",\"inLanguage\":\"pt-BR\",\"@id\":\"https:\/\/agenciainfra.com\/blog\/#\/schema\/person\/image\/\",\"url\":\"https:\/\/secure.gravatar.com\/avatar\/d189e01678f06d8eb84d4e01f08eb848b3fffe3f8443818d3c356c66892f5be8?s=96&d=mm&r=g\",\"contentUrl\":\"https:\/\/secure.gravatar.com\/avatar\/d189e01678f06d8eb84d4e01f08eb848b3fffe3f8443818d3c356c66892f5be8?s=96&d=mm&r=g\",\"caption\":\"Ag\u00eancia iNFRA\"},\"url\":\"https:\/\/agenciainfra.com\/blog\/author\/admin\/\"}]}<\/script>\n<!-- \/ Yoast SEO Premium plugin. -->","yoast_head_json":{"title":"PPI confirma que renova\u00e7\u00e3o da ferrovia de Caraj\u00e1s ter\u00e1 outorga negativa - Ag\u00eancia iNFRA","robots":{"index":"index","follow":"follow","max-snippet":"max-snippet:-1","max-image-preview":"max-image-preview:large","max-video-preview":"max-video-preview:-1"},"canonical":"https:\/\/agenciainfra.com\/blog\/ppi-confirma-que-renovacao-da-ferrovia-de-carajas-tera-outorga-negativa\/","og_locale":"pt_BR","og_type":"article","og_title":"PPI confirma que renova\u00e7\u00e3o da ferrovia de Caraj\u00e1s ter\u00e1 outorga negativa","og_description":"da Ag\u00eancia iNFRA A audi\u00eancia p\u00fablica convocada pela comiss\u00e3o de Infraestrutura do Senado para debater a renova\u00e7\u00e3o antecipada das concess\u00f5es ferrovi\u00e1rias da Vale, realizada nesta ter\u00e7a-feira (7),\u00a0antecipou o duro embate que o governo ter\u00e1 para conseguir manter seu modelo de investimento cruzado e de precifica\u00e7\u00e3o dos ativos ferrovi\u00e1rios. As cr\u00edticas ao modelo, que s\u00f3 ser\u00e1 [&hellip;]","og_url":"https:\/\/agenciainfra.com\/blog\/ppi-confirma-que-renovacao-da-ferrovia-de-carajas-tera-outorga-negativa\/","og_site_name":"Ag\u00eancia iNFRA","article_publisher":"https:\/\/www.facebook.com\/ageninfra","article_published_time":"2018-08-10T03:05:13+00:00","article_modified_time":"2018-08-10T22:59:58+00:00","og_image":[{"width":207,"height":138,"url":"https:\/\/agenciainfra.com\/blog\/wp-content\/uploads\/2018\/07\/fiol_gondiberto_filho_valec.jpg","type":"image\/jpeg"}],"author":"Ag\u00eancia iNFRA","twitter_card":"summary_large_image","twitter_creator":"@agencia_infra","twitter_site":"@agencia_infra","twitter_misc":{"Escrito por":"Ag\u00eancia iNFRA","Est. tempo de leitura":"3 minutos"},"schema":{"@context":"https:\/\/schema.org","@graph":[{"@type":"Article","@id":"https:\/\/agenciainfra.com\/blog\/ppi-confirma-que-renovacao-da-ferrovia-de-carajas-tera-outorga-negativa\/#article","isPartOf":{"@id":"https:\/\/agenciainfra.com\/blog\/ppi-confirma-que-renovacao-da-ferrovia-de-carajas-tera-outorga-negativa\/"},"author":{"name":"Ag\u00eancia iNFRA","@id":"https:\/\/agenciainfra.com\/blog\/#\/schema\/person\/34af08dff6adea4cb22b06612ba7acfa"},"headline":"PPI confirma que renova\u00e7\u00e3o da ferrovia de Caraj\u00e1s ter\u00e1 outorga negativa","datePublished":"2018-08-10T03:05:13+00:00","dateModified":"2018-08-10T22:59:58+00:00","mainEntityOfPage":{"@id":"https:\/\/agenciainfra.com\/blog\/ppi-confirma-que-renovacao-da-ferrovia-de-carajas-tera-outorga-negativa\/"},"wordCount":626,"publisher":{"@id":"https:\/\/agenciainfra.com\/blog\/#organization"},"image":{"@id":"https:\/\/agenciainfra.com\/blog\/ppi-confirma-que-renovacao-da-ferrovia-de-carajas-tera-outorga-negativa\/#primaryimage"},"thumbnailUrl":"https:\/\/agenciainfra.com\/blog\/wp-content\/uploads\/2018\/07\/fiol_gondiberto_filho_valec.jpg","keywords":["Caraj\u00e1s","EFC","EFVM","Ferrovias","Norte-Sul","PPI","renova\u00e7\u00f5es","Tarc\u00edsio Freitas","Vale"],"articleSection":["iNFRATransporte"],"inLanguage":"pt-BR","copyrightYear":"2018","copyrightHolder":{"@id":"https:\/\/agenciainfra.com\/blog\/#organization"}},{"@type":"WebPage","@id":"https:\/\/agenciainfra.com\/blog\/ppi-confirma-que-renovacao-da-ferrovia-de-carajas-tera-outorga-negativa\/","url":"https:\/\/agenciainfra.com\/blog\/ppi-confirma-que-renovacao-da-ferrovia-de-carajas-tera-outorga-negativa\/","name":"PPI confirma que renova\u00e7\u00e3o da ferrovia de Caraj\u00e1s ter\u00e1 outorga negativa - Ag\u00eancia iNFRA","isPartOf":{"@id":"https:\/\/agenciainfra.com\/blog\/#website"},"primaryImageOfPage":{"@id":"https:\/\/agenciainfra.com\/blog\/ppi-confirma-que-renovacao-da-ferrovia-de-carajas-tera-outorga-negativa\/#primaryimage"},"image":{"@id":"https:\/\/agenciainfra.com\/blog\/ppi-confirma-que-renovacao-da-ferrovia-de-carajas-tera-outorga-negativa\/#primaryimage"},"thumbnailUrl":"https:\/\/agenciainfra.com\/blog\/wp-content\/uploads\/2018\/07\/fiol_gondiberto_filho_valec.jpg","datePublished":"2018-08-10T03:05:13+00:00","dateModified":"2018-08-10T22:59:58+00:00","breadcrumb":{"@id":"https:\/\/agenciainfra.com\/blog\/ppi-confirma-que-renovacao-da-ferrovia-de-carajas-tera-outorga-negativa\/#breadcrumb"},"inLanguage":"pt-BR","potentialAction":[{"@type":"ReadAction","target":["https:\/\/agenciainfra.com\/blog\/ppi-confirma-que-renovacao-da-ferrovia-de-carajas-tera-outorga-negativa\/"]}]},{"@type":"ImageObject","inLanguage":"pt-BR","@id":"https:\/\/agenciainfra.com\/blog\/ppi-confirma-que-renovacao-da-ferrovia-de-carajas-tera-outorga-negativa\/#primaryimage","url":"https:\/\/agenciainfra.com\/blog\/wp-content\/uploads\/2018\/07\/fiol_gondiberto_filho_valec.jpg","contentUrl":"https:\/\/agenciainfra.com\/blog\/wp-content\/uploads\/2018\/07\/fiol_gondiberto_filho_valec.jpg","width":207,"height":138},{"@type":"BreadcrumbList","@id":"https:\/\/agenciainfra.com\/blog\/ppi-confirma-que-renovacao-da-ferrovia-de-carajas-tera-outorga-negativa\/#breadcrumb","itemListElement":[{"@type":"ListItem","position":1,"name":"In\u00edcio","item":"https:\/\/agenciainfra.com\/blog\/"},{"@type":"ListItem","position":2,"name":"PPI confirma que renova\u00e7\u00e3o da ferrovia de Caraj\u00e1s ter\u00e1 outorga negativa"}]},{"@type":"WebSite","@id":"https:\/\/agenciainfra.com\/blog\/#website","url":"https:\/\/agenciainfra.com\/blog\/","name":"Ag\u00eancia iNFRA","description":"Multiplataforma de informa\u00e7\u00e3o jornal\u00edstica refer\u00eancia na \u00e1rea de infraestrutura no Brasil!","publisher":{"@id":"https:\/\/agenciainfra.com\/blog\/#organization"},"potentialAction":[{"@type":"SearchAction","target":{"@type":"EntryPoint","urlTemplate":"https:\/\/agenciainfra.com\/blog\/?s={search_term_string}"},"query-input":{"@type":"PropertyValueSpecification","valueRequired":true,"valueName":"search_term_string"}}],"inLanguage":"pt-BR"},{"@type":"Organization","@id":"https:\/\/agenciainfra.com\/blog\/#organization","name":"Ag\u00eancia iNFRA","url":"https:\/\/agenciainfra.com\/blog\/","logo":{"@type":"ImageObject","inLanguage":"pt-BR","@id":"https:\/\/agenciainfra.com\/blog\/#\/schema\/logo\/image\/","url":"https:\/\/agenciainfra.com\/blog\/wp-content\/uploads\/2023\/09\/iNFRA_5-e1761735885940.png","contentUrl":"https:\/\/agenciainfra.com\/blog\/wp-content\/uploads\/2023\/09\/iNFRA_5-e1761735885940.png","width":1672,"height":454,"caption":"Ag\u00eancia iNFRA"},"image":{"@id":"https:\/\/agenciainfra.com\/blog\/#\/schema\/logo\/image\/"},"sameAs":["https:\/\/www.facebook.com\/ageninfra","https:\/\/x.com\/agencia_infra","https:\/\/www.linkedin.com\/company\/ag\u00eanciainfra\/","https:\/\/www.instagram.com\/agenciainfra\/"]},{"@type":"Person","@id":"https:\/\/agenciainfra.com\/blog\/#\/schema\/person\/34af08dff6adea4cb22b06612ba7acfa","name":"Ag\u00eancia iNFRA","image":{"@type":"ImageObject","inLanguage":"pt-BR","@id":"https:\/\/agenciainfra.com\/blog\/#\/schema\/person\/image\/","url":"https:\/\/secure.gravatar.com\/avatar\/d189e01678f06d8eb84d4e01f08eb848b3fffe3f8443818d3c356c66892f5be8?s=96&d=mm&r=g","contentUrl":"https:\/\/secure.gravatar.com\/avatar\/d189e01678f06d8eb84d4e01f08eb848b3fffe3f8443818d3c356c66892f5be8?s=96&d=mm&r=g","caption":"Ag\u00eancia iNFRA"},"url":"https:\/\/agenciainfra.com\/blog\/author\/admin\/"}]}},"_links":{"self":[{"href":"https:\/\/agenciainfra.com\/blog\/wp-json\/wp\/v2\/posts\/2289","targetHints":{"allow":["GET"]}}],"collection":[{"href":"https:\/\/agenciainfra.com\/blog\/wp-json\/wp\/v2\/posts"}],"about":[{"href":"https:\/\/agenciainfra.com\/blog\/wp-json\/wp\/v2\/types\/post"}],"author":[{"embeddable":true,"href":"https:\/\/agenciainfra.com\/blog\/wp-json\/wp\/v2\/users\/1"}],"replies":[{"embeddable":true,"href":"https:\/\/agenciainfra.com\/blog\/wp-json\/wp\/v2\/comments?post=2289"}],"version-history":[{"count":0,"href":"https:\/\/agenciainfra.com\/blog\/wp-json\/wp\/v2\/posts\/2289\/revisions"}],"wp:featuredmedia":[{"embeddable":true,"href":"https:\/\/agenciainfra.com\/blog\/wp-json\/wp\/v2\/media\/2024"}],"wp:attachment":[{"href":"https:\/\/agenciainfra.com\/blog\/wp-json\/wp\/v2\/media?parent=2289"}],"wp:term":[{"taxonomy":"category","embeddable":true,"href":"https:\/\/agenciainfra.com\/blog\/wp-json\/wp\/v2\/categories?post=2289"},{"taxonomy":"post_tag","embeddable":true,"href":"https:\/\/agenciainfra.com\/blog\/wp-json\/wp\/v2\/tags?post=2289"}],"curies":[{"name":"wp","href":"https:\/\/api.w.org\/{rel}","templated":true}]}}