{"id":22899,"date":"2025-06-13T15:36:17","date_gmt":"2025-06-13T18:36:17","guid":{"rendered":"https:\/\/agenciainfra.com\/blog\/?p=22899"},"modified":"2025-06-16T13:01:55","modified_gmt":"2025-06-16T16:01:55","slug":"mpf-do-para-vai-a-justica-para-suspender-leilao-de-petroleo-na-7a-acao-contra-a-anp","status":"publish","type":"post","link":"https:\/\/agenciainfra.com\/blog\/mpf-do-para-vai-a-justica-para-suspender-leilao-de-petroleo-na-7a-acao-contra-a-anp\/","title":{"rendered":"MPF do Par\u00e1 vai \u00e0 Justi\u00e7a para suspender leil\u00e3o de petr\u00f3leo na 7\u00aa a\u00e7\u00e3o contra a ANP"},"content":{"rendered":"\n<p class=\"has-text-align-right\"><strong>Gabriel Vasconcelos, da Ag\u00eancia iNFRA<\/strong><\/p>\n\n\n\n<p>O MPF (Minist\u00e9rio P\u00fablico Federal) do Par\u00e1 entrou nesta quinta-feira (12) com uma a\u00e7\u00e3o na Justi\u00e7a contra a Uni\u00e3o e a ANP (Ag\u00eancia Nacional do Petr\u00f3leo, G\u00e1s Natural e Biocombust\u00edveis) para suspender o leil\u00e3o de blocos de petr\u00f3leo da 5\u00aa OPC (Oferta Permanente de Concess\u00e3o) at\u00e9 que sejam cumpridas medidas previstas na legisla\u00e7\u00e3o socioambiental. Esta \u00e9 a s\u00e9tima a\u00e7\u00e3o na Justi\u00e7a contra a licita\u00e7\u00e3o, considerando as movidas por sindicatos de petroleiros e pelo Instituto Arayara.<\/p>\n\n\n\n<p>O leil\u00e3o da ANP est\u00e1 marcado para a manh\u00e3 do dia 17 de junho, pr\u00f3xima ter\u00e7a-feira. Por isso, os procuradores pedem urg\u00eancia. A a\u00e7\u00e3o vem ap\u00f3s uma recomenda\u00e7\u00e3o do \u00f3rg\u00e3o \u00e0 ANP, no fim de maio, para que a ag\u00eancia exclu\u00edsse do certame 47 blocos petrol\u00edferos localizados na Bacia da Foz do Amazonas, uma das cinco que formam a chamada Margem Equatorial. Os blocos da Foz do Amazonas seguem sendo o foco do MPF do Par\u00e1.<\/p>\n\n\n\n<p>O \u00f3rg\u00e3o pede que a Justi\u00e7a condicione a realiza\u00e7\u00e3o do leil\u00e3o \u00e0 quatro medidas: estudo de impacto clim\u00e1tico; realiza\u00e7\u00e3o de AAAS (Avalia\u00e7\u00e3o Ambiental de \u00c1rea Sedimentar), estudo mais longo que j\u00e1 foi dispensado por decis\u00e3o do STF (Supremo Tribunal Federal); estudo sobre povos e comunidades tradicionais; e &#8220;consulta pr\u00e9via, livre e informada&#8221; a estas comunidades tradicionais que podem ser afetadas. Essa consulta, argumenta o MPF, deve ser feita durante a fase de planejamento e n\u00e3o como parte das a\u00e7\u00f5es da licita\u00e7\u00e3o.<\/p>\n\n\n\n<p><strong>Leil\u00e3o judicializado<\/strong><br>A a\u00e7\u00e3o do MPF do Par\u00e1 \u00e9 s\u00f3 uma de v\u00e1rias que est\u00e3o sob an\u00e1lise da Justi\u00e7a. No in\u00edcio de junho, a FUP (Federa\u00e7\u00e3o \u00danica dos Petroleiros) e a Anapetro (Associa\u00e7\u00e3o Nacional dos Petroleiros Acionistas Minorit\u00e1rios da Petrobr\u00e1s) tamb\u00e9m entraram com uma A\u00e7\u00e3o Popular visando a exclus\u00e3o do leil\u00e3o dos mesmos 47 blocos da Bacia da Foz do Amazonas.<\/p>\n\n\n\n<p>O argumento, por\u00e9m, vai al\u00e9m da prote\u00e7\u00e3o ambiental e versa sobre o formato da concess\u00e3o dos blocos. Para as duas entidades, a Margem Equatorial deve ser considerada \u00e1rea estrat\u00e9gica e, portanto, o regime de produ\u00e7\u00e3o na regi\u00e3o deve ser o de partilha e n\u00e3o de concess\u00e3o, com maior apropria\u00e7\u00e3o de receitas especiais pela Uni\u00e3o. A a\u00e7\u00e3o chama aten\u00e7\u00e3o para a &#8220;entrega irrespons\u00e1vel de riquezas estrat\u00e9gicas a interesses privados e estrangeiros&#8221;, definida como \u201cviola\u00e7\u00e3o flagrante&#8221; aos princ\u00edpios da supremacia do interesse p\u00fablico, soberania energ\u00e9tica e obriga\u00e7\u00e3o do Estado de proteger recursos naturais como bens da Uni\u00e3o.<\/p>\n\n\n\n<p>Antes ainda, o Instituto Arayara, ONG sediada no Paran\u00e1, entrou com cinco ACPs (a\u00e7\u00f5es civis p\u00fablicas) na justi\u00e7a federal de Par\u00e1, Mato Grosso, Rio Grande do Norte e no Distrito Federal. As a\u00e7\u00f5es questionam a oferta de 118 dos 172 blocos inclu\u00eddos no certame, 68% do total e bem mais que os 47 da Bacia da Foz do Amazonas.<\/p>\n\n\n\n<p>O principal argumento do Arayara, presente em tr\u00eas das cinco a\u00e7\u00f5es, \u00e9 o prazo das manifesta\u00e7\u00f5es conjuntas dos minist\u00e9rios do Meio Ambiente e de Minas e Energia que libera a licita\u00e7\u00e3o de quase todos os blocos questionados (117). Os documentos expiram em 18 de junho, um dia depois do leil\u00e3o, mas ainda no meio do processo licitat\u00f3rio, que prev\u00ea assinatura dos contratos s\u00f3 em novembro. Al\u00e9m disso, alega o Instituto, essas manifesta\u00e7\u00f5es se apoiariam em estudos ultrapassados ou incompletos, alguns realizados h\u00e1 mais de 20 anos.<\/p>\n\n\n\n<p><\/p>\n","protected":false},"excerpt":{"rendered":"<p>Gabriel Vasconcelos, da Ag\u00eancia iNFRA O MPF (Minist\u00e9rio P\u00fablico Federal) do Par\u00e1 entrou nesta quinta-feira (12) com uma a\u00e7\u00e3o na Justi\u00e7a contra a Uni\u00e3o e a ANP (Ag\u00eancia Nacional do Petr\u00f3leo, G\u00e1s Natural e Biocombust\u00edveis) para suspender o leil\u00e3o de blocos de petr\u00f3leo da 5\u00aa OPC (Oferta Permanente de Concess\u00e3o) at\u00e9 que sejam cumpridas medidas [&hellip;]<\/p>\n","protected":false},"author":1,"featured_media":12697,"comment_status":"closed","ping_status":"closed","sticky":false,"template":"","format":"standard","meta":{"_monsterinsights_skip_tracking":false,"_monsterinsights_sitenote_active":false,"_monsterinsights_sitenote_note":"","_monsterinsights_sitenote_category":0,"footnotes":""},"categories":[7250,1,13271],"tags":[1101,13338,13251,13774,13600,13269,13772,13773],"class_list":["post-22899","post","type-post","status-publish","format-standard","has-post-thumbnail","hentry","category-destaque-lista","category-geral","category-oleo-gas","tag-anp","tag-foz-do-amazonas","tag-gabriel-vasconcelos","tag-instituto-arayara","tag-leilao-de-petroleo","tag-margem-equatorial","tag-mpf-do-para","tag-oferta-permanente-de-concessao"],"yoast_head":"<!-- This site is optimized with the Yoast SEO Premium plugin v25.4 (Yoast SEO v26.0) - https:\/\/yoast.com\/wordpress\/plugins\/seo\/ -->\n<title>MPF do Par\u00e1 vai \u00e0 Justi\u00e7a para suspender leil\u00e3o de petr\u00f3leo na 7\u00aa a\u00e7\u00e3o contra a ANP - Ag\u00eancia iNFRA<\/title>\n<meta name=\"robots\" content=\"index, follow, max-snippet:-1, max-image-preview:large, max-video-preview:-1\" \/>\n<link rel=\"canonical\" href=\"https:\/\/agenciainfra.com\/blog\/mpf-do-para-vai-a-justica-para-suspender-leilao-de-petroleo-na-7a-acao-contra-a-anp\/\" \/>\n<meta property=\"og:locale\" content=\"pt_BR\" \/>\n<meta property=\"og:type\" content=\"article\" \/>\n<meta property=\"og:title\" content=\"MPF do Par\u00e1 vai \u00e0 Justi\u00e7a para suspender leil\u00e3o de petr\u00f3leo na 7\u00aa a\u00e7\u00e3o contra a ANP\" \/>\n<meta property=\"og:description\" content=\"Gabriel Vasconcelos, da Ag\u00eancia iNFRA O MPF (Minist\u00e9rio P\u00fablico Federal) do Par\u00e1 entrou nesta quinta-feira (12) com uma a\u00e7\u00e3o na Justi\u00e7a contra a Uni\u00e3o e a ANP (Ag\u00eancia Nacional do Petr\u00f3leo, G\u00e1s Natural e Biocombust\u00edveis) para suspender o leil\u00e3o de blocos de petr\u00f3leo da 5\u00aa OPC (Oferta Permanente de Concess\u00e3o) at\u00e9 que sejam cumpridas medidas [&hellip;]\" \/>\n<meta property=\"og:url\" content=\"https:\/\/agenciainfra.com\/blog\/mpf-do-para-vai-a-justica-para-suspender-leilao-de-petroleo-na-7a-acao-contra-a-anp\/\" \/>\n<meta property=\"og:site_name\" content=\"Ag\u00eancia iNFRA\" \/>\n<meta property=\"article:publisher\" content=\"https:\/\/www.facebook.com\/ageninfra\" \/>\n<meta property=\"article:published_time\" content=\"2025-06-13T18:36:17+00:00\" \/>\n<meta property=\"article:modified_time\" content=\"2025-06-16T16:01:55+00:00\" \/>\n<meta property=\"og:image\" content=\"https:\/\/agenciainfra.com\/blog\/wp-content\/uploads\/2023\/05\/logo-anp-foto-mme-saulo-cruz-e1748370900715.jpg\" \/>\n\t<meta property=\"og:image:width\" content=\"1280\" \/>\n\t<meta property=\"og:image:height\" content=\"766\" \/>\n\t<meta property=\"og:image:type\" content=\"image\/jpeg\" \/>\n<meta name=\"author\" content=\"Ag\u00eancia iNFRA\" \/>\n<meta name=\"twitter:card\" content=\"summary_large_image\" \/>\n<meta name=\"twitter:creator\" content=\"@agencia_infra\" \/>\n<meta name=\"twitter:site\" content=\"@agencia_infra\" \/>\n<meta name=\"twitter:label1\" content=\"Escrito por\" \/>\n\t<meta name=\"twitter:data1\" content=\"Ag\u00eancia iNFRA\" \/>\n\t<meta name=\"twitter:label2\" content=\"Est. tempo de leitura\" \/>\n\t<meta name=\"twitter:data2\" content=\"3 minutos\" \/>\n<script type=\"application\/ld+json\" class=\"yoast-schema-graph\">{\"@context\":\"https:\/\/schema.org\",\"@graph\":[{\"@type\":\"Article\",\"@id\":\"https:\/\/agenciainfra.com\/blog\/mpf-do-para-vai-a-justica-para-suspender-leilao-de-petroleo-na-7a-acao-contra-a-anp\/#article\",\"isPartOf\":{\"@id\":\"https:\/\/agenciainfra.com\/blog\/mpf-do-para-vai-a-justica-para-suspender-leilao-de-petroleo-na-7a-acao-contra-a-anp\/\"},\"author\":{\"name\":\"Ag\u00eancia iNFRA\",\"@id\":\"https:\/\/agenciainfra.com\/blog\/#\/schema\/person\/34af08dff6adea4cb22b06612ba7acfa\"},\"headline\":\"MPF do Par\u00e1 vai \u00e0 Justi\u00e7a para suspender leil\u00e3o de petr\u00f3leo na 7\u00aa a\u00e7\u00e3o contra a ANP\",\"datePublished\":\"2025-06-13T18:36:17+00:00\",\"dateModified\":\"2025-06-16T16:01:55+00:00\",\"mainEntityOfPage\":{\"@id\":\"https:\/\/agenciainfra.com\/blog\/mpf-do-para-vai-a-justica-para-suspender-leilao-de-petroleo-na-7a-acao-contra-a-anp\/\"},\"wordCount\":631,\"publisher\":{\"@id\":\"https:\/\/agenciainfra.com\/blog\/#organization\"},\"image\":{\"@id\":\"https:\/\/agenciainfra.com\/blog\/mpf-do-para-vai-a-justica-para-suspender-leilao-de-petroleo-na-7a-acao-contra-a-anp\/#primaryimage\"},\"thumbnailUrl\":\"https:\/\/agenciainfra.com\/blog\/wp-content\/uploads\/2023\/05\/logo-anp-foto-mme-saulo-cruz-e1748370900715.jpg\",\"keywords\":[\"ANP\",\"foz do amazonas\",\"Gabriel Vasconcelos\",\"Instituto Arayara\",\"leil\u00e3o de petr\u00f3leo\",\"margem equatorial\",\"MPF do Par\u00e1\",\"Oferta Permanente de Concess\u00e3o\"],\"articleSection\":[\"Destaque lista\",\"Geral\",\"\u00d3leo &amp; G\u00e1s\"],\"inLanguage\":\"pt-BR\",\"copyrightYear\":\"2025\",\"copyrightHolder\":{\"@id\":\"https:\/\/agenciainfra.com\/blog\/#organization\"}},{\"@type\":\"WebPage\",\"@id\":\"https:\/\/agenciainfra.com\/blog\/mpf-do-para-vai-a-justica-para-suspender-leilao-de-petroleo-na-7a-acao-contra-a-anp\/\",\"url\":\"https:\/\/agenciainfra.com\/blog\/mpf-do-para-vai-a-justica-para-suspender-leilao-de-petroleo-na-7a-acao-contra-a-anp\/\",\"name\":\"MPF do Par\u00e1 vai \u00e0 Justi\u00e7a para suspender leil\u00e3o de petr\u00f3leo na 7\u00aa a\u00e7\u00e3o contra a ANP - Ag\u00eancia iNFRA\",\"isPartOf\":{\"@id\":\"https:\/\/agenciainfra.com\/blog\/#website\"},\"primaryImageOfPage\":{\"@id\":\"https:\/\/agenciainfra.com\/blog\/mpf-do-para-vai-a-justica-para-suspender-leilao-de-petroleo-na-7a-acao-contra-a-anp\/#primaryimage\"},\"image\":{\"@id\":\"https:\/\/agenciainfra.com\/blog\/mpf-do-para-vai-a-justica-para-suspender-leilao-de-petroleo-na-7a-acao-contra-a-anp\/#primaryimage\"},\"thumbnailUrl\":\"https:\/\/agenciainfra.com\/blog\/wp-content\/uploads\/2023\/05\/logo-anp-foto-mme-saulo-cruz-e1748370900715.jpg\",\"datePublished\":\"2025-06-13T18:36:17+00:00\",\"dateModified\":\"2025-06-16T16:01:55+00:00\",\"breadcrumb\":{\"@id\":\"https:\/\/agenciainfra.com\/blog\/mpf-do-para-vai-a-justica-para-suspender-leilao-de-petroleo-na-7a-acao-contra-a-anp\/#breadcrumb\"},\"inLanguage\":\"pt-BR\",\"potentialAction\":[{\"@type\":\"ReadAction\",\"target\":[\"https:\/\/agenciainfra.com\/blog\/mpf-do-para-vai-a-justica-para-suspender-leilao-de-petroleo-na-7a-acao-contra-a-anp\/\"]}]},{\"@type\":\"ImageObject\",\"inLanguage\":\"pt-BR\",\"@id\":\"https:\/\/agenciainfra.com\/blog\/mpf-do-para-vai-a-justica-para-suspender-leilao-de-petroleo-na-7a-acao-contra-a-anp\/#primaryimage\",\"url\":\"https:\/\/agenciainfra.com\/blog\/wp-content\/uploads\/2023\/05\/logo-anp-foto-mme-saulo-cruz-e1748370900715.jpg\",\"contentUrl\":\"https:\/\/agenciainfra.com\/blog\/wp-content\/uploads\/2023\/05\/logo-anp-foto-mme-saulo-cruz-e1748370900715.jpg\",\"width\":1280,\"height\":766,\"caption\":\"Foto: Saulo Cruz\/MME\"},{\"@type\":\"BreadcrumbList\",\"@id\":\"https:\/\/agenciainfra.com\/blog\/mpf-do-para-vai-a-justica-para-suspender-leilao-de-petroleo-na-7a-acao-contra-a-anp\/#breadcrumb\",\"itemListElement\":[{\"@type\":\"ListItem\",\"position\":1,\"name\":\"In\u00edcio\",\"item\":\"https:\/\/agenciainfra.com\/blog\/\"},{\"@type\":\"ListItem\",\"position\":2,\"name\":\"MPF do Par\u00e1 vai \u00e0 Justi\u00e7a para suspender leil\u00e3o de petr\u00f3leo na 7\u00aa a\u00e7\u00e3o contra a ANP\"}]},{\"@type\":\"WebSite\",\"@id\":\"https:\/\/agenciainfra.com\/blog\/#website\",\"url\":\"https:\/\/agenciainfra.com\/blog\/\",\"name\":\"Ag\u00eancia iNFRA\",\"description\":\"Multiplataforma de informa\u00e7\u00e3o jornal\u00edstica refer\u00eancia na \u00e1rea de infraestrutura no Brasil!\",\"publisher\":{\"@id\":\"https:\/\/agenciainfra.com\/blog\/#organization\"},\"potentialAction\":[{\"@type\":\"SearchAction\",\"target\":{\"@type\":\"EntryPoint\",\"urlTemplate\":\"https:\/\/agenciainfra.com\/blog\/?s={search_term_string}\"},\"query-input\":{\"@type\":\"PropertyValueSpecification\",\"valueRequired\":true,\"valueName\":\"search_term_string\"}}],\"inLanguage\":\"pt-BR\"},{\"@type\":\"Organization\",\"@id\":\"https:\/\/agenciainfra.com\/blog\/#organization\",\"name\":\"Ag\u00eancia iNFRA\",\"url\":\"https:\/\/agenciainfra.com\/blog\/\",\"logo\":{\"@type\":\"ImageObject\",\"inLanguage\":\"pt-BR\",\"@id\":\"https:\/\/agenciainfra.com\/blog\/#\/schema\/logo\/image\/\",\"url\":\"https:\/\/agenciainfra.com\/blog\/wp-content\/uploads\/2023\/09\/iNFRA_5-e1761735885940.png\",\"contentUrl\":\"https:\/\/agenciainfra.com\/blog\/wp-content\/uploads\/2023\/09\/iNFRA_5-e1761735885940.png\",\"width\":1672,\"height\":454,\"caption\":\"Ag\u00eancia iNFRA\"},\"image\":{\"@id\":\"https:\/\/agenciainfra.com\/blog\/#\/schema\/logo\/image\/\"},\"sameAs\":[\"https:\/\/www.facebook.com\/ageninfra\",\"https:\/\/x.com\/agencia_infra\",\"https:\/\/www.linkedin.com\/company\/ag\u00eanciainfra\/\",\"https:\/\/www.instagram.com\/agenciainfra\/\"]},{\"@type\":\"Person\",\"@id\":\"https:\/\/agenciainfra.com\/blog\/#\/schema\/person\/34af08dff6adea4cb22b06612ba7acfa\",\"name\":\"Ag\u00eancia iNFRA\",\"image\":{\"@type\":\"ImageObject\",\"inLanguage\":\"pt-BR\",\"@id\":\"https:\/\/agenciainfra.com\/blog\/#\/schema\/person\/image\/\",\"url\":\"https:\/\/secure.gravatar.com\/avatar\/d189e01678f06d8eb84d4e01f08eb848b3fffe3f8443818d3c356c66892f5be8?s=96&d=mm&r=g\",\"contentUrl\":\"https:\/\/secure.gravatar.com\/avatar\/d189e01678f06d8eb84d4e01f08eb848b3fffe3f8443818d3c356c66892f5be8?s=96&d=mm&r=g\",\"caption\":\"Ag\u00eancia iNFRA\"},\"url\":\"https:\/\/agenciainfra.com\/blog\/author\/admin\/\"}]}<\/script>\n<!-- \/ Yoast SEO Premium plugin. -->","yoast_head_json":{"title":"MPF do Par\u00e1 vai \u00e0 Justi\u00e7a para suspender leil\u00e3o de petr\u00f3leo na 7\u00aa a\u00e7\u00e3o contra a ANP - Ag\u00eancia iNFRA","robots":{"index":"index","follow":"follow","max-snippet":"max-snippet:-1","max-image-preview":"max-image-preview:large","max-video-preview":"max-video-preview:-1"},"canonical":"https:\/\/agenciainfra.com\/blog\/mpf-do-para-vai-a-justica-para-suspender-leilao-de-petroleo-na-7a-acao-contra-a-anp\/","og_locale":"pt_BR","og_type":"article","og_title":"MPF do Par\u00e1 vai \u00e0 Justi\u00e7a para suspender leil\u00e3o de petr\u00f3leo na 7\u00aa a\u00e7\u00e3o contra a ANP","og_description":"Gabriel Vasconcelos, da Ag\u00eancia iNFRA O MPF (Minist\u00e9rio P\u00fablico Federal) do Par\u00e1 entrou nesta quinta-feira (12) com uma a\u00e7\u00e3o na Justi\u00e7a contra a Uni\u00e3o e a ANP (Ag\u00eancia Nacional do Petr\u00f3leo, G\u00e1s Natural e Biocombust\u00edveis) para suspender o leil\u00e3o de blocos de petr\u00f3leo da 5\u00aa OPC (Oferta Permanente de Concess\u00e3o) at\u00e9 que sejam cumpridas medidas [&hellip;]","og_url":"https:\/\/agenciainfra.com\/blog\/mpf-do-para-vai-a-justica-para-suspender-leilao-de-petroleo-na-7a-acao-contra-a-anp\/","og_site_name":"Ag\u00eancia iNFRA","article_publisher":"https:\/\/www.facebook.com\/ageninfra","article_published_time":"2025-06-13T18:36:17+00:00","article_modified_time":"2025-06-16T16:01:55+00:00","og_image":[{"width":1280,"height":766,"url":"https:\/\/agenciainfra.com\/blog\/wp-content\/uploads\/2023\/05\/logo-anp-foto-mme-saulo-cruz-e1748370900715.jpg","type":"image\/jpeg"}],"author":"Ag\u00eancia iNFRA","twitter_card":"summary_large_image","twitter_creator":"@agencia_infra","twitter_site":"@agencia_infra","twitter_misc":{"Escrito por":"Ag\u00eancia iNFRA","Est. tempo de leitura":"3 minutos"},"schema":{"@context":"https:\/\/schema.org","@graph":[{"@type":"Article","@id":"https:\/\/agenciainfra.com\/blog\/mpf-do-para-vai-a-justica-para-suspender-leilao-de-petroleo-na-7a-acao-contra-a-anp\/#article","isPartOf":{"@id":"https:\/\/agenciainfra.com\/blog\/mpf-do-para-vai-a-justica-para-suspender-leilao-de-petroleo-na-7a-acao-contra-a-anp\/"},"author":{"name":"Ag\u00eancia iNFRA","@id":"https:\/\/agenciainfra.com\/blog\/#\/schema\/person\/34af08dff6adea4cb22b06612ba7acfa"},"headline":"MPF do Par\u00e1 vai \u00e0 Justi\u00e7a para suspender leil\u00e3o de petr\u00f3leo na 7\u00aa a\u00e7\u00e3o contra a ANP","datePublished":"2025-06-13T18:36:17+00:00","dateModified":"2025-06-16T16:01:55+00:00","mainEntityOfPage":{"@id":"https:\/\/agenciainfra.com\/blog\/mpf-do-para-vai-a-justica-para-suspender-leilao-de-petroleo-na-7a-acao-contra-a-anp\/"},"wordCount":631,"publisher":{"@id":"https:\/\/agenciainfra.com\/blog\/#organization"},"image":{"@id":"https:\/\/agenciainfra.com\/blog\/mpf-do-para-vai-a-justica-para-suspender-leilao-de-petroleo-na-7a-acao-contra-a-anp\/#primaryimage"},"thumbnailUrl":"https:\/\/agenciainfra.com\/blog\/wp-content\/uploads\/2023\/05\/logo-anp-foto-mme-saulo-cruz-e1748370900715.jpg","keywords":["ANP","foz do amazonas","Gabriel Vasconcelos","Instituto Arayara","leil\u00e3o de petr\u00f3leo","margem equatorial","MPF do Par\u00e1","Oferta Permanente de Concess\u00e3o"],"articleSection":["Destaque lista","Geral","\u00d3leo &amp; G\u00e1s"],"inLanguage":"pt-BR","copyrightYear":"2025","copyrightHolder":{"@id":"https:\/\/agenciainfra.com\/blog\/#organization"}},{"@type":"WebPage","@id":"https:\/\/agenciainfra.com\/blog\/mpf-do-para-vai-a-justica-para-suspender-leilao-de-petroleo-na-7a-acao-contra-a-anp\/","url":"https:\/\/agenciainfra.com\/blog\/mpf-do-para-vai-a-justica-para-suspender-leilao-de-petroleo-na-7a-acao-contra-a-anp\/","name":"MPF do Par\u00e1 vai \u00e0 Justi\u00e7a para suspender leil\u00e3o de petr\u00f3leo na 7\u00aa a\u00e7\u00e3o contra a ANP - Ag\u00eancia iNFRA","isPartOf":{"@id":"https:\/\/agenciainfra.com\/blog\/#website"},"primaryImageOfPage":{"@id":"https:\/\/agenciainfra.com\/blog\/mpf-do-para-vai-a-justica-para-suspender-leilao-de-petroleo-na-7a-acao-contra-a-anp\/#primaryimage"},"image":{"@id":"https:\/\/agenciainfra.com\/blog\/mpf-do-para-vai-a-justica-para-suspender-leilao-de-petroleo-na-7a-acao-contra-a-anp\/#primaryimage"},"thumbnailUrl":"https:\/\/agenciainfra.com\/blog\/wp-content\/uploads\/2023\/05\/logo-anp-foto-mme-saulo-cruz-e1748370900715.jpg","datePublished":"2025-06-13T18:36:17+00:00","dateModified":"2025-06-16T16:01:55+00:00","breadcrumb":{"@id":"https:\/\/agenciainfra.com\/blog\/mpf-do-para-vai-a-justica-para-suspender-leilao-de-petroleo-na-7a-acao-contra-a-anp\/#breadcrumb"},"inLanguage":"pt-BR","potentialAction":[{"@type":"ReadAction","target":["https:\/\/agenciainfra.com\/blog\/mpf-do-para-vai-a-justica-para-suspender-leilao-de-petroleo-na-7a-acao-contra-a-anp\/"]}]},{"@type":"ImageObject","inLanguage":"pt-BR","@id":"https:\/\/agenciainfra.com\/blog\/mpf-do-para-vai-a-justica-para-suspender-leilao-de-petroleo-na-7a-acao-contra-a-anp\/#primaryimage","url":"https:\/\/agenciainfra.com\/blog\/wp-content\/uploads\/2023\/05\/logo-anp-foto-mme-saulo-cruz-e1748370900715.jpg","contentUrl":"https:\/\/agenciainfra.com\/blog\/wp-content\/uploads\/2023\/05\/logo-anp-foto-mme-saulo-cruz-e1748370900715.jpg","width":1280,"height":766,"caption":"Foto: Saulo Cruz\/MME"},{"@type":"BreadcrumbList","@id":"https:\/\/agenciainfra.com\/blog\/mpf-do-para-vai-a-justica-para-suspender-leilao-de-petroleo-na-7a-acao-contra-a-anp\/#breadcrumb","itemListElement":[{"@type":"ListItem","position":1,"name":"In\u00edcio","item":"https:\/\/agenciainfra.com\/blog\/"},{"@type":"ListItem","position":2,"name":"MPF do Par\u00e1 vai \u00e0 Justi\u00e7a para suspender leil\u00e3o de petr\u00f3leo na 7\u00aa a\u00e7\u00e3o contra a ANP"}]},{"@type":"WebSite","@id":"https:\/\/agenciainfra.com\/blog\/#website","url":"https:\/\/agenciainfra.com\/blog\/","name":"Ag\u00eancia iNFRA","description":"Multiplataforma de informa\u00e7\u00e3o jornal\u00edstica refer\u00eancia na \u00e1rea de infraestrutura no Brasil!","publisher":{"@id":"https:\/\/agenciainfra.com\/blog\/#organization"},"potentialAction":[{"@type":"SearchAction","target":{"@type":"EntryPoint","urlTemplate":"https:\/\/agenciainfra.com\/blog\/?s={search_term_string}"},"query-input":{"@type":"PropertyValueSpecification","valueRequired":true,"valueName":"search_term_string"}}],"inLanguage":"pt-BR"},{"@type":"Organization","@id":"https:\/\/agenciainfra.com\/blog\/#organization","name":"Ag\u00eancia iNFRA","url":"https:\/\/agenciainfra.com\/blog\/","logo":{"@type":"ImageObject","inLanguage":"pt-BR","@id":"https:\/\/agenciainfra.com\/blog\/#\/schema\/logo\/image\/","url":"https:\/\/agenciainfra.com\/blog\/wp-content\/uploads\/2023\/09\/iNFRA_5-e1761735885940.png","contentUrl":"https:\/\/agenciainfra.com\/blog\/wp-content\/uploads\/2023\/09\/iNFRA_5-e1761735885940.png","width":1672,"height":454,"caption":"Ag\u00eancia iNFRA"},"image":{"@id":"https:\/\/agenciainfra.com\/blog\/#\/schema\/logo\/image\/"},"sameAs":["https:\/\/www.facebook.com\/ageninfra","https:\/\/x.com\/agencia_infra","https:\/\/www.linkedin.com\/company\/ag\u00eanciainfra\/","https:\/\/www.instagram.com\/agenciainfra\/"]},{"@type":"Person","@id":"https:\/\/agenciainfra.com\/blog\/#\/schema\/person\/34af08dff6adea4cb22b06612ba7acfa","name":"Ag\u00eancia iNFRA","image":{"@type":"ImageObject","inLanguage":"pt-BR","@id":"https:\/\/agenciainfra.com\/blog\/#\/schema\/person\/image\/","url":"https:\/\/secure.gravatar.com\/avatar\/d189e01678f06d8eb84d4e01f08eb848b3fffe3f8443818d3c356c66892f5be8?s=96&d=mm&r=g","contentUrl":"https:\/\/secure.gravatar.com\/avatar\/d189e01678f06d8eb84d4e01f08eb848b3fffe3f8443818d3c356c66892f5be8?s=96&d=mm&r=g","caption":"Ag\u00eancia iNFRA"},"url":"https:\/\/agenciainfra.com\/blog\/author\/admin\/"}]}},"_links":{"self":[{"href":"https:\/\/agenciainfra.com\/blog\/wp-json\/wp\/v2\/posts\/22899","targetHints":{"allow":["GET"]}}],"collection":[{"href":"https:\/\/agenciainfra.com\/blog\/wp-json\/wp\/v2\/posts"}],"about":[{"href":"https:\/\/agenciainfra.com\/blog\/wp-json\/wp\/v2\/types\/post"}],"author":[{"embeddable":true,"href":"https:\/\/agenciainfra.com\/blog\/wp-json\/wp\/v2\/users\/1"}],"replies":[{"embeddable":true,"href":"https:\/\/agenciainfra.com\/blog\/wp-json\/wp\/v2\/comments?post=22899"}],"version-history":[{"count":1,"href":"https:\/\/agenciainfra.com\/blog\/wp-json\/wp\/v2\/posts\/22899\/revisions"}],"predecessor-version":[{"id":22900,"href":"https:\/\/agenciainfra.com\/blog\/wp-json\/wp\/v2\/posts\/22899\/revisions\/22900"}],"wp:featuredmedia":[{"embeddable":true,"href":"https:\/\/agenciainfra.com\/blog\/wp-json\/wp\/v2\/media\/12697"}],"wp:attachment":[{"href":"https:\/\/agenciainfra.com\/blog\/wp-json\/wp\/v2\/media?parent=22899"}],"wp:term":[{"taxonomy":"category","embeddable":true,"href":"https:\/\/agenciainfra.com\/blog\/wp-json\/wp\/v2\/categories?post=22899"},{"taxonomy":"post_tag","embeddable":true,"href":"https:\/\/agenciainfra.com\/blog\/wp-json\/wp\/v2\/tags?post=22899"}],"curies":[{"name":"wp","href":"https:\/\/api.w.org\/{rel}","templated":true}]}}