{"id":2294,"date":"2018-08-11T07:02:10","date_gmt":"2018-08-11T10:02:10","guid":{"rendered":"http:\/\/www.agenciainfra.com\/blog\/?p=2294"},"modified":"2018-08-11T07:04:55","modified_gmt":"2018-08-11T10:04:55","slug":"comissao-mista-da-mp-do-fundo-ferroviario-e-instalada-mas-sem-relator","status":"publish","type":"post","link":"https:\/\/agenciainfra.com\/blog\/comissao-mista-da-mp-do-fundo-ferroviario-e-instalada-mas-sem-relator\/","title":{"rendered":"Comiss\u00e3o mista da MP do Fundo Ferrovi\u00e1rio \u00e9 instalada, mas sem relator. Audi\u00eancia da Vale \u00e9 aberta"},"content":{"rendered":"<div>\n<div><\/div>\n<div style=\"text-align: right;\"><strong>Dimmi Amora, da Ag\u00eancia iNFRA<\/strong><\/div>\n<p dir=\"ltr\">\n<p dir=\"ltr\">A comiss\u00e3o mista para an\u00e1lise da MP 845, que criou o Fundo Nacional de Desenvolvimento Ferrovi\u00e1rio, foi instalada nesta quarta-feira (8) com o senador Flexa Ribeiro (PSDB-PA) na presid\u00eancia do colegiado. O deputado Lelo Coimbra (MDB-ES) ser\u00e1 o vice-presidente. A indica\u00e7\u00e3o do relator caber\u00e1 \u00e0 C\u00e2mara, mas ainda n\u00e3o houve acordo entre as lideran\u00e7as da Casa por um nome.<\/p>\n<p>Os indicados s\u00e3o de estados que est\u00e3o reclamando da forma como o governo pretende renovar antecipadamente as concess\u00f5es ferrovi\u00e1rias da Vale, a EFC (Estrada de Ferro de Caraj\u00e1s) e EFVM (Estrada de Ferro Vit\u00f3ria-Minas). Eles entraram na Justi\u00e7a para evitar que o governo use os recursos da poss\u00edvel outorga que vierem dessas renova\u00e7\u00f5es para construir um trecho da FICO (Ferrovia do Centro-Oeste).<\/p>\n<p>Nesta quarta-feira (8), a ANTT aprovou os termos das\u00a0audi\u00eancias p\u00fablicas para essa renova\u00e7\u00e3o.\u00a0As audi\u00eancias p\u00fablicas 8 e 9 de 2018 receber\u00e3o contribui\u00e7\u00f5es at\u00e9 24 de setembro. Foram marcadas sess\u00f5es presenciais para a EFVM em\u00a0 Belo Horizonte (10\/09), Ipatinga (12\/09), Vit\u00f3ria (14\/09) e Bras\u00edlia (18\/09). J\u00e1 a da EFC ter\u00e1 encontros em Bel\u00e9m (27\/08) e S\u00e3o Luis (29\/08) e em Bras\u00edlia (17\/09).<\/p>\n<p>Para tentar reduzir as cr\u00edticas do Par\u00e1, o governo editou a MP 845, que cria\u00a0o fundo, com recursos da concess\u00e3o da Ferrovia Norte-Sul, que deve ser realizada este ano, e prioritariamente faria obras no Par\u00e1. Depois, outros recursos de concess\u00f5es poderiam ser levados a este fundo para novas obras ferrovi\u00e1rias.<\/p>\n<p>Logo ap\u00f3s a comiss\u00e3o ser instalada, Flexa encerrou a sess\u00e3o e marcou um novo encontro dos deputados para o dia 28 de agosto. No entanto, ele mesmo v\u00ea dificuldade para que a sess\u00e3o ocorra porque a C\u00e2mara e o Senado est\u00e3o marcando semanas de vota\u00e7\u00e3o no per\u00edodo eleitoral em per\u00edodos diferentes.<\/p>\n<p>&#8220;Vamos tentar fazer esse primeiro encontro e ver o que \u00e9 poss\u00edvel fazer nesse per\u00edodo eleitoral&#8221;, afirmou Flexa que presidiu tamb\u00e9m a CI (Comiss\u00e3o de Infraestrutura) do Senado numa audi\u00eancia p\u00fablica para tratar do tema na ter\u00e7a-feira (7).<\/p>\n<p><strong>Emendas<\/strong><br \/>\nA MP recebeu 19 emendas. A maioria delas \u00e9 para incluir novos trechos no fundo, inclusive os que o governo j\u00e1 combinou de fazer em investimentos cruzados com a renova\u00e7\u00e3o de concess\u00e3o de outras ferrovias.<\/p>\n<p>Tamb\u00e9m foram apresentadas emendas para incluir no fundo todos os recursos de renova\u00e7\u00f5es antecipadas, al\u00e9m de multas e TAC (Temos de Ajustamento de Conduta) para compor os recursos do fundo.<\/p>\n<p>Outras emendas tratam de mudar a Lei 13.448\/2017 para determinar que os investimentos cruzados sejam realizados apenas em ferrovias conexas ou do mesmo estado. Uma delas \u00e9 emenda do presidente da comiss\u00e3o.<\/p>\n<p><strong>Inadequada<\/strong><br \/>\nOutro documento da tramita\u00e7\u00e3o, o relat\u00f3rio da Consultoria Legislativa do Congresso considerou a MP \u201cInadequada e Incompat\u00edvel\u201d com as normas legais e a constitui\u00e7\u00e3o. No parecer, assinado pelo consultor Carlos Ant\u00f4nio Mendes Ribeiro Lessa, ele sustenta que a cria\u00e7\u00e3o de fundos por medida provis\u00f3ria n\u00e3o \u00e9 poss\u00edvel.<\/p>\n<p><strong>CVT nas concess\u00f5es<\/strong><br \/>\nAs press\u00f5es sobre as renova\u00e7\u00f5es tamb\u00e9m vir\u00e3o da C\u00e2mara, onde a CVT (Comiss\u00e3o de Via\u00e7\u00e3o e Transportes) decidiu convocar uma audi\u00eancia p\u00fablica para tratar do tema. A data ainda ser\u00e1 marcada.<\/p>\n<p>Os deputados da comiss\u00e3o tamb\u00e9m aprovaram audi\u00eancia para tratar das concess\u00f5es rodovi\u00e1rias, pedida pelo presidente do colegiado, Domingos S\u00e1vio.\u00a0Ele afirmou que vai convidar membros do Minist\u00e9rio P\u00fablico para que expliquem a posi\u00e7\u00e3o contr\u00e1ria ao governo de fazer a repactua\u00e7\u00e3o dos contratos do setor.<\/p>\n<\/div>\n","protected":false},"excerpt":{"rendered":"<p>Dimmi Amora, da Ag\u00eancia iNFRA A comiss\u00e3o mista para an\u00e1lise da MP 845, que criou o Fundo Nacional de Desenvolvimento Ferrovi\u00e1rio, foi instalada nesta quarta-feira (8) com o senador Flexa Ribeiro (PSDB-PA) na presid\u00eancia do colegiado. O deputado Lelo Coimbra (MDB-ES) ser\u00e1 o vice-presidente. A indica\u00e7\u00e3o do relator caber\u00e1 \u00e0 C\u00e2mara, mas ainda n\u00e3o houve [&hellip;]<\/p>\n","protected":false},"author":1,"featured_media":2105,"comment_status":"closed","ping_status":"open","sticky":false,"template":"","format":"standard","meta":{"_monsterinsights_skip_tracking":false,"_monsterinsights_sitenote_active":false,"_monsterinsights_sitenote_note":"","_monsterinsights_sitenote_category":0,"footnotes":""},"categories":[7],"tags":[548,78,229,228,338,472,550,551,549,83],"class_list":["post-2294","post","type-post","status-publish","format-standard","has-post-thumbnail","hentry","category-infratransporte","tag-comissao-mista","tag-concessoes","tag-efc","tag-efvm","tag-emendas","tag-fico","tag-flexa-ribeiro","tag-fundo-ferroviario","tag-tac","tag-vale"],"yoast_head":"<!-- This site is optimized with the Yoast SEO Premium plugin v25.4 (Yoast SEO v26.0) - https:\/\/yoast.com\/wordpress\/plugins\/seo\/ -->\n<title>Comiss\u00e3o mista da MP do Fundo Ferrovi\u00e1rio \u00e9 instalada, mas sem relator. Audi\u00eancia da Vale \u00e9 aberta - Ag\u00eancia iNFRA<\/title>\n<meta name=\"robots\" content=\"index, follow, max-snippet:-1, max-image-preview:large, max-video-preview:-1\" \/>\n<link rel=\"canonical\" href=\"https:\/\/agenciainfra.com\/blog\/comissao-mista-da-mp-do-fundo-ferroviario-e-instalada-mas-sem-relator\/\" \/>\n<meta property=\"og:locale\" content=\"pt_BR\" \/>\n<meta property=\"og:type\" content=\"article\" \/>\n<meta property=\"og:title\" content=\"Comiss\u00e3o mista da MP do Fundo Ferrovi\u00e1rio \u00e9 instalada, mas sem relator. Audi\u00eancia da Vale \u00e9 aberta\" \/>\n<meta property=\"og:description\" content=\"Dimmi Amora, da Ag\u00eancia iNFRA A comiss\u00e3o mista para an\u00e1lise da MP 845, que criou o Fundo Nacional de Desenvolvimento Ferrovi\u00e1rio, foi instalada nesta quarta-feira (8) com o senador Flexa Ribeiro (PSDB-PA) na presid\u00eancia do colegiado. O deputado Lelo Coimbra (MDB-ES) ser\u00e1 o vice-presidente. A indica\u00e7\u00e3o do relator caber\u00e1 \u00e0 C\u00e2mara, mas ainda n\u00e3o houve [&hellip;]\" \/>\n<meta property=\"og:url\" content=\"https:\/\/agenciainfra.com\/blog\/comissao-mista-da-mp-do-fundo-ferroviario-e-instalada-mas-sem-relator\/\" \/>\n<meta property=\"og:site_name\" content=\"Ag\u00eancia iNFRA\" \/>\n<meta property=\"article:publisher\" content=\"https:\/\/www.facebook.com\/ageninfra\" \/>\n<meta property=\"article:published_time\" content=\"2018-08-11T10:02:10+00:00\" \/>\n<meta property=\"article:modified_time\" content=\"2018-08-11T10:04:55+00:00\" \/>\n<meta property=\"og:image\" content=\"https:\/\/agenciainfra.com\/blog\/wp-content\/uploads\/2018\/07\/fiol_lote_2_divulgacao_valec_14_06_2018.jpg\" \/>\n\t<meta property=\"og:image:width\" content=\"1200\" \/>\n\t<meta property=\"og:image:height\" content=\"900\" \/>\n\t<meta property=\"og:image:type\" content=\"image\/jpeg\" \/>\n<meta name=\"author\" content=\"Ag\u00eancia iNFRA\" \/>\n<meta name=\"twitter:card\" content=\"summary_large_image\" \/>\n<meta name=\"twitter:creator\" content=\"@agencia_infra\" \/>\n<meta name=\"twitter:site\" content=\"@agencia_infra\" \/>\n<meta name=\"twitter:label1\" content=\"Escrito por\" \/>\n\t<meta name=\"twitter:data1\" content=\"Ag\u00eancia iNFRA\" \/>\n\t<meta name=\"twitter:label2\" content=\"Est. tempo de leitura\" \/>\n\t<meta name=\"twitter:data2\" content=\"3 minutos\" \/>\n<script type=\"application\/ld+json\" class=\"yoast-schema-graph\">{\"@context\":\"https:\/\/schema.org\",\"@graph\":[{\"@type\":\"Article\",\"@id\":\"https:\/\/agenciainfra.com\/blog\/comissao-mista-da-mp-do-fundo-ferroviario-e-instalada-mas-sem-relator\/#article\",\"isPartOf\":{\"@id\":\"https:\/\/agenciainfra.com\/blog\/comissao-mista-da-mp-do-fundo-ferroviario-e-instalada-mas-sem-relator\/\"},\"author\":{\"name\":\"Ag\u00eancia iNFRA\",\"@id\":\"https:\/\/agenciainfra.com\/blog\/#\/schema\/person\/34af08dff6adea4cb22b06612ba7acfa\"},\"headline\":\"Comiss\u00e3o mista da MP do Fundo Ferrovi\u00e1rio \u00e9 instalada, mas sem relator. Audi\u00eancia da Vale \u00e9 aberta\",\"datePublished\":\"2018-08-11T10:02:10+00:00\",\"dateModified\":\"2018-08-11T10:04:55+00:00\",\"mainEntityOfPage\":{\"@id\":\"https:\/\/agenciainfra.com\/blog\/comissao-mista-da-mp-do-fundo-ferroviario-e-instalada-mas-sem-relator\/\"},\"wordCount\":634,\"publisher\":{\"@id\":\"https:\/\/agenciainfra.com\/blog\/#organization\"},\"image\":{\"@id\":\"https:\/\/agenciainfra.com\/blog\/comissao-mista-da-mp-do-fundo-ferroviario-e-instalada-mas-sem-relator\/#primaryimage\"},\"thumbnailUrl\":\"https:\/\/agenciainfra.com\/blog\/wp-content\/uploads\/2018\/07\/fiol_lote_2_divulgacao_valec_14_06_2018-e1751454076661.jpg\",\"keywords\":[\"Comiss\u00e3o mista\",\"concess\u00f5es\",\"EFC\",\"EFVM\",\"emendas\",\"FICO\",\"Flexa Ribeiro\",\"Fundo Ferrovi\u00e1rio\",\"TAC\",\"Vale\"],\"articleSection\":[\"iNFRATransporte\"],\"inLanguage\":\"pt-BR\",\"copyrightYear\":\"2018\",\"copyrightHolder\":{\"@id\":\"https:\/\/agenciainfra.com\/blog\/#organization\"}},{\"@type\":\"WebPage\",\"@id\":\"https:\/\/agenciainfra.com\/blog\/comissao-mista-da-mp-do-fundo-ferroviario-e-instalada-mas-sem-relator\/\",\"url\":\"https:\/\/agenciainfra.com\/blog\/comissao-mista-da-mp-do-fundo-ferroviario-e-instalada-mas-sem-relator\/\",\"name\":\"Comiss\u00e3o mista da MP do Fundo Ferrovi\u00e1rio \u00e9 instalada, mas sem relator. Audi\u00eancia da Vale \u00e9 aberta - Ag\u00eancia iNFRA\",\"isPartOf\":{\"@id\":\"https:\/\/agenciainfra.com\/blog\/#website\"},\"primaryImageOfPage\":{\"@id\":\"https:\/\/agenciainfra.com\/blog\/comissao-mista-da-mp-do-fundo-ferroviario-e-instalada-mas-sem-relator\/#primaryimage\"},\"image\":{\"@id\":\"https:\/\/agenciainfra.com\/blog\/comissao-mista-da-mp-do-fundo-ferroviario-e-instalada-mas-sem-relator\/#primaryimage\"},\"thumbnailUrl\":\"https:\/\/agenciainfra.com\/blog\/wp-content\/uploads\/2018\/07\/fiol_lote_2_divulgacao_valec_14_06_2018-e1751454076661.jpg\",\"datePublished\":\"2018-08-11T10:02:10+00:00\",\"dateModified\":\"2018-08-11T10:04:55+00:00\",\"breadcrumb\":{\"@id\":\"https:\/\/agenciainfra.com\/blog\/comissao-mista-da-mp-do-fundo-ferroviario-e-instalada-mas-sem-relator\/#breadcrumb\"},\"inLanguage\":\"pt-BR\",\"potentialAction\":[{\"@type\":\"ReadAction\",\"target\":[\"https:\/\/agenciainfra.com\/blog\/comissao-mista-da-mp-do-fundo-ferroviario-e-instalada-mas-sem-relator\/\"]}]},{\"@type\":\"ImageObject\",\"inLanguage\":\"pt-BR\",\"@id\":\"https:\/\/agenciainfra.com\/blog\/comissao-mista-da-mp-do-fundo-ferroviario-e-instalada-mas-sem-relator\/#primaryimage\",\"url\":\"https:\/\/agenciainfra.com\/blog\/wp-content\/uploads\/2018\/07\/fiol_lote_2_divulgacao_valec_14_06_2018-e1751454076661.jpg\",\"contentUrl\":\"https:\/\/agenciainfra.com\/blog\/wp-content\/uploads\/2018\/07\/fiol_lote_2_divulgacao_valec_14_06_2018-e1751454076661.jpg\",\"width\":1200,\"height\":736},{\"@type\":\"BreadcrumbList\",\"@id\":\"https:\/\/agenciainfra.com\/blog\/comissao-mista-da-mp-do-fundo-ferroviario-e-instalada-mas-sem-relator\/#breadcrumb\",\"itemListElement\":[{\"@type\":\"ListItem\",\"position\":1,\"name\":\"In\u00edcio\",\"item\":\"https:\/\/agenciainfra.com\/blog\/\"},{\"@type\":\"ListItem\",\"position\":2,\"name\":\"Comiss\u00e3o mista da MP do Fundo Ferrovi\u00e1rio \u00e9 instalada, mas sem relator. Audi\u00eancia da Vale \u00e9 aberta\"}]},{\"@type\":\"WebSite\",\"@id\":\"https:\/\/agenciainfra.com\/blog\/#website\",\"url\":\"https:\/\/agenciainfra.com\/blog\/\",\"name\":\"Ag\u00eancia iNFRA\",\"description\":\"Multiplataforma de informa\u00e7\u00e3o jornal\u00edstica refer\u00eancia na \u00e1rea de infraestrutura no Brasil!\",\"publisher\":{\"@id\":\"https:\/\/agenciainfra.com\/blog\/#organization\"},\"potentialAction\":[{\"@type\":\"SearchAction\",\"target\":{\"@type\":\"EntryPoint\",\"urlTemplate\":\"https:\/\/agenciainfra.com\/blog\/?s={search_term_string}\"},\"query-input\":{\"@type\":\"PropertyValueSpecification\",\"valueRequired\":true,\"valueName\":\"search_term_string\"}}],\"inLanguage\":\"pt-BR\"},{\"@type\":\"Organization\",\"@id\":\"https:\/\/agenciainfra.com\/blog\/#organization\",\"name\":\"Ag\u00eancia iNFRA\",\"url\":\"https:\/\/agenciainfra.com\/blog\/\",\"logo\":{\"@type\":\"ImageObject\",\"inLanguage\":\"pt-BR\",\"@id\":\"https:\/\/agenciainfra.com\/blog\/#\/schema\/logo\/image\/\",\"url\":\"https:\/\/agenciainfra.com\/blog\/wp-content\/uploads\/2023\/09\/iNFRA_5-e1761735885940.png\",\"contentUrl\":\"https:\/\/agenciainfra.com\/blog\/wp-content\/uploads\/2023\/09\/iNFRA_5-e1761735885940.png\",\"width\":1672,\"height\":454,\"caption\":\"Ag\u00eancia iNFRA\"},\"image\":{\"@id\":\"https:\/\/agenciainfra.com\/blog\/#\/schema\/logo\/image\/\"},\"sameAs\":[\"https:\/\/www.facebook.com\/ageninfra\",\"https:\/\/x.com\/agencia_infra\",\"https:\/\/www.linkedin.com\/company\/ag\u00eanciainfra\/\",\"https:\/\/www.instagram.com\/agenciainfra\/\"]},{\"@type\":\"Person\",\"@id\":\"https:\/\/agenciainfra.com\/blog\/#\/schema\/person\/34af08dff6adea4cb22b06612ba7acfa\",\"name\":\"Ag\u00eancia iNFRA\",\"image\":{\"@type\":\"ImageObject\",\"inLanguage\":\"pt-BR\",\"@id\":\"https:\/\/agenciainfra.com\/blog\/#\/schema\/person\/image\/\",\"url\":\"https:\/\/secure.gravatar.com\/avatar\/d189e01678f06d8eb84d4e01f08eb848b3fffe3f8443818d3c356c66892f5be8?s=96&d=mm&r=g\",\"contentUrl\":\"https:\/\/secure.gravatar.com\/avatar\/d189e01678f06d8eb84d4e01f08eb848b3fffe3f8443818d3c356c66892f5be8?s=96&d=mm&r=g\",\"caption\":\"Ag\u00eancia iNFRA\"},\"url\":\"https:\/\/agenciainfra.com\/blog\/author\/admin\/\"}]}<\/script>\n<!-- \/ Yoast SEO Premium plugin. -->","yoast_head_json":{"title":"Comiss\u00e3o mista da MP do Fundo Ferrovi\u00e1rio \u00e9 instalada, mas sem relator. Audi\u00eancia da Vale \u00e9 aberta - Ag\u00eancia iNFRA","robots":{"index":"index","follow":"follow","max-snippet":"max-snippet:-1","max-image-preview":"max-image-preview:large","max-video-preview":"max-video-preview:-1"},"canonical":"https:\/\/agenciainfra.com\/blog\/comissao-mista-da-mp-do-fundo-ferroviario-e-instalada-mas-sem-relator\/","og_locale":"pt_BR","og_type":"article","og_title":"Comiss\u00e3o mista da MP do Fundo Ferrovi\u00e1rio \u00e9 instalada, mas sem relator. Audi\u00eancia da Vale \u00e9 aberta","og_description":"Dimmi Amora, da Ag\u00eancia iNFRA A comiss\u00e3o mista para an\u00e1lise da MP 845, que criou o Fundo Nacional de Desenvolvimento Ferrovi\u00e1rio, foi instalada nesta quarta-feira (8) com o senador Flexa Ribeiro (PSDB-PA) na presid\u00eancia do colegiado. O deputado Lelo Coimbra (MDB-ES) ser\u00e1 o vice-presidente. A indica\u00e7\u00e3o do relator caber\u00e1 \u00e0 C\u00e2mara, mas ainda n\u00e3o houve [&hellip;]","og_url":"https:\/\/agenciainfra.com\/blog\/comissao-mista-da-mp-do-fundo-ferroviario-e-instalada-mas-sem-relator\/","og_site_name":"Ag\u00eancia iNFRA","article_publisher":"https:\/\/www.facebook.com\/ageninfra","article_published_time":"2018-08-11T10:02:10+00:00","article_modified_time":"2018-08-11T10:04:55+00:00","og_image":[{"width":1200,"height":900,"url":"https:\/\/agenciainfra.com\/blog\/wp-content\/uploads\/2018\/07\/fiol_lote_2_divulgacao_valec_14_06_2018.jpg","type":"image\/jpeg"}],"author":"Ag\u00eancia iNFRA","twitter_card":"summary_large_image","twitter_creator":"@agencia_infra","twitter_site":"@agencia_infra","twitter_misc":{"Escrito por":"Ag\u00eancia iNFRA","Est. tempo de leitura":"3 minutos"},"schema":{"@context":"https:\/\/schema.org","@graph":[{"@type":"Article","@id":"https:\/\/agenciainfra.com\/blog\/comissao-mista-da-mp-do-fundo-ferroviario-e-instalada-mas-sem-relator\/#article","isPartOf":{"@id":"https:\/\/agenciainfra.com\/blog\/comissao-mista-da-mp-do-fundo-ferroviario-e-instalada-mas-sem-relator\/"},"author":{"name":"Ag\u00eancia iNFRA","@id":"https:\/\/agenciainfra.com\/blog\/#\/schema\/person\/34af08dff6adea4cb22b06612ba7acfa"},"headline":"Comiss\u00e3o mista da MP do Fundo Ferrovi\u00e1rio \u00e9 instalada, mas sem relator. Audi\u00eancia da Vale \u00e9 aberta","datePublished":"2018-08-11T10:02:10+00:00","dateModified":"2018-08-11T10:04:55+00:00","mainEntityOfPage":{"@id":"https:\/\/agenciainfra.com\/blog\/comissao-mista-da-mp-do-fundo-ferroviario-e-instalada-mas-sem-relator\/"},"wordCount":634,"publisher":{"@id":"https:\/\/agenciainfra.com\/blog\/#organization"},"image":{"@id":"https:\/\/agenciainfra.com\/blog\/comissao-mista-da-mp-do-fundo-ferroviario-e-instalada-mas-sem-relator\/#primaryimage"},"thumbnailUrl":"https:\/\/agenciainfra.com\/blog\/wp-content\/uploads\/2018\/07\/fiol_lote_2_divulgacao_valec_14_06_2018-e1751454076661.jpg","keywords":["Comiss\u00e3o mista","concess\u00f5es","EFC","EFVM","emendas","FICO","Flexa Ribeiro","Fundo Ferrovi\u00e1rio","TAC","Vale"],"articleSection":["iNFRATransporte"],"inLanguage":"pt-BR","copyrightYear":"2018","copyrightHolder":{"@id":"https:\/\/agenciainfra.com\/blog\/#organization"}},{"@type":"WebPage","@id":"https:\/\/agenciainfra.com\/blog\/comissao-mista-da-mp-do-fundo-ferroviario-e-instalada-mas-sem-relator\/","url":"https:\/\/agenciainfra.com\/blog\/comissao-mista-da-mp-do-fundo-ferroviario-e-instalada-mas-sem-relator\/","name":"Comiss\u00e3o mista da MP do Fundo Ferrovi\u00e1rio \u00e9 instalada, mas sem relator. Audi\u00eancia da Vale \u00e9 aberta - Ag\u00eancia iNFRA","isPartOf":{"@id":"https:\/\/agenciainfra.com\/blog\/#website"},"primaryImageOfPage":{"@id":"https:\/\/agenciainfra.com\/blog\/comissao-mista-da-mp-do-fundo-ferroviario-e-instalada-mas-sem-relator\/#primaryimage"},"image":{"@id":"https:\/\/agenciainfra.com\/blog\/comissao-mista-da-mp-do-fundo-ferroviario-e-instalada-mas-sem-relator\/#primaryimage"},"thumbnailUrl":"https:\/\/agenciainfra.com\/blog\/wp-content\/uploads\/2018\/07\/fiol_lote_2_divulgacao_valec_14_06_2018-e1751454076661.jpg","datePublished":"2018-08-11T10:02:10+00:00","dateModified":"2018-08-11T10:04:55+00:00","breadcrumb":{"@id":"https:\/\/agenciainfra.com\/blog\/comissao-mista-da-mp-do-fundo-ferroviario-e-instalada-mas-sem-relator\/#breadcrumb"},"inLanguage":"pt-BR","potentialAction":[{"@type":"ReadAction","target":["https:\/\/agenciainfra.com\/blog\/comissao-mista-da-mp-do-fundo-ferroviario-e-instalada-mas-sem-relator\/"]}]},{"@type":"ImageObject","inLanguage":"pt-BR","@id":"https:\/\/agenciainfra.com\/blog\/comissao-mista-da-mp-do-fundo-ferroviario-e-instalada-mas-sem-relator\/#primaryimage","url":"https:\/\/agenciainfra.com\/blog\/wp-content\/uploads\/2018\/07\/fiol_lote_2_divulgacao_valec_14_06_2018-e1751454076661.jpg","contentUrl":"https:\/\/agenciainfra.com\/blog\/wp-content\/uploads\/2018\/07\/fiol_lote_2_divulgacao_valec_14_06_2018-e1751454076661.jpg","width":1200,"height":736},{"@type":"BreadcrumbList","@id":"https:\/\/agenciainfra.com\/blog\/comissao-mista-da-mp-do-fundo-ferroviario-e-instalada-mas-sem-relator\/#breadcrumb","itemListElement":[{"@type":"ListItem","position":1,"name":"In\u00edcio","item":"https:\/\/agenciainfra.com\/blog\/"},{"@type":"ListItem","position":2,"name":"Comiss\u00e3o mista da MP do Fundo Ferrovi\u00e1rio \u00e9 instalada, mas sem relator. Audi\u00eancia da Vale \u00e9 aberta"}]},{"@type":"WebSite","@id":"https:\/\/agenciainfra.com\/blog\/#website","url":"https:\/\/agenciainfra.com\/blog\/","name":"Ag\u00eancia iNFRA","description":"Multiplataforma de informa\u00e7\u00e3o jornal\u00edstica refer\u00eancia na \u00e1rea de infraestrutura no Brasil!","publisher":{"@id":"https:\/\/agenciainfra.com\/blog\/#organization"},"potentialAction":[{"@type":"SearchAction","target":{"@type":"EntryPoint","urlTemplate":"https:\/\/agenciainfra.com\/blog\/?s={search_term_string}"},"query-input":{"@type":"PropertyValueSpecification","valueRequired":true,"valueName":"search_term_string"}}],"inLanguage":"pt-BR"},{"@type":"Organization","@id":"https:\/\/agenciainfra.com\/blog\/#organization","name":"Ag\u00eancia iNFRA","url":"https:\/\/agenciainfra.com\/blog\/","logo":{"@type":"ImageObject","inLanguage":"pt-BR","@id":"https:\/\/agenciainfra.com\/blog\/#\/schema\/logo\/image\/","url":"https:\/\/agenciainfra.com\/blog\/wp-content\/uploads\/2023\/09\/iNFRA_5-e1761735885940.png","contentUrl":"https:\/\/agenciainfra.com\/blog\/wp-content\/uploads\/2023\/09\/iNFRA_5-e1761735885940.png","width":1672,"height":454,"caption":"Ag\u00eancia iNFRA"},"image":{"@id":"https:\/\/agenciainfra.com\/blog\/#\/schema\/logo\/image\/"},"sameAs":["https:\/\/www.facebook.com\/ageninfra","https:\/\/x.com\/agencia_infra","https:\/\/www.linkedin.com\/company\/ag\u00eanciainfra\/","https:\/\/www.instagram.com\/agenciainfra\/"]},{"@type":"Person","@id":"https:\/\/agenciainfra.com\/blog\/#\/schema\/person\/34af08dff6adea4cb22b06612ba7acfa","name":"Ag\u00eancia iNFRA","image":{"@type":"ImageObject","inLanguage":"pt-BR","@id":"https:\/\/agenciainfra.com\/blog\/#\/schema\/person\/image\/","url":"https:\/\/secure.gravatar.com\/avatar\/d189e01678f06d8eb84d4e01f08eb848b3fffe3f8443818d3c356c66892f5be8?s=96&d=mm&r=g","contentUrl":"https:\/\/secure.gravatar.com\/avatar\/d189e01678f06d8eb84d4e01f08eb848b3fffe3f8443818d3c356c66892f5be8?s=96&d=mm&r=g","caption":"Ag\u00eancia iNFRA"},"url":"https:\/\/agenciainfra.com\/blog\/author\/admin\/"}]}},"_links":{"self":[{"href":"https:\/\/agenciainfra.com\/blog\/wp-json\/wp\/v2\/posts\/2294","targetHints":{"allow":["GET"]}}],"collection":[{"href":"https:\/\/agenciainfra.com\/blog\/wp-json\/wp\/v2\/posts"}],"about":[{"href":"https:\/\/agenciainfra.com\/blog\/wp-json\/wp\/v2\/types\/post"}],"author":[{"embeddable":true,"href":"https:\/\/agenciainfra.com\/blog\/wp-json\/wp\/v2\/users\/1"}],"replies":[{"embeddable":true,"href":"https:\/\/agenciainfra.com\/blog\/wp-json\/wp\/v2\/comments?post=2294"}],"version-history":[{"count":0,"href":"https:\/\/agenciainfra.com\/blog\/wp-json\/wp\/v2\/posts\/2294\/revisions"}],"wp:featuredmedia":[{"embeddable":true,"href":"https:\/\/agenciainfra.com\/blog\/wp-json\/wp\/v2\/media\/2105"}],"wp:attachment":[{"href":"https:\/\/agenciainfra.com\/blog\/wp-json\/wp\/v2\/media?parent=2294"}],"wp:term":[{"taxonomy":"category","embeddable":true,"href":"https:\/\/agenciainfra.com\/blog\/wp-json\/wp\/v2\/categories?post=2294"},{"taxonomy":"post_tag","embeddable":true,"href":"https:\/\/agenciainfra.com\/blog\/wp-json\/wp\/v2\/tags?post=2294"}],"curies":[{"name":"wp","href":"https:\/\/api.w.org\/{rel}","templated":true}]}}