{"id":22962,"date":"2025-06-17T08:00:00","date_gmt":"2025-06-17T11:00:00","guid":{"rendered":"https:\/\/agenciainfra.com\/blog\/?p=22962"},"modified":"2025-06-17T12:06:24","modified_gmt":"2025-06-17T15:06:24","slug":"custos-regulatorio-e-de-investimento-preocupam-ferrovias-em-novo-indice-enquanto-usuarios-preveem-mais-dificuldades","status":"publish","type":"post","link":"https:\/\/agenciainfra.com\/blog\/custos-regulatorio-e-de-investimento-preocupam-ferrovias-em-novo-indice-enquanto-usuarios-preveem-mais-dificuldades\/","title":{"rendered":"Custos regulat\u00f3rio e de investimento preocupam ferrovias em novo \u00edndice, enquanto usu\u00e1rios preveem mais dificuldades"},"content":{"rendered":"\n<p class=\"has-text-align-right\"><strong>Amanda Pupo, da Ag\u00eancia iNFRA<\/strong><\/p>\n\n\n\n<p>O refinamento que a ANTT (Ag\u00eancia Nacional de Transportes Terrestres) quer promover na regra que dita quando as ferrovias devem investir para ampliar capacidade jogou luz novamente no conflito entre as concession\u00e1rias e os usu\u00e1rios de transporte de carga, que reclamam da falta de oferta de espa\u00e7o nas malhas. A discuss\u00e3o atual gira em torno do ISF (\u00cdndice de Satura\u00e7\u00e3o de Ferrovia).<br><br>Quando o indicador chega a 90%, os contratos renovados\u00a0de concess\u00e3o preveem que as operadoras devem adequar os trechos para serem capazes de atender ao aumento da\u00a0demanda do mercado e n\u00e3o poderem usar o argumento de que n\u00e3o t\u00eam capacidade de transporte para recusar os pedidos de transportes.\u00a0<br><br>Em\u00a0<a href=\"https:\/\/agenciainfra.us14.list-manage.com\/track\/click?u=d460dd1bcf9ba0ae040e1fc0f&amp;id=62dfb82664&amp;e=55b7a27fc9\" target=\"_blank\" rel=\"noreferrer noopener\">consulta p\u00fablica<\/a>\u00a0no \u00f3rg\u00e3o regulador, a proposta para padronizar o c\u00e1lculo do ISF despertou cr\u00edticas de ambos os lados. Para as operadoras, incomodou em especial a sugest\u00e3o da ANTT para que\u00a0apresentem um plano de a\u00e7\u00e3o sempre que o \u00edndice chegar a 80%, o que foi considerado mais um fardo regulat\u00f3rio. A comprova\u00e7\u00e3o da viabilidade econ\u00f4mica nas amplia\u00e7\u00f5es \u00e9 outro ponto levantado pelas concession\u00e1rias. Os usu\u00e1rios que transportam cargas nas ferrovias v\u00e3o na dire\u00e7\u00e3o contr\u00e1ria e alegam que a minuta apresentada pela ag\u00eancia piora a perspectiva,\u00a0j\u00e1 negativa,\u00a0de investimentos novos e acesso \u00e0s malhas.\u00a0<br><br>T\u00e9cnicos da ag\u00eancia j\u00e1 previam que a minuta geraria uma discuss\u00e3o acirrada. Eles avaliam que o amadurecimento regulat\u00f3rio do setor ferrovi\u00e1rio \u00e9 uma pauta relativamente recente na compara\u00e7\u00e3o com o mercado rodovi\u00e1rio, por exemplo.<br><br><strong>Gatilho<\/strong><br>O gatilho de 80% para a apresenta\u00e7\u00e3o de estudos foi sugerido pela ANTT, visando a evitar que a ferrovia chegue a uma condi\u00e7\u00e3o saturada sem que exista um planejamento pr\u00e9vio do que deve ser feito quando o \u00edndice m\u00e1ximo permitido, de 90%, for atingido.\u00a0<br><br>Contudo, a ANTF (Associa\u00e7\u00e3o Nacional dos Transportadores Ferrovi\u00e1rios) diz que a previs\u00e3o cria uma obriga\u00e7\u00e3o adicional \u00e0s ferrovias, a qual seria\u00a0\u201cineficaz\u201d e \u201cin\u00fatil\u201d, segundo a associa\u00e7\u00e3o,\u00a0porque n\u00e3o necessariamente uma ferrovia que chega a 80% de satura\u00e7\u00e3o vai alcan\u00e7ar o patamar de 90%.<br><br>O argumento foi levantado pelo diretor de Dados e Autorregula\u00e7\u00e3o da entidade, Paulo Oliveira. \u201cCorre risco de a ANTT ter um monte de estudos que nunca v\u00e3o chegar a 90%. Esse flag \u00e9 in\u00fatil\u201d, disse, na \u00faltima quinta-feira (12), durante reuni\u00e3o participativa sobre a proposta da ANTT, que fica em consulta p\u00fablica at\u00e9 o pr\u00f3ximo dia 23. A ideia \u00e9 ter a norma aprovada at\u00e9 setembro.<br><br>Tamb\u00e9m na audi\u00eancia, o professor da USP (Universidade de S\u00e3o Paulo) Daniel de Oliveira Mota disse que essa \u201czona de aten\u00e7\u00e3o\u201d criada pelo gatilho pode n\u00e3o funcionar porque o ISF de um segmento pode levar at\u00e9 cinco anos para pular de 80% para 90%, o que tornaria os estudos feitos no per\u00edodo obsoletos.<br><br>Para o gerente de Regula\u00e7\u00e3o Ferrovi\u00e1ria da ANTT, Fernando Feitosa, o gatilho vai cumprir a fun\u00e7\u00e3o de n\u00e3o deixar o usu\u00e1rio desassistido. \u201cN\u00e3o ter um plano do que fazer quando atingir o gatilho \u00e9 preocupante\u201d, argumentou. Mas a expectativa no setor \u00e9 de que o \u00f3rg\u00e3o consiga desenhar, a partir de sugest\u00f5es, uma regra mais aplic\u00e1vel \u00e0 realidade e que n\u00e3o signifique mais uma burocracia para as concession\u00e1rias.<br><br><strong>C\u00e1lculo<\/strong><br>Apesar da considera\u00e7\u00e3o da ag\u00eancia sobre o atendimento dos usu\u00e1rios, a ANUT (Associa\u00e7\u00e3o Nacional dos Usu\u00e1rios do Transporte de Carga) n\u00e3o ficou satisfeita com a proposta \u2013n\u00e3o em rela\u00e7\u00e3o ao gatilho, mas \u00e0 f\u00f3rmula de c\u00e1lculo do ISF. Gerente t\u00e9cnico da entidade, Andr\u00e9 Aguiar afirmou que a metodologia apresentada ancora ainda mais a perspectiva negativa que o usu\u00e1rio tem sobre a falta de capacidade nas ferrovias.<br><br>O novo c\u00e1lculo, na pr\u00e1tica, suaviza o ISF em rela\u00e7\u00e3o \u00e0 f\u00f3rmula usada hoje. Numa situa\u00e7\u00e3o hipot\u00e9tica, calculada pela ANTT\u00a0para um segmento ferrovi\u00e1rio com capacidade instalada de 16,4 pares de trens por dia, o modelo atual indicou um ISF de 98%. Pela f\u00f3rmula proposta, o ISF cairia a 78%. A ag\u00eancia ainda estuda internamente um c\u00e1lculo alternativo que adicionaria desvio padr\u00e3o \u00e0 f\u00f3rmula. Nesse caso hipot\u00e9tico, o \u00edndice iria a 84%.\u00a0<br><br>Para o corpo t\u00e9cnico do \u00f3rg\u00e3o, esse meio termo pode ser uma sa\u00edda que conseguiria suavizar o pico de satura\u00e7\u00e3o sem deixar de atribuir a ele algum tipo de peso. Com isso, conseguiria endere\u00e7ar, ao menos em parte, a preocupa\u00e7\u00e3o dos usu\u00e1rios.<br><br>Por outro lado, a ades\u00e3o esbarra no desejo da ANTT de, a princ\u00edpio, n\u00e3o alterar o c\u00e1lculo apresentado na minuta porque ele reflete a f\u00f3rmula usada no acordo para iniciar a\u00a0repactua\u00e7\u00e3o das\u00a0ferrovias da Vale, fechado no ano passado. Por ela, o NSSF (N\u00edvel de Satura\u00e7\u00e3o dos Segmentos Ferrovi\u00e1rios) \u00e9 calculado pelo quociente entre a m\u00e9dia simples da capacidade utilizada para os 12 meses do ano de apura\u00e7\u00e3o e a capacidade instalada para o ano.<br><br>A empresa, inclusive, chegou a sugerir outra f\u00f3rmula, n\u00e3o aceita pela ag\u00eancia. A proposta mudaria a f\u00f3rmula do\u00a0ISF de pico mensal para o maior valor da m\u00e9dia m\u00f3vel dos \u00faltimos 36 meses do NSSF. \u201cA ideia de m\u00e9dia\u00a0m\u00f3vel com 36 meses foi submetida na\u00a0nossa diretoria e n\u00e3o passou\u201d, lembrou Feitosa, da ANTT.<br><br>Foi o caso da Vale que provocou a ag\u00eancia a sugerir uma padroniza\u00e7\u00e3o do \u00edndice. Durante a reuni\u00e3o participativa, a ANTF n\u00e3o sugeriu contribui\u00e7\u00f5es sobre o c\u00e1lculo, j\u00e1 que n\u00e3o haveria consenso entre as associadas sobre qual deve ser a alternativa.<br><br><strong>Investimentos<\/strong><br>A associa\u00e7\u00e3o, por\u00e9m,\u00a0levou \u00e0 ANTT sua preocupa\u00e7\u00e3o com a obrigatoriedade dos novos investimentos. Sugeriu, por exemplo, que a decis\u00e3o de amplia\u00e7\u00e3o da capacidade traga antes uma an\u00e1lise do que \u00e9 poss\u00edvel fazer em termos de adequa\u00e7\u00e3o operacional no trecho.<br><br>\u201cPodem ser medidas tomadas para assegurar que a capacidade cumpra \u00edndices em outro formato operacional\u201d, disse o diretor da ANTF. Outro ponto levantado na audi\u00eancia, por um representante da VLI Log\u00edstica, foi a necessidade de um mecanismo de amortiza\u00e7\u00e3o dos investimentos.<br><br>O ponto toca numa quest\u00e3o sens\u00edvel para as operadoras, devido ao custo alto de amplia\u00e7\u00e3o e manuten\u00e7\u00e3o de uma ferrovia. As empresas pontuam que as concess\u00f5es n\u00e3o podem operar com capacidade ociosa, e que amplia\u00e7\u00f5es\u00a0precisam ser acompanhadas do compromisso de carga ou de desembolso direto do usu\u00e1rio no capex.\u00a0<br><br>Assim, foi visto com bons olhos o fato de a proposta da ANTT tamb\u00e9m ter tentando responder a essa preocupa\u00e7\u00e3o.\u00a0A minuta prop\u00f5e que outorgas livres possam ser usadas como fonte de financiamento para os investimentos em expans\u00e3o de capacidade.<br><br>Como\u00a0<a href=\"https:\/\/agenciainfra.us14.list-manage.com\/track\/click?u=d460dd1bcf9ba0ae040e1fc0f&amp;id=fad93f529a&amp;e=55b7a27fc9\" target=\"_blank\" rel=\"noreferrer noopener\">mostrou a\u00a0Ag\u00eancia iNFRA<\/a>, essa alternativa de financiamento \u00e9 pensada, em parte, para incentivar as concession\u00e1rias a n\u00e3o\u00a0operarem limitando capacidade para n\u00e3o chegarem ao teto da satura\u00e7\u00e3o, tendo\u00a0que fazer os investimentos que, em alguns casos, podem ter retornos longos. Outro incentivo \u00e9 admitir\u00a0a participa\u00e7\u00e3o de usu\u00e1rio investidor em projetos de amplia\u00e7\u00e3o mediante celebra\u00e7\u00e3o de contrato espec\u00edfico com a operadora.\u00a0<\/p>\n","protected":false},"excerpt":{"rendered":"<p>Amanda Pupo, da Ag\u00eancia iNFRA O refinamento que a ANTT (Ag\u00eancia Nacional de Transportes Terrestres) quer promover na regra que dita quando as ferrovias devem investir para ampliar capacidade jogou luz novamente no conflito entre as concession\u00e1rias e os usu\u00e1rios de transporte de carga, que reclamam da falta de oferta de espa\u00e7o nas malhas. A [&hellip;]<\/p>\n","protected":false},"author":1,"featured_media":2905,"comment_status":"closed","ping_status":"closed","sticky":false,"template":"","format":"standard","meta":{"_monsterinsights_skip_tracking":false,"_monsterinsights_sitenote_active":false,"_monsterinsights_sitenote_note":"","_monsterinsights_sitenote_category":0,"footnotes":""},"categories":[7250,1,7],"tags":[13354,19,13790,120,13789,13791,270],"class_list":["post-22962","post","type-post","status-publish","format-standard","has-post-thumbnail","hentry","category-destaque-lista","category-geral","category-infratransporte","tag-amanda-pupo","tag-antt","tag-calculo-do-isf","tag-ferrovias","tag-indice-de-saturacao-de-ferrovias","tag-isf","tag-malha-ferroviaria"],"yoast_head":"<!-- This site is optimized with the Yoast SEO Premium plugin v25.4 (Yoast SEO v26.0) - https:\/\/yoast.com\/wordpress\/plugins\/seo\/ -->\n<title>Custos regulat\u00f3rio e de investimento preocupam ferrovias em novo \u00edndice, enquanto usu\u00e1rios preveem mais dificuldades - Ag\u00eancia iNFRA<\/title>\n<meta name=\"robots\" content=\"index, follow, max-snippet:-1, max-image-preview:large, max-video-preview:-1\" \/>\n<link rel=\"canonical\" href=\"https:\/\/agenciainfra.com\/blog\/custos-regulatorio-e-de-investimento-preocupam-ferrovias-em-novo-indice-enquanto-usuarios-preveem-mais-dificuldades\/\" \/>\n<meta property=\"og:locale\" content=\"pt_BR\" \/>\n<meta property=\"og:type\" content=\"article\" \/>\n<meta property=\"og:title\" content=\"Custos regulat\u00f3rio e de investimento preocupam ferrovias em novo \u00edndice, enquanto usu\u00e1rios preveem mais dificuldades\" \/>\n<meta property=\"og:description\" content=\"Amanda Pupo, da Ag\u00eancia iNFRA O refinamento que a ANTT (Ag\u00eancia Nacional de Transportes Terrestres) quer promover na regra que dita quando as ferrovias devem investir para ampliar capacidade jogou luz novamente no conflito entre as concession\u00e1rias e os usu\u00e1rios de transporte de carga, que reclamam da falta de oferta de espa\u00e7o nas malhas. A [&hellip;]\" \/>\n<meta property=\"og:url\" content=\"https:\/\/agenciainfra.com\/blog\/custos-regulatorio-e-de-investimento-preocupam-ferrovias-em-novo-indice-enquanto-usuarios-preveem-mais-dificuldades\/\" \/>\n<meta property=\"og:site_name\" content=\"Ag\u00eancia iNFRA\" \/>\n<meta property=\"article:publisher\" content=\"https:\/\/www.facebook.com\/ageninfra\" \/>\n<meta property=\"article:published_time\" content=\"2025-06-17T11:00:00+00:00\" \/>\n<meta property=\"article:modified_time\" content=\"2025-06-17T15:06:24+00:00\" \/>\n<meta property=\"og:image\" content=\"https:\/\/agenciainfra.com\/blog\/wp-content\/uploads\/2019\/02\/ferrovia-alberto-ruy-mtpa.jpg\" \/>\n\t<meta property=\"og:image:width\" content=\"2048\" \/>\n\t<meta property=\"og:image:height\" content=\"1367\" \/>\n\t<meta property=\"og:image:type\" content=\"image\/jpeg\" \/>\n<meta name=\"author\" content=\"Ag\u00eancia iNFRA\" \/>\n<meta name=\"twitter:card\" content=\"summary_large_image\" \/>\n<meta name=\"twitter:creator\" content=\"@agencia_infra\" \/>\n<meta name=\"twitter:site\" content=\"@agencia_infra\" \/>\n<meta name=\"twitter:label1\" content=\"Escrito por\" \/>\n\t<meta name=\"twitter:data1\" content=\"Ag\u00eancia iNFRA\" \/>\n\t<meta name=\"twitter:label2\" content=\"Est. tempo de leitura\" \/>\n\t<meta name=\"twitter:data2\" content=\"6 minutos\" \/>\n<script type=\"application\/ld+json\" class=\"yoast-schema-graph\">{\"@context\":\"https:\/\/schema.org\",\"@graph\":[{\"@type\":\"Article\",\"@id\":\"https:\/\/agenciainfra.com\/blog\/custos-regulatorio-e-de-investimento-preocupam-ferrovias-em-novo-indice-enquanto-usuarios-preveem-mais-dificuldades\/#article\",\"isPartOf\":{\"@id\":\"https:\/\/agenciainfra.com\/blog\/custos-regulatorio-e-de-investimento-preocupam-ferrovias-em-novo-indice-enquanto-usuarios-preveem-mais-dificuldades\/\"},\"author\":{\"name\":\"Ag\u00eancia iNFRA\",\"@id\":\"https:\/\/agenciainfra.com\/blog\/#\/schema\/person\/34af08dff6adea4cb22b06612ba7acfa\"},\"headline\":\"Custos regulat\u00f3rio e de investimento preocupam ferrovias em novo \u00edndice, enquanto usu\u00e1rios preveem mais dificuldades\",\"datePublished\":\"2025-06-17T11:00:00+00:00\",\"dateModified\":\"2025-06-17T15:06:24+00:00\",\"mainEntityOfPage\":{\"@id\":\"https:\/\/agenciainfra.com\/blog\/custos-regulatorio-e-de-investimento-preocupam-ferrovias-em-novo-indice-enquanto-usuarios-preveem-mais-dificuldades\/\"},\"wordCount\":1257,\"publisher\":{\"@id\":\"https:\/\/agenciainfra.com\/blog\/#organization\"},\"image\":{\"@id\":\"https:\/\/agenciainfra.com\/blog\/custos-regulatorio-e-de-investimento-preocupam-ferrovias-em-novo-indice-enquanto-usuarios-preveem-mais-dificuldades\/#primaryimage\"},\"thumbnailUrl\":\"https:\/\/agenciainfra.com\/blog\/wp-content\/uploads\/2019\/02\/ferrovia-alberto-ruy-mtpa.jpg\",\"keywords\":[\"Amanda Pupo\",\"ANTT\",\"c\u00e1lculo do isf\",\"Ferrovias\",\"\u00edndice de satura\u00e7\u00e3o de ferrovias\",\"isf\",\"malha ferrovi\u00e1ria\"],\"articleSection\":[\"Destaque lista\",\"Geral\",\"iNFRATransporte\"],\"inLanguage\":\"pt-BR\",\"copyrightYear\":\"2025\",\"copyrightHolder\":{\"@id\":\"https:\/\/agenciainfra.com\/blog\/#organization\"}},{\"@type\":\"WebPage\",\"@id\":\"https:\/\/agenciainfra.com\/blog\/custos-regulatorio-e-de-investimento-preocupam-ferrovias-em-novo-indice-enquanto-usuarios-preveem-mais-dificuldades\/\",\"url\":\"https:\/\/agenciainfra.com\/blog\/custos-regulatorio-e-de-investimento-preocupam-ferrovias-em-novo-indice-enquanto-usuarios-preveem-mais-dificuldades\/\",\"name\":\"Custos regulat\u00f3rio e de investimento preocupam ferrovias em novo \u00edndice, enquanto usu\u00e1rios preveem mais dificuldades - Ag\u00eancia iNFRA\",\"isPartOf\":{\"@id\":\"https:\/\/agenciainfra.com\/blog\/#website\"},\"primaryImageOfPage\":{\"@id\":\"https:\/\/agenciainfra.com\/blog\/custos-regulatorio-e-de-investimento-preocupam-ferrovias-em-novo-indice-enquanto-usuarios-preveem-mais-dificuldades\/#primaryimage\"},\"image\":{\"@id\":\"https:\/\/agenciainfra.com\/blog\/custos-regulatorio-e-de-investimento-preocupam-ferrovias-em-novo-indice-enquanto-usuarios-preveem-mais-dificuldades\/#primaryimage\"},\"thumbnailUrl\":\"https:\/\/agenciainfra.com\/blog\/wp-content\/uploads\/2019\/02\/ferrovia-alberto-ruy-mtpa.jpg\",\"datePublished\":\"2025-06-17T11:00:00+00:00\",\"dateModified\":\"2025-06-17T15:06:24+00:00\",\"breadcrumb\":{\"@id\":\"https:\/\/agenciainfra.com\/blog\/custos-regulatorio-e-de-investimento-preocupam-ferrovias-em-novo-indice-enquanto-usuarios-preveem-mais-dificuldades\/#breadcrumb\"},\"inLanguage\":\"pt-BR\",\"potentialAction\":[{\"@type\":\"ReadAction\",\"target\":[\"https:\/\/agenciainfra.com\/blog\/custos-regulatorio-e-de-investimento-preocupam-ferrovias-em-novo-indice-enquanto-usuarios-preveem-mais-dificuldades\/\"]}]},{\"@type\":\"ImageObject\",\"inLanguage\":\"pt-BR\",\"@id\":\"https:\/\/agenciainfra.com\/blog\/custos-regulatorio-e-de-investimento-preocupam-ferrovias-em-novo-indice-enquanto-usuarios-preveem-mais-dificuldades\/#primaryimage\",\"url\":\"https:\/\/agenciainfra.com\/blog\/wp-content\/uploads\/2019\/02\/ferrovia-alberto-ruy-mtpa.jpg\",\"contentUrl\":\"https:\/\/agenciainfra.com\/blog\/wp-content\/uploads\/2019\/02\/ferrovia-alberto-ruy-mtpa.jpg\",\"width\":2048,\"height\":1367,\"caption\":\"Alberto Ruy\/MPTA\"},{\"@type\":\"BreadcrumbList\",\"@id\":\"https:\/\/agenciainfra.com\/blog\/custos-regulatorio-e-de-investimento-preocupam-ferrovias-em-novo-indice-enquanto-usuarios-preveem-mais-dificuldades\/#breadcrumb\",\"itemListElement\":[{\"@type\":\"ListItem\",\"position\":1,\"name\":\"In\u00edcio\",\"item\":\"https:\/\/agenciainfra.com\/blog\/\"},{\"@type\":\"ListItem\",\"position\":2,\"name\":\"Custos regulat\u00f3rio e de investimento preocupam ferrovias em novo \u00edndice, enquanto usu\u00e1rios preveem mais dificuldades\"}]},{\"@type\":\"WebSite\",\"@id\":\"https:\/\/agenciainfra.com\/blog\/#website\",\"url\":\"https:\/\/agenciainfra.com\/blog\/\",\"name\":\"Ag\u00eancia iNFRA\",\"description\":\"Multiplataforma de informa\u00e7\u00e3o jornal\u00edstica refer\u00eancia na \u00e1rea de infraestrutura no Brasil!\",\"publisher\":{\"@id\":\"https:\/\/agenciainfra.com\/blog\/#organization\"},\"potentialAction\":[{\"@type\":\"SearchAction\",\"target\":{\"@type\":\"EntryPoint\",\"urlTemplate\":\"https:\/\/agenciainfra.com\/blog\/?s={search_term_string}\"},\"query-input\":{\"@type\":\"PropertyValueSpecification\",\"valueRequired\":true,\"valueName\":\"search_term_string\"}}],\"inLanguage\":\"pt-BR\"},{\"@type\":\"Organization\",\"@id\":\"https:\/\/agenciainfra.com\/blog\/#organization\",\"name\":\"Ag\u00eancia iNFRA\",\"url\":\"https:\/\/agenciainfra.com\/blog\/\",\"logo\":{\"@type\":\"ImageObject\",\"inLanguage\":\"pt-BR\",\"@id\":\"https:\/\/agenciainfra.com\/blog\/#\/schema\/logo\/image\/\",\"url\":\"https:\/\/agenciainfra.com\/blog\/wp-content\/uploads\/2023\/09\/iNFRA_5-e1761735885940.png\",\"contentUrl\":\"https:\/\/agenciainfra.com\/blog\/wp-content\/uploads\/2023\/09\/iNFRA_5-e1761735885940.png\",\"width\":1672,\"height\":454,\"caption\":\"Ag\u00eancia iNFRA\"},\"image\":{\"@id\":\"https:\/\/agenciainfra.com\/blog\/#\/schema\/logo\/image\/\"},\"sameAs\":[\"https:\/\/www.facebook.com\/ageninfra\",\"https:\/\/x.com\/agencia_infra\",\"https:\/\/www.linkedin.com\/company\/ag\u00eanciainfra\/\",\"https:\/\/www.instagram.com\/agenciainfra\/\"]},{\"@type\":\"Person\",\"@id\":\"https:\/\/agenciainfra.com\/blog\/#\/schema\/person\/34af08dff6adea4cb22b06612ba7acfa\",\"name\":\"Ag\u00eancia iNFRA\",\"image\":{\"@type\":\"ImageObject\",\"inLanguage\":\"pt-BR\",\"@id\":\"https:\/\/agenciainfra.com\/blog\/#\/schema\/person\/image\/\",\"url\":\"https:\/\/secure.gravatar.com\/avatar\/d189e01678f06d8eb84d4e01f08eb848b3fffe3f8443818d3c356c66892f5be8?s=96&d=mm&r=g\",\"contentUrl\":\"https:\/\/secure.gravatar.com\/avatar\/d189e01678f06d8eb84d4e01f08eb848b3fffe3f8443818d3c356c66892f5be8?s=96&d=mm&r=g\",\"caption\":\"Ag\u00eancia iNFRA\"},\"url\":\"https:\/\/agenciainfra.com\/blog\/author\/admin\/\"}]}<\/script>\n<!-- \/ Yoast SEO Premium plugin. -->","yoast_head_json":{"title":"Custos regulat\u00f3rio e de investimento preocupam ferrovias em novo \u00edndice, enquanto usu\u00e1rios preveem mais dificuldades - Ag\u00eancia iNFRA","robots":{"index":"index","follow":"follow","max-snippet":"max-snippet:-1","max-image-preview":"max-image-preview:large","max-video-preview":"max-video-preview:-1"},"canonical":"https:\/\/agenciainfra.com\/blog\/custos-regulatorio-e-de-investimento-preocupam-ferrovias-em-novo-indice-enquanto-usuarios-preveem-mais-dificuldades\/","og_locale":"pt_BR","og_type":"article","og_title":"Custos regulat\u00f3rio e de investimento preocupam ferrovias em novo \u00edndice, enquanto usu\u00e1rios preveem mais dificuldades","og_description":"Amanda Pupo, da Ag\u00eancia iNFRA O refinamento que a ANTT (Ag\u00eancia Nacional de Transportes Terrestres) quer promover na regra que dita quando as ferrovias devem investir para ampliar capacidade jogou luz novamente no conflito entre as concession\u00e1rias e os usu\u00e1rios de transporte de carga, que reclamam da falta de oferta de espa\u00e7o nas malhas. A [&hellip;]","og_url":"https:\/\/agenciainfra.com\/blog\/custos-regulatorio-e-de-investimento-preocupam-ferrovias-em-novo-indice-enquanto-usuarios-preveem-mais-dificuldades\/","og_site_name":"Ag\u00eancia iNFRA","article_publisher":"https:\/\/www.facebook.com\/ageninfra","article_published_time":"2025-06-17T11:00:00+00:00","article_modified_time":"2025-06-17T15:06:24+00:00","og_image":[{"width":2048,"height":1367,"url":"https:\/\/agenciainfra.com\/blog\/wp-content\/uploads\/2019\/02\/ferrovia-alberto-ruy-mtpa.jpg","type":"image\/jpeg"}],"author":"Ag\u00eancia iNFRA","twitter_card":"summary_large_image","twitter_creator":"@agencia_infra","twitter_site":"@agencia_infra","twitter_misc":{"Escrito por":"Ag\u00eancia iNFRA","Est. tempo de leitura":"6 minutos"},"schema":{"@context":"https:\/\/schema.org","@graph":[{"@type":"Article","@id":"https:\/\/agenciainfra.com\/blog\/custos-regulatorio-e-de-investimento-preocupam-ferrovias-em-novo-indice-enquanto-usuarios-preveem-mais-dificuldades\/#article","isPartOf":{"@id":"https:\/\/agenciainfra.com\/blog\/custos-regulatorio-e-de-investimento-preocupam-ferrovias-em-novo-indice-enquanto-usuarios-preveem-mais-dificuldades\/"},"author":{"name":"Ag\u00eancia iNFRA","@id":"https:\/\/agenciainfra.com\/blog\/#\/schema\/person\/34af08dff6adea4cb22b06612ba7acfa"},"headline":"Custos regulat\u00f3rio e de investimento preocupam ferrovias em novo \u00edndice, enquanto usu\u00e1rios preveem mais dificuldades","datePublished":"2025-06-17T11:00:00+00:00","dateModified":"2025-06-17T15:06:24+00:00","mainEntityOfPage":{"@id":"https:\/\/agenciainfra.com\/blog\/custos-regulatorio-e-de-investimento-preocupam-ferrovias-em-novo-indice-enquanto-usuarios-preveem-mais-dificuldades\/"},"wordCount":1257,"publisher":{"@id":"https:\/\/agenciainfra.com\/blog\/#organization"},"image":{"@id":"https:\/\/agenciainfra.com\/blog\/custos-regulatorio-e-de-investimento-preocupam-ferrovias-em-novo-indice-enquanto-usuarios-preveem-mais-dificuldades\/#primaryimage"},"thumbnailUrl":"https:\/\/agenciainfra.com\/blog\/wp-content\/uploads\/2019\/02\/ferrovia-alberto-ruy-mtpa.jpg","keywords":["Amanda Pupo","ANTT","c\u00e1lculo do isf","Ferrovias","\u00edndice de satura\u00e7\u00e3o de ferrovias","isf","malha ferrovi\u00e1ria"],"articleSection":["Destaque lista","Geral","iNFRATransporte"],"inLanguage":"pt-BR","copyrightYear":"2025","copyrightHolder":{"@id":"https:\/\/agenciainfra.com\/blog\/#organization"}},{"@type":"WebPage","@id":"https:\/\/agenciainfra.com\/blog\/custos-regulatorio-e-de-investimento-preocupam-ferrovias-em-novo-indice-enquanto-usuarios-preveem-mais-dificuldades\/","url":"https:\/\/agenciainfra.com\/blog\/custos-regulatorio-e-de-investimento-preocupam-ferrovias-em-novo-indice-enquanto-usuarios-preveem-mais-dificuldades\/","name":"Custos regulat\u00f3rio e de investimento preocupam ferrovias em novo \u00edndice, enquanto usu\u00e1rios preveem mais dificuldades - Ag\u00eancia iNFRA","isPartOf":{"@id":"https:\/\/agenciainfra.com\/blog\/#website"},"primaryImageOfPage":{"@id":"https:\/\/agenciainfra.com\/blog\/custos-regulatorio-e-de-investimento-preocupam-ferrovias-em-novo-indice-enquanto-usuarios-preveem-mais-dificuldades\/#primaryimage"},"image":{"@id":"https:\/\/agenciainfra.com\/blog\/custos-regulatorio-e-de-investimento-preocupam-ferrovias-em-novo-indice-enquanto-usuarios-preveem-mais-dificuldades\/#primaryimage"},"thumbnailUrl":"https:\/\/agenciainfra.com\/blog\/wp-content\/uploads\/2019\/02\/ferrovia-alberto-ruy-mtpa.jpg","datePublished":"2025-06-17T11:00:00+00:00","dateModified":"2025-06-17T15:06:24+00:00","breadcrumb":{"@id":"https:\/\/agenciainfra.com\/blog\/custos-regulatorio-e-de-investimento-preocupam-ferrovias-em-novo-indice-enquanto-usuarios-preveem-mais-dificuldades\/#breadcrumb"},"inLanguage":"pt-BR","potentialAction":[{"@type":"ReadAction","target":["https:\/\/agenciainfra.com\/blog\/custos-regulatorio-e-de-investimento-preocupam-ferrovias-em-novo-indice-enquanto-usuarios-preveem-mais-dificuldades\/"]}]},{"@type":"ImageObject","inLanguage":"pt-BR","@id":"https:\/\/agenciainfra.com\/blog\/custos-regulatorio-e-de-investimento-preocupam-ferrovias-em-novo-indice-enquanto-usuarios-preveem-mais-dificuldades\/#primaryimage","url":"https:\/\/agenciainfra.com\/blog\/wp-content\/uploads\/2019\/02\/ferrovia-alberto-ruy-mtpa.jpg","contentUrl":"https:\/\/agenciainfra.com\/blog\/wp-content\/uploads\/2019\/02\/ferrovia-alberto-ruy-mtpa.jpg","width":2048,"height":1367,"caption":"Alberto Ruy\/MPTA"},{"@type":"BreadcrumbList","@id":"https:\/\/agenciainfra.com\/blog\/custos-regulatorio-e-de-investimento-preocupam-ferrovias-em-novo-indice-enquanto-usuarios-preveem-mais-dificuldades\/#breadcrumb","itemListElement":[{"@type":"ListItem","position":1,"name":"In\u00edcio","item":"https:\/\/agenciainfra.com\/blog\/"},{"@type":"ListItem","position":2,"name":"Custos regulat\u00f3rio e de investimento preocupam ferrovias em novo \u00edndice, enquanto usu\u00e1rios preveem mais dificuldades"}]},{"@type":"WebSite","@id":"https:\/\/agenciainfra.com\/blog\/#website","url":"https:\/\/agenciainfra.com\/blog\/","name":"Ag\u00eancia iNFRA","description":"Multiplataforma de informa\u00e7\u00e3o jornal\u00edstica refer\u00eancia na \u00e1rea de infraestrutura no Brasil!","publisher":{"@id":"https:\/\/agenciainfra.com\/blog\/#organization"},"potentialAction":[{"@type":"SearchAction","target":{"@type":"EntryPoint","urlTemplate":"https:\/\/agenciainfra.com\/blog\/?s={search_term_string}"},"query-input":{"@type":"PropertyValueSpecification","valueRequired":true,"valueName":"search_term_string"}}],"inLanguage":"pt-BR"},{"@type":"Organization","@id":"https:\/\/agenciainfra.com\/blog\/#organization","name":"Ag\u00eancia iNFRA","url":"https:\/\/agenciainfra.com\/blog\/","logo":{"@type":"ImageObject","inLanguage":"pt-BR","@id":"https:\/\/agenciainfra.com\/blog\/#\/schema\/logo\/image\/","url":"https:\/\/agenciainfra.com\/blog\/wp-content\/uploads\/2023\/09\/iNFRA_5-e1761735885940.png","contentUrl":"https:\/\/agenciainfra.com\/blog\/wp-content\/uploads\/2023\/09\/iNFRA_5-e1761735885940.png","width":1672,"height":454,"caption":"Ag\u00eancia iNFRA"},"image":{"@id":"https:\/\/agenciainfra.com\/blog\/#\/schema\/logo\/image\/"},"sameAs":["https:\/\/www.facebook.com\/ageninfra","https:\/\/x.com\/agencia_infra","https:\/\/www.linkedin.com\/company\/ag\u00eanciainfra\/","https:\/\/www.instagram.com\/agenciainfra\/"]},{"@type":"Person","@id":"https:\/\/agenciainfra.com\/blog\/#\/schema\/person\/34af08dff6adea4cb22b06612ba7acfa","name":"Ag\u00eancia iNFRA","image":{"@type":"ImageObject","inLanguage":"pt-BR","@id":"https:\/\/agenciainfra.com\/blog\/#\/schema\/person\/image\/","url":"https:\/\/secure.gravatar.com\/avatar\/d189e01678f06d8eb84d4e01f08eb848b3fffe3f8443818d3c356c66892f5be8?s=96&d=mm&r=g","contentUrl":"https:\/\/secure.gravatar.com\/avatar\/d189e01678f06d8eb84d4e01f08eb848b3fffe3f8443818d3c356c66892f5be8?s=96&d=mm&r=g","caption":"Ag\u00eancia iNFRA"},"url":"https:\/\/agenciainfra.com\/blog\/author\/admin\/"}]}},"_links":{"self":[{"href":"https:\/\/agenciainfra.com\/blog\/wp-json\/wp\/v2\/posts\/22962","targetHints":{"allow":["GET"]}}],"collection":[{"href":"https:\/\/agenciainfra.com\/blog\/wp-json\/wp\/v2\/posts"}],"about":[{"href":"https:\/\/agenciainfra.com\/blog\/wp-json\/wp\/v2\/types\/post"}],"author":[{"embeddable":true,"href":"https:\/\/agenciainfra.com\/blog\/wp-json\/wp\/v2\/users\/1"}],"replies":[{"embeddable":true,"href":"https:\/\/agenciainfra.com\/blog\/wp-json\/wp\/v2\/comments?post=22962"}],"version-history":[{"count":1,"href":"https:\/\/agenciainfra.com\/blog\/wp-json\/wp\/v2\/posts\/22962\/revisions"}],"predecessor-version":[{"id":22963,"href":"https:\/\/agenciainfra.com\/blog\/wp-json\/wp\/v2\/posts\/22962\/revisions\/22963"}],"wp:featuredmedia":[{"embeddable":true,"href":"https:\/\/agenciainfra.com\/blog\/wp-json\/wp\/v2\/media\/2905"}],"wp:attachment":[{"href":"https:\/\/agenciainfra.com\/blog\/wp-json\/wp\/v2\/media?parent=22962"}],"wp:term":[{"taxonomy":"category","embeddable":true,"href":"https:\/\/agenciainfra.com\/blog\/wp-json\/wp\/v2\/categories?post=22962"},{"taxonomy":"post_tag","embeddable":true,"href":"https:\/\/agenciainfra.com\/blog\/wp-json\/wp\/v2\/tags?post=22962"}],"curies":[{"name":"wp","href":"https:\/\/api.w.org\/{rel}","templated":true}]}}