{"id":22965,"date":"2025-06-16T11:42:33","date_gmt":"2025-06-16T14:42:33","guid":{"rendered":"https:\/\/agenciainfra.com\/blog\/?p=22965"},"modified":"2025-06-17T10:33:24","modified_gmt":"2025-06-17T13:33:24","slug":"silveira-diz-que-cnpe-decidira-sobre-aumento-da-mistura-de-etanol-na-gasolina-para-30-em-reuniao-neste-mes","status":"publish","type":"post","link":"https:\/\/agenciainfra.com\/blog\/silveira-diz-que-cnpe-decidira-sobre-aumento-da-mistura-de-etanol-na-gasolina-para-30-em-reuniao-neste-mes\/","title":{"rendered":"Silveira diz que CNPE decidir\u00e1 sobre aumento da mistura de etanol na gasolina para 30% em reuni\u00e3o neste m\u00eas"},"content":{"rendered":"\n<p class=\"has-text-align-right\"><strong>da Ag\u00eancia iNFRA<\/strong><\/p>\n\n\n\n<p>O ministro de Minas e Energia, Alexandre Silveira, anunciou nesta segunda-feira (16) que ser\u00e1 decidido ainda neste m\u00eas de junho, em reuni\u00e3o do CNPE (Conselho Nacional de Pol\u00edtica Energ\u00e9tica), o aumento da mistura de etanol anidro na gasolina do teto atual de 27% para 30%. <\/p>\n\n\n\n<p>Silveira deu a declara\u00e7\u00e3o durante o semin\u00e1rio G\u00e1s para Empregar, realizado pela Fiesp (Federa\u00e7\u00e3o das Ind\u00fastrias do Estado de S\u00e3o Paulo). Segundo o ministro, a reuni\u00e3o do CNPE est\u00e1 marcada para 26 de junho e deve analisar outros temas, como a conclus\u00e3o das obras da usina de Angra 3.<\/p>\n\n\n\n<p>Desde o <a href=\"https:\/\/www.gov.br\/mme\/pt-br\/assuntos\/noticias\/alexandre-silveira-defende-implementacao-do-e30-neste-ano-e-destaca-acoes-do-governo-federal-para-potencializar-a-industria-sucroenergetica-nacional\">in\u00edcio do ano<\/a>, o ministro vem defendendo a implementa\u00e7\u00e3o do aumento da mistura de etanol na gasolina ainda neste ano. A proposta, que ainda ser\u00e1 votada pelo CNPE, pode reduzir o pre\u00e7o na bomba em at\u00e9 R$ 0,13 por litro, al\u00e9m de eliminar a necessidade de importar 760 milh\u00f5es de litros de gasolina por ano.<\/p>\n","protected":false},"excerpt":{"rendered":"<p>da Ag\u00eancia iNFRA O ministro de Minas e Energia, Alexandre Silveira, anunciou nesta segunda-feira (16) que ser\u00e1 decidido ainda neste m\u00eas de junho, em reuni\u00e3o do CNPE (Conselho Nacional de Pol\u00edtica Energ\u00e9tica), o aumento da mistura de etanol anidro na gasolina do teto atual de 27% para 30%. Silveira deu a declara\u00e7\u00e3o durante o semin\u00e1rio [&hellip;]<\/p>\n","protected":false},"author":1,"featured_media":7212,"comment_status":"closed","ping_status":"closed","sticky":false,"template":"","format":"standard","meta":{"_monsterinsights_skip_tracking":false,"_monsterinsights_sitenote_active":false,"_monsterinsights_sitenote_note":"","_monsterinsights_sitenote_category":0,"footnotes":""},"categories":[1,13271],"tags":[3004,314,2732,6751,3365,12541,13792,71],"class_list":["post-22965","post","type-post","status-publish","format-standard","has-post-thumbnail","hentry","category-geral","category-oleo-gas","tag-cnpe","tag-combustiveis","tag-etanol","tag-gas-para-empregar","tag-gasolina","tag-ministro-alexandre-silveira","tag-mistura-de-etanol-na-gasolina","tag-mme"],"yoast_head":"<!-- This site is optimized with the Yoast SEO Premium plugin v25.4 (Yoast SEO v26.0) - https:\/\/yoast.com\/wordpress\/plugins\/seo\/ -->\n<title>Silveira diz que CNPE decidir\u00e1 sobre aumento da mistura de etanol na gasolina para 30% em reuni\u00e3o neste m\u00eas - Ag\u00eancia iNFRA<\/title>\n<meta name=\"robots\" content=\"index, follow, max-snippet:-1, max-image-preview:large, max-video-preview:-1\" \/>\n<link rel=\"canonical\" href=\"https:\/\/agenciainfra.com\/blog\/silveira-diz-que-cnpe-decidira-sobre-aumento-da-mistura-de-etanol-na-gasolina-para-30-em-reuniao-neste-mes\/\" \/>\n<meta property=\"og:locale\" content=\"pt_BR\" \/>\n<meta property=\"og:type\" content=\"article\" \/>\n<meta property=\"og:title\" content=\"Silveira diz que CNPE decidir\u00e1 sobre aumento da mistura de etanol na gasolina para 30% em reuni\u00e3o neste m\u00eas\" \/>\n<meta property=\"og:description\" content=\"da Ag\u00eancia iNFRA O ministro de Minas e Energia, Alexandre Silveira, anunciou nesta segunda-feira (16) que ser\u00e1 decidido ainda neste m\u00eas de junho, em reuni\u00e3o do CNPE (Conselho Nacional de Pol\u00edtica Energ\u00e9tica), o aumento da mistura de etanol anidro na gasolina do teto atual de 27% para 30%. Silveira deu a declara\u00e7\u00e3o durante o semin\u00e1rio [&hellip;]\" \/>\n<meta property=\"og:url\" content=\"https:\/\/agenciainfra.com\/blog\/silveira-diz-que-cnpe-decidira-sobre-aumento-da-mistura-de-etanol-na-gasolina-para-30-em-reuniao-neste-mes\/\" \/>\n<meta property=\"og:site_name\" content=\"Ag\u00eancia iNFRA\" \/>\n<meta property=\"article:publisher\" content=\"https:\/\/www.facebook.com\/ageninfra\" \/>\n<meta property=\"article:published_time\" content=\"2025-06-16T14:42:33+00:00\" \/>\n<meta property=\"article:modified_time\" content=\"2025-06-17T13:33:24+00:00\" \/>\n<meta property=\"og:image\" content=\"https:\/\/agenciainfra.com\/blog\/wp-content\/uploads\/2021\/05\/gasolina-foto-marcelo-camargo-agencia-brasil.jpeg\" \/>\n\t<meta property=\"og:image:width\" content=\"1280\" \/>\n\t<meta property=\"og:image:height\" content=\"715\" \/>\n\t<meta property=\"og:image:type\" content=\"image\/jpeg\" \/>\n<meta name=\"author\" content=\"Ag\u00eancia iNFRA\" \/>\n<meta name=\"twitter:card\" content=\"summary_large_image\" \/>\n<meta name=\"twitter:creator\" content=\"@agencia_infra\" \/>\n<meta name=\"twitter:site\" content=\"@agencia_infra\" \/>\n<meta name=\"twitter:label1\" content=\"Escrito por\" \/>\n\t<meta name=\"twitter:data1\" content=\"Ag\u00eancia iNFRA\" \/>\n\t<meta name=\"twitter:label2\" content=\"Est. tempo de leitura\" \/>\n\t<meta name=\"twitter:data2\" content=\"1 minuto\" \/>\n<script type=\"application\/ld+json\" class=\"yoast-schema-graph\">{\"@context\":\"https:\/\/schema.org\",\"@graph\":[{\"@type\":\"Article\",\"@id\":\"https:\/\/agenciainfra.com\/blog\/silveira-diz-que-cnpe-decidira-sobre-aumento-da-mistura-de-etanol-na-gasolina-para-30-em-reuniao-neste-mes\/#article\",\"isPartOf\":{\"@id\":\"https:\/\/agenciainfra.com\/blog\/silveira-diz-que-cnpe-decidira-sobre-aumento-da-mistura-de-etanol-na-gasolina-para-30-em-reuniao-neste-mes\/\"},\"author\":{\"name\":\"Ag\u00eancia iNFRA\",\"@id\":\"https:\/\/agenciainfra.com\/blog\/#\/schema\/person\/34af08dff6adea4cb22b06612ba7acfa\"},\"headline\":\"Silveira diz que CNPE decidir\u00e1 sobre aumento da mistura de etanol na gasolina para 30% em reuni\u00e3o neste m\u00eas\",\"datePublished\":\"2025-06-16T14:42:33+00:00\",\"dateModified\":\"2025-06-17T13:33:24+00:00\",\"mainEntityOfPage\":{\"@id\":\"https:\/\/agenciainfra.com\/blog\/silveira-diz-que-cnpe-decidira-sobre-aumento-da-mistura-de-etanol-na-gasolina-para-30-em-reuniao-neste-mes\/\"},\"wordCount\":185,\"publisher\":{\"@id\":\"https:\/\/agenciainfra.com\/blog\/#organization\"},\"image\":{\"@id\":\"https:\/\/agenciainfra.com\/blog\/silveira-diz-que-cnpe-decidira-sobre-aumento-da-mistura-de-etanol-na-gasolina-para-30-em-reuniao-neste-mes\/#primaryimage\"},\"thumbnailUrl\":\"https:\/\/agenciainfra.com\/blog\/wp-content\/uploads\/2021\/05\/gasolina-foto-marcelo-camargo-agencia-brasil.jpeg\",\"keywords\":[\"CNPE\",\"combust\u00edveis\",\"etanol\",\"G\u00e1s Para Empregar\",\"gasolina\",\"Ministro Alexandre Silveira\",\"mistura de etanol na gasolina\",\"MME\"],\"articleSection\":[\"Geral\",\"\u00d3leo &amp; G\u00e1s\"],\"inLanguage\":\"pt-BR\",\"copyrightYear\":\"2025\",\"copyrightHolder\":{\"@id\":\"https:\/\/agenciainfra.com\/blog\/#organization\"}},{\"@type\":\"WebPage\",\"@id\":\"https:\/\/agenciainfra.com\/blog\/silveira-diz-que-cnpe-decidira-sobre-aumento-da-mistura-de-etanol-na-gasolina-para-30-em-reuniao-neste-mes\/\",\"url\":\"https:\/\/agenciainfra.com\/blog\/silveira-diz-que-cnpe-decidira-sobre-aumento-da-mistura-de-etanol-na-gasolina-para-30-em-reuniao-neste-mes\/\",\"name\":\"Silveira diz que CNPE decidir\u00e1 sobre aumento da mistura de etanol na gasolina para 30% em reuni\u00e3o neste m\u00eas - Ag\u00eancia iNFRA\",\"isPartOf\":{\"@id\":\"https:\/\/agenciainfra.com\/blog\/#website\"},\"primaryImageOfPage\":{\"@id\":\"https:\/\/agenciainfra.com\/blog\/silveira-diz-que-cnpe-decidira-sobre-aumento-da-mistura-de-etanol-na-gasolina-para-30-em-reuniao-neste-mes\/#primaryimage\"},\"image\":{\"@id\":\"https:\/\/agenciainfra.com\/blog\/silveira-diz-que-cnpe-decidira-sobre-aumento-da-mistura-de-etanol-na-gasolina-para-30-em-reuniao-neste-mes\/#primaryimage\"},\"thumbnailUrl\":\"https:\/\/agenciainfra.com\/blog\/wp-content\/uploads\/2021\/05\/gasolina-foto-marcelo-camargo-agencia-brasil.jpeg\",\"datePublished\":\"2025-06-16T14:42:33+00:00\",\"dateModified\":\"2025-06-17T13:33:24+00:00\",\"breadcrumb\":{\"@id\":\"https:\/\/agenciainfra.com\/blog\/silveira-diz-que-cnpe-decidira-sobre-aumento-da-mistura-de-etanol-na-gasolina-para-30-em-reuniao-neste-mes\/#breadcrumb\"},\"inLanguage\":\"pt-BR\",\"potentialAction\":[{\"@type\":\"ReadAction\",\"target\":[\"https:\/\/agenciainfra.com\/blog\/silveira-diz-que-cnpe-decidira-sobre-aumento-da-mistura-de-etanol-na-gasolina-para-30-em-reuniao-neste-mes\/\"]}]},{\"@type\":\"ImageObject\",\"inLanguage\":\"pt-BR\",\"@id\":\"https:\/\/agenciainfra.com\/blog\/silveira-diz-que-cnpe-decidira-sobre-aumento-da-mistura-de-etanol-na-gasolina-para-30-em-reuniao-neste-mes\/#primaryimage\",\"url\":\"https:\/\/agenciainfra.com\/blog\/wp-content\/uploads\/2021\/05\/gasolina-foto-marcelo-camargo-agencia-brasil.jpeg\",\"contentUrl\":\"https:\/\/agenciainfra.com\/blog\/wp-content\/uploads\/2021\/05\/gasolina-foto-marcelo-camargo-agencia-brasil.jpeg\",\"width\":1280,\"height\":715,\"caption\":\"Foto: Marcelo Camargo\/Ag\u00eancia Brasil\"},{\"@type\":\"BreadcrumbList\",\"@id\":\"https:\/\/agenciainfra.com\/blog\/silveira-diz-que-cnpe-decidira-sobre-aumento-da-mistura-de-etanol-na-gasolina-para-30-em-reuniao-neste-mes\/#breadcrumb\",\"itemListElement\":[{\"@type\":\"ListItem\",\"position\":1,\"name\":\"In\u00edcio\",\"item\":\"https:\/\/agenciainfra.com\/blog\/\"},{\"@type\":\"ListItem\",\"position\":2,\"name\":\"Silveira diz que CNPE decidir\u00e1 sobre aumento da mistura de etanol na gasolina para 30% em reuni\u00e3o neste m\u00eas\"}]},{\"@type\":\"WebSite\",\"@id\":\"https:\/\/agenciainfra.com\/blog\/#website\",\"url\":\"https:\/\/agenciainfra.com\/blog\/\",\"name\":\"Ag\u00eancia iNFRA\",\"description\":\"Multiplataforma de informa\u00e7\u00e3o jornal\u00edstica refer\u00eancia na \u00e1rea de infraestrutura no Brasil!\",\"publisher\":{\"@id\":\"https:\/\/agenciainfra.com\/blog\/#organization\"},\"potentialAction\":[{\"@type\":\"SearchAction\",\"target\":{\"@type\":\"EntryPoint\",\"urlTemplate\":\"https:\/\/agenciainfra.com\/blog\/?s={search_term_string}\"},\"query-input\":{\"@type\":\"PropertyValueSpecification\",\"valueRequired\":true,\"valueName\":\"search_term_string\"}}],\"inLanguage\":\"pt-BR\"},{\"@type\":\"Organization\",\"@id\":\"https:\/\/agenciainfra.com\/blog\/#organization\",\"name\":\"Ag\u00eancia iNFRA\",\"url\":\"https:\/\/agenciainfra.com\/blog\/\",\"logo\":{\"@type\":\"ImageObject\",\"inLanguage\":\"pt-BR\",\"@id\":\"https:\/\/agenciainfra.com\/blog\/#\/schema\/logo\/image\/\",\"url\":\"https:\/\/agenciainfra.com\/blog\/wp-content\/uploads\/2023\/09\/iNFRA_5-e1761735885940.png\",\"contentUrl\":\"https:\/\/agenciainfra.com\/blog\/wp-content\/uploads\/2023\/09\/iNFRA_5-e1761735885940.png\",\"width\":1672,\"height\":454,\"caption\":\"Ag\u00eancia iNFRA\"},\"image\":{\"@id\":\"https:\/\/agenciainfra.com\/blog\/#\/schema\/logo\/image\/\"},\"sameAs\":[\"https:\/\/www.facebook.com\/ageninfra\",\"https:\/\/x.com\/agencia_infra\",\"https:\/\/www.linkedin.com\/company\/ag\u00eanciainfra\/\",\"https:\/\/www.instagram.com\/agenciainfra\/\"]},{\"@type\":\"Person\",\"@id\":\"https:\/\/agenciainfra.com\/blog\/#\/schema\/person\/34af08dff6adea4cb22b06612ba7acfa\",\"name\":\"Ag\u00eancia iNFRA\",\"image\":{\"@type\":\"ImageObject\",\"inLanguage\":\"pt-BR\",\"@id\":\"https:\/\/agenciainfra.com\/blog\/#\/schema\/person\/image\/\",\"url\":\"https:\/\/secure.gravatar.com\/avatar\/d189e01678f06d8eb84d4e01f08eb848b3fffe3f8443818d3c356c66892f5be8?s=96&d=mm&r=g\",\"contentUrl\":\"https:\/\/secure.gravatar.com\/avatar\/d189e01678f06d8eb84d4e01f08eb848b3fffe3f8443818d3c356c66892f5be8?s=96&d=mm&r=g\",\"caption\":\"Ag\u00eancia iNFRA\"},\"url\":\"https:\/\/agenciainfra.com\/blog\/author\/admin\/\"}]}<\/script>\n<!-- \/ Yoast SEO Premium plugin. -->","yoast_head_json":{"title":"Silveira diz que CNPE decidir\u00e1 sobre aumento da mistura de etanol na gasolina para 30% em reuni\u00e3o neste m\u00eas - Ag\u00eancia iNFRA","robots":{"index":"index","follow":"follow","max-snippet":"max-snippet:-1","max-image-preview":"max-image-preview:large","max-video-preview":"max-video-preview:-1"},"canonical":"https:\/\/agenciainfra.com\/blog\/silveira-diz-que-cnpe-decidira-sobre-aumento-da-mistura-de-etanol-na-gasolina-para-30-em-reuniao-neste-mes\/","og_locale":"pt_BR","og_type":"article","og_title":"Silveira diz que CNPE decidir\u00e1 sobre aumento da mistura de etanol na gasolina para 30% em reuni\u00e3o neste m\u00eas","og_description":"da Ag\u00eancia iNFRA O ministro de Minas e Energia, Alexandre Silveira, anunciou nesta segunda-feira (16) que ser\u00e1 decidido ainda neste m\u00eas de junho, em reuni\u00e3o do CNPE (Conselho Nacional de Pol\u00edtica Energ\u00e9tica), o aumento da mistura de etanol anidro na gasolina do teto atual de 27% para 30%. Silveira deu a declara\u00e7\u00e3o durante o semin\u00e1rio [&hellip;]","og_url":"https:\/\/agenciainfra.com\/blog\/silveira-diz-que-cnpe-decidira-sobre-aumento-da-mistura-de-etanol-na-gasolina-para-30-em-reuniao-neste-mes\/","og_site_name":"Ag\u00eancia iNFRA","article_publisher":"https:\/\/www.facebook.com\/ageninfra","article_published_time":"2025-06-16T14:42:33+00:00","article_modified_time":"2025-06-17T13:33:24+00:00","og_image":[{"width":1280,"height":715,"url":"https:\/\/agenciainfra.com\/blog\/wp-content\/uploads\/2021\/05\/gasolina-foto-marcelo-camargo-agencia-brasil.jpeg","type":"image\/jpeg"}],"author":"Ag\u00eancia iNFRA","twitter_card":"summary_large_image","twitter_creator":"@agencia_infra","twitter_site":"@agencia_infra","twitter_misc":{"Escrito por":"Ag\u00eancia iNFRA","Est. tempo de leitura":"1 minuto"},"schema":{"@context":"https:\/\/schema.org","@graph":[{"@type":"Article","@id":"https:\/\/agenciainfra.com\/blog\/silveira-diz-que-cnpe-decidira-sobre-aumento-da-mistura-de-etanol-na-gasolina-para-30-em-reuniao-neste-mes\/#article","isPartOf":{"@id":"https:\/\/agenciainfra.com\/blog\/silveira-diz-que-cnpe-decidira-sobre-aumento-da-mistura-de-etanol-na-gasolina-para-30-em-reuniao-neste-mes\/"},"author":{"name":"Ag\u00eancia iNFRA","@id":"https:\/\/agenciainfra.com\/blog\/#\/schema\/person\/34af08dff6adea4cb22b06612ba7acfa"},"headline":"Silveira diz que CNPE decidir\u00e1 sobre aumento da mistura de etanol na gasolina para 30% em reuni\u00e3o neste m\u00eas","datePublished":"2025-06-16T14:42:33+00:00","dateModified":"2025-06-17T13:33:24+00:00","mainEntityOfPage":{"@id":"https:\/\/agenciainfra.com\/blog\/silveira-diz-que-cnpe-decidira-sobre-aumento-da-mistura-de-etanol-na-gasolina-para-30-em-reuniao-neste-mes\/"},"wordCount":185,"publisher":{"@id":"https:\/\/agenciainfra.com\/blog\/#organization"},"image":{"@id":"https:\/\/agenciainfra.com\/blog\/silveira-diz-que-cnpe-decidira-sobre-aumento-da-mistura-de-etanol-na-gasolina-para-30-em-reuniao-neste-mes\/#primaryimage"},"thumbnailUrl":"https:\/\/agenciainfra.com\/blog\/wp-content\/uploads\/2021\/05\/gasolina-foto-marcelo-camargo-agencia-brasil.jpeg","keywords":["CNPE","combust\u00edveis","etanol","G\u00e1s Para Empregar","gasolina","Ministro Alexandre Silveira","mistura de etanol na gasolina","MME"],"articleSection":["Geral","\u00d3leo &amp; G\u00e1s"],"inLanguage":"pt-BR","copyrightYear":"2025","copyrightHolder":{"@id":"https:\/\/agenciainfra.com\/blog\/#organization"}},{"@type":"WebPage","@id":"https:\/\/agenciainfra.com\/blog\/silveira-diz-que-cnpe-decidira-sobre-aumento-da-mistura-de-etanol-na-gasolina-para-30-em-reuniao-neste-mes\/","url":"https:\/\/agenciainfra.com\/blog\/silveira-diz-que-cnpe-decidira-sobre-aumento-da-mistura-de-etanol-na-gasolina-para-30-em-reuniao-neste-mes\/","name":"Silveira diz que CNPE decidir\u00e1 sobre aumento da mistura de etanol na gasolina para 30% em reuni\u00e3o neste m\u00eas - Ag\u00eancia iNFRA","isPartOf":{"@id":"https:\/\/agenciainfra.com\/blog\/#website"},"primaryImageOfPage":{"@id":"https:\/\/agenciainfra.com\/blog\/silveira-diz-que-cnpe-decidira-sobre-aumento-da-mistura-de-etanol-na-gasolina-para-30-em-reuniao-neste-mes\/#primaryimage"},"image":{"@id":"https:\/\/agenciainfra.com\/blog\/silveira-diz-que-cnpe-decidira-sobre-aumento-da-mistura-de-etanol-na-gasolina-para-30-em-reuniao-neste-mes\/#primaryimage"},"thumbnailUrl":"https:\/\/agenciainfra.com\/blog\/wp-content\/uploads\/2021\/05\/gasolina-foto-marcelo-camargo-agencia-brasil.jpeg","datePublished":"2025-06-16T14:42:33+00:00","dateModified":"2025-06-17T13:33:24+00:00","breadcrumb":{"@id":"https:\/\/agenciainfra.com\/blog\/silveira-diz-que-cnpe-decidira-sobre-aumento-da-mistura-de-etanol-na-gasolina-para-30-em-reuniao-neste-mes\/#breadcrumb"},"inLanguage":"pt-BR","potentialAction":[{"@type":"ReadAction","target":["https:\/\/agenciainfra.com\/blog\/silveira-diz-que-cnpe-decidira-sobre-aumento-da-mistura-de-etanol-na-gasolina-para-30-em-reuniao-neste-mes\/"]}]},{"@type":"ImageObject","inLanguage":"pt-BR","@id":"https:\/\/agenciainfra.com\/blog\/silveira-diz-que-cnpe-decidira-sobre-aumento-da-mistura-de-etanol-na-gasolina-para-30-em-reuniao-neste-mes\/#primaryimage","url":"https:\/\/agenciainfra.com\/blog\/wp-content\/uploads\/2021\/05\/gasolina-foto-marcelo-camargo-agencia-brasil.jpeg","contentUrl":"https:\/\/agenciainfra.com\/blog\/wp-content\/uploads\/2021\/05\/gasolina-foto-marcelo-camargo-agencia-brasil.jpeg","width":1280,"height":715,"caption":"Foto: Marcelo Camargo\/Ag\u00eancia Brasil"},{"@type":"BreadcrumbList","@id":"https:\/\/agenciainfra.com\/blog\/silveira-diz-que-cnpe-decidira-sobre-aumento-da-mistura-de-etanol-na-gasolina-para-30-em-reuniao-neste-mes\/#breadcrumb","itemListElement":[{"@type":"ListItem","position":1,"name":"In\u00edcio","item":"https:\/\/agenciainfra.com\/blog\/"},{"@type":"ListItem","position":2,"name":"Silveira diz que CNPE decidir\u00e1 sobre aumento da mistura de etanol na gasolina para 30% em reuni\u00e3o neste m\u00eas"}]},{"@type":"WebSite","@id":"https:\/\/agenciainfra.com\/blog\/#website","url":"https:\/\/agenciainfra.com\/blog\/","name":"Ag\u00eancia iNFRA","description":"Multiplataforma de informa\u00e7\u00e3o jornal\u00edstica refer\u00eancia na \u00e1rea de infraestrutura no Brasil!","publisher":{"@id":"https:\/\/agenciainfra.com\/blog\/#organization"},"potentialAction":[{"@type":"SearchAction","target":{"@type":"EntryPoint","urlTemplate":"https:\/\/agenciainfra.com\/blog\/?s={search_term_string}"},"query-input":{"@type":"PropertyValueSpecification","valueRequired":true,"valueName":"search_term_string"}}],"inLanguage":"pt-BR"},{"@type":"Organization","@id":"https:\/\/agenciainfra.com\/blog\/#organization","name":"Ag\u00eancia iNFRA","url":"https:\/\/agenciainfra.com\/blog\/","logo":{"@type":"ImageObject","inLanguage":"pt-BR","@id":"https:\/\/agenciainfra.com\/blog\/#\/schema\/logo\/image\/","url":"https:\/\/agenciainfra.com\/blog\/wp-content\/uploads\/2023\/09\/iNFRA_5-e1761735885940.png","contentUrl":"https:\/\/agenciainfra.com\/blog\/wp-content\/uploads\/2023\/09\/iNFRA_5-e1761735885940.png","width":1672,"height":454,"caption":"Ag\u00eancia iNFRA"},"image":{"@id":"https:\/\/agenciainfra.com\/blog\/#\/schema\/logo\/image\/"},"sameAs":["https:\/\/www.facebook.com\/ageninfra","https:\/\/x.com\/agencia_infra","https:\/\/www.linkedin.com\/company\/ag\u00eanciainfra\/","https:\/\/www.instagram.com\/agenciainfra\/"]},{"@type":"Person","@id":"https:\/\/agenciainfra.com\/blog\/#\/schema\/person\/34af08dff6adea4cb22b06612ba7acfa","name":"Ag\u00eancia iNFRA","image":{"@type":"ImageObject","inLanguage":"pt-BR","@id":"https:\/\/agenciainfra.com\/blog\/#\/schema\/person\/image\/","url":"https:\/\/secure.gravatar.com\/avatar\/d189e01678f06d8eb84d4e01f08eb848b3fffe3f8443818d3c356c66892f5be8?s=96&d=mm&r=g","contentUrl":"https:\/\/secure.gravatar.com\/avatar\/d189e01678f06d8eb84d4e01f08eb848b3fffe3f8443818d3c356c66892f5be8?s=96&d=mm&r=g","caption":"Ag\u00eancia iNFRA"},"url":"https:\/\/agenciainfra.com\/blog\/author\/admin\/"}]}},"_links":{"self":[{"href":"https:\/\/agenciainfra.com\/blog\/wp-json\/wp\/v2\/posts\/22965","targetHints":{"allow":["GET"]}}],"collection":[{"href":"https:\/\/agenciainfra.com\/blog\/wp-json\/wp\/v2\/posts"}],"about":[{"href":"https:\/\/agenciainfra.com\/blog\/wp-json\/wp\/v2\/types\/post"}],"author":[{"embeddable":true,"href":"https:\/\/agenciainfra.com\/blog\/wp-json\/wp\/v2\/users\/1"}],"replies":[{"embeddable":true,"href":"https:\/\/agenciainfra.com\/blog\/wp-json\/wp\/v2\/comments?post=22965"}],"version-history":[{"count":4,"href":"https:\/\/agenciainfra.com\/blog\/wp-json\/wp\/v2\/posts\/22965\/revisions"}],"predecessor-version":[{"id":23026,"href":"https:\/\/agenciainfra.com\/blog\/wp-json\/wp\/v2\/posts\/22965\/revisions\/23026"}],"wp:featuredmedia":[{"embeddable":true,"href":"https:\/\/agenciainfra.com\/blog\/wp-json\/wp\/v2\/media\/7212"}],"wp:attachment":[{"href":"https:\/\/agenciainfra.com\/blog\/wp-json\/wp\/v2\/media?parent=22965"}],"wp:term":[{"taxonomy":"category","embeddable":true,"href":"https:\/\/agenciainfra.com\/blog\/wp-json\/wp\/v2\/categories?post=22965"},{"taxonomy":"post_tag","embeddable":true,"href":"https:\/\/agenciainfra.com\/blog\/wp-json\/wp\/v2\/tags?post=22965"}],"curies":[{"name":"wp","href":"https:\/\/api.w.org\/{rel}","templated":true}]}}