{"id":22971,"date":"2025-06-16T12:54:09","date_gmt":"2025-06-16T15:54:09","guid":{"rendered":"https:\/\/agenciainfra.com\/blog\/?p=22971"},"modified":"2025-06-17T10:49:54","modified_gmt":"2025-06-17T13:49:54","slug":"lrcap-alexandre-silveira-diz-que-portaria-deve-sair-neste-mes-e-que-definicao-sobre-tarifa-de-gas-sera-tomada-apos-consulta-publica","status":"publish","type":"post","link":"https:\/\/agenciainfra.com\/blog\/lrcap-alexandre-silveira-diz-que-portaria-deve-sair-neste-mes-e-que-definicao-sobre-tarifa-de-gas-sera-tomada-apos-consulta-publica\/","title":{"rendered":"LRCAP: Alexandre Silveira diz que portaria deve sair neste m\u00eas e que defini\u00e7\u00e3o sobre tarifa de g\u00e1s ser\u00e1 tomada ap\u00f3s consulta p\u00fablica"},"content":{"rendered":"\n<p class=\"has-text-align-right\"><strong>Geraldo Campos Jr., da Ag\u00eancia iNFRA<\/strong><\/p>\n\n\n\n<p>O ministro de Minas e Energia, Alexandre Silveira, afirmou nesta segunda-feira (16) que a portaria para abertura de consulta p\u00fablica do LRCAP (Leil\u00e3o de Reserva de Capacidade na forma de Pot\u00eancia) deve ser publicada ainda neste m\u00eas. Ele afirmou que ainda n\u00e3o h\u00e1 uma defini\u00e7\u00e3o sobre a inclus\u00e3o do custo do transporte de g\u00e1s natural no certame e que a decis\u00e3o s\u00f3 ser\u00e1 tomada ap\u00f3s as contribui\u00e7\u00f5es.<\/p>\n\n\n\n<p>\u201cO MME n\u00e3o pode ter uma posi\u00e7\u00e3o antes de ouvir a sociedade e ouvir o setor. E a consulta p\u00fablica \u00e9 o instrumento para isso, ent\u00e3o, s\u00f3 depois o MME vai se pronunciar [sobre a tarifa de g\u00e1s]\u201d, disse em entrevista a jornalistas em S\u00e3o Paulo.<\/p>\n","protected":false},"excerpt":{"rendered":"<p>Geraldo Campos Jr., da Ag\u00eancia iNFRA O ministro de Minas e Energia, Alexandre Silveira, afirmou nesta segunda-feira (16) que a portaria para abertura de consulta p\u00fablica do LRCAP (Leil\u00e3o de Reserva de Capacidade na forma de Pot\u00eancia) deve ser publicada ainda neste m\u00eas. Ele afirmou que ainda n\u00e3o h\u00e1 uma defini\u00e7\u00e3o sobre a inclus\u00e3o do [&hellip;]<\/p>\n","protected":false},"author":1,"featured_media":18833,"comment_status":"closed","ping_status":"closed","sticky":false,"template":"","format":"standard","meta":{"_monsterinsights_skip_tracking":false,"_monsterinsights_sitenote_active":false,"_monsterinsights_sitenote_note":"","_monsterinsights_sitenote_category":0,"footnotes":""},"categories":[1,10],"tags":[6040,11594,4912,12187,5246,9822,71,13793,6391],"class_list":["post-22971","post","type-post","status-publish","format-standard","has-post-thumbnail","hentry","category-geral","category-infraenergia","tag-alexandre-silveira","tag-geraldo-campos-jr","tag-leilao-de-energia","tag-leilao-de-potencia","tag-leilao-de-reserva-de-capacidade","tag-lrcap","tag-mme","tag-tarifa-de-gas","tag-transporte-de-gas-natural"],"yoast_head":"<!-- This site is optimized with the Yoast SEO Premium plugin v25.4 (Yoast SEO v26.0) - https:\/\/yoast.com\/wordpress\/plugins\/seo\/ -->\n<title>LRCAP: Alexandre Silveira diz que portaria deve sair neste m\u00eas e que defini\u00e7\u00e3o sobre tarifa de g\u00e1s ser\u00e1 tomada ap\u00f3s consulta p\u00fablica - Ag\u00eancia iNFRA<\/title>\n<meta name=\"robots\" content=\"index, follow, max-snippet:-1, max-image-preview:large, max-video-preview:-1\" \/>\n<link rel=\"canonical\" href=\"https:\/\/agenciainfra.com\/blog\/lrcap-alexandre-silveira-diz-que-portaria-deve-sair-neste-mes-e-que-definicao-sobre-tarifa-de-gas-sera-tomada-apos-consulta-publica\/\" \/>\n<meta property=\"og:locale\" content=\"pt_BR\" \/>\n<meta property=\"og:type\" content=\"article\" \/>\n<meta property=\"og:title\" content=\"LRCAP: Alexandre Silveira diz que portaria deve sair neste m\u00eas e que defini\u00e7\u00e3o sobre tarifa de g\u00e1s ser\u00e1 tomada ap\u00f3s consulta p\u00fablica\" \/>\n<meta property=\"og:description\" content=\"Geraldo Campos Jr., da Ag\u00eancia iNFRA O ministro de Minas e Energia, Alexandre Silveira, afirmou nesta segunda-feira (16) que a portaria para abertura de consulta p\u00fablica do LRCAP (Leil\u00e3o de Reserva de Capacidade na forma de Pot\u00eancia) deve ser publicada ainda neste m\u00eas. Ele afirmou que ainda n\u00e3o h\u00e1 uma defini\u00e7\u00e3o sobre a inclus\u00e3o do [&hellip;]\" \/>\n<meta property=\"og:url\" content=\"https:\/\/agenciainfra.com\/blog\/lrcap-alexandre-silveira-diz-que-portaria-deve-sair-neste-mes-e-que-definicao-sobre-tarifa-de-gas-sera-tomada-apos-consulta-publica\/\" \/>\n<meta property=\"og:site_name\" content=\"Ag\u00eancia iNFRA\" \/>\n<meta property=\"article:publisher\" content=\"https:\/\/www.facebook.com\/ageninfra\" \/>\n<meta property=\"article:published_time\" content=\"2025-06-16T15:54:09+00:00\" \/>\n<meta property=\"article:modified_time\" content=\"2025-06-17T13:49:54+00:00\" \/>\n<meta property=\"og:image\" content=\"https:\/\/agenciainfra.com\/blog\/wp-content\/uploads\/2024\/10\/alexandre-silveira-mme-foto-mme.jpeg\" \/>\n\t<meta property=\"og:image:width\" content=\"1200\" \/>\n\t<meta property=\"og:image:height\" content=\"800\" \/>\n\t<meta property=\"og:image:type\" content=\"image\/jpeg\" \/>\n<meta name=\"author\" content=\"Ag\u00eancia iNFRA\" \/>\n<meta name=\"twitter:card\" content=\"summary_large_image\" \/>\n<meta name=\"twitter:creator\" content=\"@agencia_infra\" \/>\n<meta name=\"twitter:site\" content=\"@agencia_infra\" \/>\n<meta name=\"twitter:label1\" content=\"Escrito por\" \/>\n\t<meta name=\"twitter:data1\" content=\"Ag\u00eancia iNFRA\" \/>\n\t<meta name=\"twitter:label2\" content=\"Est. tempo de leitura\" \/>\n\t<meta name=\"twitter:data2\" content=\"1 minuto\" \/>\n<script type=\"application\/ld+json\" class=\"yoast-schema-graph\">{\"@context\":\"https:\/\/schema.org\",\"@graph\":[{\"@type\":\"Article\",\"@id\":\"https:\/\/agenciainfra.com\/blog\/lrcap-alexandre-silveira-diz-que-portaria-deve-sair-neste-mes-e-que-definicao-sobre-tarifa-de-gas-sera-tomada-apos-consulta-publica\/#article\",\"isPartOf\":{\"@id\":\"https:\/\/agenciainfra.com\/blog\/lrcap-alexandre-silveira-diz-que-portaria-deve-sair-neste-mes-e-que-definicao-sobre-tarifa-de-gas-sera-tomada-apos-consulta-publica\/\"},\"author\":{\"name\":\"Ag\u00eancia iNFRA\",\"@id\":\"https:\/\/agenciainfra.com\/blog\/#\/schema\/person\/34af08dff6adea4cb22b06612ba7acfa\"},\"headline\":\"LRCAP: Alexandre Silveira diz que portaria deve sair neste m\u00eas e que defini\u00e7\u00e3o sobre tarifa de g\u00e1s ser\u00e1 tomada ap\u00f3s consulta p\u00fablica\",\"datePublished\":\"2025-06-16T15:54:09+00:00\",\"dateModified\":\"2025-06-17T13:49:54+00:00\",\"mainEntityOfPage\":{\"@id\":\"https:\/\/agenciainfra.com\/blog\/lrcap-alexandre-silveira-diz-que-portaria-deve-sair-neste-mes-e-que-definicao-sobre-tarifa-de-gas-sera-tomada-apos-consulta-publica\/\"},\"wordCount\":162,\"publisher\":{\"@id\":\"https:\/\/agenciainfra.com\/blog\/#organization\"},\"image\":{\"@id\":\"https:\/\/agenciainfra.com\/blog\/lrcap-alexandre-silveira-diz-que-portaria-deve-sair-neste-mes-e-que-definicao-sobre-tarifa-de-gas-sera-tomada-apos-consulta-publica\/#primaryimage\"},\"thumbnailUrl\":\"https:\/\/agenciainfra.com\/blog\/wp-content\/uploads\/2024\/10\/alexandre-silveira-mme-foto-mme.jpeg\",\"keywords\":[\"Alexandre Silveira\",\"Geraldo Campos Jr.\",\"leil\u00e3o de energia\",\"Leil\u00e3o de pot\u00eancia\",\"leil\u00e3o de reserva de capacidade\",\"LRCAP\",\"MME\",\"tarifa de g\u00e1s\",\"transporte de g\u00e1s natural\"],\"articleSection\":[\"Geral\",\"iNFRAEnergia\"],\"inLanguage\":\"pt-BR\",\"copyrightYear\":\"2025\",\"copyrightHolder\":{\"@id\":\"https:\/\/agenciainfra.com\/blog\/#organization\"}},{\"@type\":\"WebPage\",\"@id\":\"https:\/\/agenciainfra.com\/blog\/lrcap-alexandre-silveira-diz-que-portaria-deve-sair-neste-mes-e-que-definicao-sobre-tarifa-de-gas-sera-tomada-apos-consulta-publica\/\",\"url\":\"https:\/\/agenciainfra.com\/blog\/lrcap-alexandre-silveira-diz-que-portaria-deve-sair-neste-mes-e-que-definicao-sobre-tarifa-de-gas-sera-tomada-apos-consulta-publica\/\",\"name\":\"LRCAP: Alexandre Silveira diz que portaria deve sair neste m\u00eas e que defini\u00e7\u00e3o sobre tarifa de g\u00e1s ser\u00e1 tomada ap\u00f3s consulta p\u00fablica - Ag\u00eancia iNFRA\",\"isPartOf\":{\"@id\":\"https:\/\/agenciainfra.com\/blog\/#website\"},\"primaryImageOfPage\":{\"@id\":\"https:\/\/agenciainfra.com\/blog\/lrcap-alexandre-silveira-diz-que-portaria-deve-sair-neste-mes-e-que-definicao-sobre-tarifa-de-gas-sera-tomada-apos-consulta-publica\/#primaryimage\"},\"image\":{\"@id\":\"https:\/\/agenciainfra.com\/blog\/lrcap-alexandre-silveira-diz-que-portaria-deve-sair-neste-mes-e-que-definicao-sobre-tarifa-de-gas-sera-tomada-apos-consulta-publica\/#primaryimage\"},\"thumbnailUrl\":\"https:\/\/agenciainfra.com\/blog\/wp-content\/uploads\/2024\/10\/alexandre-silveira-mme-foto-mme.jpeg\",\"datePublished\":\"2025-06-16T15:54:09+00:00\",\"dateModified\":\"2025-06-17T13:49:54+00:00\",\"breadcrumb\":{\"@id\":\"https:\/\/agenciainfra.com\/blog\/lrcap-alexandre-silveira-diz-que-portaria-deve-sair-neste-mes-e-que-definicao-sobre-tarifa-de-gas-sera-tomada-apos-consulta-publica\/#breadcrumb\"},\"inLanguage\":\"pt-BR\",\"potentialAction\":[{\"@type\":\"ReadAction\",\"target\":[\"https:\/\/agenciainfra.com\/blog\/lrcap-alexandre-silveira-diz-que-portaria-deve-sair-neste-mes-e-que-definicao-sobre-tarifa-de-gas-sera-tomada-apos-consulta-publica\/\"]}]},{\"@type\":\"ImageObject\",\"inLanguage\":\"pt-BR\",\"@id\":\"https:\/\/agenciainfra.com\/blog\/lrcap-alexandre-silveira-diz-que-portaria-deve-sair-neste-mes-e-que-definicao-sobre-tarifa-de-gas-sera-tomada-apos-consulta-publica\/#primaryimage\",\"url\":\"https:\/\/agenciainfra.com\/blog\/wp-content\/uploads\/2024\/10\/alexandre-silveira-mme-foto-mme.jpeg\",\"contentUrl\":\"https:\/\/agenciainfra.com\/blog\/wp-content\/uploads\/2024\/10\/alexandre-silveira-mme-foto-mme.jpeg\",\"width\":1200,\"height\":800},{\"@type\":\"BreadcrumbList\",\"@id\":\"https:\/\/agenciainfra.com\/blog\/lrcap-alexandre-silveira-diz-que-portaria-deve-sair-neste-mes-e-que-definicao-sobre-tarifa-de-gas-sera-tomada-apos-consulta-publica\/#breadcrumb\",\"itemListElement\":[{\"@type\":\"ListItem\",\"position\":1,\"name\":\"In\u00edcio\",\"item\":\"https:\/\/agenciainfra.com\/blog\/\"},{\"@type\":\"ListItem\",\"position\":2,\"name\":\"LRCAP: Alexandre Silveira diz que portaria deve sair neste m\u00eas e que defini\u00e7\u00e3o sobre tarifa de g\u00e1s ser\u00e1 tomada ap\u00f3s consulta p\u00fablica\"}]},{\"@type\":\"WebSite\",\"@id\":\"https:\/\/agenciainfra.com\/blog\/#website\",\"url\":\"https:\/\/agenciainfra.com\/blog\/\",\"name\":\"Ag\u00eancia iNFRA\",\"description\":\"Multiplataforma de informa\u00e7\u00e3o jornal\u00edstica refer\u00eancia na \u00e1rea de infraestrutura no Brasil!\",\"publisher\":{\"@id\":\"https:\/\/agenciainfra.com\/blog\/#organization\"},\"potentialAction\":[{\"@type\":\"SearchAction\",\"target\":{\"@type\":\"EntryPoint\",\"urlTemplate\":\"https:\/\/agenciainfra.com\/blog\/?s={search_term_string}\"},\"query-input\":{\"@type\":\"PropertyValueSpecification\",\"valueRequired\":true,\"valueName\":\"search_term_string\"}}],\"inLanguage\":\"pt-BR\"},{\"@type\":\"Organization\",\"@id\":\"https:\/\/agenciainfra.com\/blog\/#organization\",\"name\":\"Ag\u00eancia iNFRA\",\"url\":\"https:\/\/agenciainfra.com\/blog\/\",\"logo\":{\"@type\":\"ImageObject\",\"inLanguage\":\"pt-BR\",\"@id\":\"https:\/\/agenciainfra.com\/blog\/#\/schema\/logo\/image\/\",\"url\":\"https:\/\/agenciainfra.com\/blog\/wp-content\/uploads\/2023\/09\/iNFRA_5-e1761735885940.png\",\"contentUrl\":\"https:\/\/agenciainfra.com\/blog\/wp-content\/uploads\/2023\/09\/iNFRA_5-e1761735885940.png\",\"width\":1672,\"height\":454,\"caption\":\"Ag\u00eancia iNFRA\"},\"image\":{\"@id\":\"https:\/\/agenciainfra.com\/blog\/#\/schema\/logo\/image\/\"},\"sameAs\":[\"https:\/\/www.facebook.com\/ageninfra\",\"https:\/\/x.com\/agencia_infra\",\"https:\/\/www.linkedin.com\/company\/ag\u00eanciainfra\/\",\"https:\/\/www.instagram.com\/agenciainfra\/\"]},{\"@type\":\"Person\",\"@id\":\"https:\/\/agenciainfra.com\/blog\/#\/schema\/person\/34af08dff6adea4cb22b06612ba7acfa\",\"name\":\"Ag\u00eancia iNFRA\",\"image\":{\"@type\":\"ImageObject\",\"inLanguage\":\"pt-BR\",\"@id\":\"https:\/\/agenciainfra.com\/blog\/#\/schema\/person\/image\/\",\"url\":\"https:\/\/secure.gravatar.com\/avatar\/d189e01678f06d8eb84d4e01f08eb848b3fffe3f8443818d3c356c66892f5be8?s=96&d=mm&r=g\",\"contentUrl\":\"https:\/\/secure.gravatar.com\/avatar\/d189e01678f06d8eb84d4e01f08eb848b3fffe3f8443818d3c356c66892f5be8?s=96&d=mm&r=g\",\"caption\":\"Ag\u00eancia iNFRA\"},\"url\":\"https:\/\/agenciainfra.com\/blog\/author\/admin\/\"}]}<\/script>\n<!-- \/ Yoast SEO Premium plugin. -->","yoast_head_json":{"title":"LRCAP: Alexandre Silveira diz que portaria deve sair neste m\u00eas e que defini\u00e7\u00e3o sobre tarifa de g\u00e1s ser\u00e1 tomada ap\u00f3s consulta p\u00fablica - Ag\u00eancia iNFRA","robots":{"index":"index","follow":"follow","max-snippet":"max-snippet:-1","max-image-preview":"max-image-preview:large","max-video-preview":"max-video-preview:-1"},"canonical":"https:\/\/agenciainfra.com\/blog\/lrcap-alexandre-silveira-diz-que-portaria-deve-sair-neste-mes-e-que-definicao-sobre-tarifa-de-gas-sera-tomada-apos-consulta-publica\/","og_locale":"pt_BR","og_type":"article","og_title":"LRCAP: Alexandre Silveira diz que portaria deve sair neste m\u00eas e que defini\u00e7\u00e3o sobre tarifa de g\u00e1s ser\u00e1 tomada ap\u00f3s consulta p\u00fablica","og_description":"Geraldo Campos Jr., da Ag\u00eancia iNFRA O ministro de Minas e Energia, Alexandre Silveira, afirmou nesta segunda-feira (16) que a portaria para abertura de consulta p\u00fablica do LRCAP (Leil\u00e3o de Reserva de Capacidade na forma de Pot\u00eancia) deve ser publicada ainda neste m\u00eas. Ele afirmou que ainda n\u00e3o h\u00e1 uma defini\u00e7\u00e3o sobre a inclus\u00e3o do [&hellip;]","og_url":"https:\/\/agenciainfra.com\/blog\/lrcap-alexandre-silveira-diz-que-portaria-deve-sair-neste-mes-e-que-definicao-sobre-tarifa-de-gas-sera-tomada-apos-consulta-publica\/","og_site_name":"Ag\u00eancia iNFRA","article_publisher":"https:\/\/www.facebook.com\/ageninfra","article_published_time":"2025-06-16T15:54:09+00:00","article_modified_time":"2025-06-17T13:49:54+00:00","og_image":[{"width":1200,"height":800,"url":"https:\/\/agenciainfra.com\/blog\/wp-content\/uploads\/2024\/10\/alexandre-silveira-mme-foto-mme.jpeg","type":"image\/jpeg"}],"author":"Ag\u00eancia iNFRA","twitter_card":"summary_large_image","twitter_creator":"@agencia_infra","twitter_site":"@agencia_infra","twitter_misc":{"Escrito por":"Ag\u00eancia iNFRA","Est. tempo de leitura":"1 minuto"},"schema":{"@context":"https:\/\/schema.org","@graph":[{"@type":"Article","@id":"https:\/\/agenciainfra.com\/blog\/lrcap-alexandre-silveira-diz-que-portaria-deve-sair-neste-mes-e-que-definicao-sobre-tarifa-de-gas-sera-tomada-apos-consulta-publica\/#article","isPartOf":{"@id":"https:\/\/agenciainfra.com\/blog\/lrcap-alexandre-silveira-diz-que-portaria-deve-sair-neste-mes-e-que-definicao-sobre-tarifa-de-gas-sera-tomada-apos-consulta-publica\/"},"author":{"name":"Ag\u00eancia iNFRA","@id":"https:\/\/agenciainfra.com\/blog\/#\/schema\/person\/34af08dff6adea4cb22b06612ba7acfa"},"headline":"LRCAP: Alexandre Silveira diz que portaria deve sair neste m\u00eas e que defini\u00e7\u00e3o sobre tarifa de g\u00e1s ser\u00e1 tomada ap\u00f3s consulta p\u00fablica","datePublished":"2025-06-16T15:54:09+00:00","dateModified":"2025-06-17T13:49:54+00:00","mainEntityOfPage":{"@id":"https:\/\/agenciainfra.com\/blog\/lrcap-alexandre-silveira-diz-que-portaria-deve-sair-neste-mes-e-que-definicao-sobre-tarifa-de-gas-sera-tomada-apos-consulta-publica\/"},"wordCount":162,"publisher":{"@id":"https:\/\/agenciainfra.com\/blog\/#organization"},"image":{"@id":"https:\/\/agenciainfra.com\/blog\/lrcap-alexandre-silveira-diz-que-portaria-deve-sair-neste-mes-e-que-definicao-sobre-tarifa-de-gas-sera-tomada-apos-consulta-publica\/#primaryimage"},"thumbnailUrl":"https:\/\/agenciainfra.com\/blog\/wp-content\/uploads\/2024\/10\/alexandre-silveira-mme-foto-mme.jpeg","keywords":["Alexandre Silveira","Geraldo Campos Jr.","leil\u00e3o de energia","Leil\u00e3o de pot\u00eancia","leil\u00e3o de reserva de capacidade","LRCAP","MME","tarifa de g\u00e1s","transporte de g\u00e1s natural"],"articleSection":["Geral","iNFRAEnergia"],"inLanguage":"pt-BR","copyrightYear":"2025","copyrightHolder":{"@id":"https:\/\/agenciainfra.com\/blog\/#organization"}},{"@type":"WebPage","@id":"https:\/\/agenciainfra.com\/blog\/lrcap-alexandre-silveira-diz-que-portaria-deve-sair-neste-mes-e-que-definicao-sobre-tarifa-de-gas-sera-tomada-apos-consulta-publica\/","url":"https:\/\/agenciainfra.com\/blog\/lrcap-alexandre-silveira-diz-que-portaria-deve-sair-neste-mes-e-que-definicao-sobre-tarifa-de-gas-sera-tomada-apos-consulta-publica\/","name":"LRCAP: Alexandre Silveira diz que portaria deve sair neste m\u00eas e que defini\u00e7\u00e3o sobre tarifa de g\u00e1s ser\u00e1 tomada ap\u00f3s consulta p\u00fablica - Ag\u00eancia iNFRA","isPartOf":{"@id":"https:\/\/agenciainfra.com\/blog\/#website"},"primaryImageOfPage":{"@id":"https:\/\/agenciainfra.com\/blog\/lrcap-alexandre-silveira-diz-que-portaria-deve-sair-neste-mes-e-que-definicao-sobre-tarifa-de-gas-sera-tomada-apos-consulta-publica\/#primaryimage"},"image":{"@id":"https:\/\/agenciainfra.com\/blog\/lrcap-alexandre-silveira-diz-que-portaria-deve-sair-neste-mes-e-que-definicao-sobre-tarifa-de-gas-sera-tomada-apos-consulta-publica\/#primaryimage"},"thumbnailUrl":"https:\/\/agenciainfra.com\/blog\/wp-content\/uploads\/2024\/10\/alexandre-silveira-mme-foto-mme.jpeg","datePublished":"2025-06-16T15:54:09+00:00","dateModified":"2025-06-17T13:49:54+00:00","breadcrumb":{"@id":"https:\/\/agenciainfra.com\/blog\/lrcap-alexandre-silveira-diz-que-portaria-deve-sair-neste-mes-e-que-definicao-sobre-tarifa-de-gas-sera-tomada-apos-consulta-publica\/#breadcrumb"},"inLanguage":"pt-BR","potentialAction":[{"@type":"ReadAction","target":["https:\/\/agenciainfra.com\/blog\/lrcap-alexandre-silveira-diz-que-portaria-deve-sair-neste-mes-e-que-definicao-sobre-tarifa-de-gas-sera-tomada-apos-consulta-publica\/"]}]},{"@type":"ImageObject","inLanguage":"pt-BR","@id":"https:\/\/agenciainfra.com\/blog\/lrcap-alexandre-silveira-diz-que-portaria-deve-sair-neste-mes-e-que-definicao-sobre-tarifa-de-gas-sera-tomada-apos-consulta-publica\/#primaryimage","url":"https:\/\/agenciainfra.com\/blog\/wp-content\/uploads\/2024\/10\/alexandre-silveira-mme-foto-mme.jpeg","contentUrl":"https:\/\/agenciainfra.com\/blog\/wp-content\/uploads\/2024\/10\/alexandre-silveira-mme-foto-mme.jpeg","width":1200,"height":800},{"@type":"BreadcrumbList","@id":"https:\/\/agenciainfra.com\/blog\/lrcap-alexandre-silveira-diz-que-portaria-deve-sair-neste-mes-e-que-definicao-sobre-tarifa-de-gas-sera-tomada-apos-consulta-publica\/#breadcrumb","itemListElement":[{"@type":"ListItem","position":1,"name":"In\u00edcio","item":"https:\/\/agenciainfra.com\/blog\/"},{"@type":"ListItem","position":2,"name":"LRCAP: Alexandre Silveira diz que portaria deve sair neste m\u00eas e que defini\u00e7\u00e3o sobre tarifa de g\u00e1s ser\u00e1 tomada ap\u00f3s consulta p\u00fablica"}]},{"@type":"WebSite","@id":"https:\/\/agenciainfra.com\/blog\/#website","url":"https:\/\/agenciainfra.com\/blog\/","name":"Ag\u00eancia iNFRA","description":"Multiplataforma de informa\u00e7\u00e3o jornal\u00edstica refer\u00eancia na \u00e1rea de infraestrutura no Brasil!","publisher":{"@id":"https:\/\/agenciainfra.com\/blog\/#organization"},"potentialAction":[{"@type":"SearchAction","target":{"@type":"EntryPoint","urlTemplate":"https:\/\/agenciainfra.com\/blog\/?s={search_term_string}"},"query-input":{"@type":"PropertyValueSpecification","valueRequired":true,"valueName":"search_term_string"}}],"inLanguage":"pt-BR"},{"@type":"Organization","@id":"https:\/\/agenciainfra.com\/blog\/#organization","name":"Ag\u00eancia iNFRA","url":"https:\/\/agenciainfra.com\/blog\/","logo":{"@type":"ImageObject","inLanguage":"pt-BR","@id":"https:\/\/agenciainfra.com\/blog\/#\/schema\/logo\/image\/","url":"https:\/\/agenciainfra.com\/blog\/wp-content\/uploads\/2023\/09\/iNFRA_5-e1761735885940.png","contentUrl":"https:\/\/agenciainfra.com\/blog\/wp-content\/uploads\/2023\/09\/iNFRA_5-e1761735885940.png","width":1672,"height":454,"caption":"Ag\u00eancia iNFRA"},"image":{"@id":"https:\/\/agenciainfra.com\/blog\/#\/schema\/logo\/image\/"},"sameAs":["https:\/\/www.facebook.com\/ageninfra","https:\/\/x.com\/agencia_infra","https:\/\/www.linkedin.com\/company\/ag\u00eanciainfra\/","https:\/\/www.instagram.com\/agenciainfra\/"]},{"@type":"Person","@id":"https:\/\/agenciainfra.com\/blog\/#\/schema\/person\/34af08dff6adea4cb22b06612ba7acfa","name":"Ag\u00eancia iNFRA","image":{"@type":"ImageObject","inLanguage":"pt-BR","@id":"https:\/\/agenciainfra.com\/blog\/#\/schema\/person\/image\/","url":"https:\/\/secure.gravatar.com\/avatar\/d189e01678f06d8eb84d4e01f08eb848b3fffe3f8443818d3c356c66892f5be8?s=96&d=mm&r=g","contentUrl":"https:\/\/secure.gravatar.com\/avatar\/d189e01678f06d8eb84d4e01f08eb848b3fffe3f8443818d3c356c66892f5be8?s=96&d=mm&r=g","caption":"Ag\u00eancia iNFRA"},"url":"https:\/\/agenciainfra.com\/blog\/author\/admin\/"}]}},"_links":{"self":[{"href":"https:\/\/agenciainfra.com\/blog\/wp-json\/wp\/v2\/posts\/22971","targetHints":{"allow":["GET"]}}],"collection":[{"href":"https:\/\/agenciainfra.com\/blog\/wp-json\/wp\/v2\/posts"}],"about":[{"href":"https:\/\/agenciainfra.com\/blog\/wp-json\/wp\/v2\/types\/post"}],"author":[{"embeddable":true,"href":"https:\/\/agenciainfra.com\/blog\/wp-json\/wp\/v2\/users\/1"}],"replies":[{"embeddable":true,"href":"https:\/\/agenciainfra.com\/blog\/wp-json\/wp\/v2\/comments?post=22971"}],"version-history":[{"count":2,"href":"https:\/\/agenciainfra.com\/blog\/wp-json\/wp\/v2\/posts\/22971\/revisions"}],"predecessor-version":[{"id":22990,"href":"https:\/\/agenciainfra.com\/blog\/wp-json\/wp\/v2\/posts\/22971\/revisions\/22990"}],"wp:featuredmedia":[{"embeddable":true,"href":"https:\/\/agenciainfra.com\/blog\/wp-json\/wp\/v2\/media\/18833"}],"wp:attachment":[{"href":"https:\/\/agenciainfra.com\/blog\/wp-json\/wp\/v2\/media?parent=22971"}],"wp:term":[{"taxonomy":"category","embeddable":true,"href":"https:\/\/agenciainfra.com\/blog\/wp-json\/wp\/v2\/categories?post=22971"},{"taxonomy":"post_tag","embeddable":true,"href":"https:\/\/agenciainfra.com\/blog\/wp-json\/wp\/v2\/tags?post=22971"}],"curies":[{"name":"wp","href":"https:\/\/api.w.org\/{rel}","templated":true}]}}