{"id":22996,"date":"2025-06-16T18:59:06","date_gmt":"2025-06-16T21:59:06","guid":{"rendered":"https:\/\/agenciainfra.com\/blog\/?p=22996"},"modified":"2025-06-16T18:59:07","modified_gmt":"2025-06-16T21:59:07","slug":"revisao-do-decreto-do-iof-nao-contempla-aereas-e-impacto-pode-elevar-preco-das-passagens","status":"publish","type":"post","link":"https:\/\/agenciainfra.com\/blog\/revisao-do-decreto-do-iof-nao-contempla-aereas-e-impacto-pode-elevar-preco-das-passagens\/","title":{"rendered":"Revis\u00e3o do decreto do IOF n\u00e3o contempla a\u00e9reas, e impacto pode elevar pre\u00e7o das passagens"},"content":{"rendered":"\n<p class=\"has-text-align-right\"><strong>da Ag\u00eancia iNFRA<\/strong><\/p>\n\n\n\n<p>Apesar do recuo do governo quanto \u00e0 medida que elevou as al\u00edquotas do IOF (Imposto sobre Opera\u00e7\u00f5es Financeiras), as companhias a\u00e9reas mant\u00eam a estimativa de um impacto de aproximadamente R$ 600 milh\u00f5es por ano. A medida, tomada pela Fazenda por meio de decreto, em maio, atinge a ind\u00fastria da avia\u00e7\u00e3o com um aumento para 3,5% da al\u00edquota do imposto nas remessas ao exterior \u2013&nbsp;que, anteriormente, era de 0,38%.<\/p>\n\n\n\n<p>Segundo a Abear (Associa\u00e7\u00e3o Brasileira das Empresas A\u00e9reas), a medida aumenta em nove vezes o custo das companhias com contratos de leasing de aeronaves, servi\u00e7os de manuten\u00e7\u00e3o e outros pagamentos para fornecedores do exterior. As empresas n\u00e3o contratam leasing no Brasil, portanto as opera\u00e7\u00f5es s\u00e3o fundamentais na manuten\u00e7\u00e3o e renova\u00e7\u00e3o da frota nacional.<\/p>\n\n\n\n<p>Dados da entidade mostram que o impacto da medida \u00e9 equipar\u00e1vel ao leasing anual de 25 aeronaves de porte m\u00e9dio ou 40 aeronaves Embraer, ou ainda a 80 aeronaves menores para avia\u00e7\u00e3o regional. Ainda segundo a associa\u00e7\u00e3o, a medida pode levar \u00e0 redu\u00e7\u00e3o na oferta de voos, o repasse dos custos aos passageiros, al\u00e9m da perda de competitividade global, uma vez que companhias de outros pa\u00edses n\u00e3o pagam esse imposto.<\/p>\n\n\n\n<p>Para o presidente da Abear, Juliano Noman, a medida adotada pelo governo &#8220;tende a penalizar o consumidor final com tarifas mais altas e menor oferta de voos&#8221;. &#8220;\u00c9 urgente reavaliar os efeitos dessa pol\u00edtica&#8221;, comentou.<\/p>\n","protected":false},"excerpt":{"rendered":"<p>da Ag\u00eancia iNFRA Apesar do recuo do governo quanto \u00e0 medida que elevou as al\u00edquotas do IOF (Imposto sobre Opera\u00e7\u00f5es Financeiras), as companhias a\u00e9reas mant\u00eam a estimativa de um impacto de aproximadamente R$ 600 milh\u00f5es por ano. A medida, tomada pela Fazenda por meio de decreto, em maio, atinge a ind\u00fastria da avia\u00e7\u00e3o com um [&hellip;]<\/p>\n","protected":false},"author":1,"featured_media":5415,"comment_status":"closed","ping_status":"closed","sticky":false,"template":"","format":"standard","meta":{"_monsterinsights_skip_tracking":false,"_monsterinsights_sitenote_active":false,"_monsterinsights_sitenote_note":"","_monsterinsights_sitenote_category":0,"footnotes":""},"categories":[1,13576],"tags":[1393,5727,7178,13800,13599,511,13801,13799],"class_list":["post-22996","post","type-post","status-publish","format-standard","has-post-thumbnail","hentry","category-geral","category-giro-infra","tag-abear","tag-aviacao-comercial","tag-companhias-aereas","tag-industria-da-aviacao","tag-iof","tag-juliano-noman","tag-leasing-de-aeronaves","tag-preco-das-passagens"],"yoast_head":"<!-- This site is optimized with the Yoast SEO Premium plugin v25.4 (Yoast SEO v26.0) - https:\/\/yoast.com\/wordpress\/plugins\/seo\/ -->\n<title>Revis\u00e3o do decreto do IOF n\u00e3o contempla a\u00e9reas, e impacto pode elevar pre\u00e7o das passagens - Ag\u00eancia iNFRA<\/title>\n<meta name=\"robots\" content=\"index, follow, max-snippet:-1, max-image-preview:large, max-video-preview:-1\" \/>\n<link rel=\"canonical\" href=\"https:\/\/agenciainfra.com\/blog\/revisao-do-decreto-do-iof-nao-contempla-aereas-e-impacto-pode-elevar-preco-das-passagens\/\" \/>\n<meta property=\"og:locale\" content=\"pt_BR\" \/>\n<meta property=\"og:type\" content=\"article\" \/>\n<meta property=\"og:title\" content=\"Revis\u00e3o do decreto do IOF n\u00e3o contempla a\u00e9reas, e impacto pode elevar pre\u00e7o das passagens\" \/>\n<meta property=\"og:description\" content=\"da Ag\u00eancia iNFRA Apesar do recuo do governo quanto \u00e0 medida que elevou as al\u00edquotas do IOF (Imposto sobre Opera\u00e7\u00f5es Financeiras), as companhias a\u00e9reas mant\u00eam a estimativa de um impacto de aproximadamente R$ 600 milh\u00f5es por ano. A medida, tomada pela Fazenda por meio de decreto, em maio, atinge a ind\u00fastria da avia\u00e7\u00e3o com um [&hellip;]\" \/>\n<meta property=\"og:url\" content=\"https:\/\/agenciainfra.com\/blog\/revisao-do-decreto-do-iof-nao-contempla-aereas-e-impacto-pode-elevar-preco-das-passagens\/\" \/>\n<meta property=\"og:site_name\" content=\"Ag\u00eancia iNFRA\" \/>\n<meta property=\"article:publisher\" content=\"https:\/\/www.facebook.com\/ageninfra\" \/>\n<meta property=\"article:published_time\" content=\"2025-06-16T21:59:06+00:00\" \/>\n<meta property=\"article:modified_time\" content=\"2025-06-16T21:59:07+00:00\" \/>\n<meta property=\"og:image\" content=\"https:\/\/agenciainfra.com\/blog\/wp-content\/uploads\/2020\/07\/aviao3-e1749563487636.jpg\" \/>\n\t<meta property=\"og:image:width\" content=\"1200\" \/>\n\t<meta property=\"og:image:height\" content=\"758\" \/>\n\t<meta property=\"og:image:type\" content=\"image\/jpeg\" \/>\n<meta name=\"author\" content=\"Ag\u00eancia iNFRA\" \/>\n<meta name=\"twitter:card\" content=\"summary_large_image\" \/>\n<meta name=\"twitter:creator\" content=\"@agencia_infra\" \/>\n<meta name=\"twitter:site\" content=\"@agencia_infra\" \/>\n<meta name=\"twitter:label1\" content=\"Escrito por\" \/>\n\t<meta name=\"twitter:data1\" content=\"Ag\u00eancia iNFRA\" \/>\n\t<meta name=\"twitter:label2\" content=\"Est. tempo de leitura\" \/>\n\t<meta name=\"twitter:data2\" content=\"1 minuto\" \/>\n<script type=\"application\/ld+json\" class=\"yoast-schema-graph\">{\"@context\":\"https:\/\/schema.org\",\"@graph\":[{\"@type\":\"Article\",\"@id\":\"https:\/\/agenciainfra.com\/blog\/revisao-do-decreto-do-iof-nao-contempla-aereas-e-impacto-pode-elevar-preco-das-passagens\/#article\",\"isPartOf\":{\"@id\":\"https:\/\/agenciainfra.com\/blog\/revisao-do-decreto-do-iof-nao-contempla-aereas-e-impacto-pode-elevar-preco-das-passagens\/\"},\"author\":{\"name\":\"Ag\u00eancia iNFRA\",\"@id\":\"https:\/\/agenciainfra.com\/blog\/#\/schema\/person\/34af08dff6adea4cb22b06612ba7acfa\"},\"headline\":\"Revis\u00e3o do decreto do IOF n\u00e3o contempla a\u00e9reas, e impacto pode elevar pre\u00e7o das passagens\",\"datePublished\":\"2025-06-16T21:59:06+00:00\",\"dateModified\":\"2025-06-16T21:59:07+00:00\",\"mainEntityOfPage\":{\"@id\":\"https:\/\/agenciainfra.com\/blog\/revisao-do-decreto-do-iof-nao-contempla-aereas-e-impacto-pode-elevar-preco-das-passagens\/\"},\"wordCount\":266,\"publisher\":{\"@id\":\"https:\/\/agenciainfra.com\/blog\/#organization\"},\"image\":{\"@id\":\"https:\/\/agenciainfra.com\/blog\/revisao-do-decreto-do-iof-nao-contempla-aereas-e-impacto-pode-elevar-preco-das-passagens\/#primaryimage\"},\"thumbnailUrl\":\"https:\/\/agenciainfra.com\/blog\/wp-content\/uploads\/2020\/07\/aviao3-e1749563487636.jpg\",\"keywords\":[\"Abear\",\"avia\u00e7\u00e3o comercial\",\"companhias a\u00e9reas\",\"ind\u00fastria da avia\u00e7\u00e3o\",\"IOF\",\"Juliano Noman\",\"leasing de aeronaves\",\"pre\u00e7o das passagens\"],\"articleSection\":[\"Geral\",\"Giro iNFRA\"],\"inLanguage\":\"pt-BR\",\"copyrightYear\":\"2025\",\"copyrightHolder\":{\"@id\":\"https:\/\/agenciainfra.com\/blog\/#organization\"}},{\"@type\":\"WebPage\",\"@id\":\"https:\/\/agenciainfra.com\/blog\/revisao-do-decreto-do-iof-nao-contempla-aereas-e-impacto-pode-elevar-preco-das-passagens\/\",\"url\":\"https:\/\/agenciainfra.com\/blog\/revisao-do-decreto-do-iof-nao-contempla-aereas-e-impacto-pode-elevar-preco-das-passagens\/\",\"name\":\"Revis\u00e3o do decreto do IOF n\u00e3o contempla a\u00e9reas, e impacto pode elevar pre\u00e7o das passagens - Ag\u00eancia iNFRA\",\"isPartOf\":{\"@id\":\"https:\/\/agenciainfra.com\/blog\/#website\"},\"primaryImageOfPage\":{\"@id\":\"https:\/\/agenciainfra.com\/blog\/revisao-do-decreto-do-iof-nao-contempla-aereas-e-impacto-pode-elevar-preco-das-passagens\/#primaryimage\"},\"image\":{\"@id\":\"https:\/\/agenciainfra.com\/blog\/revisao-do-decreto-do-iof-nao-contempla-aereas-e-impacto-pode-elevar-preco-das-passagens\/#primaryimage\"},\"thumbnailUrl\":\"https:\/\/agenciainfra.com\/blog\/wp-content\/uploads\/2020\/07\/aviao3-e1749563487636.jpg\",\"datePublished\":\"2025-06-16T21:59:06+00:00\",\"dateModified\":\"2025-06-16T21:59:07+00:00\",\"breadcrumb\":{\"@id\":\"https:\/\/agenciainfra.com\/blog\/revisao-do-decreto-do-iof-nao-contempla-aereas-e-impacto-pode-elevar-preco-das-passagens\/#breadcrumb\"},\"inLanguage\":\"pt-BR\",\"potentialAction\":[{\"@type\":\"ReadAction\",\"target\":[\"https:\/\/agenciainfra.com\/blog\/revisao-do-decreto-do-iof-nao-contempla-aereas-e-impacto-pode-elevar-preco-das-passagens\/\"]}]},{\"@type\":\"ImageObject\",\"inLanguage\":\"pt-BR\",\"@id\":\"https:\/\/agenciainfra.com\/blog\/revisao-do-decreto-do-iof-nao-contempla-aereas-e-impacto-pode-elevar-preco-das-passagens\/#primaryimage\",\"url\":\"https:\/\/agenciainfra.com\/blog\/wp-content\/uploads\/2020\/07\/aviao3-e1749563487636.jpg\",\"contentUrl\":\"https:\/\/agenciainfra.com\/blog\/wp-content\/uploads\/2020\/07\/aviao3-e1749563487636.jpg\",\"width\":1200,\"height\":758,\"caption\":\"Foto: Dom\u00ednio P\u00fablico\"},{\"@type\":\"BreadcrumbList\",\"@id\":\"https:\/\/agenciainfra.com\/blog\/revisao-do-decreto-do-iof-nao-contempla-aereas-e-impacto-pode-elevar-preco-das-passagens\/#breadcrumb\",\"itemListElement\":[{\"@type\":\"ListItem\",\"position\":1,\"name\":\"In\u00edcio\",\"item\":\"https:\/\/agenciainfra.com\/blog\/\"},{\"@type\":\"ListItem\",\"position\":2,\"name\":\"Revis\u00e3o do decreto do IOF n\u00e3o contempla a\u00e9reas, e impacto pode elevar pre\u00e7o das passagens\"}]},{\"@type\":\"WebSite\",\"@id\":\"https:\/\/agenciainfra.com\/blog\/#website\",\"url\":\"https:\/\/agenciainfra.com\/blog\/\",\"name\":\"Ag\u00eancia iNFRA\",\"description\":\"Multiplataforma de informa\u00e7\u00e3o jornal\u00edstica refer\u00eancia na \u00e1rea de infraestrutura no Brasil!\",\"publisher\":{\"@id\":\"https:\/\/agenciainfra.com\/blog\/#organization\"},\"potentialAction\":[{\"@type\":\"SearchAction\",\"target\":{\"@type\":\"EntryPoint\",\"urlTemplate\":\"https:\/\/agenciainfra.com\/blog\/?s={search_term_string}\"},\"query-input\":{\"@type\":\"PropertyValueSpecification\",\"valueRequired\":true,\"valueName\":\"search_term_string\"}}],\"inLanguage\":\"pt-BR\"},{\"@type\":\"Organization\",\"@id\":\"https:\/\/agenciainfra.com\/blog\/#organization\",\"name\":\"Ag\u00eancia iNFRA\",\"url\":\"https:\/\/agenciainfra.com\/blog\/\",\"logo\":{\"@type\":\"ImageObject\",\"inLanguage\":\"pt-BR\",\"@id\":\"https:\/\/agenciainfra.com\/blog\/#\/schema\/logo\/image\/\",\"url\":\"https:\/\/agenciainfra.com\/blog\/wp-content\/uploads\/2023\/09\/iNFRA_5-e1761735885940.png\",\"contentUrl\":\"https:\/\/agenciainfra.com\/blog\/wp-content\/uploads\/2023\/09\/iNFRA_5-e1761735885940.png\",\"width\":1672,\"height\":454,\"caption\":\"Ag\u00eancia iNFRA\"},\"image\":{\"@id\":\"https:\/\/agenciainfra.com\/blog\/#\/schema\/logo\/image\/\"},\"sameAs\":[\"https:\/\/www.facebook.com\/ageninfra\",\"https:\/\/x.com\/agencia_infra\",\"https:\/\/www.linkedin.com\/company\/ag\u00eanciainfra\/\",\"https:\/\/www.instagram.com\/agenciainfra\/\"]},{\"@type\":\"Person\",\"@id\":\"https:\/\/agenciainfra.com\/blog\/#\/schema\/person\/34af08dff6adea4cb22b06612ba7acfa\",\"name\":\"Ag\u00eancia iNFRA\",\"image\":{\"@type\":\"ImageObject\",\"inLanguage\":\"pt-BR\",\"@id\":\"https:\/\/agenciainfra.com\/blog\/#\/schema\/person\/image\/\",\"url\":\"https:\/\/secure.gravatar.com\/avatar\/d189e01678f06d8eb84d4e01f08eb848b3fffe3f8443818d3c356c66892f5be8?s=96&d=mm&r=g\",\"contentUrl\":\"https:\/\/secure.gravatar.com\/avatar\/d189e01678f06d8eb84d4e01f08eb848b3fffe3f8443818d3c356c66892f5be8?s=96&d=mm&r=g\",\"caption\":\"Ag\u00eancia iNFRA\"},\"url\":\"https:\/\/agenciainfra.com\/blog\/author\/admin\/\"}]}<\/script>\n<!-- \/ Yoast SEO Premium plugin. -->","yoast_head_json":{"title":"Revis\u00e3o do decreto do IOF n\u00e3o contempla a\u00e9reas, e impacto pode elevar pre\u00e7o das passagens - Ag\u00eancia iNFRA","robots":{"index":"index","follow":"follow","max-snippet":"max-snippet:-1","max-image-preview":"max-image-preview:large","max-video-preview":"max-video-preview:-1"},"canonical":"https:\/\/agenciainfra.com\/blog\/revisao-do-decreto-do-iof-nao-contempla-aereas-e-impacto-pode-elevar-preco-das-passagens\/","og_locale":"pt_BR","og_type":"article","og_title":"Revis\u00e3o do decreto do IOF n\u00e3o contempla a\u00e9reas, e impacto pode elevar pre\u00e7o das passagens","og_description":"da Ag\u00eancia iNFRA Apesar do recuo do governo quanto \u00e0 medida que elevou as al\u00edquotas do IOF (Imposto sobre Opera\u00e7\u00f5es Financeiras), as companhias a\u00e9reas mant\u00eam a estimativa de um impacto de aproximadamente R$ 600 milh\u00f5es por ano. A medida, tomada pela Fazenda por meio de decreto, em maio, atinge a ind\u00fastria da avia\u00e7\u00e3o com um [&hellip;]","og_url":"https:\/\/agenciainfra.com\/blog\/revisao-do-decreto-do-iof-nao-contempla-aereas-e-impacto-pode-elevar-preco-das-passagens\/","og_site_name":"Ag\u00eancia iNFRA","article_publisher":"https:\/\/www.facebook.com\/ageninfra","article_published_time":"2025-06-16T21:59:06+00:00","article_modified_time":"2025-06-16T21:59:07+00:00","og_image":[{"width":1200,"height":758,"url":"https:\/\/agenciainfra.com\/blog\/wp-content\/uploads\/2020\/07\/aviao3-e1749563487636.jpg","type":"image\/jpeg"}],"author":"Ag\u00eancia iNFRA","twitter_card":"summary_large_image","twitter_creator":"@agencia_infra","twitter_site":"@agencia_infra","twitter_misc":{"Escrito por":"Ag\u00eancia iNFRA","Est. tempo de leitura":"1 minuto"},"schema":{"@context":"https:\/\/schema.org","@graph":[{"@type":"Article","@id":"https:\/\/agenciainfra.com\/blog\/revisao-do-decreto-do-iof-nao-contempla-aereas-e-impacto-pode-elevar-preco-das-passagens\/#article","isPartOf":{"@id":"https:\/\/agenciainfra.com\/blog\/revisao-do-decreto-do-iof-nao-contempla-aereas-e-impacto-pode-elevar-preco-das-passagens\/"},"author":{"name":"Ag\u00eancia iNFRA","@id":"https:\/\/agenciainfra.com\/blog\/#\/schema\/person\/34af08dff6adea4cb22b06612ba7acfa"},"headline":"Revis\u00e3o do decreto do IOF n\u00e3o contempla a\u00e9reas, e impacto pode elevar pre\u00e7o das passagens","datePublished":"2025-06-16T21:59:06+00:00","dateModified":"2025-06-16T21:59:07+00:00","mainEntityOfPage":{"@id":"https:\/\/agenciainfra.com\/blog\/revisao-do-decreto-do-iof-nao-contempla-aereas-e-impacto-pode-elevar-preco-das-passagens\/"},"wordCount":266,"publisher":{"@id":"https:\/\/agenciainfra.com\/blog\/#organization"},"image":{"@id":"https:\/\/agenciainfra.com\/blog\/revisao-do-decreto-do-iof-nao-contempla-aereas-e-impacto-pode-elevar-preco-das-passagens\/#primaryimage"},"thumbnailUrl":"https:\/\/agenciainfra.com\/blog\/wp-content\/uploads\/2020\/07\/aviao3-e1749563487636.jpg","keywords":["Abear","avia\u00e7\u00e3o comercial","companhias a\u00e9reas","ind\u00fastria da avia\u00e7\u00e3o","IOF","Juliano Noman","leasing de aeronaves","pre\u00e7o das passagens"],"articleSection":["Geral","Giro iNFRA"],"inLanguage":"pt-BR","copyrightYear":"2025","copyrightHolder":{"@id":"https:\/\/agenciainfra.com\/blog\/#organization"}},{"@type":"WebPage","@id":"https:\/\/agenciainfra.com\/blog\/revisao-do-decreto-do-iof-nao-contempla-aereas-e-impacto-pode-elevar-preco-das-passagens\/","url":"https:\/\/agenciainfra.com\/blog\/revisao-do-decreto-do-iof-nao-contempla-aereas-e-impacto-pode-elevar-preco-das-passagens\/","name":"Revis\u00e3o do decreto do IOF n\u00e3o contempla a\u00e9reas, e impacto pode elevar pre\u00e7o das passagens - Ag\u00eancia iNFRA","isPartOf":{"@id":"https:\/\/agenciainfra.com\/blog\/#website"},"primaryImageOfPage":{"@id":"https:\/\/agenciainfra.com\/blog\/revisao-do-decreto-do-iof-nao-contempla-aereas-e-impacto-pode-elevar-preco-das-passagens\/#primaryimage"},"image":{"@id":"https:\/\/agenciainfra.com\/blog\/revisao-do-decreto-do-iof-nao-contempla-aereas-e-impacto-pode-elevar-preco-das-passagens\/#primaryimage"},"thumbnailUrl":"https:\/\/agenciainfra.com\/blog\/wp-content\/uploads\/2020\/07\/aviao3-e1749563487636.jpg","datePublished":"2025-06-16T21:59:06+00:00","dateModified":"2025-06-16T21:59:07+00:00","breadcrumb":{"@id":"https:\/\/agenciainfra.com\/blog\/revisao-do-decreto-do-iof-nao-contempla-aereas-e-impacto-pode-elevar-preco-das-passagens\/#breadcrumb"},"inLanguage":"pt-BR","potentialAction":[{"@type":"ReadAction","target":["https:\/\/agenciainfra.com\/blog\/revisao-do-decreto-do-iof-nao-contempla-aereas-e-impacto-pode-elevar-preco-das-passagens\/"]}]},{"@type":"ImageObject","inLanguage":"pt-BR","@id":"https:\/\/agenciainfra.com\/blog\/revisao-do-decreto-do-iof-nao-contempla-aereas-e-impacto-pode-elevar-preco-das-passagens\/#primaryimage","url":"https:\/\/agenciainfra.com\/blog\/wp-content\/uploads\/2020\/07\/aviao3-e1749563487636.jpg","contentUrl":"https:\/\/agenciainfra.com\/blog\/wp-content\/uploads\/2020\/07\/aviao3-e1749563487636.jpg","width":1200,"height":758,"caption":"Foto: Dom\u00ednio P\u00fablico"},{"@type":"BreadcrumbList","@id":"https:\/\/agenciainfra.com\/blog\/revisao-do-decreto-do-iof-nao-contempla-aereas-e-impacto-pode-elevar-preco-das-passagens\/#breadcrumb","itemListElement":[{"@type":"ListItem","position":1,"name":"In\u00edcio","item":"https:\/\/agenciainfra.com\/blog\/"},{"@type":"ListItem","position":2,"name":"Revis\u00e3o do decreto do IOF n\u00e3o contempla a\u00e9reas, e impacto pode elevar pre\u00e7o das passagens"}]},{"@type":"WebSite","@id":"https:\/\/agenciainfra.com\/blog\/#website","url":"https:\/\/agenciainfra.com\/blog\/","name":"Ag\u00eancia iNFRA","description":"Multiplataforma de informa\u00e7\u00e3o jornal\u00edstica refer\u00eancia na \u00e1rea de infraestrutura no Brasil!","publisher":{"@id":"https:\/\/agenciainfra.com\/blog\/#organization"},"potentialAction":[{"@type":"SearchAction","target":{"@type":"EntryPoint","urlTemplate":"https:\/\/agenciainfra.com\/blog\/?s={search_term_string}"},"query-input":{"@type":"PropertyValueSpecification","valueRequired":true,"valueName":"search_term_string"}}],"inLanguage":"pt-BR"},{"@type":"Organization","@id":"https:\/\/agenciainfra.com\/blog\/#organization","name":"Ag\u00eancia iNFRA","url":"https:\/\/agenciainfra.com\/blog\/","logo":{"@type":"ImageObject","inLanguage":"pt-BR","@id":"https:\/\/agenciainfra.com\/blog\/#\/schema\/logo\/image\/","url":"https:\/\/agenciainfra.com\/blog\/wp-content\/uploads\/2023\/09\/iNFRA_5-e1761735885940.png","contentUrl":"https:\/\/agenciainfra.com\/blog\/wp-content\/uploads\/2023\/09\/iNFRA_5-e1761735885940.png","width":1672,"height":454,"caption":"Ag\u00eancia iNFRA"},"image":{"@id":"https:\/\/agenciainfra.com\/blog\/#\/schema\/logo\/image\/"},"sameAs":["https:\/\/www.facebook.com\/ageninfra","https:\/\/x.com\/agencia_infra","https:\/\/www.linkedin.com\/company\/ag\u00eanciainfra\/","https:\/\/www.instagram.com\/agenciainfra\/"]},{"@type":"Person","@id":"https:\/\/agenciainfra.com\/blog\/#\/schema\/person\/34af08dff6adea4cb22b06612ba7acfa","name":"Ag\u00eancia iNFRA","image":{"@type":"ImageObject","inLanguage":"pt-BR","@id":"https:\/\/agenciainfra.com\/blog\/#\/schema\/person\/image\/","url":"https:\/\/secure.gravatar.com\/avatar\/d189e01678f06d8eb84d4e01f08eb848b3fffe3f8443818d3c356c66892f5be8?s=96&d=mm&r=g","contentUrl":"https:\/\/secure.gravatar.com\/avatar\/d189e01678f06d8eb84d4e01f08eb848b3fffe3f8443818d3c356c66892f5be8?s=96&d=mm&r=g","caption":"Ag\u00eancia iNFRA"},"url":"https:\/\/agenciainfra.com\/blog\/author\/admin\/"}]}},"_links":{"self":[{"href":"https:\/\/agenciainfra.com\/blog\/wp-json\/wp\/v2\/posts\/22996","targetHints":{"allow":["GET"]}}],"collection":[{"href":"https:\/\/agenciainfra.com\/blog\/wp-json\/wp\/v2\/posts"}],"about":[{"href":"https:\/\/agenciainfra.com\/blog\/wp-json\/wp\/v2\/types\/post"}],"author":[{"embeddable":true,"href":"https:\/\/agenciainfra.com\/blog\/wp-json\/wp\/v2\/users\/1"}],"replies":[{"embeddable":true,"href":"https:\/\/agenciainfra.com\/blog\/wp-json\/wp\/v2\/comments?post=22996"}],"version-history":[{"count":1,"href":"https:\/\/agenciainfra.com\/blog\/wp-json\/wp\/v2\/posts\/22996\/revisions"}],"predecessor-version":[{"id":22997,"href":"https:\/\/agenciainfra.com\/blog\/wp-json\/wp\/v2\/posts\/22996\/revisions\/22997"}],"wp:featuredmedia":[{"embeddable":true,"href":"https:\/\/agenciainfra.com\/blog\/wp-json\/wp\/v2\/media\/5415"}],"wp:attachment":[{"href":"https:\/\/agenciainfra.com\/blog\/wp-json\/wp\/v2\/media?parent=22996"}],"wp:term":[{"taxonomy":"category","embeddable":true,"href":"https:\/\/agenciainfra.com\/blog\/wp-json\/wp\/v2\/categories?post=22996"},{"taxonomy":"post_tag","embeddable":true,"href":"https:\/\/agenciainfra.com\/blog\/wp-json\/wp\/v2\/tags?post=22996"}],"curies":[{"name":"wp","href":"https:\/\/api.w.org\/{rel}","templated":true}]}}