{"id":23011,"date":"2025-06-16T20:50:29","date_gmt":"2025-06-16T23:50:29","guid":{"rendered":"https:\/\/agenciainfra.com\/blog\/?p=23011"},"modified":"2025-06-17T11:02:28","modified_gmt":"2025-06-17T14:02:28","slug":"restricao-no-leilao-do-tecon-santos-10-pode-comprometer-plano-logistico-entre-porto-de-santos-e-sao-sebastiao-diz-tarcisio","status":"publish","type":"post","link":"https:\/\/agenciainfra.com\/blog\/restricao-no-leilao-do-tecon-santos-10-pode-comprometer-plano-logistico-entre-porto-de-santos-e-sao-sebastiao-diz-tarcisio\/","title":{"rendered":"Restri\u00e7\u00e3o no leil\u00e3o do Tecon Santos 10 pode comprometer plano log\u00edstico entre porto de Santos e S\u00e3o Sebasti\u00e3o, diz Tarc\u00edsio"},"content":{"rendered":"\n<p class=\"has-text-align-right\"><strong>Mar\u00edlia Sena, da Ag\u00eancia iNFRA<\/strong><\/p>\n\n\n\n<p><br>O governador de S\u00e3o Paulo, Tarc\u00edsio de Freitas, criticou a restri\u00e7\u00e3o imposta ao leil\u00e3o do Tecon Santos 10 e avaliou que a medida pode inviabilizar a estrat\u00e9gia de transformar o Porto de Santos (SP) em um hub portu\u00e1rio e o Porto de S\u00e3o Sebasti\u00e3o (SP) em um terminal feeder para a cabotagem.<\/p>\n\n\n\n<p>\u201cEu preciso pensar na opera\u00e7\u00e3o conjunta entre Santos e S\u00e3o Sebasti\u00e3o. Santos ser\u00e1 o porto do longo curso, e S\u00e3o Sebasti\u00e3o funcionar\u00e1 como feeder para a cabotagem\u201d, afirmou.<\/p>\n\n\n\n<p>Tarc\u00edsio tamb\u00e9m declarou n\u00e3o fazer sentido que o certame exclua os maiores operadores de cont\u00eaineres da concorr\u00eancia. O modelo enviado pelo MPor (Minist\u00e9rio de Portos e Aeroportos) ao TCU (Tribunal de Contas da Uni\u00e3o) prev\u00ea que na primeira etapa da licita\u00e7\u00e3o n\u00e3o poder\u00e3o participar empresas que j\u00e1 operam em Santos. Somente se n\u00e3o houvesse proposta nesta fase \u00e9 que outras companhias poderiam disputar o ativo.<\/p>\n\n\n\n<p>\u201cIsso n\u00e3o acontece em nenhum lugar do planeta. N\u00e3o faz sentido justificar a competitividade dessa forma. Se j\u00e1 h\u00e1 um terminal em Santos, ele n\u00e3o pode participar? Quando falamos de um terminal de cont\u00eaineres de grande porte, como ser\u00e1 o caso, sua hinterl\u00e2ndia \u00e9 toda a costa brasileira, pois ser\u00e1 o principal hub de movimenta\u00e7\u00e3o de cont\u00eaineres no Atl\u00e2ntico Sul\u201d, argumentou.<\/p>\n\n\n\n<p>O governador disse ainda que restringir o leil\u00e3o pode afastar investimentos da autoridade portu\u00e1ria. Em sua vis\u00e3o, excluir empresas como Maersk, Santos Brasil e DP World da disputa significa eliminar do certame os principais players do setor. \u201cO ideal \u00e9 haver ampla concorr\u00eancia. N\u00e3o pode ser diferente\u201d, afirmou. As declara\u00e7\u00f5es foram dadas em Santos, durante solenidade em homenagem aos 262 anos de nascimento de Jos\u00e9 Bonif\u00e1cio de Andrada e Silva, no \u00faltimo dia 14.<\/p>\n\n\n\n<p>Ele tamb\u00e9m criticou os crit\u00e9rios adotados pela ANTAQ (Ag\u00eancia Nacional de Transportes Aquavi\u00e1rios) para o certame. \u201cJ\u00e1 houve situa\u00e7\u00f5es semelhantes em que restri\u00e7\u00f5es pensadas pela ANTAQ foram derrubadas pelo TCU (Tribunal de Contas da Uni\u00e3o)\u201d, lembrou.<\/p>\n\n\n\n<p>A posi\u00e7\u00e3o de Tarc\u00edsio j\u00e1 havia adiantada em of\u00edcio enviado pelo governo paulista no in\u00edcio do m\u00eas a autoridades de Bras\u00edlia, no qual a gest\u00e3o estadual posicionava-se de forma contr\u00e1ria ao modelo de leil\u00e3o em duas fases do Tecon Santos 10.<\/p>\n\n\n\n<p>Na \u00faltima reuni\u00e3o de diretoria, a diretora Fl\u00e1via Takafashi afirmou que 21 leil\u00f5es j\u00e1 tiveram restri\u00e7\u00f5es impostas pela ANTAQ. J\u00e1 o ministro de Portos e Aeroportos, Silvio Costa Filho, disse na semana passada que se sente \u201cmuito confort\u00e1vel\u201d com as decis\u00f5es da ag\u00eancia, j\u00e1 que seu corpo t\u00e9cnico foi integralmente indicado pelo governo Bolsonaro, per\u00edodo em que Tarc\u00edsio de Freitas era ministro da Infraestrutura.<br><br><\/p>\n\n\n\n<p><\/p>\n","protected":false},"excerpt":{"rendered":"<p>Mar\u00edlia Sena, da Ag\u00eancia iNFRA O governador de S\u00e3o Paulo, Tarc\u00edsio de Freitas, criticou a restri\u00e7\u00e3o imposta ao leil\u00e3o do Tecon Santos 10 e avaliou que a medida pode inviabilizar a estrat\u00e9gia de transformar o Porto de Santos (SP) em um hub portu\u00e1rio e o Porto de S\u00e3o Sebasti\u00e3o (SP) em um terminal feeder para [&hellip;]<\/p>\n","protected":false},"author":1,"featured_media":9858,"comment_status":"closed","ping_status":"closed","sticky":false,"template":"","format":"standard","meta":{"_monsterinsights_skip_tracking":false,"_monsterinsights_sitenote_active":false,"_monsterinsights_sitenote_note":"","_monsterinsights_sitenote_category":0,"footnotes":""},"categories":[1,7],"tags":[86,34,8030,11654,1201,7467,448,12352,10811,12474],"class_list":["post-23011","post","type-post","status-publish","format-standard","has-post-thumbnail","hentry","category-geral","category-infratransporte","tag-antaq","tag-infraestrutura","tag-infraestrutura-aquaviaria","tag-marilia-sena","tag-setor-portuario","tag-silvio-costa-filho","tag-tarcisio-de-freitas","tag-tecon-10","tag-tecon-santos","tag-tecon-santos-10"],"yoast_head":"<!-- This site is optimized with the Yoast SEO Premium plugin v25.4 (Yoast SEO v26.0) - https:\/\/yoast.com\/wordpress\/plugins\/seo\/ -->\n<title>Restri\u00e7\u00e3o no leil\u00e3o do Tecon Santos 10 pode comprometer plano log\u00edstico entre porto de Santos e S\u00e3o Sebasti\u00e3o, diz Tarc\u00edsio - Ag\u00eancia iNFRA<\/title>\n<meta name=\"robots\" content=\"index, follow, max-snippet:-1, max-image-preview:large, max-video-preview:-1\" \/>\n<link rel=\"canonical\" href=\"https:\/\/agenciainfra.com\/blog\/restricao-no-leilao-do-tecon-santos-10-pode-comprometer-plano-logistico-entre-porto-de-santos-e-sao-sebastiao-diz-tarcisio\/\" \/>\n<meta property=\"og:locale\" content=\"pt_BR\" \/>\n<meta property=\"og:type\" content=\"article\" \/>\n<meta property=\"og:title\" content=\"Restri\u00e7\u00e3o no leil\u00e3o do Tecon Santos 10 pode comprometer plano log\u00edstico entre porto de Santos e S\u00e3o Sebasti\u00e3o, diz Tarc\u00edsio\" \/>\n<meta property=\"og:description\" content=\"Mar\u00edlia Sena, da Ag\u00eancia iNFRA O governador de S\u00e3o Paulo, Tarc\u00edsio de Freitas, criticou a restri\u00e7\u00e3o imposta ao leil\u00e3o do Tecon Santos 10 e avaliou que a medida pode inviabilizar a estrat\u00e9gia de transformar o Porto de Santos (SP) em um hub portu\u00e1rio e o Porto de S\u00e3o Sebasti\u00e3o (SP) em um terminal feeder para [&hellip;]\" \/>\n<meta property=\"og:url\" content=\"https:\/\/agenciainfra.com\/blog\/restricao-no-leilao-do-tecon-santos-10-pode-comprometer-plano-logistico-entre-porto-de-santos-e-sao-sebastiao-diz-tarcisio\/\" \/>\n<meta property=\"og:site_name\" content=\"Ag\u00eancia iNFRA\" \/>\n<meta property=\"article:publisher\" content=\"https:\/\/www.facebook.com\/ageninfra\" \/>\n<meta property=\"article:published_time\" content=\"2025-06-16T23:50:29+00:00\" \/>\n<meta property=\"article:modified_time\" content=\"2025-06-17T14:02:28+00:00\" \/>\n<meta property=\"og:image\" content=\"https:\/\/agenciainfra.com\/blog\/wp-content\/uploads\/2022\/03\/tecon-suape-foto-suape.jpeg\" \/>\n\t<meta property=\"og:image:width\" content=\"1280\" \/>\n\t<meta property=\"og:image:height\" content=\"720\" \/>\n\t<meta property=\"og:image:type\" content=\"image\/jpeg\" \/>\n<meta name=\"author\" content=\"Ag\u00eancia iNFRA\" \/>\n<meta name=\"twitter:card\" content=\"summary_large_image\" \/>\n<meta name=\"twitter:creator\" content=\"@agencia_infra\" \/>\n<meta name=\"twitter:site\" content=\"@agencia_infra\" \/>\n<meta name=\"twitter:label1\" content=\"Escrito por\" \/>\n\t<meta name=\"twitter:data1\" content=\"Ag\u00eancia iNFRA\" \/>\n\t<meta name=\"twitter:label2\" content=\"Est. tempo de leitura\" \/>\n\t<meta name=\"twitter:data2\" content=\"2 minutos\" \/>\n<script type=\"application\/ld+json\" class=\"yoast-schema-graph\">{\"@context\":\"https:\/\/schema.org\",\"@graph\":[{\"@type\":\"Article\",\"@id\":\"https:\/\/agenciainfra.com\/blog\/restricao-no-leilao-do-tecon-santos-10-pode-comprometer-plano-logistico-entre-porto-de-santos-e-sao-sebastiao-diz-tarcisio\/#article\",\"isPartOf\":{\"@id\":\"https:\/\/agenciainfra.com\/blog\/restricao-no-leilao-do-tecon-santos-10-pode-comprometer-plano-logistico-entre-porto-de-santos-e-sao-sebastiao-diz-tarcisio\/\"},\"author\":{\"name\":\"Ag\u00eancia iNFRA\",\"@id\":\"https:\/\/agenciainfra.com\/blog\/#\/schema\/person\/34af08dff6adea4cb22b06612ba7acfa\"},\"headline\":\"Restri\u00e7\u00e3o no leil\u00e3o do Tecon Santos 10 pode comprometer plano log\u00edstico entre porto de Santos e S\u00e3o Sebasti\u00e3o, diz Tarc\u00edsio\",\"datePublished\":\"2025-06-16T23:50:29+00:00\",\"dateModified\":\"2025-06-17T14:02:28+00:00\",\"mainEntityOfPage\":{\"@id\":\"https:\/\/agenciainfra.com\/blog\/restricao-no-leilao-do-tecon-santos-10-pode-comprometer-plano-logistico-entre-porto-de-santos-e-sao-sebastiao-diz-tarcisio\/\"},\"wordCount\":510,\"publisher\":{\"@id\":\"https:\/\/agenciainfra.com\/blog\/#organization\"},\"image\":{\"@id\":\"https:\/\/agenciainfra.com\/blog\/restricao-no-leilao-do-tecon-santos-10-pode-comprometer-plano-logistico-entre-porto-de-santos-e-sao-sebastiao-diz-tarcisio\/#primaryimage\"},\"thumbnailUrl\":\"https:\/\/agenciainfra.com\/blog\/wp-content\/uploads\/2022\/03\/tecon-suape-foto-suape.jpeg\",\"keywords\":[\"ANTAQ\",\"Infraestrutura\",\"Infraestrutura Aquavi\u00e1ria\",\"Mar\u00edlia Sena\",\"setor portu\u00e1rio\",\"Silvio Costa Filho\",\"Tarc\u00edsio de Freitas\",\"Tecon 10\",\"Tecon Santos\",\"Tecon Santos 10\"],\"articleSection\":[\"Geral\",\"iNFRATransporte\"],\"inLanguage\":\"pt-BR\",\"copyrightYear\":\"2025\",\"copyrightHolder\":{\"@id\":\"https:\/\/agenciainfra.com\/blog\/#organization\"}},{\"@type\":\"WebPage\",\"@id\":\"https:\/\/agenciainfra.com\/blog\/restricao-no-leilao-do-tecon-santos-10-pode-comprometer-plano-logistico-entre-porto-de-santos-e-sao-sebastiao-diz-tarcisio\/\",\"url\":\"https:\/\/agenciainfra.com\/blog\/restricao-no-leilao-do-tecon-santos-10-pode-comprometer-plano-logistico-entre-porto-de-santos-e-sao-sebastiao-diz-tarcisio\/\",\"name\":\"Restri\u00e7\u00e3o no leil\u00e3o do Tecon Santos 10 pode comprometer plano log\u00edstico entre porto de Santos e S\u00e3o Sebasti\u00e3o, diz Tarc\u00edsio - Ag\u00eancia iNFRA\",\"isPartOf\":{\"@id\":\"https:\/\/agenciainfra.com\/blog\/#website\"},\"primaryImageOfPage\":{\"@id\":\"https:\/\/agenciainfra.com\/blog\/restricao-no-leilao-do-tecon-santos-10-pode-comprometer-plano-logistico-entre-porto-de-santos-e-sao-sebastiao-diz-tarcisio\/#primaryimage\"},\"image\":{\"@id\":\"https:\/\/agenciainfra.com\/blog\/restricao-no-leilao-do-tecon-santos-10-pode-comprometer-plano-logistico-entre-porto-de-santos-e-sao-sebastiao-diz-tarcisio\/#primaryimage\"},\"thumbnailUrl\":\"https:\/\/agenciainfra.com\/blog\/wp-content\/uploads\/2022\/03\/tecon-suape-foto-suape.jpeg\",\"datePublished\":\"2025-06-16T23:50:29+00:00\",\"dateModified\":\"2025-06-17T14:02:28+00:00\",\"breadcrumb\":{\"@id\":\"https:\/\/agenciainfra.com\/blog\/restricao-no-leilao-do-tecon-santos-10-pode-comprometer-plano-logistico-entre-porto-de-santos-e-sao-sebastiao-diz-tarcisio\/#breadcrumb\"},\"inLanguage\":\"pt-BR\",\"potentialAction\":[{\"@type\":\"ReadAction\",\"target\":[\"https:\/\/agenciainfra.com\/blog\/restricao-no-leilao-do-tecon-santos-10-pode-comprometer-plano-logistico-entre-porto-de-santos-e-sao-sebastiao-diz-tarcisio\/\"]}]},{\"@type\":\"ImageObject\",\"inLanguage\":\"pt-BR\",\"@id\":\"https:\/\/agenciainfra.com\/blog\/restricao-no-leilao-do-tecon-santos-10-pode-comprometer-plano-logistico-entre-porto-de-santos-e-sao-sebastiao-diz-tarcisio\/#primaryimage\",\"url\":\"https:\/\/agenciainfra.com\/blog\/wp-content\/uploads\/2022\/03\/tecon-suape-foto-suape.jpeg\",\"contentUrl\":\"https:\/\/agenciainfra.com\/blog\/wp-content\/uploads\/2022\/03\/tecon-suape-foto-suape.jpeg\",\"width\":1280,\"height\":720,\"caption\":\"Foto: Porto de Suape\"},{\"@type\":\"BreadcrumbList\",\"@id\":\"https:\/\/agenciainfra.com\/blog\/restricao-no-leilao-do-tecon-santos-10-pode-comprometer-plano-logistico-entre-porto-de-santos-e-sao-sebastiao-diz-tarcisio\/#breadcrumb\",\"itemListElement\":[{\"@type\":\"ListItem\",\"position\":1,\"name\":\"In\u00edcio\",\"item\":\"https:\/\/agenciainfra.com\/blog\/\"},{\"@type\":\"ListItem\",\"position\":2,\"name\":\"Restri\u00e7\u00e3o no leil\u00e3o do Tecon Santos 10 pode comprometer plano log\u00edstico entre porto de Santos e S\u00e3o Sebasti\u00e3o, diz Tarc\u00edsio\"}]},{\"@type\":\"WebSite\",\"@id\":\"https:\/\/agenciainfra.com\/blog\/#website\",\"url\":\"https:\/\/agenciainfra.com\/blog\/\",\"name\":\"Ag\u00eancia iNFRA\",\"description\":\"Multiplataforma de informa\u00e7\u00e3o jornal\u00edstica refer\u00eancia na \u00e1rea de infraestrutura no Brasil!\",\"publisher\":{\"@id\":\"https:\/\/agenciainfra.com\/blog\/#organization\"},\"potentialAction\":[{\"@type\":\"SearchAction\",\"target\":{\"@type\":\"EntryPoint\",\"urlTemplate\":\"https:\/\/agenciainfra.com\/blog\/?s={search_term_string}\"},\"query-input\":{\"@type\":\"PropertyValueSpecification\",\"valueRequired\":true,\"valueName\":\"search_term_string\"}}],\"inLanguage\":\"pt-BR\"},{\"@type\":\"Organization\",\"@id\":\"https:\/\/agenciainfra.com\/blog\/#organization\",\"name\":\"Ag\u00eancia iNFRA\",\"url\":\"https:\/\/agenciainfra.com\/blog\/\",\"logo\":{\"@type\":\"ImageObject\",\"inLanguage\":\"pt-BR\",\"@id\":\"https:\/\/agenciainfra.com\/blog\/#\/schema\/logo\/image\/\",\"url\":\"https:\/\/agenciainfra.com\/blog\/wp-content\/uploads\/2023\/09\/iNFRA_5-e1761735885940.png\",\"contentUrl\":\"https:\/\/agenciainfra.com\/blog\/wp-content\/uploads\/2023\/09\/iNFRA_5-e1761735885940.png\",\"width\":1672,\"height\":454,\"caption\":\"Ag\u00eancia iNFRA\"},\"image\":{\"@id\":\"https:\/\/agenciainfra.com\/blog\/#\/schema\/logo\/image\/\"},\"sameAs\":[\"https:\/\/www.facebook.com\/ageninfra\",\"https:\/\/x.com\/agencia_infra\",\"https:\/\/www.linkedin.com\/company\/ag\u00eanciainfra\/\",\"https:\/\/www.instagram.com\/agenciainfra\/\"]},{\"@type\":\"Person\",\"@id\":\"https:\/\/agenciainfra.com\/blog\/#\/schema\/person\/34af08dff6adea4cb22b06612ba7acfa\",\"name\":\"Ag\u00eancia iNFRA\",\"image\":{\"@type\":\"ImageObject\",\"inLanguage\":\"pt-BR\",\"@id\":\"https:\/\/agenciainfra.com\/blog\/#\/schema\/person\/image\/\",\"url\":\"https:\/\/secure.gravatar.com\/avatar\/d189e01678f06d8eb84d4e01f08eb848b3fffe3f8443818d3c356c66892f5be8?s=96&d=mm&r=g\",\"contentUrl\":\"https:\/\/secure.gravatar.com\/avatar\/d189e01678f06d8eb84d4e01f08eb848b3fffe3f8443818d3c356c66892f5be8?s=96&d=mm&r=g\",\"caption\":\"Ag\u00eancia iNFRA\"},\"url\":\"https:\/\/agenciainfra.com\/blog\/author\/admin\/\"}]}<\/script>\n<!-- \/ Yoast SEO Premium plugin. -->","yoast_head_json":{"title":"Restri\u00e7\u00e3o no leil\u00e3o do Tecon Santos 10 pode comprometer plano log\u00edstico entre porto de Santos e S\u00e3o Sebasti\u00e3o, diz Tarc\u00edsio - Ag\u00eancia iNFRA","robots":{"index":"index","follow":"follow","max-snippet":"max-snippet:-1","max-image-preview":"max-image-preview:large","max-video-preview":"max-video-preview:-1"},"canonical":"https:\/\/agenciainfra.com\/blog\/restricao-no-leilao-do-tecon-santos-10-pode-comprometer-plano-logistico-entre-porto-de-santos-e-sao-sebastiao-diz-tarcisio\/","og_locale":"pt_BR","og_type":"article","og_title":"Restri\u00e7\u00e3o no leil\u00e3o do Tecon Santos 10 pode comprometer plano log\u00edstico entre porto de Santos e S\u00e3o Sebasti\u00e3o, diz Tarc\u00edsio","og_description":"Mar\u00edlia Sena, da Ag\u00eancia iNFRA O governador de S\u00e3o Paulo, Tarc\u00edsio de Freitas, criticou a restri\u00e7\u00e3o imposta ao leil\u00e3o do Tecon Santos 10 e avaliou que a medida pode inviabilizar a estrat\u00e9gia de transformar o Porto de Santos (SP) em um hub portu\u00e1rio e o Porto de S\u00e3o Sebasti\u00e3o (SP) em um terminal feeder para [&hellip;]","og_url":"https:\/\/agenciainfra.com\/blog\/restricao-no-leilao-do-tecon-santos-10-pode-comprometer-plano-logistico-entre-porto-de-santos-e-sao-sebastiao-diz-tarcisio\/","og_site_name":"Ag\u00eancia iNFRA","article_publisher":"https:\/\/www.facebook.com\/ageninfra","article_published_time":"2025-06-16T23:50:29+00:00","article_modified_time":"2025-06-17T14:02:28+00:00","og_image":[{"width":1280,"height":720,"url":"https:\/\/agenciainfra.com\/blog\/wp-content\/uploads\/2022\/03\/tecon-suape-foto-suape.jpeg","type":"image\/jpeg"}],"author":"Ag\u00eancia iNFRA","twitter_card":"summary_large_image","twitter_creator":"@agencia_infra","twitter_site":"@agencia_infra","twitter_misc":{"Escrito por":"Ag\u00eancia iNFRA","Est. tempo de leitura":"2 minutos"},"schema":{"@context":"https:\/\/schema.org","@graph":[{"@type":"Article","@id":"https:\/\/agenciainfra.com\/blog\/restricao-no-leilao-do-tecon-santos-10-pode-comprometer-plano-logistico-entre-porto-de-santos-e-sao-sebastiao-diz-tarcisio\/#article","isPartOf":{"@id":"https:\/\/agenciainfra.com\/blog\/restricao-no-leilao-do-tecon-santos-10-pode-comprometer-plano-logistico-entre-porto-de-santos-e-sao-sebastiao-diz-tarcisio\/"},"author":{"name":"Ag\u00eancia iNFRA","@id":"https:\/\/agenciainfra.com\/blog\/#\/schema\/person\/34af08dff6adea4cb22b06612ba7acfa"},"headline":"Restri\u00e7\u00e3o no leil\u00e3o do Tecon Santos 10 pode comprometer plano log\u00edstico entre porto de Santos e S\u00e3o Sebasti\u00e3o, diz Tarc\u00edsio","datePublished":"2025-06-16T23:50:29+00:00","dateModified":"2025-06-17T14:02:28+00:00","mainEntityOfPage":{"@id":"https:\/\/agenciainfra.com\/blog\/restricao-no-leilao-do-tecon-santos-10-pode-comprometer-plano-logistico-entre-porto-de-santos-e-sao-sebastiao-diz-tarcisio\/"},"wordCount":510,"publisher":{"@id":"https:\/\/agenciainfra.com\/blog\/#organization"},"image":{"@id":"https:\/\/agenciainfra.com\/blog\/restricao-no-leilao-do-tecon-santos-10-pode-comprometer-plano-logistico-entre-porto-de-santos-e-sao-sebastiao-diz-tarcisio\/#primaryimage"},"thumbnailUrl":"https:\/\/agenciainfra.com\/blog\/wp-content\/uploads\/2022\/03\/tecon-suape-foto-suape.jpeg","keywords":["ANTAQ","Infraestrutura","Infraestrutura Aquavi\u00e1ria","Mar\u00edlia Sena","setor portu\u00e1rio","Silvio Costa Filho","Tarc\u00edsio de Freitas","Tecon 10","Tecon Santos","Tecon Santos 10"],"articleSection":["Geral","iNFRATransporte"],"inLanguage":"pt-BR","copyrightYear":"2025","copyrightHolder":{"@id":"https:\/\/agenciainfra.com\/blog\/#organization"}},{"@type":"WebPage","@id":"https:\/\/agenciainfra.com\/blog\/restricao-no-leilao-do-tecon-santos-10-pode-comprometer-plano-logistico-entre-porto-de-santos-e-sao-sebastiao-diz-tarcisio\/","url":"https:\/\/agenciainfra.com\/blog\/restricao-no-leilao-do-tecon-santos-10-pode-comprometer-plano-logistico-entre-porto-de-santos-e-sao-sebastiao-diz-tarcisio\/","name":"Restri\u00e7\u00e3o no leil\u00e3o do Tecon Santos 10 pode comprometer plano log\u00edstico entre porto de Santos e S\u00e3o Sebasti\u00e3o, diz Tarc\u00edsio - Ag\u00eancia iNFRA","isPartOf":{"@id":"https:\/\/agenciainfra.com\/blog\/#website"},"primaryImageOfPage":{"@id":"https:\/\/agenciainfra.com\/blog\/restricao-no-leilao-do-tecon-santos-10-pode-comprometer-plano-logistico-entre-porto-de-santos-e-sao-sebastiao-diz-tarcisio\/#primaryimage"},"image":{"@id":"https:\/\/agenciainfra.com\/blog\/restricao-no-leilao-do-tecon-santos-10-pode-comprometer-plano-logistico-entre-porto-de-santos-e-sao-sebastiao-diz-tarcisio\/#primaryimage"},"thumbnailUrl":"https:\/\/agenciainfra.com\/blog\/wp-content\/uploads\/2022\/03\/tecon-suape-foto-suape.jpeg","datePublished":"2025-06-16T23:50:29+00:00","dateModified":"2025-06-17T14:02:28+00:00","breadcrumb":{"@id":"https:\/\/agenciainfra.com\/blog\/restricao-no-leilao-do-tecon-santos-10-pode-comprometer-plano-logistico-entre-porto-de-santos-e-sao-sebastiao-diz-tarcisio\/#breadcrumb"},"inLanguage":"pt-BR","potentialAction":[{"@type":"ReadAction","target":["https:\/\/agenciainfra.com\/blog\/restricao-no-leilao-do-tecon-santos-10-pode-comprometer-plano-logistico-entre-porto-de-santos-e-sao-sebastiao-diz-tarcisio\/"]}]},{"@type":"ImageObject","inLanguage":"pt-BR","@id":"https:\/\/agenciainfra.com\/blog\/restricao-no-leilao-do-tecon-santos-10-pode-comprometer-plano-logistico-entre-porto-de-santos-e-sao-sebastiao-diz-tarcisio\/#primaryimage","url":"https:\/\/agenciainfra.com\/blog\/wp-content\/uploads\/2022\/03\/tecon-suape-foto-suape.jpeg","contentUrl":"https:\/\/agenciainfra.com\/blog\/wp-content\/uploads\/2022\/03\/tecon-suape-foto-suape.jpeg","width":1280,"height":720,"caption":"Foto: Porto de Suape"},{"@type":"BreadcrumbList","@id":"https:\/\/agenciainfra.com\/blog\/restricao-no-leilao-do-tecon-santos-10-pode-comprometer-plano-logistico-entre-porto-de-santos-e-sao-sebastiao-diz-tarcisio\/#breadcrumb","itemListElement":[{"@type":"ListItem","position":1,"name":"In\u00edcio","item":"https:\/\/agenciainfra.com\/blog\/"},{"@type":"ListItem","position":2,"name":"Restri\u00e7\u00e3o no leil\u00e3o do Tecon Santos 10 pode comprometer plano log\u00edstico entre porto de Santos e S\u00e3o Sebasti\u00e3o, diz Tarc\u00edsio"}]},{"@type":"WebSite","@id":"https:\/\/agenciainfra.com\/blog\/#website","url":"https:\/\/agenciainfra.com\/blog\/","name":"Ag\u00eancia iNFRA","description":"Multiplataforma de informa\u00e7\u00e3o jornal\u00edstica refer\u00eancia na \u00e1rea de infraestrutura no Brasil!","publisher":{"@id":"https:\/\/agenciainfra.com\/blog\/#organization"},"potentialAction":[{"@type":"SearchAction","target":{"@type":"EntryPoint","urlTemplate":"https:\/\/agenciainfra.com\/blog\/?s={search_term_string}"},"query-input":{"@type":"PropertyValueSpecification","valueRequired":true,"valueName":"search_term_string"}}],"inLanguage":"pt-BR"},{"@type":"Organization","@id":"https:\/\/agenciainfra.com\/blog\/#organization","name":"Ag\u00eancia iNFRA","url":"https:\/\/agenciainfra.com\/blog\/","logo":{"@type":"ImageObject","inLanguage":"pt-BR","@id":"https:\/\/agenciainfra.com\/blog\/#\/schema\/logo\/image\/","url":"https:\/\/agenciainfra.com\/blog\/wp-content\/uploads\/2023\/09\/iNFRA_5-e1761735885940.png","contentUrl":"https:\/\/agenciainfra.com\/blog\/wp-content\/uploads\/2023\/09\/iNFRA_5-e1761735885940.png","width":1672,"height":454,"caption":"Ag\u00eancia iNFRA"},"image":{"@id":"https:\/\/agenciainfra.com\/blog\/#\/schema\/logo\/image\/"},"sameAs":["https:\/\/www.facebook.com\/ageninfra","https:\/\/x.com\/agencia_infra","https:\/\/www.linkedin.com\/company\/ag\u00eanciainfra\/","https:\/\/www.instagram.com\/agenciainfra\/"]},{"@type":"Person","@id":"https:\/\/agenciainfra.com\/blog\/#\/schema\/person\/34af08dff6adea4cb22b06612ba7acfa","name":"Ag\u00eancia iNFRA","image":{"@type":"ImageObject","inLanguage":"pt-BR","@id":"https:\/\/agenciainfra.com\/blog\/#\/schema\/person\/image\/","url":"https:\/\/secure.gravatar.com\/avatar\/d189e01678f06d8eb84d4e01f08eb848b3fffe3f8443818d3c356c66892f5be8?s=96&d=mm&r=g","contentUrl":"https:\/\/secure.gravatar.com\/avatar\/d189e01678f06d8eb84d4e01f08eb848b3fffe3f8443818d3c356c66892f5be8?s=96&d=mm&r=g","caption":"Ag\u00eancia iNFRA"},"url":"https:\/\/agenciainfra.com\/blog\/author\/admin\/"}]}},"_links":{"self":[{"href":"https:\/\/agenciainfra.com\/blog\/wp-json\/wp\/v2\/posts\/23011","targetHints":{"allow":["GET"]}}],"collection":[{"href":"https:\/\/agenciainfra.com\/blog\/wp-json\/wp\/v2\/posts"}],"about":[{"href":"https:\/\/agenciainfra.com\/blog\/wp-json\/wp\/v2\/types\/post"}],"author":[{"embeddable":true,"href":"https:\/\/agenciainfra.com\/blog\/wp-json\/wp\/v2\/users\/1"}],"replies":[{"embeddable":true,"href":"https:\/\/agenciainfra.com\/blog\/wp-json\/wp\/v2\/comments?post=23011"}],"version-history":[{"count":2,"href":"https:\/\/agenciainfra.com\/blog\/wp-json\/wp\/v2\/posts\/23011\/revisions"}],"predecessor-version":[{"id":23013,"href":"https:\/\/agenciainfra.com\/blog\/wp-json\/wp\/v2\/posts\/23011\/revisions\/23013"}],"wp:featuredmedia":[{"embeddable":true,"href":"https:\/\/agenciainfra.com\/blog\/wp-json\/wp\/v2\/media\/9858"}],"wp:attachment":[{"href":"https:\/\/agenciainfra.com\/blog\/wp-json\/wp\/v2\/media?parent=23011"}],"wp:term":[{"taxonomy":"category","embeddable":true,"href":"https:\/\/agenciainfra.com\/blog\/wp-json\/wp\/v2\/categories?post=23011"},{"taxonomy":"post_tag","embeddable":true,"href":"https:\/\/agenciainfra.com\/blog\/wp-json\/wp\/v2\/tags?post=23011"}],"curies":[{"name":"wp","href":"https:\/\/api.w.org\/{rel}","templated":true}]}}