{"id":23036,"date":"2025-06-17T11:00:00","date_gmt":"2025-06-17T14:00:00","guid":{"rendered":"https:\/\/agenciainfra.com\/blog\/?p=23036"},"modified":"2025-06-17T16:51:13","modified_gmt":"2025-06-17T19:51:13","slug":"anm-ve-momento-de-reestruturacao-com-novo-decreto-e-acordo-de-mariana-diz-diretor-geral","status":"publish","type":"post","link":"https:\/\/agenciainfra.com\/blog\/anm-ve-momento-de-reestruturacao-com-novo-decreto-e-acordo-de-mariana-diz-diretor-geral\/","title":{"rendered":"ANM v\u00ea momento de reestrutura\u00e7\u00e3o com novo decreto e acordo de Mariana, diz diretor-geral"},"content":{"rendered":"\n<p class=\"has-text-align-right\"><strong>Rafael Bitencourt, da Ag\u00eancia iNFRA<\/strong><\/p>\n\n\n\n<p>O diretor-geral da ANM (Ag\u00eancia Nacional de Minera\u00e7\u00e3o), Mauro Henrique Sousa, avalia que o \u00f3rg\u00e3o j\u00e1 re\u00fane as condi\u00e7\u00f5es para implantar uma reestrutura\u00e7\u00e3o, com a incorpora\u00e7\u00e3o de \u00e1reas de atua\u00e7\u00e3o, e oferecer o ganho de efici\u00eancia prometido desde a sua cria\u00e7\u00e3o, em 2017. O fortalecimento da fiscaliza\u00e7\u00e3o de barragens e o tratamento de \u201cpilhas de rejeitos est\u00e9reis\u201d est\u00e3o entre as prioridades da reguladora, afirmou o diretor-geral \u00e0\u00a0<strong>Ag\u00eancia iNFRA<\/strong>.<br><br>O otimismo do diretor \u00e9 justificado pela publica\u00e7\u00e3o do\u00a0<a href=\"https:\/\/agenciainfra.us14.list-manage.com\/track\/click?u=d460dd1bcf9ba0ae040e1fc0f&amp;id=69d5e2dbf7&amp;e=55b7a27fc9\" target=\"_blank\" rel=\"noreferrer noopener\">Decreto 12.505\/2025<\/a>, com previs\u00e3o de ampliar o n\u00famero de cargos e oferecer melhor remunera\u00e7\u00e3o, e tamb\u00e9m pela sinaliza\u00e7\u00e3o de que contar\u00e1 com o in\u00edcio da libera\u00e7\u00e3o do montante de R$ 1 bilh\u00e3o do novo acordo de Mariana\u00a0para refor\u00e7ar a fiscaliza\u00e7\u00e3o e preven\u00e7\u00e3o de acidentes em barragens de rejeitos.<br><br>\u201cEsse decreto veio na esteira de um processo de fortalecimento da Ag\u00eancia Nacional de Minera\u00e7\u00e3o e, portanto, do pr\u00f3prio setor mineral brasileiro\u201d, assinalou Sousa. Ele reconhece que o decreto promove tanto a \u201creconfigura\u00e7\u00e3o\u201d quanto a \u201camplia\u00e7\u00e3o expressiva\u201d dos cargos comissionados.<br><br>Com cen\u00e1rio favor\u00e1vel, o dirigente acredita ser o momento oportuno para revisar o regimento interno da ANM. \u201cIsso \u00e9 um processo muito mais amplo, que culmina, agora, com a edi\u00e7\u00e3o desse decreto. Com isso, n\u00f3s teremos a condi\u00e7\u00e3o de rever o nosso regimento interno, trazer novas estruturas de atua\u00e7\u00e3o\u201d, disse o dirigente.\u00a0<br><br><strong>Sustentabilidade<\/strong><br>Tamb\u00e9m est\u00e1 prevista a estrutura\u00e7\u00e3o da \u00e1rea para cuidar dos temas ESG (sustentabilidade ambiental, impacto social e governan\u00e7a) no setor mineral. \u201cA chamada minera\u00e7\u00e3o sustent\u00e1vel precisa ter uma estrutura adequada\u201d, declarou Sousa.<br><br>O compromisso de repasse do montante de R$ 1 bilh\u00e3o para fortalecer a fiscaliza\u00e7\u00e3o da ANM foi refor\u00e7ado na agenda oficial do presidente Lula, na \u00faltima quinta-feira (12), em Mariana (MG). O local foi palco da trag\u00e9dia do rompimento da barragem de rejeitos da mineradora Samarco. Na ocasi\u00e3o, os ministros Rui Costa (Casa Civil) e Alexandre Silveira (Minas e Energia) repassaram o plano de indeniza\u00e7\u00e3o, que inclui apoio financeiro \u00e0s atividades da ag\u00eancia.<br><br>\u201cTodos os projetos da ag\u00eancia est\u00e3o em sintonia com essa necessidade de estrutura\u00e7\u00e3o. N\u00f3s vislumbramos um per\u00edodo muito mais auspicioso para o futuro da nossa minera\u00e7\u00e3o e a condi\u00e7\u00e3o dos trabalhos do setor, da ind\u00fastria da minera\u00e7\u00e3o, por meio da ag\u00eancia\u201d, afirmou Sousa. \u201cNossos trabalhos v\u00e3o estar muito mais tempestivos, com processos e procedimentos internos mais c\u00e9leres com toda essa transforma\u00e7\u00e3o digital que esperamos entregar. Vamos alcan\u00e7ar brevemente \u00a0as condi\u00e7\u00f5es ideais,\u201d acrescentou.<br><br><strong>Equipara\u00e7\u00e3o salarial<\/strong><br>Ainda sobre o decreto, o diretor-geral da ANM considera que ser\u00e1 feita uma esp\u00e9cie de repara\u00e7\u00e3o hist\u00f3rica em rela\u00e7\u00e3o ao tratamento dado aos servidores de outros \u00f3rg\u00e3os reguladores. \u201cTivemos a equipara\u00e7\u00e3o salarial dos servidores da ag\u00eancia, havia uma defasagem em rela\u00e7\u00e3o aos seus colegas das demais ag\u00eancias. Era bem menor [a remunera\u00e7\u00e3o da ANM], em torno de 46%, em m\u00e9dia, em rela\u00e7\u00e3o \u00e0s demais\u201d, destacou.\u00a0<br><br>Ele ressaltou que, antes do decreto, a ANM j\u00e1 havia obtido a autoriza\u00e7\u00e3o de concurso p\u00fablico para o ingresso de 229 servidores. Esse esfor\u00e7o, disse ele, se soma \u00e0 libera\u00e7\u00e3o, pelo Minist\u00e9rio da Gest\u00e3o e da Inova\u00e7\u00e3o (MGI), de 80 vagas para\u00a0t\u00e9cnicos no pr\u00f3ximo concurso unificado.<br><br><strong>Estrutura sucateada<\/strong><br>Apesar da recente cria\u00e7\u00e3o, a ANM \u00e9 conhecida por contar com uma estrutura sucateada, herdada do antigo DNPM (Departamento Nacional de Produ\u00e7\u00e3o Mineral). Mesmo contabilizando uma das maiores arrecada\u00e7\u00f5es entre as ag\u00eancias, por meio da cobran\u00e7a de royalties da minera\u00e7\u00e3o (a CFEM), a autarquia nasceu em cen\u00e1rio de forte restri\u00e7\u00e3o fiscal e seu papel de regular um importante setor da economia nunca esteve refletido em participa\u00e7\u00e3o no or\u00e7amento federal.<br><br>Em debate sobre a estrutura funcional da ANM, em setembro de 2023, dirigentes do \u00f3rg\u00e3o mostraram aos parlamentares que o or\u00e7amento da autarquia em 2022, de R$ 79,2 milh\u00f5es, foi inferior ao total de despesa da ANTT (Ag\u00eancia Nacional de Transportes Terrestres) com TI (tecnologia da informa\u00e7\u00e3o) naquele mesmo anos, de R$ 90,5 milh\u00f5es.<br><br>Dada a falta de pessoal, levantamentos de \u00f3rg\u00e3os externos alertavam sobre a grave dificuldade da ag\u00eancia em cumprir seu papel de fiscalizar a arrecada\u00e7\u00e3o. Estimou-se que a cada R$ 1 arrecadado outro R$ 1 \u00e9\u00a0sonegado. Recentemente, apenas quatro servidores da ANM eram respons\u00e1veis por fiscalizar 12 mil casos de contencioso sobre arrecada\u00e7\u00e3o de royalties, com risco de prescri\u00e7\u00e3o, no valor de R$ 21,5 bilh\u00f5es.<\/p>\n","protected":false},"excerpt":{"rendered":"<p>Rafael Bitencourt, da Ag\u00eancia iNFRA O diretor-geral da ANM (Ag\u00eancia Nacional de Minera\u00e7\u00e3o), Mauro Henrique Sousa, avalia que o \u00f3rg\u00e3o j\u00e1 re\u00fane as condi\u00e7\u00f5es para implantar uma reestrutura\u00e7\u00e3o, com a incorpora\u00e7\u00e3o de \u00e1reas de atua\u00e7\u00e3o, e oferecer o ganho de efici\u00eancia prometido desde a sua cria\u00e7\u00e3o, em 2017. O fortalecimento da fiscaliza\u00e7\u00e3o de barragens e [&hellip;]<\/p>\n","protected":false},"author":1,"featured_media":23037,"comment_status":"closed","ping_status":"closed","sticky":false,"template":"","format":"standard","meta":{"_monsterinsights_skip_tracking":false,"_monsterinsights_sitenote_active":false,"_monsterinsights_sitenote_note":"","_monsterinsights_sitenote_category":0,"footnotes":""},"categories":[7250,1,13239],"tags":[5978,340,13815,380,13817,13812,839,13819,13813,13818],"class_list":["post-23036","post","type-post","status-publish","format-standard","has-post-thumbnail","hentry","category-destaque-lista","category-geral","category-mineracao","tag-acordo-de-mariana","tag-anm","tag-decreto-12-505-2025","tag-fiscalizacao","tag-fiscalizacao-da-anm","tag-mauro-sousa","tag-mineracao","tag-producao-mineral","tag-rafael-bitencourt","tag-royalties-de-mineracao"],"yoast_head":"<!-- This site is optimized with the Yoast SEO Premium plugin v25.4 (Yoast SEO v26.0) - https:\/\/yoast.com\/wordpress\/plugins\/seo\/ -->\n<title>ANM v\u00ea momento de reestrutura\u00e7\u00e3o com novo decreto e acordo de Mariana, diz diretor-geral - Ag\u00eancia iNFRA<\/title>\n<meta name=\"robots\" content=\"index, follow, max-snippet:-1, max-image-preview:large, max-video-preview:-1\" \/>\n<link rel=\"canonical\" href=\"https:\/\/agenciainfra.com\/blog\/anm-ve-momento-de-reestruturacao-com-novo-decreto-e-acordo-de-mariana-diz-diretor-geral\/\" \/>\n<meta property=\"og:locale\" content=\"pt_BR\" \/>\n<meta property=\"og:type\" content=\"article\" \/>\n<meta property=\"og:title\" content=\"ANM v\u00ea momento de reestrutura\u00e7\u00e3o com novo decreto e acordo de Mariana, diz diretor-geral\" \/>\n<meta property=\"og:description\" content=\"Rafael Bitencourt, da Ag\u00eancia iNFRA O diretor-geral da ANM (Ag\u00eancia Nacional de Minera\u00e7\u00e3o), Mauro Henrique Sousa, avalia que o \u00f3rg\u00e3o j\u00e1 re\u00fane as condi\u00e7\u00f5es para implantar uma reestrutura\u00e7\u00e3o, com a incorpora\u00e7\u00e3o de \u00e1reas de atua\u00e7\u00e3o, e oferecer o ganho de efici\u00eancia prometido desde a sua cria\u00e7\u00e3o, em 2017. O fortalecimento da fiscaliza\u00e7\u00e3o de barragens e [&hellip;]\" \/>\n<meta property=\"og:url\" content=\"https:\/\/agenciainfra.com\/blog\/anm-ve-momento-de-reestruturacao-com-novo-decreto-e-acordo-de-mariana-diz-diretor-geral\/\" \/>\n<meta property=\"og:site_name\" content=\"Ag\u00eancia iNFRA\" \/>\n<meta property=\"article:publisher\" content=\"https:\/\/www.facebook.com\/ageninfra\" \/>\n<meta property=\"article:published_time\" content=\"2025-06-17T14:00:00+00:00\" \/>\n<meta property=\"article:modified_time\" content=\"2025-06-17T19:51:13+00:00\" \/>\n<meta property=\"og:image\" content=\"https:\/\/agenciainfra.com\/blog\/wp-content\/uploads\/2025\/06\/mauro-sousa-foto-anm-scaled-e1750160900855.jpg\" \/>\n\t<meta property=\"og:image:width\" content=\"1280\" \/>\n\t<meta property=\"og:image:height\" content=\"813\" \/>\n\t<meta property=\"og:image:type\" content=\"image\/jpeg\" \/>\n<meta name=\"author\" content=\"Ag\u00eancia iNFRA\" \/>\n<meta name=\"twitter:card\" content=\"summary_large_image\" \/>\n<meta name=\"twitter:creator\" content=\"@agencia_infra\" \/>\n<meta name=\"twitter:site\" content=\"@agencia_infra\" \/>\n<meta name=\"twitter:label1\" content=\"Escrito por\" \/>\n\t<meta name=\"twitter:data1\" content=\"Ag\u00eancia iNFRA\" \/>\n\t<meta name=\"twitter:label2\" content=\"Est. tempo de leitura\" \/>\n\t<meta name=\"twitter:data2\" content=\"4 minutos\" \/>\n<script type=\"application\/ld+json\" class=\"yoast-schema-graph\">{\"@context\":\"https:\/\/schema.org\",\"@graph\":[{\"@type\":\"Article\",\"@id\":\"https:\/\/agenciainfra.com\/blog\/anm-ve-momento-de-reestruturacao-com-novo-decreto-e-acordo-de-mariana-diz-diretor-geral\/#article\",\"isPartOf\":{\"@id\":\"https:\/\/agenciainfra.com\/blog\/anm-ve-momento-de-reestruturacao-com-novo-decreto-e-acordo-de-mariana-diz-diretor-geral\/\"},\"author\":{\"name\":\"Ag\u00eancia iNFRA\",\"@id\":\"https:\/\/agenciainfra.com\/blog\/#\/schema\/person\/34af08dff6adea4cb22b06612ba7acfa\"},\"headline\":\"ANM v\u00ea momento de reestrutura\u00e7\u00e3o com novo decreto e acordo de Mariana, diz diretor-geral\",\"datePublished\":\"2025-06-17T14:00:00+00:00\",\"dateModified\":\"2025-06-17T19:51:13+00:00\",\"mainEntityOfPage\":{\"@id\":\"https:\/\/agenciainfra.com\/blog\/anm-ve-momento-de-reestruturacao-com-novo-decreto-e-acordo-de-mariana-diz-diretor-geral\/\"},\"wordCount\":809,\"publisher\":{\"@id\":\"https:\/\/agenciainfra.com\/blog\/#organization\"},\"image\":{\"@id\":\"https:\/\/agenciainfra.com\/blog\/anm-ve-momento-de-reestruturacao-com-novo-decreto-e-acordo-de-mariana-diz-diretor-geral\/#primaryimage\"},\"thumbnailUrl\":\"https:\/\/agenciainfra.com\/blog\/wp-content\/uploads\/2025\/06\/mauro-sousa-foto-anm-scaled-e1750160900855.jpg\",\"keywords\":[\"Acordo de Mariana\",\"ANM\",\"decreto 12.505\/2025\",\"fiscaliza\u00e7\u00e3o\",\"fiscaliza\u00e7\u00e3o da anm\",\"mauro sousa\",\"minera\u00e7\u00e3o\",\"produ\u00e7\u00e3o mineral\",\"Rafael Bitencourt\",\"royalties de minera\u00e7\u00e3o\"],\"articleSection\":[\"Destaque lista\",\"Geral\",\"Minera\u00e7\u00e3o\"],\"inLanguage\":\"pt-BR\",\"copyrightYear\":\"2025\",\"copyrightHolder\":{\"@id\":\"https:\/\/agenciainfra.com\/blog\/#organization\"}},{\"@type\":\"WebPage\",\"@id\":\"https:\/\/agenciainfra.com\/blog\/anm-ve-momento-de-reestruturacao-com-novo-decreto-e-acordo-de-mariana-diz-diretor-geral\/\",\"url\":\"https:\/\/agenciainfra.com\/blog\/anm-ve-momento-de-reestruturacao-com-novo-decreto-e-acordo-de-mariana-diz-diretor-geral\/\",\"name\":\"ANM v\u00ea momento de reestrutura\u00e7\u00e3o com novo decreto e acordo de Mariana, diz diretor-geral - Ag\u00eancia iNFRA\",\"isPartOf\":{\"@id\":\"https:\/\/agenciainfra.com\/blog\/#website\"},\"primaryImageOfPage\":{\"@id\":\"https:\/\/agenciainfra.com\/blog\/anm-ve-momento-de-reestruturacao-com-novo-decreto-e-acordo-de-mariana-diz-diretor-geral\/#primaryimage\"},\"image\":{\"@id\":\"https:\/\/agenciainfra.com\/blog\/anm-ve-momento-de-reestruturacao-com-novo-decreto-e-acordo-de-mariana-diz-diretor-geral\/#primaryimage\"},\"thumbnailUrl\":\"https:\/\/agenciainfra.com\/blog\/wp-content\/uploads\/2025\/06\/mauro-sousa-foto-anm-scaled-e1750160900855.jpg\",\"datePublished\":\"2025-06-17T14:00:00+00:00\",\"dateModified\":\"2025-06-17T19:51:13+00:00\",\"breadcrumb\":{\"@id\":\"https:\/\/agenciainfra.com\/blog\/anm-ve-momento-de-reestruturacao-com-novo-decreto-e-acordo-de-mariana-diz-diretor-geral\/#breadcrumb\"},\"inLanguage\":\"pt-BR\",\"potentialAction\":[{\"@type\":\"ReadAction\",\"target\":[\"https:\/\/agenciainfra.com\/blog\/anm-ve-momento-de-reestruturacao-com-novo-decreto-e-acordo-de-mariana-diz-diretor-geral\/\"]}]},{\"@type\":\"ImageObject\",\"inLanguage\":\"pt-BR\",\"@id\":\"https:\/\/agenciainfra.com\/blog\/anm-ve-momento-de-reestruturacao-com-novo-decreto-e-acordo-de-mariana-diz-diretor-geral\/#primaryimage\",\"url\":\"https:\/\/agenciainfra.com\/blog\/wp-content\/uploads\/2025\/06\/mauro-sousa-foto-anm-scaled-e1750160900855.jpg\",\"contentUrl\":\"https:\/\/agenciainfra.com\/blog\/wp-content\/uploads\/2025\/06\/mauro-sousa-foto-anm-scaled-e1750160900855.jpg\",\"width\":1280,\"height\":813,\"caption\":\"Foto: ANM\/Divulga\u00e7\u00e3o\"},{\"@type\":\"BreadcrumbList\",\"@id\":\"https:\/\/agenciainfra.com\/blog\/anm-ve-momento-de-reestruturacao-com-novo-decreto-e-acordo-de-mariana-diz-diretor-geral\/#breadcrumb\",\"itemListElement\":[{\"@type\":\"ListItem\",\"position\":1,\"name\":\"In\u00edcio\",\"item\":\"https:\/\/agenciainfra.com\/blog\/\"},{\"@type\":\"ListItem\",\"position\":2,\"name\":\"ANM v\u00ea momento de reestrutura\u00e7\u00e3o com novo decreto e acordo de Mariana, diz diretor-geral\"}]},{\"@type\":\"WebSite\",\"@id\":\"https:\/\/agenciainfra.com\/blog\/#website\",\"url\":\"https:\/\/agenciainfra.com\/blog\/\",\"name\":\"Ag\u00eancia iNFRA\",\"description\":\"Multiplataforma de informa\u00e7\u00e3o jornal\u00edstica refer\u00eancia na \u00e1rea de infraestrutura no Brasil!\",\"publisher\":{\"@id\":\"https:\/\/agenciainfra.com\/blog\/#organization\"},\"potentialAction\":[{\"@type\":\"SearchAction\",\"target\":{\"@type\":\"EntryPoint\",\"urlTemplate\":\"https:\/\/agenciainfra.com\/blog\/?s={search_term_string}\"},\"query-input\":{\"@type\":\"PropertyValueSpecification\",\"valueRequired\":true,\"valueName\":\"search_term_string\"}}],\"inLanguage\":\"pt-BR\"},{\"@type\":\"Organization\",\"@id\":\"https:\/\/agenciainfra.com\/blog\/#organization\",\"name\":\"Ag\u00eancia iNFRA\",\"url\":\"https:\/\/agenciainfra.com\/blog\/\",\"logo\":{\"@type\":\"ImageObject\",\"inLanguage\":\"pt-BR\",\"@id\":\"https:\/\/agenciainfra.com\/blog\/#\/schema\/logo\/image\/\",\"url\":\"https:\/\/agenciainfra.com\/blog\/wp-content\/uploads\/2023\/09\/iNFRA_5-e1761735885940.png\",\"contentUrl\":\"https:\/\/agenciainfra.com\/blog\/wp-content\/uploads\/2023\/09\/iNFRA_5-e1761735885940.png\",\"width\":1672,\"height\":454,\"caption\":\"Ag\u00eancia iNFRA\"},\"image\":{\"@id\":\"https:\/\/agenciainfra.com\/blog\/#\/schema\/logo\/image\/\"},\"sameAs\":[\"https:\/\/www.facebook.com\/ageninfra\",\"https:\/\/x.com\/agencia_infra\",\"https:\/\/www.linkedin.com\/company\/ag\u00eanciainfra\/\",\"https:\/\/www.instagram.com\/agenciainfra\/\"]},{\"@type\":\"Person\",\"@id\":\"https:\/\/agenciainfra.com\/blog\/#\/schema\/person\/34af08dff6adea4cb22b06612ba7acfa\",\"name\":\"Ag\u00eancia iNFRA\",\"image\":{\"@type\":\"ImageObject\",\"inLanguage\":\"pt-BR\",\"@id\":\"https:\/\/agenciainfra.com\/blog\/#\/schema\/person\/image\/\",\"url\":\"https:\/\/secure.gravatar.com\/avatar\/d189e01678f06d8eb84d4e01f08eb848b3fffe3f8443818d3c356c66892f5be8?s=96&d=mm&r=g\",\"contentUrl\":\"https:\/\/secure.gravatar.com\/avatar\/d189e01678f06d8eb84d4e01f08eb848b3fffe3f8443818d3c356c66892f5be8?s=96&d=mm&r=g\",\"caption\":\"Ag\u00eancia iNFRA\"},\"url\":\"https:\/\/agenciainfra.com\/blog\/author\/admin\/\"}]}<\/script>\n<!-- \/ Yoast SEO Premium plugin. -->","yoast_head_json":{"title":"ANM v\u00ea momento de reestrutura\u00e7\u00e3o com novo decreto e acordo de Mariana, diz diretor-geral - Ag\u00eancia iNFRA","robots":{"index":"index","follow":"follow","max-snippet":"max-snippet:-1","max-image-preview":"max-image-preview:large","max-video-preview":"max-video-preview:-1"},"canonical":"https:\/\/agenciainfra.com\/blog\/anm-ve-momento-de-reestruturacao-com-novo-decreto-e-acordo-de-mariana-diz-diretor-geral\/","og_locale":"pt_BR","og_type":"article","og_title":"ANM v\u00ea momento de reestrutura\u00e7\u00e3o com novo decreto e acordo de Mariana, diz diretor-geral","og_description":"Rafael Bitencourt, da Ag\u00eancia iNFRA O diretor-geral da ANM (Ag\u00eancia Nacional de Minera\u00e7\u00e3o), Mauro Henrique Sousa, avalia que o \u00f3rg\u00e3o j\u00e1 re\u00fane as condi\u00e7\u00f5es para implantar uma reestrutura\u00e7\u00e3o, com a incorpora\u00e7\u00e3o de \u00e1reas de atua\u00e7\u00e3o, e oferecer o ganho de efici\u00eancia prometido desde a sua cria\u00e7\u00e3o, em 2017. O fortalecimento da fiscaliza\u00e7\u00e3o de barragens e [&hellip;]","og_url":"https:\/\/agenciainfra.com\/blog\/anm-ve-momento-de-reestruturacao-com-novo-decreto-e-acordo-de-mariana-diz-diretor-geral\/","og_site_name":"Ag\u00eancia iNFRA","article_publisher":"https:\/\/www.facebook.com\/ageninfra","article_published_time":"2025-06-17T14:00:00+00:00","article_modified_time":"2025-06-17T19:51:13+00:00","og_image":[{"width":1280,"height":813,"url":"https:\/\/agenciainfra.com\/blog\/wp-content\/uploads\/2025\/06\/mauro-sousa-foto-anm-scaled-e1750160900855.jpg","type":"image\/jpeg"}],"author":"Ag\u00eancia iNFRA","twitter_card":"summary_large_image","twitter_creator":"@agencia_infra","twitter_site":"@agencia_infra","twitter_misc":{"Escrito por":"Ag\u00eancia iNFRA","Est. tempo de leitura":"4 minutos"},"schema":{"@context":"https:\/\/schema.org","@graph":[{"@type":"Article","@id":"https:\/\/agenciainfra.com\/blog\/anm-ve-momento-de-reestruturacao-com-novo-decreto-e-acordo-de-mariana-diz-diretor-geral\/#article","isPartOf":{"@id":"https:\/\/agenciainfra.com\/blog\/anm-ve-momento-de-reestruturacao-com-novo-decreto-e-acordo-de-mariana-diz-diretor-geral\/"},"author":{"name":"Ag\u00eancia iNFRA","@id":"https:\/\/agenciainfra.com\/blog\/#\/schema\/person\/34af08dff6adea4cb22b06612ba7acfa"},"headline":"ANM v\u00ea momento de reestrutura\u00e7\u00e3o com novo decreto e acordo de Mariana, diz diretor-geral","datePublished":"2025-06-17T14:00:00+00:00","dateModified":"2025-06-17T19:51:13+00:00","mainEntityOfPage":{"@id":"https:\/\/agenciainfra.com\/blog\/anm-ve-momento-de-reestruturacao-com-novo-decreto-e-acordo-de-mariana-diz-diretor-geral\/"},"wordCount":809,"publisher":{"@id":"https:\/\/agenciainfra.com\/blog\/#organization"},"image":{"@id":"https:\/\/agenciainfra.com\/blog\/anm-ve-momento-de-reestruturacao-com-novo-decreto-e-acordo-de-mariana-diz-diretor-geral\/#primaryimage"},"thumbnailUrl":"https:\/\/agenciainfra.com\/blog\/wp-content\/uploads\/2025\/06\/mauro-sousa-foto-anm-scaled-e1750160900855.jpg","keywords":["Acordo de Mariana","ANM","decreto 12.505\/2025","fiscaliza\u00e7\u00e3o","fiscaliza\u00e7\u00e3o da anm","mauro sousa","minera\u00e7\u00e3o","produ\u00e7\u00e3o mineral","Rafael Bitencourt","royalties de minera\u00e7\u00e3o"],"articleSection":["Destaque lista","Geral","Minera\u00e7\u00e3o"],"inLanguage":"pt-BR","copyrightYear":"2025","copyrightHolder":{"@id":"https:\/\/agenciainfra.com\/blog\/#organization"}},{"@type":"WebPage","@id":"https:\/\/agenciainfra.com\/blog\/anm-ve-momento-de-reestruturacao-com-novo-decreto-e-acordo-de-mariana-diz-diretor-geral\/","url":"https:\/\/agenciainfra.com\/blog\/anm-ve-momento-de-reestruturacao-com-novo-decreto-e-acordo-de-mariana-diz-diretor-geral\/","name":"ANM v\u00ea momento de reestrutura\u00e7\u00e3o com novo decreto e acordo de Mariana, diz diretor-geral - Ag\u00eancia iNFRA","isPartOf":{"@id":"https:\/\/agenciainfra.com\/blog\/#website"},"primaryImageOfPage":{"@id":"https:\/\/agenciainfra.com\/blog\/anm-ve-momento-de-reestruturacao-com-novo-decreto-e-acordo-de-mariana-diz-diretor-geral\/#primaryimage"},"image":{"@id":"https:\/\/agenciainfra.com\/blog\/anm-ve-momento-de-reestruturacao-com-novo-decreto-e-acordo-de-mariana-diz-diretor-geral\/#primaryimage"},"thumbnailUrl":"https:\/\/agenciainfra.com\/blog\/wp-content\/uploads\/2025\/06\/mauro-sousa-foto-anm-scaled-e1750160900855.jpg","datePublished":"2025-06-17T14:00:00+00:00","dateModified":"2025-06-17T19:51:13+00:00","breadcrumb":{"@id":"https:\/\/agenciainfra.com\/blog\/anm-ve-momento-de-reestruturacao-com-novo-decreto-e-acordo-de-mariana-diz-diretor-geral\/#breadcrumb"},"inLanguage":"pt-BR","potentialAction":[{"@type":"ReadAction","target":["https:\/\/agenciainfra.com\/blog\/anm-ve-momento-de-reestruturacao-com-novo-decreto-e-acordo-de-mariana-diz-diretor-geral\/"]}]},{"@type":"ImageObject","inLanguage":"pt-BR","@id":"https:\/\/agenciainfra.com\/blog\/anm-ve-momento-de-reestruturacao-com-novo-decreto-e-acordo-de-mariana-diz-diretor-geral\/#primaryimage","url":"https:\/\/agenciainfra.com\/blog\/wp-content\/uploads\/2025\/06\/mauro-sousa-foto-anm-scaled-e1750160900855.jpg","contentUrl":"https:\/\/agenciainfra.com\/blog\/wp-content\/uploads\/2025\/06\/mauro-sousa-foto-anm-scaled-e1750160900855.jpg","width":1280,"height":813,"caption":"Foto: ANM\/Divulga\u00e7\u00e3o"},{"@type":"BreadcrumbList","@id":"https:\/\/agenciainfra.com\/blog\/anm-ve-momento-de-reestruturacao-com-novo-decreto-e-acordo-de-mariana-diz-diretor-geral\/#breadcrumb","itemListElement":[{"@type":"ListItem","position":1,"name":"In\u00edcio","item":"https:\/\/agenciainfra.com\/blog\/"},{"@type":"ListItem","position":2,"name":"ANM v\u00ea momento de reestrutura\u00e7\u00e3o com novo decreto e acordo de Mariana, diz diretor-geral"}]},{"@type":"WebSite","@id":"https:\/\/agenciainfra.com\/blog\/#website","url":"https:\/\/agenciainfra.com\/blog\/","name":"Ag\u00eancia iNFRA","description":"Multiplataforma de informa\u00e7\u00e3o jornal\u00edstica refer\u00eancia na \u00e1rea de infraestrutura no Brasil!","publisher":{"@id":"https:\/\/agenciainfra.com\/blog\/#organization"},"potentialAction":[{"@type":"SearchAction","target":{"@type":"EntryPoint","urlTemplate":"https:\/\/agenciainfra.com\/blog\/?s={search_term_string}"},"query-input":{"@type":"PropertyValueSpecification","valueRequired":true,"valueName":"search_term_string"}}],"inLanguage":"pt-BR"},{"@type":"Organization","@id":"https:\/\/agenciainfra.com\/blog\/#organization","name":"Ag\u00eancia iNFRA","url":"https:\/\/agenciainfra.com\/blog\/","logo":{"@type":"ImageObject","inLanguage":"pt-BR","@id":"https:\/\/agenciainfra.com\/blog\/#\/schema\/logo\/image\/","url":"https:\/\/agenciainfra.com\/blog\/wp-content\/uploads\/2023\/09\/iNFRA_5-e1761735885940.png","contentUrl":"https:\/\/agenciainfra.com\/blog\/wp-content\/uploads\/2023\/09\/iNFRA_5-e1761735885940.png","width":1672,"height":454,"caption":"Ag\u00eancia iNFRA"},"image":{"@id":"https:\/\/agenciainfra.com\/blog\/#\/schema\/logo\/image\/"},"sameAs":["https:\/\/www.facebook.com\/ageninfra","https:\/\/x.com\/agencia_infra","https:\/\/www.linkedin.com\/company\/ag\u00eanciainfra\/","https:\/\/www.instagram.com\/agenciainfra\/"]},{"@type":"Person","@id":"https:\/\/agenciainfra.com\/blog\/#\/schema\/person\/34af08dff6adea4cb22b06612ba7acfa","name":"Ag\u00eancia iNFRA","image":{"@type":"ImageObject","inLanguage":"pt-BR","@id":"https:\/\/agenciainfra.com\/blog\/#\/schema\/person\/image\/","url":"https:\/\/secure.gravatar.com\/avatar\/d189e01678f06d8eb84d4e01f08eb848b3fffe3f8443818d3c356c66892f5be8?s=96&d=mm&r=g","contentUrl":"https:\/\/secure.gravatar.com\/avatar\/d189e01678f06d8eb84d4e01f08eb848b3fffe3f8443818d3c356c66892f5be8?s=96&d=mm&r=g","caption":"Ag\u00eancia iNFRA"},"url":"https:\/\/agenciainfra.com\/blog\/author\/admin\/"}]}},"_links":{"self":[{"href":"https:\/\/agenciainfra.com\/blog\/wp-json\/wp\/v2\/posts\/23036","targetHints":{"allow":["GET"]}}],"collection":[{"href":"https:\/\/agenciainfra.com\/blog\/wp-json\/wp\/v2\/posts"}],"about":[{"href":"https:\/\/agenciainfra.com\/blog\/wp-json\/wp\/v2\/types\/post"}],"author":[{"embeddable":true,"href":"https:\/\/agenciainfra.com\/blog\/wp-json\/wp\/v2\/users\/1"}],"replies":[{"embeddable":true,"href":"https:\/\/agenciainfra.com\/blog\/wp-json\/wp\/v2\/comments?post=23036"}],"version-history":[{"count":2,"href":"https:\/\/agenciainfra.com\/blog\/wp-json\/wp\/v2\/posts\/23036\/revisions"}],"predecessor-version":[{"id":23039,"href":"https:\/\/agenciainfra.com\/blog\/wp-json\/wp\/v2\/posts\/23036\/revisions\/23039"}],"wp:featuredmedia":[{"embeddable":true,"href":"https:\/\/agenciainfra.com\/blog\/wp-json\/wp\/v2\/media\/23037"}],"wp:attachment":[{"href":"https:\/\/agenciainfra.com\/blog\/wp-json\/wp\/v2\/media?parent=23036"}],"wp:term":[{"taxonomy":"category","embeddable":true,"href":"https:\/\/agenciainfra.com\/blog\/wp-json\/wp\/v2\/categories?post=23036"},{"taxonomy":"post_tag","embeddable":true,"href":"https:\/\/agenciainfra.com\/blog\/wp-json\/wp\/v2\/tags?post=23036"}],"curies":[{"name":"wp","href":"https:\/\/api.w.org\/{rel}","templated":true}]}}