{"id":23064,"date":"2025-06-17T12:00:00","date_gmt":"2025-06-17T15:00:00","guid":{"rendered":"https:\/\/agenciainfra.com\/blog\/?p=23064"},"modified":"2025-06-17T18:05:24","modified_gmt":"2025-06-17T21:05:24","slug":"light-aneel-da-diferimento-de-r-14-bi-aprova-reajuste-tarifario-de-167-para-2025-mas-nega-pedidos-extemporaneos-da-empresa","status":"publish","type":"post","link":"https:\/\/agenciainfra.com\/blog\/light-aneel-da-diferimento-de-r-14-bi-aprova-reajuste-tarifario-de-167-para-2025-mas-nega-pedidos-extemporaneos-da-empresa\/","title":{"rendered":"Light: ANEEL d\u00e1 diferimento de R$ 1,4 bi, aprova reajuste de -1,67% para 2025 e nega pedidos &#8216;extempor\u00e2neos&#8217;"},"content":{"rendered":"\n<p class=\"has-text-align-right\"><strong>Lais Carregosa, da Ag\u00eancia iNFRA<\/strong><\/p>\n\n\n\n<p>A ANEEL (Ag\u00eancia Nacional de Energia El\u00e9trica) aprovou nesta ter\u00e7a-feira (17) o reajuste tarif\u00e1rio da Light com efeito m\u00e9dio de redu\u00e7\u00e3o de 1,67%, que passa a vigorar desde 15 de mar\u00e7o de 2025.<\/p>\n\n\n\n<p>O diretor-geral da ag\u00eancia, Sandoval Feitosa, que havia pedido vista do processo, seguiu o entendimento do ex-diretor Ricardo Tili e permitiu um diferimento de R$ 1,4 bilh\u00e3o, suavizando o reajuste da empresa em 2026. Ele foi acompanhado pela diretora Agnes Costa. A diretora Ludimila Lima manteve seu voto-vista divergente.<\/p>\n\n\n\n<p>A ag\u00eancia, por\u00e9m, rejeitou outros pleitos da empresa, dentre eles a inclus\u00e3o da decis\u00e3o da Receita Federal sobre cr\u00e9ditos tribut\u00e1rios, o aumento das cotas da CDE (Conta de Desenvolvimento Energ\u00e9tico) e nova metodologia de perdas n\u00e3o t\u00e9cnicas na an\u00e1lise do reajuste tarif\u00e1rio de 2025.<\/p>\n\n\n\n<p>O pedido de vista de Sandoval foi feito ap\u00f3s a empresa apresentar a decis\u00e3o da Receita Federal que limitou a compensa\u00e7\u00e3o de cr\u00e9ditos de PIS e Cofins \u00e0 ANEEL em reuni\u00e3o de diretoria realizada em abril, quando a reguladora apreciava o segundo pedido de vista do processo.<\/p>\n\n\n\n<p>Segundo o diretor-geral, a forma como os novos fatos foram apresentados pela Light foi \u201cbastante incomum e, gostaria de registrar, muito indesej\u00e1vel\u201d. Sandoval tamb\u00e9m destacou que o processo tarif\u00e1rio deve analisar apenas os fatos ocorridos at\u00e9 a sua data-base e, portanto, negou pleitos da Light, que seriam \u201cextempor\u00e2neos\u201d.&nbsp;<\/p>\n","protected":false},"excerpt":{"rendered":"<p>Lais Carregosa, da Ag\u00eancia iNFRA A ANEEL (Ag\u00eancia Nacional de Energia El\u00e9trica) aprovou nesta ter\u00e7a-feira (17) o reajuste tarif\u00e1rio da Light com efeito m\u00e9dio de redu\u00e7\u00e3o de 1,67%, que passa a vigorar desde 15 de mar\u00e7o de 2025. O diretor-geral da ag\u00eancia, Sandoval Feitosa, que havia pedido vista do processo, seguiu o entendimento do ex-diretor [&hellip;]<\/p>\n","protected":false},"author":1,"featured_media":2508,"comment_status":"closed","ping_status":"closed","sticky":false,"template":"","format":"standard","meta":{"_monsterinsights_skip_tracking":false,"_monsterinsights_sitenote_active":false,"_monsterinsights_sitenote_note":"","_monsterinsights_sitenote_category":0,"footnotes":""},"categories":[1,10],"tags":[53,13782,13834,282,13132,1867,12289,3900,13783,8864,11764,5682,12749,1386],"class_list":["post-23064","post","type-post","status-publish","format-standard","has-post-thumbnail","hentry","category-geral","category-infraenergia","tag-aneel","tag-devolucao-de-creditos","tag-diferimento","tag-energia-eletrica","tag-lais-carregosa","tag-light","tag-ludimila-lima","tag-pis-cofins","tag-reajuste-da-light","tag-reajuste-tarifario","tag-reuniao-da-aneel","tag-ricardo-tili","tag-tarifas-da-light","tag-tarifas-de-energia"],"yoast_head":"<!-- This site is optimized with the Yoast SEO Premium plugin v25.4 (Yoast SEO v26.0) - https:\/\/yoast.com\/wordpress\/plugins\/seo\/ -->\n<title>Light: ANEEL d\u00e1 diferimento de R$ 1,4 bi, aprova reajuste de -1,67% para 2025 e nega pedidos &#039;extempor\u00e2neos&#039; - Ag\u00eancia iNFRA<\/title>\n<meta name=\"robots\" content=\"index, follow, max-snippet:-1, max-image-preview:large, max-video-preview:-1\" \/>\n<link rel=\"canonical\" href=\"https:\/\/agenciainfra.com\/blog\/light-aneel-da-diferimento-de-r-14-bi-aprova-reajuste-tarifario-de-167-para-2025-mas-nega-pedidos-extemporaneos-da-empresa\/\" \/>\n<meta property=\"og:locale\" content=\"pt_BR\" \/>\n<meta property=\"og:type\" content=\"article\" \/>\n<meta property=\"og:title\" content=\"Light: ANEEL d\u00e1 diferimento de R$ 1,4 bi, aprova reajuste de -1,67% para 2025 e nega pedidos &#039;extempor\u00e2neos&#039;\" \/>\n<meta property=\"og:description\" content=\"Lais Carregosa, da Ag\u00eancia iNFRA A ANEEL (Ag\u00eancia Nacional de Energia El\u00e9trica) aprovou nesta ter\u00e7a-feira (17) o reajuste tarif\u00e1rio da Light com efeito m\u00e9dio de redu\u00e7\u00e3o de 1,67%, que passa a vigorar desde 15 de mar\u00e7o de 2025. O diretor-geral da ag\u00eancia, Sandoval Feitosa, que havia pedido vista do processo, seguiu o entendimento do ex-diretor [&hellip;]\" \/>\n<meta property=\"og:url\" content=\"https:\/\/agenciainfra.com\/blog\/light-aneel-da-diferimento-de-r-14-bi-aprova-reajuste-tarifario-de-167-para-2025-mas-nega-pedidos-extemporaneos-da-empresa\/\" \/>\n<meta property=\"og:site_name\" content=\"Ag\u00eancia iNFRA\" \/>\n<meta property=\"article:publisher\" content=\"https:\/\/www.facebook.com\/ageninfra\" \/>\n<meta property=\"article:published_time\" content=\"2025-06-17T15:00:00+00:00\" \/>\n<meta property=\"article:modified_time\" content=\"2025-06-17T21:05:24+00:00\" \/>\n<meta property=\"og:image\" content=\"https:\/\/agenciainfra.com\/blog\/wp-content\/uploads\/2018\/10\/Faixada-ANEEL-Essencial_divulgacao-e1750175900658.jpg\" \/>\n\t<meta property=\"og:image:width\" content=\"1200\" \/>\n\t<meta property=\"og:image:height\" content=\"740\" \/>\n\t<meta property=\"og:image:type\" content=\"image\/jpeg\" \/>\n<meta name=\"author\" content=\"Ag\u00eancia iNFRA\" \/>\n<meta name=\"twitter:card\" content=\"summary_large_image\" \/>\n<meta name=\"twitter:creator\" content=\"@agencia_infra\" \/>\n<meta name=\"twitter:site\" content=\"@agencia_infra\" \/>\n<meta name=\"twitter:label1\" content=\"Escrito por\" \/>\n\t<meta name=\"twitter:data1\" content=\"Ag\u00eancia iNFRA\" \/>\n\t<meta name=\"twitter:label2\" content=\"Est. tempo de leitura\" \/>\n\t<meta name=\"twitter:data2\" content=\"1 minuto\" \/>\n<script type=\"application\/ld+json\" class=\"yoast-schema-graph\">{\"@context\":\"https:\/\/schema.org\",\"@graph\":[{\"@type\":\"Article\",\"@id\":\"https:\/\/agenciainfra.com\/blog\/light-aneel-da-diferimento-de-r-14-bi-aprova-reajuste-tarifario-de-167-para-2025-mas-nega-pedidos-extemporaneos-da-empresa\/#article\",\"isPartOf\":{\"@id\":\"https:\/\/agenciainfra.com\/blog\/light-aneel-da-diferimento-de-r-14-bi-aprova-reajuste-tarifario-de-167-para-2025-mas-nega-pedidos-extemporaneos-da-empresa\/\"},\"author\":{\"name\":\"Ag\u00eancia iNFRA\",\"@id\":\"https:\/\/agenciainfra.com\/blog\/#\/schema\/person\/34af08dff6adea4cb22b06612ba7acfa\"},\"headline\":\"Light: ANEEL d\u00e1 diferimento de R$ 1,4 bi, aprova reajuste de -1,67% para 2025 e nega pedidos &#8216;extempor\u00e2neos&#8217;\",\"datePublished\":\"2025-06-17T15:00:00+00:00\",\"dateModified\":\"2025-06-17T21:05:24+00:00\",\"mainEntityOfPage\":{\"@id\":\"https:\/\/agenciainfra.com\/blog\/light-aneel-da-diferimento-de-r-14-bi-aprova-reajuste-tarifario-de-167-para-2025-mas-nega-pedidos-extemporaneos-da-empresa\/\"},\"wordCount\":266,\"publisher\":{\"@id\":\"https:\/\/agenciainfra.com\/blog\/#organization\"},\"image\":{\"@id\":\"https:\/\/agenciainfra.com\/blog\/light-aneel-da-diferimento-de-r-14-bi-aprova-reajuste-tarifario-de-167-para-2025-mas-nega-pedidos-extemporaneos-da-empresa\/#primaryimage\"},\"thumbnailUrl\":\"https:\/\/agenciainfra.com\/blog\/wp-content\/uploads\/2018\/10\/Faixada-ANEEL-Essencial_divulgacao-e1750175900658.jpg\",\"keywords\":[\"ANEEL\",\"devolu\u00e7\u00e3o de cr\u00e9ditos\",\"diferimento\",\"energia el\u00e9trica\",\"Lais Carregosa\",\"Light\",\"ludimila lima\",\"PIS\/Cofins\",\"reajuste da light\",\"Reajuste tarif\u00e1rio\",\"reuni\u00e3o da aneel\",\"Ricardo Tili\",\"tarifas da light\",\"tarifas de energia\"],\"articleSection\":[\"Geral\",\"iNFRAEnergia\"],\"inLanguage\":\"pt-BR\",\"copyrightYear\":\"2025\",\"copyrightHolder\":{\"@id\":\"https:\/\/agenciainfra.com\/blog\/#organization\"}},{\"@type\":\"WebPage\",\"@id\":\"https:\/\/agenciainfra.com\/blog\/light-aneel-da-diferimento-de-r-14-bi-aprova-reajuste-tarifario-de-167-para-2025-mas-nega-pedidos-extemporaneos-da-empresa\/\",\"url\":\"https:\/\/agenciainfra.com\/blog\/light-aneel-da-diferimento-de-r-14-bi-aprova-reajuste-tarifario-de-167-para-2025-mas-nega-pedidos-extemporaneos-da-empresa\/\",\"name\":\"Light: ANEEL d\u00e1 diferimento de R$ 1,4 bi, aprova reajuste de -1,67% para 2025 e nega pedidos 'extempor\u00e2neos' - Ag\u00eancia iNFRA\",\"isPartOf\":{\"@id\":\"https:\/\/agenciainfra.com\/blog\/#website\"},\"primaryImageOfPage\":{\"@id\":\"https:\/\/agenciainfra.com\/blog\/light-aneel-da-diferimento-de-r-14-bi-aprova-reajuste-tarifario-de-167-para-2025-mas-nega-pedidos-extemporaneos-da-empresa\/#primaryimage\"},\"image\":{\"@id\":\"https:\/\/agenciainfra.com\/blog\/light-aneel-da-diferimento-de-r-14-bi-aprova-reajuste-tarifario-de-167-para-2025-mas-nega-pedidos-extemporaneos-da-empresa\/#primaryimage\"},\"thumbnailUrl\":\"https:\/\/agenciainfra.com\/blog\/wp-content\/uploads\/2018\/10\/Faixada-ANEEL-Essencial_divulgacao-e1750175900658.jpg\",\"datePublished\":\"2025-06-17T15:00:00+00:00\",\"dateModified\":\"2025-06-17T21:05:24+00:00\",\"breadcrumb\":{\"@id\":\"https:\/\/agenciainfra.com\/blog\/light-aneel-da-diferimento-de-r-14-bi-aprova-reajuste-tarifario-de-167-para-2025-mas-nega-pedidos-extemporaneos-da-empresa\/#breadcrumb\"},\"inLanguage\":\"pt-BR\",\"potentialAction\":[{\"@type\":\"ReadAction\",\"target\":[\"https:\/\/agenciainfra.com\/blog\/light-aneel-da-diferimento-de-r-14-bi-aprova-reajuste-tarifario-de-167-para-2025-mas-nega-pedidos-extemporaneos-da-empresa\/\"]}]},{\"@type\":\"ImageObject\",\"inLanguage\":\"pt-BR\",\"@id\":\"https:\/\/agenciainfra.com\/blog\/light-aneel-da-diferimento-de-r-14-bi-aprova-reajuste-tarifario-de-167-para-2025-mas-nega-pedidos-extemporaneos-da-empresa\/#primaryimage\",\"url\":\"https:\/\/agenciainfra.com\/blog\/wp-content\/uploads\/2018\/10\/Faixada-ANEEL-Essencial_divulgacao-e1750175900658.jpg\",\"contentUrl\":\"https:\/\/agenciainfra.com\/blog\/wp-content\/uploads\/2018\/10\/Faixada-ANEEL-Essencial_divulgacao-e1750175900658.jpg\",\"width\":1200,\"height\":740,\"caption\":\"Foto: ANEEL\/Divulga\u00e7\u00e3o\"},{\"@type\":\"BreadcrumbList\",\"@id\":\"https:\/\/agenciainfra.com\/blog\/light-aneel-da-diferimento-de-r-14-bi-aprova-reajuste-tarifario-de-167-para-2025-mas-nega-pedidos-extemporaneos-da-empresa\/#breadcrumb\",\"itemListElement\":[{\"@type\":\"ListItem\",\"position\":1,\"name\":\"In\u00edcio\",\"item\":\"https:\/\/agenciainfra.com\/blog\/\"},{\"@type\":\"ListItem\",\"position\":2,\"name\":\"Light: ANEEL d\u00e1 diferimento de R$ 1,4 bi, aprova reajuste de -1,67% para 2025 e nega pedidos &#8216;extempor\u00e2neos&#8217;\"}]},{\"@type\":\"WebSite\",\"@id\":\"https:\/\/agenciainfra.com\/blog\/#website\",\"url\":\"https:\/\/agenciainfra.com\/blog\/\",\"name\":\"Ag\u00eancia iNFRA\",\"description\":\"Multiplataforma de informa\u00e7\u00e3o jornal\u00edstica refer\u00eancia na \u00e1rea de infraestrutura no Brasil!\",\"publisher\":{\"@id\":\"https:\/\/agenciainfra.com\/blog\/#organization\"},\"potentialAction\":[{\"@type\":\"SearchAction\",\"target\":{\"@type\":\"EntryPoint\",\"urlTemplate\":\"https:\/\/agenciainfra.com\/blog\/?s={search_term_string}\"},\"query-input\":{\"@type\":\"PropertyValueSpecification\",\"valueRequired\":true,\"valueName\":\"search_term_string\"}}],\"inLanguage\":\"pt-BR\"},{\"@type\":\"Organization\",\"@id\":\"https:\/\/agenciainfra.com\/blog\/#organization\",\"name\":\"Ag\u00eancia iNFRA\",\"url\":\"https:\/\/agenciainfra.com\/blog\/\",\"logo\":{\"@type\":\"ImageObject\",\"inLanguage\":\"pt-BR\",\"@id\":\"https:\/\/agenciainfra.com\/blog\/#\/schema\/logo\/image\/\",\"url\":\"https:\/\/agenciainfra.com\/blog\/wp-content\/uploads\/2023\/09\/iNFRA_5-e1761735885940.png\",\"contentUrl\":\"https:\/\/agenciainfra.com\/blog\/wp-content\/uploads\/2023\/09\/iNFRA_5-e1761735885940.png\",\"width\":1672,\"height\":454,\"caption\":\"Ag\u00eancia iNFRA\"},\"image\":{\"@id\":\"https:\/\/agenciainfra.com\/blog\/#\/schema\/logo\/image\/\"},\"sameAs\":[\"https:\/\/www.facebook.com\/ageninfra\",\"https:\/\/x.com\/agencia_infra\",\"https:\/\/www.linkedin.com\/company\/ag\u00eanciainfra\/\",\"https:\/\/www.instagram.com\/agenciainfra\/\"]},{\"@type\":\"Person\",\"@id\":\"https:\/\/agenciainfra.com\/blog\/#\/schema\/person\/34af08dff6adea4cb22b06612ba7acfa\",\"name\":\"Ag\u00eancia iNFRA\",\"image\":{\"@type\":\"ImageObject\",\"inLanguage\":\"pt-BR\",\"@id\":\"https:\/\/agenciainfra.com\/blog\/#\/schema\/person\/image\/\",\"url\":\"https:\/\/secure.gravatar.com\/avatar\/d189e01678f06d8eb84d4e01f08eb848b3fffe3f8443818d3c356c66892f5be8?s=96&d=mm&r=g\",\"contentUrl\":\"https:\/\/secure.gravatar.com\/avatar\/d189e01678f06d8eb84d4e01f08eb848b3fffe3f8443818d3c356c66892f5be8?s=96&d=mm&r=g\",\"caption\":\"Ag\u00eancia iNFRA\"},\"url\":\"https:\/\/agenciainfra.com\/blog\/author\/admin\/\"}]}<\/script>\n<!-- \/ Yoast SEO Premium plugin. -->","yoast_head_json":{"title":"Light: ANEEL d\u00e1 diferimento de R$ 1,4 bi, aprova reajuste de -1,67% para 2025 e nega pedidos 'extempor\u00e2neos' - Ag\u00eancia iNFRA","robots":{"index":"index","follow":"follow","max-snippet":"max-snippet:-1","max-image-preview":"max-image-preview:large","max-video-preview":"max-video-preview:-1"},"canonical":"https:\/\/agenciainfra.com\/blog\/light-aneel-da-diferimento-de-r-14-bi-aprova-reajuste-tarifario-de-167-para-2025-mas-nega-pedidos-extemporaneos-da-empresa\/","og_locale":"pt_BR","og_type":"article","og_title":"Light: ANEEL d\u00e1 diferimento de R$ 1,4 bi, aprova reajuste de -1,67% para 2025 e nega pedidos 'extempor\u00e2neos'","og_description":"Lais Carregosa, da Ag\u00eancia iNFRA A ANEEL (Ag\u00eancia Nacional de Energia El\u00e9trica) aprovou nesta ter\u00e7a-feira (17) o reajuste tarif\u00e1rio da Light com efeito m\u00e9dio de redu\u00e7\u00e3o de 1,67%, que passa a vigorar desde 15 de mar\u00e7o de 2025. O diretor-geral da ag\u00eancia, Sandoval Feitosa, que havia pedido vista do processo, seguiu o entendimento do ex-diretor [&hellip;]","og_url":"https:\/\/agenciainfra.com\/blog\/light-aneel-da-diferimento-de-r-14-bi-aprova-reajuste-tarifario-de-167-para-2025-mas-nega-pedidos-extemporaneos-da-empresa\/","og_site_name":"Ag\u00eancia iNFRA","article_publisher":"https:\/\/www.facebook.com\/ageninfra","article_published_time":"2025-06-17T15:00:00+00:00","article_modified_time":"2025-06-17T21:05:24+00:00","og_image":[{"width":1200,"height":740,"url":"https:\/\/agenciainfra.com\/blog\/wp-content\/uploads\/2018\/10\/Faixada-ANEEL-Essencial_divulgacao-e1750175900658.jpg","type":"image\/jpeg"}],"author":"Ag\u00eancia iNFRA","twitter_card":"summary_large_image","twitter_creator":"@agencia_infra","twitter_site":"@agencia_infra","twitter_misc":{"Escrito por":"Ag\u00eancia iNFRA","Est. tempo de leitura":"1 minuto"},"schema":{"@context":"https:\/\/schema.org","@graph":[{"@type":"Article","@id":"https:\/\/agenciainfra.com\/blog\/light-aneel-da-diferimento-de-r-14-bi-aprova-reajuste-tarifario-de-167-para-2025-mas-nega-pedidos-extemporaneos-da-empresa\/#article","isPartOf":{"@id":"https:\/\/agenciainfra.com\/blog\/light-aneel-da-diferimento-de-r-14-bi-aprova-reajuste-tarifario-de-167-para-2025-mas-nega-pedidos-extemporaneos-da-empresa\/"},"author":{"name":"Ag\u00eancia iNFRA","@id":"https:\/\/agenciainfra.com\/blog\/#\/schema\/person\/34af08dff6adea4cb22b06612ba7acfa"},"headline":"Light: ANEEL d\u00e1 diferimento de R$ 1,4 bi, aprova reajuste de -1,67% para 2025 e nega pedidos &#8216;extempor\u00e2neos&#8217;","datePublished":"2025-06-17T15:00:00+00:00","dateModified":"2025-06-17T21:05:24+00:00","mainEntityOfPage":{"@id":"https:\/\/agenciainfra.com\/blog\/light-aneel-da-diferimento-de-r-14-bi-aprova-reajuste-tarifario-de-167-para-2025-mas-nega-pedidos-extemporaneos-da-empresa\/"},"wordCount":266,"publisher":{"@id":"https:\/\/agenciainfra.com\/blog\/#organization"},"image":{"@id":"https:\/\/agenciainfra.com\/blog\/light-aneel-da-diferimento-de-r-14-bi-aprova-reajuste-tarifario-de-167-para-2025-mas-nega-pedidos-extemporaneos-da-empresa\/#primaryimage"},"thumbnailUrl":"https:\/\/agenciainfra.com\/blog\/wp-content\/uploads\/2018\/10\/Faixada-ANEEL-Essencial_divulgacao-e1750175900658.jpg","keywords":["ANEEL","devolu\u00e7\u00e3o de cr\u00e9ditos","diferimento","energia el\u00e9trica","Lais Carregosa","Light","ludimila lima","PIS\/Cofins","reajuste da light","Reajuste tarif\u00e1rio","reuni\u00e3o da aneel","Ricardo Tili","tarifas da light","tarifas de energia"],"articleSection":["Geral","iNFRAEnergia"],"inLanguage":"pt-BR","copyrightYear":"2025","copyrightHolder":{"@id":"https:\/\/agenciainfra.com\/blog\/#organization"}},{"@type":"WebPage","@id":"https:\/\/agenciainfra.com\/blog\/light-aneel-da-diferimento-de-r-14-bi-aprova-reajuste-tarifario-de-167-para-2025-mas-nega-pedidos-extemporaneos-da-empresa\/","url":"https:\/\/agenciainfra.com\/blog\/light-aneel-da-diferimento-de-r-14-bi-aprova-reajuste-tarifario-de-167-para-2025-mas-nega-pedidos-extemporaneos-da-empresa\/","name":"Light: ANEEL d\u00e1 diferimento de R$ 1,4 bi, aprova reajuste de -1,67% para 2025 e nega pedidos 'extempor\u00e2neos' - Ag\u00eancia iNFRA","isPartOf":{"@id":"https:\/\/agenciainfra.com\/blog\/#website"},"primaryImageOfPage":{"@id":"https:\/\/agenciainfra.com\/blog\/light-aneel-da-diferimento-de-r-14-bi-aprova-reajuste-tarifario-de-167-para-2025-mas-nega-pedidos-extemporaneos-da-empresa\/#primaryimage"},"image":{"@id":"https:\/\/agenciainfra.com\/blog\/light-aneel-da-diferimento-de-r-14-bi-aprova-reajuste-tarifario-de-167-para-2025-mas-nega-pedidos-extemporaneos-da-empresa\/#primaryimage"},"thumbnailUrl":"https:\/\/agenciainfra.com\/blog\/wp-content\/uploads\/2018\/10\/Faixada-ANEEL-Essencial_divulgacao-e1750175900658.jpg","datePublished":"2025-06-17T15:00:00+00:00","dateModified":"2025-06-17T21:05:24+00:00","breadcrumb":{"@id":"https:\/\/agenciainfra.com\/blog\/light-aneel-da-diferimento-de-r-14-bi-aprova-reajuste-tarifario-de-167-para-2025-mas-nega-pedidos-extemporaneos-da-empresa\/#breadcrumb"},"inLanguage":"pt-BR","potentialAction":[{"@type":"ReadAction","target":["https:\/\/agenciainfra.com\/blog\/light-aneel-da-diferimento-de-r-14-bi-aprova-reajuste-tarifario-de-167-para-2025-mas-nega-pedidos-extemporaneos-da-empresa\/"]}]},{"@type":"ImageObject","inLanguage":"pt-BR","@id":"https:\/\/agenciainfra.com\/blog\/light-aneel-da-diferimento-de-r-14-bi-aprova-reajuste-tarifario-de-167-para-2025-mas-nega-pedidos-extemporaneos-da-empresa\/#primaryimage","url":"https:\/\/agenciainfra.com\/blog\/wp-content\/uploads\/2018\/10\/Faixada-ANEEL-Essencial_divulgacao-e1750175900658.jpg","contentUrl":"https:\/\/agenciainfra.com\/blog\/wp-content\/uploads\/2018\/10\/Faixada-ANEEL-Essencial_divulgacao-e1750175900658.jpg","width":1200,"height":740,"caption":"Foto: ANEEL\/Divulga\u00e7\u00e3o"},{"@type":"BreadcrumbList","@id":"https:\/\/agenciainfra.com\/blog\/light-aneel-da-diferimento-de-r-14-bi-aprova-reajuste-tarifario-de-167-para-2025-mas-nega-pedidos-extemporaneos-da-empresa\/#breadcrumb","itemListElement":[{"@type":"ListItem","position":1,"name":"In\u00edcio","item":"https:\/\/agenciainfra.com\/blog\/"},{"@type":"ListItem","position":2,"name":"Light: ANEEL d\u00e1 diferimento de R$ 1,4 bi, aprova reajuste de -1,67% para 2025 e nega pedidos &#8216;extempor\u00e2neos&#8217;"}]},{"@type":"WebSite","@id":"https:\/\/agenciainfra.com\/blog\/#website","url":"https:\/\/agenciainfra.com\/blog\/","name":"Ag\u00eancia iNFRA","description":"Multiplataforma de informa\u00e7\u00e3o jornal\u00edstica refer\u00eancia na \u00e1rea de infraestrutura no Brasil!","publisher":{"@id":"https:\/\/agenciainfra.com\/blog\/#organization"},"potentialAction":[{"@type":"SearchAction","target":{"@type":"EntryPoint","urlTemplate":"https:\/\/agenciainfra.com\/blog\/?s={search_term_string}"},"query-input":{"@type":"PropertyValueSpecification","valueRequired":true,"valueName":"search_term_string"}}],"inLanguage":"pt-BR"},{"@type":"Organization","@id":"https:\/\/agenciainfra.com\/blog\/#organization","name":"Ag\u00eancia iNFRA","url":"https:\/\/agenciainfra.com\/blog\/","logo":{"@type":"ImageObject","inLanguage":"pt-BR","@id":"https:\/\/agenciainfra.com\/blog\/#\/schema\/logo\/image\/","url":"https:\/\/agenciainfra.com\/blog\/wp-content\/uploads\/2023\/09\/iNFRA_5-e1761735885940.png","contentUrl":"https:\/\/agenciainfra.com\/blog\/wp-content\/uploads\/2023\/09\/iNFRA_5-e1761735885940.png","width":1672,"height":454,"caption":"Ag\u00eancia iNFRA"},"image":{"@id":"https:\/\/agenciainfra.com\/blog\/#\/schema\/logo\/image\/"},"sameAs":["https:\/\/www.facebook.com\/ageninfra","https:\/\/x.com\/agencia_infra","https:\/\/www.linkedin.com\/company\/ag\u00eanciainfra\/","https:\/\/www.instagram.com\/agenciainfra\/"]},{"@type":"Person","@id":"https:\/\/agenciainfra.com\/blog\/#\/schema\/person\/34af08dff6adea4cb22b06612ba7acfa","name":"Ag\u00eancia iNFRA","image":{"@type":"ImageObject","inLanguage":"pt-BR","@id":"https:\/\/agenciainfra.com\/blog\/#\/schema\/person\/image\/","url":"https:\/\/secure.gravatar.com\/avatar\/d189e01678f06d8eb84d4e01f08eb848b3fffe3f8443818d3c356c66892f5be8?s=96&d=mm&r=g","contentUrl":"https:\/\/secure.gravatar.com\/avatar\/d189e01678f06d8eb84d4e01f08eb848b3fffe3f8443818d3c356c66892f5be8?s=96&d=mm&r=g","caption":"Ag\u00eancia iNFRA"},"url":"https:\/\/agenciainfra.com\/blog\/author\/admin\/"}]}},"_links":{"self":[{"href":"https:\/\/agenciainfra.com\/blog\/wp-json\/wp\/v2\/posts\/23064","targetHints":{"allow":["GET"]}}],"collection":[{"href":"https:\/\/agenciainfra.com\/blog\/wp-json\/wp\/v2\/posts"}],"about":[{"href":"https:\/\/agenciainfra.com\/blog\/wp-json\/wp\/v2\/types\/post"}],"author":[{"embeddable":true,"href":"https:\/\/agenciainfra.com\/blog\/wp-json\/wp\/v2\/users\/1"}],"replies":[{"embeddable":true,"href":"https:\/\/agenciainfra.com\/blog\/wp-json\/wp\/v2\/comments?post=23064"}],"version-history":[{"count":2,"href":"https:\/\/agenciainfra.com\/blog\/wp-json\/wp\/v2\/posts\/23064\/revisions"}],"predecessor-version":[{"id":23068,"href":"https:\/\/agenciainfra.com\/blog\/wp-json\/wp\/v2\/posts\/23064\/revisions\/23068"}],"wp:featuredmedia":[{"embeddable":true,"href":"https:\/\/agenciainfra.com\/blog\/wp-json\/wp\/v2\/media\/2508"}],"wp:attachment":[{"href":"https:\/\/agenciainfra.com\/blog\/wp-json\/wp\/v2\/media?parent=23064"}],"wp:term":[{"taxonomy":"category","embeddable":true,"href":"https:\/\/agenciainfra.com\/blog\/wp-json\/wp\/v2\/categories?post=23064"},{"taxonomy":"post_tag","embeddable":true,"href":"https:\/\/agenciainfra.com\/blog\/wp-json\/wp\/v2\/tags?post=23064"}],"curies":[{"name":"wp","href":"https:\/\/api.w.org\/{rel}","templated":true}]}}