{"id":23077,"date":"2025-06-17T13:00:00","date_gmt":"2025-06-17T16:00:00","guid":{"rendered":"https:\/\/agenciainfra.com\/blog\/?p=23077"},"modified":"2025-06-17T13:08:38","modified_gmt":"2025-06-17T16:08:38","slug":"aneel-aprova-reajustes-tarifarios-para-rge-energisa-minas-rio-e-copel-dis","status":"publish","type":"post","link":"https:\/\/agenciainfra.com\/blog\/aneel-aprova-reajustes-tarifarios-para-rge-energisa-minas-rio-e-copel-dis\/","title":{"rendered":"ANEEL aprova reajustes tarif\u00e1rios para RGE, Energisa Minas Rio e Copel-Dis"},"content":{"rendered":"\n<p class=\"has-text-align-right\"><strong>da Ag\u00eancia iNFRA<\/strong><\/p>\n\n\n\n<p>A diretoria colegiada da ANEEL (Ag\u00eancia Nacional de Energia El\u00e9trica) aprovou, nesta ter\u00e7a-feira (17), os reajustes tarif\u00e1rios anuais de tr\u00eas distribuidoras de energia: RGE Sul, Energisa Minas Rio e Copel-Dis. Os novos \u00edndices entram em vigor em datas distintas, entre os dias 19 e 24 de junho.<\/p>\n\n\n\n<p>A RGE Sul, que atende cerca de 3,18 milh\u00f5es de unidades consumidoras em 381 munic\u00edpios do Rio Grande do Sul, ter\u00e1 reajuste m\u00e9dio de 12,39%, com impacto de 14,11% para consumidores residenciais (B1). O novo valor come\u00e7a a valer na pr\u00f3xima quinta-feira (19).<\/p>\n\n\n\n<p>J\u00e1 a Energisa Minas Rio ter\u00e1 reajuste m\u00e9dio de 3,61%, com 3,79% para os consumidores residenciais. As tarifas entram em vigor a partir de 22 de junho. A distribuidora atende a 613 mil consumidores em Minas Gerais e Rio de Janeiro.<\/p>\n\n\n\n<p>A Copel-Dis ter\u00e1 efeito m\u00e9dio para o consumidor de 2,02%, com reajuste residencial de 1,25%. A companhia abastece aproximadamente 5,23 milh\u00f5es de unidades no Paran\u00e1. Os novos \u00edndices passam a valer em 24 de junho.<\/p>\n","protected":false},"excerpt":{"rendered":"<p>da Ag\u00eancia iNFRA A diretoria colegiada da ANEEL (Ag\u00eancia Nacional de Energia El\u00e9trica) aprovou, nesta ter\u00e7a-feira (17), os reajustes tarif\u00e1rios anuais de tr\u00eas distribuidoras de energia: RGE Sul, Energisa Minas Rio e Copel-Dis. Os novos \u00edndices entram em vigor em datas distintas, entre os dias 19 e 24 de junho. A RGE Sul, que atende [&hellip;]<\/p>\n","protected":false},"author":1,"featured_media":6186,"comment_status":"closed","ping_status":"closed","sticky":false,"template":"","format":"standard","meta":{"_monsterinsights_skip_tracking":false,"_monsterinsights_sitenote_active":false,"_monsterinsights_sitenote_note":"","_monsterinsights_sitenote_category":0,"footnotes":""},"categories":[1,13576],"tags":[53,13842,8862,282,13843,8864,2230,13841,1386],"class_list":["post-23077","post","type-post","status-publish","format-standard","has-post-thumbnail","hentry","category-geral","category-giro-infra","tag-aneel","tag-copel-dis","tag-distribuidora-de-energia","tag-energia-eletrica","tag-energisa-minas-rio","tag-reajuste-tarifario","tag-rge","tag-rge-sul","tag-tarifas-de-energia"],"yoast_head":"<!-- This site is optimized with the Yoast SEO Premium plugin v25.4 (Yoast SEO v26.0) - https:\/\/yoast.com\/wordpress\/plugins\/seo\/ -->\n<title>ANEEL aprova reajustes tarif\u00e1rios para RGE, Energisa Minas Rio e Copel-Dis - Ag\u00eancia iNFRA<\/title>\n<meta name=\"robots\" content=\"index, follow, max-snippet:-1, max-image-preview:large, max-video-preview:-1\" \/>\n<link rel=\"canonical\" href=\"https:\/\/agenciainfra.com\/blog\/aneel-aprova-reajustes-tarifarios-para-rge-energisa-minas-rio-e-copel-dis\/\" \/>\n<meta property=\"og:locale\" content=\"pt_BR\" \/>\n<meta property=\"og:type\" content=\"article\" \/>\n<meta property=\"og:title\" content=\"ANEEL aprova reajustes tarif\u00e1rios para RGE, Energisa Minas Rio e Copel-Dis\" \/>\n<meta property=\"og:description\" content=\"da Ag\u00eancia iNFRA A diretoria colegiada da ANEEL (Ag\u00eancia Nacional de Energia El\u00e9trica) aprovou, nesta ter\u00e7a-feira (17), os reajustes tarif\u00e1rios anuais de tr\u00eas distribuidoras de energia: RGE Sul, Energisa Minas Rio e Copel-Dis. Os novos \u00edndices entram em vigor em datas distintas, entre os dias 19 e 24 de junho. A RGE Sul, que atende [&hellip;]\" \/>\n<meta property=\"og:url\" content=\"https:\/\/agenciainfra.com\/blog\/aneel-aprova-reajustes-tarifarios-para-rge-energisa-minas-rio-e-copel-dis\/\" \/>\n<meta property=\"og:site_name\" content=\"Ag\u00eancia iNFRA\" \/>\n<meta property=\"article:publisher\" content=\"https:\/\/www.facebook.com\/ageninfra\" \/>\n<meta property=\"article:published_time\" content=\"2025-06-17T16:00:00+00:00\" \/>\n<meta property=\"article:modified_time\" content=\"2025-06-17T16:08:38+00:00\" \/>\n<meta property=\"og:image\" content=\"https:\/\/agenciainfra.com\/blog\/wp-content\/uploads\/2020\/10\/Aneel-foto-saulo-cruz-aneel-e1750176511293.jpg\" \/>\n\t<meta property=\"og:image:width\" content=\"1280\" \/>\n\t<meta property=\"og:image:height\" content=\"777\" \/>\n\t<meta property=\"og:image:type\" content=\"image\/jpeg\" \/>\n<meta name=\"author\" content=\"Ag\u00eancia iNFRA\" \/>\n<meta name=\"twitter:card\" content=\"summary_large_image\" \/>\n<meta name=\"twitter:creator\" content=\"@agencia_infra\" \/>\n<meta name=\"twitter:site\" content=\"@agencia_infra\" \/>\n<meta name=\"twitter:label1\" content=\"Escrito por\" \/>\n\t<meta name=\"twitter:data1\" content=\"Ag\u00eancia iNFRA\" \/>\n\t<meta name=\"twitter:label2\" content=\"Est. tempo de leitura\" \/>\n\t<meta name=\"twitter:data2\" content=\"1 minuto\" \/>\n<script type=\"application\/ld+json\" class=\"yoast-schema-graph\">{\"@context\":\"https:\/\/schema.org\",\"@graph\":[{\"@type\":\"Article\",\"@id\":\"https:\/\/agenciainfra.com\/blog\/aneel-aprova-reajustes-tarifarios-para-rge-energisa-minas-rio-e-copel-dis\/#article\",\"isPartOf\":{\"@id\":\"https:\/\/agenciainfra.com\/blog\/aneel-aprova-reajustes-tarifarios-para-rge-energisa-minas-rio-e-copel-dis\/\"},\"author\":{\"name\":\"Ag\u00eancia iNFRA\",\"@id\":\"https:\/\/agenciainfra.com\/blog\/#\/schema\/person\/34af08dff6adea4cb22b06612ba7acfa\"},\"headline\":\"ANEEL aprova reajustes tarif\u00e1rios para RGE, Energisa Minas Rio e Copel-Dis\",\"datePublished\":\"2025-06-17T16:00:00+00:00\",\"dateModified\":\"2025-06-17T16:08:38+00:00\",\"mainEntityOfPage\":{\"@id\":\"https:\/\/agenciainfra.com\/blog\/aneel-aprova-reajustes-tarifarios-para-rge-energisa-minas-rio-e-copel-dis\/\"},\"wordCount\":179,\"publisher\":{\"@id\":\"https:\/\/agenciainfra.com\/blog\/#organization\"},\"image\":{\"@id\":\"https:\/\/agenciainfra.com\/blog\/aneel-aprova-reajustes-tarifarios-para-rge-energisa-minas-rio-e-copel-dis\/#primaryimage\"},\"thumbnailUrl\":\"https:\/\/agenciainfra.com\/blog\/wp-content\/uploads\/2020\/10\/Aneel-foto-saulo-cruz-aneel-e1750176511293.jpg\",\"keywords\":[\"ANEEL\",\"Copel-Dis\",\"Distribuidora de energia\",\"energia el\u00e9trica\",\"Energisa Minas Rio\",\"Reajuste tarif\u00e1rio\",\"RGE\",\"rge sul\",\"tarifas de energia\"],\"articleSection\":[\"Geral\",\"Giro iNFRA\"],\"inLanguage\":\"pt-BR\",\"copyrightYear\":\"2025\",\"copyrightHolder\":{\"@id\":\"https:\/\/agenciainfra.com\/blog\/#organization\"}},{\"@type\":\"WebPage\",\"@id\":\"https:\/\/agenciainfra.com\/blog\/aneel-aprova-reajustes-tarifarios-para-rge-energisa-minas-rio-e-copel-dis\/\",\"url\":\"https:\/\/agenciainfra.com\/blog\/aneel-aprova-reajustes-tarifarios-para-rge-energisa-minas-rio-e-copel-dis\/\",\"name\":\"ANEEL aprova reajustes tarif\u00e1rios para RGE, Energisa Minas Rio e Copel-Dis - Ag\u00eancia iNFRA\",\"isPartOf\":{\"@id\":\"https:\/\/agenciainfra.com\/blog\/#website\"},\"primaryImageOfPage\":{\"@id\":\"https:\/\/agenciainfra.com\/blog\/aneel-aprova-reajustes-tarifarios-para-rge-energisa-minas-rio-e-copel-dis\/#primaryimage\"},\"image\":{\"@id\":\"https:\/\/agenciainfra.com\/blog\/aneel-aprova-reajustes-tarifarios-para-rge-energisa-minas-rio-e-copel-dis\/#primaryimage\"},\"thumbnailUrl\":\"https:\/\/agenciainfra.com\/blog\/wp-content\/uploads\/2020\/10\/Aneel-foto-saulo-cruz-aneel-e1750176511293.jpg\",\"datePublished\":\"2025-06-17T16:00:00+00:00\",\"dateModified\":\"2025-06-17T16:08:38+00:00\",\"breadcrumb\":{\"@id\":\"https:\/\/agenciainfra.com\/blog\/aneel-aprova-reajustes-tarifarios-para-rge-energisa-minas-rio-e-copel-dis\/#breadcrumb\"},\"inLanguage\":\"pt-BR\",\"potentialAction\":[{\"@type\":\"ReadAction\",\"target\":[\"https:\/\/agenciainfra.com\/blog\/aneel-aprova-reajustes-tarifarios-para-rge-energisa-minas-rio-e-copel-dis\/\"]}]},{\"@type\":\"ImageObject\",\"inLanguage\":\"pt-BR\",\"@id\":\"https:\/\/agenciainfra.com\/blog\/aneel-aprova-reajustes-tarifarios-para-rge-energisa-minas-rio-e-copel-dis\/#primaryimage\",\"url\":\"https:\/\/agenciainfra.com\/blog\/wp-content\/uploads\/2020\/10\/Aneel-foto-saulo-cruz-aneel-e1750176511293.jpg\",\"contentUrl\":\"https:\/\/agenciainfra.com\/blog\/wp-content\/uploads\/2020\/10\/Aneel-foto-saulo-cruz-aneel-e1750176511293.jpg\",\"width\":1280,\"height\":777,\"caption\":\"Foto: Saulo Cruz\/ANEEL\"},{\"@type\":\"BreadcrumbList\",\"@id\":\"https:\/\/agenciainfra.com\/blog\/aneel-aprova-reajustes-tarifarios-para-rge-energisa-minas-rio-e-copel-dis\/#breadcrumb\",\"itemListElement\":[{\"@type\":\"ListItem\",\"position\":1,\"name\":\"In\u00edcio\",\"item\":\"https:\/\/agenciainfra.com\/blog\/\"},{\"@type\":\"ListItem\",\"position\":2,\"name\":\"ANEEL aprova reajustes tarif\u00e1rios para RGE, Energisa Minas Rio e Copel-Dis\"}]},{\"@type\":\"WebSite\",\"@id\":\"https:\/\/agenciainfra.com\/blog\/#website\",\"url\":\"https:\/\/agenciainfra.com\/blog\/\",\"name\":\"Ag\u00eancia iNFRA\",\"description\":\"Multiplataforma de informa\u00e7\u00e3o jornal\u00edstica refer\u00eancia na \u00e1rea de infraestrutura no Brasil!\",\"publisher\":{\"@id\":\"https:\/\/agenciainfra.com\/blog\/#organization\"},\"potentialAction\":[{\"@type\":\"SearchAction\",\"target\":{\"@type\":\"EntryPoint\",\"urlTemplate\":\"https:\/\/agenciainfra.com\/blog\/?s={search_term_string}\"},\"query-input\":{\"@type\":\"PropertyValueSpecification\",\"valueRequired\":true,\"valueName\":\"search_term_string\"}}],\"inLanguage\":\"pt-BR\"},{\"@type\":\"Organization\",\"@id\":\"https:\/\/agenciainfra.com\/blog\/#organization\",\"name\":\"Ag\u00eancia iNFRA\",\"url\":\"https:\/\/agenciainfra.com\/blog\/\",\"logo\":{\"@type\":\"ImageObject\",\"inLanguage\":\"pt-BR\",\"@id\":\"https:\/\/agenciainfra.com\/blog\/#\/schema\/logo\/image\/\",\"url\":\"https:\/\/agenciainfra.com\/blog\/wp-content\/uploads\/2023\/09\/iNFRA_5-e1761735885940.png\",\"contentUrl\":\"https:\/\/agenciainfra.com\/blog\/wp-content\/uploads\/2023\/09\/iNFRA_5-e1761735885940.png\",\"width\":1672,\"height\":454,\"caption\":\"Ag\u00eancia iNFRA\"},\"image\":{\"@id\":\"https:\/\/agenciainfra.com\/blog\/#\/schema\/logo\/image\/\"},\"sameAs\":[\"https:\/\/www.facebook.com\/ageninfra\",\"https:\/\/x.com\/agencia_infra\",\"https:\/\/www.linkedin.com\/company\/ag\u00eanciainfra\/\",\"https:\/\/www.instagram.com\/agenciainfra\/\"]},{\"@type\":\"Person\",\"@id\":\"https:\/\/agenciainfra.com\/blog\/#\/schema\/person\/34af08dff6adea4cb22b06612ba7acfa\",\"name\":\"Ag\u00eancia iNFRA\",\"image\":{\"@type\":\"ImageObject\",\"inLanguage\":\"pt-BR\",\"@id\":\"https:\/\/agenciainfra.com\/blog\/#\/schema\/person\/image\/\",\"url\":\"https:\/\/secure.gravatar.com\/avatar\/d189e01678f06d8eb84d4e01f08eb848b3fffe3f8443818d3c356c66892f5be8?s=96&d=mm&r=g\",\"contentUrl\":\"https:\/\/secure.gravatar.com\/avatar\/d189e01678f06d8eb84d4e01f08eb848b3fffe3f8443818d3c356c66892f5be8?s=96&d=mm&r=g\",\"caption\":\"Ag\u00eancia iNFRA\"},\"url\":\"https:\/\/agenciainfra.com\/blog\/author\/admin\/\"}]}<\/script>\n<!-- \/ Yoast SEO Premium plugin. -->","yoast_head_json":{"title":"ANEEL aprova reajustes tarif\u00e1rios para RGE, Energisa Minas Rio e Copel-Dis - Ag\u00eancia iNFRA","robots":{"index":"index","follow":"follow","max-snippet":"max-snippet:-1","max-image-preview":"max-image-preview:large","max-video-preview":"max-video-preview:-1"},"canonical":"https:\/\/agenciainfra.com\/blog\/aneel-aprova-reajustes-tarifarios-para-rge-energisa-minas-rio-e-copel-dis\/","og_locale":"pt_BR","og_type":"article","og_title":"ANEEL aprova reajustes tarif\u00e1rios para RGE, Energisa Minas Rio e Copel-Dis","og_description":"da Ag\u00eancia iNFRA A diretoria colegiada da ANEEL (Ag\u00eancia Nacional de Energia El\u00e9trica) aprovou, nesta ter\u00e7a-feira (17), os reajustes tarif\u00e1rios anuais de tr\u00eas distribuidoras de energia: RGE Sul, Energisa Minas Rio e Copel-Dis. Os novos \u00edndices entram em vigor em datas distintas, entre os dias 19 e 24 de junho. A RGE Sul, que atende [&hellip;]","og_url":"https:\/\/agenciainfra.com\/blog\/aneel-aprova-reajustes-tarifarios-para-rge-energisa-minas-rio-e-copel-dis\/","og_site_name":"Ag\u00eancia iNFRA","article_publisher":"https:\/\/www.facebook.com\/ageninfra","article_published_time":"2025-06-17T16:00:00+00:00","article_modified_time":"2025-06-17T16:08:38+00:00","og_image":[{"width":1280,"height":777,"url":"https:\/\/agenciainfra.com\/blog\/wp-content\/uploads\/2020\/10\/Aneel-foto-saulo-cruz-aneel-e1750176511293.jpg","type":"image\/jpeg"}],"author":"Ag\u00eancia iNFRA","twitter_card":"summary_large_image","twitter_creator":"@agencia_infra","twitter_site":"@agencia_infra","twitter_misc":{"Escrito por":"Ag\u00eancia iNFRA","Est. tempo de leitura":"1 minuto"},"schema":{"@context":"https:\/\/schema.org","@graph":[{"@type":"Article","@id":"https:\/\/agenciainfra.com\/blog\/aneel-aprova-reajustes-tarifarios-para-rge-energisa-minas-rio-e-copel-dis\/#article","isPartOf":{"@id":"https:\/\/agenciainfra.com\/blog\/aneel-aprova-reajustes-tarifarios-para-rge-energisa-minas-rio-e-copel-dis\/"},"author":{"name":"Ag\u00eancia iNFRA","@id":"https:\/\/agenciainfra.com\/blog\/#\/schema\/person\/34af08dff6adea4cb22b06612ba7acfa"},"headline":"ANEEL aprova reajustes tarif\u00e1rios para RGE, Energisa Minas Rio e Copel-Dis","datePublished":"2025-06-17T16:00:00+00:00","dateModified":"2025-06-17T16:08:38+00:00","mainEntityOfPage":{"@id":"https:\/\/agenciainfra.com\/blog\/aneel-aprova-reajustes-tarifarios-para-rge-energisa-minas-rio-e-copel-dis\/"},"wordCount":179,"publisher":{"@id":"https:\/\/agenciainfra.com\/blog\/#organization"},"image":{"@id":"https:\/\/agenciainfra.com\/blog\/aneel-aprova-reajustes-tarifarios-para-rge-energisa-minas-rio-e-copel-dis\/#primaryimage"},"thumbnailUrl":"https:\/\/agenciainfra.com\/blog\/wp-content\/uploads\/2020\/10\/Aneel-foto-saulo-cruz-aneel-e1750176511293.jpg","keywords":["ANEEL","Copel-Dis","Distribuidora de energia","energia el\u00e9trica","Energisa Minas Rio","Reajuste tarif\u00e1rio","RGE","rge sul","tarifas de energia"],"articleSection":["Geral","Giro iNFRA"],"inLanguage":"pt-BR","copyrightYear":"2025","copyrightHolder":{"@id":"https:\/\/agenciainfra.com\/blog\/#organization"}},{"@type":"WebPage","@id":"https:\/\/agenciainfra.com\/blog\/aneel-aprova-reajustes-tarifarios-para-rge-energisa-minas-rio-e-copel-dis\/","url":"https:\/\/agenciainfra.com\/blog\/aneel-aprova-reajustes-tarifarios-para-rge-energisa-minas-rio-e-copel-dis\/","name":"ANEEL aprova reajustes tarif\u00e1rios para RGE, Energisa Minas Rio e Copel-Dis - Ag\u00eancia iNFRA","isPartOf":{"@id":"https:\/\/agenciainfra.com\/blog\/#website"},"primaryImageOfPage":{"@id":"https:\/\/agenciainfra.com\/blog\/aneel-aprova-reajustes-tarifarios-para-rge-energisa-minas-rio-e-copel-dis\/#primaryimage"},"image":{"@id":"https:\/\/agenciainfra.com\/blog\/aneel-aprova-reajustes-tarifarios-para-rge-energisa-minas-rio-e-copel-dis\/#primaryimage"},"thumbnailUrl":"https:\/\/agenciainfra.com\/blog\/wp-content\/uploads\/2020\/10\/Aneel-foto-saulo-cruz-aneel-e1750176511293.jpg","datePublished":"2025-06-17T16:00:00+00:00","dateModified":"2025-06-17T16:08:38+00:00","breadcrumb":{"@id":"https:\/\/agenciainfra.com\/blog\/aneel-aprova-reajustes-tarifarios-para-rge-energisa-minas-rio-e-copel-dis\/#breadcrumb"},"inLanguage":"pt-BR","potentialAction":[{"@type":"ReadAction","target":["https:\/\/agenciainfra.com\/blog\/aneel-aprova-reajustes-tarifarios-para-rge-energisa-minas-rio-e-copel-dis\/"]}]},{"@type":"ImageObject","inLanguage":"pt-BR","@id":"https:\/\/agenciainfra.com\/blog\/aneel-aprova-reajustes-tarifarios-para-rge-energisa-minas-rio-e-copel-dis\/#primaryimage","url":"https:\/\/agenciainfra.com\/blog\/wp-content\/uploads\/2020\/10\/Aneel-foto-saulo-cruz-aneel-e1750176511293.jpg","contentUrl":"https:\/\/agenciainfra.com\/blog\/wp-content\/uploads\/2020\/10\/Aneel-foto-saulo-cruz-aneel-e1750176511293.jpg","width":1280,"height":777,"caption":"Foto: Saulo Cruz\/ANEEL"},{"@type":"BreadcrumbList","@id":"https:\/\/agenciainfra.com\/blog\/aneel-aprova-reajustes-tarifarios-para-rge-energisa-minas-rio-e-copel-dis\/#breadcrumb","itemListElement":[{"@type":"ListItem","position":1,"name":"In\u00edcio","item":"https:\/\/agenciainfra.com\/blog\/"},{"@type":"ListItem","position":2,"name":"ANEEL aprova reajustes tarif\u00e1rios para RGE, Energisa Minas Rio e Copel-Dis"}]},{"@type":"WebSite","@id":"https:\/\/agenciainfra.com\/blog\/#website","url":"https:\/\/agenciainfra.com\/blog\/","name":"Ag\u00eancia iNFRA","description":"Multiplataforma de informa\u00e7\u00e3o jornal\u00edstica refer\u00eancia na \u00e1rea de infraestrutura no Brasil!","publisher":{"@id":"https:\/\/agenciainfra.com\/blog\/#organization"},"potentialAction":[{"@type":"SearchAction","target":{"@type":"EntryPoint","urlTemplate":"https:\/\/agenciainfra.com\/blog\/?s={search_term_string}"},"query-input":{"@type":"PropertyValueSpecification","valueRequired":true,"valueName":"search_term_string"}}],"inLanguage":"pt-BR"},{"@type":"Organization","@id":"https:\/\/agenciainfra.com\/blog\/#organization","name":"Ag\u00eancia iNFRA","url":"https:\/\/agenciainfra.com\/blog\/","logo":{"@type":"ImageObject","inLanguage":"pt-BR","@id":"https:\/\/agenciainfra.com\/blog\/#\/schema\/logo\/image\/","url":"https:\/\/agenciainfra.com\/blog\/wp-content\/uploads\/2023\/09\/iNFRA_5-e1761735885940.png","contentUrl":"https:\/\/agenciainfra.com\/blog\/wp-content\/uploads\/2023\/09\/iNFRA_5-e1761735885940.png","width":1672,"height":454,"caption":"Ag\u00eancia iNFRA"},"image":{"@id":"https:\/\/agenciainfra.com\/blog\/#\/schema\/logo\/image\/"},"sameAs":["https:\/\/www.facebook.com\/ageninfra","https:\/\/x.com\/agencia_infra","https:\/\/www.linkedin.com\/company\/ag\u00eanciainfra\/","https:\/\/www.instagram.com\/agenciainfra\/"]},{"@type":"Person","@id":"https:\/\/agenciainfra.com\/blog\/#\/schema\/person\/34af08dff6adea4cb22b06612ba7acfa","name":"Ag\u00eancia iNFRA","image":{"@type":"ImageObject","inLanguage":"pt-BR","@id":"https:\/\/agenciainfra.com\/blog\/#\/schema\/person\/image\/","url":"https:\/\/secure.gravatar.com\/avatar\/d189e01678f06d8eb84d4e01f08eb848b3fffe3f8443818d3c356c66892f5be8?s=96&d=mm&r=g","contentUrl":"https:\/\/secure.gravatar.com\/avatar\/d189e01678f06d8eb84d4e01f08eb848b3fffe3f8443818d3c356c66892f5be8?s=96&d=mm&r=g","caption":"Ag\u00eancia iNFRA"},"url":"https:\/\/agenciainfra.com\/blog\/author\/admin\/"}]}},"_links":{"self":[{"href":"https:\/\/agenciainfra.com\/blog\/wp-json\/wp\/v2\/posts\/23077","targetHints":{"allow":["GET"]}}],"collection":[{"href":"https:\/\/agenciainfra.com\/blog\/wp-json\/wp\/v2\/posts"}],"about":[{"href":"https:\/\/agenciainfra.com\/blog\/wp-json\/wp\/v2\/types\/post"}],"author":[{"embeddable":true,"href":"https:\/\/agenciainfra.com\/blog\/wp-json\/wp\/v2\/users\/1"}],"replies":[{"embeddable":true,"href":"https:\/\/agenciainfra.com\/blog\/wp-json\/wp\/v2\/comments?post=23077"}],"version-history":[{"count":1,"href":"https:\/\/agenciainfra.com\/blog\/wp-json\/wp\/v2\/posts\/23077\/revisions"}],"predecessor-version":[{"id":23078,"href":"https:\/\/agenciainfra.com\/blog\/wp-json\/wp\/v2\/posts\/23077\/revisions\/23078"}],"wp:featuredmedia":[{"embeddable":true,"href":"https:\/\/agenciainfra.com\/blog\/wp-json\/wp\/v2\/media\/6186"}],"wp:attachment":[{"href":"https:\/\/agenciainfra.com\/blog\/wp-json\/wp\/v2\/media?parent=23077"}],"wp:term":[{"taxonomy":"category","embeddable":true,"href":"https:\/\/agenciainfra.com\/blog\/wp-json\/wp\/v2\/categories?post=23077"},{"taxonomy":"post_tag","embeddable":true,"href":"https:\/\/agenciainfra.com\/blog\/wp-json\/wp\/v2\/tags?post=23077"}],"curies":[{"name":"wp","href":"https:\/\/api.w.org\/{rel}","templated":true}]}}