{"id":23102,"date":"2025-06-17T18:00:00","date_gmt":"2025-06-17T21:00:00","guid":{"rendered":"https:\/\/agenciainfra.com\/blog\/?p=23102"},"modified":"2025-06-18T17:42:07","modified_gmt":"2025-06-18T20:42:07","slug":"leilao-de-r-11-bi-em-passivos-do-gsf-sera-realizado-o-mais-rapido-possivel-diz-conselheiro-da-ccee","status":"publish","type":"post","link":"https:\/\/agenciainfra.com\/blog\/leilao-de-r-11-bi-em-passivos-do-gsf-sera-realizado-o-mais-rapido-possivel-diz-conselheiro-da-ccee\/","title":{"rendered":"Leil\u00e3o de R$ 1,1 bi em passivos do GSF ser\u00e1 realizado \u201co mais r\u00e1pido poss\u00edvel\u201d, diz conselheiro da CCEE"},"content":{"rendered":"\n<p class=\"has-text-align-right\"><strong>Geraldo Campos Jr., da Ag\u00eancia iNFRA<\/strong><\/p>\n\n\n\n<p>A CCEE (C\u00e2mara de Comercializa\u00e7\u00e3o de Energia) se prepara para operacionalizar a solu\u00e7\u00e3o para o passivo do GSF (Generation Scaling Factor, que representa o risco hidrol\u00f3gico). Segundo Ricardo Simabuku, conselheiro da entidade, o mecanismo competitivo estabelecido pela MP (Medida Provis\u00f3ria) <a href=\"https:\/\/legis.senado.leg.br\/sdleg-getter\/documento?dm=9957272&amp;ts=1749730109465&amp;disposition=inline\">1.300\/2025<\/a>, que trata da reforma do setor el\u00e9trico, ser\u00e1 realizado \u201co mais r\u00e1pido poss\u00edvel\u201d.<\/p>\n\n\n\n<p>A expectativa \u00e9 resolver o resqu\u00edcio de judicializa\u00e7\u00e3o por geradores que conseguiram liminares para suspender o pagamento referente ao risco hidrol\u00f3gico. Atualmente, cerca de R$ 1,1 bilh\u00e3o por m\u00eas n\u00e3o \u00e9 pago na liquida\u00e7\u00e3o do mercado de curto prazo por decis\u00e3o judicial em a\u00e7\u00f5es sobre o GSF. A maioria se refere a PCHs (Pequenas Centrais Hidrel\u00e9tricas) e CGHs (Central Geradora Hidrel\u00e9trica).<\/p>\n\n\n\n<p>De acordo com o conselheiro, a publica\u00e7\u00e3o do edital do leil\u00e3o ainda aguarda um detalhamento regulat\u00f3rio sobre o certame, pelo MME (Minist\u00e9rio de Minas e Energia) e pela ANEEL (Ag\u00eancia Nacional de Energia El\u00e9trica). O mecanismo competitivo ser\u00e1 realizado atrav\u00e9s do pr\u00f3prio sistema de contrata\u00e7\u00e3o da C\u00e2mara.<\/p>\n\n\n\n<p>As declara\u00e7\u00f5es foram dadas em entrevista, nesta ter\u00e7a-feira (17), ap\u00f3s o lan\u00e7amento do CCEE Academy, realizado em S\u00e3o Paulo. Trata-se de um novo hub da entidade que unificou suas atividades de capacita\u00e7\u00e3o, cursos e certifica\u00e7\u00e3o para o setor.<\/p>\n\n\n\n<p><strong>Como vai funcionar<br><\/strong>Simabuku explicou que conforme a MP, a d\u00edvida existente hoje do GSF ser\u00e1 transformada em cotas para serem vendidas no leil\u00e3o. \u201cQuem poder\u00e1 participar desse mecanismo vendendo s\u00e3o os atuais litigantes na Justi\u00e7a, que podem disponibilizar esse recurso. E como compradores, as grandes concession\u00e1rias\u201d, afirmou.<\/p>\n\n\n\n<p>A partir disso, as grandes empresas que adquiriram as cotas ter\u00e3o esse recurso \u201ctransformado em um passivo financeiro que poder\u00e1 ser convertido em extens\u00e3o de outorga, segundo o mesmo rito que a ANEEL j\u00e1 fez l\u00e1 em 2015 e em 2020 tamb\u00e9m\u201d, segundo ele.<\/p>\n\n\n\n<p>Ainda de acordo com o conselheiro, tanto os geradores detentores do passivo do GSF como poss\u00edveis compradoras j\u00e1 t\u00eam demonstrado interesse na disputa.<\/p>\n\n\n\n<p><em>*O rep\u00f3rter viajou \u00e0 S\u00e3o Paulo \u00e0 convite da CCEE.<\/em><\/p>\n","protected":false},"excerpt":{"rendered":"<p>Geraldo Campos Jr., da Ag\u00eancia iNFRA A CCEE (C\u00e2mara de Comercializa\u00e7\u00e3o de Energia) se prepara para operacionalizar a solu\u00e7\u00e3o para o passivo do GSF (Generation Scaling Factor, que representa o risco hidrol\u00f3gico). Segundo Ricardo Simabuku, conselheiro da entidade, o mecanismo competitivo estabelecido pela MP (Medida Provis\u00f3ria) 1.300\/2025, que trata da reforma do setor el\u00e9trico, ser\u00e1 [&hellip;]<\/p>\n","protected":false},"author":1,"featured_media":7459,"comment_status":"closed","ping_status":"closed","sticky":false,"template":"","format":"standard","meta":{"_monsterinsights_skip_tracking":false,"_monsterinsights_sitenote_active":false,"_monsterinsights_sitenote_note":"","_monsterinsights_sitenote_category":0,"footnotes":""},"categories":[7250,1,10],"tags":[866,14,13850,11594,348,13851,13535,10710,13849,193],"class_list":["post-23102","post","type-post","status-publish","format-standard","has-post-thumbnail","hentry","category-destaque-lista","category-geral","category-infraenergia","tag-camara-de-comercializacao-de-energia-eletrica","tag-ccee","tag-ccee-academy","tag-geraldo-campos-jr","tag-gsf","tag-leilao-do-gsf","tag-mp-1-300-2025","tag-reforma-do-setor-eletrico","tag-ricardo-simabuku","tag-risco-hidrologico"],"yoast_head":"<!-- This site is optimized with the Yoast SEO Premium plugin v25.4 (Yoast SEO v26.0) - https:\/\/yoast.com\/wordpress\/plugins\/seo\/ -->\n<title>Leil\u00e3o de passivos do GSF ser\u00e1 realizado \u201co mais r\u00e1pido poss\u00edvel\u201d<\/title>\n<meta name=\"description\" content=\"Expectativa \u00e9 resolver o resqu\u00edcio de judicializa\u00e7\u00e3o por geradores que conseguiram liminares para suspender o pagamento do risco hidrol\u00f3gico\" \/>\n<meta name=\"robots\" content=\"index, follow, max-snippet:-1, max-image-preview:large, max-video-preview:-1\" \/>\n<link rel=\"canonical\" href=\"https:\/\/agenciainfra.com\/blog\/leilao-de-r-11-bi-em-passivos-do-gsf-sera-realizado-o-mais-rapido-possivel-diz-conselheiro-da-ccee\/\" \/>\n<meta property=\"og:locale\" content=\"pt_BR\" \/>\n<meta property=\"og:type\" content=\"article\" \/>\n<meta property=\"og:title\" content=\"Leil\u00e3o de R$ 1,1 bi em passivos do GSF ser\u00e1 realizado \u201co mais r\u00e1pido poss\u00edvel\u201d, diz conselheiro da CCEE\" \/>\n<meta property=\"og:description\" content=\"Expectativa \u00e9 resolver o resqu\u00edcio de judicializa\u00e7\u00e3o por geradores que conseguiram liminares para suspender o pagamento do risco hidrol\u00f3gico\" \/>\n<meta property=\"og:url\" content=\"https:\/\/agenciainfra.com\/blog\/leilao-de-r-11-bi-em-passivos-do-gsf-sera-realizado-o-mais-rapido-possivel-diz-conselheiro-da-ccee\/\" \/>\n<meta property=\"og:site_name\" content=\"Ag\u00eancia iNFRA\" \/>\n<meta property=\"article:publisher\" content=\"https:\/\/www.facebook.com\/ageninfra\" \/>\n<meta property=\"article:published_time\" content=\"2025-06-17T21:00:00+00:00\" \/>\n<meta property=\"article:modified_time\" content=\"2025-06-18T20:42:07+00:00\" \/>\n<meta property=\"og:image\" content=\"https:\/\/agenciainfra.com\/blog\/wp-content\/uploads\/2021\/06\/hidreletrica-foto-cope-divulgacao-e1750264164468.png\" \/>\n\t<meta property=\"og:image:width\" content=\"1280\" \/>\n\t<meta property=\"og:image:height\" content=\"768\" \/>\n\t<meta property=\"og:image:type\" content=\"image\/png\" \/>\n<meta name=\"author\" content=\"Ag\u00eancia iNFRA\" \/>\n<meta name=\"twitter:card\" content=\"summary_large_image\" \/>\n<meta name=\"twitter:creator\" content=\"@agencia_infra\" \/>\n<meta name=\"twitter:site\" content=\"@agencia_infra\" \/>\n<meta name=\"twitter:label1\" content=\"Escrito por\" \/>\n\t<meta name=\"twitter:data1\" content=\"Ag\u00eancia iNFRA\" \/>\n\t<meta name=\"twitter:label2\" content=\"Est. tempo de leitura\" \/>\n\t<meta name=\"twitter:data2\" content=\"2 minutos\" \/>\n<script type=\"application\/ld+json\" class=\"yoast-schema-graph\">{\"@context\":\"https:\/\/schema.org\",\"@graph\":[{\"@type\":\"Article\",\"@id\":\"https:\/\/agenciainfra.com\/blog\/leilao-de-r-11-bi-em-passivos-do-gsf-sera-realizado-o-mais-rapido-possivel-diz-conselheiro-da-ccee\/#article\",\"isPartOf\":{\"@id\":\"https:\/\/agenciainfra.com\/blog\/leilao-de-r-11-bi-em-passivos-do-gsf-sera-realizado-o-mais-rapido-possivel-diz-conselheiro-da-ccee\/\"},\"author\":{\"name\":\"Ag\u00eancia iNFRA\",\"@id\":\"https:\/\/agenciainfra.com\/blog\/#\/schema\/person\/34af08dff6adea4cb22b06612ba7acfa\"},\"headline\":\"Leil\u00e3o de R$ 1,1 bi em passivos do GSF ser\u00e1 realizado \u201co mais r\u00e1pido poss\u00edvel\u201d, diz conselheiro da CCEE\",\"datePublished\":\"2025-06-17T21:00:00+00:00\",\"dateModified\":\"2025-06-18T20:42:07+00:00\",\"mainEntityOfPage\":{\"@id\":\"https:\/\/agenciainfra.com\/blog\/leilao-de-r-11-bi-em-passivos-do-gsf-sera-realizado-o-mais-rapido-possivel-diz-conselheiro-da-ccee\/\"},\"wordCount\":392,\"publisher\":{\"@id\":\"https:\/\/agenciainfra.com\/blog\/#organization\"},\"image\":{\"@id\":\"https:\/\/agenciainfra.com\/blog\/leilao-de-r-11-bi-em-passivos-do-gsf-sera-realizado-o-mais-rapido-possivel-diz-conselheiro-da-ccee\/#primaryimage\"},\"thumbnailUrl\":\"https:\/\/agenciainfra.com\/blog\/wp-content\/uploads\/2021\/06\/hidreletrica-foto-cope-divulgacao-e1750264164468.png\",\"keywords\":[\"C\u00e2mara de Comercializa\u00e7\u00e3o de Energia El\u00e9trica\",\"ccee\",\"CCEE Academy\",\"Geraldo Campos Jr.\",\"GSF\",\"leil\u00e3o do GSF\",\"MP 1.300\/2025\",\"Reforma do Setor El\u00e9trico\",\"Ricardo Simabuku\",\"risco hidrol\u00f3gico\"],\"articleSection\":[\"Destaque lista\",\"Geral\",\"iNFRAEnergia\"],\"inLanguage\":\"pt-BR\",\"copyrightYear\":\"2025\",\"copyrightHolder\":{\"@id\":\"https:\/\/agenciainfra.com\/blog\/#organization\"}},{\"@type\":\"WebPage\",\"@id\":\"https:\/\/agenciainfra.com\/blog\/leilao-de-r-11-bi-em-passivos-do-gsf-sera-realizado-o-mais-rapido-possivel-diz-conselheiro-da-ccee\/\",\"url\":\"https:\/\/agenciainfra.com\/blog\/leilao-de-r-11-bi-em-passivos-do-gsf-sera-realizado-o-mais-rapido-possivel-diz-conselheiro-da-ccee\/\",\"name\":\"Leil\u00e3o de passivos do GSF ser\u00e1 realizado \u201co mais r\u00e1pido poss\u00edvel\u201d\",\"isPartOf\":{\"@id\":\"https:\/\/agenciainfra.com\/blog\/#website\"},\"primaryImageOfPage\":{\"@id\":\"https:\/\/agenciainfra.com\/blog\/leilao-de-r-11-bi-em-passivos-do-gsf-sera-realizado-o-mais-rapido-possivel-diz-conselheiro-da-ccee\/#primaryimage\"},\"image\":{\"@id\":\"https:\/\/agenciainfra.com\/blog\/leilao-de-r-11-bi-em-passivos-do-gsf-sera-realizado-o-mais-rapido-possivel-diz-conselheiro-da-ccee\/#primaryimage\"},\"thumbnailUrl\":\"https:\/\/agenciainfra.com\/blog\/wp-content\/uploads\/2021\/06\/hidreletrica-foto-cope-divulgacao-e1750264164468.png\",\"datePublished\":\"2025-06-17T21:00:00+00:00\",\"dateModified\":\"2025-06-18T20:42:07+00:00\",\"description\":\"Expectativa \u00e9 resolver o resqu\u00edcio de judicializa\u00e7\u00e3o por geradores que conseguiram liminares para suspender o pagamento do risco hidrol\u00f3gico\",\"breadcrumb\":{\"@id\":\"https:\/\/agenciainfra.com\/blog\/leilao-de-r-11-bi-em-passivos-do-gsf-sera-realizado-o-mais-rapido-possivel-diz-conselheiro-da-ccee\/#breadcrumb\"},\"inLanguage\":\"pt-BR\",\"potentialAction\":[{\"@type\":\"ReadAction\",\"target\":[\"https:\/\/agenciainfra.com\/blog\/leilao-de-r-11-bi-em-passivos-do-gsf-sera-realizado-o-mais-rapido-possivel-diz-conselheiro-da-ccee\/\"]}]},{\"@type\":\"ImageObject\",\"inLanguage\":\"pt-BR\",\"@id\":\"https:\/\/agenciainfra.com\/blog\/leilao-de-r-11-bi-em-passivos-do-gsf-sera-realizado-o-mais-rapido-possivel-diz-conselheiro-da-ccee\/#primaryimage\",\"url\":\"https:\/\/agenciainfra.com\/blog\/wp-content\/uploads\/2021\/06\/hidreletrica-foto-cope-divulgacao-e1750264164468.png\",\"contentUrl\":\"https:\/\/agenciainfra.com\/blog\/wp-content\/uploads\/2021\/06\/hidreletrica-foto-cope-divulgacao-e1750264164468.png\",\"width\":1280,\"height\":768,\"caption\":\"Foto: Cope\/Divulga\u00e7\u00e3o\"},{\"@type\":\"BreadcrumbList\",\"@id\":\"https:\/\/agenciainfra.com\/blog\/leilao-de-r-11-bi-em-passivos-do-gsf-sera-realizado-o-mais-rapido-possivel-diz-conselheiro-da-ccee\/#breadcrumb\",\"itemListElement\":[{\"@type\":\"ListItem\",\"position\":1,\"name\":\"In\u00edcio\",\"item\":\"https:\/\/agenciainfra.com\/blog\/\"},{\"@type\":\"ListItem\",\"position\":2,\"name\":\"Leil\u00e3o de R$ 1,1 bi em passivos do GSF ser\u00e1 realizado \u201co mais r\u00e1pido poss\u00edvel\u201d, diz conselheiro da CCEE\"}]},{\"@type\":\"WebSite\",\"@id\":\"https:\/\/agenciainfra.com\/blog\/#website\",\"url\":\"https:\/\/agenciainfra.com\/blog\/\",\"name\":\"Ag\u00eancia iNFRA\",\"description\":\"Multiplataforma de informa\u00e7\u00e3o jornal\u00edstica refer\u00eancia na \u00e1rea de infraestrutura no Brasil!\",\"publisher\":{\"@id\":\"https:\/\/agenciainfra.com\/blog\/#organization\"},\"potentialAction\":[{\"@type\":\"SearchAction\",\"target\":{\"@type\":\"EntryPoint\",\"urlTemplate\":\"https:\/\/agenciainfra.com\/blog\/?s={search_term_string}\"},\"query-input\":{\"@type\":\"PropertyValueSpecification\",\"valueRequired\":true,\"valueName\":\"search_term_string\"}}],\"inLanguage\":\"pt-BR\"},{\"@type\":\"Organization\",\"@id\":\"https:\/\/agenciainfra.com\/blog\/#organization\",\"name\":\"Ag\u00eancia iNFRA\",\"url\":\"https:\/\/agenciainfra.com\/blog\/\",\"logo\":{\"@type\":\"ImageObject\",\"inLanguage\":\"pt-BR\",\"@id\":\"https:\/\/agenciainfra.com\/blog\/#\/schema\/logo\/image\/\",\"url\":\"https:\/\/agenciainfra.com\/blog\/wp-content\/uploads\/2023\/09\/iNFRA_5-e1761735885940.png\",\"contentUrl\":\"https:\/\/agenciainfra.com\/blog\/wp-content\/uploads\/2023\/09\/iNFRA_5-e1761735885940.png\",\"width\":1672,\"height\":454,\"caption\":\"Ag\u00eancia iNFRA\"},\"image\":{\"@id\":\"https:\/\/agenciainfra.com\/blog\/#\/schema\/logo\/image\/\"},\"sameAs\":[\"https:\/\/www.facebook.com\/ageninfra\",\"https:\/\/x.com\/agencia_infra\",\"https:\/\/www.linkedin.com\/company\/ag\u00eanciainfra\/\",\"https:\/\/www.instagram.com\/agenciainfra\/\"]},{\"@type\":\"Person\",\"@id\":\"https:\/\/agenciainfra.com\/blog\/#\/schema\/person\/34af08dff6adea4cb22b06612ba7acfa\",\"name\":\"Ag\u00eancia iNFRA\",\"image\":{\"@type\":\"ImageObject\",\"inLanguage\":\"pt-BR\",\"@id\":\"https:\/\/agenciainfra.com\/blog\/#\/schema\/person\/image\/\",\"url\":\"https:\/\/secure.gravatar.com\/avatar\/d189e01678f06d8eb84d4e01f08eb848b3fffe3f8443818d3c356c66892f5be8?s=96&d=mm&r=g\",\"contentUrl\":\"https:\/\/secure.gravatar.com\/avatar\/d189e01678f06d8eb84d4e01f08eb848b3fffe3f8443818d3c356c66892f5be8?s=96&d=mm&r=g\",\"caption\":\"Ag\u00eancia iNFRA\"},\"url\":\"https:\/\/agenciainfra.com\/blog\/author\/admin\/\"}]}<\/script>\n<!-- \/ Yoast SEO Premium plugin. -->","yoast_head_json":{"title":"Leil\u00e3o de passivos do GSF ser\u00e1 realizado \u201co mais r\u00e1pido poss\u00edvel\u201d","description":"Expectativa \u00e9 resolver o resqu\u00edcio de judicializa\u00e7\u00e3o por geradores que conseguiram liminares para suspender o pagamento do risco hidrol\u00f3gico","robots":{"index":"index","follow":"follow","max-snippet":"max-snippet:-1","max-image-preview":"max-image-preview:large","max-video-preview":"max-video-preview:-1"},"canonical":"https:\/\/agenciainfra.com\/blog\/leilao-de-r-11-bi-em-passivos-do-gsf-sera-realizado-o-mais-rapido-possivel-diz-conselheiro-da-ccee\/","og_locale":"pt_BR","og_type":"article","og_title":"Leil\u00e3o de R$ 1,1 bi em passivos do GSF ser\u00e1 realizado \u201co mais r\u00e1pido poss\u00edvel\u201d, diz conselheiro da CCEE","og_description":"Expectativa \u00e9 resolver o resqu\u00edcio de judicializa\u00e7\u00e3o por geradores que conseguiram liminares para suspender o pagamento do risco hidrol\u00f3gico","og_url":"https:\/\/agenciainfra.com\/blog\/leilao-de-r-11-bi-em-passivos-do-gsf-sera-realizado-o-mais-rapido-possivel-diz-conselheiro-da-ccee\/","og_site_name":"Ag\u00eancia iNFRA","article_publisher":"https:\/\/www.facebook.com\/ageninfra","article_published_time":"2025-06-17T21:00:00+00:00","article_modified_time":"2025-06-18T20:42:07+00:00","og_image":[{"width":1280,"height":768,"url":"https:\/\/agenciainfra.com\/blog\/wp-content\/uploads\/2021\/06\/hidreletrica-foto-cope-divulgacao-e1750264164468.png","type":"image\/png"}],"author":"Ag\u00eancia iNFRA","twitter_card":"summary_large_image","twitter_creator":"@agencia_infra","twitter_site":"@agencia_infra","twitter_misc":{"Escrito por":"Ag\u00eancia iNFRA","Est. tempo de leitura":"2 minutos"},"schema":{"@context":"https:\/\/schema.org","@graph":[{"@type":"Article","@id":"https:\/\/agenciainfra.com\/blog\/leilao-de-r-11-bi-em-passivos-do-gsf-sera-realizado-o-mais-rapido-possivel-diz-conselheiro-da-ccee\/#article","isPartOf":{"@id":"https:\/\/agenciainfra.com\/blog\/leilao-de-r-11-bi-em-passivos-do-gsf-sera-realizado-o-mais-rapido-possivel-diz-conselheiro-da-ccee\/"},"author":{"name":"Ag\u00eancia iNFRA","@id":"https:\/\/agenciainfra.com\/blog\/#\/schema\/person\/34af08dff6adea4cb22b06612ba7acfa"},"headline":"Leil\u00e3o de R$ 1,1 bi em passivos do GSF ser\u00e1 realizado \u201co mais r\u00e1pido poss\u00edvel\u201d, diz conselheiro da CCEE","datePublished":"2025-06-17T21:00:00+00:00","dateModified":"2025-06-18T20:42:07+00:00","mainEntityOfPage":{"@id":"https:\/\/agenciainfra.com\/blog\/leilao-de-r-11-bi-em-passivos-do-gsf-sera-realizado-o-mais-rapido-possivel-diz-conselheiro-da-ccee\/"},"wordCount":392,"publisher":{"@id":"https:\/\/agenciainfra.com\/blog\/#organization"},"image":{"@id":"https:\/\/agenciainfra.com\/blog\/leilao-de-r-11-bi-em-passivos-do-gsf-sera-realizado-o-mais-rapido-possivel-diz-conselheiro-da-ccee\/#primaryimage"},"thumbnailUrl":"https:\/\/agenciainfra.com\/blog\/wp-content\/uploads\/2021\/06\/hidreletrica-foto-cope-divulgacao-e1750264164468.png","keywords":["C\u00e2mara de Comercializa\u00e7\u00e3o de Energia El\u00e9trica","ccee","CCEE Academy","Geraldo Campos Jr.","GSF","leil\u00e3o do GSF","MP 1.300\/2025","Reforma do Setor El\u00e9trico","Ricardo Simabuku","risco hidrol\u00f3gico"],"articleSection":["Destaque lista","Geral","iNFRAEnergia"],"inLanguage":"pt-BR","copyrightYear":"2025","copyrightHolder":{"@id":"https:\/\/agenciainfra.com\/blog\/#organization"}},{"@type":"WebPage","@id":"https:\/\/agenciainfra.com\/blog\/leilao-de-r-11-bi-em-passivos-do-gsf-sera-realizado-o-mais-rapido-possivel-diz-conselheiro-da-ccee\/","url":"https:\/\/agenciainfra.com\/blog\/leilao-de-r-11-bi-em-passivos-do-gsf-sera-realizado-o-mais-rapido-possivel-diz-conselheiro-da-ccee\/","name":"Leil\u00e3o de passivos do GSF ser\u00e1 realizado \u201co mais r\u00e1pido poss\u00edvel\u201d","isPartOf":{"@id":"https:\/\/agenciainfra.com\/blog\/#website"},"primaryImageOfPage":{"@id":"https:\/\/agenciainfra.com\/blog\/leilao-de-r-11-bi-em-passivos-do-gsf-sera-realizado-o-mais-rapido-possivel-diz-conselheiro-da-ccee\/#primaryimage"},"image":{"@id":"https:\/\/agenciainfra.com\/blog\/leilao-de-r-11-bi-em-passivos-do-gsf-sera-realizado-o-mais-rapido-possivel-diz-conselheiro-da-ccee\/#primaryimage"},"thumbnailUrl":"https:\/\/agenciainfra.com\/blog\/wp-content\/uploads\/2021\/06\/hidreletrica-foto-cope-divulgacao-e1750264164468.png","datePublished":"2025-06-17T21:00:00+00:00","dateModified":"2025-06-18T20:42:07+00:00","description":"Expectativa \u00e9 resolver o resqu\u00edcio de judicializa\u00e7\u00e3o por geradores que conseguiram liminares para suspender o pagamento do risco hidrol\u00f3gico","breadcrumb":{"@id":"https:\/\/agenciainfra.com\/blog\/leilao-de-r-11-bi-em-passivos-do-gsf-sera-realizado-o-mais-rapido-possivel-diz-conselheiro-da-ccee\/#breadcrumb"},"inLanguage":"pt-BR","potentialAction":[{"@type":"ReadAction","target":["https:\/\/agenciainfra.com\/blog\/leilao-de-r-11-bi-em-passivos-do-gsf-sera-realizado-o-mais-rapido-possivel-diz-conselheiro-da-ccee\/"]}]},{"@type":"ImageObject","inLanguage":"pt-BR","@id":"https:\/\/agenciainfra.com\/blog\/leilao-de-r-11-bi-em-passivos-do-gsf-sera-realizado-o-mais-rapido-possivel-diz-conselheiro-da-ccee\/#primaryimage","url":"https:\/\/agenciainfra.com\/blog\/wp-content\/uploads\/2021\/06\/hidreletrica-foto-cope-divulgacao-e1750264164468.png","contentUrl":"https:\/\/agenciainfra.com\/blog\/wp-content\/uploads\/2021\/06\/hidreletrica-foto-cope-divulgacao-e1750264164468.png","width":1280,"height":768,"caption":"Foto: Cope\/Divulga\u00e7\u00e3o"},{"@type":"BreadcrumbList","@id":"https:\/\/agenciainfra.com\/blog\/leilao-de-r-11-bi-em-passivos-do-gsf-sera-realizado-o-mais-rapido-possivel-diz-conselheiro-da-ccee\/#breadcrumb","itemListElement":[{"@type":"ListItem","position":1,"name":"In\u00edcio","item":"https:\/\/agenciainfra.com\/blog\/"},{"@type":"ListItem","position":2,"name":"Leil\u00e3o de R$ 1,1 bi em passivos do GSF ser\u00e1 realizado \u201co mais r\u00e1pido poss\u00edvel\u201d, diz conselheiro da CCEE"}]},{"@type":"WebSite","@id":"https:\/\/agenciainfra.com\/blog\/#website","url":"https:\/\/agenciainfra.com\/blog\/","name":"Ag\u00eancia iNFRA","description":"Multiplataforma de informa\u00e7\u00e3o jornal\u00edstica refer\u00eancia na \u00e1rea de infraestrutura no Brasil!","publisher":{"@id":"https:\/\/agenciainfra.com\/blog\/#organization"},"potentialAction":[{"@type":"SearchAction","target":{"@type":"EntryPoint","urlTemplate":"https:\/\/agenciainfra.com\/blog\/?s={search_term_string}"},"query-input":{"@type":"PropertyValueSpecification","valueRequired":true,"valueName":"search_term_string"}}],"inLanguage":"pt-BR"},{"@type":"Organization","@id":"https:\/\/agenciainfra.com\/blog\/#organization","name":"Ag\u00eancia iNFRA","url":"https:\/\/agenciainfra.com\/blog\/","logo":{"@type":"ImageObject","inLanguage":"pt-BR","@id":"https:\/\/agenciainfra.com\/blog\/#\/schema\/logo\/image\/","url":"https:\/\/agenciainfra.com\/blog\/wp-content\/uploads\/2023\/09\/iNFRA_5-e1761735885940.png","contentUrl":"https:\/\/agenciainfra.com\/blog\/wp-content\/uploads\/2023\/09\/iNFRA_5-e1761735885940.png","width":1672,"height":454,"caption":"Ag\u00eancia iNFRA"},"image":{"@id":"https:\/\/agenciainfra.com\/blog\/#\/schema\/logo\/image\/"},"sameAs":["https:\/\/www.facebook.com\/ageninfra","https:\/\/x.com\/agencia_infra","https:\/\/www.linkedin.com\/company\/ag\u00eanciainfra\/","https:\/\/www.instagram.com\/agenciainfra\/"]},{"@type":"Person","@id":"https:\/\/agenciainfra.com\/blog\/#\/schema\/person\/34af08dff6adea4cb22b06612ba7acfa","name":"Ag\u00eancia iNFRA","image":{"@type":"ImageObject","inLanguage":"pt-BR","@id":"https:\/\/agenciainfra.com\/blog\/#\/schema\/person\/image\/","url":"https:\/\/secure.gravatar.com\/avatar\/d189e01678f06d8eb84d4e01f08eb848b3fffe3f8443818d3c356c66892f5be8?s=96&d=mm&r=g","contentUrl":"https:\/\/secure.gravatar.com\/avatar\/d189e01678f06d8eb84d4e01f08eb848b3fffe3f8443818d3c356c66892f5be8?s=96&d=mm&r=g","caption":"Ag\u00eancia iNFRA"},"url":"https:\/\/agenciainfra.com\/blog\/author\/admin\/"}]}},"_links":{"self":[{"href":"https:\/\/agenciainfra.com\/blog\/wp-json\/wp\/v2\/posts\/23102","targetHints":{"allow":["GET"]}}],"collection":[{"href":"https:\/\/agenciainfra.com\/blog\/wp-json\/wp\/v2\/posts"}],"about":[{"href":"https:\/\/agenciainfra.com\/blog\/wp-json\/wp\/v2\/types\/post"}],"author":[{"embeddable":true,"href":"https:\/\/agenciainfra.com\/blog\/wp-json\/wp\/v2\/users\/1"}],"replies":[{"embeddable":true,"href":"https:\/\/agenciainfra.com\/blog\/wp-json\/wp\/v2\/comments?post=23102"}],"version-history":[{"count":5,"href":"https:\/\/agenciainfra.com\/blog\/wp-json\/wp\/v2\/posts\/23102\/revisions"}],"predecessor-version":[{"id":23185,"href":"https:\/\/agenciainfra.com\/blog\/wp-json\/wp\/v2\/posts\/23102\/revisions\/23185"}],"wp:featuredmedia":[{"embeddable":true,"href":"https:\/\/agenciainfra.com\/blog\/wp-json\/wp\/v2\/media\/7459"}],"wp:attachment":[{"href":"https:\/\/agenciainfra.com\/blog\/wp-json\/wp\/v2\/media?parent=23102"}],"wp:term":[{"taxonomy":"category","embeddable":true,"href":"https:\/\/agenciainfra.com\/blog\/wp-json\/wp\/v2\/categories?post=23102"},{"taxonomy":"post_tag","embeddable":true,"href":"https:\/\/agenciainfra.com\/blog\/wp-json\/wp\/v2\/tags?post=23102"}],"curies":[{"name":"wp","href":"https:\/\/api.w.org\/{rel}","templated":true}]}}