{"id":23128,"date":"2025-06-17T18:33:59","date_gmt":"2025-06-17T21:33:59","guid":{"rendered":"https:\/\/agenciainfra.com\/blog\/?p=23128"},"modified":"2025-06-18T19:13:00","modified_gmt":"2025-06-18T22:13:00","slug":"comissao-da-camara-aprova-audiencia-para-debater-restricoes-em-leilao-do-tecon-10","status":"publish","type":"post","link":"https:\/\/agenciainfra.com\/blog\/comissao-da-camara-aprova-audiencia-para-debater-restricoes-em-leilao-do-tecon-10\/","title":{"rendered":"Comiss\u00e3o da C\u00e2mara aprova audi\u00eancia para debater restri\u00e7\u00f5es em leil\u00e3o do Tecon 10"},"content":{"rendered":"\n<p class=\"has-text-align-right\"><strong>Mar\u00edlia Sena, da Ag\u00eancia iNFRA<\/strong><\/p>\n\n\n\n<p>A CVT (Comiss\u00e3o de Via\u00e7\u00e3o e Transportes) da C\u00e2mara dos Deputados aprovou, nesta segunda-feira (17), um requerimento para a realiza\u00e7\u00e3o de audi\u00eancia p\u00fablica sobre o leil\u00e3o do Tecon Santos 10. O pedido chancelado pelo colegiado quer debater a \u201cgarantia da legalidade e transpar\u00eancia quanto ao procedimento de licita\u00e7\u00e3o\u201d do arrendamento localizado no Porto de Santos (SP).<\/p>\n\n\n\n<p>O requerimento foi de autoria do deputado Paulo Alexandre Barbosa (PSD-SP). Na justificativa, o parlamentar argumenta que a decis\u00e3o da ANTAQ (Ag\u00eancia Nacional de Transportes Aquavi\u00e1rios) de restringir o certame pode causar um \u201cposs\u00edvel colapso\u201d e \u201cviola o princ\u00edpio constitucional da livre concorr\u00eancia, com consequ\u00eancias devastadoras, especialmente para o com\u00e9rcio exterior\u201d.<\/p>\n\n\n\n<p>A comiss\u00e3o quer que participem da audi\u00eancia p\u00fablica o ministro de Portos e Aeroportos, Silvio Costa Filho; o diretor-geral da ANTAQ, Caio C\u00e9sar Farias Le\u00f4ncio; o diretor de Planejamento da Infra S.A., Cristiano Della Giustina; o diretor-presidente da ABTP (Associa\u00e7\u00e3o Brasileira dos Terminais Portu\u00e1rios), Jesualdo Silva; o diretor-presidente da APS (Autoridade Portu\u00e1ria de Santos), Anderson Pomini; o diretor-presidente do IBI (Instituto Brasileiro de Infraestrutura), Mario Povia; o diretor-executivo da Centronave, Claudio Loureiro de Souza; o diretor de Investimentos da Am\u00e9rica na APM Terminals (Maersk), Leonardo Levy; e o diretor de Investimentos da Am\u00e9rica Latina na TiL (Terminal Investment Limited), Patr\u00edcio Jr.<\/p>\n\n\n\n<p>Atualmente, o leil\u00e3o do Tecon Santos 10 est\u00e1 sob an\u00e1lise do TCU (Tribunal de Contas da Uni\u00e3o). O modelo proposto pelo Mpor (Minist\u00e9rio de Portos e Aeroportos) prev\u00ea que, na primeira etapa da licita\u00e7\u00e3o, n\u00e3o poder\u00e3o participar empresas que j\u00e1 operam no Porto de Santos. Apenas se n\u00e3o houver propostas nessa fase, outras companhias poder\u00e3o disputar o ativo.<\/p>\n\n\n\n<p>A CVT tamb\u00e9m aprovou outro requerimento, de autoria do deputado Le\u00f4nidas Cristino (PDT-CE), para debater a infraestrutura do sistema portu\u00e1rio brasileiro. \u201cApesar da sua import\u00e2ncia, os portos brasileiros enfrentam desafios como os altos custos log\u00edsticos, que elevam o frete, aumentam os prazos de tr\u00e2nsito das mercadorias e reduzem a competitividade nacional\u201d, afirmou o deputado. Ainda n\u00e3o h\u00e1 data definida para a realiza\u00e7\u00e3o das audi\u00eancias.<\/p>\n","protected":false},"excerpt":{"rendered":"<p>Mar\u00edlia Sena, da Ag\u00eancia iNFRA A CVT (Comiss\u00e3o de Via\u00e7\u00e3o e Transportes) da C\u00e2mara dos Deputados aprovou, nesta segunda-feira (17), um requerimento para a realiza\u00e7\u00e3o de audi\u00eancia p\u00fablica sobre o leil\u00e3o do Tecon Santos 10. O pedido chancelado pelo colegiado quer debater a \u201cgarantia da legalidade e transpar\u00eancia quanto ao procedimento de licita\u00e7\u00e3o\u201d do arrendamento [&hellip;]<\/p>\n","protected":false},"author":1,"featured_media":23129,"comment_status":"closed","ping_status":"closed","sticky":false,"template":"","format":"standard","meta":{"_monsterinsights_skip_tracking":false,"_monsterinsights_sitenote_active":false,"_monsterinsights_sitenote_note":"","_monsterinsights_sitenote_category":0,"footnotes":""},"categories":[7250,1,7],"tags":[86,1531,118,6755,6257,6103,260,18,12474],"class_list":["post-23128","post","type-post","status-publish","format-standard","has-post-thumbnail","hentry","category-destaque-lista","category-geral","category-infratransporte","tag-antaq","tag-comissao-de-viacao-e-transportes","tag-cvt","tag-leonidas-cristino","tag-ministerio-de-portos-e-aeroportos","tag-paulo-alexandre-barbosa","tag-porto-de-santos","tag-tcu","tag-tecon-santos-10"],"yoast_head":"<!-- This site is optimized with the Yoast SEO Premium plugin v25.4 (Yoast SEO v26.0) - https:\/\/yoast.com\/wordpress\/plugins\/seo\/ -->\n<title>Comiss\u00e3o da C\u00e2mara aprova audi\u00eancia para debater restri\u00e7\u00f5es em leil\u00e3o do Tecon 10 - Ag\u00eancia iNFRA<\/title>\n<meta name=\"robots\" content=\"index, follow, max-snippet:-1, max-image-preview:large, max-video-preview:-1\" \/>\n<link rel=\"canonical\" href=\"https:\/\/agenciainfra.com\/blog\/comissao-da-camara-aprova-audiencia-para-debater-restricoes-em-leilao-do-tecon-10\/\" \/>\n<meta property=\"og:locale\" content=\"pt_BR\" \/>\n<meta property=\"og:type\" content=\"article\" \/>\n<meta property=\"og:title\" content=\"Comiss\u00e3o da C\u00e2mara aprova audi\u00eancia para debater restri\u00e7\u00f5es em leil\u00e3o do Tecon 10\" \/>\n<meta property=\"og:description\" content=\"Mar\u00edlia Sena, da Ag\u00eancia iNFRA A CVT (Comiss\u00e3o de Via\u00e7\u00e3o e Transportes) da C\u00e2mara dos Deputados aprovou, nesta segunda-feira (17), um requerimento para a realiza\u00e7\u00e3o de audi\u00eancia p\u00fablica sobre o leil\u00e3o do Tecon Santos 10. O pedido chancelado pelo colegiado quer debater a \u201cgarantia da legalidade e transpar\u00eancia quanto ao procedimento de licita\u00e7\u00e3o\u201d do arrendamento [&hellip;]\" \/>\n<meta property=\"og:url\" content=\"https:\/\/agenciainfra.com\/blog\/comissao-da-camara-aprova-audiencia-para-debater-restricoes-em-leilao-do-tecon-10\/\" \/>\n<meta property=\"og:site_name\" content=\"Ag\u00eancia iNFRA\" \/>\n<meta property=\"article:publisher\" content=\"https:\/\/www.facebook.com\/ageninfra\" \/>\n<meta property=\"article:published_time\" content=\"2025-06-17T21:33:59+00:00\" \/>\n<meta property=\"article:modified_time\" content=\"2025-06-18T22:13:00+00:00\" \/>\n<meta property=\"og:image\" content=\"https:\/\/agenciainfra.com\/blog\/wp-content\/uploads\/2025\/06\/cvt-foto-zeca-ribeiro-camara-dos-deputados.jpg\" \/>\n\t<meta property=\"og:image:width\" content=\"1280\" \/>\n\t<meta property=\"og:image:height\" content=\"789\" \/>\n\t<meta property=\"og:image:type\" content=\"image\/jpeg\" \/>\n<meta name=\"author\" content=\"Ag\u00eancia iNFRA\" \/>\n<meta name=\"twitter:card\" content=\"summary_large_image\" \/>\n<meta name=\"twitter:creator\" content=\"@agencia_infra\" \/>\n<meta name=\"twitter:site\" content=\"@agencia_infra\" \/>\n<meta name=\"twitter:label1\" content=\"Escrito por\" \/>\n\t<meta name=\"twitter:data1\" content=\"Ag\u00eancia iNFRA\" \/>\n\t<meta name=\"twitter:label2\" content=\"Est. tempo de leitura\" \/>\n\t<meta name=\"twitter:data2\" content=\"2 minutos\" \/>\n<script type=\"application\/ld+json\" class=\"yoast-schema-graph\">{\"@context\":\"https:\/\/schema.org\",\"@graph\":[{\"@type\":\"Article\",\"@id\":\"https:\/\/agenciainfra.com\/blog\/comissao-da-camara-aprova-audiencia-para-debater-restricoes-em-leilao-do-tecon-10\/#article\",\"isPartOf\":{\"@id\":\"https:\/\/agenciainfra.com\/blog\/comissao-da-camara-aprova-audiencia-para-debater-restricoes-em-leilao-do-tecon-10\/\"},\"author\":{\"name\":\"Ag\u00eancia iNFRA\",\"@id\":\"https:\/\/agenciainfra.com\/blog\/#\/schema\/person\/34af08dff6adea4cb22b06612ba7acfa\"},\"headline\":\"Comiss\u00e3o da C\u00e2mara aprova audi\u00eancia para debater restri\u00e7\u00f5es em leil\u00e3o do Tecon 10\",\"datePublished\":\"2025-06-17T21:33:59+00:00\",\"dateModified\":\"2025-06-18T22:13:00+00:00\",\"mainEntityOfPage\":{\"@id\":\"https:\/\/agenciainfra.com\/blog\/comissao-da-camara-aprova-audiencia-para-debater-restricoes-em-leilao-do-tecon-10\/\"},\"wordCount\":398,\"publisher\":{\"@id\":\"https:\/\/agenciainfra.com\/blog\/#organization\"},\"image\":{\"@id\":\"https:\/\/agenciainfra.com\/blog\/comissao-da-camara-aprova-audiencia-para-debater-restricoes-em-leilao-do-tecon-10\/#primaryimage\"},\"thumbnailUrl\":\"https:\/\/agenciainfra.com\/blog\/wp-content\/uploads\/2025\/06\/cvt-foto-zeca-ribeiro-camara-dos-deputados.jpg\",\"keywords\":[\"ANTAQ\",\"Comiss\u00e3o de Via\u00e7\u00e3o e Transportes\",\"CVT\",\"Le\u00f4nidas Cristino\",\"Minist\u00e9rio de Portos e Aeroportos\",\"Paulo Alexandre Barbosa\",\"Porto de Santos\",\"TCU\",\"Tecon Santos 10\"],\"articleSection\":[\"Destaque lista\",\"Geral\",\"iNFRATransporte\"],\"inLanguage\":\"pt-BR\",\"copyrightYear\":\"2025\",\"copyrightHolder\":{\"@id\":\"https:\/\/agenciainfra.com\/blog\/#organization\"}},{\"@type\":\"WebPage\",\"@id\":\"https:\/\/agenciainfra.com\/blog\/comissao-da-camara-aprova-audiencia-para-debater-restricoes-em-leilao-do-tecon-10\/\",\"url\":\"https:\/\/agenciainfra.com\/blog\/comissao-da-camara-aprova-audiencia-para-debater-restricoes-em-leilao-do-tecon-10\/\",\"name\":\"Comiss\u00e3o da C\u00e2mara aprova audi\u00eancia para debater restri\u00e7\u00f5es em leil\u00e3o do Tecon 10 - Ag\u00eancia iNFRA\",\"isPartOf\":{\"@id\":\"https:\/\/agenciainfra.com\/blog\/#website\"},\"primaryImageOfPage\":{\"@id\":\"https:\/\/agenciainfra.com\/blog\/comissao-da-camara-aprova-audiencia-para-debater-restricoes-em-leilao-do-tecon-10\/#primaryimage\"},\"image\":{\"@id\":\"https:\/\/agenciainfra.com\/blog\/comissao-da-camara-aprova-audiencia-para-debater-restricoes-em-leilao-do-tecon-10\/#primaryimage\"},\"thumbnailUrl\":\"https:\/\/agenciainfra.com\/blog\/wp-content\/uploads\/2025\/06\/cvt-foto-zeca-ribeiro-camara-dos-deputados.jpg\",\"datePublished\":\"2025-06-17T21:33:59+00:00\",\"dateModified\":\"2025-06-18T22:13:00+00:00\",\"breadcrumb\":{\"@id\":\"https:\/\/agenciainfra.com\/blog\/comissao-da-camara-aprova-audiencia-para-debater-restricoes-em-leilao-do-tecon-10\/#breadcrumb\"},\"inLanguage\":\"pt-BR\",\"potentialAction\":[{\"@type\":\"ReadAction\",\"target\":[\"https:\/\/agenciainfra.com\/blog\/comissao-da-camara-aprova-audiencia-para-debater-restricoes-em-leilao-do-tecon-10\/\"]}]},{\"@type\":\"ImageObject\",\"inLanguage\":\"pt-BR\",\"@id\":\"https:\/\/agenciainfra.com\/blog\/comissao-da-camara-aprova-audiencia-para-debater-restricoes-em-leilao-do-tecon-10\/#primaryimage\",\"url\":\"https:\/\/agenciainfra.com\/blog\/wp-content\/uploads\/2025\/06\/cvt-foto-zeca-ribeiro-camara-dos-deputados.jpg\",\"contentUrl\":\"https:\/\/agenciainfra.com\/blog\/wp-content\/uploads\/2025\/06\/cvt-foto-zeca-ribeiro-camara-dos-deputados.jpg\",\"width\":1280,\"height\":789},{\"@type\":\"BreadcrumbList\",\"@id\":\"https:\/\/agenciainfra.com\/blog\/comissao-da-camara-aprova-audiencia-para-debater-restricoes-em-leilao-do-tecon-10\/#breadcrumb\",\"itemListElement\":[{\"@type\":\"ListItem\",\"position\":1,\"name\":\"In\u00edcio\",\"item\":\"https:\/\/agenciainfra.com\/blog\/\"},{\"@type\":\"ListItem\",\"position\":2,\"name\":\"Comiss\u00e3o da C\u00e2mara aprova audi\u00eancia para debater restri\u00e7\u00f5es em leil\u00e3o do Tecon 10\"}]},{\"@type\":\"WebSite\",\"@id\":\"https:\/\/agenciainfra.com\/blog\/#website\",\"url\":\"https:\/\/agenciainfra.com\/blog\/\",\"name\":\"Ag\u00eancia iNFRA\",\"description\":\"Multiplataforma de informa\u00e7\u00e3o jornal\u00edstica refer\u00eancia na \u00e1rea de infraestrutura no Brasil!\",\"publisher\":{\"@id\":\"https:\/\/agenciainfra.com\/blog\/#organization\"},\"potentialAction\":[{\"@type\":\"SearchAction\",\"target\":{\"@type\":\"EntryPoint\",\"urlTemplate\":\"https:\/\/agenciainfra.com\/blog\/?s={search_term_string}\"},\"query-input\":{\"@type\":\"PropertyValueSpecification\",\"valueRequired\":true,\"valueName\":\"search_term_string\"}}],\"inLanguage\":\"pt-BR\"},{\"@type\":\"Organization\",\"@id\":\"https:\/\/agenciainfra.com\/blog\/#organization\",\"name\":\"Ag\u00eancia iNFRA\",\"url\":\"https:\/\/agenciainfra.com\/blog\/\",\"logo\":{\"@type\":\"ImageObject\",\"inLanguage\":\"pt-BR\",\"@id\":\"https:\/\/agenciainfra.com\/blog\/#\/schema\/logo\/image\/\",\"url\":\"https:\/\/agenciainfra.com\/blog\/wp-content\/uploads\/2023\/09\/iNFRA_5-e1761735885940.png\",\"contentUrl\":\"https:\/\/agenciainfra.com\/blog\/wp-content\/uploads\/2023\/09\/iNFRA_5-e1761735885940.png\",\"width\":1672,\"height\":454,\"caption\":\"Ag\u00eancia iNFRA\"},\"image\":{\"@id\":\"https:\/\/agenciainfra.com\/blog\/#\/schema\/logo\/image\/\"},\"sameAs\":[\"https:\/\/www.facebook.com\/ageninfra\",\"https:\/\/x.com\/agencia_infra\",\"https:\/\/www.linkedin.com\/company\/ag\u00eanciainfra\/\",\"https:\/\/www.instagram.com\/agenciainfra\/\"]},{\"@type\":\"Person\",\"@id\":\"https:\/\/agenciainfra.com\/blog\/#\/schema\/person\/34af08dff6adea4cb22b06612ba7acfa\",\"name\":\"Ag\u00eancia iNFRA\",\"image\":{\"@type\":\"ImageObject\",\"inLanguage\":\"pt-BR\",\"@id\":\"https:\/\/agenciainfra.com\/blog\/#\/schema\/person\/image\/\",\"url\":\"https:\/\/secure.gravatar.com\/avatar\/d189e01678f06d8eb84d4e01f08eb848b3fffe3f8443818d3c356c66892f5be8?s=96&d=mm&r=g\",\"contentUrl\":\"https:\/\/secure.gravatar.com\/avatar\/d189e01678f06d8eb84d4e01f08eb848b3fffe3f8443818d3c356c66892f5be8?s=96&d=mm&r=g\",\"caption\":\"Ag\u00eancia iNFRA\"},\"url\":\"https:\/\/agenciainfra.com\/blog\/author\/admin\/\"}]}<\/script>\n<!-- \/ Yoast SEO Premium plugin. -->","yoast_head_json":{"title":"Comiss\u00e3o da C\u00e2mara aprova audi\u00eancia para debater restri\u00e7\u00f5es em leil\u00e3o do Tecon 10 - Ag\u00eancia iNFRA","robots":{"index":"index","follow":"follow","max-snippet":"max-snippet:-1","max-image-preview":"max-image-preview:large","max-video-preview":"max-video-preview:-1"},"canonical":"https:\/\/agenciainfra.com\/blog\/comissao-da-camara-aprova-audiencia-para-debater-restricoes-em-leilao-do-tecon-10\/","og_locale":"pt_BR","og_type":"article","og_title":"Comiss\u00e3o da C\u00e2mara aprova audi\u00eancia para debater restri\u00e7\u00f5es em leil\u00e3o do Tecon 10","og_description":"Mar\u00edlia Sena, da Ag\u00eancia iNFRA A CVT (Comiss\u00e3o de Via\u00e7\u00e3o e Transportes) da C\u00e2mara dos Deputados aprovou, nesta segunda-feira (17), um requerimento para a realiza\u00e7\u00e3o de audi\u00eancia p\u00fablica sobre o leil\u00e3o do Tecon Santos 10. O pedido chancelado pelo colegiado quer debater a \u201cgarantia da legalidade e transpar\u00eancia quanto ao procedimento de licita\u00e7\u00e3o\u201d do arrendamento [&hellip;]","og_url":"https:\/\/agenciainfra.com\/blog\/comissao-da-camara-aprova-audiencia-para-debater-restricoes-em-leilao-do-tecon-10\/","og_site_name":"Ag\u00eancia iNFRA","article_publisher":"https:\/\/www.facebook.com\/ageninfra","article_published_time":"2025-06-17T21:33:59+00:00","article_modified_time":"2025-06-18T22:13:00+00:00","og_image":[{"width":1280,"height":789,"url":"https:\/\/agenciainfra.com\/blog\/wp-content\/uploads\/2025\/06\/cvt-foto-zeca-ribeiro-camara-dos-deputados.jpg","type":"image\/jpeg"}],"author":"Ag\u00eancia iNFRA","twitter_card":"summary_large_image","twitter_creator":"@agencia_infra","twitter_site":"@agencia_infra","twitter_misc":{"Escrito por":"Ag\u00eancia iNFRA","Est. tempo de leitura":"2 minutos"},"schema":{"@context":"https:\/\/schema.org","@graph":[{"@type":"Article","@id":"https:\/\/agenciainfra.com\/blog\/comissao-da-camara-aprova-audiencia-para-debater-restricoes-em-leilao-do-tecon-10\/#article","isPartOf":{"@id":"https:\/\/agenciainfra.com\/blog\/comissao-da-camara-aprova-audiencia-para-debater-restricoes-em-leilao-do-tecon-10\/"},"author":{"name":"Ag\u00eancia iNFRA","@id":"https:\/\/agenciainfra.com\/blog\/#\/schema\/person\/34af08dff6adea4cb22b06612ba7acfa"},"headline":"Comiss\u00e3o da C\u00e2mara aprova audi\u00eancia para debater restri\u00e7\u00f5es em leil\u00e3o do Tecon 10","datePublished":"2025-06-17T21:33:59+00:00","dateModified":"2025-06-18T22:13:00+00:00","mainEntityOfPage":{"@id":"https:\/\/agenciainfra.com\/blog\/comissao-da-camara-aprova-audiencia-para-debater-restricoes-em-leilao-do-tecon-10\/"},"wordCount":398,"publisher":{"@id":"https:\/\/agenciainfra.com\/blog\/#organization"},"image":{"@id":"https:\/\/agenciainfra.com\/blog\/comissao-da-camara-aprova-audiencia-para-debater-restricoes-em-leilao-do-tecon-10\/#primaryimage"},"thumbnailUrl":"https:\/\/agenciainfra.com\/blog\/wp-content\/uploads\/2025\/06\/cvt-foto-zeca-ribeiro-camara-dos-deputados.jpg","keywords":["ANTAQ","Comiss\u00e3o de Via\u00e7\u00e3o e Transportes","CVT","Le\u00f4nidas Cristino","Minist\u00e9rio de Portos e Aeroportos","Paulo Alexandre Barbosa","Porto de Santos","TCU","Tecon Santos 10"],"articleSection":["Destaque lista","Geral","iNFRATransporte"],"inLanguage":"pt-BR","copyrightYear":"2025","copyrightHolder":{"@id":"https:\/\/agenciainfra.com\/blog\/#organization"}},{"@type":"WebPage","@id":"https:\/\/agenciainfra.com\/blog\/comissao-da-camara-aprova-audiencia-para-debater-restricoes-em-leilao-do-tecon-10\/","url":"https:\/\/agenciainfra.com\/blog\/comissao-da-camara-aprova-audiencia-para-debater-restricoes-em-leilao-do-tecon-10\/","name":"Comiss\u00e3o da C\u00e2mara aprova audi\u00eancia para debater restri\u00e7\u00f5es em leil\u00e3o do Tecon 10 - Ag\u00eancia iNFRA","isPartOf":{"@id":"https:\/\/agenciainfra.com\/blog\/#website"},"primaryImageOfPage":{"@id":"https:\/\/agenciainfra.com\/blog\/comissao-da-camara-aprova-audiencia-para-debater-restricoes-em-leilao-do-tecon-10\/#primaryimage"},"image":{"@id":"https:\/\/agenciainfra.com\/blog\/comissao-da-camara-aprova-audiencia-para-debater-restricoes-em-leilao-do-tecon-10\/#primaryimage"},"thumbnailUrl":"https:\/\/agenciainfra.com\/blog\/wp-content\/uploads\/2025\/06\/cvt-foto-zeca-ribeiro-camara-dos-deputados.jpg","datePublished":"2025-06-17T21:33:59+00:00","dateModified":"2025-06-18T22:13:00+00:00","breadcrumb":{"@id":"https:\/\/agenciainfra.com\/blog\/comissao-da-camara-aprova-audiencia-para-debater-restricoes-em-leilao-do-tecon-10\/#breadcrumb"},"inLanguage":"pt-BR","potentialAction":[{"@type":"ReadAction","target":["https:\/\/agenciainfra.com\/blog\/comissao-da-camara-aprova-audiencia-para-debater-restricoes-em-leilao-do-tecon-10\/"]}]},{"@type":"ImageObject","inLanguage":"pt-BR","@id":"https:\/\/agenciainfra.com\/blog\/comissao-da-camara-aprova-audiencia-para-debater-restricoes-em-leilao-do-tecon-10\/#primaryimage","url":"https:\/\/agenciainfra.com\/blog\/wp-content\/uploads\/2025\/06\/cvt-foto-zeca-ribeiro-camara-dos-deputados.jpg","contentUrl":"https:\/\/agenciainfra.com\/blog\/wp-content\/uploads\/2025\/06\/cvt-foto-zeca-ribeiro-camara-dos-deputados.jpg","width":1280,"height":789},{"@type":"BreadcrumbList","@id":"https:\/\/agenciainfra.com\/blog\/comissao-da-camara-aprova-audiencia-para-debater-restricoes-em-leilao-do-tecon-10\/#breadcrumb","itemListElement":[{"@type":"ListItem","position":1,"name":"In\u00edcio","item":"https:\/\/agenciainfra.com\/blog\/"},{"@type":"ListItem","position":2,"name":"Comiss\u00e3o da C\u00e2mara aprova audi\u00eancia para debater restri\u00e7\u00f5es em leil\u00e3o do Tecon 10"}]},{"@type":"WebSite","@id":"https:\/\/agenciainfra.com\/blog\/#website","url":"https:\/\/agenciainfra.com\/blog\/","name":"Ag\u00eancia iNFRA","description":"Multiplataforma de informa\u00e7\u00e3o jornal\u00edstica refer\u00eancia na \u00e1rea de infraestrutura no Brasil!","publisher":{"@id":"https:\/\/agenciainfra.com\/blog\/#organization"},"potentialAction":[{"@type":"SearchAction","target":{"@type":"EntryPoint","urlTemplate":"https:\/\/agenciainfra.com\/blog\/?s={search_term_string}"},"query-input":{"@type":"PropertyValueSpecification","valueRequired":true,"valueName":"search_term_string"}}],"inLanguage":"pt-BR"},{"@type":"Organization","@id":"https:\/\/agenciainfra.com\/blog\/#organization","name":"Ag\u00eancia iNFRA","url":"https:\/\/agenciainfra.com\/blog\/","logo":{"@type":"ImageObject","inLanguage":"pt-BR","@id":"https:\/\/agenciainfra.com\/blog\/#\/schema\/logo\/image\/","url":"https:\/\/agenciainfra.com\/blog\/wp-content\/uploads\/2023\/09\/iNFRA_5-e1761735885940.png","contentUrl":"https:\/\/agenciainfra.com\/blog\/wp-content\/uploads\/2023\/09\/iNFRA_5-e1761735885940.png","width":1672,"height":454,"caption":"Ag\u00eancia iNFRA"},"image":{"@id":"https:\/\/agenciainfra.com\/blog\/#\/schema\/logo\/image\/"},"sameAs":["https:\/\/www.facebook.com\/ageninfra","https:\/\/x.com\/agencia_infra","https:\/\/www.linkedin.com\/company\/ag\u00eanciainfra\/","https:\/\/www.instagram.com\/agenciainfra\/"]},{"@type":"Person","@id":"https:\/\/agenciainfra.com\/blog\/#\/schema\/person\/34af08dff6adea4cb22b06612ba7acfa","name":"Ag\u00eancia iNFRA","image":{"@type":"ImageObject","inLanguage":"pt-BR","@id":"https:\/\/agenciainfra.com\/blog\/#\/schema\/person\/image\/","url":"https:\/\/secure.gravatar.com\/avatar\/d189e01678f06d8eb84d4e01f08eb848b3fffe3f8443818d3c356c66892f5be8?s=96&d=mm&r=g","contentUrl":"https:\/\/secure.gravatar.com\/avatar\/d189e01678f06d8eb84d4e01f08eb848b3fffe3f8443818d3c356c66892f5be8?s=96&d=mm&r=g","caption":"Ag\u00eancia iNFRA"},"url":"https:\/\/agenciainfra.com\/blog\/author\/admin\/"}]}},"_links":{"self":[{"href":"https:\/\/agenciainfra.com\/blog\/wp-json\/wp\/v2\/posts\/23128","targetHints":{"allow":["GET"]}}],"collection":[{"href":"https:\/\/agenciainfra.com\/blog\/wp-json\/wp\/v2\/posts"}],"about":[{"href":"https:\/\/agenciainfra.com\/blog\/wp-json\/wp\/v2\/types\/post"}],"author":[{"embeddable":true,"href":"https:\/\/agenciainfra.com\/blog\/wp-json\/wp\/v2\/users\/1"}],"replies":[{"embeddable":true,"href":"https:\/\/agenciainfra.com\/blog\/wp-json\/wp\/v2\/comments?post=23128"}],"version-history":[{"count":1,"href":"https:\/\/agenciainfra.com\/blog\/wp-json\/wp\/v2\/posts\/23128\/revisions"}],"predecessor-version":[{"id":23130,"href":"https:\/\/agenciainfra.com\/blog\/wp-json\/wp\/v2\/posts\/23128\/revisions\/23130"}],"wp:featuredmedia":[{"embeddable":true,"href":"https:\/\/agenciainfra.com\/blog\/wp-json\/wp\/v2\/media\/23129"}],"wp:attachment":[{"href":"https:\/\/agenciainfra.com\/blog\/wp-json\/wp\/v2\/media?parent=23128"}],"wp:term":[{"taxonomy":"category","embeddable":true,"href":"https:\/\/agenciainfra.com\/blog\/wp-json\/wp\/v2\/categories?post=23128"},{"taxonomy":"post_tag","embeddable":true,"href":"https:\/\/agenciainfra.com\/blog\/wp-json\/wp\/v2\/tags?post=23128"}],"curies":[{"name":"wp","href":"https:\/\/api.w.org\/{rel}","templated":true}]}}