{"id":23140,"date":"2025-06-17T19:50:45","date_gmt":"2025-06-17T22:50:45","guid":{"rendered":"https:\/\/agenciainfra.com\/blog\/?p=23140"},"modified":"2025-06-17T20:20:54","modified_gmt":"2025-06-17T23:20:54","slug":"transnordestina-recebera-mais-de-r-800-milhoes-por-meio-de-aporte-ao-fdne","status":"publish","type":"post","link":"https:\/\/agenciainfra.com\/blog\/transnordestina-recebera-mais-de-r-800-milhoes-por-meio-de-aporte-ao-fdne\/","title":{"rendered":"Transnordestina receber\u00e1 mais de R$ 800 milh\u00f5es por meio de aporte ao FDNE"},"content":{"rendered":"\n<p class=\"has-text-align-right\"><strong>da Ag\u00eancia Infra<\/strong><\/p>\n\n\n\n<p>Em sess\u00e3o conjunta realizada nesta ter\u00e7a-feira (17), o Congresso Nacional aprovou o <a href=\"https:\/\/www12.senado.leg.br\/noticias\/materias\/2025\/06\/12\/comissao-de-orcamento-aprova-credito-de-r-816-6-mi-para-o-fdne#:~:text=do%20Congresso%20Nacional-,(PLN%203\/2025),-que%20abre%20cr%C3%A9dito\">Projeto de Lei 3\/2025<\/a>, que libera cr\u00e9dito adicional de R$ 816,64 milh\u00f5es para o financiamento da Ferrovia Transnordestina.<\/p>\n\n\n\n<p>O valor ir\u00e1 como aporte ao Fundo de Desenvolvimento do Nordeste (FDNE), representado pela Sudene, que vai adquirir a\u00e7\u00f5es preferenciais da Transnordestina Log\u00edstica S\/A (TLSA). O FDNE j\u00e1 tem participa\u00e7\u00e3o relevante para a Transnordestina por meio do termo&nbsp;<a href=\"https:\/\/www.gov.br\/mdr\/pt-br\/noticias\/liberado-aditivo-de-r-3-6-bilhoes-para-conclusao-da-transnordestina#:~:text=O%20titular%20da%20pasta%2C%20Eduardo,8%20bilh%C3%B5es%20j%C3%A1%20foram%20investidos.\">aditivo de R$ 3,6 bilh\u00f5es<\/a>. Com a aprova\u00e7\u00e3o do PL, passa a ser, tamb\u00e9m, acionista da obra, uma das maiores do Novo Programa de Acelera\u00e7\u00e3o do Crescimento (Novo PAC).<\/p>\n\n\n\n<p>Atualmente, o or\u00e7amento da ferrovia \u00e9 de R$ 15 bilh\u00f5es, e s\u00e3o calculados R$ 7 bilh\u00f5es para a entrega completa da obra. Com extens\u00e3o total aproximada de 1.750 km, a Transnordestina tem previs\u00e3o de iniciar sua opera\u00e7\u00e3o em 2025 em uma fase de comissionamento, j\u00e1 com os primeiros transportes de cargas \u2014 especialmente soja, farelo de soja, milho e calc\u00e1rio.<\/p>\n\n\n\n<p>A ferrovia conectar\u00e1 o Porto do Pec\u00e9m (CE) ao munic\u00edpio de Eliseu Martins (PI) e tem potencial para ampliar o escoamento de min\u00e9rios estrat\u00e9gicos e commodities agr\u00edcolas pela regi\u00e3o portu\u00e1ria.<\/p>\n\n\n\n<p><em>Com informa\u00e7\u00f5es do Minist\u00e9rio da Integra\u00e7\u00e3o e do Desenvolvimento Regional<\/em><\/p>\n\n\n\n<p>Foto: Divulga\u00e7\u00e3o\/TLSA<\/p>\n\n\n\n<p><\/p>\n","protected":false},"excerpt":{"rendered":"<p>da Ag\u00eancia Infra Em sess\u00e3o conjunta realizada nesta ter\u00e7a-feira (17), o Congresso Nacional aprovou o Projeto de Lei 3\/2025, que libera cr\u00e9dito adicional de R$ 816,64 milh\u00f5es para o financiamento da Ferrovia Transnordestina. O valor ir\u00e1 como aporte ao Fundo de Desenvolvimento do Nordeste (FDNE), representado pela Sudene, que vai adquirir a\u00e7\u00f5es preferenciais da Transnordestina [&hellip;]<\/p>\n","protected":false},"author":1,"featured_media":23142,"comment_status":"closed","ping_status":"closed","sticky":false,"template":"","format":"standard","meta":{"_monsterinsights_skip_tracking":false,"_monsterinsights_sitenote_active":false,"_monsterinsights_sitenote_note":"","_monsterinsights_sitenote_category":0,"footnotes":""},"categories":[1,13576],"tags":[6510,12342,5992,13856,1545],"class_list":["post-23140","post","type-post","status-publish","format-standard","has-post-thumbnail","hentry","category-geral","category-giro-infra","tag-fdne","tag-ferrovia-transnordestina","tag-novo-pac","tag-pl-3-2025","tag-tlsa"],"yoast_head":"<!-- This site is optimized with the Yoast SEO Premium plugin v25.4 (Yoast SEO v26.0) - https:\/\/yoast.com\/wordpress\/plugins\/seo\/ -->\n<title>Transnordestina receber\u00e1 mais de R$ 800 milh\u00f5es por meio de aporte ao FDNE - Ag\u00eancia iNFRA<\/title>\n<meta name=\"robots\" content=\"index, follow, max-snippet:-1, max-image-preview:large, max-video-preview:-1\" \/>\n<link rel=\"canonical\" href=\"https:\/\/agenciainfra.com\/blog\/transnordestina-recebera-mais-de-r-800-milhoes-por-meio-de-aporte-ao-fdne\/\" \/>\n<meta property=\"og:locale\" content=\"pt_BR\" \/>\n<meta property=\"og:type\" content=\"article\" \/>\n<meta property=\"og:title\" content=\"Transnordestina receber\u00e1 mais de R$ 800 milh\u00f5es por meio de aporte ao FDNE\" \/>\n<meta property=\"og:description\" content=\"da Ag\u00eancia Infra Em sess\u00e3o conjunta realizada nesta ter\u00e7a-feira (17), o Congresso Nacional aprovou o Projeto de Lei 3\/2025, que libera cr\u00e9dito adicional de R$ 816,64 milh\u00f5es para o financiamento da Ferrovia Transnordestina. O valor ir\u00e1 como aporte ao Fundo de Desenvolvimento do Nordeste (FDNE), representado pela Sudene, que vai adquirir a\u00e7\u00f5es preferenciais da Transnordestina [&hellip;]\" \/>\n<meta property=\"og:url\" content=\"https:\/\/agenciainfra.com\/blog\/transnordestina-recebera-mais-de-r-800-milhoes-por-meio-de-aporte-ao-fdne\/\" \/>\n<meta property=\"og:site_name\" content=\"Ag\u00eancia iNFRA\" \/>\n<meta property=\"article:publisher\" content=\"https:\/\/www.facebook.com\/ageninfra\" \/>\n<meta property=\"article:published_time\" content=\"2025-06-17T22:50:45+00:00\" \/>\n<meta property=\"article:modified_time\" content=\"2025-06-17T23:20:54+00:00\" \/>\n<meta property=\"og:image\" content=\"https:\/\/agenciainfra.com\/blog\/wp-content\/uploads\/2025\/06\/Transnordestina_Divulgacao-TLSA.jpeg\" \/>\n\t<meta property=\"og:image:width\" content=\"768\" \/>\n\t<meta property=\"og:image:height\" content=\"506\" \/>\n\t<meta property=\"og:image:type\" content=\"image\/jpeg\" \/>\n<meta name=\"author\" content=\"Ag\u00eancia iNFRA\" \/>\n<meta name=\"twitter:card\" content=\"summary_large_image\" \/>\n<meta name=\"twitter:creator\" content=\"@agencia_infra\" \/>\n<meta name=\"twitter:site\" content=\"@agencia_infra\" \/>\n<meta name=\"twitter:label1\" content=\"Escrito por\" \/>\n\t<meta name=\"twitter:data1\" content=\"Ag\u00eancia iNFRA\" \/>\n\t<meta name=\"twitter:label2\" content=\"Est. tempo de leitura\" \/>\n\t<meta name=\"twitter:data2\" content=\"1 minuto\" \/>\n<script type=\"application\/ld+json\" class=\"yoast-schema-graph\">{\"@context\":\"https:\/\/schema.org\",\"@graph\":[{\"@type\":\"Article\",\"@id\":\"https:\/\/agenciainfra.com\/blog\/transnordestina-recebera-mais-de-r-800-milhoes-por-meio-de-aporte-ao-fdne\/#article\",\"isPartOf\":{\"@id\":\"https:\/\/agenciainfra.com\/blog\/transnordestina-recebera-mais-de-r-800-milhoes-por-meio-de-aporte-ao-fdne\/\"},\"author\":{\"name\":\"Ag\u00eancia iNFRA\",\"@id\":\"https:\/\/agenciainfra.com\/blog\/#\/schema\/person\/34af08dff6adea4cb22b06612ba7acfa\"},\"headline\":\"Transnordestina receber\u00e1 mais de R$ 800 milh\u00f5es por meio de aporte ao FDNE\",\"datePublished\":\"2025-06-17T22:50:45+00:00\",\"dateModified\":\"2025-06-17T23:20:54+00:00\",\"mainEntityOfPage\":{\"@id\":\"https:\/\/agenciainfra.com\/blog\/transnordestina-recebera-mais-de-r-800-milhoes-por-meio-de-aporte-ao-fdne\/\"},\"wordCount\":239,\"publisher\":{\"@id\":\"https:\/\/agenciainfra.com\/blog\/#organization\"},\"image\":{\"@id\":\"https:\/\/agenciainfra.com\/blog\/transnordestina-recebera-mais-de-r-800-milhoes-por-meio-de-aporte-ao-fdne\/#primaryimage\"},\"thumbnailUrl\":\"https:\/\/agenciainfra.com\/blog\/wp-content\/uploads\/2025\/06\/Transnordestina_Divulgacao-TLSA.jpeg\",\"keywords\":[\"FDNE\",\"Ferrovia Transnordestina\",\"Novo PAC\",\"PL 3\/2025\",\"TLSA\"],\"articleSection\":[\"Geral\",\"Giro iNFRA\"],\"inLanguage\":\"pt-BR\",\"copyrightYear\":\"2025\",\"copyrightHolder\":{\"@id\":\"https:\/\/agenciainfra.com\/blog\/#organization\"}},{\"@type\":\"WebPage\",\"@id\":\"https:\/\/agenciainfra.com\/blog\/transnordestina-recebera-mais-de-r-800-milhoes-por-meio-de-aporte-ao-fdne\/\",\"url\":\"https:\/\/agenciainfra.com\/blog\/transnordestina-recebera-mais-de-r-800-milhoes-por-meio-de-aporte-ao-fdne\/\",\"name\":\"Transnordestina receber\u00e1 mais de R$ 800 milh\u00f5es por meio de aporte ao FDNE - Ag\u00eancia iNFRA\",\"isPartOf\":{\"@id\":\"https:\/\/agenciainfra.com\/blog\/#website\"},\"primaryImageOfPage\":{\"@id\":\"https:\/\/agenciainfra.com\/blog\/transnordestina-recebera-mais-de-r-800-milhoes-por-meio-de-aporte-ao-fdne\/#primaryimage\"},\"image\":{\"@id\":\"https:\/\/agenciainfra.com\/blog\/transnordestina-recebera-mais-de-r-800-milhoes-por-meio-de-aporte-ao-fdne\/#primaryimage\"},\"thumbnailUrl\":\"https:\/\/agenciainfra.com\/blog\/wp-content\/uploads\/2025\/06\/Transnordestina_Divulgacao-TLSA.jpeg\",\"datePublished\":\"2025-06-17T22:50:45+00:00\",\"dateModified\":\"2025-06-17T23:20:54+00:00\",\"breadcrumb\":{\"@id\":\"https:\/\/agenciainfra.com\/blog\/transnordestina-recebera-mais-de-r-800-milhoes-por-meio-de-aporte-ao-fdne\/#breadcrumb\"},\"inLanguage\":\"pt-BR\",\"potentialAction\":[{\"@type\":\"ReadAction\",\"target\":[\"https:\/\/agenciainfra.com\/blog\/transnordestina-recebera-mais-de-r-800-milhoes-por-meio-de-aporte-ao-fdne\/\"]}]},{\"@type\":\"ImageObject\",\"inLanguage\":\"pt-BR\",\"@id\":\"https:\/\/agenciainfra.com\/blog\/transnordestina-recebera-mais-de-r-800-milhoes-por-meio-de-aporte-ao-fdne\/#primaryimage\",\"url\":\"https:\/\/agenciainfra.com\/blog\/wp-content\/uploads\/2025\/06\/Transnordestina_Divulgacao-TLSA.jpeg\",\"contentUrl\":\"https:\/\/agenciainfra.com\/blog\/wp-content\/uploads\/2025\/06\/Transnordestina_Divulgacao-TLSA.jpeg\",\"width\":768,\"height\":506,\"caption\":\"Foto: TLSA\/Divulga\u00e7\u00e3o\"},{\"@type\":\"BreadcrumbList\",\"@id\":\"https:\/\/agenciainfra.com\/blog\/transnordestina-recebera-mais-de-r-800-milhoes-por-meio-de-aporte-ao-fdne\/#breadcrumb\",\"itemListElement\":[{\"@type\":\"ListItem\",\"position\":1,\"name\":\"In\u00edcio\",\"item\":\"https:\/\/agenciainfra.com\/blog\/\"},{\"@type\":\"ListItem\",\"position\":2,\"name\":\"Transnordestina receber\u00e1 mais de R$ 800 milh\u00f5es por meio de aporte ao FDNE\"}]},{\"@type\":\"WebSite\",\"@id\":\"https:\/\/agenciainfra.com\/blog\/#website\",\"url\":\"https:\/\/agenciainfra.com\/blog\/\",\"name\":\"Ag\u00eancia iNFRA\",\"description\":\"Multiplataforma de informa\u00e7\u00e3o jornal\u00edstica refer\u00eancia na \u00e1rea de infraestrutura no Brasil!\",\"publisher\":{\"@id\":\"https:\/\/agenciainfra.com\/blog\/#organization\"},\"potentialAction\":[{\"@type\":\"SearchAction\",\"target\":{\"@type\":\"EntryPoint\",\"urlTemplate\":\"https:\/\/agenciainfra.com\/blog\/?s={search_term_string}\"},\"query-input\":{\"@type\":\"PropertyValueSpecification\",\"valueRequired\":true,\"valueName\":\"search_term_string\"}}],\"inLanguage\":\"pt-BR\"},{\"@type\":\"Organization\",\"@id\":\"https:\/\/agenciainfra.com\/blog\/#organization\",\"name\":\"Ag\u00eancia iNFRA\",\"url\":\"https:\/\/agenciainfra.com\/blog\/\",\"logo\":{\"@type\":\"ImageObject\",\"inLanguage\":\"pt-BR\",\"@id\":\"https:\/\/agenciainfra.com\/blog\/#\/schema\/logo\/image\/\",\"url\":\"https:\/\/agenciainfra.com\/blog\/wp-content\/uploads\/2023\/09\/iNFRA_5-e1761735885940.png\",\"contentUrl\":\"https:\/\/agenciainfra.com\/blog\/wp-content\/uploads\/2023\/09\/iNFRA_5-e1761735885940.png\",\"width\":1672,\"height\":454,\"caption\":\"Ag\u00eancia iNFRA\"},\"image\":{\"@id\":\"https:\/\/agenciainfra.com\/blog\/#\/schema\/logo\/image\/\"},\"sameAs\":[\"https:\/\/www.facebook.com\/ageninfra\",\"https:\/\/x.com\/agencia_infra\",\"https:\/\/www.linkedin.com\/company\/ag\u00eanciainfra\/\",\"https:\/\/www.instagram.com\/agenciainfra\/\"]},{\"@type\":\"Person\",\"@id\":\"https:\/\/agenciainfra.com\/blog\/#\/schema\/person\/34af08dff6adea4cb22b06612ba7acfa\",\"name\":\"Ag\u00eancia iNFRA\",\"image\":{\"@type\":\"ImageObject\",\"inLanguage\":\"pt-BR\",\"@id\":\"https:\/\/agenciainfra.com\/blog\/#\/schema\/person\/image\/\",\"url\":\"https:\/\/secure.gravatar.com\/avatar\/d189e01678f06d8eb84d4e01f08eb848b3fffe3f8443818d3c356c66892f5be8?s=96&d=mm&r=g\",\"contentUrl\":\"https:\/\/secure.gravatar.com\/avatar\/d189e01678f06d8eb84d4e01f08eb848b3fffe3f8443818d3c356c66892f5be8?s=96&d=mm&r=g\",\"caption\":\"Ag\u00eancia iNFRA\"},\"url\":\"https:\/\/agenciainfra.com\/blog\/author\/admin\/\"}]}<\/script>\n<!-- \/ Yoast SEO Premium plugin. -->","yoast_head_json":{"title":"Transnordestina receber\u00e1 mais de R$ 800 milh\u00f5es por meio de aporte ao FDNE - Ag\u00eancia iNFRA","robots":{"index":"index","follow":"follow","max-snippet":"max-snippet:-1","max-image-preview":"max-image-preview:large","max-video-preview":"max-video-preview:-1"},"canonical":"https:\/\/agenciainfra.com\/blog\/transnordestina-recebera-mais-de-r-800-milhoes-por-meio-de-aporte-ao-fdne\/","og_locale":"pt_BR","og_type":"article","og_title":"Transnordestina receber\u00e1 mais de R$ 800 milh\u00f5es por meio de aporte ao FDNE","og_description":"da Ag\u00eancia Infra Em sess\u00e3o conjunta realizada nesta ter\u00e7a-feira (17), o Congresso Nacional aprovou o Projeto de Lei 3\/2025, que libera cr\u00e9dito adicional de R$ 816,64 milh\u00f5es para o financiamento da Ferrovia Transnordestina. O valor ir\u00e1 como aporte ao Fundo de Desenvolvimento do Nordeste (FDNE), representado pela Sudene, que vai adquirir a\u00e7\u00f5es preferenciais da Transnordestina [&hellip;]","og_url":"https:\/\/agenciainfra.com\/blog\/transnordestina-recebera-mais-de-r-800-milhoes-por-meio-de-aporte-ao-fdne\/","og_site_name":"Ag\u00eancia iNFRA","article_publisher":"https:\/\/www.facebook.com\/ageninfra","article_published_time":"2025-06-17T22:50:45+00:00","article_modified_time":"2025-06-17T23:20:54+00:00","og_image":[{"width":768,"height":506,"url":"https:\/\/agenciainfra.com\/blog\/wp-content\/uploads\/2025\/06\/Transnordestina_Divulgacao-TLSA.jpeg","type":"image\/jpeg"}],"author":"Ag\u00eancia iNFRA","twitter_card":"summary_large_image","twitter_creator":"@agencia_infra","twitter_site":"@agencia_infra","twitter_misc":{"Escrito por":"Ag\u00eancia iNFRA","Est. tempo de leitura":"1 minuto"},"schema":{"@context":"https:\/\/schema.org","@graph":[{"@type":"Article","@id":"https:\/\/agenciainfra.com\/blog\/transnordestina-recebera-mais-de-r-800-milhoes-por-meio-de-aporte-ao-fdne\/#article","isPartOf":{"@id":"https:\/\/agenciainfra.com\/blog\/transnordestina-recebera-mais-de-r-800-milhoes-por-meio-de-aporte-ao-fdne\/"},"author":{"name":"Ag\u00eancia iNFRA","@id":"https:\/\/agenciainfra.com\/blog\/#\/schema\/person\/34af08dff6adea4cb22b06612ba7acfa"},"headline":"Transnordestina receber\u00e1 mais de R$ 800 milh\u00f5es por meio de aporte ao FDNE","datePublished":"2025-06-17T22:50:45+00:00","dateModified":"2025-06-17T23:20:54+00:00","mainEntityOfPage":{"@id":"https:\/\/agenciainfra.com\/blog\/transnordestina-recebera-mais-de-r-800-milhoes-por-meio-de-aporte-ao-fdne\/"},"wordCount":239,"publisher":{"@id":"https:\/\/agenciainfra.com\/blog\/#organization"},"image":{"@id":"https:\/\/agenciainfra.com\/blog\/transnordestina-recebera-mais-de-r-800-milhoes-por-meio-de-aporte-ao-fdne\/#primaryimage"},"thumbnailUrl":"https:\/\/agenciainfra.com\/blog\/wp-content\/uploads\/2025\/06\/Transnordestina_Divulgacao-TLSA.jpeg","keywords":["FDNE","Ferrovia Transnordestina","Novo PAC","PL 3\/2025","TLSA"],"articleSection":["Geral","Giro iNFRA"],"inLanguage":"pt-BR","copyrightYear":"2025","copyrightHolder":{"@id":"https:\/\/agenciainfra.com\/blog\/#organization"}},{"@type":"WebPage","@id":"https:\/\/agenciainfra.com\/blog\/transnordestina-recebera-mais-de-r-800-milhoes-por-meio-de-aporte-ao-fdne\/","url":"https:\/\/agenciainfra.com\/blog\/transnordestina-recebera-mais-de-r-800-milhoes-por-meio-de-aporte-ao-fdne\/","name":"Transnordestina receber\u00e1 mais de R$ 800 milh\u00f5es por meio de aporte ao FDNE - Ag\u00eancia iNFRA","isPartOf":{"@id":"https:\/\/agenciainfra.com\/blog\/#website"},"primaryImageOfPage":{"@id":"https:\/\/agenciainfra.com\/blog\/transnordestina-recebera-mais-de-r-800-milhoes-por-meio-de-aporte-ao-fdne\/#primaryimage"},"image":{"@id":"https:\/\/agenciainfra.com\/blog\/transnordestina-recebera-mais-de-r-800-milhoes-por-meio-de-aporte-ao-fdne\/#primaryimage"},"thumbnailUrl":"https:\/\/agenciainfra.com\/blog\/wp-content\/uploads\/2025\/06\/Transnordestina_Divulgacao-TLSA.jpeg","datePublished":"2025-06-17T22:50:45+00:00","dateModified":"2025-06-17T23:20:54+00:00","breadcrumb":{"@id":"https:\/\/agenciainfra.com\/blog\/transnordestina-recebera-mais-de-r-800-milhoes-por-meio-de-aporte-ao-fdne\/#breadcrumb"},"inLanguage":"pt-BR","potentialAction":[{"@type":"ReadAction","target":["https:\/\/agenciainfra.com\/blog\/transnordestina-recebera-mais-de-r-800-milhoes-por-meio-de-aporte-ao-fdne\/"]}]},{"@type":"ImageObject","inLanguage":"pt-BR","@id":"https:\/\/agenciainfra.com\/blog\/transnordestina-recebera-mais-de-r-800-milhoes-por-meio-de-aporte-ao-fdne\/#primaryimage","url":"https:\/\/agenciainfra.com\/blog\/wp-content\/uploads\/2025\/06\/Transnordestina_Divulgacao-TLSA.jpeg","contentUrl":"https:\/\/agenciainfra.com\/blog\/wp-content\/uploads\/2025\/06\/Transnordestina_Divulgacao-TLSA.jpeg","width":768,"height":506,"caption":"Foto: TLSA\/Divulga\u00e7\u00e3o"},{"@type":"BreadcrumbList","@id":"https:\/\/agenciainfra.com\/blog\/transnordestina-recebera-mais-de-r-800-milhoes-por-meio-de-aporte-ao-fdne\/#breadcrumb","itemListElement":[{"@type":"ListItem","position":1,"name":"In\u00edcio","item":"https:\/\/agenciainfra.com\/blog\/"},{"@type":"ListItem","position":2,"name":"Transnordestina receber\u00e1 mais de R$ 800 milh\u00f5es por meio de aporte ao FDNE"}]},{"@type":"WebSite","@id":"https:\/\/agenciainfra.com\/blog\/#website","url":"https:\/\/agenciainfra.com\/blog\/","name":"Ag\u00eancia iNFRA","description":"Multiplataforma de informa\u00e7\u00e3o jornal\u00edstica refer\u00eancia na \u00e1rea de infraestrutura no Brasil!","publisher":{"@id":"https:\/\/agenciainfra.com\/blog\/#organization"},"potentialAction":[{"@type":"SearchAction","target":{"@type":"EntryPoint","urlTemplate":"https:\/\/agenciainfra.com\/blog\/?s={search_term_string}"},"query-input":{"@type":"PropertyValueSpecification","valueRequired":true,"valueName":"search_term_string"}}],"inLanguage":"pt-BR"},{"@type":"Organization","@id":"https:\/\/agenciainfra.com\/blog\/#organization","name":"Ag\u00eancia iNFRA","url":"https:\/\/agenciainfra.com\/blog\/","logo":{"@type":"ImageObject","inLanguage":"pt-BR","@id":"https:\/\/agenciainfra.com\/blog\/#\/schema\/logo\/image\/","url":"https:\/\/agenciainfra.com\/blog\/wp-content\/uploads\/2023\/09\/iNFRA_5-e1761735885940.png","contentUrl":"https:\/\/agenciainfra.com\/blog\/wp-content\/uploads\/2023\/09\/iNFRA_5-e1761735885940.png","width":1672,"height":454,"caption":"Ag\u00eancia iNFRA"},"image":{"@id":"https:\/\/agenciainfra.com\/blog\/#\/schema\/logo\/image\/"},"sameAs":["https:\/\/www.facebook.com\/ageninfra","https:\/\/x.com\/agencia_infra","https:\/\/www.linkedin.com\/company\/ag\u00eanciainfra\/","https:\/\/www.instagram.com\/agenciainfra\/"]},{"@type":"Person","@id":"https:\/\/agenciainfra.com\/blog\/#\/schema\/person\/34af08dff6adea4cb22b06612ba7acfa","name":"Ag\u00eancia iNFRA","image":{"@type":"ImageObject","inLanguage":"pt-BR","@id":"https:\/\/agenciainfra.com\/blog\/#\/schema\/person\/image\/","url":"https:\/\/secure.gravatar.com\/avatar\/d189e01678f06d8eb84d4e01f08eb848b3fffe3f8443818d3c356c66892f5be8?s=96&d=mm&r=g","contentUrl":"https:\/\/secure.gravatar.com\/avatar\/d189e01678f06d8eb84d4e01f08eb848b3fffe3f8443818d3c356c66892f5be8?s=96&d=mm&r=g","caption":"Ag\u00eancia iNFRA"},"url":"https:\/\/agenciainfra.com\/blog\/author\/admin\/"}]}},"_links":{"self":[{"href":"https:\/\/agenciainfra.com\/blog\/wp-json\/wp\/v2\/posts\/23140","targetHints":{"allow":["GET"]}}],"collection":[{"href":"https:\/\/agenciainfra.com\/blog\/wp-json\/wp\/v2\/posts"}],"about":[{"href":"https:\/\/agenciainfra.com\/blog\/wp-json\/wp\/v2\/types\/post"}],"author":[{"embeddable":true,"href":"https:\/\/agenciainfra.com\/blog\/wp-json\/wp\/v2\/users\/1"}],"replies":[{"embeddable":true,"href":"https:\/\/agenciainfra.com\/blog\/wp-json\/wp\/v2\/comments?post=23140"}],"version-history":[{"count":1,"href":"https:\/\/agenciainfra.com\/blog\/wp-json\/wp\/v2\/posts\/23140\/revisions"}],"predecessor-version":[{"id":23145,"href":"https:\/\/agenciainfra.com\/blog\/wp-json\/wp\/v2\/posts\/23140\/revisions\/23145"}],"wp:featuredmedia":[{"embeddable":true,"href":"https:\/\/agenciainfra.com\/blog\/wp-json\/wp\/v2\/media\/23142"}],"wp:attachment":[{"href":"https:\/\/agenciainfra.com\/blog\/wp-json\/wp\/v2\/media?parent=23140"}],"wp:term":[{"taxonomy":"category","embeddable":true,"href":"https:\/\/agenciainfra.com\/blog\/wp-json\/wp\/v2\/categories?post=23140"},{"taxonomy":"post_tag","embeddable":true,"href":"https:\/\/agenciainfra.com\/blog\/wp-json\/wp\/v2\/tags?post=23140"}],"curies":[{"name":"wp","href":"https:\/\/api.w.org\/{rel}","templated":true}]}}