{"id":23168,"date":"2025-06-18T09:00:00","date_gmt":"2025-06-18T12:00:00","guid":{"rendered":"https:\/\/agenciainfra.com\/blog\/?p=23168"},"modified":"2025-06-19T10:27:56","modified_gmt":"2025-06-19T13:27:56","slug":"curtailment-ons-quer-evitar-colapso-do-sistema-com-operacao-da-geracao-distribuida-diz-diretor-geral","status":"publish","type":"post","link":"https:\/\/agenciainfra.com\/blog\/curtailment-ons-quer-evitar-colapso-do-sistema-com-operacao-da-geracao-distribuida-diz-diretor-geral\/","title":{"rendered":"Curtailment: ONS quer evitar &#8216;colapso&#8217; do sistema com opera\u00e7\u00e3o da gera\u00e7\u00e3o distribu\u00edda, diz diretor-geral"},"content":{"rendered":"\n<p class=\"has-text-align-right\"><strong>Marisa Wanzeller, Lais Carregosa e Gabriel Vasconcelos, da Ag\u00eancia iNFRA<\/strong><\/p>\n\n\n\n<p>O ONS (Operador Nacional do Sistema El\u00e9trico) defende o aprimoramento regulat\u00f3rio e tecnol\u00f3gico para que seja poss\u00edvel operar a gera\u00e7\u00e3o distribu\u00edda solar e evitar o desequil\u00edbrio entre\u00a0carga e gera\u00e7\u00e3o.\u00a0O diretor-geral, Marcio Rea, falou \u00e0\u00a0<strong>Ag\u00eancia iNFRA<\/strong>\u00a0que foram mapeados os riscos \u00e0 seguran\u00e7a do sistema, cuja margem de opera\u00e7\u00e3o tem sido limitada pela GD (Gera\u00e7\u00e3o Distribu\u00edda) fotovoltaica.\u00a0A necessidade de gest\u00e3o sobre os pain\u00e9is solares de pequeno porte (que hoje n\u00e3o s\u00e3o de responsabilidade do ONS)\u00a0surgiu ap\u00f3s a elabora\u00e7\u00e3o de um\u00a0<a href=\"https:\/\/agenciainfra.us14.list-manage.com\/track\/click?u=d460dd1bcf9ba0ae040e1fc0f&amp;id=8e55a7107d&amp;e=55b7a27fc9\" target=\"_blank\" rel=\"noreferrer noopener\">relat\u00f3rio<\/a>\u00a0sobre os cen\u00e1rios para as restri\u00e7\u00f5es de gera\u00e7\u00e3o (curtailment), divulgado nesta ter\u00e7a-feira (17).<br><br>&#8220;Os cortes acabam se concentrando apenas na gera\u00e7\u00e3o centralizada, que \u00e9 onde o ONS tem gest\u00e3o, e a gera\u00e7\u00e3o distribu\u00edda, que tamb\u00e9m pressiona o sistema, n\u00e3o entra no rateio das restri\u00e7\u00f5es\u201d, disse Rea. &#8220;As distribuidoras precisam passar a ser operadoras dos sistemas de distribui\u00e7\u00e3o, para que possam ter controle e gest\u00e3o sobre a MMGD [mini gera\u00e7\u00e3o distribu\u00edda solar]. E essa \u00e9 uma das recomenda\u00e7\u00f5es que fazemos no estudo\u201d, completou.\u00a0<br><br>O diretor-geral contou que o operador tem se reunido com a ANEEL (Ag\u00eancia Nacional de Energia El\u00e9trica) para avan\u00e7ar nesse processo, que passa pela defini\u00e7\u00e3o de novos pap\u00e9is para as distribuidoras.<br><br><strong>Cortes de 40 GW<\/strong><br>O documento aponta que, at\u00e9 2029, os cortes podem alcan\u00e7ar 40 GW (gigawatts) em determinados momentos do dia, com restri\u00e7\u00e3o em 84% do tempo no intervalo entre 9h e 15h59min \u2013o per\u00edodo mais cr\u00edtico da opera\u00e7\u00e3o devido \u00e0 maior gera\u00e7\u00e3o fotovoltaica. Esses 40 GW equivalem ao volume de energia que corresponde a tr\u00eas usinas de Itaipu.\u00a0<br><br>\u201cO que temos dito \u00e9 que a nossa capacidade de operar o sistema de uma regi\u00e3o segura depende de nossa margem de controle em rela\u00e7\u00e3o \u00e0 gera\u00e7\u00e3o. E, quando olhamos para o futuro, essa margem de controle vai se reduzindo\u201d, completou o diretor de Planejamento do ONS, Alexandre Zucarato.<br><br>No horizonte at\u00e9 2029, segundo Rea, a motiva\u00e7\u00e3o dos cortes vai deixar de ser confiabilidade e disponibilidade de transmiss\u00e3o, gargalos que tendem a ser resolvidos, e ter\u00e3o a ver com o descompasso entre gera\u00e7\u00e3o e carga no per\u00edodo diurno.\u00a0<br><br>Pesa, nesse cen\u00e1rio, um aumento da capacidade estimada de MMGD dos atuais 40 GW para 64 GW em 2029. &#8220;Esses cortes v\u00e3o acontecer cada vez mais por raz\u00f5es energ\u00e9ticas, devido \u00e0 gera\u00e7\u00e3o maior de renov\u00e1veis do que a demanda. Essas restri\u00e7\u00f5es devem chegar a 10% para a gera\u00e7\u00e3o e\u00f3lica e mais de 20% para a fotovoltaica.\u201d\u00a0<br><br>Zucarato exemplificou que, no in\u00edcio de maio, ap\u00f3s o feriado prolongado do Dia do Trabalhador (1\u00ba de maio), foi necess\u00e1rio cortar 95% da gera\u00e7\u00e3o e\u00f3lica e solar centralizada para poder manter a gera\u00e7\u00e3o igual \u00e0 carga. \u201cQuando o ONS olhou a gera\u00e7\u00e3o m\u00ednima hidr\u00e1ulica e a gera\u00e7\u00e3o m\u00ednima t\u00e9rmica, olhou a carga que sobrou depois da MMGD, n\u00e3o cabia mais nada. Cabia 5% de gera\u00e7\u00e3o das e\u00f3licas e das solares centralizadas&#8221;, afirmou.<br><br>\u201cIsso aconteceu numa hora espec\u00edfica de um dia que acumulou fatores de redu\u00e7\u00e3o de carga: temperatura baixa, v\u00e1rios dias consecutivos com cara de domingo ou feriado, e c\u00e9u limpo \u2013que aumenta a gera\u00e7\u00e3o solar. S\u00f3 que a gente olha para o futuro e esse tipo de fen\u00f4meno, que aconteceu em uma hora espec\u00edfica de um dia no in\u00edcio de maio, come\u00e7a a acontecer com cada vez mais recorr\u00eancia ao longo das horas diurnas&#8221;, declarou o diretor.<br><br>Segundo Zucarato, uma das observa\u00e7\u00f5es feitas no relat\u00f3rio \u00e9 de que, dependendo da oferta projetada para 2029 (se com base no PMO ou nos CUSTs assinados), a falta de carga para gera\u00e7\u00e3o pode variar entre 45% e 85% das horas diurnas. \u00a0<br><br><strong>\u201cColapso\u201d<\/strong><br>Com tais proje\u00e7\u00f5es, o ONS trabalha para evitar o \u201ccolapso\u201d do sistema, que ocorreria quando a gera\u00e7\u00e3o fosse maior do que a carga, mesmo ap\u00f3s o operador cortar 100% da gera\u00e7\u00e3o centralizada, explicou o diretor-geral do operador.<br><br>\u201cExiste uma quest\u00e3o que \u00e9 a participa\u00e7\u00e3o dos efeitos econ\u00f4micos do fen\u00f4meno dos cortes, mas a gente tamb\u00e9m tem uma preocupa\u00e7\u00e3o que, para o ONS \u00e9 a preocupa\u00e7\u00e3o n\u00famero um, que \u00e9 os riscos \u00e0 seguran\u00e7a da opera\u00e7\u00e3o. Perder a capacidade de controlar a gera\u00e7\u00e3o do sistema. E o que a gente &#8216;t\u00e1&#8217; vendo \u00e9 que essa nossa margem de controle, ela \u00e9 limitada porque a gente n\u00e3o tem controle sobre a gera\u00e7\u00e3o distribu\u00edda&#8221;, complementou o diretor Zucarato.<br><br><strong>Regula\u00e7\u00e3o<\/strong><br>Com base nas an\u00e1lises, o relat\u00f3rio recomenda estabelecer um cronograma para viabilizar a opera\u00e7\u00e3o de gera\u00e7\u00e3o distribu\u00edda solar, determinando que todas as usinas Tipo III (aquelas com pot\u00eancia instalada acima de 500 kW em autoconsumo remoto e em gera\u00e7\u00e3o compartilhada) sejam control\u00e1veis at\u00e9 um prazo a ser definido.<br><br>O ONS pondera que deve ser avaliada a inclus\u00e3o da minigera\u00e7\u00e3o distribu\u00edda neste cronograma, bem como\u00a0considerar se a regra se aplicar\u00e1 somente \u00e0s novas usinas ou se abarcar\u00e1 todas, incluindo as j\u00e1 em opera\u00e7\u00e3o. Zucarato ressaltou que essa \u00e9 uma quest\u00e3o regulat\u00f3ria a ser constru\u00edda, no entanto, &#8220;quanto mais tempo levar para ser feita, mais usinas estar\u00e3o na base\u201d.\u00a0<br><br>Assim, o relat\u00f3rio recomenda a cria\u00e7\u00e3o de mecanismos para que as usinas de GD participem das restri\u00e7\u00f5es de curtailment de forma proporcional ao seu impacto no balan\u00e7o carga-gera\u00e7\u00e3o.<br><br><strong>Armazenamento<\/strong><br>Os diretores tamb\u00e9m apontaram para a import\u00e2ncia de aprimorar a regulamenta\u00e7\u00e3o de sistemas de armazenamentos, que podem auxiliar na restri\u00e7\u00e3o da gera\u00e7\u00e3o distribu\u00edda. Em vez de interromper a gera\u00e7\u00e3o de energia, ela poderia ser armazenada em baterias instaladas em outros pontos da cadeia de transmiss\u00e3o para uso no per\u00edodo da noite.<br><br>\u201cUma ideia, talvez, \u00e9 voc\u00ea ter\u00a0nas resid\u00eancias\u00a0uma bateria, com uma maneira de remunerar essa energia. Ou as distribuidoras armazenarem essa energia em baterias, que poderiam ser instaladas nas suas subesta\u00e7\u00f5es\u201d, disse Rea.<br><br>Rea advertiu, no entanto, que sistemas de armazenamento s\u00e3o uma op\u00e7\u00e3o a ser estudada, mas n\u00e3o ser\u00e3o, sozinhos, a solu\u00e7\u00e3o para o curtailment. \u201cEles t\u00eam potencial de trazer ganhos, mas \u00e9 preciso estruturar muito bem o que se pretende com a ado\u00e7\u00e3o de baterias e quais servi\u00e7os podem ser agregados ao armazenamento. No entanto, as baterias n\u00e3o ser\u00e3o a solu\u00e7\u00e3o definitiva dos cortes de gera\u00e7\u00e3o, uma vez que h\u00e1 uma sobreoferta de energia&#8221;, continuou o diretor-geral do ONS.<br><br><strong>Data centers e hidrog\u00eanio<\/strong><br>O diretor de Planejamento do ONS assinalou\u00a0que, apesar de cargas futuras de data centers e plantas de hidrog\u00eanio poderem ajudar a reduzir o curtailment durante o dia, elas exigem o aumento de energia de reserva no sistema.<br><br>\u201cA quest\u00e3o toda \u00e9 que o processo atual de acesso ao sistema de transmiss\u00e3o n\u00e3o \u00e9 compat\u00edvel com cargas desse porte aparecendo da noite para o dia\u201d, afirmou Zucarato. Segundo o diretor, o ONS defende que o governo prepare um arcabou\u00e7o normativo para permitir que o operador possa acomodar essas cargas.<br><br>Atualmente, o governo discute uma MP (Medida Provis\u00f3ria) para estimular a entrada de data centers no Brasil. A ideia \u00e9 incentivar a utiliza\u00e7\u00e3o de energia renov\u00e1vel e conceder isen\u00e7\u00e3o fiscal para atrair os projetos.<br><br>\u201cNa nossa avalia\u00e7\u00e3o, n\u00e3o adianta fazer um esfor\u00e7o enorme para \u2018brotar\u2019 essas cargas da noite para o dia, achando que o sistema vai estar preparado para recepcion\u00e1-las. Isso \u00e9 um trabalho que precisa ser feito, coordenado, e a recomenda\u00e7\u00e3o que damos \u00e9 nesse sentido\u201d, afirmou.<\/p>\n","protected":false},"excerpt":{"rendered":"<p>Marisa Wanzeller, Lais Carregosa e Gabriel Vasconcelos, da Ag\u00eancia iNFRA O ONS (Operador Nacional do Sistema El\u00e9trico) defende o aprimoramento regulat\u00f3rio e tecnol\u00f3gico para que seja poss\u00edvel operar a gera\u00e7\u00e3o distribu\u00edda solar e evitar o desequil\u00edbrio entre\u00a0carga e gera\u00e7\u00e3o.\u00a0O diretor-geral, Marcio Rea, falou \u00e0\u00a0Ag\u00eancia iNFRA\u00a0que foram mapeados os riscos \u00e0 seguran\u00e7a do sistema, cuja margem [&hellip;]<\/p>\n","protected":false},"author":1,"featured_media":23127,"comment_status":"closed","ping_status":"closed","sticky":false,"template":"","format":"standard","meta":{"_monsterinsights_skip_tracking":false,"_monsterinsights_sitenote_active":false,"_monsterinsights_sitenote_note":"","_monsterinsights_sitenote_category":0,"footnotes":""},"categories":[1,10],"tags":[12154,11474,25,13251,850,13132,9635,7366,216,3049],"class_list":["post-23168","post","type-post","status-publish","format-standard","has-post-thumbnail","hentry","category-geral","category-infraenergia","tag-cortes-de-geracao","tag-curtailment","tag-energia","tag-gabriel-vasconcelos","tag-geracao-distribuida","tag-lais-carregosa","tag-marcio-rea","tag-marisa-wanzeller","tag-ons","tag-sistema-eletrico"],"yoast_head":"<!-- This site is optimized with the Yoast SEO Premium plugin v25.4 (Yoast SEO v26.0) - https:\/\/yoast.com\/wordpress\/plugins\/seo\/ -->\n<title>Curtailment: ONS quer evitar &#039;colapso&#039; do sistema com opera\u00e7\u00e3o da gera\u00e7\u00e3o distribu\u00edda, diz diretor-geral - Ag\u00eancia iNFRA<\/title>\n<meta name=\"robots\" content=\"index, follow, max-snippet:-1, max-image-preview:large, max-video-preview:-1\" \/>\n<link rel=\"canonical\" href=\"https:\/\/agenciainfra.com\/blog\/curtailment-ons-quer-evitar-colapso-do-sistema-com-operacao-da-geracao-distribuida-diz-diretor-geral\/\" \/>\n<meta property=\"og:locale\" content=\"pt_BR\" \/>\n<meta property=\"og:type\" content=\"article\" \/>\n<meta property=\"og:title\" content=\"Curtailment: ONS quer evitar &#039;colapso&#039; do sistema com opera\u00e7\u00e3o da gera\u00e7\u00e3o distribu\u00edda, diz diretor-geral\" \/>\n<meta property=\"og:description\" content=\"Marisa Wanzeller, Lais Carregosa e Gabriel Vasconcelos, da Ag\u00eancia iNFRA O ONS (Operador Nacional do Sistema El\u00e9trico) defende o aprimoramento regulat\u00f3rio e tecnol\u00f3gico para que seja poss\u00edvel operar a gera\u00e7\u00e3o distribu\u00edda solar e evitar o desequil\u00edbrio entre\u00a0carga e gera\u00e7\u00e3o.\u00a0O diretor-geral, Marcio Rea, falou \u00e0\u00a0Ag\u00eancia iNFRA\u00a0que foram mapeados os riscos \u00e0 seguran\u00e7a do sistema, cuja margem [&hellip;]\" \/>\n<meta property=\"og:url\" content=\"https:\/\/agenciainfra.com\/blog\/curtailment-ons-quer-evitar-colapso-do-sistema-com-operacao-da-geracao-distribuida-diz-diretor-geral\/\" \/>\n<meta property=\"og:site_name\" content=\"Ag\u00eancia iNFRA\" \/>\n<meta property=\"article:publisher\" content=\"https:\/\/www.facebook.com\/ageninfra\" \/>\n<meta property=\"article:published_time\" content=\"2025-06-18T12:00:00+00:00\" \/>\n<meta property=\"article:modified_time\" content=\"2025-06-19T13:27:56+00:00\" \/>\n<meta property=\"og:image\" content=\"https:\/\/agenciainfra.com\/blog\/wp-content\/uploads\/2025\/06\/marcio-rea-foto-ONS.png\" \/>\n\t<meta property=\"og:image:width\" content=\"1190\" \/>\n\t<meta property=\"og:image:height\" content=\"746\" \/>\n\t<meta property=\"og:image:type\" content=\"image\/png\" \/>\n<meta name=\"author\" content=\"Ag\u00eancia iNFRA\" \/>\n<meta name=\"twitter:card\" content=\"summary_large_image\" \/>\n<meta name=\"twitter:creator\" content=\"@agencia_infra\" \/>\n<meta name=\"twitter:site\" content=\"@agencia_infra\" \/>\n<meta name=\"twitter:label1\" content=\"Escrito por\" \/>\n\t<meta name=\"twitter:data1\" content=\"Ag\u00eancia iNFRA\" \/>\n\t<meta name=\"twitter:label2\" content=\"Est. tempo de leitura\" \/>\n\t<meta name=\"twitter:data2\" content=\"7 minutos\" \/>\n<script type=\"application\/ld+json\" class=\"yoast-schema-graph\">{\"@context\":\"https:\/\/schema.org\",\"@graph\":[{\"@type\":\"Article\",\"@id\":\"https:\/\/agenciainfra.com\/blog\/curtailment-ons-quer-evitar-colapso-do-sistema-com-operacao-da-geracao-distribuida-diz-diretor-geral\/#article\",\"isPartOf\":{\"@id\":\"https:\/\/agenciainfra.com\/blog\/curtailment-ons-quer-evitar-colapso-do-sistema-com-operacao-da-geracao-distribuida-diz-diretor-geral\/\"},\"author\":{\"name\":\"Ag\u00eancia iNFRA\",\"@id\":\"https:\/\/agenciainfra.com\/blog\/#\/schema\/person\/34af08dff6adea4cb22b06612ba7acfa\"},\"headline\":\"Curtailment: ONS quer evitar &#8216;colapso&#8217; do sistema com opera\u00e7\u00e3o da gera\u00e7\u00e3o distribu\u00edda, diz diretor-geral\",\"datePublished\":\"2025-06-18T12:00:00+00:00\",\"dateModified\":\"2025-06-19T13:27:56+00:00\",\"mainEntityOfPage\":{\"@id\":\"https:\/\/agenciainfra.com\/blog\/curtailment-ons-quer-evitar-colapso-do-sistema-com-operacao-da-geracao-distribuida-diz-diretor-geral\/\"},\"wordCount\":1337,\"publisher\":{\"@id\":\"https:\/\/agenciainfra.com\/blog\/#organization\"},\"image\":{\"@id\":\"https:\/\/agenciainfra.com\/blog\/curtailment-ons-quer-evitar-colapso-do-sistema-com-operacao-da-geracao-distribuida-diz-diretor-geral\/#primaryimage\"},\"thumbnailUrl\":\"https:\/\/agenciainfra.com\/blog\/wp-content\/uploads\/2025\/06\/marcio-rea-foto-ONS.png\",\"keywords\":[\"cortes de gera\u00e7\u00e3o\",\"curtailment\",\"energia\",\"Gabriel Vasconcelos\",\"gera\u00e7\u00e3o distribu\u00edda\",\"Lais Carregosa\",\"M\u00e1rcio Rea\",\"Marisa Wanzeller\",\"ONS\",\"sistema el\u00e9trico\"],\"articleSection\":[\"Geral\",\"iNFRAEnergia\"],\"inLanguage\":\"pt-BR\",\"copyrightYear\":\"2025\",\"copyrightHolder\":{\"@id\":\"https:\/\/agenciainfra.com\/blog\/#organization\"}},{\"@type\":\"WebPage\",\"@id\":\"https:\/\/agenciainfra.com\/blog\/curtailment-ons-quer-evitar-colapso-do-sistema-com-operacao-da-geracao-distribuida-diz-diretor-geral\/\",\"url\":\"https:\/\/agenciainfra.com\/blog\/curtailment-ons-quer-evitar-colapso-do-sistema-com-operacao-da-geracao-distribuida-diz-diretor-geral\/\",\"name\":\"Curtailment: ONS quer evitar 'colapso' do sistema com opera\u00e7\u00e3o da gera\u00e7\u00e3o distribu\u00edda, diz diretor-geral - Ag\u00eancia iNFRA\",\"isPartOf\":{\"@id\":\"https:\/\/agenciainfra.com\/blog\/#website\"},\"primaryImageOfPage\":{\"@id\":\"https:\/\/agenciainfra.com\/blog\/curtailment-ons-quer-evitar-colapso-do-sistema-com-operacao-da-geracao-distribuida-diz-diretor-geral\/#primaryimage\"},\"image\":{\"@id\":\"https:\/\/agenciainfra.com\/blog\/curtailment-ons-quer-evitar-colapso-do-sistema-com-operacao-da-geracao-distribuida-diz-diretor-geral\/#primaryimage\"},\"thumbnailUrl\":\"https:\/\/agenciainfra.com\/blog\/wp-content\/uploads\/2025\/06\/marcio-rea-foto-ONS.png\",\"datePublished\":\"2025-06-18T12:00:00+00:00\",\"dateModified\":\"2025-06-19T13:27:56+00:00\",\"breadcrumb\":{\"@id\":\"https:\/\/agenciainfra.com\/blog\/curtailment-ons-quer-evitar-colapso-do-sistema-com-operacao-da-geracao-distribuida-diz-diretor-geral\/#breadcrumb\"},\"inLanguage\":\"pt-BR\",\"potentialAction\":[{\"@type\":\"ReadAction\",\"target\":[\"https:\/\/agenciainfra.com\/blog\/curtailment-ons-quer-evitar-colapso-do-sistema-com-operacao-da-geracao-distribuida-diz-diretor-geral\/\"]}]},{\"@type\":\"ImageObject\",\"inLanguage\":\"pt-BR\",\"@id\":\"https:\/\/agenciainfra.com\/blog\/curtailment-ons-quer-evitar-colapso-do-sistema-com-operacao-da-geracao-distribuida-diz-diretor-geral\/#primaryimage\",\"url\":\"https:\/\/agenciainfra.com\/blog\/wp-content\/uploads\/2025\/06\/marcio-rea-foto-ONS.png\",\"contentUrl\":\"https:\/\/agenciainfra.com\/blog\/wp-content\/uploads\/2025\/06\/marcio-rea-foto-ONS.png\",\"width\":1190,\"height\":746},{\"@type\":\"BreadcrumbList\",\"@id\":\"https:\/\/agenciainfra.com\/blog\/curtailment-ons-quer-evitar-colapso-do-sistema-com-operacao-da-geracao-distribuida-diz-diretor-geral\/#breadcrumb\",\"itemListElement\":[{\"@type\":\"ListItem\",\"position\":1,\"name\":\"In\u00edcio\",\"item\":\"https:\/\/agenciainfra.com\/blog\/\"},{\"@type\":\"ListItem\",\"position\":2,\"name\":\"Curtailment: ONS quer evitar &#8216;colapso&#8217; do sistema com opera\u00e7\u00e3o da gera\u00e7\u00e3o distribu\u00edda, diz diretor-geral\"}]},{\"@type\":\"WebSite\",\"@id\":\"https:\/\/agenciainfra.com\/blog\/#website\",\"url\":\"https:\/\/agenciainfra.com\/blog\/\",\"name\":\"Ag\u00eancia iNFRA\",\"description\":\"Multiplataforma de informa\u00e7\u00e3o jornal\u00edstica refer\u00eancia na \u00e1rea de infraestrutura no Brasil!\",\"publisher\":{\"@id\":\"https:\/\/agenciainfra.com\/blog\/#organization\"},\"potentialAction\":[{\"@type\":\"SearchAction\",\"target\":{\"@type\":\"EntryPoint\",\"urlTemplate\":\"https:\/\/agenciainfra.com\/blog\/?s={search_term_string}\"},\"query-input\":{\"@type\":\"PropertyValueSpecification\",\"valueRequired\":true,\"valueName\":\"search_term_string\"}}],\"inLanguage\":\"pt-BR\"},{\"@type\":\"Organization\",\"@id\":\"https:\/\/agenciainfra.com\/blog\/#organization\",\"name\":\"Ag\u00eancia iNFRA\",\"url\":\"https:\/\/agenciainfra.com\/blog\/\",\"logo\":{\"@type\":\"ImageObject\",\"inLanguage\":\"pt-BR\",\"@id\":\"https:\/\/agenciainfra.com\/blog\/#\/schema\/logo\/image\/\",\"url\":\"https:\/\/agenciainfra.com\/blog\/wp-content\/uploads\/2023\/09\/iNFRA_5-e1761735885940.png\",\"contentUrl\":\"https:\/\/agenciainfra.com\/blog\/wp-content\/uploads\/2023\/09\/iNFRA_5-e1761735885940.png\",\"width\":1672,\"height\":454,\"caption\":\"Ag\u00eancia iNFRA\"},\"image\":{\"@id\":\"https:\/\/agenciainfra.com\/blog\/#\/schema\/logo\/image\/\"},\"sameAs\":[\"https:\/\/www.facebook.com\/ageninfra\",\"https:\/\/x.com\/agencia_infra\",\"https:\/\/www.linkedin.com\/company\/ag\u00eanciainfra\/\",\"https:\/\/www.instagram.com\/agenciainfra\/\"]},{\"@type\":\"Person\",\"@id\":\"https:\/\/agenciainfra.com\/blog\/#\/schema\/person\/34af08dff6adea4cb22b06612ba7acfa\",\"name\":\"Ag\u00eancia iNFRA\",\"image\":{\"@type\":\"ImageObject\",\"inLanguage\":\"pt-BR\",\"@id\":\"https:\/\/agenciainfra.com\/blog\/#\/schema\/person\/image\/\",\"url\":\"https:\/\/secure.gravatar.com\/avatar\/d189e01678f06d8eb84d4e01f08eb848b3fffe3f8443818d3c356c66892f5be8?s=96&d=mm&r=g\",\"contentUrl\":\"https:\/\/secure.gravatar.com\/avatar\/d189e01678f06d8eb84d4e01f08eb848b3fffe3f8443818d3c356c66892f5be8?s=96&d=mm&r=g\",\"caption\":\"Ag\u00eancia iNFRA\"},\"url\":\"https:\/\/agenciainfra.com\/blog\/author\/admin\/\"}]}<\/script>\n<!-- \/ Yoast SEO Premium plugin. -->","yoast_head_json":{"title":"Curtailment: ONS quer evitar 'colapso' do sistema com opera\u00e7\u00e3o da gera\u00e7\u00e3o distribu\u00edda, diz diretor-geral - Ag\u00eancia iNFRA","robots":{"index":"index","follow":"follow","max-snippet":"max-snippet:-1","max-image-preview":"max-image-preview:large","max-video-preview":"max-video-preview:-1"},"canonical":"https:\/\/agenciainfra.com\/blog\/curtailment-ons-quer-evitar-colapso-do-sistema-com-operacao-da-geracao-distribuida-diz-diretor-geral\/","og_locale":"pt_BR","og_type":"article","og_title":"Curtailment: ONS quer evitar 'colapso' do sistema com opera\u00e7\u00e3o da gera\u00e7\u00e3o distribu\u00edda, diz diretor-geral","og_description":"Marisa Wanzeller, Lais Carregosa e Gabriel Vasconcelos, da Ag\u00eancia iNFRA O ONS (Operador Nacional do Sistema El\u00e9trico) defende o aprimoramento regulat\u00f3rio e tecnol\u00f3gico para que seja poss\u00edvel operar a gera\u00e7\u00e3o distribu\u00edda solar e evitar o desequil\u00edbrio entre\u00a0carga e gera\u00e7\u00e3o.\u00a0O diretor-geral, Marcio Rea, falou \u00e0\u00a0Ag\u00eancia iNFRA\u00a0que foram mapeados os riscos \u00e0 seguran\u00e7a do sistema, cuja margem [&hellip;]","og_url":"https:\/\/agenciainfra.com\/blog\/curtailment-ons-quer-evitar-colapso-do-sistema-com-operacao-da-geracao-distribuida-diz-diretor-geral\/","og_site_name":"Ag\u00eancia iNFRA","article_publisher":"https:\/\/www.facebook.com\/ageninfra","article_published_time":"2025-06-18T12:00:00+00:00","article_modified_time":"2025-06-19T13:27:56+00:00","og_image":[{"width":1190,"height":746,"url":"https:\/\/agenciainfra.com\/blog\/wp-content\/uploads\/2025\/06\/marcio-rea-foto-ONS.png","type":"image\/png"}],"author":"Ag\u00eancia iNFRA","twitter_card":"summary_large_image","twitter_creator":"@agencia_infra","twitter_site":"@agencia_infra","twitter_misc":{"Escrito por":"Ag\u00eancia iNFRA","Est. tempo de leitura":"7 minutos"},"schema":{"@context":"https:\/\/schema.org","@graph":[{"@type":"Article","@id":"https:\/\/agenciainfra.com\/blog\/curtailment-ons-quer-evitar-colapso-do-sistema-com-operacao-da-geracao-distribuida-diz-diretor-geral\/#article","isPartOf":{"@id":"https:\/\/agenciainfra.com\/blog\/curtailment-ons-quer-evitar-colapso-do-sistema-com-operacao-da-geracao-distribuida-diz-diretor-geral\/"},"author":{"name":"Ag\u00eancia iNFRA","@id":"https:\/\/agenciainfra.com\/blog\/#\/schema\/person\/34af08dff6adea4cb22b06612ba7acfa"},"headline":"Curtailment: ONS quer evitar &#8216;colapso&#8217; do sistema com opera\u00e7\u00e3o da gera\u00e7\u00e3o distribu\u00edda, diz diretor-geral","datePublished":"2025-06-18T12:00:00+00:00","dateModified":"2025-06-19T13:27:56+00:00","mainEntityOfPage":{"@id":"https:\/\/agenciainfra.com\/blog\/curtailment-ons-quer-evitar-colapso-do-sistema-com-operacao-da-geracao-distribuida-diz-diretor-geral\/"},"wordCount":1337,"publisher":{"@id":"https:\/\/agenciainfra.com\/blog\/#organization"},"image":{"@id":"https:\/\/agenciainfra.com\/blog\/curtailment-ons-quer-evitar-colapso-do-sistema-com-operacao-da-geracao-distribuida-diz-diretor-geral\/#primaryimage"},"thumbnailUrl":"https:\/\/agenciainfra.com\/blog\/wp-content\/uploads\/2025\/06\/marcio-rea-foto-ONS.png","keywords":["cortes de gera\u00e7\u00e3o","curtailment","energia","Gabriel Vasconcelos","gera\u00e7\u00e3o distribu\u00edda","Lais Carregosa","M\u00e1rcio Rea","Marisa Wanzeller","ONS","sistema el\u00e9trico"],"articleSection":["Geral","iNFRAEnergia"],"inLanguage":"pt-BR","copyrightYear":"2025","copyrightHolder":{"@id":"https:\/\/agenciainfra.com\/blog\/#organization"}},{"@type":"WebPage","@id":"https:\/\/agenciainfra.com\/blog\/curtailment-ons-quer-evitar-colapso-do-sistema-com-operacao-da-geracao-distribuida-diz-diretor-geral\/","url":"https:\/\/agenciainfra.com\/blog\/curtailment-ons-quer-evitar-colapso-do-sistema-com-operacao-da-geracao-distribuida-diz-diretor-geral\/","name":"Curtailment: ONS quer evitar 'colapso' do sistema com opera\u00e7\u00e3o da gera\u00e7\u00e3o distribu\u00edda, diz diretor-geral - Ag\u00eancia iNFRA","isPartOf":{"@id":"https:\/\/agenciainfra.com\/blog\/#website"},"primaryImageOfPage":{"@id":"https:\/\/agenciainfra.com\/blog\/curtailment-ons-quer-evitar-colapso-do-sistema-com-operacao-da-geracao-distribuida-diz-diretor-geral\/#primaryimage"},"image":{"@id":"https:\/\/agenciainfra.com\/blog\/curtailment-ons-quer-evitar-colapso-do-sistema-com-operacao-da-geracao-distribuida-diz-diretor-geral\/#primaryimage"},"thumbnailUrl":"https:\/\/agenciainfra.com\/blog\/wp-content\/uploads\/2025\/06\/marcio-rea-foto-ONS.png","datePublished":"2025-06-18T12:00:00+00:00","dateModified":"2025-06-19T13:27:56+00:00","breadcrumb":{"@id":"https:\/\/agenciainfra.com\/blog\/curtailment-ons-quer-evitar-colapso-do-sistema-com-operacao-da-geracao-distribuida-diz-diretor-geral\/#breadcrumb"},"inLanguage":"pt-BR","potentialAction":[{"@type":"ReadAction","target":["https:\/\/agenciainfra.com\/blog\/curtailment-ons-quer-evitar-colapso-do-sistema-com-operacao-da-geracao-distribuida-diz-diretor-geral\/"]}]},{"@type":"ImageObject","inLanguage":"pt-BR","@id":"https:\/\/agenciainfra.com\/blog\/curtailment-ons-quer-evitar-colapso-do-sistema-com-operacao-da-geracao-distribuida-diz-diretor-geral\/#primaryimage","url":"https:\/\/agenciainfra.com\/blog\/wp-content\/uploads\/2025\/06\/marcio-rea-foto-ONS.png","contentUrl":"https:\/\/agenciainfra.com\/blog\/wp-content\/uploads\/2025\/06\/marcio-rea-foto-ONS.png","width":1190,"height":746},{"@type":"BreadcrumbList","@id":"https:\/\/agenciainfra.com\/blog\/curtailment-ons-quer-evitar-colapso-do-sistema-com-operacao-da-geracao-distribuida-diz-diretor-geral\/#breadcrumb","itemListElement":[{"@type":"ListItem","position":1,"name":"In\u00edcio","item":"https:\/\/agenciainfra.com\/blog\/"},{"@type":"ListItem","position":2,"name":"Curtailment: ONS quer evitar &#8216;colapso&#8217; do sistema com opera\u00e7\u00e3o da gera\u00e7\u00e3o distribu\u00edda, diz diretor-geral"}]},{"@type":"WebSite","@id":"https:\/\/agenciainfra.com\/blog\/#website","url":"https:\/\/agenciainfra.com\/blog\/","name":"Ag\u00eancia iNFRA","description":"Multiplataforma de informa\u00e7\u00e3o jornal\u00edstica refer\u00eancia na \u00e1rea de infraestrutura no Brasil!","publisher":{"@id":"https:\/\/agenciainfra.com\/blog\/#organization"},"potentialAction":[{"@type":"SearchAction","target":{"@type":"EntryPoint","urlTemplate":"https:\/\/agenciainfra.com\/blog\/?s={search_term_string}"},"query-input":{"@type":"PropertyValueSpecification","valueRequired":true,"valueName":"search_term_string"}}],"inLanguage":"pt-BR"},{"@type":"Organization","@id":"https:\/\/agenciainfra.com\/blog\/#organization","name":"Ag\u00eancia iNFRA","url":"https:\/\/agenciainfra.com\/blog\/","logo":{"@type":"ImageObject","inLanguage":"pt-BR","@id":"https:\/\/agenciainfra.com\/blog\/#\/schema\/logo\/image\/","url":"https:\/\/agenciainfra.com\/blog\/wp-content\/uploads\/2023\/09\/iNFRA_5-e1761735885940.png","contentUrl":"https:\/\/agenciainfra.com\/blog\/wp-content\/uploads\/2023\/09\/iNFRA_5-e1761735885940.png","width":1672,"height":454,"caption":"Ag\u00eancia iNFRA"},"image":{"@id":"https:\/\/agenciainfra.com\/blog\/#\/schema\/logo\/image\/"},"sameAs":["https:\/\/www.facebook.com\/ageninfra","https:\/\/x.com\/agencia_infra","https:\/\/www.linkedin.com\/company\/ag\u00eanciainfra\/","https:\/\/www.instagram.com\/agenciainfra\/"]},{"@type":"Person","@id":"https:\/\/agenciainfra.com\/blog\/#\/schema\/person\/34af08dff6adea4cb22b06612ba7acfa","name":"Ag\u00eancia iNFRA","image":{"@type":"ImageObject","inLanguage":"pt-BR","@id":"https:\/\/agenciainfra.com\/blog\/#\/schema\/person\/image\/","url":"https:\/\/secure.gravatar.com\/avatar\/d189e01678f06d8eb84d4e01f08eb848b3fffe3f8443818d3c356c66892f5be8?s=96&d=mm&r=g","contentUrl":"https:\/\/secure.gravatar.com\/avatar\/d189e01678f06d8eb84d4e01f08eb848b3fffe3f8443818d3c356c66892f5be8?s=96&d=mm&r=g","caption":"Ag\u00eancia iNFRA"},"url":"https:\/\/agenciainfra.com\/blog\/author\/admin\/"}]}},"_links":{"self":[{"href":"https:\/\/agenciainfra.com\/blog\/wp-json\/wp\/v2\/posts\/23168","targetHints":{"allow":["GET"]}}],"collection":[{"href":"https:\/\/agenciainfra.com\/blog\/wp-json\/wp\/v2\/posts"}],"about":[{"href":"https:\/\/agenciainfra.com\/blog\/wp-json\/wp\/v2\/types\/post"}],"author":[{"embeddable":true,"href":"https:\/\/agenciainfra.com\/blog\/wp-json\/wp\/v2\/users\/1"}],"replies":[{"embeddable":true,"href":"https:\/\/agenciainfra.com\/blog\/wp-json\/wp\/v2\/comments?post=23168"}],"version-history":[{"count":1,"href":"https:\/\/agenciainfra.com\/blog\/wp-json\/wp\/v2\/posts\/23168\/revisions"}],"predecessor-version":[{"id":23169,"href":"https:\/\/agenciainfra.com\/blog\/wp-json\/wp\/v2\/posts\/23168\/revisions\/23169"}],"wp:featuredmedia":[{"embeddable":true,"href":"https:\/\/agenciainfra.com\/blog\/wp-json\/wp\/v2\/media\/23127"}],"wp:attachment":[{"href":"https:\/\/agenciainfra.com\/blog\/wp-json\/wp\/v2\/media?parent=23168"}],"wp:term":[{"taxonomy":"category","embeddable":true,"href":"https:\/\/agenciainfra.com\/blog\/wp-json\/wp\/v2\/categories?post=23168"},{"taxonomy":"post_tag","embeddable":true,"href":"https:\/\/agenciainfra.com\/blog\/wp-json\/wp\/v2\/tags?post=23168"}],"curies":[{"name":"wp","href":"https:\/\/api.w.org\/{rel}","templated":true}]}}