{"id":23199,"date":"2025-06-18T15:42:34","date_gmt":"2025-06-18T18:42:34","guid":{"rendered":"https:\/\/agenciainfra.com\/blog\/?p=23199"},"modified":"2025-06-20T11:34:49","modified_gmt":"2025-06-20T14:34:49","slug":"tcu-adia-por-uma-semana-deliberacao-sobre-acordo-de-solucao-consensual-para-fernao-dias","status":"publish","type":"post","link":"https:\/\/agenciainfra.com\/blog\/tcu-adia-por-uma-semana-deliberacao-sobre-acordo-de-solucao-consensual-para-fernao-dias\/","title":{"rendered":"TCU adia por uma semana delibera\u00e7\u00e3o sobre acordo de solu\u00e7\u00e3o consensual para Fern\u00e3o Dias"},"content":{"rendered":"\n<p class=\"has-text-align-right\"><strong>da Ag\u00eancia iNFRA<\/strong><\/p>\n\n\n\n<p>O TCU (Tribunal de Contas da Uni\u00e3o) adiou para a sess\u00e3o plen\u00e1ria da pr\u00f3xima quarta-feira (25) o julgamento sobre a solu\u00e7\u00e3o consensual da Rodovia Autopista Fern\u00e3o Dias (BR 381\/MG\/SP), da Arteris, processo relatado pelo ministro Bruno Dantas. O pedido de adiamento feito nesta quarta-feira (18) partiu do presidente do tribunal, Vital do R\u00eago. Dantas j\u00e1 antecipou, por sua vez, que se tratar\u00e1 do primeiro caso consensual do setor rodovi\u00e1rio em que houve converg\u00eancia entre as duas unidades t\u00e9cnicas do TCU e tamb\u00e9m do Minist\u00e9rio P\u00fablico de Contas.<\/p>\n\n\n\n<p>&#8220;\u00c9 algo in\u00e9dito os tr\u00eas legitimados para emitir opini\u00e3o t\u00e9cnica no caso, antes do discutir t\u00e9cnico do plen\u00e1rio, trazendo a\u00ed opini\u00f5es favor\u00e1veis \u00e0 homologa\u00e7\u00e3o [do acordo]\u201d, ressaltou o ministro.<\/p>\n\n\n\n<p>Em participa\u00e7\u00e3o remota, por estar em miss\u00e3o oficial, Dantas agradeceu a Vital pelo adiamento que permitir\u00e1 a ele relatar o caso presencialmente. O ministro Antonio Anastasia, que \u00e9 de Minas Gerais, antecipou hoje o seu voto favor\u00e1vel \u00e0 aprova\u00e7\u00e3o do acordo, que, segundo ele, \u00e9 de \u201calt\u00edssima relev\u00e2ncia\u201d para o seu estado.<\/p>\n","protected":false},"excerpt":{"rendered":"<p>da Ag\u00eancia iNFRA O TCU (Tribunal de Contas da Uni\u00e3o) adiou para a sess\u00e3o plen\u00e1ria da pr\u00f3xima quarta-feira (25) o julgamento sobre a solu\u00e7\u00e3o consensual da Rodovia Autopista Fern\u00e3o Dias (BR 381\/MG\/SP), da Arteris, processo relatado pelo ministro Bruno Dantas. O pedido de adiamento feito nesta quarta-feira (18) partiu do presidente do tribunal, Vital do [&hellip;]<\/p>\n","protected":false},"author":1,"featured_media":7397,"comment_status":"closed","ping_status":"closed","sticky":false,"template":"","format":"standard","meta":{"_monsterinsights_skip_tracking":false,"_monsterinsights_sitenote_active":false,"_monsterinsights_sitenote_note":"","_monsterinsights_sitenote_category":0,"footnotes":""},"categories":[1,7],"tags":[4977,13874,396,2341,6379,8489,6995],"class_list":["post-23199","post","type-post","status-publish","format-standard","has-post-thumbnail","hentry","category-geral","category-infratransporte","tag-arteris-fernao-dias","tag-br-381-mg-sp-2","tag-bruno-dantas","tag-fernao-dias","tag-solucao-consensual","tag-tcu-tribunal-de-contas-da-uniao","tag-vital-do-rego-2"],"yoast_head":"<!-- This site is optimized with the Yoast SEO Premium plugin v25.4 (Yoast SEO v26.0) - https:\/\/yoast.com\/wordpress\/plugins\/seo\/ -->\n<title>TCU adia por uma semana delibera\u00e7\u00e3o sobre acordo de solu\u00e7\u00e3o consensual para Fern\u00e3o Dias - Ag\u00eancia iNFRA<\/title>\n<meta name=\"robots\" content=\"index, follow, max-snippet:-1, max-image-preview:large, max-video-preview:-1\" \/>\n<link rel=\"canonical\" href=\"https:\/\/agenciainfra.com\/blog\/tcu-adia-por-uma-semana-deliberacao-sobre-acordo-de-solucao-consensual-para-fernao-dias\/\" \/>\n<meta property=\"og:locale\" content=\"pt_BR\" \/>\n<meta property=\"og:type\" content=\"article\" \/>\n<meta property=\"og:title\" content=\"TCU adia por uma semana delibera\u00e7\u00e3o sobre acordo de solu\u00e7\u00e3o consensual para Fern\u00e3o Dias\" \/>\n<meta property=\"og:description\" content=\"da Ag\u00eancia iNFRA O TCU (Tribunal de Contas da Uni\u00e3o) adiou para a sess\u00e3o plen\u00e1ria da pr\u00f3xima quarta-feira (25) o julgamento sobre a solu\u00e7\u00e3o consensual da Rodovia Autopista Fern\u00e3o Dias (BR 381\/MG\/SP), da Arteris, processo relatado pelo ministro Bruno Dantas. O pedido de adiamento feito nesta quarta-feira (18) partiu do presidente do tribunal, Vital do [&hellip;]\" \/>\n<meta property=\"og:url\" content=\"https:\/\/agenciainfra.com\/blog\/tcu-adia-por-uma-semana-deliberacao-sobre-acordo-de-solucao-consensual-para-fernao-dias\/\" \/>\n<meta property=\"og:site_name\" content=\"Ag\u00eancia iNFRA\" \/>\n<meta property=\"article:publisher\" content=\"https:\/\/www.facebook.com\/ageninfra\" \/>\n<meta property=\"article:published_time\" content=\"2025-06-18T18:42:34+00:00\" \/>\n<meta property=\"article:modified_time\" content=\"2025-06-20T14:34:49+00:00\" \/>\n<meta property=\"og:image\" content=\"https:\/\/agenciainfra.com\/blog\/wp-content\/uploads\/2021\/06\/tcu-foto-leopoldo-silva-agencia-senado.png\" \/>\n\t<meta property=\"og:image:width\" content=\"1280\" \/>\n\t<meta property=\"og:image:height\" content=\"849\" \/>\n\t<meta property=\"og:image:type\" content=\"image\/png\" \/>\n<meta name=\"author\" content=\"Ag\u00eancia iNFRA\" \/>\n<meta name=\"twitter:card\" content=\"summary_large_image\" \/>\n<meta name=\"twitter:creator\" content=\"@agencia_infra\" \/>\n<meta name=\"twitter:site\" content=\"@agencia_infra\" \/>\n<meta name=\"twitter:label1\" content=\"Escrito por\" \/>\n\t<meta name=\"twitter:data1\" content=\"Ag\u00eancia iNFRA\" \/>\n\t<meta name=\"twitter:label2\" content=\"Est. tempo de leitura\" \/>\n\t<meta name=\"twitter:data2\" content=\"1 minuto\" \/>\n<script type=\"application\/ld+json\" class=\"yoast-schema-graph\">{\"@context\":\"https:\/\/schema.org\",\"@graph\":[{\"@type\":\"Article\",\"@id\":\"https:\/\/agenciainfra.com\/blog\/tcu-adia-por-uma-semana-deliberacao-sobre-acordo-de-solucao-consensual-para-fernao-dias\/#article\",\"isPartOf\":{\"@id\":\"https:\/\/agenciainfra.com\/blog\/tcu-adia-por-uma-semana-deliberacao-sobre-acordo-de-solucao-consensual-para-fernao-dias\/\"},\"author\":{\"name\":\"Ag\u00eancia iNFRA\",\"@id\":\"https:\/\/agenciainfra.com\/blog\/#\/schema\/person\/34af08dff6adea4cb22b06612ba7acfa\"},\"headline\":\"TCU adia por uma semana delibera\u00e7\u00e3o sobre acordo de solu\u00e7\u00e3o consensual para Fern\u00e3o Dias\",\"datePublished\":\"2025-06-18T18:42:34+00:00\",\"dateModified\":\"2025-06-20T14:34:49+00:00\",\"mainEntityOfPage\":{\"@id\":\"https:\/\/agenciainfra.com\/blog\/tcu-adia-por-uma-semana-deliberacao-sobre-acordo-de-solucao-consensual-para-fernao-dias\/\"},\"wordCount\":211,\"publisher\":{\"@id\":\"https:\/\/agenciainfra.com\/blog\/#organization\"},\"image\":{\"@id\":\"https:\/\/agenciainfra.com\/blog\/tcu-adia-por-uma-semana-deliberacao-sobre-acordo-de-solucao-consensual-para-fernao-dias\/#primaryimage\"},\"thumbnailUrl\":\"https:\/\/agenciainfra.com\/blog\/wp-content\/uploads\/2021\/06\/tcu-foto-leopoldo-silva-agencia-senado.png\",\"keywords\":[\"Arteris Fern\u00e3o Dias\",\"BR 381\/MG\/SP\",\"Bruno Dantas\",\"Fern\u00e3o Dias\",\"solu\u00e7\u00e3o consensual\",\"TCU (Tribunal de Contas da Uni\u00e3o)\",\"Vital do Rego\"],\"articleSection\":[\"Geral\",\"iNFRATransporte\"],\"inLanguage\":\"pt-BR\",\"copyrightYear\":\"2025\",\"copyrightHolder\":{\"@id\":\"https:\/\/agenciainfra.com\/blog\/#organization\"}},{\"@type\":\"WebPage\",\"@id\":\"https:\/\/agenciainfra.com\/blog\/tcu-adia-por-uma-semana-deliberacao-sobre-acordo-de-solucao-consensual-para-fernao-dias\/\",\"url\":\"https:\/\/agenciainfra.com\/blog\/tcu-adia-por-uma-semana-deliberacao-sobre-acordo-de-solucao-consensual-para-fernao-dias\/\",\"name\":\"TCU adia por uma semana delibera\u00e7\u00e3o sobre acordo de solu\u00e7\u00e3o consensual para Fern\u00e3o Dias - Ag\u00eancia iNFRA\",\"isPartOf\":{\"@id\":\"https:\/\/agenciainfra.com\/blog\/#website\"},\"primaryImageOfPage\":{\"@id\":\"https:\/\/agenciainfra.com\/blog\/tcu-adia-por-uma-semana-deliberacao-sobre-acordo-de-solucao-consensual-para-fernao-dias\/#primaryimage\"},\"image\":{\"@id\":\"https:\/\/agenciainfra.com\/blog\/tcu-adia-por-uma-semana-deliberacao-sobre-acordo-de-solucao-consensual-para-fernao-dias\/#primaryimage\"},\"thumbnailUrl\":\"https:\/\/agenciainfra.com\/blog\/wp-content\/uploads\/2021\/06\/tcu-foto-leopoldo-silva-agencia-senado.png\",\"datePublished\":\"2025-06-18T18:42:34+00:00\",\"dateModified\":\"2025-06-20T14:34:49+00:00\",\"breadcrumb\":{\"@id\":\"https:\/\/agenciainfra.com\/blog\/tcu-adia-por-uma-semana-deliberacao-sobre-acordo-de-solucao-consensual-para-fernao-dias\/#breadcrumb\"},\"inLanguage\":\"pt-BR\",\"potentialAction\":[{\"@type\":\"ReadAction\",\"target\":[\"https:\/\/agenciainfra.com\/blog\/tcu-adia-por-uma-semana-deliberacao-sobre-acordo-de-solucao-consensual-para-fernao-dias\/\"]}]},{\"@type\":\"ImageObject\",\"inLanguage\":\"pt-BR\",\"@id\":\"https:\/\/agenciainfra.com\/blog\/tcu-adia-por-uma-semana-deliberacao-sobre-acordo-de-solucao-consensual-para-fernao-dias\/#primaryimage\",\"url\":\"https:\/\/agenciainfra.com\/blog\/wp-content\/uploads\/2021\/06\/tcu-foto-leopoldo-silva-agencia-senado.png\",\"contentUrl\":\"https:\/\/agenciainfra.com\/blog\/wp-content\/uploads\/2021\/06\/tcu-foto-leopoldo-silva-agencia-senado.png\",\"width\":1280,\"height\":849},{\"@type\":\"BreadcrumbList\",\"@id\":\"https:\/\/agenciainfra.com\/blog\/tcu-adia-por-uma-semana-deliberacao-sobre-acordo-de-solucao-consensual-para-fernao-dias\/#breadcrumb\",\"itemListElement\":[{\"@type\":\"ListItem\",\"position\":1,\"name\":\"In\u00edcio\",\"item\":\"https:\/\/agenciainfra.com\/blog\/\"},{\"@type\":\"ListItem\",\"position\":2,\"name\":\"TCU adia por uma semana delibera\u00e7\u00e3o sobre acordo de solu\u00e7\u00e3o consensual para Fern\u00e3o Dias\"}]},{\"@type\":\"WebSite\",\"@id\":\"https:\/\/agenciainfra.com\/blog\/#website\",\"url\":\"https:\/\/agenciainfra.com\/blog\/\",\"name\":\"Ag\u00eancia iNFRA\",\"description\":\"Multiplataforma de informa\u00e7\u00e3o jornal\u00edstica refer\u00eancia na \u00e1rea de infraestrutura no Brasil!\",\"publisher\":{\"@id\":\"https:\/\/agenciainfra.com\/blog\/#organization\"},\"potentialAction\":[{\"@type\":\"SearchAction\",\"target\":{\"@type\":\"EntryPoint\",\"urlTemplate\":\"https:\/\/agenciainfra.com\/blog\/?s={search_term_string}\"},\"query-input\":{\"@type\":\"PropertyValueSpecification\",\"valueRequired\":true,\"valueName\":\"search_term_string\"}}],\"inLanguage\":\"pt-BR\"},{\"@type\":\"Organization\",\"@id\":\"https:\/\/agenciainfra.com\/blog\/#organization\",\"name\":\"Ag\u00eancia iNFRA\",\"url\":\"https:\/\/agenciainfra.com\/blog\/\",\"logo\":{\"@type\":\"ImageObject\",\"inLanguage\":\"pt-BR\",\"@id\":\"https:\/\/agenciainfra.com\/blog\/#\/schema\/logo\/image\/\",\"url\":\"https:\/\/agenciainfra.com\/blog\/wp-content\/uploads\/2023\/09\/iNFRA_5-e1761735885940.png\",\"contentUrl\":\"https:\/\/agenciainfra.com\/blog\/wp-content\/uploads\/2023\/09\/iNFRA_5-e1761735885940.png\",\"width\":1672,\"height\":454,\"caption\":\"Ag\u00eancia iNFRA\"},\"image\":{\"@id\":\"https:\/\/agenciainfra.com\/blog\/#\/schema\/logo\/image\/\"},\"sameAs\":[\"https:\/\/www.facebook.com\/ageninfra\",\"https:\/\/x.com\/agencia_infra\",\"https:\/\/www.linkedin.com\/company\/ag\u00eanciainfra\/\",\"https:\/\/www.instagram.com\/agenciainfra\/\"]},{\"@type\":\"Person\",\"@id\":\"https:\/\/agenciainfra.com\/blog\/#\/schema\/person\/34af08dff6adea4cb22b06612ba7acfa\",\"name\":\"Ag\u00eancia iNFRA\",\"image\":{\"@type\":\"ImageObject\",\"inLanguage\":\"pt-BR\",\"@id\":\"https:\/\/agenciainfra.com\/blog\/#\/schema\/person\/image\/\",\"url\":\"https:\/\/secure.gravatar.com\/avatar\/d189e01678f06d8eb84d4e01f08eb848b3fffe3f8443818d3c356c66892f5be8?s=96&d=mm&r=g\",\"contentUrl\":\"https:\/\/secure.gravatar.com\/avatar\/d189e01678f06d8eb84d4e01f08eb848b3fffe3f8443818d3c356c66892f5be8?s=96&d=mm&r=g\",\"caption\":\"Ag\u00eancia iNFRA\"},\"url\":\"https:\/\/agenciainfra.com\/blog\/author\/admin\/\"}]}<\/script>\n<!-- \/ Yoast SEO Premium plugin. -->","yoast_head_json":{"title":"TCU adia por uma semana delibera\u00e7\u00e3o sobre acordo de solu\u00e7\u00e3o consensual para Fern\u00e3o Dias - Ag\u00eancia iNFRA","robots":{"index":"index","follow":"follow","max-snippet":"max-snippet:-1","max-image-preview":"max-image-preview:large","max-video-preview":"max-video-preview:-1"},"canonical":"https:\/\/agenciainfra.com\/blog\/tcu-adia-por-uma-semana-deliberacao-sobre-acordo-de-solucao-consensual-para-fernao-dias\/","og_locale":"pt_BR","og_type":"article","og_title":"TCU adia por uma semana delibera\u00e7\u00e3o sobre acordo de solu\u00e7\u00e3o consensual para Fern\u00e3o Dias","og_description":"da Ag\u00eancia iNFRA O TCU (Tribunal de Contas da Uni\u00e3o) adiou para a sess\u00e3o plen\u00e1ria da pr\u00f3xima quarta-feira (25) o julgamento sobre a solu\u00e7\u00e3o consensual da Rodovia Autopista Fern\u00e3o Dias (BR 381\/MG\/SP), da Arteris, processo relatado pelo ministro Bruno Dantas. O pedido de adiamento feito nesta quarta-feira (18) partiu do presidente do tribunal, Vital do [&hellip;]","og_url":"https:\/\/agenciainfra.com\/blog\/tcu-adia-por-uma-semana-deliberacao-sobre-acordo-de-solucao-consensual-para-fernao-dias\/","og_site_name":"Ag\u00eancia iNFRA","article_publisher":"https:\/\/www.facebook.com\/ageninfra","article_published_time":"2025-06-18T18:42:34+00:00","article_modified_time":"2025-06-20T14:34:49+00:00","og_image":[{"width":1280,"height":849,"url":"https:\/\/agenciainfra.com\/blog\/wp-content\/uploads\/2021\/06\/tcu-foto-leopoldo-silva-agencia-senado.png","type":"image\/png"}],"author":"Ag\u00eancia iNFRA","twitter_card":"summary_large_image","twitter_creator":"@agencia_infra","twitter_site":"@agencia_infra","twitter_misc":{"Escrito por":"Ag\u00eancia iNFRA","Est. tempo de leitura":"1 minuto"},"schema":{"@context":"https:\/\/schema.org","@graph":[{"@type":"Article","@id":"https:\/\/agenciainfra.com\/blog\/tcu-adia-por-uma-semana-deliberacao-sobre-acordo-de-solucao-consensual-para-fernao-dias\/#article","isPartOf":{"@id":"https:\/\/agenciainfra.com\/blog\/tcu-adia-por-uma-semana-deliberacao-sobre-acordo-de-solucao-consensual-para-fernao-dias\/"},"author":{"name":"Ag\u00eancia iNFRA","@id":"https:\/\/agenciainfra.com\/blog\/#\/schema\/person\/34af08dff6adea4cb22b06612ba7acfa"},"headline":"TCU adia por uma semana delibera\u00e7\u00e3o sobre acordo de solu\u00e7\u00e3o consensual para Fern\u00e3o Dias","datePublished":"2025-06-18T18:42:34+00:00","dateModified":"2025-06-20T14:34:49+00:00","mainEntityOfPage":{"@id":"https:\/\/agenciainfra.com\/blog\/tcu-adia-por-uma-semana-deliberacao-sobre-acordo-de-solucao-consensual-para-fernao-dias\/"},"wordCount":211,"publisher":{"@id":"https:\/\/agenciainfra.com\/blog\/#organization"},"image":{"@id":"https:\/\/agenciainfra.com\/blog\/tcu-adia-por-uma-semana-deliberacao-sobre-acordo-de-solucao-consensual-para-fernao-dias\/#primaryimage"},"thumbnailUrl":"https:\/\/agenciainfra.com\/blog\/wp-content\/uploads\/2021\/06\/tcu-foto-leopoldo-silva-agencia-senado.png","keywords":["Arteris Fern\u00e3o Dias","BR 381\/MG\/SP","Bruno Dantas","Fern\u00e3o Dias","solu\u00e7\u00e3o consensual","TCU (Tribunal de Contas da Uni\u00e3o)","Vital do Rego"],"articleSection":["Geral","iNFRATransporte"],"inLanguage":"pt-BR","copyrightYear":"2025","copyrightHolder":{"@id":"https:\/\/agenciainfra.com\/blog\/#organization"}},{"@type":"WebPage","@id":"https:\/\/agenciainfra.com\/blog\/tcu-adia-por-uma-semana-deliberacao-sobre-acordo-de-solucao-consensual-para-fernao-dias\/","url":"https:\/\/agenciainfra.com\/blog\/tcu-adia-por-uma-semana-deliberacao-sobre-acordo-de-solucao-consensual-para-fernao-dias\/","name":"TCU adia por uma semana delibera\u00e7\u00e3o sobre acordo de solu\u00e7\u00e3o consensual para Fern\u00e3o Dias - Ag\u00eancia iNFRA","isPartOf":{"@id":"https:\/\/agenciainfra.com\/blog\/#website"},"primaryImageOfPage":{"@id":"https:\/\/agenciainfra.com\/blog\/tcu-adia-por-uma-semana-deliberacao-sobre-acordo-de-solucao-consensual-para-fernao-dias\/#primaryimage"},"image":{"@id":"https:\/\/agenciainfra.com\/blog\/tcu-adia-por-uma-semana-deliberacao-sobre-acordo-de-solucao-consensual-para-fernao-dias\/#primaryimage"},"thumbnailUrl":"https:\/\/agenciainfra.com\/blog\/wp-content\/uploads\/2021\/06\/tcu-foto-leopoldo-silva-agencia-senado.png","datePublished":"2025-06-18T18:42:34+00:00","dateModified":"2025-06-20T14:34:49+00:00","breadcrumb":{"@id":"https:\/\/agenciainfra.com\/blog\/tcu-adia-por-uma-semana-deliberacao-sobre-acordo-de-solucao-consensual-para-fernao-dias\/#breadcrumb"},"inLanguage":"pt-BR","potentialAction":[{"@type":"ReadAction","target":["https:\/\/agenciainfra.com\/blog\/tcu-adia-por-uma-semana-deliberacao-sobre-acordo-de-solucao-consensual-para-fernao-dias\/"]}]},{"@type":"ImageObject","inLanguage":"pt-BR","@id":"https:\/\/agenciainfra.com\/blog\/tcu-adia-por-uma-semana-deliberacao-sobre-acordo-de-solucao-consensual-para-fernao-dias\/#primaryimage","url":"https:\/\/agenciainfra.com\/blog\/wp-content\/uploads\/2021\/06\/tcu-foto-leopoldo-silva-agencia-senado.png","contentUrl":"https:\/\/agenciainfra.com\/blog\/wp-content\/uploads\/2021\/06\/tcu-foto-leopoldo-silva-agencia-senado.png","width":1280,"height":849},{"@type":"BreadcrumbList","@id":"https:\/\/agenciainfra.com\/blog\/tcu-adia-por-uma-semana-deliberacao-sobre-acordo-de-solucao-consensual-para-fernao-dias\/#breadcrumb","itemListElement":[{"@type":"ListItem","position":1,"name":"In\u00edcio","item":"https:\/\/agenciainfra.com\/blog\/"},{"@type":"ListItem","position":2,"name":"TCU adia por uma semana delibera\u00e7\u00e3o sobre acordo de solu\u00e7\u00e3o consensual para Fern\u00e3o Dias"}]},{"@type":"WebSite","@id":"https:\/\/agenciainfra.com\/blog\/#website","url":"https:\/\/agenciainfra.com\/blog\/","name":"Ag\u00eancia iNFRA","description":"Multiplataforma de informa\u00e7\u00e3o jornal\u00edstica refer\u00eancia na \u00e1rea de infraestrutura no Brasil!","publisher":{"@id":"https:\/\/agenciainfra.com\/blog\/#organization"},"potentialAction":[{"@type":"SearchAction","target":{"@type":"EntryPoint","urlTemplate":"https:\/\/agenciainfra.com\/blog\/?s={search_term_string}"},"query-input":{"@type":"PropertyValueSpecification","valueRequired":true,"valueName":"search_term_string"}}],"inLanguage":"pt-BR"},{"@type":"Organization","@id":"https:\/\/agenciainfra.com\/blog\/#organization","name":"Ag\u00eancia iNFRA","url":"https:\/\/agenciainfra.com\/blog\/","logo":{"@type":"ImageObject","inLanguage":"pt-BR","@id":"https:\/\/agenciainfra.com\/blog\/#\/schema\/logo\/image\/","url":"https:\/\/agenciainfra.com\/blog\/wp-content\/uploads\/2023\/09\/iNFRA_5-e1761735885940.png","contentUrl":"https:\/\/agenciainfra.com\/blog\/wp-content\/uploads\/2023\/09\/iNFRA_5-e1761735885940.png","width":1672,"height":454,"caption":"Ag\u00eancia iNFRA"},"image":{"@id":"https:\/\/agenciainfra.com\/blog\/#\/schema\/logo\/image\/"},"sameAs":["https:\/\/www.facebook.com\/ageninfra","https:\/\/x.com\/agencia_infra","https:\/\/www.linkedin.com\/company\/ag\u00eanciainfra\/","https:\/\/www.instagram.com\/agenciainfra\/"]},{"@type":"Person","@id":"https:\/\/agenciainfra.com\/blog\/#\/schema\/person\/34af08dff6adea4cb22b06612ba7acfa","name":"Ag\u00eancia iNFRA","image":{"@type":"ImageObject","inLanguage":"pt-BR","@id":"https:\/\/agenciainfra.com\/blog\/#\/schema\/person\/image\/","url":"https:\/\/secure.gravatar.com\/avatar\/d189e01678f06d8eb84d4e01f08eb848b3fffe3f8443818d3c356c66892f5be8?s=96&d=mm&r=g","contentUrl":"https:\/\/secure.gravatar.com\/avatar\/d189e01678f06d8eb84d4e01f08eb848b3fffe3f8443818d3c356c66892f5be8?s=96&d=mm&r=g","caption":"Ag\u00eancia iNFRA"},"url":"https:\/\/agenciainfra.com\/blog\/author\/admin\/"}]}},"_links":{"self":[{"href":"https:\/\/agenciainfra.com\/blog\/wp-json\/wp\/v2\/posts\/23199","targetHints":{"allow":["GET"]}}],"collection":[{"href":"https:\/\/agenciainfra.com\/blog\/wp-json\/wp\/v2\/posts"}],"about":[{"href":"https:\/\/agenciainfra.com\/blog\/wp-json\/wp\/v2\/types\/post"}],"author":[{"embeddable":true,"href":"https:\/\/agenciainfra.com\/blog\/wp-json\/wp\/v2\/users\/1"}],"replies":[{"embeddable":true,"href":"https:\/\/agenciainfra.com\/blog\/wp-json\/wp\/v2\/comments?post=23199"}],"version-history":[{"count":2,"href":"https:\/\/agenciainfra.com\/blog\/wp-json\/wp\/v2\/posts\/23199\/revisions"}],"predecessor-version":[{"id":23230,"href":"https:\/\/agenciainfra.com\/blog\/wp-json\/wp\/v2\/posts\/23199\/revisions\/23230"}],"wp:featuredmedia":[{"embeddable":true,"href":"https:\/\/agenciainfra.com\/blog\/wp-json\/wp\/v2\/media\/7397"}],"wp:attachment":[{"href":"https:\/\/agenciainfra.com\/blog\/wp-json\/wp\/v2\/media?parent=23199"}],"wp:term":[{"taxonomy":"category","embeddable":true,"href":"https:\/\/agenciainfra.com\/blog\/wp-json\/wp\/v2\/categories?post=23199"},{"taxonomy":"post_tag","embeddable":true,"href":"https:\/\/agenciainfra.com\/blog\/wp-json\/wp\/v2\/tags?post=23199"}],"curies":[{"name":"wp","href":"https:\/\/api.w.org\/{rel}","templated":true}]}}