{"id":2321,"date":"2018-08-15T00:05:26","date_gmt":"2018-08-15T03:05:26","guid":{"rendered":"http:\/\/www.agenciainfra.com\/blog\/?p=2321"},"modified":"2018-08-15T18:04:58","modified_gmt":"2018-08-15T21:04:58","slug":"raquel-dodge-defende-inconstitucionalidade-de-renova-de-concessoes-ferroviarias","status":"publish","type":"post","link":"https:\/\/agenciainfra.com\/blog\/raquel-dodge-defende-inconstitucionalidade-de-renova-de-concessoes-ferroviarias\/","title":{"rendered":"Raquel Dodge defende inconstitucionalidade de renova\u00e7\u00e3o de concess\u00f5es ferrovi\u00e1rias"},"content":{"rendered":"<p style=\"text-align: right;\"><strong>Dimmi Amora, da Ag\u00eancia iNFRA<\/strong><\/p>\n<div>\n<p dir=\"ltr\">A Procuradora-Geral da Rep\u00fablica, Raquel Dodge, impetrou nesta segunda-feira (13)\u00a0<a href=\"https:\/\/agenciainfra.us14.list-manage.com\/track\/click?u=d460dd1bcf9ba0ae040e1fc0f&amp;id=216ad97254&amp;e=0c440aab2b\" target=\"_blank\" rel=\"noopener\" data-saferedirecturl=\"https:\/\/www.google.com\/url?hl=pt-BR&amp;q=https:\/\/agenciainfra.us14.list-manage.com\/track\/click?u%3Dd460dd1bcf9ba0ae040e1fc0f%26id%3D216ad97254%26e%3D0c440aab2b&amp;source=gmail&amp;ust=1534357948213000&amp;usg=AFQjCNEztCnItoBMz6lt3bQU5ffrG_h1bw\">manifesta\u00e7\u00e3o na ADI<\/a>\u00a0(A\u00e7\u00e3o Direta de Inconstitucionalidade) 5684 pedindo liminar para suspender os efeitos de tr\u00eas artigos da Lei 13.448\/2017 sobre a prorroga\u00e7\u00e3o antecipada dos contratos ferrovi\u00e1rios.<\/p>\n<p>A a\u00e7\u00e3o original foi impetrada, em 2017, pela Ferrofrente (Frente Nacional pela Volta das Ferrovias) e distribu\u00edda para o ministro Dias Toffoli, que na \u00e9poca n\u00e3o concedeu a tutela antecipada solicitada pela associa\u00e7\u00e3o que tamb\u00e9m contestava pontos espec\u00edficos da lei. Toffoli deu prazo em maio de 2017 para manifesta\u00e7\u00e3o do governo antes de tomar sua decis\u00e3o.<\/p>\n<p>O pedido original da associa\u00e7\u00e3o tinha contesta\u00e7\u00f5es mais amplas \u00e0 lei e pedia a declara\u00e7\u00e3o de inconstitucionalidade de v\u00e1rios artigos. De acordo com Jos\u00e9 Manoel Ferreira, presidente da associa\u00e7\u00e3o, o processo foi feito com a\u00e7odamento e sem garantir o interesse p\u00fablico. Duas das contesta\u00e7\u00f5es da Ferrofrente s\u00e3o exatamente as mesmas para as quais a procuradora Dodge pede a declara\u00e7\u00e3o de inconstitucionalidade agora.<\/p>\n<p>O primeiro ponto da procuradora refere-se ao artigo 6\u00ba, o que prev\u00ea que as concession\u00e1rias de ferrovias podem fazer a renova\u00e7\u00e3o cumprindo apenas parte dos requisitos de seguran\u00e7a e produ\u00e7\u00e3o ao longo do tempo.<\/p>\n<p>Dodge lembra que esse\u00a0artigo foi flexibilizado pelo parlamento na tramita\u00e7\u00e3o da MP 752, que deu origem \u00e0 lei, na comiss\u00e3o mista que aprovou a medida, como forma de aumentar a quantidade de concession\u00e1rias que poderiam ser enquadradas na renova\u00e7\u00e3o antecipada. Para ela, da forma como est\u00e1 editada, a lei afronta o contrato original.<\/p>\n<p>&#8220;A relativiza\u00e7\u00e3o dos termos contratuais originalmente pactuados demonstra<br \/>\nconiv\u00eancia com concession\u00e1rias que n\u00e3o cumprem suas obriga\u00e7\u00f5es contratuais, com consequ\u00eancias nefastas para a correta execu\u00e7\u00e3o dos seus termos e flagrante ofensa ao interesse p\u00fablico&#8221;, diz o texto que cita especificamente o caso da Rumo Malha Paulista.<\/p>\n<p><strong>Licita\u00e7\u00e3o<\/strong><br \/>\nA procuradora constr\u00f3i seu argumento apontando para o que o Minist\u00e9rio P\u00fablico vem indicando como o caminho para a remodelagem dos contratos ferrovi\u00e1rios no pa\u00eds, a licita\u00e7\u00e3o. Mas, no fim, informa que n\u00e3o est\u00e1 arguindo a inconstitucionalidade da renova\u00e7\u00e3o, mas que ela deve ser feita de acordo com princ\u00edpios constitucionais e &#8220;as regras da licita\u00e7\u00e3o&#8221;.<\/p>\n<p>No caso do artigo 25, que permite que o governo fa\u00e7a novo contrato sem o arrendamento dos bens existentes, repassando para o concession\u00e1rio tudo o que est\u00e1 na concess\u00e3o, a procuradora afirma que a forma como a lei est\u00e1 escrita permite que isso seja feito sem que se conhe\u00e7a o que se est\u00e1 passando atrav\u00e9s de um invent\u00e1rio, o que para ela \u00e9 uma passagem de patrim\u00f4nio p\u00fablico para o setor privado sem qualquer contrapartida.<\/p>\n<p>A defesa dos t\u00e9cnicos na \u00e9poca \u00e9 que, ao fim do pr\u00f3ximo contrato, a companhia tem que entregar a ferrovia operacional, ou seja, com bens capazes de promover o transporte, o que dispensaria o invent\u00e1rio.<\/p>\n<p>O ponto que n\u00e3o havia sido contestado pela Ferrofrente \u00e9 o do artigo 30o da lei, o que prev\u00ea os investimentos em outros trechos ferrovi\u00e1rios. Para a PGR, trata-se de uma viola\u00e7\u00e3o do princ\u00edpio da licita\u00e7\u00e3o e que \u00e9 o estado quem deve contratar as obras.<\/p>\n<p>Os tr\u00eas pontos contestados por Dodge j\u00e1 haviam sido levantados na \u00faltima recomenda\u00e7\u00e3o que a 3a CCR do Minist\u00e9rio P\u00fablico (C\u00e2mara do Consumidor e da Ordem Econ\u00f4mica) enviou ao governo no m\u00eas passado. O parecer de Dodge foi baseado nos trabalhos desenvolvidos pelos procuradores dessa C\u00e2mara, que est\u00e3o acompanhando o processo de renova\u00e7\u00e3o desde o in\u00edcio.<\/p>\n<p>Apesar da a\u00e7\u00e3o da Ferrofrente ter sido distribu\u00edda h\u00e1 mais de um ano e Toffoli j\u00e1 ter se encontrado com representantes de associa\u00e7\u00f5es para tratar do tema, o processo teve poucos movimentos at\u00e9 o momento. Quando despachou pedindo manifesta\u00e7\u00e3o do governo, Toffoli apontou que pretendia fazer um debate em plen\u00e1rio.<\/p>\n<p><strong>Vale e Rumo<\/strong><br \/>\nA a\u00e7\u00e3o do MPF foi impetrada logo ap\u00f3s o governo apresentar os termos para a renova\u00e7\u00e3o antecipada da Vale, conforme informou a\u00a0<strong>Ag\u00eancia iNFRA<\/strong>\u00a0nas \u00faltimas duas edi\u00e7\u00f5es. Foi a segunda concession\u00e1ria a ter o pedido colocado em audi\u00eancia p\u00fablica. A anterior foi a Rumo Malha Paulista.<\/p>\n<p>Em tese, a renova\u00e7\u00e3o da Vale poderia n\u00e3o ser afetada pela declara\u00e7\u00e3o de inconstitucionalidade dos artigos da lei, visto que ela estaria cumprindo as metas em mais anos que o necess\u00e1rio, e\u00a0n\u00e3o tem contrato de arrendamento de bens devido a uma particularidade de sua venda e pode n\u00e3o fazer a obra em outro trecho, a Fico, o que foi determina\u00e7\u00e3o do governo.<\/p>\n<p>Sem os\u00a0pontos contestados, a renova\u00e7\u00e3o da Malha Paulista \u00e9 que poderia ficar mais complexa. Isso porque\u00a0os crit\u00e9rios para a renova\u00e7\u00e3o seriam substancialmente alterados devido aos descumprimentos contratuais da empresa, principalmente em rela\u00e7\u00e3o ao Artigo 6\u00ba.<\/p>\n<\/div>\n","protected":false},"excerpt":{"rendered":"<p>Dimmi Amora, da Ag\u00eancia iNFRA A Procuradora-Geral da Rep\u00fablica, Raquel Dodge, impetrou nesta segunda-feira (13)\u00a0manifesta\u00e7\u00e3o na ADI\u00a0(A\u00e7\u00e3o Direta de Inconstitucionalidade) 5684 pedindo liminar para suspender os efeitos de tr\u00eas artigos da Lei 13.448\/2017 sobre a prorroga\u00e7\u00e3o antecipada dos contratos ferrovi\u00e1rios. A a\u00e7\u00e3o original foi impetrada, em 2017, pela Ferrofrente (Frente Nacional pela Volta das Ferrovias) [&hellip;]<\/p>\n","protected":false},"author":1,"featured_media":2322,"comment_status":"closed","ping_status":"open","sticky":false,"template":"","format":"standard","meta":{"_monsterinsights_skip_tracking":false,"_monsterinsights_sitenote_active":false,"_monsterinsights_sitenote_note":"","_monsterinsights_sitenote_category":0,"footnotes":""},"categories":[7],"tags":[563,564,316,85,561,562,80,83],"class_list":["post-2321","post","type-post","status-publish","format-standard","has-post-thumbnail","hentry","category-infratransporte","tag-concessoes-ferroviarias","tag-ferrofrente","tag-licitacao","tag-malha-paulista","tag-pgr","tag-raquel-dodge","tag-rumo","tag-vale"],"yoast_head":"<!-- This site is optimized with the Yoast SEO Premium plugin v25.4 (Yoast SEO v26.0) - https:\/\/yoast.com\/wordpress\/plugins\/seo\/ -->\n<title>Raquel Dodge defende inconstitucionalidade de renova\u00e7\u00e3o de concess\u00f5es ferrovi\u00e1rias - Ag\u00eancia iNFRA<\/title>\n<meta name=\"robots\" content=\"index, follow, max-snippet:-1, max-image-preview:large, max-video-preview:-1\" \/>\n<link rel=\"canonical\" href=\"https:\/\/agenciainfra.com\/blog\/raquel-dodge-defende-inconstitucionalidade-de-renova-de-concessoes-ferroviarias\/\" \/>\n<meta property=\"og:locale\" content=\"pt_BR\" \/>\n<meta property=\"og:type\" content=\"article\" \/>\n<meta property=\"og:title\" content=\"Raquel Dodge defende inconstitucionalidade de renova\u00e7\u00e3o de concess\u00f5es ferrovi\u00e1rias\" \/>\n<meta property=\"og:description\" content=\"Dimmi Amora, da Ag\u00eancia iNFRA A Procuradora-Geral da Rep\u00fablica, Raquel Dodge, impetrou nesta segunda-feira (13)\u00a0manifesta\u00e7\u00e3o na ADI\u00a0(A\u00e7\u00e3o Direta de Inconstitucionalidade) 5684 pedindo liminar para suspender os efeitos de tr\u00eas artigos da Lei 13.448\/2017 sobre a prorroga\u00e7\u00e3o antecipada dos contratos ferrovi\u00e1rios. A a\u00e7\u00e3o original foi impetrada, em 2017, pela Ferrofrente (Frente Nacional pela Volta das Ferrovias) [&hellip;]\" \/>\n<meta property=\"og:url\" content=\"https:\/\/agenciainfra.com\/blog\/raquel-dodge-defende-inconstitucionalidade-de-renova-de-concessoes-ferroviarias\/\" \/>\n<meta property=\"og:site_name\" content=\"Ag\u00eancia iNFRA\" \/>\n<meta property=\"article:publisher\" content=\"https:\/\/www.facebook.com\/ageninfra\" \/>\n<meta property=\"article:published_time\" content=\"2018-08-15T03:05:26+00:00\" \/>\n<meta property=\"article:modified_time\" content=\"2018-08-15T21:04:58+00:00\" \/>\n<meta property=\"og:image\" content=\"https:\/\/agenciainfra.com\/blog\/wp-content\/uploads\/2018\/08\/fiol_divulgacao_valec_14_06_2018.jpg\" \/>\n\t<meta property=\"og:image:width\" content=\"900\" \/>\n\t<meta property=\"og:image:height\" content=\"1200\" \/>\n\t<meta property=\"og:image:type\" content=\"image\/jpeg\" \/>\n<meta name=\"author\" content=\"Ag\u00eancia iNFRA\" \/>\n<meta name=\"twitter:card\" content=\"summary_large_image\" \/>\n<meta name=\"twitter:creator\" content=\"@agencia_infra\" \/>\n<meta name=\"twitter:site\" content=\"@agencia_infra\" \/>\n<meta name=\"twitter:label1\" content=\"Escrito por\" \/>\n\t<meta name=\"twitter:data1\" content=\"Ag\u00eancia iNFRA\" \/>\n\t<meta name=\"twitter:label2\" content=\"Est. tempo de leitura\" \/>\n\t<meta name=\"twitter:data2\" content=\"4 minutos\" \/>\n<script type=\"application\/ld+json\" class=\"yoast-schema-graph\">{\"@context\":\"https:\/\/schema.org\",\"@graph\":[{\"@type\":\"Article\",\"@id\":\"https:\/\/agenciainfra.com\/blog\/raquel-dodge-defende-inconstitucionalidade-de-renova-de-concessoes-ferroviarias\/#article\",\"isPartOf\":{\"@id\":\"https:\/\/agenciainfra.com\/blog\/raquel-dodge-defende-inconstitucionalidade-de-renova-de-concessoes-ferroviarias\/\"},\"author\":{\"name\":\"Ag\u00eancia iNFRA\",\"@id\":\"https:\/\/agenciainfra.com\/blog\/#\/schema\/person\/34af08dff6adea4cb22b06612ba7acfa\"},\"headline\":\"Raquel Dodge defende inconstitucionalidade de renova\u00e7\u00e3o de concess\u00f5es ferrovi\u00e1rias\",\"datePublished\":\"2018-08-15T03:05:26+00:00\",\"dateModified\":\"2018-08-15T21:04:58+00:00\",\"mainEntityOfPage\":{\"@id\":\"https:\/\/agenciainfra.com\/blog\/raquel-dodge-defende-inconstitucionalidade-de-renova-de-concessoes-ferroviarias\/\"},\"wordCount\":860,\"publisher\":{\"@id\":\"https:\/\/agenciainfra.com\/blog\/#organization\"},\"image\":{\"@id\":\"https:\/\/agenciainfra.com\/blog\/raquel-dodge-defende-inconstitucionalidade-de-renova-de-concessoes-ferroviarias\/#primaryimage\"},\"thumbnailUrl\":\"https:\/\/agenciainfra.com\/blog\/wp-content\/uploads\/2018\/08\/fiol_divulgacao_valec_14_06_2018-e1751454060371.jpg\",\"keywords\":[\"concess\u00f5es ferrovi\u00e1rias\",\"Ferrofrente\",\"licita\u00e7\u00e3o\",\"Malha Paulista\",\"PGR\",\"Raquel Dodge\",\"Rumo\",\"Vale\"],\"articleSection\":[\"iNFRATransporte\"],\"inLanguage\":\"pt-BR\",\"copyrightYear\":\"2018\",\"copyrightHolder\":{\"@id\":\"https:\/\/agenciainfra.com\/blog\/#organization\"}},{\"@type\":\"WebPage\",\"@id\":\"https:\/\/agenciainfra.com\/blog\/raquel-dodge-defende-inconstitucionalidade-de-renova-de-concessoes-ferroviarias\/\",\"url\":\"https:\/\/agenciainfra.com\/blog\/raquel-dodge-defende-inconstitucionalidade-de-renova-de-concessoes-ferroviarias\/\",\"name\":\"Raquel Dodge defende inconstitucionalidade de renova\u00e7\u00e3o de concess\u00f5es ferrovi\u00e1rias - Ag\u00eancia iNFRA\",\"isPartOf\":{\"@id\":\"https:\/\/agenciainfra.com\/blog\/#website\"},\"primaryImageOfPage\":{\"@id\":\"https:\/\/agenciainfra.com\/blog\/raquel-dodge-defende-inconstitucionalidade-de-renova-de-concessoes-ferroviarias\/#primaryimage\"},\"image\":{\"@id\":\"https:\/\/agenciainfra.com\/blog\/raquel-dodge-defende-inconstitucionalidade-de-renova-de-concessoes-ferroviarias\/#primaryimage\"},\"thumbnailUrl\":\"https:\/\/agenciainfra.com\/blog\/wp-content\/uploads\/2018\/08\/fiol_divulgacao_valec_14_06_2018-e1751454060371.jpg\",\"datePublished\":\"2018-08-15T03:05:26+00:00\",\"dateModified\":\"2018-08-15T21:04:58+00:00\",\"breadcrumb\":{\"@id\":\"https:\/\/agenciainfra.com\/blog\/raquel-dodge-defende-inconstitucionalidade-de-renova-de-concessoes-ferroviarias\/#breadcrumb\"},\"inLanguage\":\"pt-BR\",\"potentialAction\":[{\"@type\":\"ReadAction\",\"target\":[\"https:\/\/agenciainfra.com\/blog\/raquel-dodge-defende-inconstitucionalidade-de-renova-de-concessoes-ferroviarias\/\"]}]},{\"@type\":\"ImageObject\",\"inLanguage\":\"pt-BR\",\"@id\":\"https:\/\/agenciainfra.com\/blog\/raquel-dodge-defende-inconstitucionalidade-de-renova-de-concessoes-ferroviarias\/#primaryimage\",\"url\":\"https:\/\/agenciainfra.com\/blog\/wp-content\/uploads\/2018\/08\/fiol_divulgacao_valec_14_06_2018-e1751454060371.jpg\",\"contentUrl\":\"https:\/\/agenciainfra.com\/blog\/wp-content\/uploads\/2018\/08\/fiol_divulgacao_valec_14_06_2018-e1751454060371.jpg\",\"width\":900,\"height\":482},{\"@type\":\"BreadcrumbList\",\"@id\":\"https:\/\/agenciainfra.com\/blog\/raquel-dodge-defende-inconstitucionalidade-de-renova-de-concessoes-ferroviarias\/#breadcrumb\",\"itemListElement\":[{\"@type\":\"ListItem\",\"position\":1,\"name\":\"In\u00edcio\",\"item\":\"https:\/\/agenciainfra.com\/blog\/\"},{\"@type\":\"ListItem\",\"position\":2,\"name\":\"Raquel Dodge defende inconstitucionalidade de renova\u00e7\u00e3o de concess\u00f5es ferrovi\u00e1rias\"}]},{\"@type\":\"WebSite\",\"@id\":\"https:\/\/agenciainfra.com\/blog\/#website\",\"url\":\"https:\/\/agenciainfra.com\/blog\/\",\"name\":\"Ag\u00eancia iNFRA\",\"description\":\"Multiplataforma de informa\u00e7\u00e3o jornal\u00edstica refer\u00eancia na \u00e1rea de infraestrutura no Brasil!\",\"publisher\":{\"@id\":\"https:\/\/agenciainfra.com\/blog\/#organization\"},\"potentialAction\":[{\"@type\":\"SearchAction\",\"target\":{\"@type\":\"EntryPoint\",\"urlTemplate\":\"https:\/\/agenciainfra.com\/blog\/?s={search_term_string}\"},\"query-input\":{\"@type\":\"PropertyValueSpecification\",\"valueRequired\":true,\"valueName\":\"search_term_string\"}}],\"inLanguage\":\"pt-BR\"},{\"@type\":\"Organization\",\"@id\":\"https:\/\/agenciainfra.com\/blog\/#organization\",\"name\":\"Ag\u00eancia iNFRA\",\"url\":\"https:\/\/agenciainfra.com\/blog\/\",\"logo\":{\"@type\":\"ImageObject\",\"inLanguage\":\"pt-BR\",\"@id\":\"https:\/\/agenciainfra.com\/blog\/#\/schema\/logo\/image\/\",\"url\":\"https:\/\/agenciainfra.com\/blog\/wp-content\/uploads\/2023\/09\/iNFRA_5-e1761735885940.png\",\"contentUrl\":\"https:\/\/agenciainfra.com\/blog\/wp-content\/uploads\/2023\/09\/iNFRA_5-e1761735885940.png\",\"width\":1672,\"height\":454,\"caption\":\"Ag\u00eancia iNFRA\"},\"image\":{\"@id\":\"https:\/\/agenciainfra.com\/blog\/#\/schema\/logo\/image\/\"},\"sameAs\":[\"https:\/\/www.facebook.com\/ageninfra\",\"https:\/\/x.com\/agencia_infra\",\"https:\/\/www.linkedin.com\/company\/ag\u00eanciainfra\/\",\"https:\/\/www.instagram.com\/agenciainfra\/\"]},{\"@type\":\"Person\",\"@id\":\"https:\/\/agenciainfra.com\/blog\/#\/schema\/person\/34af08dff6adea4cb22b06612ba7acfa\",\"name\":\"Ag\u00eancia iNFRA\",\"image\":{\"@type\":\"ImageObject\",\"inLanguage\":\"pt-BR\",\"@id\":\"https:\/\/agenciainfra.com\/blog\/#\/schema\/person\/image\/\",\"url\":\"https:\/\/secure.gravatar.com\/avatar\/d189e01678f06d8eb84d4e01f08eb848b3fffe3f8443818d3c356c66892f5be8?s=96&d=mm&r=g\",\"contentUrl\":\"https:\/\/secure.gravatar.com\/avatar\/d189e01678f06d8eb84d4e01f08eb848b3fffe3f8443818d3c356c66892f5be8?s=96&d=mm&r=g\",\"caption\":\"Ag\u00eancia iNFRA\"},\"url\":\"https:\/\/agenciainfra.com\/blog\/author\/admin\/\"}]}<\/script>\n<!-- \/ Yoast SEO Premium plugin. -->","yoast_head_json":{"title":"Raquel Dodge defende inconstitucionalidade de renova\u00e7\u00e3o de concess\u00f5es ferrovi\u00e1rias - Ag\u00eancia iNFRA","robots":{"index":"index","follow":"follow","max-snippet":"max-snippet:-1","max-image-preview":"max-image-preview:large","max-video-preview":"max-video-preview:-1"},"canonical":"https:\/\/agenciainfra.com\/blog\/raquel-dodge-defende-inconstitucionalidade-de-renova-de-concessoes-ferroviarias\/","og_locale":"pt_BR","og_type":"article","og_title":"Raquel Dodge defende inconstitucionalidade de renova\u00e7\u00e3o de concess\u00f5es ferrovi\u00e1rias","og_description":"Dimmi Amora, da Ag\u00eancia iNFRA A Procuradora-Geral da Rep\u00fablica, Raquel Dodge, impetrou nesta segunda-feira (13)\u00a0manifesta\u00e7\u00e3o na ADI\u00a0(A\u00e7\u00e3o Direta de Inconstitucionalidade) 5684 pedindo liminar para suspender os efeitos de tr\u00eas artigos da Lei 13.448\/2017 sobre a prorroga\u00e7\u00e3o antecipada dos contratos ferrovi\u00e1rios. A a\u00e7\u00e3o original foi impetrada, em 2017, pela Ferrofrente (Frente Nacional pela Volta das Ferrovias) [&hellip;]","og_url":"https:\/\/agenciainfra.com\/blog\/raquel-dodge-defende-inconstitucionalidade-de-renova-de-concessoes-ferroviarias\/","og_site_name":"Ag\u00eancia iNFRA","article_publisher":"https:\/\/www.facebook.com\/ageninfra","article_published_time":"2018-08-15T03:05:26+00:00","article_modified_time":"2018-08-15T21:04:58+00:00","og_image":[{"width":900,"height":1200,"url":"https:\/\/agenciainfra.com\/blog\/wp-content\/uploads\/2018\/08\/fiol_divulgacao_valec_14_06_2018.jpg","type":"image\/jpeg"}],"author":"Ag\u00eancia iNFRA","twitter_card":"summary_large_image","twitter_creator":"@agencia_infra","twitter_site":"@agencia_infra","twitter_misc":{"Escrito por":"Ag\u00eancia iNFRA","Est. tempo de leitura":"4 minutos"},"schema":{"@context":"https:\/\/schema.org","@graph":[{"@type":"Article","@id":"https:\/\/agenciainfra.com\/blog\/raquel-dodge-defende-inconstitucionalidade-de-renova-de-concessoes-ferroviarias\/#article","isPartOf":{"@id":"https:\/\/agenciainfra.com\/blog\/raquel-dodge-defende-inconstitucionalidade-de-renova-de-concessoes-ferroviarias\/"},"author":{"name":"Ag\u00eancia iNFRA","@id":"https:\/\/agenciainfra.com\/blog\/#\/schema\/person\/34af08dff6adea4cb22b06612ba7acfa"},"headline":"Raquel Dodge defende inconstitucionalidade de renova\u00e7\u00e3o de concess\u00f5es ferrovi\u00e1rias","datePublished":"2018-08-15T03:05:26+00:00","dateModified":"2018-08-15T21:04:58+00:00","mainEntityOfPage":{"@id":"https:\/\/agenciainfra.com\/blog\/raquel-dodge-defende-inconstitucionalidade-de-renova-de-concessoes-ferroviarias\/"},"wordCount":860,"publisher":{"@id":"https:\/\/agenciainfra.com\/blog\/#organization"},"image":{"@id":"https:\/\/agenciainfra.com\/blog\/raquel-dodge-defende-inconstitucionalidade-de-renova-de-concessoes-ferroviarias\/#primaryimage"},"thumbnailUrl":"https:\/\/agenciainfra.com\/blog\/wp-content\/uploads\/2018\/08\/fiol_divulgacao_valec_14_06_2018-e1751454060371.jpg","keywords":["concess\u00f5es ferrovi\u00e1rias","Ferrofrente","licita\u00e7\u00e3o","Malha Paulista","PGR","Raquel Dodge","Rumo","Vale"],"articleSection":["iNFRATransporte"],"inLanguage":"pt-BR","copyrightYear":"2018","copyrightHolder":{"@id":"https:\/\/agenciainfra.com\/blog\/#organization"}},{"@type":"WebPage","@id":"https:\/\/agenciainfra.com\/blog\/raquel-dodge-defende-inconstitucionalidade-de-renova-de-concessoes-ferroviarias\/","url":"https:\/\/agenciainfra.com\/blog\/raquel-dodge-defende-inconstitucionalidade-de-renova-de-concessoes-ferroviarias\/","name":"Raquel Dodge defende inconstitucionalidade de renova\u00e7\u00e3o de concess\u00f5es ferrovi\u00e1rias - Ag\u00eancia iNFRA","isPartOf":{"@id":"https:\/\/agenciainfra.com\/blog\/#website"},"primaryImageOfPage":{"@id":"https:\/\/agenciainfra.com\/blog\/raquel-dodge-defende-inconstitucionalidade-de-renova-de-concessoes-ferroviarias\/#primaryimage"},"image":{"@id":"https:\/\/agenciainfra.com\/blog\/raquel-dodge-defende-inconstitucionalidade-de-renova-de-concessoes-ferroviarias\/#primaryimage"},"thumbnailUrl":"https:\/\/agenciainfra.com\/blog\/wp-content\/uploads\/2018\/08\/fiol_divulgacao_valec_14_06_2018-e1751454060371.jpg","datePublished":"2018-08-15T03:05:26+00:00","dateModified":"2018-08-15T21:04:58+00:00","breadcrumb":{"@id":"https:\/\/agenciainfra.com\/blog\/raquel-dodge-defende-inconstitucionalidade-de-renova-de-concessoes-ferroviarias\/#breadcrumb"},"inLanguage":"pt-BR","potentialAction":[{"@type":"ReadAction","target":["https:\/\/agenciainfra.com\/blog\/raquel-dodge-defende-inconstitucionalidade-de-renova-de-concessoes-ferroviarias\/"]}]},{"@type":"ImageObject","inLanguage":"pt-BR","@id":"https:\/\/agenciainfra.com\/blog\/raquel-dodge-defende-inconstitucionalidade-de-renova-de-concessoes-ferroviarias\/#primaryimage","url":"https:\/\/agenciainfra.com\/blog\/wp-content\/uploads\/2018\/08\/fiol_divulgacao_valec_14_06_2018-e1751454060371.jpg","contentUrl":"https:\/\/agenciainfra.com\/blog\/wp-content\/uploads\/2018\/08\/fiol_divulgacao_valec_14_06_2018-e1751454060371.jpg","width":900,"height":482},{"@type":"BreadcrumbList","@id":"https:\/\/agenciainfra.com\/blog\/raquel-dodge-defende-inconstitucionalidade-de-renova-de-concessoes-ferroviarias\/#breadcrumb","itemListElement":[{"@type":"ListItem","position":1,"name":"In\u00edcio","item":"https:\/\/agenciainfra.com\/blog\/"},{"@type":"ListItem","position":2,"name":"Raquel Dodge defende inconstitucionalidade de renova\u00e7\u00e3o de concess\u00f5es ferrovi\u00e1rias"}]},{"@type":"WebSite","@id":"https:\/\/agenciainfra.com\/blog\/#website","url":"https:\/\/agenciainfra.com\/blog\/","name":"Ag\u00eancia iNFRA","description":"Multiplataforma de informa\u00e7\u00e3o jornal\u00edstica refer\u00eancia na \u00e1rea de infraestrutura no Brasil!","publisher":{"@id":"https:\/\/agenciainfra.com\/blog\/#organization"},"potentialAction":[{"@type":"SearchAction","target":{"@type":"EntryPoint","urlTemplate":"https:\/\/agenciainfra.com\/blog\/?s={search_term_string}"},"query-input":{"@type":"PropertyValueSpecification","valueRequired":true,"valueName":"search_term_string"}}],"inLanguage":"pt-BR"},{"@type":"Organization","@id":"https:\/\/agenciainfra.com\/blog\/#organization","name":"Ag\u00eancia iNFRA","url":"https:\/\/agenciainfra.com\/blog\/","logo":{"@type":"ImageObject","inLanguage":"pt-BR","@id":"https:\/\/agenciainfra.com\/blog\/#\/schema\/logo\/image\/","url":"https:\/\/agenciainfra.com\/blog\/wp-content\/uploads\/2023\/09\/iNFRA_5-e1761735885940.png","contentUrl":"https:\/\/agenciainfra.com\/blog\/wp-content\/uploads\/2023\/09\/iNFRA_5-e1761735885940.png","width":1672,"height":454,"caption":"Ag\u00eancia iNFRA"},"image":{"@id":"https:\/\/agenciainfra.com\/blog\/#\/schema\/logo\/image\/"},"sameAs":["https:\/\/www.facebook.com\/ageninfra","https:\/\/x.com\/agencia_infra","https:\/\/www.linkedin.com\/company\/ag\u00eanciainfra\/","https:\/\/www.instagram.com\/agenciainfra\/"]},{"@type":"Person","@id":"https:\/\/agenciainfra.com\/blog\/#\/schema\/person\/34af08dff6adea4cb22b06612ba7acfa","name":"Ag\u00eancia iNFRA","image":{"@type":"ImageObject","inLanguage":"pt-BR","@id":"https:\/\/agenciainfra.com\/blog\/#\/schema\/person\/image\/","url":"https:\/\/secure.gravatar.com\/avatar\/d189e01678f06d8eb84d4e01f08eb848b3fffe3f8443818d3c356c66892f5be8?s=96&d=mm&r=g","contentUrl":"https:\/\/secure.gravatar.com\/avatar\/d189e01678f06d8eb84d4e01f08eb848b3fffe3f8443818d3c356c66892f5be8?s=96&d=mm&r=g","caption":"Ag\u00eancia iNFRA"},"url":"https:\/\/agenciainfra.com\/blog\/author\/admin\/"}]}},"_links":{"self":[{"href":"https:\/\/agenciainfra.com\/blog\/wp-json\/wp\/v2\/posts\/2321","targetHints":{"allow":["GET"]}}],"collection":[{"href":"https:\/\/agenciainfra.com\/blog\/wp-json\/wp\/v2\/posts"}],"about":[{"href":"https:\/\/agenciainfra.com\/blog\/wp-json\/wp\/v2\/types\/post"}],"author":[{"embeddable":true,"href":"https:\/\/agenciainfra.com\/blog\/wp-json\/wp\/v2\/users\/1"}],"replies":[{"embeddable":true,"href":"https:\/\/agenciainfra.com\/blog\/wp-json\/wp\/v2\/comments?post=2321"}],"version-history":[{"count":0,"href":"https:\/\/agenciainfra.com\/blog\/wp-json\/wp\/v2\/posts\/2321\/revisions"}],"wp:featuredmedia":[{"embeddable":true,"href":"https:\/\/agenciainfra.com\/blog\/wp-json\/wp\/v2\/media\/2322"}],"wp:attachment":[{"href":"https:\/\/agenciainfra.com\/blog\/wp-json\/wp\/v2\/media?parent=2321"}],"wp:term":[{"taxonomy":"category","embeddable":true,"href":"https:\/\/agenciainfra.com\/blog\/wp-json\/wp\/v2\/categories?post=2321"},{"taxonomy":"post_tag","embeddable":true,"href":"https:\/\/agenciainfra.com\/blog\/wp-json\/wp\/v2\/tags?post=2321"}],"curies":[{"name":"wp","href":"https:\/\/api.w.org\/{rel}","templated":true}]}}