{"id":23216,"date":"2025-06-18T19:00:27","date_gmt":"2025-06-18T22:00:27","guid":{"rendered":"https:\/\/agenciainfra.com\/blog\/?p=23216"},"modified":"2025-06-23T18:36:40","modified_gmt":"2025-06-23T21:36:40","slug":"petrobras-arrematou-os-blocos-que-queria-na-bacia-da-foz-do-amazonas-diz-diretora","status":"publish","type":"post","link":"https:\/\/agenciainfra.com\/blog\/petrobras-arrematou-os-blocos-que-queria-na-bacia-da-foz-do-amazonas-diz-diretora\/","title":{"rendered":"Petrobras arrematou os blocos que queria na Bacia da Foz do Amazonas, diz diretora"},"content":{"rendered":"\n<p class=\"has-text-align-right\"><strong>Gabriel Vasconcelos, da Ag\u00eancia iNFRA<\/strong><\/p>\n\n\n\n<p>A diretora de explora\u00e7\u00e3o e produ\u00e7\u00e3o da Petrobras, Sylvia dos Anjos, minimizou nesta quarta-feira (18) as derrotas que a estatal sofreu para o cons\u00f3rcio formado pela americana Chevron e a chinesa CNPC no leil\u00e3o de \u00e1reas de petr\u00f3leo da ANP (Ag\u00eancia Nacional do Petr\u00f3leo, G\u00e1s Natural e Biocombust\u00edveis). Ela falou a jornalistas na sede da estatal, no Rio de Janeiro.<\/p>\n\n\n\n<p>&#8220;Fomos felizes no leil\u00e3o sim. Realmente a gente conseguiu os blocos priorit\u00e1rios para n\u00f3s. Conseguimos 13 blocos dos 20 que t\u00ednhamos tentado, e por R$ 149 milh\u00f5es&#8221;, disse Sylvia. O destaque para o investimento serve \u00e0 compara\u00e7\u00e3o com o de Chevron e CNPC, que investiram mais que o dobro, R$ 350 milh\u00f5es, pelos nove blocos que arremataram na Foz do Amazonas.<\/p>\n\n\n\n<p>As petroleiras estrangeiras levaram a melhor em todos os blocos pelos quais houve disputa com Petrobras e ExxonMobil naquela \u00e1rea da Margem Equatorial, no litoral do Amap\u00e1. O cons\u00f3rcio integrado pela petroleira brasileira ficou com 10 blocos na regi\u00e3o, mas s\u00f3 onde fez ofertas sozinho. Al\u00e9m deste, a Petrobras comprou mais tr\u00eas concess\u00f5es na Bacia de Pelotas, no litoral do Rio Grande do Sul.<\/p>\n\n\n\n<p>Presente no encontro, a presidente da Petrobras, Magda Chambriard, disse que a Petrobras j\u00e1 esperava concorr\u00eancia no leil\u00e3o de \u00e1reas da Margem Equatorial.<\/p>\n\n\n\n<p>&#8220;Esper\u00e1vamos sim concorr\u00eancia porque a Guiana est\u00e1 bombando. E o que a gente viu ali \u00e9 o seguinte: em termos do que a gente conseguiu, foi o que quer\u00edamos. Mas esse &#8216;plus&#8217; n\u00e3o foi poss\u00edvel&#8221;. O setor parece estar cada vez mais convencido da similaridade entre as forma\u00e7\u00f5es geol\u00f3gicas da Guiana e da Bacia da Foz.<\/p>\n\n\n\n<p>Questionada sobre o porqu\u00ea a Chevron teria feito ofertas t\u00e3o acima da Petrobras, at\u00e9 tr\u00eas vezes maiores, Magda provocou: &#8220;Quem sabe ela (Chevron) n\u00e3o ficou preocupada de perder mais uma vez&#8221;, disse, em alus\u00e3o \u00e0 din\u00e2mica do leil\u00e3o anterior, de 2023, quando, em cons\u00f3rcio com a Shell, a estatal levou a melhor por concess\u00f5es na Bacia de Pelotas.<\/p>\n\n\n\n<p><strong>Opera\u00e7\u00e3o dividida<\/strong><br>Sobre dividir a opera\u00e7\u00e3o dos blocos arrematados na Foz do Amazonas com a ExxonMobil, Sylvia disse que a empresa americana \u00e9 a &#8220;melhor operadora da Guiana&#8221; hoje. A afirma\u00e7\u00e3o \u00e9 relevante porque \u00e9 raro que a Petrobras abra m\u00e3o da opera\u00e7\u00e3o dos campos em que tem participa\u00e7\u00e3o no Brasil.<\/p>\n\n\n\n<p>&#8220;Se tem um lugar no Brasil onde eu gostaria de ter parceria com a Exxon \u00e9 onde conseguimos, na Margem Equatorial. (A \u00e1rea) tem afinidade, similaridade geol\u00f3gica com a Guiana, ent\u00e3o a Exxon \u00e9 o melhor parceiro para a regi\u00e3o&#8221;, disse Sylvia.<\/p>\n\n\n\n<p>A essa altura, Magda disse que atividade explorat\u00f3ria demanda parcerias para melhor compartilhamento de riscos<\/p>\n\n\n\n<p>&#8220;O risco explorat\u00f3rio \u00e9 sempre alto. H\u00e1 muita expectativa do primeiro po\u00e7o (no Amap\u00e1), mas quando olhamos para a Bacia de Campos, l\u00e1 atr\u00e1s, antes da primeira descoberta, perfuramos 8 po\u00e7os secos&#8221;. Segundo Magda, a empresa escolhida para a Petrobras se consorciar na Foz do Amazonas poderia ter sido qualquer outra, mas a ExxonMobil mostrou &#8220;maiores afinidades&#8221; com os desejos explorat\u00f3rios da Petrobras.<\/p>\n\n\n\n<p><strong>Confian\u00e7a e pioneirismo<\/strong><br>Segundo Magda, o desenvolvimento da explora\u00e7\u00e3o e produ\u00e7\u00e3o na Margem Equatorial vai repetir a hist\u00f3ria de outras prov\u00edncias petrol\u00edferas hoje maduras, como a Bacia de Campos e o pr\u00e9-sal.<\/p>\n\n\n\n<p>&#8220;A Petrobras abre o caminho e as outras (empresas) v\u00e3o atr\u00e1s. Foi asism na Bacia de Campos, aconteceu no pr\u00e9-sal e vai acontecer de novo na Margem Equatorial&#8221;, disse.<\/p>\n\n\n\n<p>Magda disse, ainda, que o resultado do leil\u00e3o de \u00e1reas da Margem Equatorial mostra a confian\u00e7a do mercado no Estado Brasileiro e sua &#8220;seguran\u00e7a institucional&#8221;. &#8220;Isso mostra solidez, responsabilidade, continuidade e seguran\u00e7a jur\u00eddica. A certeza de que o pa\u00eds est\u00e1 indo em frente no que precisa&#8221;, completou Magda.<\/p>\n\n\n\n<p><\/p>\n","protected":false},"excerpt":{"rendered":"<p>Gabriel Vasconcelos, da Ag\u00eancia iNFRA A diretora de explora\u00e7\u00e3o e produ\u00e7\u00e3o da Petrobras, Sylvia dos Anjos, minimizou nesta quarta-feira (18) as derrotas que a estatal sofreu para o cons\u00f3rcio formado pela americana Chevron e a chinesa CNPC no leil\u00e3o de \u00e1reas de petr\u00f3leo da ANP (Ag\u00eancia Nacional do Petr\u00f3leo, G\u00e1s Natural e Biocombust\u00edveis). Ela falou [&hellip;]<\/p>\n","protected":false},"author":1,"featured_media":23220,"comment_status":"closed","ping_status":"closed","sticky":false,"template":"","format":"standard","meta":{"_monsterinsights_skip_tracking":false,"_monsterinsights_sitenote_active":false,"_monsterinsights_sitenote_note":"","_monsterinsights_sitenote_category":0,"footnotes":""},"categories":[1,13271],"tags":[1101,13338,13251,13878,13600,9446,13269,143],"class_list":["post-23216","post","type-post","status-publish","format-standard","has-post-thumbnail","hentry","category-geral","category-oleo-gas","tag-anp","tag-foz-do-amazonas","tag-gabriel-vasconcelos","tag-leilao-da-anp","tag-leilao-de-petroleo","tag-magda-chambriard","tag-margem-equatorial","tag-petrobras"],"yoast_head":"<!-- This site is optimized with the Yoast SEO Premium plugin v25.4 (Yoast SEO v26.0) - https:\/\/yoast.com\/wordpress\/plugins\/seo\/ -->\n<title>Petrobras arrematou os blocos que queria na Bacia da Foz do Amazonas, diz diretora - Ag\u00eancia iNFRA<\/title>\n<meta name=\"robots\" content=\"index, follow, max-snippet:-1, max-image-preview:large, max-video-preview:-1\" \/>\n<link rel=\"canonical\" href=\"https:\/\/agenciainfra.com\/blog\/petrobras-arrematou-os-blocos-que-queria-na-bacia-da-foz-do-amazonas-diz-diretora\/\" \/>\n<meta property=\"og:locale\" content=\"pt_BR\" \/>\n<meta property=\"og:type\" content=\"article\" \/>\n<meta property=\"og:title\" content=\"Petrobras arrematou os blocos que queria na Bacia da Foz do Amazonas, diz diretora\" \/>\n<meta property=\"og:description\" content=\"Gabriel Vasconcelos, da Ag\u00eancia iNFRA A diretora de explora\u00e7\u00e3o e produ\u00e7\u00e3o da Petrobras, Sylvia dos Anjos, minimizou nesta quarta-feira (18) as derrotas que a estatal sofreu para o cons\u00f3rcio formado pela americana Chevron e a chinesa CNPC no leil\u00e3o de \u00e1reas de petr\u00f3leo da ANP (Ag\u00eancia Nacional do Petr\u00f3leo, G\u00e1s Natural e Biocombust\u00edveis). Ela falou [&hellip;]\" \/>\n<meta property=\"og:url\" content=\"https:\/\/agenciainfra.com\/blog\/petrobras-arrematou-os-blocos-que-queria-na-bacia-da-foz-do-amazonas-diz-diretora\/\" \/>\n<meta property=\"og:site_name\" content=\"Ag\u00eancia iNFRA\" \/>\n<meta property=\"article:publisher\" content=\"https:\/\/www.facebook.com\/ageninfra\" \/>\n<meta property=\"article:published_time\" content=\"2025-06-18T22:00:27+00:00\" \/>\n<meta property=\"article:modified_time\" content=\"2025-06-23T21:36:40+00:00\" \/>\n<meta property=\"og:image\" content=\"https:\/\/agenciainfra.com\/blog\/wp-content\/uploads\/2025\/06\/fozdoamazonas-foto-divulgacao-Ayara.jpg\" \/>\n\t<meta property=\"og:image:width\" content=\"1280\" \/>\n\t<meta property=\"og:image:height\" content=\"922\" \/>\n\t<meta property=\"og:image:type\" content=\"image\/jpeg\" \/>\n<meta name=\"author\" content=\"Ag\u00eancia iNFRA\" \/>\n<meta name=\"twitter:card\" content=\"summary_large_image\" \/>\n<meta name=\"twitter:creator\" content=\"@agencia_infra\" \/>\n<meta name=\"twitter:site\" content=\"@agencia_infra\" \/>\n<meta name=\"twitter:label1\" content=\"Escrito por\" \/>\n\t<meta name=\"twitter:data1\" content=\"Ag\u00eancia iNFRA\" \/>\n\t<meta name=\"twitter:label2\" content=\"Est. tempo de leitura\" \/>\n\t<meta name=\"twitter:data2\" content=\"3 minutos\" \/>\n<script type=\"application\/ld+json\" class=\"yoast-schema-graph\">{\"@context\":\"https:\/\/schema.org\",\"@graph\":[{\"@type\":\"Article\",\"@id\":\"https:\/\/agenciainfra.com\/blog\/petrobras-arrematou-os-blocos-que-queria-na-bacia-da-foz-do-amazonas-diz-diretora\/#article\",\"isPartOf\":{\"@id\":\"https:\/\/agenciainfra.com\/blog\/petrobras-arrematou-os-blocos-que-queria-na-bacia-da-foz-do-amazonas-diz-diretora\/\"},\"author\":{\"name\":\"Ag\u00eancia iNFRA\",\"@id\":\"https:\/\/agenciainfra.com\/blog\/#\/schema\/person\/34af08dff6adea4cb22b06612ba7acfa\"},\"headline\":\"Petrobras arrematou os blocos que queria na Bacia da Foz do Amazonas, diz diretora\",\"datePublished\":\"2025-06-18T22:00:27+00:00\",\"dateModified\":\"2025-06-23T21:36:40+00:00\",\"mainEntityOfPage\":{\"@id\":\"https:\/\/agenciainfra.com\/blog\/petrobras-arrematou-os-blocos-que-queria-na-bacia-da-foz-do-amazonas-diz-diretora\/\"},\"wordCount\":674,\"publisher\":{\"@id\":\"https:\/\/agenciainfra.com\/blog\/#organization\"},\"image\":{\"@id\":\"https:\/\/agenciainfra.com\/blog\/petrobras-arrematou-os-blocos-que-queria-na-bacia-da-foz-do-amazonas-diz-diretora\/#primaryimage\"},\"thumbnailUrl\":\"https:\/\/agenciainfra.com\/blog\/wp-content\/uploads\/2025\/06\/fozdoamazonas-foto-divulgacao-Ayara.jpg\",\"keywords\":[\"ANP\",\"foz do amazonas\",\"Gabriel Vasconcelos\",\"Leil\u00e3o da ANP\",\"leil\u00e3o de petr\u00f3leo\",\"Magda Chambriard\",\"margem equatorial\",\"Petrobras\"],\"articleSection\":[\"Geral\",\"\u00d3leo &amp; G\u00e1s\"],\"inLanguage\":\"pt-BR\",\"copyrightYear\":\"2025\",\"copyrightHolder\":{\"@id\":\"https:\/\/agenciainfra.com\/blog\/#organization\"}},{\"@type\":\"WebPage\",\"@id\":\"https:\/\/agenciainfra.com\/blog\/petrobras-arrematou-os-blocos-que-queria-na-bacia-da-foz-do-amazonas-diz-diretora\/\",\"url\":\"https:\/\/agenciainfra.com\/blog\/petrobras-arrematou-os-blocos-que-queria-na-bacia-da-foz-do-amazonas-diz-diretora\/\",\"name\":\"Petrobras arrematou os blocos que queria na Bacia da Foz do Amazonas, diz diretora - Ag\u00eancia iNFRA\",\"isPartOf\":{\"@id\":\"https:\/\/agenciainfra.com\/blog\/#website\"},\"primaryImageOfPage\":{\"@id\":\"https:\/\/agenciainfra.com\/blog\/petrobras-arrematou-os-blocos-que-queria-na-bacia-da-foz-do-amazonas-diz-diretora\/#primaryimage\"},\"image\":{\"@id\":\"https:\/\/agenciainfra.com\/blog\/petrobras-arrematou-os-blocos-que-queria-na-bacia-da-foz-do-amazonas-diz-diretora\/#primaryimage\"},\"thumbnailUrl\":\"https:\/\/agenciainfra.com\/blog\/wp-content\/uploads\/2025\/06\/fozdoamazonas-foto-divulgacao-Ayara.jpg\",\"datePublished\":\"2025-06-18T22:00:27+00:00\",\"dateModified\":\"2025-06-23T21:36:40+00:00\",\"breadcrumb\":{\"@id\":\"https:\/\/agenciainfra.com\/blog\/petrobras-arrematou-os-blocos-que-queria-na-bacia-da-foz-do-amazonas-diz-diretora\/#breadcrumb\"},\"inLanguage\":\"pt-BR\",\"potentialAction\":[{\"@type\":\"ReadAction\",\"target\":[\"https:\/\/agenciainfra.com\/blog\/petrobras-arrematou-os-blocos-que-queria-na-bacia-da-foz-do-amazonas-diz-diretora\/\"]}]},{\"@type\":\"ImageObject\",\"inLanguage\":\"pt-BR\",\"@id\":\"https:\/\/agenciainfra.com\/blog\/petrobras-arrematou-os-blocos-que-queria-na-bacia-da-foz-do-amazonas-diz-diretora\/#primaryimage\",\"url\":\"https:\/\/agenciainfra.com\/blog\/wp-content\/uploads\/2025\/06\/fozdoamazonas-foto-divulgacao-Ayara.jpg\",\"contentUrl\":\"https:\/\/agenciainfra.com\/blog\/wp-content\/uploads\/2025\/06\/fozdoamazonas-foto-divulgacao-Ayara.jpg\",\"width\":1280,\"height\":922,\"caption\":\"Foto: Petrobras\"},{\"@type\":\"BreadcrumbList\",\"@id\":\"https:\/\/agenciainfra.com\/blog\/petrobras-arrematou-os-blocos-que-queria-na-bacia-da-foz-do-amazonas-diz-diretora\/#breadcrumb\",\"itemListElement\":[{\"@type\":\"ListItem\",\"position\":1,\"name\":\"In\u00edcio\",\"item\":\"https:\/\/agenciainfra.com\/blog\/\"},{\"@type\":\"ListItem\",\"position\":2,\"name\":\"Petrobras arrematou os blocos que queria na Bacia da Foz do Amazonas, diz diretora\"}]},{\"@type\":\"WebSite\",\"@id\":\"https:\/\/agenciainfra.com\/blog\/#website\",\"url\":\"https:\/\/agenciainfra.com\/blog\/\",\"name\":\"Ag\u00eancia iNFRA\",\"description\":\"Multiplataforma de informa\u00e7\u00e3o jornal\u00edstica refer\u00eancia na \u00e1rea de infraestrutura no Brasil!\",\"publisher\":{\"@id\":\"https:\/\/agenciainfra.com\/blog\/#organization\"},\"potentialAction\":[{\"@type\":\"SearchAction\",\"target\":{\"@type\":\"EntryPoint\",\"urlTemplate\":\"https:\/\/agenciainfra.com\/blog\/?s={search_term_string}\"},\"query-input\":{\"@type\":\"PropertyValueSpecification\",\"valueRequired\":true,\"valueName\":\"search_term_string\"}}],\"inLanguage\":\"pt-BR\"},{\"@type\":\"Organization\",\"@id\":\"https:\/\/agenciainfra.com\/blog\/#organization\",\"name\":\"Ag\u00eancia iNFRA\",\"url\":\"https:\/\/agenciainfra.com\/blog\/\",\"logo\":{\"@type\":\"ImageObject\",\"inLanguage\":\"pt-BR\",\"@id\":\"https:\/\/agenciainfra.com\/blog\/#\/schema\/logo\/image\/\",\"url\":\"https:\/\/agenciainfra.com\/blog\/wp-content\/uploads\/2023\/09\/iNFRA_5-e1761735885940.png\",\"contentUrl\":\"https:\/\/agenciainfra.com\/blog\/wp-content\/uploads\/2023\/09\/iNFRA_5-e1761735885940.png\",\"width\":1672,\"height\":454,\"caption\":\"Ag\u00eancia iNFRA\"},\"image\":{\"@id\":\"https:\/\/agenciainfra.com\/blog\/#\/schema\/logo\/image\/\"},\"sameAs\":[\"https:\/\/www.facebook.com\/ageninfra\",\"https:\/\/x.com\/agencia_infra\",\"https:\/\/www.linkedin.com\/company\/ag\u00eanciainfra\/\",\"https:\/\/www.instagram.com\/agenciainfra\/\"]},{\"@type\":\"Person\",\"@id\":\"https:\/\/agenciainfra.com\/blog\/#\/schema\/person\/34af08dff6adea4cb22b06612ba7acfa\",\"name\":\"Ag\u00eancia iNFRA\",\"image\":{\"@type\":\"ImageObject\",\"inLanguage\":\"pt-BR\",\"@id\":\"https:\/\/agenciainfra.com\/blog\/#\/schema\/person\/image\/\",\"url\":\"https:\/\/secure.gravatar.com\/avatar\/d189e01678f06d8eb84d4e01f08eb848b3fffe3f8443818d3c356c66892f5be8?s=96&d=mm&r=g\",\"contentUrl\":\"https:\/\/secure.gravatar.com\/avatar\/d189e01678f06d8eb84d4e01f08eb848b3fffe3f8443818d3c356c66892f5be8?s=96&d=mm&r=g\",\"caption\":\"Ag\u00eancia iNFRA\"},\"url\":\"https:\/\/agenciainfra.com\/blog\/author\/admin\/\"}]}<\/script>\n<!-- \/ Yoast SEO Premium plugin. -->","yoast_head_json":{"title":"Petrobras arrematou os blocos que queria na Bacia da Foz do Amazonas, diz diretora - Ag\u00eancia iNFRA","robots":{"index":"index","follow":"follow","max-snippet":"max-snippet:-1","max-image-preview":"max-image-preview:large","max-video-preview":"max-video-preview:-1"},"canonical":"https:\/\/agenciainfra.com\/blog\/petrobras-arrematou-os-blocos-que-queria-na-bacia-da-foz-do-amazonas-diz-diretora\/","og_locale":"pt_BR","og_type":"article","og_title":"Petrobras arrematou os blocos que queria na Bacia da Foz do Amazonas, diz diretora","og_description":"Gabriel Vasconcelos, da Ag\u00eancia iNFRA A diretora de explora\u00e7\u00e3o e produ\u00e7\u00e3o da Petrobras, Sylvia dos Anjos, minimizou nesta quarta-feira (18) as derrotas que a estatal sofreu para o cons\u00f3rcio formado pela americana Chevron e a chinesa CNPC no leil\u00e3o de \u00e1reas de petr\u00f3leo da ANP (Ag\u00eancia Nacional do Petr\u00f3leo, G\u00e1s Natural e Biocombust\u00edveis). Ela falou [&hellip;]","og_url":"https:\/\/agenciainfra.com\/blog\/petrobras-arrematou-os-blocos-que-queria-na-bacia-da-foz-do-amazonas-diz-diretora\/","og_site_name":"Ag\u00eancia iNFRA","article_publisher":"https:\/\/www.facebook.com\/ageninfra","article_published_time":"2025-06-18T22:00:27+00:00","article_modified_time":"2025-06-23T21:36:40+00:00","og_image":[{"width":1280,"height":922,"url":"https:\/\/agenciainfra.com\/blog\/wp-content\/uploads\/2025\/06\/fozdoamazonas-foto-divulgacao-Ayara.jpg","type":"image\/jpeg"}],"author":"Ag\u00eancia iNFRA","twitter_card":"summary_large_image","twitter_creator":"@agencia_infra","twitter_site":"@agencia_infra","twitter_misc":{"Escrito por":"Ag\u00eancia iNFRA","Est. tempo de leitura":"3 minutos"},"schema":{"@context":"https:\/\/schema.org","@graph":[{"@type":"Article","@id":"https:\/\/agenciainfra.com\/blog\/petrobras-arrematou-os-blocos-que-queria-na-bacia-da-foz-do-amazonas-diz-diretora\/#article","isPartOf":{"@id":"https:\/\/agenciainfra.com\/blog\/petrobras-arrematou-os-blocos-que-queria-na-bacia-da-foz-do-amazonas-diz-diretora\/"},"author":{"name":"Ag\u00eancia iNFRA","@id":"https:\/\/agenciainfra.com\/blog\/#\/schema\/person\/34af08dff6adea4cb22b06612ba7acfa"},"headline":"Petrobras arrematou os blocos que queria na Bacia da Foz do Amazonas, diz diretora","datePublished":"2025-06-18T22:00:27+00:00","dateModified":"2025-06-23T21:36:40+00:00","mainEntityOfPage":{"@id":"https:\/\/agenciainfra.com\/blog\/petrobras-arrematou-os-blocos-que-queria-na-bacia-da-foz-do-amazonas-diz-diretora\/"},"wordCount":674,"publisher":{"@id":"https:\/\/agenciainfra.com\/blog\/#organization"},"image":{"@id":"https:\/\/agenciainfra.com\/blog\/petrobras-arrematou-os-blocos-que-queria-na-bacia-da-foz-do-amazonas-diz-diretora\/#primaryimage"},"thumbnailUrl":"https:\/\/agenciainfra.com\/blog\/wp-content\/uploads\/2025\/06\/fozdoamazonas-foto-divulgacao-Ayara.jpg","keywords":["ANP","foz do amazonas","Gabriel Vasconcelos","Leil\u00e3o da ANP","leil\u00e3o de petr\u00f3leo","Magda Chambriard","margem equatorial","Petrobras"],"articleSection":["Geral","\u00d3leo &amp; G\u00e1s"],"inLanguage":"pt-BR","copyrightYear":"2025","copyrightHolder":{"@id":"https:\/\/agenciainfra.com\/blog\/#organization"}},{"@type":"WebPage","@id":"https:\/\/agenciainfra.com\/blog\/petrobras-arrematou-os-blocos-que-queria-na-bacia-da-foz-do-amazonas-diz-diretora\/","url":"https:\/\/agenciainfra.com\/blog\/petrobras-arrematou-os-blocos-que-queria-na-bacia-da-foz-do-amazonas-diz-diretora\/","name":"Petrobras arrematou os blocos que queria na Bacia da Foz do Amazonas, diz diretora - Ag\u00eancia iNFRA","isPartOf":{"@id":"https:\/\/agenciainfra.com\/blog\/#website"},"primaryImageOfPage":{"@id":"https:\/\/agenciainfra.com\/blog\/petrobras-arrematou-os-blocos-que-queria-na-bacia-da-foz-do-amazonas-diz-diretora\/#primaryimage"},"image":{"@id":"https:\/\/agenciainfra.com\/blog\/petrobras-arrematou-os-blocos-que-queria-na-bacia-da-foz-do-amazonas-diz-diretora\/#primaryimage"},"thumbnailUrl":"https:\/\/agenciainfra.com\/blog\/wp-content\/uploads\/2025\/06\/fozdoamazonas-foto-divulgacao-Ayara.jpg","datePublished":"2025-06-18T22:00:27+00:00","dateModified":"2025-06-23T21:36:40+00:00","breadcrumb":{"@id":"https:\/\/agenciainfra.com\/blog\/petrobras-arrematou-os-blocos-que-queria-na-bacia-da-foz-do-amazonas-diz-diretora\/#breadcrumb"},"inLanguage":"pt-BR","potentialAction":[{"@type":"ReadAction","target":["https:\/\/agenciainfra.com\/blog\/petrobras-arrematou-os-blocos-que-queria-na-bacia-da-foz-do-amazonas-diz-diretora\/"]}]},{"@type":"ImageObject","inLanguage":"pt-BR","@id":"https:\/\/agenciainfra.com\/blog\/petrobras-arrematou-os-blocos-que-queria-na-bacia-da-foz-do-amazonas-diz-diretora\/#primaryimage","url":"https:\/\/agenciainfra.com\/blog\/wp-content\/uploads\/2025\/06\/fozdoamazonas-foto-divulgacao-Ayara.jpg","contentUrl":"https:\/\/agenciainfra.com\/blog\/wp-content\/uploads\/2025\/06\/fozdoamazonas-foto-divulgacao-Ayara.jpg","width":1280,"height":922,"caption":"Foto: Petrobras"},{"@type":"BreadcrumbList","@id":"https:\/\/agenciainfra.com\/blog\/petrobras-arrematou-os-blocos-que-queria-na-bacia-da-foz-do-amazonas-diz-diretora\/#breadcrumb","itemListElement":[{"@type":"ListItem","position":1,"name":"In\u00edcio","item":"https:\/\/agenciainfra.com\/blog\/"},{"@type":"ListItem","position":2,"name":"Petrobras arrematou os blocos que queria na Bacia da Foz do Amazonas, diz diretora"}]},{"@type":"WebSite","@id":"https:\/\/agenciainfra.com\/blog\/#website","url":"https:\/\/agenciainfra.com\/blog\/","name":"Ag\u00eancia iNFRA","description":"Multiplataforma de informa\u00e7\u00e3o jornal\u00edstica refer\u00eancia na \u00e1rea de infraestrutura no Brasil!","publisher":{"@id":"https:\/\/agenciainfra.com\/blog\/#organization"},"potentialAction":[{"@type":"SearchAction","target":{"@type":"EntryPoint","urlTemplate":"https:\/\/agenciainfra.com\/blog\/?s={search_term_string}"},"query-input":{"@type":"PropertyValueSpecification","valueRequired":true,"valueName":"search_term_string"}}],"inLanguage":"pt-BR"},{"@type":"Organization","@id":"https:\/\/agenciainfra.com\/blog\/#organization","name":"Ag\u00eancia iNFRA","url":"https:\/\/agenciainfra.com\/blog\/","logo":{"@type":"ImageObject","inLanguage":"pt-BR","@id":"https:\/\/agenciainfra.com\/blog\/#\/schema\/logo\/image\/","url":"https:\/\/agenciainfra.com\/blog\/wp-content\/uploads\/2023\/09\/iNFRA_5-e1761735885940.png","contentUrl":"https:\/\/agenciainfra.com\/blog\/wp-content\/uploads\/2023\/09\/iNFRA_5-e1761735885940.png","width":1672,"height":454,"caption":"Ag\u00eancia iNFRA"},"image":{"@id":"https:\/\/agenciainfra.com\/blog\/#\/schema\/logo\/image\/"},"sameAs":["https:\/\/www.facebook.com\/ageninfra","https:\/\/x.com\/agencia_infra","https:\/\/www.linkedin.com\/company\/ag\u00eanciainfra\/","https:\/\/www.instagram.com\/agenciainfra\/"]},{"@type":"Person","@id":"https:\/\/agenciainfra.com\/blog\/#\/schema\/person\/34af08dff6adea4cb22b06612ba7acfa","name":"Ag\u00eancia iNFRA","image":{"@type":"ImageObject","inLanguage":"pt-BR","@id":"https:\/\/agenciainfra.com\/blog\/#\/schema\/person\/image\/","url":"https:\/\/secure.gravatar.com\/avatar\/d189e01678f06d8eb84d4e01f08eb848b3fffe3f8443818d3c356c66892f5be8?s=96&d=mm&r=g","contentUrl":"https:\/\/secure.gravatar.com\/avatar\/d189e01678f06d8eb84d4e01f08eb848b3fffe3f8443818d3c356c66892f5be8?s=96&d=mm&r=g","caption":"Ag\u00eancia iNFRA"},"url":"https:\/\/agenciainfra.com\/blog\/author\/admin\/"}]}},"_links":{"self":[{"href":"https:\/\/agenciainfra.com\/blog\/wp-json\/wp\/v2\/posts\/23216","targetHints":{"allow":["GET"]}}],"collection":[{"href":"https:\/\/agenciainfra.com\/blog\/wp-json\/wp\/v2\/posts"}],"about":[{"href":"https:\/\/agenciainfra.com\/blog\/wp-json\/wp\/v2\/types\/post"}],"author":[{"embeddable":true,"href":"https:\/\/agenciainfra.com\/blog\/wp-json\/wp\/v2\/users\/1"}],"replies":[{"embeddable":true,"href":"https:\/\/agenciainfra.com\/blog\/wp-json\/wp\/v2\/comments?post=23216"}],"version-history":[{"count":1,"href":"https:\/\/agenciainfra.com\/blog\/wp-json\/wp\/v2\/posts\/23216\/revisions"}],"predecessor-version":[{"id":23221,"href":"https:\/\/agenciainfra.com\/blog\/wp-json\/wp\/v2\/posts\/23216\/revisions\/23221"}],"wp:featuredmedia":[{"embeddable":true,"href":"https:\/\/agenciainfra.com\/blog\/wp-json\/wp\/v2\/media\/23220"}],"wp:attachment":[{"href":"https:\/\/agenciainfra.com\/blog\/wp-json\/wp\/v2\/media?parent=23216"}],"wp:term":[{"taxonomy":"category","embeddable":true,"href":"https:\/\/agenciainfra.com\/blog\/wp-json\/wp\/v2\/categories?post=23216"},{"taxonomy":"post_tag","embeddable":true,"href":"https:\/\/agenciainfra.com\/blog\/wp-json\/wp\/v2\/tags?post=23216"}],"curies":[{"name":"wp","href":"https:\/\/api.w.org\/{rel}","templated":true}]}}