{"id":23231,"date":"2025-06-18T20:35:10","date_gmt":"2025-06-18T23:35:10","guid":{"rendered":"https:\/\/agenciainfra.com\/blog\/?p=23231"},"modified":"2026-02-13T17:22:49","modified_gmt":"2026-02-13T20:22:49","slug":"novo-complexo-hospitalar-em-belo-horizonte-sera-construido-por-meio-de-parceria-publico-privada","status":"publish","type":"post","link":"https:\/\/agenciainfra.com\/blog\/novo-complexo-hospitalar-em-belo-horizonte-sera-construido-por-meio-de-parceria-publico-privada\/","title":{"rendered":"Novo complexo hospitalar em Belo Horizonte ser\u00e1 constru\u00eddo por meio de Parceria P\u00fablico-Privada"},"content":{"rendered":"\n<p class=\"has-text-align-right\"><strong>da Ag\u00eancia iNFRA<\/strong><\/p>\n\n\n\n<p>Com mais de 500 leitos e estrutura de ponta, o Complexo de Sa\u00fade Hospitalar Padre Eust\u00e1quio \u2013 HoPE ser\u00e1 constru\u00eddo por meio de PPP (Parceria P\u00fablico-Privada). O edital foi lan\u00e7ado nesta ter\u00e7a-feira (17), pelo Governo de Minas Gerais, e a unidade ser\u00e1 erguida no bairro Gameleira, na regi\u00e3o Oeste de Belo Horizonte.<\/p>\n\n\n\n<p>O projeto prev\u00ea investimento de R$ 1,8 bilh\u00e3o, entre obras, aquisi\u00e7\u00e3o de equipamentos e opera\u00e7\u00e3o dos servi\u00e7os n\u00e3o assistenciais ao longo dos pr\u00f3ximos 30 anos. Os recursos s\u00e3o advindos do Termo de Medidas de Repara\u00e7\u00e3o, que tem como objetivo reparar os danos causados pelo rompimento das barragens da Vale S.A. em Brumadinho.<\/p>\n\n\n\n<p>O HoPE ser\u00e1 refer\u00eancia em cinco linhas de cuidado priorit\u00e1rias: Oncologia, Infectologia, Pediatria, Hematologia, Maternidade e Sa\u00fade da Mulher. Todo o atendimento ser\u00e1 pelo SUS (Sistema \u00danico de Sa\u00fade). Al\u00e9m disso, ser\u00e1 sede do novo Laborat\u00f3rio Central de Sa\u00fade P\u00fablica (Lacen-MG), da Funda\u00e7\u00e3o Ezequiel Dias (Funed), com capacidade para realizar at\u00e9 1,5 milh\u00e3o de exames laboratoriais e 375 mil an\u00e1lises sanit\u00e1rias por ano<\/p>\n\n\n\n<p>O projeto \u00e9 desenvolvido sob a coordena\u00e7\u00e3o da Secretaria de Estado de Infraestrutura, Mobilidade e Parcerias (Seinfra), em parceria com a Companhia de Desenvolvimento de Minas Gerais (Codemge), a Funda\u00e7\u00e3o Hospitalar de Minas Gerais (Fhemig) e a Funda\u00e7\u00e3o Ezequiel Dias (Funed), em articula\u00e7\u00e3o com a Secretaria de Estado de Sa\u00fade de Minas Gerais (SES-MG). A estrutura\u00e7\u00e3o t\u00e9cnica teve apoio da IFC, institui\u00e7\u00e3o do Grupo Banco Mundial, refer\u00eancia global em modelagens de PPP.&nbsp;<\/p>\n\n\n\n<p>\u201cA PPP do HoPE \u00e9 uma solu\u00e7\u00e3o moderna e eficiente, que alia inova\u00e7\u00e3o e foco no cidad\u00e3o. O novo pr\u00e9dio atende \u00e0s exig\u00eancias sanit\u00e1rias atuais, superando as limita\u00e7\u00f5es estruturais dos pr\u00e9dios antigos, muitas vezes inadequados para a \u00e1rea da sa\u00fade\u201d, destacou o secret\u00e1rio de Estado de Infraestrutura, Mobilidade e Parcerias, Pedro Bruno.<\/p>\n\n\n\n<p>O Edital da PPP ficar\u00e1 aberto at\u00e9 o dia 16 de setembro de 2025. Os documentos e anexos da licita\u00e7\u00e3o podem ser acessados no <a href=\"https:\/\/fhemig.mg.gov.br\/parcerias\/ppp-complexo-de-saude-hope\" target=\"_blank\" rel=\"noreferrer noopener\">site oficial<\/a>.<\/p>\n","protected":false},"excerpt":{"rendered":"<p>da Ag\u00eancia iNFRA Com mais de 500 leitos e estrutura de ponta, o Complexo de Sa\u00fade Hospitalar Padre Eust\u00e1quio \u2013 HoPE ser\u00e1 constru\u00eddo por meio de PPP (Parceria P\u00fablico-Privada). O edital foi lan\u00e7ado nesta ter\u00e7a-feira (17), pelo Governo de Minas Gerais, e a unidade ser\u00e1 erguida no bairro Gameleira, na regi\u00e3o Oeste de Belo Horizonte. [&hellip;]<\/p>\n","protected":false},"author":1,"featured_media":23232,"comment_status":"closed","ping_status":"closed","sticky":false,"template":"","format":"standard","meta":{"_monsterinsights_skip_tracking":false,"_monsterinsights_sitenote_active":false,"_monsterinsights_sitenote_note":"","_monsterinsights_sitenote_category":0,"footnotes":""},"categories":[18468],"tags":[13880,13881,1985,13882,13883,4998],"class_list":["post-23231","post","type-post","status-publish","format-standard","has-post-thumbnail","hentry","category-infra-cidades","tag-complexo-de-saude-hospitalar-padre-eustaquio","tag-hope","tag-minas-gerais","tag-ppp-parceria-publico-privada","tag-ppp-do-hope","tag-seinfra-mg"],"yoast_head":"<!-- This site is optimized with the Yoast SEO Premium plugin v25.4 (Yoast SEO v26.0) - https:\/\/yoast.com\/wordpress\/plugins\/seo\/ -->\n<title>Novo complexo hospitalar em Belo Horizonte ser\u00e1 constru\u00eddo por meio de Parceria P\u00fablico-Privada - Ag\u00eancia iNFRA<\/title>\n<meta name=\"robots\" content=\"index, follow, max-snippet:-1, max-image-preview:large, max-video-preview:-1\" \/>\n<link rel=\"canonical\" href=\"https:\/\/agenciainfra.com\/blog\/novo-complexo-hospitalar-em-belo-horizonte-sera-construido-por-meio-de-parceria-publico-privada\/\" \/>\n<meta property=\"og:locale\" content=\"pt_BR\" \/>\n<meta property=\"og:type\" content=\"article\" \/>\n<meta property=\"og:title\" content=\"Novo complexo hospitalar em Belo Horizonte ser\u00e1 constru\u00eddo por meio de Parceria P\u00fablico-Privada\" \/>\n<meta property=\"og:description\" content=\"da Ag\u00eancia iNFRA Com mais de 500 leitos e estrutura de ponta, o Complexo de Sa\u00fade Hospitalar Padre Eust\u00e1quio \u2013 HoPE ser\u00e1 constru\u00eddo por meio de PPP (Parceria P\u00fablico-Privada). O edital foi lan\u00e7ado nesta ter\u00e7a-feira (17), pelo Governo de Minas Gerais, e a unidade ser\u00e1 erguida no bairro Gameleira, na regi\u00e3o Oeste de Belo Horizonte. [&hellip;]\" \/>\n<meta property=\"og:url\" content=\"https:\/\/agenciainfra.com\/blog\/novo-complexo-hospitalar-em-belo-horizonte-sera-construido-por-meio-de-parceria-publico-privada\/\" \/>\n<meta property=\"og:site_name\" content=\"Ag\u00eancia iNFRA\" \/>\n<meta property=\"article:publisher\" content=\"https:\/\/www.facebook.com\/ageninfra\" \/>\n<meta property=\"article:published_time\" content=\"2025-06-18T23:35:10+00:00\" \/>\n<meta property=\"article:modified_time\" content=\"2026-02-13T20:22:49+00:00\" \/>\n<meta property=\"og:image\" content=\"https:\/\/agenciainfra.com\/blog\/wp-content\/uploads\/2025\/06\/Edital_HOPE_interna.png\" \/>\n\t<meta property=\"og:image:width\" content=\"500\" \/>\n\t<meta property=\"og:image:height\" content=\"333\" \/>\n\t<meta property=\"og:image:type\" content=\"image\/png\" \/>\n<meta name=\"author\" content=\"Ag\u00eancia iNFRA\" \/>\n<meta name=\"twitter:card\" content=\"summary_large_image\" \/>\n<meta name=\"twitter:creator\" content=\"@agencia_infra\" \/>\n<meta name=\"twitter:site\" content=\"@agencia_infra\" \/>\n<meta name=\"twitter:label1\" content=\"Escrito por\" \/>\n\t<meta name=\"twitter:data1\" content=\"Ag\u00eancia iNFRA\" \/>\n\t<meta name=\"twitter:label2\" content=\"Est. tempo de leitura\" \/>\n\t<meta name=\"twitter:data2\" content=\"2 minutos\" \/>\n<script type=\"application\/ld+json\" class=\"yoast-schema-graph\">{\"@context\":\"https:\/\/schema.org\",\"@graph\":[{\"@type\":\"Article\",\"@id\":\"https:\/\/agenciainfra.com\/blog\/novo-complexo-hospitalar-em-belo-horizonte-sera-construido-por-meio-de-parceria-publico-privada\/#article\",\"isPartOf\":{\"@id\":\"https:\/\/agenciainfra.com\/blog\/novo-complexo-hospitalar-em-belo-horizonte-sera-construido-por-meio-de-parceria-publico-privada\/\"},\"author\":{\"name\":\"Ag\u00eancia iNFRA\",\"@id\":\"https:\/\/agenciainfra.com\/blog\/#\/schema\/person\/34af08dff6adea4cb22b06612ba7acfa\"},\"headline\":\"Novo complexo hospitalar em Belo Horizonte ser\u00e1 constru\u00eddo por meio de Parceria P\u00fablico-Privada\",\"datePublished\":\"2025-06-18T23:35:10+00:00\",\"dateModified\":\"2026-02-13T20:22:49+00:00\",\"mainEntityOfPage\":{\"@id\":\"https:\/\/agenciainfra.com\/blog\/novo-complexo-hospitalar-em-belo-horizonte-sera-construido-por-meio-de-parceria-publico-privada\/\"},\"wordCount\":374,\"publisher\":{\"@id\":\"https:\/\/agenciainfra.com\/blog\/#organization\"},\"image\":{\"@id\":\"https:\/\/agenciainfra.com\/blog\/novo-complexo-hospitalar-em-belo-horizonte-sera-construido-por-meio-de-parceria-publico-privada\/#primaryimage\"},\"thumbnailUrl\":\"https:\/\/agenciainfra.com\/blog\/wp-content\/uploads\/2025\/06\/Edital_HOPE_interna.png\",\"keywords\":[\"Complexo de Sa\u00fade Hospitalar Padre Eust\u00e1quio\",\"Hope\",\"Minas Gerais\",\"PPP (Parceria P\u00fablico-Privada)\",\"PPP do HoPE\",\"Seinfra\/MG\"],\"articleSection\":[\"iNFRACidades\"],\"inLanguage\":\"pt-BR\",\"copyrightYear\":\"2025\",\"copyrightHolder\":{\"@id\":\"https:\/\/agenciainfra.com\/blog\/#organization\"}},{\"@type\":\"WebPage\",\"@id\":\"https:\/\/agenciainfra.com\/blog\/novo-complexo-hospitalar-em-belo-horizonte-sera-construido-por-meio-de-parceria-publico-privada\/\",\"url\":\"https:\/\/agenciainfra.com\/blog\/novo-complexo-hospitalar-em-belo-horizonte-sera-construido-por-meio-de-parceria-publico-privada\/\",\"name\":\"Novo complexo hospitalar em Belo Horizonte ser\u00e1 constru\u00eddo por meio de Parceria P\u00fablico-Privada - Ag\u00eancia iNFRA\",\"isPartOf\":{\"@id\":\"https:\/\/agenciainfra.com\/blog\/#website\"},\"primaryImageOfPage\":{\"@id\":\"https:\/\/agenciainfra.com\/blog\/novo-complexo-hospitalar-em-belo-horizonte-sera-construido-por-meio-de-parceria-publico-privada\/#primaryimage\"},\"image\":{\"@id\":\"https:\/\/agenciainfra.com\/blog\/novo-complexo-hospitalar-em-belo-horizonte-sera-construido-por-meio-de-parceria-publico-privada\/#primaryimage\"},\"thumbnailUrl\":\"https:\/\/agenciainfra.com\/blog\/wp-content\/uploads\/2025\/06\/Edital_HOPE_interna.png\",\"datePublished\":\"2025-06-18T23:35:10+00:00\",\"dateModified\":\"2026-02-13T20:22:49+00:00\",\"breadcrumb\":{\"@id\":\"https:\/\/agenciainfra.com\/blog\/novo-complexo-hospitalar-em-belo-horizonte-sera-construido-por-meio-de-parceria-publico-privada\/#breadcrumb\"},\"inLanguage\":\"pt-BR\",\"potentialAction\":[{\"@type\":\"ReadAction\",\"target\":[\"https:\/\/agenciainfra.com\/blog\/novo-complexo-hospitalar-em-belo-horizonte-sera-construido-por-meio-de-parceria-publico-privada\/\"]}]},{\"@type\":\"ImageObject\",\"inLanguage\":\"pt-BR\",\"@id\":\"https:\/\/agenciainfra.com\/blog\/novo-complexo-hospitalar-em-belo-horizonte-sera-construido-por-meio-de-parceria-publico-privada\/#primaryimage\",\"url\":\"https:\/\/agenciainfra.com\/blog\/wp-content\/uploads\/2025\/06\/Edital_HOPE_interna.png\",\"contentUrl\":\"https:\/\/agenciainfra.com\/blog\/wp-content\/uploads\/2025\/06\/Edital_HOPE_interna.png\",\"width\":500,\"height\":333},{\"@type\":\"BreadcrumbList\",\"@id\":\"https:\/\/agenciainfra.com\/blog\/novo-complexo-hospitalar-em-belo-horizonte-sera-construido-por-meio-de-parceria-publico-privada\/#breadcrumb\",\"itemListElement\":[{\"@type\":\"ListItem\",\"position\":1,\"name\":\"In\u00edcio\",\"item\":\"https:\/\/agenciainfra.com\/blog\/\"},{\"@type\":\"ListItem\",\"position\":2,\"name\":\"Novo complexo hospitalar em Belo Horizonte ser\u00e1 constru\u00eddo por meio de Parceria P\u00fablico-Privada\"}]},{\"@type\":\"WebSite\",\"@id\":\"https:\/\/agenciainfra.com\/blog\/#website\",\"url\":\"https:\/\/agenciainfra.com\/blog\/\",\"name\":\"Ag\u00eancia iNFRA\",\"description\":\"Multiplataforma de informa\u00e7\u00e3o jornal\u00edstica refer\u00eancia na \u00e1rea de infraestrutura no Brasil!\",\"publisher\":{\"@id\":\"https:\/\/agenciainfra.com\/blog\/#organization\"},\"potentialAction\":[{\"@type\":\"SearchAction\",\"target\":{\"@type\":\"EntryPoint\",\"urlTemplate\":\"https:\/\/agenciainfra.com\/blog\/?s={search_term_string}\"},\"query-input\":{\"@type\":\"PropertyValueSpecification\",\"valueRequired\":true,\"valueName\":\"search_term_string\"}}],\"inLanguage\":\"pt-BR\"},{\"@type\":\"Organization\",\"@id\":\"https:\/\/agenciainfra.com\/blog\/#organization\",\"name\":\"Ag\u00eancia iNFRA\",\"url\":\"https:\/\/agenciainfra.com\/blog\/\",\"logo\":{\"@type\":\"ImageObject\",\"inLanguage\":\"pt-BR\",\"@id\":\"https:\/\/agenciainfra.com\/blog\/#\/schema\/logo\/image\/\",\"url\":\"https:\/\/agenciainfra.com\/blog\/wp-content\/uploads\/2023\/09\/iNFRA_5-e1761735885940.png\",\"contentUrl\":\"https:\/\/agenciainfra.com\/blog\/wp-content\/uploads\/2023\/09\/iNFRA_5-e1761735885940.png\",\"width\":1672,\"height\":454,\"caption\":\"Ag\u00eancia iNFRA\"},\"image\":{\"@id\":\"https:\/\/agenciainfra.com\/blog\/#\/schema\/logo\/image\/\"},\"sameAs\":[\"https:\/\/www.facebook.com\/ageninfra\",\"https:\/\/x.com\/agencia_infra\",\"https:\/\/www.linkedin.com\/company\/ag\u00eanciainfra\/\",\"https:\/\/www.instagram.com\/agenciainfra\/\"]},{\"@type\":\"Person\",\"@id\":\"https:\/\/agenciainfra.com\/blog\/#\/schema\/person\/34af08dff6adea4cb22b06612ba7acfa\",\"name\":\"Ag\u00eancia iNFRA\",\"image\":{\"@type\":\"ImageObject\",\"inLanguage\":\"pt-BR\",\"@id\":\"https:\/\/agenciainfra.com\/blog\/#\/schema\/person\/image\/\",\"url\":\"https:\/\/secure.gravatar.com\/avatar\/d189e01678f06d8eb84d4e01f08eb848b3fffe3f8443818d3c356c66892f5be8?s=96&d=mm&r=g\",\"contentUrl\":\"https:\/\/secure.gravatar.com\/avatar\/d189e01678f06d8eb84d4e01f08eb848b3fffe3f8443818d3c356c66892f5be8?s=96&d=mm&r=g\",\"caption\":\"Ag\u00eancia iNFRA\"},\"url\":\"https:\/\/agenciainfra.com\/blog\/author\/admin\/\"}]}<\/script>\n<!-- \/ Yoast SEO Premium plugin. -->","yoast_head_json":{"title":"Novo complexo hospitalar em Belo Horizonte ser\u00e1 constru\u00eddo por meio de Parceria P\u00fablico-Privada - Ag\u00eancia iNFRA","robots":{"index":"index","follow":"follow","max-snippet":"max-snippet:-1","max-image-preview":"max-image-preview:large","max-video-preview":"max-video-preview:-1"},"canonical":"https:\/\/agenciainfra.com\/blog\/novo-complexo-hospitalar-em-belo-horizonte-sera-construido-por-meio-de-parceria-publico-privada\/","og_locale":"pt_BR","og_type":"article","og_title":"Novo complexo hospitalar em Belo Horizonte ser\u00e1 constru\u00eddo por meio de Parceria P\u00fablico-Privada","og_description":"da Ag\u00eancia iNFRA Com mais de 500 leitos e estrutura de ponta, o Complexo de Sa\u00fade Hospitalar Padre Eust\u00e1quio \u2013 HoPE ser\u00e1 constru\u00eddo por meio de PPP (Parceria P\u00fablico-Privada). O edital foi lan\u00e7ado nesta ter\u00e7a-feira (17), pelo Governo de Minas Gerais, e a unidade ser\u00e1 erguida no bairro Gameleira, na regi\u00e3o Oeste de Belo Horizonte. [&hellip;]","og_url":"https:\/\/agenciainfra.com\/blog\/novo-complexo-hospitalar-em-belo-horizonte-sera-construido-por-meio-de-parceria-publico-privada\/","og_site_name":"Ag\u00eancia iNFRA","article_publisher":"https:\/\/www.facebook.com\/ageninfra","article_published_time":"2025-06-18T23:35:10+00:00","article_modified_time":"2026-02-13T20:22:49+00:00","og_image":[{"width":500,"height":333,"url":"https:\/\/agenciainfra.com\/blog\/wp-content\/uploads\/2025\/06\/Edital_HOPE_interna.png","type":"image\/png"}],"author":"Ag\u00eancia iNFRA","twitter_card":"summary_large_image","twitter_creator":"@agencia_infra","twitter_site":"@agencia_infra","twitter_misc":{"Escrito por":"Ag\u00eancia iNFRA","Est. tempo de leitura":"2 minutos"},"schema":{"@context":"https:\/\/schema.org","@graph":[{"@type":"Article","@id":"https:\/\/agenciainfra.com\/blog\/novo-complexo-hospitalar-em-belo-horizonte-sera-construido-por-meio-de-parceria-publico-privada\/#article","isPartOf":{"@id":"https:\/\/agenciainfra.com\/blog\/novo-complexo-hospitalar-em-belo-horizonte-sera-construido-por-meio-de-parceria-publico-privada\/"},"author":{"name":"Ag\u00eancia iNFRA","@id":"https:\/\/agenciainfra.com\/blog\/#\/schema\/person\/34af08dff6adea4cb22b06612ba7acfa"},"headline":"Novo complexo hospitalar em Belo Horizonte ser\u00e1 constru\u00eddo por meio de Parceria P\u00fablico-Privada","datePublished":"2025-06-18T23:35:10+00:00","dateModified":"2026-02-13T20:22:49+00:00","mainEntityOfPage":{"@id":"https:\/\/agenciainfra.com\/blog\/novo-complexo-hospitalar-em-belo-horizonte-sera-construido-por-meio-de-parceria-publico-privada\/"},"wordCount":374,"publisher":{"@id":"https:\/\/agenciainfra.com\/blog\/#organization"},"image":{"@id":"https:\/\/agenciainfra.com\/blog\/novo-complexo-hospitalar-em-belo-horizonte-sera-construido-por-meio-de-parceria-publico-privada\/#primaryimage"},"thumbnailUrl":"https:\/\/agenciainfra.com\/blog\/wp-content\/uploads\/2025\/06\/Edital_HOPE_interna.png","keywords":["Complexo de Sa\u00fade Hospitalar Padre Eust\u00e1quio","Hope","Minas Gerais","PPP (Parceria P\u00fablico-Privada)","PPP do HoPE","Seinfra\/MG"],"articleSection":["iNFRACidades"],"inLanguage":"pt-BR","copyrightYear":"2025","copyrightHolder":{"@id":"https:\/\/agenciainfra.com\/blog\/#organization"}},{"@type":"WebPage","@id":"https:\/\/agenciainfra.com\/blog\/novo-complexo-hospitalar-em-belo-horizonte-sera-construido-por-meio-de-parceria-publico-privada\/","url":"https:\/\/agenciainfra.com\/blog\/novo-complexo-hospitalar-em-belo-horizonte-sera-construido-por-meio-de-parceria-publico-privada\/","name":"Novo complexo hospitalar em Belo Horizonte ser\u00e1 constru\u00eddo por meio de Parceria P\u00fablico-Privada - Ag\u00eancia iNFRA","isPartOf":{"@id":"https:\/\/agenciainfra.com\/blog\/#website"},"primaryImageOfPage":{"@id":"https:\/\/agenciainfra.com\/blog\/novo-complexo-hospitalar-em-belo-horizonte-sera-construido-por-meio-de-parceria-publico-privada\/#primaryimage"},"image":{"@id":"https:\/\/agenciainfra.com\/blog\/novo-complexo-hospitalar-em-belo-horizonte-sera-construido-por-meio-de-parceria-publico-privada\/#primaryimage"},"thumbnailUrl":"https:\/\/agenciainfra.com\/blog\/wp-content\/uploads\/2025\/06\/Edital_HOPE_interna.png","datePublished":"2025-06-18T23:35:10+00:00","dateModified":"2026-02-13T20:22:49+00:00","breadcrumb":{"@id":"https:\/\/agenciainfra.com\/blog\/novo-complexo-hospitalar-em-belo-horizonte-sera-construido-por-meio-de-parceria-publico-privada\/#breadcrumb"},"inLanguage":"pt-BR","potentialAction":[{"@type":"ReadAction","target":["https:\/\/agenciainfra.com\/blog\/novo-complexo-hospitalar-em-belo-horizonte-sera-construido-por-meio-de-parceria-publico-privada\/"]}]},{"@type":"ImageObject","inLanguage":"pt-BR","@id":"https:\/\/agenciainfra.com\/blog\/novo-complexo-hospitalar-em-belo-horizonte-sera-construido-por-meio-de-parceria-publico-privada\/#primaryimage","url":"https:\/\/agenciainfra.com\/blog\/wp-content\/uploads\/2025\/06\/Edital_HOPE_interna.png","contentUrl":"https:\/\/agenciainfra.com\/blog\/wp-content\/uploads\/2025\/06\/Edital_HOPE_interna.png","width":500,"height":333},{"@type":"BreadcrumbList","@id":"https:\/\/agenciainfra.com\/blog\/novo-complexo-hospitalar-em-belo-horizonte-sera-construido-por-meio-de-parceria-publico-privada\/#breadcrumb","itemListElement":[{"@type":"ListItem","position":1,"name":"In\u00edcio","item":"https:\/\/agenciainfra.com\/blog\/"},{"@type":"ListItem","position":2,"name":"Novo complexo hospitalar em Belo Horizonte ser\u00e1 constru\u00eddo por meio de Parceria P\u00fablico-Privada"}]},{"@type":"WebSite","@id":"https:\/\/agenciainfra.com\/blog\/#website","url":"https:\/\/agenciainfra.com\/blog\/","name":"Ag\u00eancia iNFRA","description":"Multiplataforma de informa\u00e7\u00e3o jornal\u00edstica refer\u00eancia na \u00e1rea de infraestrutura no Brasil!","publisher":{"@id":"https:\/\/agenciainfra.com\/blog\/#organization"},"potentialAction":[{"@type":"SearchAction","target":{"@type":"EntryPoint","urlTemplate":"https:\/\/agenciainfra.com\/blog\/?s={search_term_string}"},"query-input":{"@type":"PropertyValueSpecification","valueRequired":true,"valueName":"search_term_string"}}],"inLanguage":"pt-BR"},{"@type":"Organization","@id":"https:\/\/agenciainfra.com\/blog\/#organization","name":"Ag\u00eancia iNFRA","url":"https:\/\/agenciainfra.com\/blog\/","logo":{"@type":"ImageObject","inLanguage":"pt-BR","@id":"https:\/\/agenciainfra.com\/blog\/#\/schema\/logo\/image\/","url":"https:\/\/agenciainfra.com\/blog\/wp-content\/uploads\/2023\/09\/iNFRA_5-e1761735885940.png","contentUrl":"https:\/\/agenciainfra.com\/blog\/wp-content\/uploads\/2023\/09\/iNFRA_5-e1761735885940.png","width":1672,"height":454,"caption":"Ag\u00eancia iNFRA"},"image":{"@id":"https:\/\/agenciainfra.com\/blog\/#\/schema\/logo\/image\/"},"sameAs":["https:\/\/www.facebook.com\/ageninfra","https:\/\/x.com\/agencia_infra","https:\/\/www.linkedin.com\/company\/ag\u00eanciainfra\/","https:\/\/www.instagram.com\/agenciainfra\/"]},{"@type":"Person","@id":"https:\/\/agenciainfra.com\/blog\/#\/schema\/person\/34af08dff6adea4cb22b06612ba7acfa","name":"Ag\u00eancia iNFRA","image":{"@type":"ImageObject","inLanguage":"pt-BR","@id":"https:\/\/agenciainfra.com\/blog\/#\/schema\/person\/image\/","url":"https:\/\/secure.gravatar.com\/avatar\/d189e01678f06d8eb84d4e01f08eb848b3fffe3f8443818d3c356c66892f5be8?s=96&d=mm&r=g","contentUrl":"https:\/\/secure.gravatar.com\/avatar\/d189e01678f06d8eb84d4e01f08eb848b3fffe3f8443818d3c356c66892f5be8?s=96&d=mm&r=g","caption":"Ag\u00eancia iNFRA"},"url":"https:\/\/agenciainfra.com\/blog\/author\/admin\/"}]}},"_links":{"self":[{"href":"https:\/\/agenciainfra.com\/blog\/wp-json\/wp\/v2\/posts\/23231","targetHints":{"allow":["GET"]}}],"collection":[{"href":"https:\/\/agenciainfra.com\/blog\/wp-json\/wp\/v2\/posts"}],"about":[{"href":"https:\/\/agenciainfra.com\/blog\/wp-json\/wp\/v2\/types\/post"}],"author":[{"embeddable":true,"href":"https:\/\/agenciainfra.com\/blog\/wp-json\/wp\/v2\/users\/1"}],"replies":[{"embeddable":true,"href":"https:\/\/agenciainfra.com\/blog\/wp-json\/wp\/v2\/comments?post=23231"}],"version-history":[{"count":2,"href":"https:\/\/agenciainfra.com\/blog\/wp-json\/wp\/v2\/posts\/23231\/revisions"}],"predecessor-version":[{"id":23240,"href":"https:\/\/agenciainfra.com\/blog\/wp-json\/wp\/v2\/posts\/23231\/revisions\/23240"}],"wp:featuredmedia":[{"embeddable":true,"href":"https:\/\/agenciainfra.com\/blog\/wp-json\/wp\/v2\/media\/23232"}],"wp:attachment":[{"href":"https:\/\/agenciainfra.com\/blog\/wp-json\/wp\/v2\/media?parent=23231"}],"wp:term":[{"taxonomy":"category","embeddable":true,"href":"https:\/\/agenciainfra.com\/blog\/wp-json\/wp\/v2\/categories?post=23231"},{"taxonomy":"post_tag","embeddable":true,"href":"https:\/\/agenciainfra.com\/blog\/wp-json\/wp\/v2\/tags?post=23231"}],"curies":[{"name":"wp","href":"https:\/\/api.w.org\/{rel}","templated":true}]}}