{"id":23297,"date":"2025-06-21T11:59:06","date_gmt":"2025-06-21T14:59:06","guid":{"rendered":"https:\/\/agenciainfra.com\/blog\/?p=23297"},"modified":"2025-06-21T11:59:07","modified_gmt":"2025-06-21T14:59:07","slug":"associacao-de-portos-privados-abre-inscricoes-para-premiar-inovacao-tecnologica-e-impacto-social","status":"publish","type":"post","link":"https:\/\/agenciainfra.com\/blog\/associacao-de-portos-privados-abre-inscricoes-para-premiar-inovacao-tecnologica-e-impacto-social\/","title":{"rendered":"Associa\u00e7\u00e3o de portos privados abre inscri\u00e7\u00f5es para premiar inova\u00e7\u00e3o tecnol\u00f3gica e impacto social"},"content":{"rendered":"\n<p class=\"has-text-align-right\"><strong>da Ag\u00eancia iNFRA<\/strong><\/p>\n\n\n\n<p>A ATP (Associa\u00e7\u00e3o de Terminais Portu\u00e1rios Privados) abriu inscri\u00e7\u00f5es para a terceira edi\u00e7\u00e3o do Pr\u00eamio ATP. O prazo previsto no edital vai at\u00e9 13 de julho e \u00e9 aberto a terminais privados, como os TUP (Terminais de Uso Privado), as ETC (Esta\u00e7\u00f5es de Transbordo de Carga), as IPTur (Instala\u00e7\u00f5es Portu\u00e1rias de Turismo) e as FSRU \u2013\u00a0instala\u00e7\u00f5es de registro caracterizadas como Unidade de Armazenamento e Regaseifica\u00e7\u00e3o Flutuante.<\/p>\n\n\n\n<p>Os terminais poder\u00e3o realizar inscri\u00e7\u00f5es em duas categorias: &#8220;Inova\u00e7\u00e3o Tecnol\u00f3gica Portu\u00e1ria&#8221; e &#8220;Impacto Social Portu\u00e1rio&#8221;. A cerim\u00f4nia de premia\u00e7\u00e3o dos vencedores ser\u00e1 em 23 de outubro, no 12\u00ba Encontro ATP, no Clube Naval, em Bras\u00edlia (DF).<\/p>\n\n\n\n<p>Projetos em fase de teste, de implementa\u00e7\u00e3o ou j\u00e1 implementados est\u00e3o habilitados a participar da premia\u00e7\u00e3o, que contar\u00e1 com um corpo de jurados especialistas do setor para avaliar os trabalhos inscritos. Para mais informa\u00e7\u00f5es e inscri\u00e7\u00f5es, acesse <a href=\"https:\/\/portosprivados.com.br\/na-midia\/premio-atp\">este link<\/a>.<\/p>\n\n\n\n<p><em>Com informa\u00e7\u00f5es da ATP (Associa\u00e7\u00e3o de Terminais Portu\u00e1rios Privados)<\/em><\/p>\n\n\n\n<p><em>Arte: ATP\/Divulga\u00e7\u00e3o<\/em><\/p>\n","protected":false},"excerpt":{"rendered":"<p>da Ag\u00eancia iNFRA A ATP (Associa\u00e7\u00e3o de Terminais Portu\u00e1rios Privados) abriu inscri\u00e7\u00f5es para a terceira edi\u00e7\u00e3o do Pr\u00eamio ATP. O prazo previsto no edital vai at\u00e9 13 de julho e \u00e9 aberto a terminais privados, como os TUP (Terminais de Uso Privado), as ETC (Esta\u00e7\u00f5es de Transbordo de Carga), as IPTur (Instala\u00e7\u00f5es Portu\u00e1rias de Turismo) [&hellip;]<\/p>\n","protected":false},"author":1,"featured_media":23298,"comment_status":"closed","ping_status":"closed","sticky":false,"template":"","format":"standard","meta":{"_monsterinsights_skip_tracking":false,"_monsterinsights_sitenote_active":false,"_monsterinsights_sitenote_note":"","_monsterinsights_sitenote_category":0,"footnotes":""},"categories":[1,13576],"tags":[557,8102,817,13890,720,13889,623,105],"class_list":["post-23297","post","type-post","status-publish","format-standard","has-post-thumbnail","hentry","category-geral","category-giro-infra","tag-atp","tag-etc","tag-fsru","tag-iptur","tag-portos-privados","tag-premio-atp","tag-terminais-portuarios","tag-tup"],"yoast_head":"<!-- This site is optimized with the Yoast SEO Premium plugin v25.4 (Yoast SEO v26.0) - https:\/\/yoast.com\/wordpress\/plugins\/seo\/ -->\n<title>Associa\u00e7\u00e3o de portos privados abre inscri\u00e7\u00f5es para premiar inova\u00e7\u00e3o tecnol\u00f3gica e impacto social - Ag\u00eancia iNFRA<\/title>\n<meta name=\"robots\" content=\"index, follow, max-snippet:-1, max-image-preview:large, max-video-preview:-1\" \/>\n<link rel=\"canonical\" href=\"https:\/\/agenciainfra.com\/blog\/associacao-de-portos-privados-abre-inscricoes-para-premiar-inovacao-tecnologica-e-impacto-social\/\" \/>\n<meta property=\"og:locale\" content=\"pt_BR\" \/>\n<meta property=\"og:type\" content=\"article\" \/>\n<meta property=\"og:title\" content=\"Associa\u00e7\u00e3o de portos privados abre inscri\u00e7\u00f5es para premiar inova\u00e7\u00e3o tecnol\u00f3gica e impacto social\" \/>\n<meta property=\"og:description\" content=\"da Ag\u00eancia iNFRA A ATP (Associa\u00e7\u00e3o de Terminais Portu\u00e1rios Privados) abriu inscri\u00e7\u00f5es para a terceira edi\u00e7\u00e3o do Pr\u00eamio ATP. O prazo previsto no edital vai at\u00e9 13 de julho e \u00e9 aberto a terminais privados, como os TUP (Terminais de Uso Privado), as ETC (Esta\u00e7\u00f5es de Transbordo de Carga), as IPTur (Instala\u00e7\u00f5es Portu\u00e1rias de Turismo) [&hellip;]\" \/>\n<meta property=\"og:url\" content=\"https:\/\/agenciainfra.com\/blog\/associacao-de-portos-privados-abre-inscricoes-para-premiar-inovacao-tecnologica-e-impacto-social\/\" \/>\n<meta property=\"og:site_name\" content=\"Ag\u00eancia iNFRA\" \/>\n<meta property=\"article:publisher\" content=\"https:\/\/www.facebook.com\/ageninfra\" \/>\n<meta property=\"article:published_time\" content=\"2025-06-21T14:59:06+00:00\" \/>\n<meta property=\"article:modified_time\" content=\"2025-06-21T14:59:07+00:00\" \/>\n<meta property=\"og:image\" content=\"https:\/\/agenciainfra.com\/blog\/wp-content\/uploads\/2025\/06\/premio-atp-arte-atp-divulgacao.png\" \/>\n\t<meta property=\"og:image:width\" content=\"1280\" \/>\n\t<meta property=\"og:image:height\" content=\"701\" \/>\n\t<meta property=\"og:image:type\" content=\"image\/png\" \/>\n<meta name=\"author\" content=\"Ag\u00eancia iNFRA\" \/>\n<meta name=\"twitter:card\" content=\"summary_large_image\" \/>\n<meta name=\"twitter:creator\" content=\"@agencia_infra\" \/>\n<meta name=\"twitter:site\" content=\"@agencia_infra\" \/>\n<meta name=\"twitter:label1\" content=\"Escrito por\" \/>\n\t<meta name=\"twitter:data1\" content=\"Ag\u00eancia iNFRA\" \/>\n\t<meta name=\"twitter:label2\" content=\"Est. tempo de leitura\" \/>\n\t<meta name=\"twitter:data2\" content=\"1 minuto\" \/>\n<script type=\"application\/ld+json\" class=\"yoast-schema-graph\">{\"@context\":\"https:\/\/schema.org\",\"@graph\":[{\"@type\":\"Article\",\"@id\":\"https:\/\/agenciainfra.com\/blog\/associacao-de-portos-privados-abre-inscricoes-para-premiar-inovacao-tecnologica-e-impacto-social\/#article\",\"isPartOf\":{\"@id\":\"https:\/\/agenciainfra.com\/blog\/associacao-de-portos-privados-abre-inscricoes-para-premiar-inovacao-tecnologica-e-impacto-social\/\"},\"author\":{\"name\":\"Ag\u00eancia iNFRA\",\"@id\":\"https:\/\/agenciainfra.com\/blog\/#\/schema\/person\/34af08dff6adea4cb22b06612ba7acfa\"},\"headline\":\"Associa\u00e7\u00e3o de portos privados abre inscri\u00e7\u00f5es para premiar inova\u00e7\u00e3o tecnol\u00f3gica e impacto social\",\"datePublished\":\"2025-06-21T14:59:06+00:00\",\"dateModified\":\"2025-06-21T14:59:07+00:00\",\"mainEntityOfPage\":{\"@id\":\"https:\/\/agenciainfra.com\/blog\/associacao-de-portos-privados-abre-inscricoes-para-premiar-inovacao-tecnologica-e-impacto-social\/\"},\"wordCount\":198,\"publisher\":{\"@id\":\"https:\/\/agenciainfra.com\/blog\/#organization\"},\"image\":{\"@id\":\"https:\/\/agenciainfra.com\/blog\/associacao-de-portos-privados-abre-inscricoes-para-premiar-inovacao-tecnologica-e-impacto-social\/#primaryimage\"},\"thumbnailUrl\":\"https:\/\/agenciainfra.com\/blog\/wp-content\/uploads\/2025\/06\/premio-atp-arte-atp-divulgacao.png\",\"keywords\":[\"ATP\",\"ETC\",\"FSRU\",\"IPTur\",\"Portos Privados\",\"Pr\u00eamio ATP\",\"terminais portu\u00e1rios\",\"TUP\"],\"articleSection\":[\"Geral\",\"Giro iNFRA\"],\"inLanguage\":\"pt-BR\",\"copyrightYear\":\"2025\",\"copyrightHolder\":{\"@id\":\"https:\/\/agenciainfra.com\/blog\/#organization\"}},{\"@type\":\"WebPage\",\"@id\":\"https:\/\/agenciainfra.com\/blog\/associacao-de-portos-privados-abre-inscricoes-para-premiar-inovacao-tecnologica-e-impacto-social\/\",\"url\":\"https:\/\/agenciainfra.com\/blog\/associacao-de-portos-privados-abre-inscricoes-para-premiar-inovacao-tecnologica-e-impacto-social\/\",\"name\":\"Associa\u00e7\u00e3o de portos privados abre inscri\u00e7\u00f5es para premiar inova\u00e7\u00e3o tecnol\u00f3gica e impacto social - Ag\u00eancia iNFRA\",\"isPartOf\":{\"@id\":\"https:\/\/agenciainfra.com\/blog\/#website\"},\"primaryImageOfPage\":{\"@id\":\"https:\/\/agenciainfra.com\/blog\/associacao-de-portos-privados-abre-inscricoes-para-premiar-inovacao-tecnologica-e-impacto-social\/#primaryimage\"},\"image\":{\"@id\":\"https:\/\/agenciainfra.com\/blog\/associacao-de-portos-privados-abre-inscricoes-para-premiar-inovacao-tecnologica-e-impacto-social\/#primaryimage\"},\"thumbnailUrl\":\"https:\/\/agenciainfra.com\/blog\/wp-content\/uploads\/2025\/06\/premio-atp-arte-atp-divulgacao.png\",\"datePublished\":\"2025-06-21T14:59:06+00:00\",\"dateModified\":\"2025-06-21T14:59:07+00:00\",\"breadcrumb\":{\"@id\":\"https:\/\/agenciainfra.com\/blog\/associacao-de-portos-privados-abre-inscricoes-para-premiar-inovacao-tecnologica-e-impacto-social\/#breadcrumb\"},\"inLanguage\":\"pt-BR\",\"potentialAction\":[{\"@type\":\"ReadAction\",\"target\":[\"https:\/\/agenciainfra.com\/blog\/associacao-de-portos-privados-abre-inscricoes-para-premiar-inovacao-tecnologica-e-impacto-social\/\"]}]},{\"@type\":\"ImageObject\",\"inLanguage\":\"pt-BR\",\"@id\":\"https:\/\/agenciainfra.com\/blog\/associacao-de-portos-privados-abre-inscricoes-para-premiar-inovacao-tecnologica-e-impacto-social\/#primaryimage\",\"url\":\"https:\/\/agenciainfra.com\/blog\/wp-content\/uploads\/2025\/06\/premio-atp-arte-atp-divulgacao.png\",\"contentUrl\":\"https:\/\/agenciainfra.com\/blog\/wp-content\/uploads\/2025\/06\/premio-atp-arte-atp-divulgacao.png\",\"width\":1280,\"height\":701},{\"@type\":\"BreadcrumbList\",\"@id\":\"https:\/\/agenciainfra.com\/blog\/associacao-de-portos-privados-abre-inscricoes-para-premiar-inovacao-tecnologica-e-impacto-social\/#breadcrumb\",\"itemListElement\":[{\"@type\":\"ListItem\",\"position\":1,\"name\":\"In\u00edcio\",\"item\":\"https:\/\/agenciainfra.com\/blog\/\"},{\"@type\":\"ListItem\",\"position\":2,\"name\":\"Associa\u00e7\u00e3o de portos privados abre inscri\u00e7\u00f5es para premiar inova\u00e7\u00e3o tecnol\u00f3gica e impacto social\"}]},{\"@type\":\"WebSite\",\"@id\":\"https:\/\/agenciainfra.com\/blog\/#website\",\"url\":\"https:\/\/agenciainfra.com\/blog\/\",\"name\":\"Ag\u00eancia iNFRA\",\"description\":\"Multiplataforma de informa\u00e7\u00e3o jornal\u00edstica refer\u00eancia na \u00e1rea de infraestrutura no Brasil!\",\"publisher\":{\"@id\":\"https:\/\/agenciainfra.com\/blog\/#organization\"},\"potentialAction\":[{\"@type\":\"SearchAction\",\"target\":{\"@type\":\"EntryPoint\",\"urlTemplate\":\"https:\/\/agenciainfra.com\/blog\/?s={search_term_string}\"},\"query-input\":{\"@type\":\"PropertyValueSpecification\",\"valueRequired\":true,\"valueName\":\"search_term_string\"}}],\"inLanguage\":\"pt-BR\"},{\"@type\":\"Organization\",\"@id\":\"https:\/\/agenciainfra.com\/blog\/#organization\",\"name\":\"Ag\u00eancia iNFRA\",\"url\":\"https:\/\/agenciainfra.com\/blog\/\",\"logo\":{\"@type\":\"ImageObject\",\"inLanguage\":\"pt-BR\",\"@id\":\"https:\/\/agenciainfra.com\/blog\/#\/schema\/logo\/image\/\",\"url\":\"https:\/\/agenciainfra.com\/blog\/wp-content\/uploads\/2023\/09\/iNFRA_5-e1761735885940.png\",\"contentUrl\":\"https:\/\/agenciainfra.com\/blog\/wp-content\/uploads\/2023\/09\/iNFRA_5-e1761735885940.png\",\"width\":1672,\"height\":454,\"caption\":\"Ag\u00eancia iNFRA\"},\"image\":{\"@id\":\"https:\/\/agenciainfra.com\/blog\/#\/schema\/logo\/image\/\"},\"sameAs\":[\"https:\/\/www.facebook.com\/ageninfra\",\"https:\/\/x.com\/agencia_infra\",\"https:\/\/www.linkedin.com\/company\/ag\u00eanciainfra\/\",\"https:\/\/www.instagram.com\/agenciainfra\/\"]},{\"@type\":\"Person\",\"@id\":\"https:\/\/agenciainfra.com\/blog\/#\/schema\/person\/34af08dff6adea4cb22b06612ba7acfa\",\"name\":\"Ag\u00eancia iNFRA\",\"image\":{\"@type\":\"ImageObject\",\"inLanguage\":\"pt-BR\",\"@id\":\"https:\/\/agenciainfra.com\/blog\/#\/schema\/person\/image\/\",\"url\":\"https:\/\/secure.gravatar.com\/avatar\/d189e01678f06d8eb84d4e01f08eb848b3fffe3f8443818d3c356c66892f5be8?s=96&d=mm&r=g\",\"contentUrl\":\"https:\/\/secure.gravatar.com\/avatar\/d189e01678f06d8eb84d4e01f08eb848b3fffe3f8443818d3c356c66892f5be8?s=96&d=mm&r=g\",\"caption\":\"Ag\u00eancia iNFRA\"},\"url\":\"https:\/\/agenciainfra.com\/blog\/author\/admin\/\"}]}<\/script>\n<!-- \/ Yoast SEO Premium plugin. -->","yoast_head_json":{"title":"Associa\u00e7\u00e3o de portos privados abre inscri\u00e7\u00f5es para premiar inova\u00e7\u00e3o tecnol\u00f3gica e impacto social - Ag\u00eancia iNFRA","robots":{"index":"index","follow":"follow","max-snippet":"max-snippet:-1","max-image-preview":"max-image-preview:large","max-video-preview":"max-video-preview:-1"},"canonical":"https:\/\/agenciainfra.com\/blog\/associacao-de-portos-privados-abre-inscricoes-para-premiar-inovacao-tecnologica-e-impacto-social\/","og_locale":"pt_BR","og_type":"article","og_title":"Associa\u00e7\u00e3o de portos privados abre inscri\u00e7\u00f5es para premiar inova\u00e7\u00e3o tecnol\u00f3gica e impacto social","og_description":"da Ag\u00eancia iNFRA A ATP (Associa\u00e7\u00e3o de Terminais Portu\u00e1rios Privados) abriu inscri\u00e7\u00f5es para a terceira edi\u00e7\u00e3o do Pr\u00eamio ATP. O prazo previsto no edital vai at\u00e9 13 de julho e \u00e9 aberto a terminais privados, como os TUP (Terminais de Uso Privado), as ETC (Esta\u00e7\u00f5es de Transbordo de Carga), as IPTur (Instala\u00e7\u00f5es Portu\u00e1rias de Turismo) [&hellip;]","og_url":"https:\/\/agenciainfra.com\/blog\/associacao-de-portos-privados-abre-inscricoes-para-premiar-inovacao-tecnologica-e-impacto-social\/","og_site_name":"Ag\u00eancia iNFRA","article_publisher":"https:\/\/www.facebook.com\/ageninfra","article_published_time":"2025-06-21T14:59:06+00:00","article_modified_time":"2025-06-21T14:59:07+00:00","og_image":[{"width":1280,"height":701,"url":"https:\/\/agenciainfra.com\/blog\/wp-content\/uploads\/2025\/06\/premio-atp-arte-atp-divulgacao.png","type":"image\/png"}],"author":"Ag\u00eancia iNFRA","twitter_card":"summary_large_image","twitter_creator":"@agencia_infra","twitter_site":"@agencia_infra","twitter_misc":{"Escrito por":"Ag\u00eancia iNFRA","Est. tempo de leitura":"1 minuto"},"schema":{"@context":"https:\/\/schema.org","@graph":[{"@type":"Article","@id":"https:\/\/agenciainfra.com\/blog\/associacao-de-portos-privados-abre-inscricoes-para-premiar-inovacao-tecnologica-e-impacto-social\/#article","isPartOf":{"@id":"https:\/\/agenciainfra.com\/blog\/associacao-de-portos-privados-abre-inscricoes-para-premiar-inovacao-tecnologica-e-impacto-social\/"},"author":{"name":"Ag\u00eancia iNFRA","@id":"https:\/\/agenciainfra.com\/blog\/#\/schema\/person\/34af08dff6adea4cb22b06612ba7acfa"},"headline":"Associa\u00e7\u00e3o de portos privados abre inscri\u00e7\u00f5es para premiar inova\u00e7\u00e3o tecnol\u00f3gica e impacto social","datePublished":"2025-06-21T14:59:06+00:00","dateModified":"2025-06-21T14:59:07+00:00","mainEntityOfPage":{"@id":"https:\/\/agenciainfra.com\/blog\/associacao-de-portos-privados-abre-inscricoes-para-premiar-inovacao-tecnologica-e-impacto-social\/"},"wordCount":198,"publisher":{"@id":"https:\/\/agenciainfra.com\/blog\/#organization"},"image":{"@id":"https:\/\/agenciainfra.com\/blog\/associacao-de-portos-privados-abre-inscricoes-para-premiar-inovacao-tecnologica-e-impacto-social\/#primaryimage"},"thumbnailUrl":"https:\/\/agenciainfra.com\/blog\/wp-content\/uploads\/2025\/06\/premio-atp-arte-atp-divulgacao.png","keywords":["ATP","ETC","FSRU","IPTur","Portos Privados","Pr\u00eamio ATP","terminais portu\u00e1rios","TUP"],"articleSection":["Geral","Giro iNFRA"],"inLanguage":"pt-BR","copyrightYear":"2025","copyrightHolder":{"@id":"https:\/\/agenciainfra.com\/blog\/#organization"}},{"@type":"WebPage","@id":"https:\/\/agenciainfra.com\/blog\/associacao-de-portos-privados-abre-inscricoes-para-premiar-inovacao-tecnologica-e-impacto-social\/","url":"https:\/\/agenciainfra.com\/blog\/associacao-de-portos-privados-abre-inscricoes-para-premiar-inovacao-tecnologica-e-impacto-social\/","name":"Associa\u00e7\u00e3o de portos privados abre inscri\u00e7\u00f5es para premiar inova\u00e7\u00e3o tecnol\u00f3gica e impacto social - Ag\u00eancia iNFRA","isPartOf":{"@id":"https:\/\/agenciainfra.com\/blog\/#website"},"primaryImageOfPage":{"@id":"https:\/\/agenciainfra.com\/blog\/associacao-de-portos-privados-abre-inscricoes-para-premiar-inovacao-tecnologica-e-impacto-social\/#primaryimage"},"image":{"@id":"https:\/\/agenciainfra.com\/blog\/associacao-de-portos-privados-abre-inscricoes-para-premiar-inovacao-tecnologica-e-impacto-social\/#primaryimage"},"thumbnailUrl":"https:\/\/agenciainfra.com\/blog\/wp-content\/uploads\/2025\/06\/premio-atp-arte-atp-divulgacao.png","datePublished":"2025-06-21T14:59:06+00:00","dateModified":"2025-06-21T14:59:07+00:00","breadcrumb":{"@id":"https:\/\/agenciainfra.com\/blog\/associacao-de-portos-privados-abre-inscricoes-para-premiar-inovacao-tecnologica-e-impacto-social\/#breadcrumb"},"inLanguage":"pt-BR","potentialAction":[{"@type":"ReadAction","target":["https:\/\/agenciainfra.com\/blog\/associacao-de-portos-privados-abre-inscricoes-para-premiar-inovacao-tecnologica-e-impacto-social\/"]}]},{"@type":"ImageObject","inLanguage":"pt-BR","@id":"https:\/\/agenciainfra.com\/blog\/associacao-de-portos-privados-abre-inscricoes-para-premiar-inovacao-tecnologica-e-impacto-social\/#primaryimage","url":"https:\/\/agenciainfra.com\/blog\/wp-content\/uploads\/2025\/06\/premio-atp-arte-atp-divulgacao.png","contentUrl":"https:\/\/agenciainfra.com\/blog\/wp-content\/uploads\/2025\/06\/premio-atp-arte-atp-divulgacao.png","width":1280,"height":701},{"@type":"BreadcrumbList","@id":"https:\/\/agenciainfra.com\/blog\/associacao-de-portos-privados-abre-inscricoes-para-premiar-inovacao-tecnologica-e-impacto-social\/#breadcrumb","itemListElement":[{"@type":"ListItem","position":1,"name":"In\u00edcio","item":"https:\/\/agenciainfra.com\/blog\/"},{"@type":"ListItem","position":2,"name":"Associa\u00e7\u00e3o de portos privados abre inscri\u00e7\u00f5es para premiar inova\u00e7\u00e3o tecnol\u00f3gica e impacto social"}]},{"@type":"WebSite","@id":"https:\/\/agenciainfra.com\/blog\/#website","url":"https:\/\/agenciainfra.com\/blog\/","name":"Ag\u00eancia iNFRA","description":"Multiplataforma de informa\u00e7\u00e3o jornal\u00edstica refer\u00eancia na \u00e1rea de infraestrutura no Brasil!","publisher":{"@id":"https:\/\/agenciainfra.com\/blog\/#organization"},"potentialAction":[{"@type":"SearchAction","target":{"@type":"EntryPoint","urlTemplate":"https:\/\/agenciainfra.com\/blog\/?s={search_term_string}"},"query-input":{"@type":"PropertyValueSpecification","valueRequired":true,"valueName":"search_term_string"}}],"inLanguage":"pt-BR"},{"@type":"Organization","@id":"https:\/\/agenciainfra.com\/blog\/#organization","name":"Ag\u00eancia iNFRA","url":"https:\/\/agenciainfra.com\/blog\/","logo":{"@type":"ImageObject","inLanguage":"pt-BR","@id":"https:\/\/agenciainfra.com\/blog\/#\/schema\/logo\/image\/","url":"https:\/\/agenciainfra.com\/blog\/wp-content\/uploads\/2023\/09\/iNFRA_5-e1761735885940.png","contentUrl":"https:\/\/agenciainfra.com\/blog\/wp-content\/uploads\/2023\/09\/iNFRA_5-e1761735885940.png","width":1672,"height":454,"caption":"Ag\u00eancia iNFRA"},"image":{"@id":"https:\/\/agenciainfra.com\/blog\/#\/schema\/logo\/image\/"},"sameAs":["https:\/\/www.facebook.com\/ageninfra","https:\/\/x.com\/agencia_infra","https:\/\/www.linkedin.com\/company\/ag\u00eanciainfra\/","https:\/\/www.instagram.com\/agenciainfra\/"]},{"@type":"Person","@id":"https:\/\/agenciainfra.com\/blog\/#\/schema\/person\/34af08dff6adea4cb22b06612ba7acfa","name":"Ag\u00eancia iNFRA","image":{"@type":"ImageObject","inLanguage":"pt-BR","@id":"https:\/\/agenciainfra.com\/blog\/#\/schema\/person\/image\/","url":"https:\/\/secure.gravatar.com\/avatar\/d189e01678f06d8eb84d4e01f08eb848b3fffe3f8443818d3c356c66892f5be8?s=96&d=mm&r=g","contentUrl":"https:\/\/secure.gravatar.com\/avatar\/d189e01678f06d8eb84d4e01f08eb848b3fffe3f8443818d3c356c66892f5be8?s=96&d=mm&r=g","caption":"Ag\u00eancia iNFRA"},"url":"https:\/\/agenciainfra.com\/blog\/author\/admin\/"}]}},"_links":{"self":[{"href":"https:\/\/agenciainfra.com\/blog\/wp-json\/wp\/v2\/posts\/23297","targetHints":{"allow":["GET"]}}],"collection":[{"href":"https:\/\/agenciainfra.com\/blog\/wp-json\/wp\/v2\/posts"}],"about":[{"href":"https:\/\/agenciainfra.com\/blog\/wp-json\/wp\/v2\/types\/post"}],"author":[{"embeddable":true,"href":"https:\/\/agenciainfra.com\/blog\/wp-json\/wp\/v2\/users\/1"}],"replies":[{"embeddable":true,"href":"https:\/\/agenciainfra.com\/blog\/wp-json\/wp\/v2\/comments?post=23297"}],"version-history":[{"count":1,"href":"https:\/\/agenciainfra.com\/blog\/wp-json\/wp\/v2\/posts\/23297\/revisions"}],"predecessor-version":[{"id":23299,"href":"https:\/\/agenciainfra.com\/blog\/wp-json\/wp\/v2\/posts\/23297\/revisions\/23299"}],"wp:featuredmedia":[{"embeddable":true,"href":"https:\/\/agenciainfra.com\/blog\/wp-json\/wp\/v2\/media\/23298"}],"wp:attachment":[{"href":"https:\/\/agenciainfra.com\/blog\/wp-json\/wp\/v2\/media?parent=23297"}],"wp:term":[{"taxonomy":"category","embeddable":true,"href":"https:\/\/agenciainfra.com\/blog\/wp-json\/wp\/v2\/categories?post=23297"},{"taxonomy":"post_tag","embeddable":true,"href":"https:\/\/agenciainfra.com\/blog\/wp-json\/wp\/v2\/tags?post=23297"}],"curies":[{"name":"wp","href":"https:\/\/api.w.org\/{rel}","templated":true}]}}