{"id":23310,"date":"2025-06-24T08:00:00","date_gmt":"2025-06-24T11:00:00","guid":{"rendered":"https:\/\/agenciainfra.com\/blog\/?p=23310"},"modified":"2025-06-24T12:02:22","modified_gmt":"2025-06-24T15:02:22","slug":"empresas-e-governo-avaliam-impacto-financeiro-de-tarifa-social-no-saneamento-para-amortecer-reajustes","status":"publish","type":"post","link":"https:\/\/agenciainfra.com\/blog\/empresas-e-governo-avaliam-impacto-financeiro-de-tarifa-social-no-saneamento-para-amortecer-reajustes\/","title":{"rendered":"Empresas e governo avaliam impacto financeiro de tarifa social no saneamento para amortecer reajustes"},"content":{"rendered":"\n<p class=\"has-text-align-right\"><strong>Amanda Pupo, da Ag\u00eancia iNFRA<\/strong><\/p>\n\n\n\n<p>Empresas de saneamento e o governo est\u00e3o trabalhando para tentar reduzir o impacto tarif\u00e1rio que a\u00a0implementa\u00e7\u00e3o da tarifa social nos servi\u00e7os de \u00e1gua e esgoto para fam\u00edlias de baixa renda vai gerar aos demais consumidores. A legisla\u00e7\u00e3o\u00a0que institui regras nacionais para esse benef\u00edcio foi sancionada h\u00e1 um ano. Desde ent\u00e3o, por\u00e9m, n\u00e3o houve nenhum avan\u00e7o not\u00e1vel na viabiliza\u00e7\u00e3o do fundo que ajudaria a amortecer o efeito financeiro da novidade nos contratos do setor, ponto agravado pelo cen\u00e1rio de restri\u00e7\u00e3o fiscal, j\u00e1 que os recursos dependeriam de\u00a0or\u00e7amento p\u00fablico.\u00a0<br><br>Uma primeira proposta para resolver o problema, considerada positiva entre as empresas, saiu da ANA (Ag\u00eancia Nacional de \u00c1guas e Saneamento), que sugeriu a implementa\u00e7\u00e3o da tarifa social em fases. <a href=\"https:\/\/agenciainfra.com\/blog\/ana-vai-sugerir-implementacao-faseada-de-tarifa-social-e-reequilibrios-por-gatilhos\/\">Como mostrou<\/a> a\u00a0<strong>Ag\u00eancia iNFRA<\/strong>, seria uma forma de dissolver o reajuste tarif\u00e1rio que precisar\u00e1 ser feito na conta dos consumidores gerais para reequilibrar os contratos e compensar a perda de receita gerada pela amplia\u00e7\u00e3o da tarifa social.<br><br>A proposta da ANA para essa NR (Norma de Refer\u00eancia) \u2013que tamb\u00e9m trata de estrutura tarif\u00e1ria do setor\u2013\u00a0est\u00e1 em consulta p\u00fablica, com previs\u00e3o de ser publicada no segundo semestre.<br><br>A preocupa\u00e7\u00e3o com o tema, no entanto, permanece no segmento, que cobra a viabiliza\u00e7\u00e3o do fundo. O assunto foi tratado em reuni\u00e3o entre o Minist\u00e9rio das Cidades e a Aesbe (Associa\u00e7\u00e3o Brasileira das Empresas Estaduais de Saneamento), na semana passada. \u00c0\u00a0<strong>Ag\u00eancia iNFRA<\/strong>, o coordenador da C\u00e2mara T\u00e9cnica Comercial da Aesbe, Agostinho Moreira Filho, contou que a agenda foi pedida pela pasta.\u00a0<br><br>Segundo ele, o minist\u00e9rio quer calcular o impacto financeiro da implementa\u00e7\u00e3o da tarifa social para as companhias de saneamento. \u201cEles est\u00e3o preocupados tamb\u00e9m\u201d, disse Moreira, que \u00e9 favor\u00e1vel que o fundo previsto na lei seja\u00a0colocado de p\u00e9, com aten\u00e7\u00e3o especial para as empresas que t\u00eam o maior n\u00famero de clientes enquadrados na previs\u00e3o da nova tarifa social.\u00a0<br><br>\u201cE o maior n\u00famero de clientes enquadrados para essa tarifa geralmente est\u00e1 nos estados mais pobres e em que a popula\u00e7\u00e3o tem menos capacidade de pagamento [para arcar com o reajuste geral aplicado a quem n\u00e3o tem direito ao benef\u00edcio]&#8221;, assinalou\u00a0Moreira, que \u00e9 superintendente Comercial da Cagece (Companhia de \u00c1gua e Esgoto do Cear\u00e1).\u00a0<br><br><strong>Acesso a dados<\/strong><br>A tarifa social para saneamento prevista na lei concede desconto de 50% a usu\u00e1rios com renda per capita de at\u00e9 meio sal\u00e1rio m\u00ednimo que se enquadram em crit\u00e9rios como pertencer a fam\u00edlia inscrita no Cad\u00danico. O texto determinou\u00a0dois anos para a implementa\u00e7\u00e3o do benef\u00edcio, contados a partir do fim de 2024.<br><br>Por\u00e9m,\u00a0at\u00e9 mesmo o c\u00e1lculo para estimar quantas fam\u00edlias passar\u00e3o a ser atendidas se mostrou dif\u00edcil para as empresas, em raz\u00e3o do acesso\u00a0ao banco de dados do Cad\u00danico. A NR em elabora\u00e7\u00e3o pela\u00a0ANA tamb\u00e9m tenta resolver essa quest\u00e3o, ao prever uma sess\u00e3o espec\u00edfica sobre o tratamento dessas informa\u00e7\u00f5es.\u00a0<br><br>Segundo o representante da Aesbe, a proposta atende\u00a0\u00e0 maioria das preocupa\u00e7\u00f5es das empresas, embora alguns pontos ainda possam ser esclarecidos, o que j\u00e1 foi levado na forma de sugest\u00f5es para a ag\u00eancia.<br><br><strong>Desgaste pol\u00edtico<\/strong><br>A associa\u00e7\u00e3o que representa as estatais tamb\u00e9m quer que a ANA\u00a0deixe mais claras as regras para o faseamento na ado\u00e7\u00e3o da tarifa social. A avalia\u00e7\u00e3o \u00e9 de que esse detalhamento vai evitar questionamentos e dar mais seguran\u00e7a jur\u00eddica para as companhias de saneamento atuarem de maneira uniforme, al\u00e9m de amparar decis\u00f5es de reajustes tarif\u00e1rios que podem gerar desgaste pol\u00edtico.\u00a0<br><br>Integrantes do setor indicam que esse ponto ser\u00e1 especialmente sens\u00edvel em 2026, quando ocorre o pleito para escolha dos chefes de governos estaduais \u2013que ainda, em muitos casos, controlam empresas de saneamento.\u00a0<br><br>No ano passado, durante a tramita\u00e7\u00e3o da lei da tarifa social no Congresso, a Aesbe estimou que a implementa\u00e7\u00e3o do benef\u00edcio poderia gerar um reajuste tarif\u00e1rio, na m\u00e9dia,\u00a0de 9,30%. Ele ocorreria\u00a0devido a uma perda de receita de cerca de R$ 1,4 bilh\u00e3o por ano para as companhias. Em estados do Norte e Nordeste o impacto tende a ser mais relevante. No Maranh\u00e3o, por exemplo, o aumento da tarifa dos demais consumidores chegaria, na estimativa inicial, a 18,50%.<br><br>Durante a elabora\u00e7\u00e3o da NR sobre o tema, a ANA identificou que h\u00e1 regi\u00f5es nas quais o potencial de eleg\u00edveis para a tarifa social pode chegar a 50% da popula\u00e7\u00e3o. O \u00edndice n\u00e3o se traduz, necessariamente,\u00a0 em casas que ter\u00e3o desconto, mas sinaliza um percentual relevante de novos benefici\u00e1rios.\u00a0<\/p>\n","protected":false},"excerpt":{"rendered":"<p>Amanda Pupo, da Ag\u00eancia iNFRA Empresas de saneamento e o governo est\u00e3o trabalhando para tentar reduzir o impacto tarif\u00e1rio que a\u00a0implementa\u00e7\u00e3o da tarifa social nos servi\u00e7os de \u00e1gua e esgoto para fam\u00edlias de baixa renda vai gerar aos demais consumidores. A legisla\u00e7\u00e3o\u00a0que institui regras nacionais para esse benef\u00edcio foi sancionada h\u00e1 um ano. Desde ent\u00e3o, [&hellip;]<\/p>\n","protected":false},"author":1,"featured_media":20599,"comment_status":"closed","ping_status":"closed","sticky":false,"template":"","format":"standard","meta":{"_monsterinsights_skip_tracking":false,"_monsterinsights_sitenote_active":false,"_monsterinsights_sitenote_note":"","_monsterinsights_sitenote_category":0,"footnotes":""},"categories":[7250,1,7827],"tags":[1398,74,13354,77,179,3797,13900],"class_list":["post-23310","post","type-post","status-publish","format-standard","has-post-thumbnail","hentry","category-destaque-lista","category-geral","category-infrasaneamento","tag-aesbe","tag-agua-e-esgoto","tag-amanda-pupo","tag-ana","tag-saneamento","tag-tarifa-social","tag-tarifa-social-do-saneamento"],"yoast_head":"<!-- This site is optimized with the Yoast SEO Premium plugin v25.4 (Yoast SEO v26.0) - https:\/\/yoast.com\/wordpress\/plugins\/seo\/ -->\n<title>Empresas e governo avaliam impacto financeiro de tarifa social no saneamento para amortecer reajustes - Ag\u00eancia iNFRA<\/title>\n<meta name=\"robots\" content=\"index, follow, max-snippet:-1, max-image-preview:large, max-video-preview:-1\" \/>\n<link rel=\"canonical\" href=\"https:\/\/agenciainfra.com\/blog\/empresas-e-governo-avaliam-impacto-financeiro-de-tarifa-social-no-saneamento-para-amortecer-reajustes\/\" \/>\n<meta property=\"og:locale\" content=\"pt_BR\" \/>\n<meta property=\"og:type\" content=\"article\" \/>\n<meta property=\"og:title\" content=\"Empresas e governo avaliam impacto financeiro de tarifa social no saneamento para amortecer reajustes\" \/>\n<meta property=\"og:description\" content=\"Amanda Pupo, da Ag\u00eancia iNFRA Empresas de saneamento e o governo est\u00e3o trabalhando para tentar reduzir o impacto tarif\u00e1rio que a\u00a0implementa\u00e7\u00e3o da tarifa social nos servi\u00e7os de \u00e1gua e esgoto para fam\u00edlias de baixa renda vai gerar aos demais consumidores. A legisla\u00e7\u00e3o\u00a0que institui regras nacionais para esse benef\u00edcio foi sancionada h\u00e1 um ano. Desde ent\u00e3o, [&hellip;]\" \/>\n<meta property=\"og:url\" content=\"https:\/\/agenciainfra.com\/blog\/empresas-e-governo-avaliam-impacto-financeiro-de-tarifa-social-no-saneamento-para-amortecer-reajustes\/\" \/>\n<meta property=\"og:site_name\" content=\"Ag\u00eancia iNFRA\" \/>\n<meta property=\"article:publisher\" content=\"https:\/\/www.facebook.com\/ageninfra\" \/>\n<meta property=\"article:published_time\" content=\"2025-06-24T11:00:00+00:00\" \/>\n<meta property=\"article:modified_time\" content=\"2025-06-24T15:02:22+00:00\" \/>\n<meta property=\"og:image\" content=\"https:\/\/agenciainfra.com\/blog\/wp-content\/uploads\/2025\/03\/saneamento-agua-foto-governo-federal-1024x680-1.jpeg\" \/>\n\t<meta property=\"og:image:width\" content=\"1024\" \/>\n\t<meta property=\"og:image:height\" content=\"680\" \/>\n\t<meta property=\"og:image:type\" content=\"image\/jpeg\" \/>\n<meta name=\"author\" content=\"Ag\u00eancia iNFRA\" \/>\n<meta name=\"twitter:card\" content=\"summary_large_image\" \/>\n<meta name=\"twitter:creator\" content=\"@agencia_infra\" \/>\n<meta name=\"twitter:site\" content=\"@agencia_infra\" \/>\n<meta name=\"twitter:label1\" content=\"Escrito por\" \/>\n\t<meta name=\"twitter:data1\" content=\"Ag\u00eancia iNFRA\" \/>\n\t<meta name=\"twitter:label2\" content=\"Est. tempo de leitura\" \/>\n\t<meta name=\"twitter:data2\" content=\"4 minutos\" \/>\n<script type=\"application\/ld+json\" class=\"yoast-schema-graph\">{\"@context\":\"https:\/\/schema.org\",\"@graph\":[{\"@type\":\"Article\",\"@id\":\"https:\/\/agenciainfra.com\/blog\/empresas-e-governo-avaliam-impacto-financeiro-de-tarifa-social-no-saneamento-para-amortecer-reajustes\/#article\",\"isPartOf\":{\"@id\":\"https:\/\/agenciainfra.com\/blog\/empresas-e-governo-avaliam-impacto-financeiro-de-tarifa-social-no-saneamento-para-amortecer-reajustes\/\"},\"author\":{\"name\":\"Ag\u00eancia iNFRA\",\"@id\":\"https:\/\/agenciainfra.com\/blog\/#\/schema\/person\/34af08dff6adea4cb22b06612ba7acfa\"},\"headline\":\"Empresas e governo avaliam impacto financeiro de tarifa social no saneamento para amortecer reajustes\",\"datePublished\":\"2025-06-24T11:00:00+00:00\",\"dateModified\":\"2025-06-24T15:02:22+00:00\",\"mainEntityOfPage\":{\"@id\":\"https:\/\/agenciainfra.com\/blog\/empresas-e-governo-avaliam-impacto-financeiro-de-tarifa-social-no-saneamento-para-amortecer-reajustes\/\"},\"wordCount\":829,\"publisher\":{\"@id\":\"https:\/\/agenciainfra.com\/blog\/#organization\"},\"image\":{\"@id\":\"https:\/\/agenciainfra.com\/blog\/empresas-e-governo-avaliam-impacto-financeiro-de-tarifa-social-no-saneamento-para-amortecer-reajustes\/#primaryimage\"},\"thumbnailUrl\":\"https:\/\/agenciainfra.com\/blog\/wp-content\/uploads\/2025\/03\/saneamento-agua-foto-governo-federal-1024x680-1.jpeg\",\"keywords\":[\"AESBE\",\"\u00c1gua e Esgoto\",\"Amanda Pupo\",\"ANA\",\"saneamento\",\"Tarifa Social\",\"tarifa social do saneamento\"],\"articleSection\":[\"Destaque lista\",\"Geral\",\"iNFRASaneamento\"],\"inLanguage\":\"pt-BR\",\"copyrightYear\":\"2025\",\"copyrightHolder\":{\"@id\":\"https:\/\/agenciainfra.com\/blog\/#organization\"}},{\"@type\":\"WebPage\",\"@id\":\"https:\/\/agenciainfra.com\/blog\/empresas-e-governo-avaliam-impacto-financeiro-de-tarifa-social-no-saneamento-para-amortecer-reajustes\/\",\"url\":\"https:\/\/agenciainfra.com\/blog\/empresas-e-governo-avaliam-impacto-financeiro-de-tarifa-social-no-saneamento-para-amortecer-reajustes\/\",\"name\":\"Empresas e governo avaliam impacto financeiro de tarifa social no saneamento para amortecer reajustes - Ag\u00eancia iNFRA\",\"isPartOf\":{\"@id\":\"https:\/\/agenciainfra.com\/blog\/#website\"},\"primaryImageOfPage\":{\"@id\":\"https:\/\/agenciainfra.com\/blog\/empresas-e-governo-avaliam-impacto-financeiro-de-tarifa-social-no-saneamento-para-amortecer-reajustes\/#primaryimage\"},\"image\":{\"@id\":\"https:\/\/agenciainfra.com\/blog\/empresas-e-governo-avaliam-impacto-financeiro-de-tarifa-social-no-saneamento-para-amortecer-reajustes\/#primaryimage\"},\"thumbnailUrl\":\"https:\/\/agenciainfra.com\/blog\/wp-content\/uploads\/2025\/03\/saneamento-agua-foto-governo-federal-1024x680-1.jpeg\",\"datePublished\":\"2025-06-24T11:00:00+00:00\",\"dateModified\":\"2025-06-24T15:02:22+00:00\",\"breadcrumb\":{\"@id\":\"https:\/\/agenciainfra.com\/blog\/empresas-e-governo-avaliam-impacto-financeiro-de-tarifa-social-no-saneamento-para-amortecer-reajustes\/#breadcrumb\"},\"inLanguage\":\"pt-BR\",\"potentialAction\":[{\"@type\":\"ReadAction\",\"target\":[\"https:\/\/agenciainfra.com\/blog\/empresas-e-governo-avaliam-impacto-financeiro-de-tarifa-social-no-saneamento-para-amortecer-reajustes\/\"]}]},{\"@type\":\"ImageObject\",\"inLanguage\":\"pt-BR\",\"@id\":\"https:\/\/agenciainfra.com\/blog\/empresas-e-governo-avaliam-impacto-financeiro-de-tarifa-social-no-saneamento-para-amortecer-reajustes\/#primaryimage\",\"url\":\"https:\/\/agenciainfra.com\/blog\/wp-content\/uploads\/2025\/03\/saneamento-agua-foto-governo-federal-1024x680-1.jpeg\",\"contentUrl\":\"https:\/\/agenciainfra.com\/blog\/wp-content\/uploads\/2025\/03\/saneamento-agua-foto-governo-federal-1024x680-1.jpeg\",\"width\":1024,\"height\":680,\"caption\":\"Foto: Governo Federal\"},{\"@type\":\"BreadcrumbList\",\"@id\":\"https:\/\/agenciainfra.com\/blog\/empresas-e-governo-avaliam-impacto-financeiro-de-tarifa-social-no-saneamento-para-amortecer-reajustes\/#breadcrumb\",\"itemListElement\":[{\"@type\":\"ListItem\",\"position\":1,\"name\":\"In\u00edcio\",\"item\":\"https:\/\/agenciainfra.com\/blog\/\"},{\"@type\":\"ListItem\",\"position\":2,\"name\":\"Empresas e governo avaliam impacto financeiro de tarifa social no saneamento para amortecer reajustes\"}]},{\"@type\":\"WebSite\",\"@id\":\"https:\/\/agenciainfra.com\/blog\/#website\",\"url\":\"https:\/\/agenciainfra.com\/blog\/\",\"name\":\"Ag\u00eancia iNFRA\",\"description\":\"Multiplataforma de informa\u00e7\u00e3o jornal\u00edstica refer\u00eancia na \u00e1rea de infraestrutura no Brasil!\",\"publisher\":{\"@id\":\"https:\/\/agenciainfra.com\/blog\/#organization\"},\"potentialAction\":[{\"@type\":\"SearchAction\",\"target\":{\"@type\":\"EntryPoint\",\"urlTemplate\":\"https:\/\/agenciainfra.com\/blog\/?s={search_term_string}\"},\"query-input\":{\"@type\":\"PropertyValueSpecification\",\"valueRequired\":true,\"valueName\":\"search_term_string\"}}],\"inLanguage\":\"pt-BR\"},{\"@type\":\"Organization\",\"@id\":\"https:\/\/agenciainfra.com\/blog\/#organization\",\"name\":\"Ag\u00eancia iNFRA\",\"url\":\"https:\/\/agenciainfra.com\/blog\/\",\"logo\":{\"@type\":\"ImageObject\",\"inLanguage\":\"pt-BR\",\"@id\":\"https:\/\/agenciainfra.com\/blog\/#\/schema\/logo\/image\/\",\"url\":\"https:\/\/agenciainfra.com\/blog\/wp-content\/uploads\/2023\/09\/iNFRA_5-e1761735885940.png\",\"contentUrl\":\"https:\/\/agenciainfra.com\/blog\/wp-content\/uploads\/2023\/09\/iNFRA_5-e1761735885940.png\",\"width\":1672,\"height\":454,\"caption\":\"Ag\u00eancia iNFRA\"},\"image\":{\"@id\":\"https:\/\/agenciainfra.com\/blog\/#\/schema\/logo\/image\/\"},\"sameAs\":[\"https:\/\/www.facebook.com\/ageninfra\",\"https:\/\/x.com\/agencia_infra\",\"https:\/\/www.linkedin.com\/company\/ag\u00eanciainfra\/\",\"https:\/\/www.instagram.com\/agenciainfra\/\"]},{\"@type\":\"Person\",\"@id\":\"https:\/\/agenciainfra.com\/blog\/#\/schema\/person\/34af08dff6adea4cb22b06612ba7acfa\",\"name\":\"Ag\u00eancia iNFRA\",\"image\":{\"@type\":\"ImageObject\",\"inLanguage\":\"pt-BR\",\"@id\":\"https:\/\/agenciainfra.com\/blog\/#\/schema\/person\/image\/\",\"url\":\"https:\/\/secure.gravatar.com\/avatar\/d189e01678f06d8eb84d4e01f08eb848b3fffe3f8443818d3c356c66892f5be8?s=96&d=mm&r=g\",\"contentUrl\":\"https:\/\/secure.gravatar.com\/avatar\/d189e01678f06d8eb84d4e01f08eb848b3fffe3f8443818d3c356c66892f5be8?s=96&d=mm&r=g\",\"caption\":\"Ag\u00eancia iNFRA\"},\"url\":\"https:\/\/agenciainfra.com\/blog\/author\/admin\/\"}]}<\/script>\n<!-- \/ Yoast SEO Premium plugin. -->","yoast_head_json":{"title":"Empresas e governo avaliam impacto financeiro de tarifa social no saneamento para amortecer reajustes - Ag\u00eancia iNFRA","robots":{"index":"index","follow":"follow","max-snippet":"max-snippet:-1","max-image-preview":"max-image-preview:large","max-video-preview":"max-video-preview:-1"},"canonical":"https:\/\/agenciainfra.com\/blog\/empresas-e-governo-avaliam-impacto-financeiro-de-tarifa-social-no-saneamento-para-amortecer-reajustes\/","og_locale":"pt_BR","og_type":"article","og_title":"Empresas e governo avaliam impacto financeiro de tarifa social no saneamento para amortecer reajustes","og_description":"Amanda Pupo, da Ag\u00eancia iNFRA Empresas de saneamento e o governo est\u00e3o trabalhando para tentar reduzir o impacto tarif\u00e1rio que a\u00a0implementa\u00e7\u00e3o da tarifa social nos servi\u00e7os de \u00e1gua e esgoto para fam\u00edlias de baixa renda vai gerar aos demais consumidores. A legisla\u00e7\u00e3o\u00a0que institui regras nacionais para esse benef\u00edcio foi sancionada h\u00e1 um ano. Desde ent\u00e3o, [&hellip;]","og_url":"https:\/\/agenciainfra.com\/blog\/empresas-e-governo-avaliam-impacto-financeiro-de-tarifa-social-no-saneamento-para-amortecer-reajustes\/","og_site_name":"Ag\u00eancia iNFRA","article_publisher":"https:\/\/www.facebook.com\/ageninfra","article_published_time":"2025-06-24T11:00:00+00:00","article_modified_time":"2025-06-24T15:02:22+00:00","og_image":[{"width":1024,"height":680,"url":"https:\/\/agenciainfra.com\/blog\/wp-content\/uploads\/2025\/03\/saneamento-agua-foto-governo-federal-1024x680-1.jpeg","type":"image\/jpeg"}],"author":"Ag\u00eancia iNFRA","twitter_card":"summary_large_image","twitter_creator":"@agencia_infra","twitter_site":"@agencia_infra","twitter_misc":{"Escrito por":"Ag\u00eancia iNFRA","Est. tempo de leitura":"4 minutos"},"schema":{"@context":"https:\/\/schema.org","@graph":[{"@type":"Article","@id":"https:\/\/agenciainfra.com\/blog\/empresas-e-governo-avaliam-impacto-financeiro-de-tarifa-social-no-saneamento-para-amortecer-reajustes\/#article","isPartOf":{"@id":"https:\/\/agenciainfra.com\/blog\/empresas-e-governo-avaliam-impacto-financeiro-de-tarifa-social-no-saneamento-para-amortecer-reajustes\/"},"author":{"name":"Ag\u00eancia iNFRA","@id":"https:\/\/agenciainfra.com\/blog\/#\/schema\/person\/34af08dff6adea4cb22b06612ba7acfa"},"headline":"Empresas e governo avaliam impacto financeiro de tarifa social no saneamento para amortecer reajustes","datePublished":"2025-06-24T11:00:00+00:00","dateModified":"2025-06-24T15:02:22+00:00","mainEntityOfPage":{"@id":"https:\/\/agenciainfra.com\/blog\/empresas-e-governo-avaliam-impacto-financeiro-de-tarifa-social-no-saneamento-para-amortecer-reajustes\/"},"wordCount":829,"publisher":{"@id":"https:\/\/agenciainfra.com\/blog\/#organization"},"image":{"@id":"https:\/\/agenciainfra.com\/blog\/empresas-e-governo-avaliam-impacto-financeiro-de-tarifa-social-no-saneamento-para-amortecer-reajustes\/#primaryimage"},"thumbnailUrl":"https:\/\/agenciainfra.com\/blog\/wp-content\/uploads\/2025\/03\/saneamento-agua-foto-governo-federal-1024x680-1.jpeg","keywords":["AESBE","\u00c1gua e Esgoto","Amanda Pupo","ANA","saneamento","Tarifa Social","tarifa social do saneamento"],"articleSection":["Destaque lista","Geral","iNFRASaneamento"],"inLanguage":"pt-BR","copyrightYear":"2025","copyrightHolder":{"@id":"https:\/\/agenciainfra.com\/blog\/#organization"}},{"@type":"WebPage","@id":"https:\/\/agenciainfra.com\/blog\/empresas-e-governo-avaliam-impacto-financeiro-de-tarifa-social-no-saneamento-para-amortecer-reajustes\/","url":"https:\/\/agenciainfra.com\/blog\/empresas-e-governo-avaliam-impacto-financeiro-de-tarifa-social-no-saneamento-para-amortecer-reajustes\/","name":"Empresas e governo avaliam impacto financeiro de tarifa social no saneamento para amortecer reajustes - Ag\u00eancia iNFRA","isPartOf":{"@id":"https:\/\/agenciainfra.com\/blog\/#website"},"primaryImageOfPage":{"@id":"https:\/\/agenciainfra.com\/blog\/empresas-e-governo-avaliam-impacto-financeiro-de-tarifa-social-no-saneamento-para-amortecer-reajustes\/#primaryimage"},"image":{"@id":"https:\/\/agenciainfra.com\/blog\/empresas-e-governo-avaliam-impacto-financeiro-de-tarifa-social-no-saneamento-para-amortecer-reajustes\/#primaryimage"},"thumbnailUrl":"https:\/\/agenciainfra.com\/blog\/wp-content\/uploads\/2025\/03\/saneamento-agua-foto-governo-federal-1024x680-1.jpeg","datePublished":"2025-06-24T11:00:00+00:00","dateModified":"2025-06-24T15:02:22+00:00","breadcrumb":{"@id":"https:\/\/agenciainfra.com\/blog\/empresas-e-governo-avaliam-impacto-financeiro-de-tarifa-social-no-saneamento-para-amortecer-reajustes\/#breadcrumb"},"inLanguage":"pt-BR","potentialAction":[{"@type":"ReadAction","target":["https:\/\/agenciainfra.com\/blog\/empresas-e-governo-avaliam-impacto-financeiro-de-tarifa-social-no-saneamento-para-amortecer-reajustes\/"]}]},{"@type":"ImageObject","inLanguage":"pt-BR","@id":"https:\/\/agenciainfra.com\/blog\/empresas-e-governo-avaliam-impacto-financeiro-de-tarifa-social-no-saneamento-para-amortecer-reajustes\/#primaryimage","url":"https:\/\/agenciainfra.com\/blog\/wp-content\/uploads\/2025\/03\/saneamento-agua-foto-governo-federal-1024x680-1.jpeg","contentUrl":"https:\/\/agenciainfra.com\/blog\/wp-content\/uploads\/2025\/03\/saneamento-agua-foto-governo-federal-1024x680-1.jpeg","width":1024,"height":680,"caption":"Foto: Governo Federal"},{"@type":"BreadcrumbList","@id":"https:\/\/agenciainfra.com\/blog\/empresas-e-governo-avaliam-impacto-financeiro-de-tarifa-social-no-saneamento-para-amortecer-reajustes\/#breadcrumb","itemListElement":[{"@type":"ListItem","position":1,"name":"In\u00edcio","item":"https:\/\/agenciainfra.com\/blog\/"},{"@type":"ListItem","position":2,"name":"Empresas e governo avaliam impacto financeiro de tarifa social no saneamento para amortecer reajustes"}]},{"@type":"WebSite","@id":"https:\/\/agenciainfra.com\/blog\/#website","url":"https:\/\/agenciainfra.com\/blog\/","name":"Ag\u00eancia iNFRA","description":"Multiplataforma de informa\u00e7\u00e3o jornal\u00edstica refer\u00eancia na \u00e1rea de infraestrutura no Brasil!","publisher":{"@id":"https:\/\/agenciainfra.com\/blog\/#organization"},"potentialAction":[{"@type":"SearchAction","target":{"@type":"EntryPoint","urlTemplate":"https:\/\/agenciainfra.com\/blog\/?s={search_term_string}"},"query-input":{"@type":"PropertyValueSpecification","valueRequired":true,"valueName":"search_term_string"}}],"inLanguage":"pt-BR"},{"@type":"Organization","@id":"https:\/\/agenciainfra.com\/blog\/#organization","name":"Ag\u00eancia iNFRA","url":"https:\/\/agenciainfra.com\/blog\/","logo":{"@type":"ImageObject","inLanguage":"pt-BR","@id":"https:\/\/agenciainfra.com\/blog\/#\/schema\/logo\/image\/","url":"https:\/\/agenciainfra.com\/blog\/wp-content\/uploads\/2023\/09\/iNFRA_5-e1761735885940.png","contentUrl":"https:\/\/agenciainfra.com\/blog\/wp-content\/uploads\/2023\/09\/iNFRA_5-e1761735885940.png","width":1672,"height":454,"caption":"Ag\u00eancia iNFRA"},"image":{"@id":"https:\/\/agenciainfra.com\/blog\/#\/schema\/logo\/image\/"},"sameAs":["https:\/\/www.facebook.com\/ageninfra","https:\/\/x.com\/agencia_infra","https:\/\/www.linkedin.com\/company\/ag\u00eanciainfra\/","https:\/\/www.instagram.com\/agenciainfra\/"]},{"@type":"Person","@id":"https:\/\/agenciainfra.com\/blog\/#\/schema\/person\/34af08dff6adea4cb22b06612ba7acfa","name":"Ag\u00eancia iNFRA","image":{"@type":"ImageObject","inLanguage":"pt-BR","@id":"https:\/\/agenciainfra.com\/blog\/#\/schema\/person\/image\/","url":"https:\/\/secure.gravatar.com\/avatar\/d189e01678f06d8eb84d4e01f08eb848b3fffe3f8443818d3c356c66892f5be8?s=96&d=mm&r=g","contentUrl":"https:\/\/secure.gravatar.com\/avatar\/d189e01678f06d8eb84d4e01f08eb848b3fffe3f8443818d3c356c66892f5be8?s=96&d=mm&r=g","caption":"Ag\u00eancia iNFRA"},"url":"https:\/\/agenciainfra.com\/blog\/author\/admin\/"}]}},"_links":{"self":[{"href":"https:\/\/agenciainfra.com\/blog\/wp-json\/wp\/v2\/posts\/23310","targetHints":{"allow":["GET"]}}],"collection":[{"href":"https:\/\/agenciainfra.com\/blog\/wp-json\/wp\/v2\/posts"}],"about":[{"href":"https:\/\/agenciainfra.com\/blog\/wp-json\/wp\/v2\/types\/post"}],"author":[{"embeddable":true,"href":"https:\/\/agenciainfra.com\/blog\/wp-json\/wp\/v2\/users\/1"}],"replies":[{"embeddable":true,"href":"https:\/\/agenciainfra.com\/blog\/wp-json\/wp\/v2\/comments?post=23310"}],"version-history":[{"count":2,"href":"https:\/\/agenciainfra.com\/blog\/wp-json\/wp\/v2\/posts\/23310\/revisions"}],"predecessor-version":[{"id":23312,"href":"https:\/\/agenciainfra.com\/blog\/wp-json\/wp\/v2\/posts\/23310\/revisions\/23312"}],"wp:featuredmedia":[{"embeddable":true,"href":"https:\/\/agenciainfra.com\/blog\/wp-json\/wp\/v2\/media\/20599"}],"wp:attachment":[{"href":"https:\/\/agenciainfra.com\/blog\/wp-json\/wp\/v2\/media?parent=23310"}],"wp:term":[{"taxonomy":"category","embeddable":true,"href":"https:\/\/agenciainfra.com\/blog\/wp-json\/wp\/v2\/categories?post=23310"},{"taxonomy":"post_tag","embeddable":true,"href":"https:\/\/agenciainfra.com\/blog\/wp-json\/wp\/v2\/tags?post=23310"}],"curies":[{"name":"wp","href":"https:\/\/api.w.org\/{rel}","templated":true}]}}