{"id":23313,"date":"2025-06-23T08:16:55","date_gmt":"2025-06-23T11:16:55","guid":{"rendered":"https:\/\/agenciainfra.com\/blog\/?p=23313"},"modified":"2025-06-23T08:16:57","modified_gmt":"2025-06-23T11:16:57","slug":"novo-cinturao-industrial-solar-com-paises-emergentes-deve-liderar-expansao-da-industria-limpa-no-mundo","status":"publish","type":"post","link":"https:\/\/agenciainfra.com\/blog\/novo-cinturao-industrial-solar-com-paises-emergentes-deve-liderar-expansao-da-industria-limpa-no-mundo\/","title":{"rendered":"Novo cintur\u00e3o industrial solar com pa\u00edses emergentes deve liderar expans\u00e3o da ind\u00fastria limpa no mundo"},"content":{"rendered":"\n<p class=\"has-text-align-right\"><strong>da Ag\u00eancia iNFRA<\/strong><\/p>\n\n\n\n<p>A transi\u00e7\u00e3o global para uma ind\u00fastria de baixo carbono est\u00e1 se concentrando cada vez mais em pa\u00edses emergentes, segundo <a href=\"https:\/\/www.missionpossiblepartnership.org\/tracker-insights\/jun-25\/\">relat\u00f3rio<\/a> publicado pela Mission Possible Partnership. Dados do <a href=\"https:\/\/tracker.missionpossiblepartnership.org\/mpp-global-projects-map\/\">Rastreador Global de Projetos<\/a> mostram que o chamado \u201ccintur\u00e3o industrial solar\u201d \u2013 formado por na\u00e7\u00f5es da \u00c1frica, \u00c1sia e Am\u00e9rica do Sul \u2013 j\u00e1 responde por 59% dos projetos industriais limpos planejados no mundo, superando os Estados Unidos, Uni\u00e3o Europeia e at\u00e9 a China.<\/p>\n\n\n\n<p>O levantamento indica que h\u00e1 um pipeline de US$ 1,6 trilh\u00e3o em projetos anunciados, mas ainda n\u00e3o financiados, distribu\u00eddos entre setores como am\u00f4nia verde, combust\u00edveis sustent\u00e1veis para avia\u00e7\u00e3o, a\u00e7o, cimento, alum\u00ednio e produtos qu\u00edmicos. Pa\u00edses como Brasil, \u00cdndia, Egito, Marrocos, Indon\u00e9sia e Chile est\u00e3o atraindo investimentos por combinarem energia renov\u00e1vel abundante, custos competitivos e pol\u00edticas p\u00fablicas mais favor\u00e1veis.<\/p>\n\n\n\n<p>A am\u00f4nia verde desponta como principal vetor dessa transforma\u00e7\u00e3o, com mais de tr\u00eas quartos das plantas planejadas concentradas nos mercados emergentes. Esse avan\u00e7o \u00e9 impulsionado, especialmente, pela demanda da ind\u00fastria de fertilizantes e pela competitividade dos custos de produ\u00e7\u00e3o nesses pa\u00edses, que pode ser at\u00e9 50% menor em rela\u00e7\u00e3o aos mercados tradicionais como EUA e Europa.<\/p>\n\n\n\n<p>Apesar do avan\u00e7o dos emergentes, o relat\u00f3rio alerta que boa parte dos projetos segue sem financiamento garantido. Atualmente, de 823 plantas catalogadas, apenas 69 est\u00e3o operacionais e 65 receberam financiamento. O ritmo atual de convers\u00e3o de projetos anunciados em obras efetivas \u00e9 considerado insuficiente para atender \u00e0s metas de descarboniza\u00e7\u00e3o, sinalizando que ser\u00e1 necess\u00e1rio multiplicar os investimentos e acelerar a ado\u00e7\u00e3o de medidas pol\u00edticas para destravar o desenvolvimento da ind\u00fastria limpa global.<\/p>\n\n\n\n<p><\/p>\n","protected":false},"excerpt":{"rendered":"<p>da Ag\u00eancia iNFRA A transi\u00e7\u00e3o global para uma ind\u00fastria de baixo carbono est\u00e1 se concentrando cada vez mais em pa\u00edses emergentes, segundo relat\u00f3rio publicado pela Mission Possible Partnership. Dados do Rastreador Global de Projetos mostram que o chamado \u201ccintur\u00e3o industrial solar\u201d \u2013 formado por na\u00e7\u00f5es da \u00c1frica, \u00c1sia e Am\u00e9rica do Sul \u2013 j\u00e1 responde [&hellip;]<\/p>\n","protected":false},"author":1,"featured_media":23314,"comment_status":"closed","ping_status":"closed","sticky":false,"template":"","format":"standard","meta":{"_monsterinsights_skip_tracking":false,"_monsterinsights_sitenote_active":false,"_monsterinsights_sitenote_note":"","_monsterinsights_sitenote_category":0,"footnotes":""},"categories":[1,13576],"tags":[13902,3361,187,368,13901,3423,13903,5637],"class_list":["post-23313","post","type-post","status-publish","format-standard","has-post-thumbnail","hentry","category-geral","category-giro-infra","tag-cinturao-industrial-solar","tag-descarbonizacao","tag-financiamento","tag-industria","tag-industria-limpa","tag-mercado-de-carbono","tag-paises-emergentes","tag-projetos"],"yoast_head":"<!-- This site is optimized with the Yoast SEO Premium plugin v25.4 (Yoast SEO v26.0) - https:\/\/yoast.com\/wordpress\/plugins\/seo\/ -->\n<title>Novo cintur\u00e3o industrial solar com pa\u00edses emergentes deve liderar expans\u00e3o da ind\u00fastria limpa no mundo - Ag\u00eancia iNFRA<\/title>\n<meta name=\"robots\" content=\"index, follow, max-snippet:-1, max-image-preview:large, max-video-preview:-1\" \/>\n<link rel=\"canonical\" href=\"https:\/\/agenciainfra.com\/blog\/novo-cinturao-industrial-solar-com-paises-emergentes-deve-liderar-expansao-da-industria-limpa-no-mundo\/\" \/>\n<meta property=\"og:locale\" content=\"pt_BR\" \/>\n<meta property=\"og:type\" content=\"article\" \/>\n<meta property=\"og:title\" content=\"Novo cintur\u00e3o industrial solar com pa\u00edses emergentes deve liderar expans\u00e3o da ind\u00fastria limpa no mundo\" \/>\n<meta property=\"og:description\" content=\"da Ag\u00eancia iNFRA A transi\u00e7\u00e3o global para uma ind\u00fastria de baixo carbono est\u00e1 se concentrando cada vez mais em pa\u00edses emergentes, segundo relat\u00f3rio publicado pela Mission Possible Partnership. Dados do Rastreador Global de Projetos mostram que o chamado \u201ccintur\u00e3o industrial solar\u201d \u2013 formado por na\u00e7\u00f5es da \u00c1frica, \u00c1sia e Am\u00e9rica do Sul \u2013 j\u00e1 responde [&hellip;]\" \/>\n<meta property=\"og:url\" content=\"https:\/\/agenciainfra.com\/blog\/novo-cinturao-industrial-solar-com-paises-emergentes-deve-liderar-expansao-da-industria-limpa-no-mundo\/\" \/>\n<meta property=\"og:site_name\" content=\"Ag\u00eancia iNFRA\" \/>\n<meta property=\"article:publisher\" content=\"https:\/\/www.facebook.com\/ageninfra\" \/>\n<meta property=\"article:published_time\" content=\"2025-06-23T11:16:55+00:00\" \/>\n<meta property=\"article:modified_time\" content=\"2025-06-23T11:16:57+00:00\" \/>\n<meta property=\"og:image\" content=\"https:\/\/agenciainfra.com\/blog\/wp-content\/uploads\/2025\/06\/descarbonizacao-foto-dominio-publico.jpg\" \/>\n\t<meta property=\"og:image:width\" content=\"1152\" \/>\n\t<meta property=\"og:image:height\" content=\"648\" \/>\n\t<meta property=\"og:image:type\" content=\"image\/jpeg\" \/>\n<meta name=\"author\" content=\"Ag\u00eancia iNFRA\" \/>\n<meta name=\"twitter:card\" content=\"summary_large_image\" \/>\n<meta name=\"twitter:creator\" content=\"@agencia_infra\" \/>\n<meta name=\"twitter:site\" content=\"@agencia_infra\" \/>\n<meta name=\"twitter:label1\" content=\"Escrito por\" \/>\n\t<meta name=\"twitter:data1\" content=\"Ag\u00eancia iNFRA\" \/>\n\t<meta name=\"twitter:label2\" content=\"Est. tempo de leitura\" \/>\n\t<meta name=\"twitter:data2\" content=\"1 minuto\" \/>\n<script type=\"application\/ld+json\" class=\"yoast-schema-graph\">{\"@context\":\"https:\/\/schema.org\",\"@graph\":[{\"@type\":\"Article\",\"@id\":\"https:\/\/agenciainfra.com\/blog\/novo-cinturao-industrial-solar-com-paises-emergentes-deve-liderar-expansao-da-industria-limpa-no-mundo\/#article\",\"isPartOf\":{\"@id\":\"https:\/\/agenciainfra.com\/blog\/novo-cinturao-industrial-solar-com-paises-emergentes-deve-liderar-expansao-da-industria-limpa-no-mundo\/\"},\"author\":{\"name\":\"Ag\u00eancia iNFRA\",\"@id\":\"https:\/\/agenciainfra.com\/blog\/#\/schema\/person\/34af08dff6adea4cb22b06612ba7acfa\"},\"headline\":\"Novo cintur\u00e3o industrial solar com pa\u00edses emergentes deve liderar expans\u00e3o da ind\u00fastria limpa no mundo\",\"datePublished\":\"2025-06-23T11:16:55+00:00\",\"dateModified\":\"2025-06-23T11:16:57+00:00\",\"mainEntityOfPage\":{\"@id\":\"https:\/\/agenciainfra.com\/blog\/novo-cinturao-industrial-solar-com-paises-emergentes-deve-liderar-expansao-da-industria-limpa-no-mundo\/\"},\"wordCount\":312,\"publisher\":{\"@id\":\"https:\/\/agenciainfra.com\/blog\/#organization\"},\"image\":{\"@id\":\"https:\/\/agenciainfra.com\/blog\/novo-cinturao-industrial-solar-com-paises-emergentes-deve-liderar-expansao-da-industria-limpa-no-mundo\/#primaryimage\"},\"thumbnailUrl\":\"https:\/\/agenciainfra.com\/blog\/wp-content\/uploads\/2025\/06\/descarbonizacao-foto-dominio-publico.jpg\",\"keywords\":[\"cintur\u00e3o industrial solar\",\"Descarboniza\u00e7\u00e3o\",\"financiamento\",\"ind\u00fastria\",\"ind\u00fastria limpa\",\"mercado de carbono\",\"pa\u00edses emergentes\",\"projetos\"],\"articleSection\":[\"Geral\",\"Giro iNFRA\"],\"inLanguage\":\"pt-BR\",\"copyrightYear\":\"2025\",\"copyrightHolder\":{\"@id\":\"https:\/\/agenciainfra.com\/blog\/#organization\"}},{\"@type\":\"WebPage\",\"@id\":\"https:\/\/agenciainfra.com\/blog\/novo-cinturao-industrial-solar-com-paises-emergentes-deve-liderar-expansao-da-industria-limpa-no-mundo\/\",\"url\":\"https:\/\/agenciainfra.com\/blog\/novo-cinturao-industrial-solar-com-paises-emergentes-deve-liderar-expansao-da-industria-limpa-no-mundo\/\",\"name\":\"Novo cintur\u00e3o industrial solar com pa\u00edses emergentes deve liderar expans\u00e3o da ind\u00fastria limpa no mundo - Ag\u00eancia iNFRA\",\"isPartOf\":{\"@id\":\"https:\/\/agenciainfra.com\/blog\/#website\"},\"primaryImageOfPage\":{\"@id\":\"https:\/\/agenciainfra.com\/blog\/novo-cinturao-industrial-solar-com-paises-emergentes-deve-liderar-expansao-da-industria-limpa-no-mundo\/#primaryimage\"},\"image\":{\"@id\":\"https:\/\/agenciainfra.com\/blog\/novo-cinturao-industrial-solar-com-paises-emergentes-deve-liderar-expansao-da-industria-limpa-no-mundo\/#primaryimage\"},\"thumbnailUrl\":\"https:\/\/agenciainfra.com\/blog\/wp-content\/uploads\/2025\/06\/descarbonizacao-foto-dominio-publico.jpg\",\"datePublished\":\"2025-06-23T11:16:55+00:00\",\"dateModified\":\"2025-06-23T11:16:57+00:00\",\"breadcrumb\":{\"@id\":\"https:\/\/agenciainfra.com\/blog\/novo-cinturao-industrial-solar-com-paises-emergentes-deve-liderar-expansao-da-industria-limpa-no-mundo\/#breadcrumb\"},\"inLanguage\":\"pt-BR\",\"potentialAction\":[{\"@type\":\"ReadAction\",\"target\":[\"https:\/\/agenciainfra.com\/blog\/novo-cinturao-industrial-solar-com-paises-emergentes-deve-liderar-expansao-da-industria-limpa-no-mundo\/\"]}]},{\"@type\":\"ImageObject\",\"inLanguage\":\"pt-BR\",\"@id\":\"https:\/\/agenciainfra.com\/blog\/novo-cinturao-industrial-solar-com-paises-emergentes-deve-liderar-expansao-da-industria-limpa-no-mundo\/#primaryimage\",\"url\":\"https:\/\/agenciainfra.com\/blog\/wp-content\/uploads\/2025\/06\/descarbonizacao-foto-dominio-publico.jpg\",\"contentUrl\":\"https:\/\/agenciainfra.com\/blog\/wp-content\/uploads\/2025\/06\/descarbonizacao-foto-dominio-publico.jpg\",\"width\":1152,\"height\":648,\"caption\":\"Foto: Dom\u00ednio P\u00fablico\"},{\"@type\":\"BreadcrumbList\",\"@id\":\"https:\/\/agenciainfra.com\/blog\/novo-cinturao-industrial-solar-com-paises-emergentes-deve-liderar-expansao-da-industria-limpa-no-mundo\/#breadcrumb\",\"itemListElement\":[{\"@type\":\"ListItem\",\"position\":1,\"name\":\"In\u00edcio\",\"item\":\"https:\/\/agenciainfra.com\/blog\/\"},{\"@type\":\"ListItem\",\"position\":2,\"name\":\"Novo cintur\u00e3o industrial solar com pa\u00edses emergentes deve liderar expans\u00e3o da ind\u00fastria limpa no mundo\"}]},{\"@type\":\"WebSite\",\"@id\":\"https:\/\/agenciainfra.com\/blog\/#website\",\"url\":\"https:\/\/agenciainfra.com\/blog\/\",\"name\":\"Ag\u00eancia iNFRA\",\"description\":\"Multiplataforma de informa\u00e7\u00e3o jornal\u00edstica refer\u00eancia na \u00e1rea de infraestrutura no Brasil!\",\"publisher\":{\"@id\":\"https:\/\/agenciainfra.com\/blog\/#organization\"},\"potentialAction\":[{\"@type\":\"SearchAction\",\"target\":{\"@type\":\"EntryPoint\",\"urlTemplate\":\"https:\/\/agenciainfra.com\/blog\/?s={search_term_string}\"},\"query-input\":{\"@type\":\"PropertyValueSpecification\",\"valueRequired\":true,\"valueName\":\"search_term_string\"}}],\"inLanguage\":\"pt-BR\"},{\"@type\":\"Organization\",\"@id\":\"https:\/\/agenciainfra.com\/blog\/#organization\",\"name\":\"Ag\u00eancia iNFRA\",\"url\":\"https:\/\/agenciainfra.com\/blog\/\",\"logo\":{\"@type\":\"ImageObject\",\"inLanguage\":\"pt-BR\",\"@id\":\"https:\/\/agenciainfra.com\/blog\/#\/schema\/logo\/image\/\",\"url\":\"https:\/\/agenciainfra.com\/blog\/wp-content\/uploads\/2023\/09\/iNFRA_5-e1761735885940.png\",\"contentUrl\":\"https:\/\/agenciainfra.com\/blog\/wp-content\/uploads\/2023\/09\/iNFRA_5-e1761735885940.png\",\"width\":1672,\"height\":454,\"caption\":\"Ag\u00eancia iNFRA\"},\"image\":{\"@id\":\"https:\/\/agenciainfra.com\/blog\/#\/schema\/logo\/image\/\"},\"sameAs\":[\"https:\/\/www.facebook.com\/ageninfra\",\"https:\/\/x.com\/agencia_infra\",\"https:\/\/www.linkedin.com\/company\/ag\u00eanciainfra\/\",\"https:\/\/www.instagram.com\/agenciainfra\/\"]},{\"@type\":\"Person\",\"@id\":\"https:\/\/agenciainfra.com\/blog\/#\/schema\/person\/34af08dff6adea4cb22b06612ba7acfa\",\"name\":\"Ag\u00eancia iNFRA\",\"image\":{\"@type\":\"ImageObject\",\"inLanguage\":\"pt-BR\",\"@id\":\"https:\/\/agenciainfra.com\/blog\/#\/schema\/person\/image\/\",\"url\":\"https:\/\/secure.gravatar.com\/avatar\/d189e01678f06d8eb84d4e01f08eb848b3fffe3f8443818d3c356c66892f5be8?s=96&d=mm&r=g\",\"contentUrl\":\"https:\/\/secure.gravatar.com\/avatar\/d189e01678f06d8eb84d4e01f08eb848b3fffe3f8443818d3c356c66892f5be8?s=96&d=mm&r=g\",\"caption\":\"Ag\u00eancia iNFRA\"},\"url\":\"https:\/\/agenciainfra.com\/blog\/author\/admin\/\"}]}<\/script>\n<!-- \/ Yoast SEO Premium plugin. -->","yoast_head_json":{"title":"Novo cintur\u00e3o industrial solar com pa\u00edses emergentes deve liderar expans\u00e3o da ind\u00fastria limpa no mundo - Ag\u00eancia iNFRA","robots":{"index":"index","follow":"follow","max-snippet":"max-snippet:-1","max-image-preview":"max-image-preview:large","max-video-preview":"max-video-preview:-1"},"canonical":"https:\/\/agenciainfra.com\/blog\/novo-cinturao-industrial-solar-com-paises-emergentes-deve-liderar-expansao-da-industria-limpa-no-mundo\/","og_locale":"pt_BR","og_type":"article","og_title":"Novo cintur\u00e3o industrial solar com pa\u00edses emergentes deve liderar expans\u00e3o da ind\u00fastria limpa no mundo","og_description":"da Ag\u00eancia iNFRA A transi\u00e7\u00e3o global para uma ind\u00fastria de baixo carbono est\u00e1 se concentrando cada vez mais em pa\u00edses emergentes, segundo relat\u00f3rio publicado pela Mission Possible Partnership. Dados do Rastreador Global de Projetos mostram que o chamado \u201ccintur\u00e3o industrial solar\u201d \u2013 formado por na\u00e7\u00f5es da \u00c1frica, \u00c1sia e Am\u00e9rica do Sul \u2013 j\u00e1 responde [&hellip;]","og_url":"https:\/\/agenciainfra.com\/blog\/novo-cinturao-industrial-solar-com-paises-emergentes-deve-liderar-expansao-da-industria-limpa-no-mundo\/","og_site_name":"Ag\u00eancia iNFRA","article_publisher":"https:\/\/www.facebook.com\/ageninfra","article_published_time":"2025-06-23T11:16:55+00:00","article_modified_time":"2025-06-23T11:16:57+00:00","og_image":[{"width":1152,"height":648,"url":"https:\/\/agenciainfra.com\/blog\/wp-content\/uploads\/2025\/06\/descarbonizacao-foto-dominio-publico.jpg","type":"image\/jpeg"}],"author":"Ag\u00eancia iNFRA","twitter_card":"summary_large_image","twitter_creator":"@agencia_infra","twitter_site":"@agencia_infra","twitter_misc":{"Escrito por":"Ag\u00eancia iNFRA","Est. tempo de leitura":"1 minuto"},"schema":{"@context":"https:\/\/schema.org","@graph":[{"@type":"Article","@id":"https:\/\/agenciainfra.com\/blog\/novo-cinturao-industrial-solar-com-paises-emergentes-deve-liderar-expansao-da-industria-limpa-no-mundo\/#article","isPartOf":{"@id":"https:\/\/agenciainfra.com\/blog\/novo-cinturao-industrial-solar-com-paises-emergentes-deve-liderar-expansao-da-industria-limpa-no-mundo\/"},"author":{"name":"Ag\u00eancia iNFRA","@id":"https:\/\/agenciainfra.com\/blog\/#\/schema\/person\/34af08dff6adea4cb22b06612ba7acfa"},"headline":"Novo cintur\u00e3o industrial solar com pa\u00edses emergentes deve liderar expans\u00e3o da ind\u00fastria limpa no mundo","datePublished":"2025-06-23T11:16:55+00:00","dateModified":"2025-06-23T11:16:57+00:00","mainEntityOfPage":{"@id":"https:\/\/agenciainfra.com\/blog\/novo-cinturao-industrial-solar-com-paises-emergentes-deve-liderar-expansao-da-industria-limpa-no-mundo\/"},"wordCount":312,"publisher":{"@id":"https:\/\/agenciainfra.com\/blog\/#organization"},"image":{"@id":"https:\/\/agenciainfra.com\/blog\/novo-cinturao-industrial-solar-com-paises-emergentes-deve-liderar-expansao-da-industria-limpa-no-mundo\/#primaryimage"},"thumbnailUrl":"https:\/\/agenciainfra.com\/blog\/wp-content\/uploads\/2025\/06\/descarbonizacao-foto-dominio-publico.jpg","keywords":["cintur\u00e3o industrial solar","Descarboniza\u00e7\u00e3o","financiamento","ind\u00fastria","ind\u00fastria limpa","mercado de carbono","pa\u00edses emergentes","projetos"],"articleSection":["Geral","Giro iNFRA"],"inLanguage":"pt-BR","copyrightYear":"2025","copyrightHolder":{"@id":"https:\/\/agenciainfra.com\/blog\/#organization"}},{"@type":"WebPage","@id":"https:\/\/agenciainfra.com\/blog\/novo-cinturao-industrial-solar-com-paises-emergentes-deve-liderar-expansao-da-industria-limpa-no-mundo\/","url":"https:\/\/agenciainfra.com\/blog\/novo-cinturao-industrial-solar-com-paises-emergentes-deve-liderar-expansao-da-industria-limpa-no-mundo\/","name":"Novo cintur\u00e3o industrial solar com pa\u00edses emergentes deve liderar expans\u00e3o da ind\u00fastria limpa no mundo - Ag\u00eancia iNFRA","isPartOf":{"@id":"https:\/\/agenciainfra.com\/blog\/#website"},"primaryImageOfPage":{"@id":"https:\/\/agenciainfra.com\/blog\/novo-cinturao-industrial-solar-com-paises-emergentes-deve-liderar-expansao-da-industria-limpa-no-mundo\/#primaryimage"},"image":{"@id":"https:\/\/agenciainfra.com\/blog\/novo-cinturao-industrial-solar-com-paises-emergentes-deve-liderar-expansao-da-industria-limpa-no-mundo\/#primaryimage"},"thumbnailUrl":"https:\/\/agenciainfra.com\/blog\/wp-content\/uploads\/2025\/06\/descarbonizacao-foto-dominio-publico.jpg","datePublished":"2025-06-23T11:16:55+00:00","dateModified":"2025-06-23T11:16:57+00:00","breadcrumb":{"@id":"https:\/\/agenciainfra.com\/blog\/novo-cinturao-industrial-solar-com-paises-emergentes-deve-liderar-expansao-da-industria-limpa-no-mundo\/#breadcrumb"},"inLanguage":"pt-BR","potentialAction":[{"@type":"ReadAction","target":["https:\/\/agenciainfra.com\/blog\/novo-cinturao-industrial-solar-com-paises-emergentes-deve-liderar-expansao-da-industria-limpa-no-mundo\/"]}]},{"@type":"ImageObject","inLanguage":"pt-BR","@id":"https:\/\/agenciainfra.com\/blog\/novo-cinturao-industrial-solar-com-paises-emergentes-deve-liderar-expansao-da-industria-limpa-no-mundo\/#primaryimage","url":"https:\/\/agenciainfra.com\/blog\/wp-content\/uploads\/2025\/06\/descarbonizacao-foto-dominio-publico.jpg","contentUrl":"https:\/\/agenciainfra.com\/blog\/wp-content\/uploads\/2025\/06\/descarbonizacao-foto-dominio-publico.jpg","width":1152,"height":648,"caption":"Foto: Dom\u00ednio P\u00fablico"},{"@type":"BreadcrumbList","@id":"https:\/\/agenciainfra.com\/blog\/novo-cinturao-industrial-solar-com-paises-emergentes-deve-liderar-expansao-da-industria-limpa-no-mundo\/#breadcrumb","itemListElement":[{"@type":"ListItem","position":1,"name":"In\u00edcio","item":"https:\/\/agenciainfra.com\/blog\/"},{"@type":"ListItem","position":2,"name":"Novo cintur\u00e3o industrial solar com pa\u00edses emergentes deve liderar expans\u00e3o da ind\u00fastria limpa no mundo"}]},{"@type":"WebSite","@id":"https:\/\/agenciainfra.com\/blog\/#website","url":"https:\/\/agenciainfra.com\/blog\/","name":"Ag\u00eancia iNFRA","description":"Multiplataforma de informa\u00e7\u00e3o jornal\u00edstica refer\u00eancia na \u00e1rea de infraestrutura no Brasil!","publisher":{"@id":"https:\/\/agenciainfra.com\/blog\/#organization"},"potentialAction":[{"@type":"SearchAction","target":{"@type":"EntryPoint","urlTemplate":"https:\/\/agenciainfra.com\/blog\/?s={search_term_string}"},"query-input":{"@type":"PropertyValueSpecification","valueRequired":true,"valueName":"search_term_string"}}],"inLanguage":"pt-BR"},{"@type":"Organization","@id":"https:\/\/agenciainfra.com\/blog\/#organization","name":"Ag\u00eancia iNFRA","url":"https:\/\/agenciainfra.com\/blog\/","logo":{"@type":"ImageObject","inLanguage":"pt-BR","@id":"https:\/\/agenciainfra.com\/blog\/#\/schema\/logo\/image\/","url":"https:\/\/agenciainfra.com\/blog\/wp-content\/uploads\/2023\/09\/iNFRA_5-e1761735885940.png","contentUrl":"https:\/\/agenciainfra.com\/blog\/wp-content\/uploads\/2023\/09\/iNFRA_5-e1761735885940.png","width":1672,"height":454,"caption":"Ag\u00eancia iNFRA"},"image":{"@id":"https:\/\/agenciainfra.com\/blog\/#\/schema\/logo\/image\/"},"sameAs":["https:\/\/www.facebook.com\/ageninfra","https:\/\/x.com\/agencia_infra","https:\/\/www.linkedin.com\/company\/ag\u00eanciainfra\/","https:\/\/www.instagram.com\/agenciainfra\/"]},{"@type":"Person","@id":"https:\/\/agenciainfra.com\/blog\/#\/schema\/person\/34af08dff6adea4cb22b06612ba7acfa","name":"Ag\u00eancia iNFRA","image":{"@type":"ImageObject","inLanguage":"pt-BR","@id":"https:\/\/agenciainfra.com\/blog\/#\/schema\/person\/image\/","url":"https:\/\/secure.gravatar.com\/avatar\/d189e01678f06d8eb84d4e01f08eb848b3fffe3f8443818d3c356c66892f5be8?s=96&d=mm&r=g","contentUrl":"https:\/\/secure.gravatar.com\/avatar\/d189e01678f06d8eb84d4e01f08eb848b3fffe3f8443818d3c356c66892f5be8?s=96&d=mm&r=g","caption":"Ag\u00eancia iNFRA"},"url":"https:\/\/agenciainfra.com\/blog\/author\/admin\/"}]}},"_links":{"self":[{"href":"https:\/\/agenciainfra.com\/blog\/wp-json\/wp\/v2\/posts\/23313","targetHints":{"allow":["GET"]}}],"collection":[{"href":"https:\/\/agenciainfra.com\/blog\/wp-json\/wp\/v2\/posts"}],"about":[{"href":"https:\/\/agenciainfra.com\/blog\/wp-json\/wp\/v2\/types\/post"}],"author":[{"embeddable":true,"href":"https:\/\/agenciainfra.com\/blog\/wp-json\/wp\/v2\/users\/1"}],"replies":[{"embeddable":true,"href":"https:\/\/agenciainfra.com\/blog\/wp-json\/wp\/v2\/comments?post=23313"}],"version-history":[{"count":1,"href":"https:\/\/agenciainfra.com\/blog\/wp-json\/wp\/v2\/posts\/23313\/revisions"}],"predecessor-version":[{"id":23315,"href":"https:\/\/agenciainfra.com\/blog\/wp-json\/wp\/v2\/posts\/23313\/revisions\/23315"}],"wp:featuredmedia":[{"embeddable":true,"href":"https:\/\/agenciainfra.com\/blog\/wp-json\/wp\/v2\/media\/23314"}],"wp:attachment":[{"href":"https:\/\/agenciainfra.com\/blog\/wp-json\/wp\/v2\/media?parent=23313"}],"wp:term":[{"taxonomy":"category","embeddable":true,"href":"https:\/\/agenciainfra.com\/blog\/wp-json\/wp\/v2\/categories?post=23313"},{"taxonomy":"post_tag","embeddable":true,"href":"https:\/\/agenciainfra.com\/blog\/wp-json\/wp\/v2\/tags?post=23313"}],"curies":[{"name":"wp","href":"https:\/\/api.w.org\/{rel}","templated":true}]}}