{"id":23317,"date":"2025-06-23T11:59:55","date_gmt":"2025-06-23T14:59:55","guid":{"rendered":"https:\/\/agenciainfra.com\/blog\/?p=23317"},"modified":"2025-06-23T12:06:50","modified_gmt":"2025-06-23T15:06:50","slug":"comissao-liderada-pelo-tcu-elabora-de-guia-de-auditoria-sobre-transicao-energetica-na-america-latina-e-caribe","status":"publish","type":"post","link":"https:\/\/agenciainfra.com\/blog\/comissao-liderada-pelo-tcu-elabora-de-guia-de-auditoria-sobre-transicao-energetica-na-america-latina-e-caribe\/","title":{"rendered":"Comiss\u00e3o liderada pelo TCU elabora guia de auditoria sobre transi\u00e7\u00e3o energ\u00e9tica na Am\u00e9rica Latina e Caribe"},"content":{"rendered":"\n<p class=\"has-text-align-right\"><strong>da Ag\u00eancia iNFRA<\/strong><\/p>\n\n\n\n<p>A Coinfra (Comiss\u00e3o de Infraestrutura e Transi\u00e7\u00f5es Energ\u00e9ticas), que integra a Olacefs (Organiza\u00e7\u00e3o Latino-Americana e do Caribe das Institui\u00e7\u00f5es Superiores de Controle), dar\u00e1 in\u00edcio, nesta semana, ao processo de elabora\u00e7\u00e3o de um guia regional de auditoria sobre transi\u00e7\u00e3o energ\u00e9tica, liderado pelo TCU (Tribunal de Contas da Uni\u00e3o). Ser\u00e3o realizadas, a partir desta quinta-feira (26), quatro reuni\u00f5es virtuais pelas for\u00e7as-tarefas tem\u00e1ticas criadas pelo Coinfra.<\/p>\n\n\n\n<p>O objetivo do documento, de acordo com informa\u00e7\u00f5es do TCU, \u00e9 trazer orienta\u00e7\u00f5es pr\u00e1ticas \u00e0s institui\u00e7\u00f5es fiscalizadoras, para uma atua\u00e7\u00e3o mais estruturada na an\u00e1lise de pol\u00edticas p\u00fablicas referentes \u00e0 transi\u00e7\u00e3o energ\u00e9tica. A Corte de Contas brasileira j\u00e1 disp\u00f5e do <a href=\"https:\/\/sites.tcu.gov.br\/transicao-energetica\/media\/Guia_de_Auditoria_em_Transi\u00e7\u00e3o_Energ\u00e9tica.pdf\">Guia de Transi\u00e7\u00e3o Energ\u00e9tica<\/a>, o qual servir\u00e1 de base para a constru\u00e7\u00e3o desta vers\u00e3o aprimorada.<\/p>\n\n\n\n<p>As reuni\u00f5es, que seguem at\u00e9 agosto, contar\u00e3o com a participa\u00e7\u00e3o de especialistas e representantes de organismos internacionais. A Coinfra \u00e9 presidida pelo TCU e abrange outras 11 institui\u00e7\u00f5es superiores de controle, da Argentina e da prov\u00edncia de Buenos Aires, do Chile, de Costa Rica, de Cuba, da Guatemala, de El Salvador, do M\u00e9xico, do Paraguai, do Peru e da Venezuela.<\/p>\n","protected":false},"excerpt":{"rendered":"<p>da Ag\u00eancia iNFRA A Coinfra (Comiss\u00e3o de Infraestrutura e Transi\u00e7\u00f5es Energ\u00e9ticas), que integra a Olacefs (Organiza\u00e7\u00e3o Latino-Americana e do Caribe das Institui\u00e7\u00f5es Superiores de Controle), dar\u00e1 in\u00edcio, nesta semana, ao processo de elabora\u00e7\u00e3o de um guia regional de auditoria sobre transi\u00e7\u00e3o energ\u00e9tica, liderado pelo TCU (Tribunal de Contas da Uni\u00e3o). Ser\u00e3o realizadas, a partir desta [&hellip;]<\/p>\n","protected":false},"author":1,"featured_media":17910,"comment_status":"closed","ping_status":"closed","sticky":false,"template":"","format":"standard","meta":{"_monsterinsights_skip_tracking":false,"_monsterinsights_sitenote_active":false,"_monsterinsights_sitenote_note":"","_monsterinsights_sitenote_category":0,"footnotes":""},"categories":[1,13576],"tags":[6337,13905,13904,18,2006,927],"class_list":["post-23317","post","type-post","status-publish","format-standard","has-post-thumbnail","hentry","category-geral","category-giro-infra","tag-coinfra","tag-guia-de-transicao-energetica","tag-olacefs","tag-tcu","tag-transicao-energetica","tag-tribunal-de-contas-da-uniao"],"yoast_head":"<!-- This site is optimized with the Yoast SEO Premium plugin v25.4 (Yoast SEO v26.0) - https:\/\/yoast.com\/wordpress\/plugins\/seo\/ -->\n<title>Comiss\u00e3o liderada pelo TCU elabora guia de auditoria sobre transi\u00e7\u00e3o energ\u00e9tica na Am\u00e9rica Latina e Caribe - Ag\u00eancia iNFRA<\/title>\n<meta name=\"robots\" content=\"index, follow, max-snippet:-1, max-image-preview:large, max-video-preview:-1\" \/>\n<link rel=\"canonical\" href=\"https:\/\/agenciainfra.com\/blog\/comissao-liderada-pelo-tcu-elabora-de-guia-de-auditoria-sobre-transicao-energetica-na-america-latina-e-caribe\/\" \/>\n<meta property=\"og:locale\" content=\"pt_BR\" \/>\n<meta property=\"og:type\" content=\"article\" \/>\n<meta property=\"og:title\" content=\"Comiss\u00e3o liderada pelo TCU elabora guia de auditoria sobre transi\u00e7\u00e3o energ\u00e9tica na Am\u00e9rica Latina e Caribe\" \/>\n<meta property=\"og:description\" content=\"da Ag\u00eancia iNFRA A Coinfra (Comiss\u00e3o de Infraestrutura e Transi\u00e7\u00f5es Energ\u00e9ticas), que integra a Olacefs (Organiza\u00e7\u00e3o Latino-Americana e do Caribe das Institui\u00e7\u00f5es Superiores de Controle), dar\u00e1 in\u00edcio, nesta semana, ao processo de elabora\u00e7\u00e3o de um guia regional de auditoria sobre transi\u00e7\u00e3o energ\u00e9tica, liderado pelo TCU (Tribunal de Contas da Uni\u00e3o). Ser\u00e3o realizadas, a partir desta [&hellip;]\" \/>\n<meta property=\"og:url\" content=\"https:\/\/agenciainfra.com\/blog\/comissao-liderada-pelo-tcu-elabora-de-guia-de-auditoria-sobre-transicao-energetica-na-america-latina-e-caribe\/\" \/>\n<meta property=\"og:site_name\" content=\"Ag\u00eancia iNFRA\" \/>\n<meta property=\"article:publisher\" content=\"https:\/\/www.facebook.com\/ageninfra\" \/>\n<meta property=\"article:published_time\" content=\"2025-06-23T14:59:55+00:00\" \/>\n<meta property=\"article:modified_time\" content=\"2025-06-23T15:06:50+00:00\" \/>\n<meta property=\"og:image\" content=\"https:\/\/agenciainfra.com\/blog\/wp-content\/uploads\/2024\/07\/predio-fachada-tcu-foto-agencia-brasil-valter-campanato.jpg\" \/>\n\t<meta property=\"og:image:width\" content=\"1202\" \/>\n\t<meta property=\"og:image:height\" content=\"801\" \/>\n\t<meta property=\"og:image:type\" content=\"image\/jpeg\" \/>\n<meta name=\"author\" content=\"Ag\u00eancia iNFRA\" \/>\n<meta name=\"twitter:card\" content=\"summary_large_image\" \/>\n<meta name=\"twitter:creator\" content=\"@agencia_infra\" \/>\n<meta name=\"twitter:site\" content=\"@agencia_infra\" \/>\n<meta name=\"twitter:label1\" content=\"Escrito por\" \/>\n\t<meta name=\"twitter:data1\" content=\"Ag\u00eancia iNFRA\" \/>\n\t<meta name=\"twitter:label2\" content=\"Est. tempo de leitura\" \/>\n\t<meta name=\"twitter:data2\" content=\"1 minuto\" \/>\n<script type=\"application\/ld+json\" class=\"yoast-schema-graph\">{\"@context\":\"https:\/\/schema.org\",\"@graph\":[{\"@type\":\"Article\",\"@id\":\"https:\/\/agenciainfra.com\/blog\/comissao-liderada-pelo-tcu-elabora-de-guia-de-auditoria-sobre-transicao-energetica-na-america-latina-e-caribe\/#article\",\"isPartOf\":{\"@id\":\"https:\/\/agenciainfra.com\/blog\/comissao-liderada-pelo-tcu-elabora-de-guia-de-auditoria-sobre-transicao-energetica-na-america-latina-e-caribe\/\"},\"author\":{\"name\":\"Ag\u00eancia iNFRA\",\"@id\":\"https:\/\/agenciainfra.com\/blog\/#\/schema\/person\/34af08dff6adea4cb22b06612ba7acfa\"},\"headline\":\"Comiss\u00e3o liderada pelo TCU elabora guia de auditoria sobre transi\u00e7\u00e3o energ\u00e9tica na Am\u00e9rica Latina e Caribe\",\"datePublished\":\"2025-06-23T14:59:55+00:00\",\"dateModified\":\"2025-06-23T15:06:50+00:00\",\"mainEntityOfPage\":{\"@id\":\"https:\/\/agenciainfra.com\/blog\/comissao-liderada-pelo-tcu-elabora-de-guia-de-auditoria-sobre-transicao-energetica-na-america-latina-e-caribe\/\"},\"wordCount\":231,\"publisher\":{\"@id\":\"https:\/\/agenciainfra.com\/blog\/#organization\"},\"image\":{\"@id\":\"https:\/\/agenciainfra.com\/blog\/comissao-liderada-pelo-tcu-elabora-de-guia-de-auditoria-sobre-transicao-energetica-na-america-latina-e-caribe\/#primaryimage\"},\"thumbnailUrl\":\"https:\/\/agenciainfra.com\/blog\/wp-content\/uploads\/2024\/07\/predio-fachada-tcu-foto-agencia-brasil-valter-campanato.jpg\",\"keywords\":[\"Coinfra\",\"Guia de Transi\u00e7\u00e3o Energ\u00e9tica\",\"Olacefs\",\"TCU\",\"transi\u00e7\u00e3o energ\u00e9tica\",\"Tribunal de Contas da Uni\u00e3o\"],\"articleSection\":[\"Geral\",\"Giro iNFRA\"],\"inLanguage\":\"pt-BR\",\"copyrightYear\":\"2025\",\"copyrightHolder\":{\"@id\":\"https:\/\/agenciainfra.com\/blog\/#organization\"}},{\"@type\":\"WebPage\",\"@id\":\"https:\/\/agenciainfra.com\/blog\/comissao-liderada-pelo-tcu-elabora-de-guia-de-auditoria-sobre-transicao-energetica-na-america-latina-e-caribe\/\",\"url\":\"https:\/\/agenciainfra.com\/blog\/comissao-liderada-pelo-tcu-elabora-de-guia-de-auditoria-sobre-transicao-energetica-na-america-latina-e-caribe\/\",\"name\":\"Comiss\u00e3o liderada pelo TCU elabora guia de auditoria sobre transi\u00e7\u00e3o energ\u00e9tica na Am\u00e9rica Latina e Caribe - Ag\u00eancia iNFRA\",\"isPartOf\":{\"@id\":\"https:\/\/agenciainfra.com\/blog\/#website\"},\"primaryImageOfPage\":{\"@id\":\"https:\/\/agenciainfra.com\/blog\/comissao-liderada-pelo-tcu-elabora-de-guia-de-auditoria-sobre-transicao-energetica-na-america-latina-e-caribe\/#primaryimage\"},\"image\":{\"@id\":\"https:\/\/agenciainfra.com\/blog\/comissao-liderada-pelo-tcu-elabora-de-guia-de-auditoria-sobre-transicao-energetica-na-america-latina-e-caribe\/#primaryimage\"},\"thumbnailUrl\":\"https:\/\/agenciainfra.com\/blog\/wp-content\/uploads\/2024\/07\/predio-fachada-tcu-foto-agencia-brasil-valter-campanato.jpg\",\"datePublished\":\"2025-06-23T14:59:55+00:00\",\"dateModified\":\"2025-06-23T15:06:50+00:00\",\"breadcrumb\":{\"@id\":\"https:\/\/agenciainfra.com\/blog\/comissao-liderada-pelo-tcu-elabora-de-guia-de-auditoria-sobre-transicao-energetica-na-america-latina-e-caribe\/#breadcrumb\"},\"inLanguage\":\"pt-BR\",\"potentialAction\":[{\"@type\":\"ReadAction\",\"target\":[\"https:\/\/agenciainfra.com\/blog\/comissao-liderada-pelo-tcu-elabora-de-guia-de-auditoria-sobre-transicao-energetica-na-america-latina-e-caribe\/\"]}]},{\"@type\":\"ImageObject\",\"inLanguage\":\"pt-BR\",\"@id\":\"https:\/\/agenciainfra.com\/blog\/comissao-liderada-pelo-tcu-elabora-de-guia-de-auditoria-sobre-transicao-energetica-na-america-latina-e-caribe\/#primaryimage\",\"url\":\"https:\/\/agenciainfra.com\/blog\/wp-content\/uploads\/2024\/07\/predio-fachada-tcu-foto-agencia-brasil-valter-campanato.jpg\",\"contentUrl\":\"https:\/\/agenciainfra.com\/blog\/wp-content\/uploads\/2024\/07\/predio-fachada-tcu-foto-agencia-brasil-valter-campanato.jpg\",\"width\":1202,\"height\":801,\"caption\":\"Foto: Valter Campanato\/Ag\u00eancia Brasil\"},{\"@type\":\"BreadcrumbList\",\"@id\":\"https:\/\/agenciainfra.com\/blog\/comissao-liderada-pelo-tcu-elabora-de-guia-de-auditoria-sobre-transicao-energetica-na-america-latina-e-caribe\/#breadcrumb\",\"itemListElement\":[{\"@type\":\"ListItem\",\"position\":1,\"name\":\"In\u00edcio\",\"item\":\"https:\/\/agenciainfra.com\/blog\/\"},{\"@type\":\"ListItem\",\"position\":2,\"name\":\"Comiss\u00e3o liderada pelo TCU elabora guia de auditoria sobre transi\u00e7\u00e3o energ\u00e9tica na Am\u00e9rica Latina e Caribe\"}]},{\"@type\":\"WebSite\",\"@id\":\"https:\/\/agenciainfra.com\/blog\/#website\",\"url\":\"https:\/\/agenciainfra.com\/blog\/\",\"name\":\"Ag\u00eancia iNFRA\",\"description\":\"Multiplataforma de informa\u00e7\u00e3o jornal\u00edstica refer\u00eancia na \u00e1rea de infraestrutura no Brasil!\",\"publisher\":{\"@id\":\"https:\/\/agenciainfra.com\/blog\/#organization\"},\"potentialAction\":[{\"@type\":\"SearchAction\",\"target\":{\"@type\":\"EntryPoint\",\"urlTemplate\":\"https:\/\/agenciainfra.com\/blog\/?s={search_term_string}\"},\"query-input\":{\"@type\":\"PropertyValueSpecification\",\"valueRequired\":true,\"valueName\":\"search_term_string\"}}],\"inLanguage\":\"pt-BR\"},{\"@type\":\"Organization\",\"@id\":\"https:\/\/agenciainfra.com\/blog\/#organization\",\"name\":\"Ag\u00eancia iNFRA\",\"url\":\"https:\/\/agenciainfra.com\/blog\/\",\"logo\":{\"@type\":\"ImageObject\",\"inLanguage\":\"pt-BR\",\"@id\":\"https:\/\/agenciainfra.com\/blog\/#\/schema\/logo\/image\/\",\"url\":\"https:\/\/agenciainfra.com\/blog\/wp-content\/uploads\/2023\/09\/iNFRA_5-e1761735885940.png\",\"contentUrl\":\"https:\/\/agenciainfra.com\/blog\/wp-content\/uploads\/2023\/09\/iNFRA_5-e1761735885940.png\",\"width\":1672,\"height\":454,\"caption\":\"Ag\u00eancia iNFRA\"},\"image\":{\"@id\":\"https:\/\/agenciainfra.com\/blog\/#\/schema\/logo\/image\/\"},\"sameAs\":[\"https:\/\/www.facebook.com\/ageninfra\",\"https:\/\/x.com\/agencia_infra\",\"https:\/\/www.linkedin.com\/company\/ag\u00eanciainfra\/\",\"https:\/\/www.instagram.com\/agenciainfra\/\"]},{\"@type\":\"Person\",\"@id\":\"https:\/\/agenciainfra.com\/blog\/#\/schema\/person\/34af08dff6adea4cb22b06612ba7acfa\",\"name\":\"Ag\u00eancia iNFRA\",\"image\":{\"@type\":\"ImageObject\",\"inLanguage\":\"pt-BR\",\"@id\":\"https:\/\/agenciainfra.com\/blog\/#\/schema\/person\/image\/\",\"url\":\"https:\/\/secure.gravatar.com\/avatar\/d189e01678f06d8eb84d4e01f08eb848b3fffe3f8443818d3c356c66892f5be8?s=96&d=mm&r=g\",\"contentUrl\":\"https:\/\/secure.gravatar.com\/avatar\/d189e01678f06d8eb84d4e01f08eb848b3fffe3f8443818d3c356c66892f5be8?s=96&d=mm&r=g\",\"caption\":\"Ag\u00eancia iNFRA\"},\"url\":\"https:\/\/agenciainfra.com\/blog\/author\/admin\/\"}]}<\/script>\n<!-- \/ Yoast SEO Premium plugin. -->","yoast_head_json":{"title":"Comiss\u00e3o liderada pelo TCU elabora guia de auditoria sobre transi\u00e7\u00e3o energ\u00e9tica na Am\u00e9rica Latina e Caribe - Ag\u00eancia iNFRA","robots":{"index":"index","follow":"follow","max-snippet":"max-snippet:-1","max-image-preview":"max-image-preview:large","max-video-preview":"max-video-preview:-1"},"canonical":"https:\/\/agenciainfra.com\/blog\/comissao-liderada-pelo-tcu-elabora-de-guia-de-auditoria-sobre-transicao-energetica-na-america-latina-e-caribe\/","og_locale":"pt_BR","og_type":"article","og_title":"Comiss\u00e3o liderada pelo TCU elabora guia de auditoria sobre transi\u00e7\u00e3o energ\u00e9tica na Am\u00e9rica Latina e Caribe","og_description":"da Ag\u00eancia iNFRA A Coinfra (Comiss\u00e3o de Infraestrutura e Transi\u00e7\u00f5es Energ\u00e9ticas), que integra a Olacefs (Organiza\u00e7\u00e3o Latino-Americana e do Caribe das Institui\u00e7\u00f5es Superiores de Controle), dar\u00e1 in\u00edcio, nesta semana, ao processo de elabora\u00e7\u00e3o de um guia regional de auditoria sobre transi\u00e7\u00e3o energ\u00e9tica, liderado pelo TCU (Tribunal de Contas da Uni\u00e3o). Ser\u00e3o realizadas, a partir desta [&hellip;]","og_url":"https:\/\/agenciainfra.com\/blog\/comissao-liderada-pelo-tcu-elabora-de-guia-de-auditoria-sobre-transicao-energetica-na-america-latina-e-caribe\/","og_site_name":"Ag\u00eancia iNFRA","article_publisher":"https:\/\/www.facebook.com\/ageninfra","article_published_time":"2025-06-23T14:59:55+00:00","article_modified_time":"2025-06-23T15:06:50+00:00","og_image":[{"width":1202,"height":801,"url":"https:\/\/agenciainfra.com\/blog\/wp-content\/uploads\/2024\/07\/predio-fachada-tcu-foto-agencia-brasil-valter-campanato.jpg","type":"image\/jpeg"}],"author":"Ag\u00eancia iNFRA","twitter_card":"summary_large_image","twitter_creator":"@agencia_infra","twitter_site":"@agencia_infra","twitter_misc":{"Escrito por":"Ag\u00eancia iNFRA","Est. tempo de leitura":"1 minuto"},"schema":{"@context":"https:\/\/schema.org","@graph":[{"@type":"Article","@id":"https:\/\/agenciainfra.com\/blog\/comissao-liderada-pelo-tcu-elabora-de-guia-de-auditoria-sobre-transicao-energetica-na-america-latina-e-caribe\/#article","isPartOf":{"@id":"https:\/\/agenciainfra.com\/blog\/comissao-liderada-pelo-tcu-elabora-de-guia-de-auditoria-sobre-transicao-energetica-na-america-latina-e-caribe\/"},"author":{"name":"Ag\u00eancia iNFRA","@id":"https:\/\/agenciainfra.com\/blog\/#\/schema\/person\/34af08dff6adea4cb22b06612ba7acfa"},"headline":"Comiss\u00e3o liderada pelo TCU elabora guia de auditoria sobre transi\u00e7\u00e3o energ\u00e9tica na Am\u00e9rica Latina e Caribe","datePublished":"2025-06-23T14:59:55+00:00","dateModified":"2025-06-23T15:06:50+00:00","mainEntityOfPage":{"@id":"https:\/\/agenciainfra.com\/blog\/comissao-liderada-pelo-tcu-elabora-de-guia-de-auditoria-sobre-transicao-energetica-na-america-latina-e-caribe\/"},"wordCount":231,"publisher":{"@id":"https:\/\/agenciainfra.com\/blog\/#organization"},"image":{"@id":"https:\/\/agenciainfra.com\/blog\/comissao-liderada-pelo-tcu-elabora-de-guia-de-auditoria-sobre-transicao-energetica-na-america-latina-e-caribe\/#primaryimage"},"thumbnailUrl":"https:\/\/agenciainfra.com\/blog\/wp-content\/uploads\/2024\/07\/predio-fachada-tcu-foto-agencia-brasil-valter-campanato.jpg","keywords":["Coinfra","Guia de Transi\u00e7\u00e3o Energ\u00e9tica","Olacefs","TCU","transi\u00e7\u00e3o energ\u00e9tica","Tribunal de Contas da Uni\u00e3o"],"articleSection":["Geral","Giro iNFRA"],"inLanguage":"pt-BR","copyrightYear":"2025","copyrightHolder":{"@id":"https:\/\/agenciainfra.com\/blog\/#organization"}},{"@type":"WebPage","@id":"https:\/\/agenciainfra.com\/blog\/comissao-liderada-pelo-tcu-elabora-de-guia-de-auditoria-sobre-transicao-energetica-na-america-latina-e-caribe\/","url":"https:\/\/agenciainfra.com\/blog\/comissao-liderada-pelo-tcu-elabora-de-guia-de-auditoria-sobre-transicao-energetica-na-america-latina-e-caribe\/","name":"Comiss\u00e3o liderada pelo TCU elabora guia de auditoria sobre transi\u00e7\u00e3o energ\u00e9tica na Am\u00e9rica Latina e Caribe - Ag\u00eancia iNFRA","isPartOf":{"@id":"https:\/\/agenciainfra.com\/blog\/#website"},"primaryImageOfPage":{"@id":"https:\/\/agenciainfra.com\/blog\/comissao-liderada-pelo-tcu-elabora-de-guia-de-auditoria-sobre-transicao-energetica-na-america-latina-e-caribe\/#primaryimage"},"image":{"@id":"https:\/\/agenciainfra.com\/blog\/comissao-liderada-pelo-tcu-elabora-de-guia-de-auditoria-sobre-transicao-energetica-na-america-latina-e-caribe\/#primaryimage"},"thumbnailUrl":"https:\/\/agenciainfra.com\/blog\/wp-content\/uploads\/2024\/07\/predio-fachada-tcu-foto-agencia-brasil-valter-campanato.jpg","datePublished":"2025-06-23T14:59:55+00:00","dateModified":"2025-06-23T15:06:50+00:00","breadcrumb":{"@id":"https:\/\/agenciainfra.com\/blog\/comissao-liderada-pelo-tcu-elabora-de-guia-de-auditoria-sobre-transicao-energetica-na-america-latina-e-caribe\/#breadcrumb"},"inLanguage":"pt-BR","potentialAction":[{"@type":"ReadAction","target":["https:\/\/agenciainfra.com\/blog\/comissao-liderada-pelo-tcu-elabora-de-guia-de-auditoria-sobre-transicao-energetica-na-america-latina-e-caribe\/"]}]},{"@type":"ImageObject","inLanguage":"pt-BR","@id":"https:\/\/agenciainfra.com\/blog\/comissao-liderada-pelo-tcu-elabora-de-guia-de-auditoria-sobre-transicao-energetica-na-america-latina-e-caribe\/#primaryimage","url":"https:\/\/agenciainfra.com\/blog\/wp-content\/uploads\/2024\/07\/predio-fachada-tcu-foto-agencia-brasil-valter-campanato.jpg","contentUrl":"https:\/\/agenciainfra.com\/blog\/wp-content\/uploads\/2024\/07\/predio-fachada-tcu-foto-agencia-brasil-valter-campanato.jpg","width":1202,"height":801,"caption":"Foto: Valter Campanato\/Ag\u00eancia Brasil"},{"@type":"BreadcrumbList","@id":"https:\/\/agenciainfra.com\/blog\/comissao-liderada-pelo-tcu-elabora-de-guia-de-auditoria-sobre-transicao-energetica-na-america-latina-e-caribe\/#breadcrumb","itemListElement":[{"@type":"ListItem","position":1,"name":"In\u00edcio","item":"https:\/\/agenciainfra.com\/blog\/"},{"@type":"ListItem","position":2,"name":"Comiss\u00e3o liderada pelo TCU elabora guia de auditoria sobre transi\u00e7\u00e3o energ\u00e9tica na Am\u00e9rica Latina e Caribe"}]},{"@type":"WebSite","@id":"https:\/\/agenciainfra.com\/blog\/#website","url":"https:\/\/agenciainfra.com\/blog\/","name":"Ag\u00eancia iNFRA","description":"Multiplataforma de informa\u00e7\u00e3o jornal\u00edstica refer\u00eancia na \u00e1rea de infraestrutura no Brasil!","publisher":{"@id":"https:\/\/agenciainfra.com\/blog\/#organization"},"potentialAction":[{"@type":"SearchAction","target":{"@type":"EntryPoint","urlTemplate":"https:\/\/agenciainfra.com\/blog\/?s={search_term_string}"},"query-input":{"@type":"PropertyValueSpecification","valueRequired":true,"valueName":"search_term_string"}}],"inLanguage":"pt-BR"},{"@type":"Organization","@id":"https:\/\/agenciainfra.com\/blog\/#organization","name":"Ag\u00eancia iNFRA","url":"https:\/\/agenciainfra.com\/blog\/","logo":{"@type":"ImageObject","inLanguage":"pt-BR","@id":"https:\/\/agenciainfra.com\/blog\/#\/schema\/logo\/image\/","url":"https:\/\/agenciainfra.com\/blog\/wp-content\/uploads\/2023\/09\/iNFRA_5-e1761735885940.png","contentUrl":"https:\/\/agenciainfra.com\/blog\/wp-content\/uploads\/2023\/09\/iNFRA_5-e1761735885940.png","width":1672,"height":454,"caption":"Ag\u00eancia iNFRA"},"image":{"@id":"https:\/\/agenciainfra.com\/blog\/#\/schema\/logo\/image\/"},"sameAs":["https:\/\/www.facebook.com\/ageninfra","https:\/\/x.com\/agencia_infra","https:\/\/www.linkedin.com\/company\/ag\u00eanciainfra\/","https:\/\/www.instagram.com\/agenciainfra\/"]},{"@type":"Person","@id":"https:\/\/agenciainfra.com\/blog\/#\/schema\/person\/34af08dff6adea4cb22b06612ba7acfa","name":"Ag\u00eancia iNFRA","image":{"@type":"ImageObject","inLanguage":"pt-BR","@id":"https:\/\/agenciainfra.com\/blog\/#\/schema\/person\/image\/","url":"https:\/\/secure.gravatar.com\/avatar\/d189e01678f06d8eb84d4e01f08eb848b3fffe3f8443818d3c356c66892f5be8?s=96&d=mm&r=g","contentUrl":"https:\/\/secure.gravatar.com\/avatar\/d189e01678f06d8eb84d4e01f08eb848b3fffe3f8443818d3c356c66892f5be8?s=96&d=mm&r=g","caption":"Ag\u00eancia iNFRA"},"url":"https:\/\/agenciainfra.com\/blog\/author\/admin\/"}]}},"_links":{"self":[{"href":"https:\/\/agenciainfra.com\/blog\/wp-json\/wp\/v2\/posts\/23317","targetHints":{"allow":["GET"]}}],"collection":[{"href":"https:\/\/agenciainfra.com\/blog\/wp-json\/wp\/v2\/posts"}],"about":[{"href":"https:\/\/agenciainfra.com\/blog\/wp-json\/wp\/v2\/types\/post"}],"author":[{"embeddable":true,"href":"https:\/\/agenciainfra.com\/blog\/wp-json\/wp\/v2\/users\/1"}],"replies":[{"embeddable":true,"href":"https:\/\/agenciainfra.com\/blog\/wp-json\/wp\/v2\/comments?post=23317"}],"version-history":[{"count":3,"href":"https:\/\/agenciainfra.com\/blog\/wp-json\/wp\/v2\/posts\/23317\/revisions"}],"predecessor-version":[{"id":23320,"href":"https:\/\/agenciainfra.com\/blog\/wp-json\/wp\/v2\/posts\/23317\/revisions\/23320"}],"wp:featuredmedia":[{"embeddable":true,"href":"https:\/\/agenciainfra.com\/blog\/wp-json\/wp\/v2\/media\/17910"}],"wp:attachment":[{"href":"https:\/\/agenciainfra.com\/blog\/wp-json\/wp\/v2\/media?parent=23317"}],"wp:term":[{"taxonomy":"category","embeddable":true,"href":"https:\/\/agenciainfra.com\/blog\/wp-json\/wp\/v2\/categories?post=23317"},{"taxonomy":"post_tag","embeddable":true,"href":"https:\/\/agenciainfra.com\/blog\/wp-json\/wp\/v2\/tags?post=23317"}],"curies":[{"name":"wp","href":"https:\/\/api.w.org\/{rel}","templated":true}]}}