{"id":23340,"date":"2025-06-23T16:32:59","date_gmt":"2025-06-23T19:32:59","guid":{"rendered":"https:\/\/agenciainfra.com\/blog\/?p=23340"},"modified":"2025-06-24T11:22:19","modified_gmt":"2025-06-24T14:22:19","slug":"guerra-nao-vai-gerar-inflacao-para-petroleiras-mas-pode-levar-a-reacomodacao-logistica-no-mundo-diz-ceo-da-prio","status":"publish","type":"post","link":"https:\/\/agenciainfra.com\/blog\/guerra-nao-vai-gerar-inflacao-para-petroleiras-mas-pode-levar-a-reacomodacao-logistica-no-mundo-diz-ceo-da-prio\/","title":{"rendered":"Guerra n\u00e3o vai gerar infla\u00e7\u00e3o para petroleiras, mas pode levar \u00e0 &#8216;reacomoda\u00e7\u00e3o log\u00edstica&#8217; no mundo, diz CEO da Prio"},"content":{"rendered":"\n<p class=\"has-text-align-right\"><strong>Gabriel Vasconcelos, da Ag\u00eancia iNFRA<\/strong><\/p>\n\n\n\n<p>Petroleira brasileira focada em exporta\u00e7\u00e3o, a PRIO n\u00e3o tem no radar um aumento de custos em fun\u00e7\u00e3o de perturba\u00e7\u00f5es ligadas \u00e0 guerra entre Israel e Ir\u00e3, no Oriente M\u00e9dio, disse nesta segunda-feira (23) o CEO da companhia, Roberto Monteiro. Ele falou em evento comemorativo dos 10 anos da empresa, no Rio de Janeiro. A escalada na cota\u00e7\u00e3o internacional do petr\u00f3leo vai aumentar a receita da empresa, sem vir acompanhada necessariamente de uma corrida por novos projetos no setor, o que poderia inflacionar servi\u00e7os como afretamento de embarca\u00e7\u00f5es de apoio, avaliou Monteiro.<\/p>\n\n\n\n<p>O executivo n\u00e3o descarta, por\u00e9m, o que chamou de &#8220;reacomoda\u00e7\u00e3o log\u00edstica&#8221; para o setor, com poss\u00edveis mudan\u00e7as nos fluxos mundiais do produto e impacto no pre\u00e7o do frete de navios petroleiros. Isso depende da dura\u00e7\u00e3o da crise e aconteceu na esteira da guerra da Ucr\u00e2nia, quando a produ\u00e7\u00e3o russa de \u00f3leo bruto e derivados deixou de abastecer a Europa, sendo redirecionada para outras partes do mundo, sobretudo \u00c1sia, mas tamb\u00e9m Am\u00e9rica Latina.<\/p>\n\n\n\n<p>&#8220;Os custos hoje dependem muito da atividade do setor. Esse aumento no pre\u00e7o (do petr\u00f3leo) \u00e9 muito pontual. Eu n\u00e3o vejo, hoje, projetos sendo aprovados por conta dessa escalada recente do pre\u00e7o. Voc\u00ea aprova novos projetos quando tem uma visibilidade, uma perspectiva de pre\u00e7os altos no longo prazo. N\u00e3o sei se o que est\u00e1 acontecendo agora, se este fim de semana, \u00e9 suficiente para mudar a cabe\u00e7a do investidor&#8221;, disse, ao ser questionado sobre eventual press\u00e3o inflacion\u00e1ria.<\/p>\n\n\n\n<p>&#8220;O custo das opera\u00e7\u00f5es, o custo dos barcos, e assim por diante, depende muito das instala\u00e7\u00f5es que est\u00e3o sendo feitas. N\u00e3o vejo grande mudan\u00e7a, um grande crescimento agora. No Brasil, a Petrobras vai continuar instalando os FPSO&#8217;s que est\u00e1 instalando, demandando os ativos que est\u00e1 demandando&#8221;, continuou ao destacar o peso da estatal na forma\u00e7\u00e3o dos pre\u00e7os ao setor.<\/p>\n\n\n\n<p>Mas ele admite que uma crise mais prolongada pode ter impactos globais. \u201cEsses eventos trazem ajustes grandes da cadeia log\u00edstica do ponto de vista das mercadorias. Ent\u00e3o pode ter uma reacomoda\u00e7\u00e3o de custos sim. Mas \u00e9 muito recente e \u00e9 dif\u00edcil precisar como isso pode impactar os custos do frete\u201d, diz.<\/p>\n\n\n\n<p>Com o acirramento do conflito entre Israel e Ir\u00e3, o barril do tipo Brent subiu cerca de US$ 10, para a faixa dos US$ 75, em pouco mais de uma semana. Temores relacionados ao fechamento do estreito de Ormuz, controlado pelo Ir\u00e3 e por onde passa 25% do petr\u00f3leo movimentado no mundo.<\/p>\n\n\n\n<p>&#8220;\u00c9 um horror a gente dizer que a guerra \u00e9 uma coisa positiva. Mas ela \u00e9 uma realidade. Hoje, o Brasil \u00e9 um pa\u00eds que n\u00e3o tem nenhuma instabilidade geopol\u00edtica e produz bastante petr\u00f3leo&#8221;, disse Monteiro.<\/p>\n\n\n\n<p>Ele detalhou que a Prio deve produzir entre 38 e 40 milh\u00f5es de barris este ano, se beneficiando da alta da commodity. &#8220;A conta matem\u00e1tica \u00e9 simples: para cada d\u00f3lar a mais no pre\u00e7o do barril, s\u00e3o mais US$ 40 milh\u00f5es de receita. A gente ainda paga royalties e impostos, ent\u00e3o essa alta n\u00e3o se traduz totalmente como resultado. Mas \u00e9 isso&#8221;, completou.<\/p>\n\n\n\n<p><\/p>\n","protected":false},"excerpt":{"rendered":"<p>Gabriel Vasconcelos, da Ag\u00eancia iNFRA Petroleira brasileira focada em exporta\u00e7\u00e3o, a PRIO n\u00e3o tem no radar um aumento de custos em fun\u00e7\u00e3o de perturba\u00e7\u00f5es ligadas \u00e0 guerra entre Israel e Ir\u00e3, no Oriente M\u00e9dio, disse nesta segunda-feira (23) o CEO da companhia, Roberto Monteiro. Ele falou em evento comemorativo dos 10 anos da empresa, no [&hellip;]<\/p>\n","protected":false},"author":1,"featured_media":23344,"comment_status":"closed","ping_status":"closed","sticky":false,"template":"","format":"standard","meta":{"_monsterinsights_skip_tracking":false,"_monsterinsights_sitenote_active":false,"_monsterinsights_sitenote_note":"","_monsterinsights_sitenote_category":0,"footnotes":""},"categories":[7250,1,13271],"tags":[12816,13916,13251,13917,66,3191,5848,213,13915,13918],"class_list":["post-23340","post","type-post","status-publish","format-standard","has-post-thumbnail","hentry","category-destaque-lista","category-geral","category-oleo-gas","tag-afretamento-de-embarcacoes","tag-exportacao-de-petroleo","tag-gabriel-vasconcelos","tag-guerra-israel-e-ira","tag-logistica","tag-oleo-e-gas","tag-petroleiras","tag-petroleo","tag-prio","tag-roberto-monteiro"],"yoast_head":"<!-- This site is optimized with the Yoast SEO Premium plugin v25.4 (Yoast SEO v26.0) - https:\/\/yoast.com\/wordpress\/plugins\/seo\/ -->\n<title>Guerra n\u00e3o vai gerar infla\u00e7\u00e3o para petroleiras, mas pode levar \u00e0 &#039;reacomoda\u00e7\u00e3o log\u00edstica&#039; no mundo, diz CEO da Prio - Ag\u00eancia iNFRA<\/title>\n<meta name=\"robots\" content=\"index, follow, max-snippet:-1, max-image-preview:large, max-video-preview:-1\" \/>\n<link rel=\"canonical\" href=\"https:\/\/agenciainfra.com\/blog\/guerra-nao-vai-gerar-inflacao-para-petroleiras-mas-pode-levar-a-reacomodacao-logistica-no-mundo-diz-ceo-da-prio\/\" \/>\n<meta property=\"og:locale\" content=\"pt_BR\" \/>\n<meta property=\"og:type\" content=\"article\" \/>\n<meta property=\"og:title\" content=\"Guerra n\u00e3o vai gerar infla\u00e7\u00e3o para petroleiras, mas pode levar \u00e0 &#039;reacomoda\u00e7\u00e3o log\u00edstica&#039; no mundo, diz CEO da Prio\" \/>\n<meta property=\"og:description\" content=\"Gabriel Vasconcelos, da Ag\u00eancia iNFRA Petroleira brasileira focada em exporta\u00e7\u00e3o, a PRIO n\u00e3o tem no radar um aumento de custos em fun\u00e7\u00e3o de perturba\u00e7\u00f5es ligadas \u00e0 guerra entre Israel e Ir\u00e3, no Oriente M\u00e9dio, disse nesta segunda-feira (23) o CEO da companhia, Roberto Monteiro. Ele falou em evento comemorativo dos 10 anos da empresa, no [&hellip;]\" \/>\n<meta property=\"og:url\" content=\"https:\/\/agenciainfra.com\/blog\/guerra-nao-vai-gerar-inflacao-para-petroleiras-mas-pode-levar-a-reacomodacao-logistica-no-mundo-diz-ceo-da-prio\/\" \/>\n<meta property=\"og:site_name\" content=\"Ag\u00eancia iNFRA\" \/>\n<meta property=\"article:publisher\" content=\"https:\/\/www.facebook.com\/ageninfra\" \/>\n<meta property=\"article:published_time\" content=\"2025-06-23T19:32:59+00:00\" \/>\n<meta property=\"article:modified_time\" content=\"2025-06-24T14:22:19+00:00\" \/>\n<meta property=\"og:image\" content=\"https:\/\/agenciainfra.com\/blog\/wp-content\/uploads\/2025\/06\/Foto-divulgacao-Prio-1.jpg\" \/>\n\t<meta property=\"og:image:width\" content=\"1280\" \/>\n\t<meta property=\"og:image:height\" content=\"854\" \/>\n\t<meta property=\"og:image:type\" content=\"image\/jpeg\" \/>\n<meta name=\"author\" content=\"Ag\u00eancia iNFRA\" \/>\n<meta name=\"twitter:card\" content=\"summary_large_image\" \/>\n<meta name=\"twitter:creator\" content=\"@agencia_infra\" \/>\n<meta name=\"twitter:site\" content=\"@agencia_infra\" \/>\n<meta name=\"twitter:label1\" content=\"Escrito por\" \/>\n\t<meta name=\"twitter:data1\" content=\"Ag\u00eancia iNFRA\" \/>\n\t<meta name=\"twitter:label2\" content=\"Est. tempo de leitura\" \/>\n\t<meta name=\"twitter:data2\" content=\"3 minutos\" \/>\n<script type=\"application\/ld+json\" class=\"yoast-schema-graph\">{\"@context\":\"https:\/\/schema.org\",\"@graph\":[{\"@type\":\"Article\",\"@id\":\"https:\/\/agenciainfra.com\/blog\/guerra-nao-vai-gerar-inflacao-para-petroleiras-mas-pode-levar-a-reacomodacao-logistica-no-mundo-diz-ceo-da-prio\/#article\",\"isPartOf\":{\"@id\":\"https:\/\/agenciainfra.com\/blog\/guerra-nao-vai-gerar-inflacao-para-petroleiras-mas-pode-levar-a-reacomodacao-logistica-no-mundo-diz-ceo-da-prio\/\"},\"author\":{\"name\":\"Ag\u00eancia iNFRA\",\"@id\":\"https:\/\/agenciainfra.com\/blog\/#\/schema\/person\/34af08dff6adea4cb22b06612ba7acfa\"},\"headline\":\"Guerra n\u00e3o vai gerar infla\u00e7\u00e3o para petroleiras, mas pode levar \u00e0 &#8216;reacomoda\u00e7\u00e3o log\u00edstica&#8217; no mundo, diz CEO da Prio\",\"datePublished\":\"2025-06-23T19:32:59+00:00\",\"dateModified\":\"2025-06-24T14:22:19+00:00\",\"mainEntityOfPage\":{\"@id\":\"https:\/\/agenciainfra.com\/blog\/guerra-nao-vai-gerar-inflacao-para-petroleiras-mas-pode-levar-a-reacomodacao-logistica-no-mundo-diz-ceo-da-prio\/\"},\"wordCount\":565,\"publisher\":{\"@id\":\"https:\/\/agenciainfra.com\/blog\/#organization\"},\"image\":{\"@id\":\"https:\/\/agenciainfra.com\/blog\/guerra-nao-vai-gerar-inflacao-para-petroleiras-mas-pode-levar-a-reacomodacao-logistica-no-mundo-diz-ceo-da-prio\/#primaryimage\"},\"thumbnailUrl\":\"https:\/\/agenciainfra.com\/blog\/wp-content\/uploads\/2025\/06\/Foto-divulgacao-Prio-1.jpg\",\"keywords\":[\"Afretamento de embarca\u00e7\u00f5es\",\"exporta\u00e7\u00e3o de petr\u00f3leo\",\"Gabriel Vasconcelos\",\"guerra Israel e Ir\u00e3\",\"log\u00edstica\",\"\u00f3leo e g\u00e1s\",\"petroleiras\",\"petr\u00f3leo\",\"Prio\",\"Roberto Monteiro\"],\"articleSection\":[\"Destaque lista\",\"Geral\",\"\u00d3leo &amp; G\u00e1s\"],\"inLanguage\":\"pt-BR\",\"copyrightYear\":\"2025\",\"copyrightHolder\":{\"@id\":\"https:\/\/agenciainfra.com\/blog\/#organization\"}},{\"@type\":\"WebPage\",\"@id\":\"https:\/\/agenciainfra.com\/blog\/guerra-nao-vai-gerar-inflacao-para-petroleiras-mas-pode-levar-a-reacomodacao-logistica-no-mundo-diz-ceo-da-prio\/\",\"url\":\"https:\/\/agenciainfra.com\/blog\/guerra-nao-vai-gerar-inflacao-para-petroleiras-mas-pode-levar-a-reacomodacao-logistica-no-mundo-diz-ceo-da-prio\/\",\"name\":\"Guerra n\u00e3o vai gerar infla\u00e7\u00e3o para petroleiras, mas pode levar \u00e0 'reacomoda\u00e7\u00e3o log\u00edstica' no mundo, diz CEO da Prio - Ag\u00eancia iNFRA\",\"isPartOf\":{\"@id\":\"https:\/\/agenciainfra.com\/blog\/#website\"},\"primaryImageOfPage\":{\"@id\":\"https:\/\/agenciainfra.com\/blog\/guerra-nao-vai-gerar-inflacao-para-petroleiras-mas-pode-levar-a-reacomodacao-logistica-no-mundo-diz-ceo-da-prio\/#primaryimage\"},\"image\":{\"@id\":\"https:\/\/agenciainfra.com\/blog\/guerra-nao-vai-gerar-inflacao-para-petroleiras-mas-pode-levar-a-reacomodacao-logistica-no-mundo-diz-ceo-da-prio\/#primaryimage\"},\"thumbnailUrl\":\"https:\/\/agenciainfra.com\/blog\/wp-content\/uploads\/2025\/06\/Foto-divulgacao-Prio-1.jpg\",\"datePublished\":\"2025-06-23T19:32:59+00:00\",\"dateModified\":\"2025-06-24T14:22:19+00:00\",\"breadcrumb\":{\"@id\":\"https:\/\/agenciainfra.com\/blog\/guerra-nao-vai-gerar-inflacao-para-petroleiras-mas-pode-levar-a-reacomodacao-logistica-no-mundo-diz-ceo-da-prio\/#breadcrumb\"},\"inLanguage\":\"pt-BR\",\"potentialAction\":[{\"@type\":\"ReadAction\",\"target\":[\"https:\/\/agenciainfra.com\/blog\/guerra-nao-vai-gerar-inflacao-para-petroleiras-mas-pode-levar-a-reacomodacao-logistica-no-mundo-diz-ceo-da-prio\/\"]}]},{\"@type\":\"ImageObject\",\"inLanguage\":\"pt-BR\",\"@id\":\"https:\/\/agenciainfra.com\/blog\/guerra-nao-vai-gerar-inflacao-para-petroleiras-mas-pode-levar-a-reacomodacao-logistica-no-mundo-diz-ceo-da-prio\/#primaryimage\",\"url\":\"https:\/\/agenciainfra.com\/blog\/wp-content\/uploads\/2025\/06\/Foto-divulgacao-Prio-1.jpg\",\"contentUrl\":\"https:\/\/agenciainfra.com\/blog\/wp-content\/uploads\/2025\/06\/Foto-divulgacao-Prio-1.jpg\",\"width\":1280,\"height\":854,\"caption\":\"Foto: Prio\"},{\"@type\":\"BreadcrumbList\",\"@id\":\"https:\/\/agenciainfra.com\/blog\/guerra-nao-vai-gerar-inflacao-para-petroleiras-mas-pode-levar-a-reacomodacao-logistica-no-mundo-diz-ceo-da-prio\/#breadcrumb\",\"itemListElement\":[{\"@type\":\"ListItem\",\"position\":1,\"name\":\"In\u00edcio\",\"item\":\"https:\/\/agenciainfra.com\/blog\/\"},{\"@type\":\"ListItem\",\"position\":2,\"name\":\"Guerra n\u00e3o vai gerar infla\u00e7\u00e3o para petroleiras, mas pode levar \u00e0 &#8216;reacomoda\u00e7\u00e3o log\u00edstica&#8217; no mundo, diz CEO da Prio\"}]},{\"@type\":\"WebSite\",\"@id\":\"https:\/\/agenciainfra.com\/blog\/#website\",\"url\":\"https:\/\/agenciainfra.com\/blog\/\",\"name\":\"Ag\u00eancia iNFRA\",\"description\":\"Multiplataforma de informa\u00e7\u00e3o jornal\u00edstica refer\u00eancia na \u00e1rea de infraestrutura no Brasil!\",\"publisher\":{\"@id\":\"https:\/\/agenciainfra.com\/blog\/#organization\"},\"potentialAction\":[{\"@type\":\"SearchAction\",\"target\":{\"@type\":\"EntryPoint\",\"urlTemplate\":\"https:\/\/agenciainfra.com\/blog\/?s={search_term_string}\"},\"query-input\":{\"@type\":\"PropertyValueSpecification\",\"valueRequired\":true,\"valueName\":\"search_term_string\"}}],\"inLanguage\":\"pt-BR\"},{\"@type\":\"Organization\",\"@id\":\"https:\/\/agenciainfra.com\/blog\/#organization\",\"name\":\"Ag\u00eancia iNFRA\",\"url\":\"https:\/\/agenciainfra.com\/blog\/\",\"logo\":{\"@type\":\"ImageObject\",\"inLanguage\":\"pt-BR\",\"@id\":\"https:\/\/agenciainfra.com\/blog\/#\/schema\/logo\/image\/\",\"url\":\"https:\/\/agenciainfra.com\/blog\/wp-content\/uploads\/2023\/09\/iNFRA_5-e1761735885940.png\",\"contentUrl\":\"https:\/\/agenciainfra.com\/blog\/wp-content\/uploads\/2023\/09\/iNFRA_5-e1761735885940.png\",\"width\":1672,\"height\":454,\"caption\":\"Ag\u00eancia iNFRA\"},\"image\":{\"@id\":\"https:\/\/agenciainfra.com\/blog\/#\/schema\/logo\/image\/\"},\"sameAs\":[\"https:\/\/www.facebook.com\/ageninfra\",\"https:\/\/x.com\/agencia_infra\",\"https:\/\/www.linkedin.com\/company\/ag\u00eanciainfra\/\",\"https:\/\/www.instagram.com\/agenciainfra\/\"]},{\"@type\":\"Person\",\"@id\":\"https:\/\/agenciainfra.com\/blog\/#\/schema\/person\/34af08dff6adea4cb22b06612ba7acfa\",\"name\":\"Ag\u00eancia iNFRA\",\"image\":{\"@type\":\"ImageObject\",\"inLanguage\":\"pt-BR\",\"@id\":\"https:\/\/agenciainfra.com\/blog\/#\/schema\/person\/image\/\",\"url\":\"https:\/\/secure.gravatar.com\/avatar\/d189e01678f06d8eb84d4e01f08eb848b3fffe3f8443818d3c356c66892f5be8?s=96&d=mm&r=g\",\"contentUrl\":\"https:\/\/secure.gravatar.com\/avatar\/d189e01678f06d8eb84d4e01f08eb848b3fffe3f8443818d3c356c66892f5be8?s=96&d=mm&r=g\",\"caption\":\"Ag\u00eancia iNFRA\"},\"url\":\"https:\/\/agenciainfra.com\/blog\/author\/admin\/\"}]}<\/script>\n<!-- \/ Yoast SEO Premium plugin. -->","yoast_head_json":{"title":"Guerra n\u00e3o vai gerar infla\u00e7\u00e3o para petroleiras, mas pode levar \u00e0 'reacomoda\u00e7\u00e3o log\u00edstica' no mundo, diz CEO da Prio - Ag\u00eancia iNFRA","robots":{"index":"index","follow":"follow","max-snippet":"max-snippet:-1","max-image-preview":"max-image-preview:large","max-video-preview":"max-video-preview:-1"},"canonical":"https:\/\/agenciainfra.com\/blog\/guerra-nao-vai-gerar-inflacao-para-petroleiras-mas-pode-levar-a-reacomodacao-logistica-no-mundo-diz-ceo-da-prio\/","og_locale":"pt_BR","og_type":"article","og_title":"Guerra n\u00e3o vai gerar infla\u00e7\u00e3o para petroleiras, mas pode levar \u00e0 'reacomoda\u00e7\u00e3o log\u00edstica' no mundo, diz CEO da Prio","og_description":"Gabriel Vasconcelos, da Ag\u00eancia iNFRA Petroleira brasileira focada em exporta\u00e7\u00e3o, a PRIO n\u00e3o tem no radar um aumento de custos em fun\u00e7\u00e3o de perturba\u00e7\u00f5es ligadas \u00e0 guerra entre Israel e Ir\u00e3, no Oriente M\u00e9dio, disse nesta segunda-feira (23) o CEO da companhia, Roberto Monteiro. Ele falou em evento comemorativo dos 10 anos da empresa, no [&hellip;]","og_url":"https:\/\/agenciainfra.com\/blog\/guerra-nao-vai-gerar-inflacao-para-petroleiras-mas-pode-levar-a-reacomodacao-logistica-no-mundo-diz-ceo-da-prio\/","og_site_name":"Ag\u00eancia iNFRA","article_publisher":"https:\/\/www.facebook.com\/ageninfra","article_published_time":"2025-06-23T19:32:59+00:00","article_modified_time":"2025-06-24T14:22:19+00:00","og_image":[{"width":1280,"height":854,"url":"https:\/\/agenciainfra.com\/blog\/wp-content\/uploads\/2025\/06\/Foto-divulgacao-Prio-1.jpg","type":"image\/jpeg"}],"author":"Ag\u00eancia iNFRA","twitter_card":"summary_large_image","twitter_creator":"@agencia_infra","twitter_site":"@agencia_infra","twitter_misc":{"Escrito por":"Ag\u00eancia iNFRA","Est. tempo de leitura":"3 minutos"},"schema":{"@context":"https:\/\/schema.org","@graph":[{"@type":"Article","@id":"https:\/\/agenciainfra.com\/blog\/guerra-nao-vai-gerar-inflacao-para-petroleiras-mas-pode-levar-a-reacomodacao-logistica-no-mundo-diz-ceo-da-prio\/#article","isPartOf":{"@id":"https:\/\/agenciainfra.com\/blog\/guerra-nao-vai-gerar-inflacao-para-petroleiras-mas-pode-levar-a-reacomodacao-logistica-no-mundo-diz-ceo-da-prio\/"},"author":{"name":"Ag\u00eancia iNFRA","@id":"https:\/\/agenciainfra.com\/blog\/#\/schema\/person\/34af08dff6adea4cb22b06612ba7acfa"},"headline":"Guerra n\u00e3o vai gerar infla\u00e7\u00e3o para petroleiras, mas pode levar \u00e0 &#8216;reacomoda\u00e7\u00e3o log\u00edstica&#8217; no mundo, diz CEO da Prio","datePublished":"2025-06-23T19:32:59+00:00","dateModified":"2025-06-24T14:22:19+00:00","mainEntityOfPage":{"@id":"https:\/\/agenciainfra.com\/blog\/guerra-nao-vai-gerar-inflacao-para-petroleiras-mas-pode-levar-a-reacomodacao-logistica-no-mundo-diz-ceo-da-prio\/"},"wordCount":565,"publisher":{"@id":"https:\/\/agenciainfra.com\/blog\/#organization"},"image":{"@id":"https:\/\/agenciainfra.com\/blog\/guerra-nao-vai-gerar-inflacao-para-petroleiras-mas-pode-levar-a-reacomodacao-logistica-no-mundo-diz-ceo-da-prio\/#primaryimage"},"thumbnailUrl":"https:\/\/agenciainfra.com\/blog\/wp-content\/uploads\/2025\/06\/Foto-divulgacao-Prio-1.jpg","keywords":["Afretamento de embarca\u00e7\u00f5es","exporta\u00e7\u00e3o de petr\u00f3leo","Gabriel Vasconcelos","guerra Israel e Ir\u00e3","log\u00edstica","\u00f3leo e g\u00e1s","petroleiras","petr\u00f3leo","Prio","Roberto Monteiro"],"articleSection":["Destaque lista","Geral","\u00d3leo &amp; G\u00e1s"],"inLanguage":"pt-BR","copyrightYear":"2025","copyrightHolder":{"@id":"https:\/\/agenciainfra.com\/blog\/#organization"}},{"@type":"WebPage","@id":"https:\/\/agenciainfra.com\/blog\/guerra-nao-vai-gerar-inflacao-para-petroleiras-mas-pode-levar-a-reacomodacao-logistica-no-mundo-diz-ceo-da-prio\/","url":"https:\/\/agenciainfra.com\/blog\/guerra-nao-vai-gerar-inflacao-para-petroleiras-mas-pode-levar-a-reacomodacao-logistica-no-mundo-diz-ceo-da-prio\/","name":"Guerra n\u00e3o vai gerar infla\u00e7\u00e3o para petroleiras, mas pode levar \u00e0 'reacomoda\u00e7\u00e3o log\u00edstica' no mundo, diz CEO da Prio - Ag\u00eancia iNFRA","isPartOf":{"@id":"https:\/\/agenciainfra.com\/blog\/#website"},"primaryImageOfPage":{"@id":"https:\/\/agenciainfra.com\/blog\/guerra-nao-vai-gerar-inflacao-para-petroleiras-mas-pode-levar-a-reacomodacao-logistica-no-mundo-diz-ceo-da-prio\/#primaryimage"},"image":{"@id":"https:\/\/agenciainfra.com\/blog\/guerra-nao-vai-gerar-inflacao-para-petroleiras-mas-pode-levar-a-reacomodacao-logistica-no-mundo-diz-ceo-da-prio\/#primaryimage"},"thumbnailUrl":"https:\/\/agenciainfra.com\/blog\/wp-content\/uploads\/2025\/06\/Foto-divulgacao-Prio-1.jpg","datePublished":"2025-06-23T19:32:59+00:00","dateModified":"2025-06-24T14:22:19+00:00","breadcrumb":{"@id":"https:\/\/agenciainfra.com\/blog\/guerra-nao-vai-gerar-inflacao-para-petroleiras-mas-pode-levar-a-reacomodacao-logistica-no-mundo-diz-ceo-da-prio\/#breadcrumb"},"inLanguage":"pt-BR","potentialAction":[{"@type":"ReadAction","target":["https:\/\/agenciainfra.com\/blog\/guerra-nao-vai-gerar-inflacao-para-petroleiras-mas-pode-levar-a-reacomodacao-logistica-no-mundo-diz-ceo-da-prio\/"]}]},{"@type":"ImageObject","inLanguage":"pt-BR","@id":"https:\/\/agenciainfra.com\/blog\/guerra-nao-vai-gerar-inflacao-para-petroleiras-mas-pode-levar-a-reacomodacao-logistica-no-mundo-diz-ceo-da-prio\/#primaryimage","url":"https:\/\/agenciainfra.com\/blog\/wp-content\/uploads\/2025\/06\/Foto-divulgacao-Prio-1.jpg","contentUrl":"https:\/\/agenciainfra.com\/blog\/wp-content\/uploads\/2025\/06\/Foto-divulgacao-Prio-1.jpg","width":1280,"height":854,"caption":"Foto: Prio"},{"@type":"BreadcrumbList","@id":"https:\/\/agenciainfra.com\/blog\/guerra-nao-vai-gerar-inflacao-para-petroleiras-mas-pode-levar-a-reacomodacao-logistica-no-mundo-diz-ceo-da-prio\/#breadcrumb","itemListElement":[{"@type":"ListItem","position":1,"name":"In\u00edcio","item":"https:\/\/agenciainfra.com\/blog\/"},{"@type":"ListItem","position":2,"name":"Guerra n\u00e3o vai gerar infla\u00e7\u00e3o para petroleiras, mas pode levar \u00e0 &#8216;reacomoda\u00e7\u00e3o log\u00edstica&#8217; no mundo, diz CEO da Prio"}]},{"@type":"WebSite","@id":"https:\/\/agenciainfra.com\/blog\/#website","url":"https:\/\/agenciainfra.com\/blog\/","name":"Ag\u00eancia iNFRA","description":"Multiplataforma de informa\u00e7\u00e3o jornal\u00edstica refer\u00eancia na \u00e1rea de infraestrutura no Brasil!","publisher":{"@id":"https:\/\/agenciainfra.com\/blog\/#organization"},"potentialAction":[{"@type":"SearchAction","target":{"@type":"EntryPoint","urlTemplate":"https:\/\/agenciainfra.com\/blog\/?s={search_term_string}"},"query-input":{"@type":"PropertyValueSpecification","valueRequired":true,"valueName":"search_term_string"}}],"inLanguage":"pt-BR"},{"@type":"Organization","@id":"https:\/\/agenciainfra.com\/blog\/#organization","name":"Ag\u00eancia iNFRA","url":"https:\/\/agenciainfra.com\/blog\/","logo":{"@type":"ImageObject","inLanguage":"pt-BR","@id":"https:\/\/agenciainfra.com\/blog\/#\/schema\/logo\/image\/","url":"https:\/\/agenciainfra.com\/blog\/wp-content\/uploads\/2023\/09\/iNFRA_5-e1761735885940.png","contentUrl":"https:\/\/agenciainfra.com\/blog\/wp-content\/uploads\/2023\/09\/iNFRA_5-e1761735885940.png","width":1672,"height":454,"caption":"Ag\u00eancia iNFRA"},"image":{"@id":"https:\/\/agenciainfra.com\/blog\/#\/schema\/logo\/image\/"},"sameAs":["https:\/\/www.facebook.com\/ageninfra","https:\/\/x.com\/agencia_infra","https:\/\/www.linkedin.com\/company\/ag\u00eanciainfra\/","https:\/\/www.instagram.com\/agenciainfra\/"]},{"@type":"Person","@id":"https:\/\/agenciainfra.com\/blog\/#\/schema\/person\/34af08dff6adea4cb22b06612ba7acfa","name":"Ag\u00eancia iNFRA","image":{"@type":"ImageObject","inLanguage":"pt-BR","@id":"https:\/\/agenciainfra.com\/blog\/#\/schema\/person\/image\/","url":"https:\/\/secure.gravatar.com\/avatar\/d189e01678f06d8eb84d4e01f08eb848b3fffe3f8443818d3c356c66892f5be8?s=96&d=mm&r=g","contentUrl":"https:\/\/secure.gravatar.com\/avatar\/d189e01678f06d8eb84d4e01f08eb848b3fffe3f8443818d3c356c66892f5be8?s=96&d=mm&r=g","caption":"Ag\u00eancia iNFRA"},"url":"https:\/\/agenciainfra.com\/blog\/author\/admin\/"}]}},"_links":{"self":[{"href":"https:\/\/agenciainfra.com\/blog\/wp-json\/wp\/v2\/posts\/23340","targetHints":{"allow":["GET"]}}],"collection":[{"href":"https:\/\/agenciainfra.com\/blog\/wp-json\/wp\/v2\/posts"}],"about":[{"href":"https:\/\/agenciainfra.com\/blog\/wp-json\/wp\/v2\/types\/post"}],"author":[{"embeddable":true,"href":"https:\/\/agenciainfra.com\/blog\/wp-json\/wp\/v2\/users\/1"}],"replies":[{"embeddable":true,"href":"https:\/\/agenciainfra.com\/blog\/wp-json\/wp\/v2\/comments?post=23340"}],"version-history":[{"count":2,"href":"https:\/\/agenciainfra.com\/blog\/wp-json\/wp\/v2\/posts\/23340\/revisions"}],"predecessor-version":[{"id":23346,"href":"https:\/\/agenciainfra.com\/blog\/wp-json\/wp\/v2\/posts\/23340\/revisions\/23346"}],"wp:featuredmedia":[{"embeddable":true,"href":"https:\/\/agenciainfra.com\/blog\/wp-json\/wp\/v2\/media\/23344"}],"wp:attachment":[{"href":"https:\/\/agenciainfra.com\/blog\/wp-json\/wp\/v2\/media?parent=23340"}],"wp:term":[{"taxonomy":"category","embeddable":true,"href":"https:\/\/agenciainfra.com\/blog\/wp-json\/wp\/v2\/categories?post=23340"},{"taxonomy":"post_tag","embeddable":true,"href":"https:\/\/agenciainfra.com\/blog\/wp-json\/wp\/v2\/tags?post=23340"}],"curies":[{"name":"wp","href":"https:\/\/api.w.org\/{rel}","templated":true}]}}