{"id":2335,"date":"2018-08-18T00:05:21","date_gmt":"2018-08-18T03:05:21","guid":{"rendered":"http:\/\/www.agenciainfra.com\/blog\/?p=2335"},"modified":"2018-08-18T21:01:35","modified_gmt":"2018-08-19T00:01:36","slug":"diretor-da-antt-reclama-de-adi-contra-renovacao-de-concessoes-de-ferrovias","status":"publish","type":"post","link":"https:\/\/agenciainfra.com\/blog\/diretor-da-antt-reclama-de-adi-contra-renovacao-de-concessoes-de-ferrovias\/","title":{"rendered":"Diretor da ANTT reclama de ADI contra renova\u00e7\u00e3o de concess\u00f5es de ferrovias"},"content":{"rendered":"<p>&nbsp;<\/p>\n<div>\n<div style=\"text-align: right;\"><strong>Bernardo Gonzaga, da\u00a0<span class=\"il\">Ag\u00eancia<\/span>\u00a0<span class=\"il\">iNFRA<\/span><\/strong><\/div>\n<p dir=\"ltr\">\n<p dir=\"ltr\">O diretor-geral da ANTT (<span class=\"il\">Ag\u00eancia<\/span>\u00a0Nacional de Transportes Terrestres), M\u00e1rio Rodrigues\u00a0mostrou seu descontentamento com a decis\u00e3o da PGR (Procuradoria-Geral da Rep\u00fablica), Raquel Dodge, de pedir\u00a0a inconstitucionalidade de artigos da lei que permite a\u00a0renova\u00e7\u00e3o de concess\u00f5es ferrovi\u00e1rias.<\/p>\n<p>\u201cN\u00f3s criamos uma ferramenta de renegocia\u00e7\u00e3o de contratos de ferrovias, e, infelizmente, existe uma a\u00e7\u00e3o contr\u00e1ria. O que tem valor \u00e9 a inconstitucionalidade\u201d, disse o diretor durante audi\u00eancia p\u00fablica realizada nesta ter\u00e7a-feira (14), na CVT (Comiss\u00e3o de Via\u00e7\u00e3o e Transportes) da C\u00e2mara. O evento tratava sobre os problemas com as concess\u00f5es rodovi\u00e1rias.<\/p>\n<p>Conforme informou a\u00a0<strong><span class=\"il\">Ag\u00eancia<\/span>\u00a0<span class=\"il\">iNFRA<\/span><\/strong>\u00a0na segunda-feira (13), a procuradora ingressou com uma peti\u00e7\u00e3o em ADI que j\u00e1 estava em tramita\u00e7\u00e3o desde 2017, promovida pela Ferrofrente, pedindo a declara\u00e7\u00e3o de inconstitucionalidade de artigos da Lei 13.448\/2017.\u00a0O relator do projeto \u00e9 o ministro Dias Toffoli, que n\u00e3o fez manifesta\u00e7\u00e3o no projeto nesta ter\u00e7a-feira.<\/p>\n<p>M\u00e1rio Rodrigues tamb\u00e9m falou sobre a renova\u00e7\u00e3o da Malha Paulista da Rumo, que est\u00e1 em fase final de an\u00e1lise na\u00a0<span class=\"il\">ag\u00eancia<\/span>. M\u00e1rio garantiu\u00a0que a\u00a0<span class=\"il\">ag\u00eancia<\/span>\u00a0vai aprovar o processo e que, \u201cse a lei n\u00e3o permitir, vamos simplesmente perder esse trabalho\u201d. Ap\u00f3s a aprova\u00e7\u00e3o na\u00a0<span class=\"il\">ag\u00eancia<\/span>, o processo ser\u00e1 submetido ao TCU (Tribunal de Contas da Uni\u00e3o) para an\u00e1lise dos estudos de viabilidade.<\/p>\n<p><strong>Revis\u00e3o Quinquenal<\/strong><br \/>\nSobre rodovias, Rodrigues defendeu a revis\u00e3o quinquenal para evitar a caducidade das concession\u00e1rias rodovi\u00e1rias. &#8220;\u00c9 a melhor maneira de retomar investimento, manter manuten\u00e7\u00e3o e ter o servi\u00e7o. Se partir para caducidade, teremos defici\u00eancia de manuten\u00e7\u00e3o por dois anos e mais dois anos para relicitar\u201d, disse o diretor da\u00a0<span class=\"il\">Ag\u00eancia<\/span>.<\/p>\n<p>M\u00e1rio disse que vai enviar aos \u00f3rg\u00e3os de controle como o TCU (Tribunal de Contas da Uni\u00e3o), MPF (Minist\u00e9rio P\u00fablico Federal) e o pr\u00f3prio Congresso Nacional o rito da revis\u00e3o quinquenal.<\/p>\n<p>Segundo ele, neste documento, os \u00f3rg\u00e3os poder\u00e3o opinar e sugerir mudan\u00e7as aos ajustes financeiros. &#8220;A solu\u00e7\u00e3o imediata \u00e9 essa. Ele vai atualizar o contrato e a cada cinco anos vamos fazer essas revis\u00f5es, que est\u00e3o previstas na lei de concess\u00f5es\u201d, ressaltou.<\/p>\n<p><strong>MPF<\/strong><br \/>\nO procurador Frederick Lustosa de Melo disse que a 3\u00aa C\u00e2mara do MPF constituiu um grupo para evitar a atua\u00e7\u00e3o afastada de procuradores que fa\u00e7am algo isolado que v\u00e1 de encontro a outras decis\u00f5es dos demais \u00f3rg\u00e3os do MPF.<\/p>\n<p>\u201cS\u00e3o cinco procuradores em cada estado para tentar unir esfor\u00e7os e convergir com as institui\u00e7\u00f5es\u201d, disse.<\/p>\n<p>Lustosa disse tamb\u00e9m que a relicita\u00e7\u00e3o e a caducidade n\u00e3o \u00e9 o melhor caminho\u00a0para resolver os problemas das concess\u00f5es rodovi\u00e1rias. Ele afirmou que o MPF vai analisar a proposta de revis\u00e3o quinquenal que est\u00e1 para ser apresentada pela ANTT.<\/p>\n<p>O procurador afirmou\u00a0ainda que, caso a MP (Medida Provis\u00f3ria) 800, que passava de cinco para 14 anos o tempo de investimento nas rodovias concedidas da terceira etapa de concess\u00f5es, volte a tramitar como projeto de lei, dever\u00e1 mudar\u00a0a total posterga\u00e7\u00e3o do redutor tarif\u00e1rio.<\/p>\n<p><strong>ABCR<\/strong><br \/>\nAl\u00e9m de M\u00e1rio Rodrigues e Lustosa de Melo, tamb\u00e9m estavam presentes na reuni\u00e3o o presidente da ABCR (Associa\u00e7\u00e3o Brasileira de Concession\u00e1rias Rodovi\u00e1rias), C\u00e9sar Borges; o secret\u00e1rio de fiscaliza\u00e7\u00e3o de infraestrutura rodovi\u00e1ria e de avia\u00e7\u00e3o civil do TCU (Tribunal de Contas da Uni\u00e3o), Luiz Fernando Ururahy; o secret\u00e1rio de fomento e parcerias do Minist\u00e9rio dos Transportes, Portos e Avia\u00e7\u00e3o Civil, Dino Antunes.<\/p>\n<p>C\u00e9sar Borges apresentou um longo hist\u00f3rico mostrando o que levou as concess\u00f5es rodovi\u00e1rias ao estado atual, como a queda do PIB a partir de 2014 e o problema de financiamento via BNDES.<\/p>\n<p>\u201cSe o BNDES n\u00e3o deu, dificilmente o mercado vai dar\u201d, disse Borges referindo-se \u00e0 forma de conseguir recursos para viabilizar as obras de concess\u00e3o rodovi\u00e1ria.<\/p>\n<p>J\u00e1 para o deputado Marcus Pestana (PSDB-MG), o problema \u00e9 mais grave, uma vez que o governo n\u00e3o tem mais condi\u00e7\u00f5es de investir em infraestrutura e a solu\u00e7\u00e3o passaria diretamente pelo investimento do setor privado. O deputado defendeu tamb\u00e9m a regulamenta\u00e7\u00e3o do lobby para facilitar a comunica\u00e7\u00e3o entre setor p\u00fablico e privado, al\u00e9m de se mostrar favor\u00e1vel ao rito de tramita\u00e7\u00e3o da revis\u00e3o quinquenal feita por M\u00e1rio Rodrigues.<\/p>\n<p><strong>Reuni\u00e3o deliberativa<\/strong><br \/>\nA reuni\u00e3o deliberativa agendada para depois da audi\u00eancia p\u00fablica foi cancelada devido ao in\u00edcio da ordem do dia no plen\u00e1rio da Casa.<\/p>\n<\/div>\n","protected":false},"excerpt":{"rendered":"<p>&nbsp; Bernardo Gonzaga, da\u00a0Ag\u00eancia\u00a0iNFRA O diretor-geral da ANTT (Ag\u00eancia\u00a0Nacional de Transportes Terrestres), M\u00e1rio Rodrigues\u00a0mostrou seu descontentamento com a decis\u00e3o da PGR (Procuradoria-Geral da Rep\u00fablica), Raquel Dodge, de pedir\u00a0a inconstitucionalidade de artigos da lei que permite a\u00a0renova\u00e7\u00e3o de concess\u00f5es ferrovi\u00e1rias. \u201cN\u00f3s criamos uma ferramenta de renegocia\u00e7\u00e3o de contratos de ferrovias, e, infelizmente, existe uma a\u00e7\u00e3o contr\u00e1ria. [&hellip;]<\/p>\n","protected":false},"author":1,"featured_media":2024,"comment_status":"closed","ping_status":"open","sticky":false,"template":"","format":"standard","meta":{"_monsterinsights_skip_tracking":false,"_monsterinsights_sitenote_active":false,"_monsterinsights_sitenote_note":"","_monsterinsights_sitenote_category":0,"footnotes":""},"categories":[7],"tags":[577,19,78,564,120,524,387,578,18],"class_list":["post-2335","post","type-post","status-publish","format-standard","has-post-thumbnail","hentry","category-infratransporte","tag-adi","tag-antt","tag-concessoes","tag-ferrofrente","tag-ferrovias","tag-mpf","tag-renovacoes","tag-revisao-quinquenal","tag-tcu"],"yoast_head":"<!-- This site is optimized with the Yoast SEO Premium plugin v25.4 (Yoast SEO v26.0) - https:\/\/yoast.com\/wordpress\/plugins\/seo\/ -->\n<title>Diretor da ANTT reclama de ADI contra renova\u00e7\u00e3o de concess\u00f5es de ferrovias - Ag\u00eancia iNFRA<\/title>\n<meta name=\"robots\" content=\"index, follow, max-snippet:-1, max-image-preview:large, max-video-preview:-1\" \/>\n<link rel=\"canonical\" href=\"https:\/\/agenciainfra.com\/blog\/diretor-da-antt-reclama-de-adi-contra-renovacao-de-concessoes-de-ferrovias\/\" \/>\n<meta property=\"og:locale\" content=\"pt_BR\" \/>\n<meta property=\"og:type\" content=\"article\" \/>\n<meta property=\"og:title\" content=\"Diretor da ANTT reclama de ADI contra renova\u00e7\u00e3o de concess\u00f5es de ferrovias\" \/>\n<meta property=\"og:description\" content=\"&nbsp; Bernardo Gonzaga, da\u00a0Ag\u00eancia\u00a0iNFRA O diretor-geral da ANTT (Ag\u00eancia\u00a0Nacional de Transportes Terrestres), M\u00e1rio Rodrigues\u00a0mostrou seu descontentamento com a decis\u00e3o da PGR (Procuradoria-Geral da Rep\u00fablica), Raquel Dodge, de pedir\u00a0a inconstitucionalidade de artigos da lei que permite a\u00a0renova\u00e7\u00e3o de concess\u00f5es ferrovi\u00e1rias. \u201cN\u00f3s criamos uma ferramenta de renegocia\u00e7\u00e3o de contratos de ferrovias, e, infelizmente, existe uma a\u00e7\u00e3o contr\u00e1ria. [&hellip;]\" \/>\n<meta property=\"og:url\" content=\"https:\/\/agenciainfra.com\/blog\/diretor-da-antt-reclama-de-adi-contra-renovacao-de-concessoes-de-ferrovias\/\" \/>\n<meta property=\"og:site_name\" content=\"Ag\u00eancia iNFRA\" \/>\n<meta property=\"article:publisher\" content=\"https:\/\/www.facebook.com\/ageninfra\" \/>\n<meta property=\"article:published_time\" content=\"2018-08-18T03:05:21+00:00\" \/>\n<meta property=\"article:modified_time\" content=\"2018-08-19T00:01:36+00:00\" \/>\n<meta property=\"og:image\" content=\"https:\/\/agenciainfra.com\/blog\/wp-content\/uploads\/2018\/07\/fiol_gondiberto_filho_valec.jpg\" \/>\n\t<meta property=\"og:image:width\" content=\"207\" \/>\n\t<meta property=\"og:image:height\" content=\"138\" \/>\n\t<meta property=\"og:image:type\" content=\"image\/jpeg\" \/>\n<meta name=\"author\" content=\"Ag\u00eancia iNFRA\" \/>\n<meta name=\"twitter:card\" content=\"summary_large_image\" \/>\n<meta name=\"twitter:creator\" content=\"@agencia_infra\" \/>\n<meta name=\"twitter:site\" content=\"@agencia_infra\" \/>\n<meta name=\"twitter:label1\" content=\"Escrito por\" \/>\n\t<meta name=\"twitter:data1\" content=\"Ag\u00eancia iNFRA\" \/>\n\t<meta name=\"twitter:label2\" content=\"Est. tempo de leitura\" \/>\n\t<meta name=\"twitter:data2\" content=\"4 minutos\" \/>\n<script type=\"application\/ld+json\" class=\"yoast-schema-graph\">{\"@context\":\"https:\/\/schema.org\",\"@graph\":[{\"@type\":\"Article\",\"@id\":\"https:\/\/agenciainfra.com\/blog\/diretor-da-antt-reclama-de-adi-contra-renovacao-de-concessoes-de-ferrovias\/#article\",\"isPartOf\":{\"@id\":\"https:\/\/agenciainfra.com\/blog\/diretor-da-antt-reclama-de-adi-contra-renovacao-de-concessoes-de-ferrovias\/\"},\"author\":{\"name\":\"Ag\u00eancia iNFRA\",\"@id\":\"https:\/\/agenciainfra.com\/blog\/#\/schema\/person\/34af08dff6adea4cb22b06612ba7acfa\"},\"headline\":\"Diretor da ANTT reclama de ADI contra renova\u00e7\u00e3o de concess\u00f5es de ferrovias\",\"datePublished\":\"2018-08-18T03:05:21+00:00\",\"dateModified\":\"2018-08-19T00:01:36+00:00\",\"mainEntityOfPage\":{\"@id\":\"https:\/\/agenciainfra.com\/blog\/diretor-da-antt-reclama-de-adi-contra-renovacao-de-concessoes-de-ferrovias\/\"},\"wordCount\":810,\"publisher\":{\"@id\":\"https:\/\/agenciainfra.com\/blog\/#organization\"},\"image\":{\"@id\":\"https:\/\/agenciainfra.com\/blog\/diretor-da-antt-reclama-de-adi-contra-renovacao-de-concessoes-de-ferrovias\/#primaryimage\"},\"thumbnailUrl\":\"https:\/\/agenciainfra.com\/blog\/wp-content\/uploads\/2018\/07\/fiol_gondiberto_filho_valec.jpg\",\"keywords\":[\"ADI\",\"ANTT\",\"concess\u00f5es\",\"Ferrofrente\",\"Ferrovias\",\"MPF\",\"renova\u00e7\u00f5es\",\"revis\u00e3o quinquenal\",\"TCU\"],\"articleSection\":[\"iNFRATransporte\"],\"inLanguage\":\"pt-BR\",\"copyrightYear\":\"2018\",\"copyrightHolder\":{\"@id\":\"https:\/\/agenciainfra.com\/blog\/#organization\"}},{\"@type\":\"WebPage\",\"@id\":\"https:\/\/agenciainfra.com\/blog\/diretor-da-antt-reclama-de-adi-contra-renovacao-de-concessoes-de-ferrovias\/\",\"url\":\"https:\/\/agenciainfra.com\/blog\/diretor-da-antt-reclama-de-adi-contra-renovacao-de-concessoes-de-ferrovias\/\",\"name\":\"Diretor da ANTT reclama de ADI contra renova\u00e7\u00e3o de concess\u00f5es de ferrovias - Ag\u00eancia iNFRA\",\"isPartOf\":{\"@id\":\"https:\/\/agenciainfra.com\/blog\/#website\"},\"primaryImageOfPage\":{\"@id\":\"https:\/\/agenciainfra.com\/blog\/diretor-da-antt-reclama-de-adi-contra-renovacao-de-concessoes-de-ferrovias\/#primaryimage\"},\"image\":{\"@id\":\"https:\/\/agenciainfra.com\/blog\/diretor-da-antt-reclama-de-adi-contra-renovacao-de-concessoes-de-ferrovias\/#primaryimage\"},\"thumbnailUrl\":\"https:\/\/agenciainfra.com\/blog\/wp-content\/uploads\/2018\/07\/fiol_gondiberto_filho_valec.jpg\",\"datePublished\":\"2018-08-18T03:05:21+00:00\",\"dateModified\":\"2018-08-19T00:01:36+00:00\",\"breadcrumb\":{\"@id\":\"https:\/\/agenciainfra.com\/blog\/diretor-da-antt-reclama-de-adi-contra-renovacao-de-concessoes-de-ferrovias\/#breadcrumb\"},\"inLanguage\":\"pt-BR\",\"potentialAction\":[{\"@type\":\"ReadAction\",\"target\":[\"https:\/\/agenciainfra.com\/blog\/diretor-da-antt-reclama-de-adi-contra-renovacao-de-concessoes-de-ferrovias\/\"]}]},{\"@type\":\"ImageObject\",\"inLanguage\":\"pt-BR\",\"@id\":\"https:\/\/agenciainfra.com\/blog\/diretor-da-antt-reclama-de-adi-contra-renovacao-de-concessoes-de-ferrovias\/#primaryimage\",\"url\":\"https:\/\/agenciainfra.com\/blog\/wp-content\/uploads\/2018\/07\/fiol_gondiberto_filho_valec.jpg\",\"contentUrl\":\"https:\/\/agenciainfra.com\/blog\/wp-content\/uploads\/2018\/07\/fiol_gondiberto_filho_valec.jpg\",\"width\":207,\"height\":138},{\"@type\":\"BreadcrumbList\",\"@id\":\"https:\/\/agenciainfra.com\/blog\/diretor-da-antt-reclama-de-adi-contra-renovacao-de-concessoes-de-ferrovias\/#breadcrumb\",\"itemListElement\":[{\"@type\":\"ListItem\",\"position\":1,\"name\":\"In\u00edcio\",\"item\":\"https:\/\/agenciainfra.com\/blog\/\"},{\"@type\":\"ListItem\",\"position\":2,\"name\":\"Diretor da ANTT reclama de ADI contra renova\u00e7\u00e3o de concess\u00f5es de ferrovias\"}]},{\"@type\":\"WebSite\",\"@id\":\"https:\/\/agenciainfra.com\/blog\/#website\",\"url\":\"https:\/\/agenciainfra.com\/blog\/\",\"name\":\"Ag\u00eancia iNFRA\",\"description\":\"Multiplataforma de informa\u00e7\u00e3o jornal\u00edstica refer\u00eancia na \u00e1rea de infraestrutura no Brasil!\",\"publisher\":{\"@id\":\"https:\/\/agenciainfra.com\/blog\/#organization\"},\"potentialAction\":[{\"@type\":\"SearchAction\",\"target\":{\"@type\":\"EntryPoint\",\"urlTemplate\":\"https:\/\/agenciainfra.com\/blog\/?s={search_term_string}\"},\"query-input\":{\"@type\":\"PropertyValueSpecification\",\"valueRequired\":true,\"valueName\":\"search_term_string\"}}],\"inLanguage\":\"pt-BR\"},{\"@type\":\"Organization\",\"@id\":\"https:\/\/agenciainfra.com\/blog\/#organization\",\"name\":\"Ag\u00eancia iNFRA\",\"url\":\"https:\/\/agenciainfra.com\/blog\/\",\"logo\":{\"@type\":\"ImageObject\",\"inLanguage\":\"pt-BR\",\"@id\":\"https:\/\/agenciainfra.com\/blog\/#\/schema\/logo\/image\/\",\"url\":\"https:\/\/agenciainfra.com\/blog\/wp-content\/uploads\/2023\/09\/iNFRA_5-e1761735885940.png\",\"contentUrl\":\"https:\/\/agenciainfra.com\/blog\/wp-content\/uploads\/2023\/09\/iNFRA_5-e1761735885940.png\",\"width\":1672,\"height\":454,\"caption\":\"Ag\u00eancia iNFRA\"},\"image\":{\"@id\":\"https:\/\/agenciainfra.com\/blog\/#\/schema\/logo\/image\/\"},\"sameAs\":[\"https:\/\/www.facebook.com\/ageninfra\",\"https:\/\/x.com\/agencia_infra\",\"https:\/\/www.linkedin.com\/company\/ag\u00eanciainfra\/\",\"https:\/\/www.instagram.com\/agenciainfra\/\"]},{\"@type\":\"Person\",\"@id\":\"https:\/\/agenciainfra.com\/blog\/#\/schema\/person\/34af08dff6adea4cb22b06612ba7acfa\",\"name\":\"Ag\u00eancia iNFRA\",\"image\":{\"@type\":\"ImageObject\",\"inLanguage\":\"pt-BR\",\"@id\":\"https:\/\/agenciainfra.com\/blog\/#\/schema\/person\/image\/\",\"url\":\"https:\/\/secure.gravatar.com\/avatar\/d189e01678f06d8eb84d4e01f08eb848b3fffe3f8443818d3c356c66892f5be8?s=96&d=mm&r=g\",\"contentUrl\":\"https:\/\/secure.gravatar.com\/avatar\/d189e01678f06d8eb84d4e01f08eb848b3fffe3f8443818d3c356c66892f5be8?s=96&d=mm&r=g\",\"caption\":\"Ag\u00eancia iNFRA\"},\"url\":\"https:\/\/agenciainfra.com\/blog\/author\/admin\/\"}]}<\/script>\n<!-- \/ Yoast SEO Premium plugin. -->","yoast_head_json":{"title":"Diretor da ANTT reclama de ADI contra renova\u00e7\u00e3o de concess\u00f5es de ferrovias - Ag\u00eancia iNFRA","robots":{"index":"index","follow":"follow","max-snippet":"max-snippet:-1","max-image-preview":"max-image-preview:large","max-video-preview":"max-video-preview:-1"},"canonical":"https:\/\/agenciainfra.com\/blog\/diretor-da-antt-reclama-de-adi-contra-renovacao-de-concessoes-de-ferrovias\/","og_locale":"pt_BR","og_type":"article","og_title":"Diretor da ANTT reclama de ADI contra renova\u00e7\u00e3o de concess\u00f5es de ferrovias","og_description":"&nbsp; Bernardo Gonzaga, da\u00a0Ag\u00eancia\u00a0iNFRA O diretor-geral da ANTT (Ag\u00eancia\u00a0Nacional de Transportes Terrestres), M\u00e1rio Rodrigues\u00a0mostrou seu descontentamento com a decis\u00e3o da PGR (Procuradoria-Geral da Rep\u00fablica), Raquel Dodge, de pedir\u00a0a inconstitucionalidade de artigos da lei que permite a\u00a0renova\u00e7\u00e3o de concess\u00f5es ferrovi\u00e1rias. \u201cN\u00f3s criamos uma ferramenta de renegocia\u00e7\u00e3o de contratos de ferrovias, e, infelizmente, existe uma a\u00e7\u00e3o contr\u00e1ria. [&hellip;]","og_url":"https:\/\/agenciainfra.com\/blog\/diretor-da-antt-reclama-de-adi-contra-renovacao-de-concessoes-de-ferrovias\/","og_site_name":"Ag\u00eancia iNFRA","article_publisher":"https:\/\/www.facebook.com\/ageninfra","article_published_time":"2018-08-18T03:05:21+00:00","article_modified_time":"2018-08-19T00:01:36+00:00","og_image":[{"width":207,"height":138,"url":"https:\/\/agenciainfra.com\/blog\/wp-content\/uploads\/2018\/07\/fiol_gondiberto_filho_valec.jpg","type":"image\/jpeg"}],"author":"Ag\u00eancia iNFRA","twitter_card":"summary_large_image","twitter_creator":"@agencia_infra","twitter_site":"@agencia_infra","twitter_misc":{"Escrito por":"Ag\u00eancia iNFRA","Est. tempo de leitura":"4 minutos"},"schema":{"@context":"https:\/\/schema.org","@graph":[{"@type":"Article","@id":"https:\/\/agenciainfra.com\/blog\/diretor-da-antt-reclama-de-adi-contra-renovacao-de-concessoes-de-ferrovias\/#article","isPartOf":{"@id":"https:\/\/agenciainfra.com\/blog\/diretor-da-antt-reclama-de-adi-contra-renovacao-de-concessoes-de-ferrovias\/"},"author":{"name":"Ag\u00eancia iNFRA","@id":"https:\/\/agenciainfra.com\/blog\/#\/schema\/person\/34af08dff6adea4cb22b06612ba7acfa"},"headline":"Diretor da ANTT reclama de ADI contra renova\u00e7\u00e3o de concess\u00f5es de ferrovias","datePublished":"2018-08-18T03:05:21+00:00","dateModified":"2018-08-19T00:01:36+00:00","mainEntityOfPage":{"@id":"https:\/\/agenciainfra.com\/blog\/diretor-da-antt-reclama-de-adi-contra-renovacao-de-concessoes-de-ferrovias\/"},"wordCount":810,"publisher":{"@id":"https:\/\/agenciainfra.com\/blog\/#organization"},"image":{"@id":"https:\/\/agenciainfra.com\/blog\/diretor-da-antt-reclama-de-adi-contra-renovacao-de-concessoes-de-ferrovias\/#primaryimage"},"thumbnailUrl":"https:\/\/agenciainfra.com\/blog\/wp-content\/uploads\/2018\/07\/fiol_gondiberto_filho_valec.jpg","keywords":["ADI","ANTT","concess\u00f5es","Ferrofrente","Ferrovias","MPF","renova\u00e7\u00f5es","revis\u00e3o quinquenal","TCU"],"articleSection":["iNFRATransporte"],"inLanguage":"pt-BR","copyrightYear":"2018","copyrightHolder":{"@id":"https:\/\/agenciainfra.com\/blog\/#organization"}},{"@type":"WebPage","@id":"https:\/\/agenciainfra.com\/blog\/diretor-da-antt-reclama-de-adi-contra-renovacao-de-concessoes-de-ferrovias\/","url":"https:\/\/agenciainfra.com\/blog\/diretor-da-antt-reclama-de-adi-contra-renovacao-de-concessoes-de-ferrovias\/","name":"Diretor da ANTT reclama de ADI contra renova\u00e7\u00e3o de concess\u00f5es de ferrovias - Ag\u00eancia iNFRA","isPartOf":{"@id":"https:\/\/agenciainfra.com\/blog\/#website"},"primaryImageOfPage":{"@id":"https:\/\/agenciainfra.com\/blog\/diretor-da-antt-reclama-de-adi-contra-renovacao-de-concessoes-de-ferrovias\/#primaryimage"},"image":{"@id":"https:\/\/agenciainfra.com\/blog\/diretor-da-antt-reclama-de-adi-contra-renovacao-de-concessoes-de-ferrovias\/#primaryimage"},"thumbnailUrl":"https:\/\/agenciainfra.com\/blog\/wp-content\/uploads\/2018\/07\/fiol_gondiberto_filho_valec.jpg","datePublished":"2018-08-18T03:05:21+00:00","dateModified":"2018-08-19T00:01:36+00:00","breadcrumb":{"@id":"https:\/\/agenciainfra.com\/blog\/diretor-da-antt-reclama-de-adi-contra-renovacao-de-concessoes-de-ferrovias\/#breadcrumb"},"inLanguage":"pt-BR","potentialAction":[{"@type":"ReadAction","target":["https:\/\/agenciainfra.com\/blog\/diretor-da-antt-reclama-de-adi-contra-renovacao-de-concessoes-de-ferrovias\/"]}]},{"@type":"ImageObject","inLanguage":"pt-BR","@id":"https:\/\/agenciainfra.com\/blog\/diretor-da-antt-reclama-de-adi-contra-renovacao-de-concessoes-de-ferrovias\/#primaryimage","url":"https:\/\/agenciainfra.com\/blog\/wp-content\/uploads\/2018\/07\/fiol_gondiberto_filho_valec.jpg","contentUrl":"https:\/\/agenciainfra.com\/blog\/wp-content\/uploads\/2018\/07\/fiol_gondiberto_filho_valec.jpg","width":207,"height":138},{"@type":"BreadcrumbList","@id":"https:\/\/agenciainfra.com\/blog\/diretor-da-antt-reclama-de-adi-contra-renovacao-de-concessoes-de-ferrovias\/#breadcrumb","itemListElement":[{"@type":"ListItem","position":1,"name":"In\u00edcio","item":"https:\/\/agenciainfra.com\/blog\/"},{"@type":"ListItem","position":2,"name":"Diretor da ANTT reclama de ADI contra renova\u00e7\u00e3o de concess\u00f5es de ferrovias"}]},{"@type":"WebSite","@id":"https:\/\/agenciainfra.com\/blog\/#website","url":"https:\/\/agenciainfra.com\/blog\/","name":"Ag\u00eancia iNFRA","description":"Multiplataforma de informa\u00e7\u00e3o jornal\u00edstica refer\u00eancia na \u00e1rea de infraestrutura no Brasil!","publisher":{"@id":"https:\/\/agenciainfra.com\/blog\/#organization"},"potentialAction":[{"@type":"SearchAction","target":{"@type":"EntryPoint","urlTemplate":"https:\/\/agenciainfra.com\/blog\/?s={search_term_string}"},"query-input":{"@type":"PropertyValueSpecification","valueRequired":true,"valueName":"search_term_string"}}],"inLanguage":"pt-BR"},{"@type":"Organization","@id":"https:\/\/agenciainfra.com\/blog\/#organization","name":"Ag\u00eancia iNFRA","url":"https:\/\/agenciainfra.com\/blog\/","logo":{"@type":"ImageObject","inLanguage":"pt-BR","@id":"https:\/\/agenciainfra.com\/blog\/#\/schema\/logo\/image\/","url":"https:\/\/agenciainfra.com\/blog\/wp-content\/uploads\/2023\/09\/iNFRA_5-e1761735885940.png","contentUrl":"https:\/\/agenciainfra.com\/blog\/wp-content\/uploads\/2023\/09\/iNFRA_5-e1761735885940.png","width":1672,"height":454,"caption":"Ag\u00eancia iNFRA"},"image":{"@id":"https:\/\/agenciainfra.com\/blog\/#\/schema\/logo\/image\/"},"sameAs":["https:\/\/www.facebook.com\/ageninfra","https:\/\/x.com\/agencia_infra","https:\/\/www.linkedin.com\/company\/ag\u00eanciainfra\/","https:\/\/www.instagram.com\/agenciainfra\/"]},{"@type":"Person","@id":"https:\/\/agenciainfra.com\/blog\/#\/schema\/person\/34af08dff6adea4cb22b06612ba7acfa","name":"Ag\u00eancia iNFRA","image":{"@type":"ImageObject","inLanguage":"pt-BR","@id":"https:\/\/agenciainfra.com\/blog\/#\/schema\/person\/image\/","url":"https:\/\/secure.gravatar.com\/avatar\/d189e01678f06d8eb84d4e01f08eb848b3fffe3f8443818d3c356c66892f5be8?s=96&d=mm&r=g","contentUrl":"https:\/\/secure.gravatar.com\/avatar\/d189e01678f06d8eb84d4e01f08eb848b3fffe3f8443818d3c356c66892f5be8?s=96&d=mm&r=g","caption":"Ag\u00eancia iNFRA"},"url":"https:\/\/agenciainfra.com\/blog\/author\/admin\/"}]}},"_links":{"self":[{"href":"https:\/\/agenciainfra.com\/blog\/wp-json\/wp\/v2\/posts\/2335","targetHints":{"allow":["GET"]}}],"collection":[{"href":"https:\/\/agenciainfra.com\/blog\/wp-json\/wp\/v2\/posts"}],"about":[{"href":"https:\/\/agenciainfra.com\/blog\/wp-json\/wp\/v2\/types\/post"}],"author":[{"embeddable":true,"href":"https:\/\/agenciainfra.com\/blog\/wp-json\/wp\/v2\/users\/1"}],"replies":[{"embeddable":true,"href":"https:\/\/agenciainfra.com\/blog\/wp-json\/wp\/v2\/comments?post=2335"}],"version-history":[{"count":0,"href":"https:\/\/agenciainfra.com\/blog\/wp-json\/wp\/v2\/posts\/2335\/revisions"}],"wp:featuredmedia":[{"embeddable":true,"href":"https:\/\/agenciainfra.com\/blog\/wp-json\/wp\/v2\/media\/2024"}],"wp:attachment":[{"href":"https:\/\/agenciainfra.com\/blog\/wp-json\/wp\/v2\/media?parent=2335"}],"wp:term":[{"taxonomy":"category","embeddable":true,"href":"https:\/\/agenciainfra.com\/blog\/wp-json\/wp\/v2\/categories?post=2335"},{"taxonomy":"post_tag","embeddable":true,"href":"https:\/\/agenciainfra.com\/blog\/wp-json\/wp\/v2\/tags?post=2335"}],"curies":[{"name":"wp","href":"https:\/\/api.w.org\/{rel}","templated":true}]}}