{"id":2337,"date":"2018-08-20T05:30:28","date_gmt":"2018-08-20T08:30:28","guid":{"rendered":"http:\/\/www.agenciainfra.com\/blog\/?p=2337"},"modified":"2018-08-19T23:12:44","modified_gmt":"2018-08-20T02:12:44","slug":"acompanhe-o-encontro-da-infraestrutura-com-presidenciaveis-pela-agencia-infra","status":"publish","type":"post","link":"https:\/\/agenciainfra.com\/blog\/acompanhe-o-encontro-da-infraestrutura-com-presidenciaveis-pela-agencia-infra\/","title":{"rendered":"Acompanhe o Encontro da Infraestrutura com Presidenci\u00e1veis pela Ag\u00eancia iNFRA"},"content":{"rendered":"<p>A candidata Marina Silva (Rede) ser\u00e1 abrir\u00e1 a sabatina do \u201cABDIB F\u00f3rum \u2013 Agenda da Infraestrutura com Presidenci\u00e1veis\u201d. O evento ser\u00e1 nesta segunda-feira (20), em S\u00e3o Paulo. A participa\u00e7\u00e3o da postulante ao cargo do Planalto ser\u00e1 \u00e0s 9h30.<\/p>\n<p>\u00c0s 10h30, Manuela D&#8217;\u00c1vila, do PC do B, vai representar o candidato registrado do PT, Lula, no evento. O presidenci\u00e1vel Jair Bolsonaro (PSL) estava marcado para 11h30 mas desistiu da participa\u00e7\u00e3o no evento. Em seu hor\u00e1rio, o candidato do PSOL, Guilherme Boulos, ser\u00e1 o convidado.<\/p>\n<p>O candidato Ciro Gomes (PDT) dever\u00e1 apresentar as ideias para retomada dos investimentos no pa\u00eds \u00e0s 14h30. A participa\u00e7\u00e3o de Henrique Meirelles (MDB) est\u00e1 agendada para as 15h30. O \u00faltimo a participar ser\u00e1 Geraldo Alckmin (PSDB), \u00e0s 16h30.<\/p>\n<p>O evento \u00e9 promovido pela ABDIB (Associa\u00e7\u00e3o Brasileira de Infraestrutura e Ind\u00fastria de Base) no Hotel Tivoli Moffarej. A abertura est\u00e1 agendada para as 9h e o credenciamento, \u00e0s 8 horas.<\/p>\n<p>O encontro ser\u00e1 acompanhado online pela Ag\u00eancia iNFRA em hotsite exclusivo: <a href=\"http:\/\/forumabdid.agenciainfra.com\">forumabdib.agenciainfra.com<\/a> e pelo twitter da ag\u00eancia: <a href=\"https:\/\/twitter.com\/agencia_infra\">@agencia_infra<\/a>.<\/p>\n<p>A ABDIB, que re\u00fane representantes de diversos seguimentos do setor de infraestrutura com mais de 100 associadas, apresentar\u00e1 aos candidatos sua Agenda de Propostas, produzida ap\u00f3s encontros reunindo os principais atores do setor de infraestrutura do pa\u00eds.<\/p>\n<p>Agenda:<br \/>\n8h \u2013 Credenciamento<br \/>\n9h \u2013 Abertura<br \/>\n9h30 \u2013 Marina Silva (Rede)<br \/>\n10h30 \u2013 Manuela D&#8217;\u00c1vila (PT)<br \/>\n11h30 \u2013 Guilherme Boulos (PSOL)<br \/>\n12h30 \u2013 Almo\u00e7o<br \/>\n14h30 \u2013 Ciro Gomes (PDT)<br \/>\n15h30 \u2013 Henrique Meirelles (MDB)<br \/>\n16h30 \u2013 Geraldo Alckmin (PSDB)<\/p>\n","protected":false},"excerpt":{"rendered":"<p>A candidata Marina Silva (Rede) ser\u00e1 abrir\u00e1 a sabatina do \u201cABDIB F\u00f3rum \u2013 Agenda da Infraestrutura com Presidenci\u00e1veis\u201d. O evento ser\u00e1 nesta segunda-feira (20), em S\u00e3o Paulo. A participa\u00e7\u00e3o da postulante ao cargo do Planalto ser\u00e1 \u00e0s 9h30. \u00c0s 10h30, Manuela D&#8217;\u00c1vila, do PC do B, vai representar o candidato registrado do PT, Lula, no [&hellip;]<\/p>\n","protected":false},"author":1,"featured_media":2330,"comment_status":"closed","ping_status":"open","sticky":false,"template":"","format":"standard","meta":{"_monsterinsights_skip_tracking":false,"_monsterinsights_sitenote_active":false,"_monsterinsights_sitenote_note":"","_monsterinsights_sitenote_category":0,"footnotes":""},"categories":[10,7],"tags":[582,581,585,583,579,34,580,584,586,330],"class_list":["post-2337","post","type-post","status-publish","format-standard","has-post-thumbnail","hentry","category-infraenergia","category-infratransporte","tag-alckmin","tag-bolsonaro","tag-boulos","tag-ciro","tag-debate","tag-infraestrutura","tag-lula","tag-marina","tag-meirelles","tag-presidenciaveis"],"yoast_head":"<!-- This site is optimized with the Yoast SEO Premium plugin v25.4 (Yoast SEO v26.0) - https:\/\/yoast.com\/wordpress\/plugins\/seo\/ -->\n<title>Acompanhe o Encontro da Infraestrutura com Presidenci\u00e1veis pela Ag\u00eancia iNFRA - Ag\u00eancia iNFRA<\/title>\n<meta name=\"robots\" content=\"index, follow, max-snippet:-1, max-image-preview:large, max-video-preview:-1\" \/>\n<link rel=\"canonical\" href=\"https:\/\/agenciainfra.com\/blog\/acompanhe-o-encontro-da-infraestrutura-com-presidenciaveis-pela-agencia-infra\/\" \/>\n<meta property=\"og:locale\" content=\"pt_BR\" \/>\n<meta property=\"og:type\" content=\"article\" \/>\n<meta property=\"og:title\" content=\"Acompanhe o Encontro da Infraestrutura com Presidenci\u00e1veis pela Ag\u00eancia iNFRA\" \/>\n<meta property=\"og:description\" content=\"A candidata Marina Silva (Rede) ser\u00e1 abrir\u00e1 a sabatina do \u201cABDIB F\u00f3rum \u2013 Agenda da Infraestrutura com Presidenci\u00e1veis\u201d. O evento ser\u00e1 nesta segunda-feira (20), em S\u00e3o Paulo. A participa\u00e7\u00e3o da postulante ao cargo do Planalto ser\u00e1 \u00e0s 9h30. \u00c0s 10h30, Manuela D&#8217;\u00c1vila, do PC do B, vai representar o candidato registrado do PT, Lula, no [&hellip;]\" \/>\n<meta property=\"og:url\" content=\"https:\/\/agenciainfra.com\/blog\/acompanhe-o-encontro-da-infraestrutura-com-presidenciaveis-pela-agencia-infra\/\" \/>\n<meta property=\"og:site_name\" content=\"Ag\u00eancia iNFRA\" \/>\n<meta property=\"article:publisher\" content=\"https:\/\/www.facebook.com\/ageninfra\" \/>\n<meta property=\"article:published_time\" content=\"2018-08-20T08:30:28+00:00\" \/>\n<meta property=\"og:image\" content=\"https:\/\/agenciainfra.com\/blog\/wp-content\/uploads\/2018\/08\/imagem_abdib-1-e1534368567804.jpg\" \/>\n\t<meta property=\"og:image:width\" content=\"226\" \/>\n\t<meta property=\"og:image:height\" content=\"96\" \/>\n\t<meta property=\"og:image:type\" content=\"image\/jpeg\" \/>\n<meta name=\"author\" content=\"Ag\u00eancia iNFRA\" \/>\n<meta name=\"twitter:card\" content=\"summary_large_image\" \/>\n<meta name=\"twitter:creator\" content=\"@agencia_infra\" \/>\n<meta name=\"twitter:site\" content=\"@agencia_infra\" \/>\n<meta name=\"twitter:label1\" content=\"Escrito por\" \/>\n\t<meta name=\"twitter:data1\" content=\"Ag\u00eancia iNFRA\" \/>\n\t<meta name=\"twitter:label2\" content=\"Est. tempo de leitura\" \/>\n\t<meta name=\"twitter:data2\" content=\"1 minuto\" \/>\n<script type=\"application\/ld+json\" class=\"yoast-schema-graph\">{\"@context\":\"https:\/\/schema.org\",\"@graph\":[{\"@type\":\"Article\",\"@id\":\"https:\/\/agenciainfra.com\/blog\/acompanhe-o-encontro-da-infraestrutura-com-presidenciaveis-pela-agencia-infra\/#article\",\"isPartOf\":{\"@id\":\"https:\/\/agenciainfra.com\/blog\/acompanhe-o-encontro-da-infraestrutura-com-presidenciaveis-pela-agencia-infra\/\"},\"author\":{\"name\":\"Ag\u00eancia iNFRA\",\"@id\":\"https:\/\/agenciainfra.com\/blog\/#\/schema\/person\/34af08dff6adea4cb22b06612ba7acfa\"},\"headline\":\"Acompanhe o Encontro da Infraestrutura com Presidenci\u00e1veis pela Ag\u00eancia iNFRA\",\"datePublished\":\"2018-08-20T08:30:28+00:00\",\"mainEntityOfPage\":{\"@id\":\"https:\/\/agenciainfra.com\/blog\/acompanhe-o-encontro-da-infraestrutura-com-presidenciaveis-pela-agencia-infra\/\"},\"wordCount\":267,\"publisher\":{\"@id\":\"https:\/\/agenciainfra.com\/blog\/#organization\"},\"image\":{\"@id\":\"https:\/\/agenciainfra.com\/blog\/acompanhe-o-encontro-da-infraestrutura-com-presidenciaveis-pela-agencia-infra\/#primaryimage\"},\"thumbnailUrl\":\"https:\/\/agenciainfra.com\/blog\/wp-content\/uploads\/2018\/08\/imagem_abdib-1-e1534368567804.jpg\",\"keywords\":[\"Alckmin\",\"Bolsonaro\",\"Boulos\",\"Ciro\",\"debate\",\"Infraestrutura\",\"Lula\",\"Marina\",\"Meirelles\",\"presidenci\u00e1veis\"],\"articleSection\":[\"iNFRAEnergia\",\"iNFRATransporte\"],\"inLanguage\":\"pt-BR\",\"copyrightYear\":\"2018\",\"copyrightHolder\":{\"@id\":\"https:\/\/agenciainfra.com\/blog\/#organization\"}},{\"@type\":\"WebPage\",\"@id\":\"https:\/\/agenciainfra.com\/blog\/acompanhe-o-encontro-da-infraestrutura-com-presidenciaveis-pela-agencia-infra\/\",\"url\":\"https:\/\/agenciainfra.com\/blog\/acompanhe-o-encontro-da-infraestrutura-com-presidenciaveis-pela-agencia-infra\/\",\"name\":\"Acompanhe o Encontro da Infraestrutura com Presidenci\u00e1veis pela Ag\u00eancia iNFRA - Ag\u00eancia iNFRA\",\"isPartOf\":{\"@id\":\"https:\/\/agenciainfra.com\/blog\/#website\"},\"primaryImageOfPage\":{\"@id\":\"https:\/\/agenciainfra.com\/blog\/acompanhe-o-encontro-da-infraestrutura-com-presidenciaveis-pela-agencia-infra\/#primaryimage\"},\"image\":{\"@id\":\"https:\/\/agenciainfra.com\/blog\/acompanhe-o-encontro-da-infraestrutura-com-presidenciaveis-pela-agencia-infra\/#primaryimage\"},\"thumbnailUrl\":\"https:\/\/agenciainfra.com\/blog\/wp-content\/uploads\/2018\/08\/imagem_abdib-1-e1534368567804.jpg\",\"datePublished\":\"2018-08-20T08:30:28+00:00\",\"breadcrumb\":{\"@id\":\"https:\/\/agenciainfra.com\/blog\/acompanhe-o-encontro-da-infraestrutura-com-presidenciaveis-pela-agencia-infra\/#breadcrumb\"},\"inLanguage\":\"pt-BR\",\"potentialAction\":[{\"@type\":\"ReadAction\",\"target\":[\"https:\/\/agenciainfra.com\/blog\/acompanhe-o-encontro-da-infraestrutura-com-presidenciaveis-pela-agencia-infra\/\"]}]},{\"@type\":\"ImageObject\",\"inLanguage\":\"pt-BR\",\"@id\":\"https:\/\/agenciainfra.com\/blog\/acompanhe-o-encontro-da-infraestrutura-com-presidenciaveis-pela-agencia-infra\/#primaryimage\",\"url\":\"https:\/\/agenciainfra.com\/blog\/wp-content\/uploads\/2018\/08\/imagem_abdib-1-e1534368567804.jpg\",\"contentUrl\":\"https:\/\/agenciainfra.com\/blog\/wp-content\/uploads\/2018\/08\/imagem_abdib-1-e1534368567804.jpg\",\"width\":226,\"height\":96},{\"@type\":\"BreadcrumbList\",\"@id\":\"https:\/\/agenciainfra.com\/blog\/acompanhe-o-encontro-da-infraestrutura-com-presidenciaveis-pela-agencia-infra\/#breadcrumb\",\"itemListElement\":[{\"@type\":\"ListItem\",\"position\":1,\"name\":\"In\u00edcio\",\"item\":\"https:\/\/agenciainfra.com\/blog\/\"},{\"@type\":\"ListItem\",\"position\":2,\"name\":\"Acompanhe o Encontro da Infraestrutura com Presidenci\u00e1veis pela Ag\u00eancia iNFRA\"}]},{\"@type\":\"WebSite\",\"@id\":\"https:\/\/agenciainfra.com\/blog\/#website\",\"url\":\"https:\/\/agenciainfra.com\/blog\/\",\"name\":\"Ag\u00eancia iNFRA\",\"description\":\"Multiplataforma de informa\u00e7\u00e3o jornal\u00edstica refer\u00eancia na \u00e1rea de infraestrutura no Brasil!\",\"publisher\":{\"@id\":\"https:\/\/agenciainfra.com\/blog\/#organization\"},\"potentialAction\":[{\"@type\":\"SearchAction\",\"target\":{\"@type\":\"EntryPoint\",\"urlTemplate\":\"https:\/\/agenciainfra.com\/blog\/?s={search_term_string}\"},\"query-input\":{\"@type\":\"PropertyValueSpecification\",\"valueRequired\":true,\"valueName\":\"search_term_string\"}}],\"inLanguage\":\"pt-BR\"},{\"@type\":\"Organization\",\"@id\":\"https:\/\/agenciainfra.com\/blog\/#organization\",\"name\":\"Ag\u00eancia iNFRA\",\"url\":\"https:\/\/agenciainfra.com\/blog\/\",\"logo\":{\"@type\":\"ImageObject\",\"inLanguage\":\"pt-BR\",\"@id\":\"https:\/\/agenciainfra.com\/blog\/#\/schema\/logo\/image\/\",\"url\":\"https:\/\/agenciainfra.com\/blog\/wp-content\/uploads\/2023\/09\/iNFRA_5-e1761735885940.png\",\"contentUrl\":\"https:\/\/agenciainfra.com\/blog\/wp-content\/uploads\/2023\/09\/iNFRA_5-e1761735885940.png\",\"width\":1672,\"height\":454,\"caption\":\"Ag\u00eancia iNFRA\"},\"image\":{\"@id\":\"https:\/\/agenciainfra.com\/blog\/#\/schema\/logo\/image\/\"},\"sameAs\":[\"https:\/\/www.facebook.com\/ageninfra\",\"https:\/\/x.com\/agencia_infra\",\"https:\/\/www.linkedin.com\/company\/ag\u00eanciainfra\/\",\"https:\/\/www.instagram.com\/agenciainfra\/\"]},{\"@type\":\"Person\",\"@id\":\"https:\/\/agenciainfra.com\/blog\/#\/schema\/person\/34af08dff6adea4cb22b06612ba7acfa\",\"name\":\"Ag\u00eancia iNFRA\",\"image\":{\"@type\":\"ImageObject\",\"inLanguage\":\"pt-BR\",\"@id\":\"https:\/\/agenciainfra.com\/blog\/#\/schema\/person\/image\/\",\"url\":\"https:\/\/secure.gravatar.com\/avatar\/d189e01678f06d8eb84d4e01f08eb848b3fffe3f8443818d3c356c66892f5be8?s=96&d=mm&r=g\",\"contentUrl\":\"https:\/\/secure.gravatar.com\/avatar\/d189e01678f06d8eb84d4e01f08eb848b3fffe3f8443818d3c356c66892f5be8?s=96&d=mm&r=g\",\"caption\":\"Ag\u00eancia iNFRA\"},\"url\":\"https:\/\/agenciainfra.com\/blog\/author\/admin\/\"}]}<\/script>\n<!-- \/ Yoast SEO Premium plugin. -->","yoast_head_json":{"title":"Acompanhe o Encontro da Infraestrutura com Presidenci\u00e1veis pela Ag\u00eancia iNFRA - Ag\u00eancia iNFRA","robots":{"index":"index","follow":"follow","max-snippet":"max-snippet:-1","max-image-preview":"max-image-preview:large","max-video-preview":"max-video-preview:-1"},"canonical":"https:\/\/agenciainfra.com\/blog\/acompanhe-o-encontro-da-infraestrutura-com-presidenciaveis-pela-agencia-infra\/","og_locale":"pt_BR","og_type":"article","og_title":"Acompanhe o Encontro da Infraestrutura com Presidenci\u00e1veis pela Ag\u00eancia iNFRA","og_description":"A candidata Marina Silva (Rede) ser\u00e1 abrir\u00e1 a sabatina do \u201cABDIB F\u00f3rum \u2013 Agenda da Infraestrutura com Presidenci\u00e1veis\u201d. O evento ser\u00e1 nesta segunda-feira (20), em S\u00e3o Paulo. A participa\u00e7\u00e3o da postulante ao cargo do Planalto ser\u00e1 \u00e0s 9h30. \u00c0s 10h30, Manuela D&#8217;\u00c1vila, do PC do B, vai representar o candidato registrado do PT, Lula, no [&hellip;]","og_url":"https:\/\/agenciainfra.com\/blog\/acompanhe-o-encontro-da-infraestrutura-com-presidenciaveis-pela-agencia-infra\/","og_site_name":"Ag\u00eancia iNFRA","article_publisher":"https:\/\/www.facebook.com\/ageninfra","article_published_time":"2018-08-20T08:30:28+00:00","og_image":[{"width":226,"height":96,"url":"https:\/\/agenciainfra.com\/blog\/wp-content\/uploads\/2018\/08\/imagem_abdib-1-e1534368567804.jpg","type":"image\/jpeg"}],"author":"Ag\u00eancia iNFRA","twitter_card":"summary_large_image","twitter_creator":"@agencia_infra","twitter_site":"@agencia_infra","twitter_misc":{"Escrito por":"Ag\u00eancia iNFRA","Est. tempo de leitura":"1 minuto"},"schema":{"@context":"https:\/\/schema.org","@graph":[{"@type":"Article","@id":"https:\/\/agenciainfra.com\/blog\/acompanhe-o-encontro-da-infraestrutura-com-presidenciaveis-pela-agencia-infra\/#article","isPartOf":{"@id":"https:\/\/agenciainfra.com\/blog\/acompanhe-o-encontro-da-infraestrutura-com-presidenciaveis-pela-agencia-infra\/"},"author":{"name":"Ag\u00eancia iNFRA","@id":"https:\/\/agenciainfra.com\/blog\/#\/schema\/person\/34af08dff6adea4cb22b06612ba7acfa"},"headline":"Acompanhe o Encontro da Infraestrutura com Presidenci\u00e1veis pela Ag\u00eancia iNFRA","datePublished":"2018-08-20T08:30:28+00:00","mainEntityOfPage":{"@id":"https:\/\/agenciainfra.com\/blog\/acompanhe-o-encontro-da-infraestrutura-com-presidenciaveis-pela-agencia-infra\/"},"wordCount":267,"publisher":{"@id":"https:\/\/agenciainfra.com\/blog\/#organization"},"image":{"@id":"https:\/\/agenciainfra.com\/blog\/acompanhe-o-encontro-da-infraestrutura-com-presidenciaveis-pela-agencia-infra\/#primaryimage"},"thumbnailUrl":"https:\/\/agenciainfra.com\/blog\/wp-content\/uploads\/2018\/08\/imagem_abdib-1-e1534368567804.jpg","keywords":["Alckmin","Bolsonaro","Boulos","Ciro","debate","Infraestrutura","Lula","Marina","Meirelles","presidenci\u00e1veis"],"articleSection":["iNFRAEnergia","iNFRATransporte"],"inLanguage":"pt-BR","copyrightYear":"2018","copyrightHolder":{"@id":"https:\/\/agenciainfra.com\/blog\/#organization"}},{"@type":"WebPage","@id":"https:\/\/agenciainfra.com\/blog\/acompanhe-o-encontro-da-infraestrutura-com-presidenciaveis-pela-agencia-infra\/","url":"https:\/\/agenciainfra.com\/blog\/acompanhe-o-encontro-da-infraestrutura-com-presidenciaveis-pela-agencia-infra\/","name":"Acompanhe o Encontro da Infraestrutura com Presidenci\u00e1veis pela Ag\u00eancia iNFRA - Ag\u00eancia iNFRA","isPartOf":{"@id":"https:\/\/agenciainfra.com\/blog\/#website"},"primaryImageOfPage":{"@id":"https:\/\/agenciainfra.com\/blog\/acompanhe-o-encontro-da-infraestrutura-com-presidenciaveis-pela-agencia-infra\/#primaryimage"},"image":{"@id":"https:\/\/agenciainfra.com\/blog\/acompanhe-o-encontro-da-infraestrutura-com-presidenciaveis-pela-agencia-infra\/#primaryimage"},"thumbnailUrl":"https:\/\/agenciainfra.com\/blog\/wp-content\/uploads\/2018\/08\/imagem_abdib-1-e1534368567804.jpg","datePublished":"2018-08-20T08:30:28+00:00","breadcrumb":{"@id":"https:\/\/agenciainfra.com\/blog\/acompanhe-o-encontro-da-infraestrutura-com-presidenciaveis-pela-agencia-infra\/#breadcrumb"},"inLanguage":"pt-BR","potentialAction":[{"@type":"ReadAction","target":["https:\/\/agenciainfra.com\/blog\/acompanhe-o-encontro-da-infraestrutura-com-presidenciaveis-pela-agencia-infra\/"]}]},{"@type":"ImageObject","inLanguage":"pt-BR","@id":"https:\/\/agenciainfra.com\/blog\/acompanhe-o-encontro-da-infraestrutura-com-presidenciaveis-pela-agencia-infra\/#primaryimage","url":"https:\/\/agenciainfra.com\/blog\/wp-content\/uploads\/2018\/08\/imagem_abdib-1-e1534368567804.jpg","contentUrl":"https:\/\/agenciainfra.com\/blog\/wp-content\/uploads\/2018\/08\/imagem_abdib-1-e1534368567804.jpg","width":226,"height":96},{"@type":"BreadcrumbList","@id":"https:\/\/agenciainfra.com\/blog\/acompanhe-o-encontro-da-infraestrutura-com-presidenciaveis-pela-agencia-infra\/#breadcrumb","itemListElement":[{"@type":"ListItem","position":1,"name":"In\u00edcio","item":"https:\/\/agenciainfra.com\/blog\/"},{"@type":"ListItem","position":2,"name":"Acompanhe o Encontro da Infraestrutura com Presidenci\u00e1veis pela Ag\u00eancia iNFRA"}]},{"@type":"WebSite","@id":"https:\/\/agenciainfra.com\/blog\/#website","url":"https:\/\/agenciainfra.com\/blog\/","name":"Ag\u00eancia iNFRA","description":"Multiplataforma de informa\u00e7\u00e3o jornal\u00edstica refer\u00eancia na \u00e1rea de infraestrutura no Brasil!","publisher":{"@id":"https:\/\/agenciainfra.com\/blog\/#organization"},"potentialAction":[{"@type":"SearchAction","target":{"@type":"EntryPoint","urlTemplate":"https:\/\/agenciainfra.com\/blog\/?s={search_term_string}"},"query-input":{"@type":"PropertyValueSpecification","valueRequired":true,"valueName":"search_term_string"}}],"inLanguage":"pt-BR"},{"@type":"Organization","@id":"https:\/\/agenciainfra.com\/blog\/#organization","name":"Ag\u00eancia iNFRA","url":"https:\/\/agenciainfra.com\/blog\/","logo":{"@type":"ImageObject","inLanguage":"pt-BR","@id":"https:\/\/agenciainfra.com\/blog\/#\/schema\/logo\/image\/","url":"https:\/\/agenciainfra.com\/blog\/wp-content\/uploads\/2023\/09\/iNFRA_5-e1761735885940.png","contentUrl":"https:\/\/agenciainfra.com\/blog\/wp-content\/uploads\/2023\/09\/iNFRA_5-e1761735885940.png","width":1672,"height":454,"caption":"Ag\u00eancia iNFRA"},"image":{"@id":"https:\/\/agenciainfra.com\/blog\/#\/schema\/logo\/image\/"},"sameAs":["https:\/\/www.facebook.com\/ageninfra","https:\/\/x.com\/agencia_infra","https:\/\/www.linkedin.com\/company\/ag\u00eanciainfra\/","https:\/\/www.instagram.com\/agenciainfra\/"]},{"@type":"Person","@id":"https:\/\/agenciainfra.com\/blog\/#\/schema\/person\/34af08dff6adea4cb22b06612ba7acfa","name":"Ag\u00eancia iNFRA","image":{"@type":"ImageObject","inLanguage":"pt-BR","@id":"https:\/\/agenciainfra.com\/blog\/#\/schema\/person\/image\/","url":"https:\/\/secure.gravatar.com\/avatar\/d189e01678f06d8eb84d4e01f08eb848b3fffe3f8443818d3c356c66892f5be8?s=96&d=mm&r=g","contentUrl":"https:\/\/secure.gravatar.com\/avatar\/d189e01678f06d8eb84d4e01f08eb848b3fffe3f8443818d3c356c66892f5be8?s=96&d=mm&r=g","caption":"Ag\u00eancia iNFRA"},"url":"https:\/\/agenciainfra.com\/blog\/author\/admin\/"}]}},"_links":{"self":[{"href":"https:\/\/agenciainfra.com\/blog\/wp-json\/wp\/v2\/posts\/2337","targetHints":{"allow":["GET"]}}],"collection":[{"href":"https:\/\/agenciainfra.com\/blog\/wp-json\/wp\/v2\/posts"}],"about":[{"href":"https:\/\/agenciainfra.com\/blog\/wp-json\/wp\/v2\/types\/post"}],"author":[{"embeddable":true,"href":"https:\/\/agenciainfra.com\/blog\/wp-json\/wp\/v2\/users\/1"}],"replies":[{"embeddable":true,"href":"https:\/\/agenciainfra.com\/blog\/wp-json\/wp\/v2\/comments?post=2337"}],"version-history":[{"count":0,"href":"https:\/\/agenciainfra.com\/blog\/wp-json\/wp\/v2\/posts\/2337\/revisions"}],"wp:featuredmedia":[{"embeddable":true,"href":"https:\/\/agenciainfra.com\/blog\/wp-json\/wp\/v2\/media\/2330"}],"wp:attachment":[{"href":"https:\/\/agenciainfra.com\/blog\/wp-json\/wp\/v2\/media?parent=2337"}],"wp:term":[{"taxonomy":"category","embeddable":true,"href":"https:\/\/agenciainfra.com\/blog\/wp-json\/wp\/v2\/categories?post=2337"},{"taxonomy":"post_tag","embeddable":true,"href":"https:\/\/agenciainfra.com\/blog\/wp-json\/wp\/v2\/tags?post=2337"}],"curies":[{"name":"wp","href":"https:\/\/api.w.org\/{rel}","templated":true}]}}