{"id":23371,"date":"2025-06-23T19:41:33","date_gmt":"2025-06-23T22:41:33","guid":{"rendered":"https:\/\/agenciainfra.com\/blog\/?p=23371"},"modified":"2025-06-23T19:55:47","modified_gmt":"2025-06-23T22:55:47","slug":"hidrogenio-de-baixo-carbono-e-bioenergia-opcoes-de-descarbonizacao-alinhadas-as-potencialidades-brasileiras","status":"publish","type":"post","link":"https:\/\/agenciainfra.com\/blog\/hidrogenio-de-baixo-carbono-e-bioenergia-opcoes-de-descarbonizacao-alinhadas-as-potencialidades-brasileiras\/","title":{"rendered":"Hidrog\u00eanio de baixo carbono e bioenergia: op\u00e7\u00f5es de descarboniza\u00e7\u00e3o alinhadas \u00e0s potencialidades brasileiras"},"content":{"rendered":"\n<p class=\"has-text-align-right\"><strong>da Ag\u00eancia iNFRA<\/strong><\/p>\n\n\n\n<p>Os segmentos de hidrog\u00eanio de baixa emiss\u00e3o de carbono e de bioenergia t\u00eam potencial de se destacarem na transi\u00e7\u00e3o energ\u00e9tica no Brasil. \u00c9 o que assinala a nota t\u00e9cnica &#8220;Hidrog\u00eanio e Biomassa: Oportunidades para produ\u00e7\u00e3o e uso de hidrog\u00eanio em sistemas de bioenergia&#8221;, apresentada nesta segunda-feira (23), pela EPE (Empresa de Pesquisa Energ\u00e9tica).<\/p>\n\n\n\n<p>A nota t\u00e9cnica, segundo comunicado enviado pela EPE, evidencia a rela\u00e7\u00e3o de fortalecimento m\u00fatuo entre esses dois segmentos, destacando arranjos e oportunidades de neg\u00f3cio que se ancorem nas sinergias identificadas para a descarboniza\u00e7\u00e3o. A apresenta\u00e7\u00e3o do documento foi feita por membros da equipe t\u00e9cnica da Diretoria de Estudos do Petr\u00f3leo, G\u00e1s e Biocombust\u00edveis da EPE.<\/p>\n\n\n\n<p>Na abertura do evento, o presidente da EPE, Thiago Prado, referiu-se \u00e0 biomassa como fonte valiosa para a produ\u00e7\u00e3o de hidrog\u00eanio, o qual, por sua vez, agregar\u00e1 valor aos processos da bioenergia. &#8220;A transi\u00e7\u00e3o energ\u00e9tica est\u00e1 avan\u00e7ando cada vez mais r\u00e1pido e, nesse cen\u00e1rio, o hidrog\u00eanio de baixa emiss\u00e3o de carbono tem ganhado destaque nos planos de muito pa\u00edses para reduzir os gases de efeito estufa\u201d, afirmou. <\/p>\n\n\n\n<p>O lan\u00e7amento da nota t\u00e9cnica contou com representantes do MME (Minist\u00e9rio de Minas e Energia), da ANP (Ag\u00eancia Nacional de Petr\u00f3leo, G\u00e1s Natural e Biocombust\u00edveis), da Abiog\u00e1s (Associa\u00e7\u00e3o Brasileira do Biog\u00e1s e Biometano) e da ABH2 (Associa\u00e7\u00e3o Brasileira de Hidrog\u00eanio). Confira a nota completa da EPE sobre o lan\u00e7amento do documento <a href=\"https:\/\/www.epe.gov.br\/pt\/imprensa\/noticias\/epe-lanca-nota-tecnica-sobre-hidrogenio-e-biomassa-oportunidades-para-o-brasil\">aqui<\/a>.<\/p>\n\n\n\n<p><\/p>\n","protected":false},"excerpt":{"rendered":"<p>da Ag\u00eancia iNFRA Os segmentos de hidrog\u00eanio de baixa emiss\u00e3o de carbono e de bioenergia t\u00eam potencial de se destacarem na transi\u00e7\u00e3o energ\u00e9tica no Brasil. \u00c9 o que assinala a nota t\u00e9cnica &#8220;Hidrog\u00eanio e Biomassa: Oportunidades para produ\u00e7\u00e3o e uso de hidrog\u00eanio em sistemas de bioenergia&#8221;, apresentada nesta segunda-feira (23), pela EPE (Empresa de Pesquisa [&hellip;]<\/p>\n","protected":false},"author":1,"featured_media":23372,"comment_status":"closed","ping_status":"closed","sticky":false,"template":"","format":"standard","meta":{"_monsterinsights_skip_tracking":false,"_monsterinsights_sitenote_active":false,"_monsterinsights_sitenote_note":"","_monsterinsights_sitenote_category":0,"footnotes":""},"categories":[1,13576],"tags":[9845,13884,10173],"class_list":["post-23371","post","type-post","status-publish","format-standard","has-post-thumbnail","hentry","category-geral","category-giro-infra","tag-bioenergia","tag-epe-empresa-de-pesquisa-energetica","tag-hidrogenio-de-baixo-carbono"],"yoast_head":"<!-- This site is optimized with the Yoast SEO Premium plugin v25.4 (Yoast SEO v26.0) - https:\/\/yoast.com\/wordpress\/plugins\/seo\/ -->\n<title>Hidrog\u00eanio de baixo carbono e bioenergia: op\u00e7\u00f5es de descarboniza\u00e7\u00e3o alinhadas \u00e0s potencialidades brasileiras - Ag\u00eancia iNFRA<\/title>\n<meta name=\"robots\" content=\"index, follow, max-snippet:-1, max-image-preview:large, max-video-preview:-1\" \/>\n<link rel=\"canonical\" href=\"https:\/\/agenciainfra.com\/blog\/hidrogenio-de-baixo-carbono-e-bioenergia-opcoes-de-descarbonizacao-alinhadas-as-potencialidades-brasileiras\/\" \/>\n<meta property=\"og:locale\" content=\"pt_BR\" \/>\n<meta property=\"og:type\" content=\"article\" \/>\n<meta property=\"og:title\" content=\"Hidrog\u00eanio de baixo carbono e bioenergia: op\u00e7\u00f5es de descarboniza\u00e7\u00e3o alinhadas \u00e0s potencialidades brasileiras\" \/>\n<meta property=\"og:description\" content=\"da Ag\u00eancia iNFRA Os segmentos de hidrog\u00eanio de baixa emiss\u00e3o de carbono e de bioenergia t\u00eam potencial de se destacarem na transi\u00e7\u00e3o energ\u00e9tica no Brasil. \u00c9 o que assinala a nota t\u00e9cnica &#8220;Hidrog\u00eanio e Biomassa: Oportunidades para produ\u00e7\u00e3o e uso de hidrog\u00eanio em sistemas de bioenergia&#8221;, apresentada nesta segunda-feira (23), pela EPE (Empresa de Pesquisa [&hellip;]\" \/>\n<meta property=\"og:url\" content=\"https:\/\/agenciainfra.com\/blog\/hidrogenio-de-baixo-carbono-e-bioenergia-opcoes-de-descarbonizacao-alinhadas-as-potencialidades-brasileiras\/\" \/>\n<meta property=\"og:site_name\" content=\"Ag\u00eancia iNFRA\" \/>\n<meta property=\"article:publisher\" content=\"https:\/\/www.facebook.com\/ageninfra\" \/>\n<meta property=\"article:published_time\" content=\"2025-06-23T22:41:33+00:00\" \/>\n<meta property=\"article:modified_time\" content=\"2025-06-23T22:55:47+00:00\" \/>\n<meta property=\"og:image\" content=\"https:\/\/agenciainfra.com\/blog\/wp-content\/uploads\/2025\/06\/bioenergia-freepik-scaled.jpg\" \/>\n\t<meta property=\"og:image:width\" content=\"2560\" \/>\n\t<meta property=\"og:image:height\" content=\"1785\" \/>\n\t<meta property=\"og:image:type\" content=\"image\/jpeg\" \/>\n<meta name=\"author\" content=\"Ag\u00eancia iNFRA\" \/>\n<meta name=\"twitter:card\" content=\"summary_large_image\" \/>\n<meta name=\"twitter:creator\" content=\"@agencia_infra\" \/>\n<meta name=\"twitter:site\" content=\"@agencia_infra\" \/>\n<meta name=\"twitter:label1\" content=\"Escrito por\" \/>\n\t<meta name=\"twitter:data1\" content=\"Ag\u00eancia iNFRA\" \/>\n\t<meta name=\"twitter:label2\" content=\"Est. tempo de leitura\" \/>\n\t<meta name=\"twitter:data2\" content=\"1 minuto\" \/>\n<script type=\"application\/ld+json\" class=\"yoast-schema-graph\">{\"@context\":\"https:\/\/schema.org\",\"@graph\":[{\"@type\":\"Article\",\"@id\":\"https:\/\/agenciainfra.com\/blog\/hidrogenio-de-baixo-carbono-e-bioenergia-opcoes-de-descarbonizacao-alinhadas-as-potencialidades-brasileiras\/#article\",\"isPartOf\":{\"@id\":\"https:\/\/agenciainfra.com\/blog\/hidrogenio-de-baixo-carbono-e-bioenergia-opcoes-de-descarbonizacao-alinhadas-as-potencialidades-brasileiras\/\"},\"author\":{\"name\":\"Ag\u00eancia iNFRA\",\"@id\":\"https:\/\/agenciainfra.com\/blog\/#\/schema\/person\/34af08dff6adea4cb22b06612ba7acfa\"},\"headline\":\"Hidrog\u00eanio de baixo carbono e bioenergia: op\u00e7\u00f5es de descarboniza\u00e7\u00e3o alinhadas \u00e0s potencialidades brasileiras\",\"datePublished\":\"2025-06-23T22:41:33+00:00\",\"dateModified\":\"2025-06-23T22:55:47+00:00\",\"mainEntityOfPage\":{\"@id\":\"https:\/\/agenciainfra.com\/blog\/hidrogenio-de-baixo-carbono-e-bioenergia-opcoes-de-descarbonizacao-alinhadas-as-potencialidades-brasileiras\/\"},\"wordCount\":287,\"publisher\":{\"@id\":\"https:\/\/agenciainfra.com\/blog\/#organization\"},\"image\":{\"@id\":\"https:\/\/agenciainfra.com\/blog\/hidrogenio-de-baixo-carbono-e-bioenergia-opcoes-de-descarbonizacao-alinhadas-as-potencialidades-brasileiras\/#primaryimage\"},\"thumbnailUrl\":\"https:\/\/agenciainfra.com\/blog\/wp-content\/uploads\/2025\/06\/bioenergia-freepik-scaled.jpg\",\"keywords\":[\"Bioenergia\",\"EPE - Empresa de Pesquisa Energ\u00e9tica\",\"hidrog\u00eanio de baixo carbono\"],\"articleSection\":[\"Geral\",\"Giro iNFRA\"],\"inLanguage\":\"pt-BR\",\"copyrightYear\":\"2025\",\"copyrightHolder\":{\"@id\":\"https:\/\/agenciainfra.com\/blog\/#organization\"}},{\"@type\":\"WebPage\",\"@id\":\"https:\/\/agenciainfra.com\/blog\/hidrogenio-de-baixo-carbono-e-bioenergia-opcoes-de-descarbonizacao-alinhadas-as-potencialidades-brasileiras\/\",\"url\":\"https:\/\/agenciainfra.com\/blog\/hidrogenio-de-baixo-carbono-e-bioenergia-opcoes-de-descarbonizacao-alinhadas-as-potencialidades-brasileiras\/\",\"name\":\"Hidrog\u00eanio de baixo carbono e bioenergia: op\u00e7\u00f5es de descarboniza\u00e7\u00e3o alinhadas \u00e0s potencialidades brasileiras - Ag\u00eancia iNFRA\",\"isPartOf\":{\"@id\":\"https:\/\/agenciainfra.com\/blog\/#website\"},\"primaryImageOfPage\":{\"@id\":\"https:\/\/agenciainfra.com\/blog\/hidrogenio-de-baixo-carbono-e-bioenergia-opcoes-de-descarbonizacao-alinhadas-as-potencialidades-brasileiras\/#primaryimage\"},\"image\":{\"@id\":\"https:\/\/agenciainfra.com\/blog\/hidrogenio-de-baixo-carbono-e-bioenergia-opcoes-de-descarbonizacao-alinhadas-as-potencialidades-brasileiras\/#primaryimage\"},\"thumbnailUrl\":\"https:\/\/agenciainfra.com\/blog\/wp-content\/uploads\/2025\/06\/bioenergia-freepik-scaled.jpg\",\"datePublished\":\"2025-06-23T22:41:33+00:00\",\"dateModified\":\"2025-06-23T22:55:47+00:00\",\"breadcrumb\":{\"@id\":\"https:\/\/agenciainfra.com\/blog\/hidrogenio-de-baixo-carbono-e-bioenergia-opcoes-de-descarbonizacao-alinhadas-as-potencialidades-brasileiras\/#breadcrumb\"},\"inLanguage\":\"pt-BR\",\"potentialAction\":[{\"@type\":\"ReadAction\",\"target\":[\"https:\/\/agenciainfra.com\/blog\/hidrogenio-de-baixo-carbono-e-bioenergia-opcoes-de-descarbonizacao-alinhadas-as-potencialidades-brasileiras\/\"]}]},{\"@type\":\"ImageObject\",\"inLanguage\":\"pt-BR\",\"@id\":\"https:\/\/agenciainfra.com\/blog\/hidrogenio-de-baixo-carbono-e-bioenergia-opcoes-de-descarbonizacao-alinhadas-as-potencialidades-brasileiras\/#primaryimage\",\"url\":\"https:\/\/agenciainfra.com\/blog\/wp-content\/uploads\/2025\/06\/bioenergia-freepik-scaled.jpg\",\"contentUrl\":\"https:\/\/agenciainfra.com\/blog\/wp-content\/uploads\/2025\/06\/bioenergia-freepik-scaled.jpg\",\"width\":2560,\"height\":1785,\"caption\":\"Foto: Dom\u00ednio P\u00fablico\"},{\"@type\":\"BreadcrumbList\",\"@id\":\"https:\/\/agenciainfra.com\/blog\/hidrogenio-de-baixo-carbono-e-bioenergia-opcoes-de-descarbonizacao-alinhadas-as-potencialidades-brasileiras\/#breadcrumb\",\"itemListElement\":[{\"@type\":\"ListItem\",\"position\":1,\"name\":\"In\u00edcio\",\"item\":\"https:\/\/agenciainfra.com\/blog\/\"},{\"@type\":\"ListItem\",\"position\":2,\"name\":\"Hidrog\u00eanio de baixo carbono e bioenergia: op\u00e7\u00f5es de descarboniza\u00e7\u00e3o alinhadas \u00e0s potencialidades brasileiras\"}]},{\"@type\":\"WebSite\",\"@id\":\"https:\/\/agenciainfra.com\/blog\/#website\",\"url\":\"https:\/\/agenciainfra.com\/blog\/\",\"name\":\"Ag\u00eancia iNFRA\",\"description\":\"Multiplataforma de informa\u00e7\u00e3o jornal\u00edstica refer\u00eancia na \u00e1rea de infraestrutura no Brasil!\",\"publisher\":{\"@id\":\"https:\/\/agenciainfra.com\/blog\/#organization\"},\"potentialAction\":[{\"@type\":\"SearchAction\",\"target\":{\"@type\":\"EntryPoint\",\"urlTemplate\":\"https:\/\/agenciainfra.com\/blog\/?s={search_term_string}\"},\"query-input\":{\"@type\":\"PropertyValueSpecification\",\"valueRequired\":true,\"valueName\":\"search_term_string\"}}],\"inLanguage\":\"pt-BR\"},{\"@type\":\"Organization\",\"@id\":\"https:\/\/agenciainfra.com\/blog\/#organization\",\"name\":\"Ag\u00eancia iNFRA\",\"url\":\"https:\/\/agenciainfra.com\/blog\/\",\"logo\":{\"@type\":\"ImageObject\",\"inLanguage\":\"pt-BR\",\"@id\":\"https:\/\/agenciainfra.com\/blog\/#\/schema\/logo\/image\/\",\"url\":\"https:\/\/agenciainfra.com\/blog\/wp-content\/uploads\/2023\/09\/iNFRA_5-e1761735885940.png\",\"contentUrl\":\"https:\/\/agenciainfra.com\/blog\/wp-content\/uploads\/2023\/09\/iNFRA_5-e1761735885940.png\",\"width\":1672,\"height\":454,\"caption\":\"Ag\u00eancia iNFRA\"},\"image\":{\"@id\":\"https:\/\/agenciainfra.com\/blog\/#\/schema\/logo\/image\/\"},\"sameAs\":[\"https:\/\/www.facebook.com\/ageninfra\",\"https:\/\/x.com\/agencia_infra\",\"https:\/\/www.linkedin.com\/company\/ag\u00eanciainfra\/\",\"https:\/\/www.instagram.com\/agenciainfra\/\"]},{\"@type\":\"Person\",\"@id\":\"https:\/\/agenciainfra.com\/blog\/#\/schema\/person\/34af08dff6adea4cb22b06612ba7acfa\",\"name\":\"Ag\u00eancia iNFRA\",\"image\":{\"@type\":\"ImageObject\",\"inLanguage\":\"pt-BR\",\"@id\":\"https:\/\/agenciainfra.com\/blog\/#\/schema\/person\/image\/\",\"url\":\"https:\/\/secure.gravatar.com\/avatar\/d189e01678f06d8eb84d4e01f08eb848b3fffe3f8443818d3c356c66892f5be8?s=96&d=mm&r=g\",\"contentUrl\":\"https:\/\/secure.gravatar.com\/avatar\/d189e01678f06d8eb84d4e01f08eb848b3fffe3f8443818d3c356c66892f5be8?s=96&d=mm&r=g\",\"caption\":\"Ag\u00eancia iNFRA\"},\"url\":\"https:\/\/agenciainfra.com\/blog\/author\/admin\/\"}]}<\/script>\n<!-- \/ Yoast SEO Premium plugin. -->","yoast_head_json":{"title":"Hidrog\u00eanio de baixo carbono e bioenergia: op\u00e7\u00f5es de descarboniza\u00e7\u00e3o alinhadas \u00e0s potencialidades brasileiras - Ag\u00eancia iNFRA","robots":{"index":"index","follow":"follow","max-snippet":"max-snippet:-1","max-image-preview":"max-image-preview:large","max-video-preview":"max-video-preview:-1"},"canonical":"https:\/\/agenciainfra.com\/blog\/hidrogenio-de-baixo-carbono-e-bioenergia-opcoes-de-descarbonizacao-alinhadas-as-potencialidades-brasileiras\/","og_locale":"pt_BR","og_type":"article","og_title":"Hidrog\u00eanio de baixo carbono e bioenergia: op\u00e7\u00f5es de descarboniza\u00e7\u00e3o alinhadas \u00e0s potencialidades brasileiras","og_description":"da Ag\u00eancia iNFRA Os segmentos de hidrog\u00eanio de baixa emiss\u00e3o de carbono e de bioenergia t\u00eam potencial de se destacarem na transi\u00e7\u00e3o energ\u00e9tica no Brasil. \u00c9 o que assinala a nota t\u00e9cnica &#8220;Hidrog\u00eanio e Biomassa: Oportunidades para produ\u00e7\u00e3o e uso de hidrog\u00eanio em sistemas de bioenergia&#8221;, apresentada nesta segunda-feira (23), pela EPE (Empresa de Pesquisa [&hellip;]","og_url":"https:\/\/agenciainfra.com\/blog\/hidrogenio-de-baixo-carbono-e-bioenergia-opcoes-de-descarbonizacao-alinhadas-as-potencialidades-brasileiras\/","og_site_name":"Ag\u00eancia iNFRA","article_publisher":"https:\/\/www.facebook.com\/ageninfra","article_published_time":"2025-06-23T22:41:33+00:00","article_modified_time":"2025-06-23T22:55:47+00:00","og_image":[{"width":2560,"height":1785,"url":"https:\/\/agenciainfra.com\/blog\/wp-content\/uploads\/2025\/06\/bioenergia-freepik-scaled.jpg","type":"image\/jpeg"}],"author":"Ag\u00eancia iNFRA","twitter_card":"summary_large_image","twitter_creator":"@agencia_infra","twitter_site":"@agencia_infra","twitter_misc":{"Escrito por":"Ag\u00eancia iNFRA","Est. tempo de leitura":"1 minuto"},"schema":{"@context":"https:\/\/schema.org","@graph":[{"@type":"Article","@id":"https:\/\/agenciainfra.com\/blog\/hidrogenio-de-baixo-carbono-e-bioenergia-opcoes-de-descarbonizacao-alinhadas-as-potencialidades-brasileiras\/#article","isPartOf":{"@id":"https:\/\/agenciainfra.com\/blog\/hidrogenio-de-baixo-carbono-e-bioenergia-opcoes-de-descarbonizacao-alinhadas-as-potencialidades-brasileiras\/"},"author":{"name":"Ag\u00eancia iNFRA","@id":"https:\/\/agenciainfra.com\/blog\/#\/schema\/person\/34af08dff6adea4cb22b06612ba7acfa"},"headline":"Hidrog\u00eanio de baixo carbono e bioenergia: op\u00e7\u00f5es de descarboniza\u00e7\u00e3o alinhadas \u00e0s potencialidades brasileiras","datePublished":"2025-06-23T22:41:33+00:00","dateModified":"2025-06-23T22:55:47+00:00","mainEntityOfPage":{"@id":"https:\/\/agenciainfra.com\/blog\/hidrogenio-de-baixo-carbono-e-bioenergia-opcoes-de-descarbonizacao-alinhadas-as-potencialidades-brasileiras\/"},"wordCount":287,"publisher":{"@id":"https:\/\/agenciainfra.com\/blog\/#organization"},"image":{"@id":"https:\/\/agenciainfra.com\/blog\/hidrogenio-de-baixo-carbono-e-bioenergia-opcoes-de-descarbonizacao-alinhadas-as-potencialidades-brasileiras\/#primaryimage"},"thumbnailUrl":"https:\/\/agenciainfra.com\/blog\/wp-content\/uploads\/2025\/06\/bioenergia-freepik-scaled.jpg","keywords":["Bioenergia","EPE - Empresa de Pesquisa Energ\u00e9tica","hidrog\u00eanio de baixo carbono"],"articleSection":["Geral","Giro iNFRA"],"inLanguage":"pt-BR","copyrightYear":"2025","copyrightHolder":{"@id":"https:\/\/agenciainfra.com\/blog\/#organization"}},{"@type":"WebPage","@id":"https:\/\/agenciainfra.com\/blog\/hidrogenio-de-baixo-carbono-e-bioenergia-opcoes-de-descarbonizacao-alinhadas-as-potencialidades-brasileiras\/","url":"https:\/\/agenciainfra.com\/blog\/hidrogenio-de-baixo-carbono-e-bioenergia-opcoes-de-descarbonizacao-alinhadas-as-potencialidades-brasileiras\/","name":"Hidrog\u00eanio de baixo carbono e bioenergia: op\u00e7\u00f5es de descarboniza\u00e7\u00e3o alinhadas \u00e0s potencialidades brasileiras - Ag\u00eancia iNFRA","isPartOf":{"@id":"https:\/\/agenciainfra.com\/blog\/#website"},"primaryImageOfPage":{"@id":"https:\/\/agenciainfra.com\/blog\/hidrogenio-de-baixo-carbono-e-bioenergia-opcoes-de-descarbonizacao-alinhadas-as-potencialidades-brasileiras\/#primaryimage"},"image":{"@id":"https:\/\/agenciainfra.com\/blog\/hidrogenio-de-baixo-carbono-e-bioenergia-opcoes-de-descarbonizacao-alinhadas-as-potencialidades-brasileiras\/#primaryimage"},"thumbnailUrl":"https:\/\/agenciainfra.com\/blog\/wp-content\/uploads\/2025\/06\/bioenergia-freepik-scaled.jpg","datePublished":"2025-06-23T22:41:33+00:00","dateModified":"2025-06-23T22:55:47+00:00","breadcrumb":{"@id":"https:\/\/agenciainfra.com\/blog\/hidrogenio-de-baixo-carbono-e-bioenergia-opcoes-de-descarbonizacao-alinhadas-as-potencialidades-brasileiras\/#breadcrumb"},"inLanguage":"pt-BR","potentialAction":[{"@type":"ReadAction","target":["https:\/\/agenciainfra.com\/blog\/hidrogenio-de-baixo-carbono-e-bioenergia-opcoes-de-descarbonizacao-alinhadas-as-potencialidades-brasileiras\/"]}]},{"@type":"ImageObject","inLanguage":"pt-BR","@id":"https:\/\/agenciainfra.com\/blog\/hidrogenio-de-baixo-carbono-e-bioenergia-opcoes-de-descarbonizacao-alinhadas-as-potencialidades-brasileiras\/#primaryimage","url":"https:\/\/agenciainfra.com\/blog\/wp-content\/uploads\/2025\/06\/bioenergia-freepik-scaled.jpg","contentUrl":"https:\/\/agenciainfra.com\/blog\/wp-content\/uploads\/2025\/06\/bioenergia-freepik-scaled.jpg","width":2560,"height":1785,"caption":"Foto: Dom\u00ednio P\u00fablico"},{"@type":"BreadcrumbList","@id":"https:\/\/agenciainfra.com\/blog\/hidrogenio-de-baixo-carbono-e-bioenergia-opcoes-de-descarbonizacao-alinhadas-as-potencialidades-brasileiras\/#breadcrumb","itemListElement":[{"@type":"ListItem","position":1,"name":"In\u00edcio","item":"https:\/\/agenciainfra.com\/blog\/"},{"@type":"ListItem","position":2,"name":"Hidrog\u00eanio de baixo carbono e bioenergia: op\u00e7\u00f5es de descarboniza\u00e7\u00e3o alinhadas \u00e0s potencialidades brasileiras"}]},{"@type":"WebSite","@id":"https:\/\/agenciainfra.com\/blog\/#website","url":"https:\/\/agenciainfra.com\/blog\/","name":"Ag\u00eancia iNFRA","description":"Multiplataforma de informa\u00e7\u00e3o jornal\u00edstica refer\u00eancia na \u00e1rea de infraestrutura no Brasil!","publisher":{"@id":"https:\/\/agenciainfra.com\/blog\/#organization"},"potentialAction":[{"@type":"SearchAction","target":{"@type":"EntryPoint","urlTemplate":"https:\/\/agenciainfra.com\/blog\/?s={search_term_string}"},"query-input":{"@type":"PropertyValueSpecification","valueRequired":true,"valueName":"search_term_string"}}],"inLanguage":"pt-BR"},{"@type":"Organization","@id":"https:\/\/agenciainfra.com\/blog\/#organization","name":"Ag\u00eancia iNFRA","url":"https:\/\/agenciainfra.com\/blog\/","logo":{"@type":"ImageObject","inLanguage":"pt-BR","@id":"https:\/\/agenciainfra.com\/blog\/#\/schema\/logo\/image\/","url":"https:\/\/agenciainfra.com\/blog\/wp-content\/uploads\/2023\/09\/iNFRA_5-e1761735885940.png","contentUrl":"https:\/\/agenciainfra.com\/blog\/wp-content\/uploads\/2023\/09\/iNFRA_5-e1761735885940.png","width":1672,"height":454,"caption":"Ag\u00eancia iNFRA"},"image":{"@id":"https:\/\/agenciainfra.com\/blog\/#\/schema\/logo\/image\/"},"sameAs":["https:\/\/www.facebook.com\/ageninfra","https:\/\/x.com\/agencia_infra","https:\/\/www.linkedin.com\/company\/ag\u00eanciainfra\/","https:\/\/www.instagram.com\/agenciainfra\/"]},{"@type":"Person","@id":"https:\/\/agenciainfra.com\/blog\/#\/schema\/person\/34af08dff6adea4cb22b06612ba7acfa","name":"Ag\u00eancia iNFRA","image":{"@type":"ImageObject","inLanguage":"pt-BR","@id":"https:\/\/agenciainfra.com\/blog\/#\/schema\/person\/image\/","url":"https:\/\/secure.gravatar.com\/avatar\/d189e01678f06d8eb84d4e01f08eb848b3fffe3f8443818d3c356c66892f5be8?s=96&d=mm&r=g","contentUrl":"https:\/\/secure.gravatar.com\/avatar\/d189e01678f06d8eb84d4e01f08eb848b3fffe3f8443818d3c356c66892f5be8?s=96&d=mm&r=g","caption":"Ag\u00eancia iNFRA"},"url":"https:\/\/agenciainfra.com\/blog\/author\/admin\/"}]}},"_links":{"self":[{"href":"https:\/\/agenciainfra.com\/blog\/wp-json\/wp\/v2\/posts\/23371","targetHints":{"allow":["GET"]}}],"collection":[{"href":"https:\/\/agenciainfra.com\/blog\/wp-json\/wp\/v2\/posts"}],"about":[{"href":"https:\/\/agenciainfra.com\/blog\/wp-json\/wp\/v2\/types\/post"}],"author":[{"embeddable":true,"href":"https:\/\/agenciainfra.com\/blog\/wp-json\/wp\/v2\/users\/1"}],"replies":[{"embeddable":true,"href":"https:\/\/agenciainfra.com\/blog\/wp-json\/wp\/v2\/comments?post=23371"}],"version-history":[{"count":2,"href":"https:\/\/agenciainfra.com\/blog\/wp-json\/wp\/v2\/posts\/23371\/revisions"}],"predecessor-version":[{"id":23375,"href":"https:\/\/agenciainfra.com\/blog\/wp-json\/wp\/v2\/posts\/23371\/revisions\/23375"}],"wp:featuredmedia":[{"embeddable":true,"href":"https:\/\/agenciainfra.com\/blog\/wp-json\/wp\/v2\/media\/23372"}],"wp:attachment":[{"href":"https:\/\/agenciainfra.com\/blog\/wp-json\/wp\/v2\/media?parent=23371"}],"wp:term":[{"taxonomy":"category","embeddable":true,"href":"https:\/\/agenciainfra.com\/blog\/wp-json\/wp\/v2\/categories?post=23371"},{"taxonomy":"post_tag","embeddable":true,"href":"https:\/\/agenciainfra.com\/blog\/wp-json\/wp\/v2\/tags?post=23371"}],"curies":[{"name":"wp","href":"https:\/\/api.w.org\/{rel}","templated":true}]}}