{"id":23384,"date":"2025-06-23T21:14:52","date_gmt":"2025-06-24T00:14:52","guid":{"rendered":"https:\/\/agenciainfra.com\/blog\/?p=23384"},"modified":"2025-06-23T21:14:54","modified_gmt":"2025-06-24T00:14:54","slug":"projetos-no-setor-ferroviario-sao-tema-de-encontro-entre-governo-e-uniao-europeia","status":"publish","type":"post","link":"https:\/\/agenciainfra.com\/blog\/projetos-no-setor-ferroviario-sao-tema-de-encontro-entre-governo-e-uniao-europeia\/","title":{"rendered":"Projetos no setor ferrovi\u00e1rio s\u00e3o tema de encontro entre governo e Uni\u00e3o Europeia"},"content":{"rendered":"\n<p class=\"has-text-align-right\"><strong>da Ag\u00eancia iNFRA<\/strong><\/p>\n\n\n\n<p>Os principais projetos da Pol\u00edtica Nacional de Ferrovias, as oportunidades de investimento e poss\u00edveis parcerias t\u00e9cnicas para fortalecer o setor foram tema de reuni\u00e3o, nesta segunda-feira (23), entre o Minist\u00e9rio dos Transportes e representantes da Delega\u00e7\u00e3o da Uni\u00e3o Europeia.<\/p>\n\n\n\n<p>\u201cO setor ferrovi\u00e1rio \u00e9 estrat\u00e9gico para o pa\u00eds. Estamos avan\u00e7ando na moderniza\u00e7\u00e3o do marco legal, inspirados em modelos internacionais como o das Short Lines, que conectam ferrovias principais e aumentam a efici\u00eancia operacional\u201d, afirmou o secret\u00e1rio nacional de Transporte Ferrovi\u00e1rio, Leonardo Ribeiro, respons\u00e1vel pela apresenta\u00e7\u00e3o aos representantes da UE.<\/p>\n\n\n\n<p>Na reuni\u00e3o, tamb\u00e9m foram apresentados os avan\u00e7os do Plano Nacional de Log\u00edstica (PNL) e os projetos dos corredores ferrovi\u00e1rios Norte\u2013Sul e Leste\u2013Oeste, considerados estrat\u00e9gicos para o escoamento da produ\u00e7\u00e3o nacional e a melhoria da competitividade.<\/p>\n\n\n\n<p>O chefe de coopera\u00e7\u00e3o da Delega\u00e7\u00e3o da Uni\u00e3o Europeia no Brasil, Robert Steinlechner, refor\u00e7ou o interesse em aprofundar a parceria com o governo brasileiro. \u201cCompartilhar experi\u00eancias em concess\u00f5es, revitaliza\u00e7\u00e3o de linhas e produ\u00e7\u00e3o de equipamentos no Brasil ser\u00e1 essencial. Estamos prontos para formar um grupo de trabalho bilateral para dar agilidade a essa coopera\u00e7\u00e3o\u201d, assinalou.<\/p>\n\n\n\n<p><\/p>\n\n\n\n<p><\/p>\n","protected":false},"excerpt":{"rendered":"<p>da Ag\u00eancia iNFRA Os principais projetos da Pol\u00edtica Nacional de Ferrovias, as oportunidades de investimento e poss\u00edveis parcerias t\u00e9cnicas para fortalecer o setor foram tema de reuni\u00e3o, nesta segunda-feira (23), entre o Minist\u00e9rio dos Transportes e representantes da Delega\u00e7\u00e3o da Uni\u00e3o Europeia. \u201cO setor ferrovi\u00e1rio \u00e9 estrat\u00e9gico para o pa\u00eds. Estamos avan\u00e7ando na moderniza\u00e7\u00e3o do [&hellip;]<\/p>\n","protected":false},"author":1,"featured_media":23386,"comment_status":"closed","ping_status":"closed","sticky":false,"template":"","format":"standard","meta":{"_monsterinsights_skip_tracking":false,"_monsterinsights_sitenote_active":false,"_monsterinsights_sitenote_note":"","_monsterinsights_sitenote_category":0,"footnotes":""},"categories":[1,13576],"tags":[1407,16,1358,13930,13931],"class_list":["post-23384","post","type-post","status-publish","format-standard","has-post-thumbnail","hentry","category-geral","category-giro-infra","tag-leonardo-ribeiro","tag-ministerio-dos-transportes","tag-plano-nacional-de-logistica","tag-politica-nacional-de-ferrovias","tag-robert-steinlechner"],"yoast_head":"<!-- This site is optimized with the Yoast SEO Premium plugin v25.4 (Yoast SEO v26.0) - https:\/\/yoast.com\/wordpress\/plugins\/seo\/ -->\n<title>Projetos no setor ferrovi\u00e1rio s\u00e3o tema de encontro entre governo e Uni\u00e3o Europeia - Ag\u00eancia iNFRA<\/title>\n<meta name=\"robots\" content=\"index, follow, max-snippet:-1, max-image-preview:large, max-video-preview:-1\" \/>\n<link rel=\"canonical\" href=\"https:\/\/agenciainfra.com\/blog\/projetos-no-setor-ferroviario-sao-tema-de-encontro-entre-governo-e-uniao-europeia\/\" \/>\n<meta property=\"og:locale\" content=\"pt_BR\" \/>\n<meta property=\"og:type\" content=\"article\" \/>\n<meta property=\"og:title\" content=\"Projetos no setor ferrovi\u00e1rio s\u00e3o tema de encontro entre governo e Uni\u00e3o Europeia\" \/>\n<meta property=\"og:description\" content=\"da Ag\u00eancia iNFRA Os principais projetos da Pol\u00edtica Nacional de Ferrovias, as oportunidades de investimento e poss\u00edveis parcerias t\u00e9cnicas para fortalecer o setor foram tema de reuni\u00e3o, nesta segunda-feira (23), entre o Minist\u00e9rio dos Transportes e representantes da Delega\u00e7\u00e3o da Uni\u00e3o Europeia. \u201cO setor ferrovi\u00e1rio \u00e9 estrat\u00e9gico para o pa\u00eds. Estamos avan\u00e7ando na moderniza\u00e7\u00e3o do [&hellip;]\" \/>\n<meta property=\"og:url\" content=\"https:\/\/agenciainfra.com\/blog\/projetos-no-setor-ferroviario-sao-tema-de-encontro-entre-governo-e-uniao-europeia\/\" \/>\n<meta property=\"og:site_name\" content=\"Ag\u00eancia iNFRA\" \/>\n<meta property=\"article:publisher\" content=\"https:\/\/www.facebook.com\/ageninfra\" \/>\n<meta property=\"article:published_time\" content=\"2025-06-24T00:14:52+00:00\" \/>\n<meta property=\"article:modified_time\" content=\"2025-06-24T00:14:54+00:00\" \/>\n<meta property=\"og:image\" content=\"https:\/\/agenciainfra.com\/blog\/wp-content\/uploads\/2025\/06\/ReuniaoMT-UniaoEuropeia_-Michel-Curvello-MinisterioTransportes.png\" \/>\n\t<meta property=\"og:image:width\" content=\"576\" \/>\n\t<meta property=\"og:image:height\" content=\"384\" \/>\n\t<meta property=\"og:image:type\" content=\"image\/png\" \/>\n<meta name=\"author\" content=\"Ag\u00eancia iNFRA\" \/>\n<meta name=\"twitter:card\" content=\"summary_large_image\" \/>\n<meta name=\"twitter:creator\" content=\"@agencia_infra\" \/>\n<meta name=\"twitter:site\" content=\"@agencia_infra\" \/>\n<meta name=\"twitter:label1\" content=\"Escrito por\" \/>\n\t<meta name=\"twitter:data1\" content=\"Ag\u00eancia iNFRA\" \/>\n\t<meta name=\"twitter:label2\" content=\"Est. tempo de leitura\" \/>\n\t<meta name=\"twitter:data2\" content=\"1 minuto\" \/>\n<script type=\"application\/ld+json\" class=\"yoast-schema-graph\">{\"@context\":\"https:\/\/schema.org\",\"@graph\":[{\"@type\":\"Article\",\"@id\":\"https:\/\/agenciainfra.com\/blog\/projetos-no-setor-ferroviario-sao-tema-de-encontro-entre-governo-e-uniao-europeia\/#article\",\"isPartOf\":{\"@id\":\"https:\/\/agenciainfra.com\/blog\/projetos-no-setor-ferroviario-sao-tema-de-encontro-entre-governo-e-uniao-europeia\/\"},\"author\":{\"name\":\"Ag\u00eancia iNFRA\",\"@id\":\"https:\/\/agenciainfra.com\/blog\/#\/schema\/person\/34af08dff6adea4cb22b06612ba7acfa\"},\"headline\":\"Projetos no setor ferrovi\u00e1rio s\u00e3o tema de encontro entre governo e Uni\u00e3o Europeia\",\"datePublished\":\"2025-06-24T00:14:52+00:00\",\"dateModified\":\"2025-06-24T00:14:54+00:00\",\"mainEntityOfPage\":{\"@id\":\"https:\/\/agenciainfra.com\/blog\/projetos-no-setor-ferroviario-sao-tema-de-encontro-entre-governo-e-uniao-europeia\/\"},\"wordCount\":231,\"publisher\":{\"@id\":\"https:\/\/agenciainfra.com\/blog\/#organization\"},\"image\":{\"@id\":\"https:\/\/agenciainfra.com\/blog\/projetos-no-setor-ferroviario-sao-tema-de-encontro-entre-governo-e-uniao-europeia\/#primaryimage\"},\"thumbnailUrl\":\"https:\/\/agenciainfra.com\/blog\/wp-content\/uploads\/2025\/06\/ReuniaoMT-UniaoEuropeia_-Michel-Curvello-MinisterioTransportes.png\",\"keywords\":[\"Leonardo Ribeiro\",\"minist\u00e9rio dos transportes\",\"Plano Nacional de Log\u00edstica\",\"Pol\u00edtica Nacional de Ferrovias\",\"Robert Steinlechner\"],\"articleSection\":[\"Geral\",\"Giro iNFRA\"],\"inLanguage\":\"pt-BR\",\"copyrightYear\":\"2025\",\"copyrightHolder\":{\"@id\":\"https:\/\/agenciainfra.com\/blog\/#organization\"}},{\"@type\":\"WebPage\",\"@id\":\"https:\/\/agenciainfra.com\/blog\/projetos-no-setor-ferroviario-sao-tema-de-encontro-entre-governo-e-uniao-europeia\/\",\"url\":\"https:\/\/agenciainfra.com\/blog\/projetos-no-setor-ferroviario-sao-tema-de-encontro-entre-governo-e-uniao-europeia\/\",\"name\":\"Projetos no setor ferrovi\u00e1rio s\u00e3o tema de encontro entre governo e Uni\u00e3o Europeia - Ag\u00eancia iNFRA\",\"isPartOf\":{\"@id\":\"https:\/\/agenciainfra.com\/blog\/#website\"},\"primaryImageOfPage\":{\"@id\":\"https:\/\/agenciainfra.com\/blog\/projetos-no-setor-ferroviario-sao-tema-de-encontro-entre-governo-e-uniao-europeia\/#primaryimage\"},\"image\":{\"@id\":\"https:\/\/agenciainfra.com\/blog\/projetos-no-setor-ferroviario-sao-tema-de-encontro-entre-governo-e-uniao-europeia\/#primaryimage\"},\"thumbnailUrl\":\"https:\/\/agenciainfra.com\/blog\/wp-content\/uploads\/2025\/06\/ReuniaoMT-UniaoEuropeia_-Michel-Curvello-MinisterioTransportes.png\",\"datePublished\":\"2025-06-24T00:14:52+00:00\",\"dateModified\":\"2025-06-24T00:14:54+00:00\",\"breadcrumb\":{\"@id\":\"https:\/\/agenciainfra.com\/blog\/projetos-no-setor-ferroviario-sao-tema-de-encontro-entre-governo-e-uniao-europeia\/#breadcrumb\"},\"inLanguage\":\"pt-BR\",\"potentialAction\":[{\"@type\":\"ReadAction\",\"target\":[\"https:\/\/agenciainfra.com\/blog\/projetos-no-setor-ferroviario-sao-tema-de-encontro-entre-governo-e-uniao-europeia\/\"]}]},{\"@type\":\"ImageObject\",\"inLanguage\":\"pt-BR\",\"@id\":\"https:\/\/agenciainfra.com\/blog\/projetos-no-setor-ferroviario-sao-tema-de-encontro-entre-governo-e-uniao-europeia\/#primaryimage\",\"url\":\"https:\/\/agenciainfra.com\/blog\/wp-content\/uploads\/2025\/06\/ReuniaoMT-UniaoEuropeia_-Michel-Curvello-MinisterioTransportes.png\",\"contentUrl\":\"https:\/\/agenciainfra.com\/blog\/wp-content\/uploads\/2025\/06\/ReuniaoMT-UniaoEuropeia_-Michel-Curvello-MinisterioTransportes.png\",\"width\":576,\"height\":384},{\"@type\":\"BreadcrumbList\",\"@id\":\"https:\/\/agenciainfra.com\/blog\/projetos-no-setor-ferroviario-sao-tema-de-encontro-entre-governo-e-uniao-europeia\/#breadcrumb\",\"itemListElement\":[{\"@type\":\"ListItem\",\"position\":1,\"name\":\"In\u00edcio\",\"item\":\"https:\/\/agenciainfra.com\/blog\/\"},{\"@type\":\"ListItem\",\"position\":2,\"name\":\"Projetos no setor ferrovi\u00e1rio s\u00e3o tema de encontro entre governo e Uni\u00e3o Europeia\"}]},{\"@type\":\"WebSite\",\"@id\":\"https:\/\/agenciainfra.com\/blog\/#website\",\"url\":\"https:\/\/agenciainfra.com\/blog\/\",\"name\":\"Ag\u00eancia iNFRA\",\"description\":\"Multiplataforma de informa\u00e7\u00e3o jornal\u00edstica refer\u00eancia na \u00e1rea de infraestrutura no Brasil!\",\"publisher\":{\"@id\":\"https:\/\/agenciainfra.com\/blog\/#organization\"},\"potentialAction\":[{\"@type\":\"SearchAction\",\"target\":{\"@type\":\"EntryPoint\",\"urlTemplate\":\"https:\/\/agenciainfra.com\/blog\/?s={search_term_string}\"},\"query-input\":{\"@type\":\"PropertyValueSpecification\",\"valueRequired\":true,\"valueName\":\"search_term_string\"}}],\"inLanguage\":\"pt-BR\"},{\"@type\":\"Organization\",\"@id\":\"https:\/\/agenciainfra.com\/blog\/#organization\",\"name\":\"Ag\u00eancia iNFRA\",\"url\":\"https:\/\/agenciainfra.com\/blog\/\",\"logo\":{\"@type\":\"ImageObject\",\"inLanguage\":\"pt-BR\",\"@id\":\"https:\/\/agenciainfra.com\/blog\/#\/schema\/logo\/image\/\",\"url\":\"https:\/\/agenciainfra.com\/blog\/wp-content\/uploads\/2023\/09\/iNFRA_5-e1761735885940.png\",\"contentUrl\":\"https:\/\/agenciainfra.com\/blog\/wp-content\/uploads\/2023\/09\/iNFRA_5-e1761735885940.png\",\"width\":1672,\"height\":454,\"caption\":\"Ag\u00eancia iNFRA\"},\"image\":{\"@id\":\"https:\/\/agenciainfra.com\/blog\/#\/schema\/logo\/image\/\"},\"sameAs\":[\"https:\/\/www.facebook.com\/ageninfra\",\"https:\/\/x.com\/agencia_infra\",\"https:\/\/www.linkedin.com\/company\/ag\u00eanciainfra\/\",\"https:\/\/www.instagram.com\/agenciainfra\/\"]},{\"@type\":\"Person\",\"@id\":\"https:\/\/agenciainfra.com\/blog\/#\/schema\/person\/34af08dff6adea4cb22b06612ba7acfa\",\"name\":\"Ag\u00eancia iNFRA\",\"image\":{\"@type\":\"ImageObject\",\"inLanguage\":\"pt-BR\",\"@id\":\"https:\/\/agenciainfra.com\/blog\/#\/schema\/person\/image\/\",\"url\":\"https:\/\/secure.gravatar.com\/avatar\/d189e01678f06d8eb84d4e01f08eb848b3fffe3f8443818d3c356c66892f5be8?s=96&d=mm&r=g\",\"contentUrl\":\"https:\/\/secure.gravatar.com\/avatar\/d189e01678f06d8eb84d4e01f08eb848b3fffe3f8443818d3c356c66892f5be8?s=96&d=mm&r=g\",\"caption\":\"Ag\u00eancia iNFRA\"},\"url\":\"https:\/\/agenciainfra.com\/blog\/author\/admin\/\"}]}<\/script>\n<!-- \/ Yoast SEO Premium plugin. -->","yoast_head_json":{"title":"Projetos no setor ferrovi\u00e1rio s\u00e3o tema de encontro entre governo e Uni\u00e3o Europeia - Ag\u00eancia iNFRA","robots":{"index":"index","follow":"follow","max-snippet":"max-snippet:-1","max-image-preview":"max-image-preview:large","max-video-preview":"max-video-preview:-1"},"canonical":"https:\/\/agenciainfra.com\/blog\/projetos-no-setor-ferroviario-sao-tema-de-encontro-entre-governo-e-uniao-europeia\/","og_locale":"pt_BR","og_type":"article","og_title":"Projetos no setor ferrovi\u00e1rio s\u00e3o tema de encontro entre governo e Uni\u00e3o Europeia","og_description":"da Ag\u00eancia iNFRA Os principais projetos da Pol\u00edtica Nacional de Ferrovias, as oportunidades de investimento e poss\u00edveis parcerias t\u00e9cnicas para fortalecer o setor foram tema de reuni\u00e3o, nesta segunda-feira (23), entre o Minist\u00e9rio dos Transportes e representantes da Delega\u00e7\u00e3o da Uni\u00e3o Europeia. \u201cO setor ferrovi\u00e1rio \u00e9 estrat\u00e9gico para o pa\u00eds. Estamos avan\u00e7ando na moderniza\u00e7\u00e3o do [&hellip;]","og_url":"https:\/\/agenciainfra.com\/blog\/projetos-no-setor-ferroviario-sao-tema-de-encontro-entre-governo-e-uniao-europeia\/","og_site_name":"Ag\u00eancia iNFRA","article_publisher":"https:\/\/www.facebook.com\/ageninfra","article_published_time":"2025-06-24T00:14:52+00:00","article_modified_time":"2025-06-24T00:14:54+00:00","og_image":[{"width":576,"height":384,"url":"https:\/\/agenciainfra.com\/blog\/wp-content\/uploads\/2025\/06\/ReuniaoMT-UniaoEuropeia_-Michel-Curvello-MinisterioTransportes.png","type":"image\/png"}],"author":"Ag\u00eancia iNFRA","twitter_card":"summary_large_image","twitter_creator":"@agencia_infra","twitter_site":"@agencia_infra","twitter_misc":{"Escrito por":"Ag\u00eancia iNFRA","Est. tempo de leitura":"1 minuto"},"schema":{"@context":"https:\/\/schema.org","@graph":[{"@type":"Article","@id":"https:\/\/agenciainfra.com\/blog\/projetos-no-setor-ferroviario-sao-tema-de-encontro-entre-governo-e-uniao-europeia\/#article","isPartOf":{"@id":"https:\/\/agenciainfra.com\/blog\/projetos-no-setor-ferroviario-sao-tema-de-encontro-entre-governo-e-uniao-europeia\/"},"author":{"name":"Ag\u00eancia iNFRA","@id":"https:\/\/agenciainfra.com\/blog\/#\/schema\/person\/34af08dff6adea4cb22b06612ba7acfa"},"headline":"Projetos no setor ferrovi\u00e1rio s\u00e3o tema de encontro entre governo e Uni\u00e3o Europeia","datePublished":"2025-06-24T00:14:52+00:00","dateModified":"2025-06-24T00:14:54+00:00","mainEntityOfPage":{"@id":"https:\/\/agenciainfra.com\/blog\/projetos-no-setor-ferroviario-sao-tema-de-encontro-entre-governo-e-uniao-europeia\/"},"wordCount":231,"publisher":{"@id":"https:\/\/agenciainfra.com\/blog\/#organization"},"image":{"@id":"https:\/\/agenciainfra.com\/blog\/projetos-no-setor-ferroviario-sao-tema-de-encontro-entre-governo-e-uniao-europeia\/#primaryimage"},"thumbnailUrl":"https:\/\/agenciainfra.com\/blog\/wp-content\/uploads\/2025\/06\/ReuniaoMT-UniaoEuropeia_-Michel-Curvello-MinisterioTransportes.png","keywords":["Leonardo Ribeiro","minist\u00e9rio dos transportes","Plano Nacional de Log\u00edstica","Pol\u00edtica Nacional de Ferrovias","Robert Steinlechner"],"articleSection":["Geral","Giro iNFRA"],"inLanguage":"pt-BR","copyrightYear":"2025","copyrightHolder":{"@id":"https:\/\/agenciainfra.com\/blog\/#organization"}},{"@type":"WebPage","@id":"https:\/\/agenciainfra.com\/blog\/projetos-no-setor-ferroviario-sao-tema-de-encontro-entre-governo-e-uniao-europeia\/","url":"https:\/\/agenciainfra.com\/blog\/projetos-no-setor-ferroviario-sao-tema-de-encontro-entre-governo-e-uniao-europeia\/","name":"Projetos no setor ferrovi\u00e1rio s\u00e3o tema de encontro entre governo e Uni\u00e3o Europeia - Ag\u00eancia iNFRA","isPartOf":{"@id":"https:\/\/agenciainfra.com\/blog\/#website"},"primaryImageOfPage":{"@id":"https:\/\/agenciainfra.com\/blog\/projetos-no-setor-ferroviario-sao-tema-de-encontro-entre-governo-e-uniao-europeia\/#primaryimage"},"image":{"@id":"https:\/\/agenciainfra.com\/blog\/projetos-no-setor-ferroviario-sao-tema-de-encontro-entre-governo-e-uniao-europeia\/#primaryimage"},"thumbnailUrl":"https:\/\/agenciainfra.com\/blog\/wp-content\/uploads\/2025\/06\/ReuniaoMT-UniaoEuropeia_-Michel-Curvello-MinisterioTransportes.png","datePublished":"2025-06-24T00:14:52+00:00","dateModified":"2025-06-24T00:14:54+00:00","breadcrumb":{"@id":"https:\/\/agenciainfra.com\/blog\/projetos-no-setor-ferroviario-sao-tema-de-encontro-entre-governo-e-uniao-europeia\/#breadcrumb"},"inLanguage":"pt-BR","potentialAction":[{"@type":"ReadAction","target":["https:\/\/agenciainfra.com\/blog\/projetos-no-setor-ferroviario-sao-tema-de-encontro-entre-governo-e-uniao-europeia\/"]}]},{"@type":"ImageObject","inLanguage":"pt-BR","@id":"https:\/\/agenciainfra.com\/blog\/projetos-no-setor-ferroviario-sao-tema-de-encontro-entre-governo-e-uniao-europeia\/#primaryimage","url":"https:\/\/agenciainfra.com\/blog\/wp-content\/uploads\/2025\/06\/ReuniaoMT-UniaoEuropeia_-Michel-Curvello-MinisterioTransportes.png","contentUrl":"https:\/\/agenciainfra.com\/blog\/wp-content\/uploads\/2025\/06\/ReuniaoMT-UniaoEuropeia_-Michel-Curvello-MinisterioTransportes.png","width":576,"height":384},{"@type":"BreadcrumbList","@id":"https:\/\/agenciainfra.com\/blog\/projetos-no-setor-ferroviario-sao-tema-de-encontro-entre-governo-e-uniao-europeia\/#breadcrumb","itemListElement":[{"@type":"ListItem","position":1,"name":"In\u00edcio","item":"https:\/\/agenciainfra.com\/blog\/"},{"@type":"ListItem","position":2,"name":"Projetos no setor ferrovi\u00e1rio s\u00e3o tema de encontro entre governo e Uni\u00e3o Europeia"}]},{"@type":"WebSite","@id":"https:\/\/agenciainfra.com\/blog\/#website","url":"https:\/\/agenciainfra.com\/blog\/","name":"Ag\u00eancia iNFRA","description":"Multiplataforma de informa\u00e7\u00e3o jornal\u00edstica refer\u00eancia na \u00e1rea de infraestrutura no Brasil!","publisher":{"@id":"https:\/\/agenciainfra.com\/blog\/#organization"},"potentialAction":[{"@type":"SearchAction","target":{"@type":"EntryPoint","urlTemplate":"https:\/\/agenciainfra.com\/blog\/?s={search_term_string}"},"query-input":{"@type":"PropertyValueSpecification","valueRequired":true,"valueName":"search_term_string"}}],"inLanguage":"pt-BR"},{"@type":"Organization","@id":"https:\/\/agenciainfra.com\/blog\/#organization","name":"Ag\u00eancia iNFRA","url":"https:\/\/agenciainfra.com\/blog\/","logo":{"@type":"ImageObject","inLanguage":"pt-BR","@id":"https:\/\/agenciainfra.com\/blog\/#\/schema\/logo\/image\/","url":"https:\/\/agenciainfra.com\/blog\/wp-content\/uploads\/2023\/09\/iNFRA_5-e1761735885940.png","contentUrl":"https:\/\/agenciainfra.com\/blog\/wp-content\/uploads\/2023\/09\/iNFRA_5-e1761735885940.png","width":1672,"height":454,"caption":"Ag\u00eancia iNFRA"},"image":{"@id":"https:\/\/agenciainfra.com\/blog\/#\/schema\/logo\/image\/"},"sameAs":["https:\/\/www.facebook.com\/ageninfra","https:\/\/x.com\/agencia_infra","https:\/\/www.linkedin.com\/company\/ag\u00eanciainfra\/","https:\/\/www.instagram.com\/agenciainfra\/"]},{"@type":"Person","@id":"https:\/\/agenciainfra.com\/blog\/#\/schema\/person\/34af08dff6adea4cb22b06612ba7acfa","name":"Ag\u00eancia iNFRA","image":{"@type":"ImageObject","inLanguage":"pt-BR","@id":"https:\/\/agenciainfra.com\/blog\/#\/schema\/person\/image\/","url":"https:\/\/secure.gravatar.com\/avatar\/d189e01678f06d8eb84d4e01f08eb848b3fffe3f8443818d3c356c66892f5be8?s=96&d=mm&r=g","contentUrl":"https:\/\/secure.gravatar.com\/avatar\/d189e01678f06d8eb84d4e01f08eb848b3fffe3f8443818d3c356c66892f5be8?s=96&d=mm&r=g","caption":"Ag\u00eancia iNFRA"},"url":"https:\/\/agenciainfra.com\/blog\/author\/admin\/"}]}},"_links":{"self":[{"href":"https:\/\/agenciainfra.com\/blog\/wp-json\/wp\/v2\/posts\/23384","targetHints":{"allow":["GET"]}}],"collection":[{"href":"https:\/\/agenciainfra.com\/blog\/wp-json\/wp\/v2\/posts"}],"about":[{"href":"https:\/\/agenciainfra.com\/blog\/wp-json\/wp\/v2\/types\/post"}],"author":[{"embeddable":true,"href":"https:\/\/agenciainfra.com\/blog\/wp-json\/wp\/v2\/users\/1"}],"replies":[{"embeddable":true,"href":"https:\/\/agenciainfra.com\/blog\/wp-json\/wp\/v2\/comments?post=23384"}],"version-history":[{"count":2,"href":"https:\/\/agenciainfra.com\/blog\/wp-json\/wp\/v2\/posts\/23384\/revisions"}],"predecessor-version":[{"id":23388,"href":"https:\/\/agenciainfra.com\/blog\/wp-json\/wp\/v2\/posts\/23384\/revisions\/23388"}],"wp:featuredmedia":[{"embeddable":true,"href":"https:\/\/agenciainfra.com\/blog\/wp-json\/wp\/v2\/media\/23386"}],"wp:attachment":[{"href":"https:\/\/agenciainfra.com\/blog\/wp-json\/wp\/v2\/media?parent=23384"}],"wp:term":[{"taxonomy":"category","embeddable":true,"href":"https:\/\/agenciainfra.com\/blog\/wp-json\/wp\/v2\/categories?post=23384"},{"taxonomy":"post_tag","embeddable":true,"href":"https:\/\/agenciainfra.com\/blog\/wp-json\/wp\/v2\/tags?post=23384"}],"curies":[{"name":"wp","href":"https:\/\/api.w.org\/{rel}","templated":true}]}}