{"id":23394,"date":"2025-06-24T08:01:00","date_gmt":"2025-06-24T11:01:00","guid":{"rendered":"https:\/\/agenciainfra.com\/blog\/?p=23394"},"modified":"2025-06-24T14:44:27","modified_gmt":"2025-06-24T17:44:27","slug":"recuo-do-petroleo-alivia-pressao-sobre-petrobras-para-reajuste-dos-combustiveis","status":"publish","type":"post","link":"https:\/\/agenciainfra.com\/blog\/recuo-do-petroleo-alivia-pressao-sobre-petrobras-para-reajuste-dos-combustiveis\/","title":{"rendered":"Recuo do petr\u00f3leo alivia press\u00e3o sobre Petrobras para reajuste dos combust\u00edveis"},"content":{"rendered":"\n<p class=\"has-text-align-right\"><strong>Gabriel Vasconcelos, da Ag\u00eancia iNFRA<\/strong><\/p>\n\n\n\n<p>A Petrobras n\u00e3o planeja reajustar o pre\u00e7o da gasolina e do diesel fabricados em suas refinarias nos pr\u00f3ximos dias. Essa posi\u00e7\u00e3o foi refor\u00e7ada pela queda na cota\u00e7\u00e3o internacional do petr\u00f3leo, nesta segunda-feira (23), disseram \u00e0&nbsp;<strong>Ag\u00eancia iNFRA<\/strong>&nbsp;fontes da companhia com conhecimento sobre a forma\u00e7\u00e3o de pre\u00e7o dos derivados da estatal.<br><br>&#8220;N\u00e3o h\u00e1 nenhuma an\u00e1lise fundamentalista no sentido de que estar\u00edamos em um novo normal, de &#8216;US$ 70 e alto&#8217; para o Brent. N\u00f3s tiramos da metodologia essa volatilidade, e agora \u00e9 um momento de total volatilidade&#8221;, disse uma alta fonte da estatal. &#8220;O Brent caindo mais de 5% compensou a alta das \u00faltimas semanas \u2013n\u00e3o totalmente, mas amorteceu bem&#8221;, observou a fonte, negando qualquer inclina\u00e7\u00e3o por uma alta nos combust\u00edveis Petrobras.<br><br>Principal fator observado na forma\u00e7\u00e3o de pre\u00e7o dos derivados, o pre\u00e7o do barril de petr\u00f3leo do tipo Brent para setembro, negociado na ICE (Intercontinental Exchange), recuou 6,67% ontem (23), cotado a US$ 70,52 o barril. Em pouco mais de dez dias, anteriormente, esse pre\u00e7o chegou a saltar de US$ 68 para US$ 78. Agora, a expectativa \u00e9 de que uma consolida\u00e7\u00e3o do cessar-fogo entre Israel e Ir\u00e3, anunciado pelo presidente dos Estados Unidos, Donald Trump, arrefe\u00e7a de vez a cota\u00e7\u00e3o da commodity.<br><br>C\u00e1lculos independentes de PPI (Pre\u00e7o de Paridade de Importa\u00e7\u00e3o) apontam que, nas \u00faltimas semanas, a Petrobras tem vendido tanto gasolina quanto diesel abaixo da refer\u00eancia internacional. Nesta segunda-feira, segundo a Abicom (Associa\u00e7\u00e3o Brasileira de Importadores de Combust\u00edveis), essa defasagem estava em 9% ou R$ 0,26 por litro, no caso da gasolina, e 19% ou R$ 0,61 por litro de diesel.<br><br>Esse percentual de defasagem para o diesel, segundo a associa\u00e7\u00e3o, s\u00f3 teria sido registrado no fim de janeiro. Na ocasi\u00e3o, a Petrobras subiu o pre\u00e7o desse combust\u00edvel&nbsp;em 5,6% \u2013 o que acabou compensado por tr\u00eas redu\u00e7\u00f5es, em pouco mais de um m\u00eas, a partir do fim de abril. O comportamento da companhia no fim de janeiro ligou o sinal de alerta para agentes do mercado e dentro do pr\u00f3prio governo nos \u00faltimos dias.<br><br>O secret\u00e1rio-executivo do Minist\u00e9rio da Fazenda, Dario Durigan, chegou a dizer, em entrevista \u00e0 r\u00e1dio CBN, que, ante o horizonte de alta do petr\u00f3leo, s\u00e3o &#8220;bem-vindas&#8221; medidas de mitiga\u00e7\u00e3o de pre\u00e7o dos combust\u00edveis por parte da Petrobras. Internamente, por\u00e9m, a empresa ainda n\u00e3o veria como estrutural a subida de pre\u00e7os. A leitura ganha for\u00e7a com o poss\u00edvel fim das agress\u00f5es.<br><br><strong>Ressalvas<\/strong><br>Historicamente, a Petrobras questiona o c\u00e1lculo da Abicom, argumentando que entram em sua conta ganhos de escala n\u00e3o percebidos por importadoras menores, que integram a associa\u00e7\u00e3o, e facilidades log\u00edsticas pr\u00f3prias (neg\u00f3cio verticalizado e peso m\u00ednimo do custo de frete).<br><br>Al\u00e9m disso, a Abicom e outras consultorias observam o PPI do Golfo do M\u00e9xico (EUA)&nbsp;superior ao pre\u00e7o do diesel trazido de outras origens, como o russo, predominante no mercado brasileiro. Esse pre\u00e7o russo integra o que a estatal chama de &#8220;custo alternativo do cliente&#8221;, o pre\u00e7o praticado pela concorr\u00eancia, que corresponde ao teto da banda observada na pol\u00edtica de pre\u00e7os da estatal. Na pr\u00e1tica, portanto, a defasagem real dos pre\u00e7os Petrobras seria menor que a divulgada pela Abicom. &nbsp;<br><br><strong>Risco reduzido &nbsp;<\/strong><br>Na Petrobras, movimentos desse tipo s\u00e3o definidos pela trinca de diretores, que inclui a presidente, Magda Chambriard, e os diretores financeiro, Fernando Melgarejo, e de Comercializa\u00e7\u00e3o e Log\u00edstica, Claudio Schlosser. Na semana passada, Magda j\u00e1 havia dito que n\u00e3o faria nada com os pre\u00e7os da estatal porque a escalada do petr\u00f3leo tinha come\u00e7ado &#8220;s\u00f3 h\u00e1 cinco dias&#8221;. &#8220;Permanece v\u00e1lido o que a Magda disse&#8221;, afirmou um segundo interlocutor \u00e0&nbsp;<strong>Ag\u00eancia iNFRA<\/strong>.<br><br>Na mesma ocasi\u00e3o, Schlosser minimizou a possibilidade de fechamento do Estreito de Ormuz, fio d&#8217;\u00e1gua por onde passam cerca de 25% do petr\u00f3leo consumido globalmente e controlado pelo Ir\u00e3. Desde ent\u00e3o, o conflito no Oriente M\u00e9dio escalou, com o envolvimento direto dos Estados Unidos, que bombardearam instala\u00e7\u00f5es nucleares iranianas, e mais ataques de m\u00edsseis de Israel ao&nbsp;territ\u00f3rio&nbsp;iraniano. Em rea\u00e7\u00e3o, o parlamento do Ir\u00e3 aprovou o fechamento do Estreito de Ormuz, uma decis\u00e3o que ainda precisaria ser ratificada por duas inst\u00e2ncias pol\u00edticas. Al\u00e9m disso, o pa\u00eds respondeu com ataques a bases militares americanas no Catar e no Iraque.<br><br>No entanto, a&nbsp;leitura de Schlosser parece sobreviver ao recrudescimento da guerra, coincidindo com a do mercado, que ignorou a amea\u00e7a de fechamento do estreito, amplamente definida como &#8220;improv\u00e1vel&#8221; por especialistas ouvidos pela&nbsp;<strong>Ag\u00eancia iNFRA<\/strong>.<br><br>Antes do an\u00fancio do cessar-fogo, o presidente do IBP (Instituto Brasileiro de Petr\u00f3leo, G\u00e1s Natural e Biocombust\u00edveis), Roberto Ardenghy, foi categ\u00f3rico em recha\u00e7ar a possibilidade de bloqueio no estreito, uma vez que o pr\u00f3prio Ir\u00e3 e pa\u00edses como Kuwait e Ar\u00e1bia Saudita escoam sua produ\u00e7\u00e3o pela passagem com destino aos Estados Unidos, \u00e0 Europa e \u00e0 \u00c1sia.<br><br>&#8220;Cerca de 70% do petr\u00f3leo e g\u00e1s que v\u00e3o para a China passam por ali. Voc\u00ea acha que o chin\u00eas vai deixar aquilo ali sair do controle? Fora outros pa\u00edses, como o pr\u00f3prio Estados Unidos, a Inglaterra, Fran\u00e7a e \u00cdndia&#8221;, diz Ardenghy. &#8220;O estreito \u00e9 realmente muito sens\u00edvel a qualquer bloqueio. Em alguns trechos, tem dois quil\u00f4metros de largura. Mas \u00e9 supermonitorado. Pode acontecer uma a\u00e7\u00e3o militar pontual, mas algo que perdure \u00e9 absolutamente improv\u00e1vel, porque levaria \u00e0 interven\u00e7\u00e3o direta das pot\u00eancias para garantir o fluxo&#8221;, continua.<br><br>Segundo Ardenghy, a extrema volatilidade de pre\u00e7os pode permanecer devido \u00e0 tens\u00e3o geopol\u00edtica na regi\u00e3o, mas n\u00e3o deve repetir a escalada de pre\u00e7os verificada no in\u00edcio da guerra da Ucr\u00e2nia. &#8220;N\u00e3o existe uma tend\u00eancia para esse pre\u00e7o e nada indica que ele seguir\u00e1 subindo at\u00e9 mudar de patamar&#8221;, continua o presidente do IBP.<br><br>A consultoria CBIE (Centro Brasileiro de Infraestrutura) estima que uma volatilidade prolongada poderia levar o barril do Brent a um patamar entre US$ 90 e US$ 100, enquanto o fechamento parcial do Estreito de Ormuz levaria esse pre\u00e7o para algo entre US$ 110 e US$ 130,&nbsp;aproximando-o do choque da guerra da Ucr\u00e2nia. J\u00e1 um bloqueio completo faria o Brent &#8220;romper facilmente&#8221; o patamar dos US$ 150, diz o CBIE.<br><br>O analista de Intelig\u00eancia de Mercado da consultoria de pre\u00e7os StoneX, Bruno Cordeiro, avalia que hoje o mercado n\u00e3o v\u00ea um Ir\u00e3 militarmente capaz de sustentar o fechamento do Estreito de Ormuz, al\u00e9m do que a medida afetaria o escoamento de seu pr\u00f3prio \u00f3leo \u00e0 \u00c1sia. Para Cordeiro, soma-se a isso a natureza da resposta do Ir\u00e3, com ataques a bases americanas em pa\u00edses vizinhos, indicando que o pa\u00eds n\u00e3o vai mirar estruturas produtivas.<br><br>&#8220;Os investidores compreenderam que as respostas iranianas aos ataques americanos e israelenses n\u00e3o devem ocorrer sobre a infraestrutura produtiva e log\u00edstica na regi\u00e3o&#8221;, afirma o analista da StoneX.<\/p>\n","protected":false},"excerpt":{"rendered":"<p>Gabriel Vasconcelos, da Ag\u00eancia iNFRA A Petrobras n\u00e3o planeja reajustar o pre\u00e7o da gasolina e do diesel fabricados em suas refinarias nos pr\u00f3ximos dias. Essa posi\u00e7\u00e3o foi refor\u00e7ada pela queda na cota\u00e7\u00e3o internacional do petr\u00f3leo, nesta segunda-feira (23), disseram \u00e0&nbsp;Ag\u00eancia iNFRA&nbsp;fontes da companhia com conhecimento sobre a forma\u00e7\u00e3o de pre\u00e7o dos derivados da estatal. &#8220;N\u00e3o [&hellip;]<\/p>\n","protected":false},"author":1,"featured_media":6670,"comment_status":"closed","ping_status":"closed","sticky":false,"template":"","format":"standard","meta":{"_monsterinsights_skip_tracking":false,"_monsterinsights_sitenote_active":false,"_monsterinsights_sitenote_note":"","_monsterinsights_sitenote_category":0,"footnotes":""},"categories":[1,13271],"tags":[3961,314,315,13251,3365,143,213,36,13597,5163],"class_list":["post-23394","post","type-post","status-publish","format-standard","has-post-thumbnail","hentry","category-geral","category-oleo-gas","tag-brent","tag-combustiveis","tag-diesel","tag-gabriel-vasconcelos","tag-gasolina","tag-petrobras","tag-petroleo","tag-ppi","tag-preco-da-gasolina","tag-preco-dos-combustiveis"],"yoast_head":"<!-- This site is optimized with the Yoast SEO Premium plugin v25.4 (Yoast SEO v26.0) - https:\/\/yoast.com\/wordpress\/plugins\/seo\/ -->\n<title>Recuo do petr\u00f3leo alivia press\u00e3o sobre Petrobras para reajuste dos combust\u00edveis - Ag\u00eancia iNFRA<\/title>\n<meta name=\"robots\" content=\"index, follow, max-snippet:-1, max-image-preview:large, max-video-preview:-1\" \/>\n<link rel=\"canonical\" href=\"https:\/\/agenciainfra.com\/blog\/recuo-do-petroleo-alivia-pressao-sobre-petrobras-para-reajuste-dos-combustiveis\/\" \/>\n<meta property=\"og:locale\" content=\"pt_BR\" \/>\n<meta property=\"og:type\" content=\"article\" \/>\n<meta property=\"og:title\" content=\"Recuo do petr\u00f3leo alivia press\u00e3o sobre Petrobras para reajuste dos combust\u00edveis\" \/>\n<meta property=\"og:description\" content=\"Gabriel Vasconcelos, da Ag\u00eancia iNFRA A Petrobras n\u00e3o planeja reajustar o pre\u00e7o da gasolina e do diesel fabricados em suas refinarias nos pr\u00f3ximos dias. Essa posi\u00e7\u00e3o foi refor\u00e7ada pela queda na cota\u00e7\u00e3o internacional do petr\u00f3leo, nesta segunda-feira (23), disseram \u00e0&nbsp;Ag\u00eancia iNFRA&nbsp;fontes da companhia com conhecimento sobre a forma\u00e7\u00e3o de pre\u00e7o dos derivados da estatal. &#8220;N\u00e3o [&hellip;]\" \/>\n<meta property=\"og:url\" content=\"https:\/\/agenciainfra.com\/blog\/recuo-do-petroleo-alivia-pressao-sobre-petrobras-para-reajuste-dos-combustiveis\/\" \/>\n<meta property=\"og:site_name\" content=\"Ag\u00eancia iNFRA\" \/>\n<meta property=\"article:publisher\" content=\"https:\/\/www.facebook.com\/ageninfra\" \/>\n<meta property=\"article:published_time\" content=\"2025-06-24T11:01:00+00:00\" \/>\n<meta property=\"article:modified_time\" content=\"2025-06-24T17:44:27+00:00\" \/>\n<meta property=\"og:image\" content=\"https:\/\/agenciainfra.com\/blog\/wp-content\/uploads\/2021\/01\/combustivel-petrobras-foto-pedro-ventura-agencia-brasilia.jpg\" \/>\n\t<meta property=\"og:image:width\" content=\"1280\" \/>\n\t<meta property=\"og:image:height\" content=\"853\" \/>\n\t<meta property=\"og:image:type\" content=\"image\/jpeg\" \/>\n<meta name=\"author\" content=\"Ag\u00eancia iNFRA\" \/>\n<meta name=\"twitter:card\" content=\"summary_large_image\" \/>\n<meta name=\"twitter:creator\" content=\"@agencia_infra\" \/>\n<meta name=\"twitter:site\" content=\"@agencia_infra\" \/>\n<meta name=\"twitter:label1\" content=\"Escrito por\" \/>\n\t<meta name=\"twitter:data1\" content=\"Ag\u00eancia iNFRA\" \/>\n\t<meta name=\"twitter:label2\" content=\"Est. tempo de leitura\" \/>\n\t<meta name=\"twitter:data2\" content=\"6 minutos\" \/>\n<script type=\"application\/ld+json\" class=\"yoast-schema-graph\">{\"@context\":\"https:\/\/schema.org\",\"@graph\":[{\"@type\":\"Article\",\"@id\":\"https:\/\/agenciainfra.com\/blog\/recuo-do-petroleo-alivia-pressao-sobre-petrobras-para-reajuste-dos-combustiveis\/#article\",\"isPartOf\":{\"@id\":\"https:\/\/agenciainfra.com\/blog\/recuo-do-petroleo-alivia-pressao-sobre-petrobras-para-reajuste-dos-combustiveis\/\"},\"author\":{\"name\":\"Ag\u00eancia iNFRA\",\"@id\":\"https:\/\/agenciainfra.com\/blog\/#\/schema\/person\/34af08dff6adea4cb22b06612ba7acfa\"},\"headline\":\"Recuo do petr\u00f3leo alivia press\u00e3o sobre Petrobras para reajuste dos combust\u00edveis\",\"datePublished\":\"2025-06-24T11:01:00+00:00\",\"dateModified\":\"2025-06-24T17:44:27+00:00\",\"mainEntityOfPage\":{\"@id\":\"https:\/\/agenciainfra.com\/blog\/recuo-do-petroleo-alivia-pressao-sobre-petrobras-para-reajuste-dos-combustiveis\/\"},\"wordCount\":1234,\"publisher\":{\"@id\":\"https:\/\/agenciainfra.com\/blog\/#organization\"},\"image\":{\"@id\":\"https:\/\/agenciainfra.com\/blog\/recuo-do-petroleo-alivia-pressao-sobre-petrobras-para-reajuste-dos-combustiveis\/#primaryimage\"},\"thumbnailUrl\":\"https:\/\/agenciainfra.com\/blog\/wp-content\/uploads\/2021\/01\/combustivel-petrobras-foto-pedro-ventura-agencia-brasilia.jpg\",\"keywords\":[\"Brent\",\"combust\u00edveis\",\"diesel\",\"Gabriel Vasconcelos\",\"gasolina\",\"Petrobras\",\"petr\u00f3leo\",\"PPI\",\"pre\u00e7o da gasolina\",\"pre\u00e7o dos combust\u00edveis\"],\"articleSection\":[\"Geral\",\"\u00d3leo &amp; G\u00e1s\"],\"inLanguage\":\"pt-BR\",\"copyrightYear\":\"2025\",\"copyrightHolder\":{\"@id\":\"https:\/\/agenciainfra.com\/blog\/#organization\"}},{\"@type\":\"WebPage\",\"@id\":\"https:\/\/agenciainfra.com\/blog\/recuo-do-petroleo-alivia-pressao-sobre-petrobras-para-reajuste-dos-combustiveis\/\",\"url\":\"https:\/\/agenciainfra.com\/blog\/recuo-do-petroleo-alivia-pressao-sobre-petrobras-para-reajuste-dos-combustiveis\/\",\"name\":\"Recuo do petr\u00f3leo alivia press\u00e3o sobre Petrobras para reajuste dos combust\u00edveis - Ag\u00eancia iNFRA\",\"isPartOf\":{\"@id\":\"https:\/\/agenciainfra.com\/blog\/#website\"},\"primaryImageOfPage\":{\"@id\":\"https:\/\/agenciainfra.com\/blog\/recuo-do-petroleo-alivia-pressao-sobre-petrobras-para-reajuste-dos-combustiveis\/#primaryimage\"},\"image\":{\"@id\":\"https:\/\/agenciainfra.com\/blog\/recuo-do-petroleo-alivia-pressao-sobre-petrobras-para-reajuste-dos-combustiveis\/#primaryimage\"},\"thumbnailUrl\":\"https:\/\/agenciainfra.com\/blog\/wp-content\/uploads\/2021\/01\/combustivel-petrobras-foto-pedro-ventura-agencia-brasilia.jpg\",\"datePublished\":\"2025-06-24T11:01:00+00:00\",\"dateModified\":\"2025-06-24T17:44:27+00:00\",\"breadcrumb\":{\"@id\":\"https:\/\/agenciainfra.com\/blog\/recuo-do-petroleo-alivia-pressao-sobre-petrobras-para-reajuste-dos-combustiveis\/#breadcrumb\"},\"inLanguage\":\"pt-BR\",\"potentialAction\":[{\"@type\":\"ReadAction\",\"target\":[\"https:\/\/agenciainfra.com\/blog\/recuo-do-petroleo-alivia-pressao-sobre-petrobras-para-reajuste-dos-combustiveis\/\"]}]},{\"@type\":\"ImageObject\",\"inLanguage\":\"pt-BR\",\"@id\":\"https:\/\/agenciainfra.com\/blog\/recuo-do-petroleo-alivia-pressao-sobre-petrobras-para-reajuste-dos-combustiveis\/#primaryimage\",\"url\":\"https:\/\/agenciainfra.com\/blog\/wp-content\/uploads\/2021\/01\/combustivel-petrobras-foto-pedro-ventura-agencia-brasilia.jpg\",\"contentUrl\":\"https:\/\/agenciainfra.com\/blog\/wp-content\/uploads\/2021\/01\/combustivel-petrobras-foto-pedro-ventura-agencia-brasilia.jpg\",\"width\":1280,\"height\":853,\"caption\":\"Foto: Pedro Ventura\/Ag\u00eancia Bras\u00edlia\"},{\"@type\":\"BreadcrumbList\",\"@id\":\"https:\/\/agenciainfra.com\/blog\/recuo-do-petroleo-alivia-pressao-sobre-petrobras-para-reajuste-dos-combustiveis\/#breadcrumb\",\"itemListElement\":[{\"@type\":\"ListItem\",\"position\":1,\"name\":\"In\u00edcio\",\"item\":\"https:\/\/agenciainfra.com\/blog\/\"},{\"@type\":\"ListItem\",\"position\":2,\"name\":\"Recuo do petr\u00f3leo alivia press\u00e3o sobre Petrobras para reajuste dos combust\u00edveis\"}]},{\"@type\":\"WebSite\",\"@id\":\"https:\/\/agenciainfra.com\/blog\/#website\",\"url\":\"https:\/\/agenciainfra.com\/blog\/\",\"name\":\"Ag\u00eancia iNFRA\",\"description\":\"Multiplataforma de informa\u00e7\u00e3o jornal\u00edstica refer\u00eancia na \u00e1rea de infraestrutura no Brasil!\",\"publisher\":{\"@id\":\"https:\/\/agenciainfra.com\/blog\/#organization\"},\"potentialAction\":[{\"@type\":\"SearchAction\",\"target\":{\"@type\":\"EntryPoint\",\"urlTemplate\":\"https:\/\/agenciainfra.com\/blog\/?s={search_term_string}\"},\"query-input\":{\"@type\":\"PropertyValueSpecification\",\"valueRequired\":true,\"valueName\":\"search_term_string\"}}],\"inLanguage\":\"pt-BR\"},{\"@type\":\"Organization\",\"@id\":\"https:\/\/agenciainfra.com\/blog\/#organization\",\"name\":\"Ag\u00eancia iNFRA\",\"url\":\"https:\/\/agenciainfra.com\/blog\/\",\"logo\":{\"@type\":\"ImageObject\",\"inLanguage\":\"pt-BR\",\"@id\":\"https:\/\/agenciainfra.com\/blog\/#\/schema\/logo\/image\/\",\"url\":\"https:\/\/agenciainfra.com\/blog\/wp-content\/uploads\/2023\/09\/iNFRA_5-e1761735885940.png\",\"contentUrl\":\"https:\/\/agenciainfra.com\/blog\/wp-content\/uploads\/2023\/09\/iNFRA_5-e1761735885940.png\",\"width\":1672,\"height\":454,\"caption\":\"Ag\u00eancia iNFRA\"},\"image\":{\"@id\":\"https:\/\/agenciainfra.com\/blog\/#\/schema\/logo\/image\/\"},\"sameAs\":[\"https:\/\/www.facebook.com\/ageninfra\",\"https:\/\/x.com\/agencia_infra\",\"https:\/\/www.linkedin.com\/company\/ag\u00eanciainfra\/\",\"https:\/\/www.instagram.com\/agenciainfra\/\"]},{\"@type\":\"Person\",\"@id\":\"https:\/\/agenciainfra.com\/blog\/#\/schema\/person\/34af08dff6adea4cb22b06612ba7acfa\",\"name\":\"Ag\u00eancia iNFRA\",\"image\":{\"@type\":\"ImageObject\",\"inLanguage\":\"pt-BR\",\"@id\":\"https:\/\/agenciainfra.com\/blog\/#\/schema\/person\/image\/\",\"url\":\"https:\/\/secure.gravatar.com\/avatar\/d189e01678f06d8eb84d4e01f08eb848b3fffe3f8443818d3c356c66892f5be8?s=96&d=mm&r=g\",\"contentUrl\":\"https:\/\/secure.gravatar.com\/avatar\/d189e01678f06d8eb84d4e01f08eb848b3fffe3f8443818d3c356c66892f5be8?s=96&d=mm&r=g\",\"caption\":\"Ag\u00eancia iNFRA\"},\"url\":\"https:\/\/agenciainfra.com\/blog\/author\/admin\/\"}]}<\/script>\n<!-- \/ Yoast SEO Premium plugin. -->","yoast_head_json":{"title":"Recuo do petr\u00f3leo alivia press\u00e3o sobre Petrobras para reajuste dos combust\u00edveis - Ag\u00eancia iNFRA","robots":{"index":"index","follow":"follow","max-snippet":"max-snippet:-1","max-image-preview":"max-image-preview:large","max-video-preview":"max-video-preview:-1"},"canonical":"https:\/\/agenciainfra.com\/blog\/recuo-do-petroleo-alivia-pressao-sobre-petrobras-para-reajuste-dos-combustiveis\/","og_locale":"pt_BR","og_type":"article","og_title":"Recuo do petr\u00f3leo alivia press\u00e3o sobre Petrobras para reajuste dos combust\u00edveis","og_description":"Gabriel Vasconcelos, da Ag\u00eancia iNFRA A Petrobras n\u00e3o planeja reajustar o pre\u00e7o da gasolina e do diesel fabricados em suas refinarias nos pr\u00f3ximos dias. Essa posi\u00e7\u00e3o foi refor\u00e7ada pela queda na cota\u00e7\u00e3o internacional do petr\u00f3leo, nesta segunda-feira (23), disseram \u00e0&nbsp;Ag\u00eancia iNFRA&nbsp;fontes da companhia com conhecimento sobre a forma\u00e7\u00e3o de pre\u00e7o dos derivados da estatal. &#8220;N\u00e3o [&hellip;]","og_url":"https:\/\/agenciainfra.com\/blog\/recuo-do-petroleo-alivia-pressao-sobre-petrobras-para-reajuste-dos-combustiveis\/","og_site_name":"Ag\u00eancia iNFRA","article_publisher":"https:\/\/www.facebook.com\/ageninfra","article_published_time":"2025-06-24T11:01:00+00:00","article_modified_time":"2025-06-24T17:44:27+00:00","og_image":[{"width":1280,"height":853,"url":"https:\/\/agenciainfra.com\/blog\/wp-content\/uploads\/2021\/01\/combustivel-petrobras-foto-pedro-ventura-agencia-brasilia.jpg","type":"image\/jpeg"}],"author":"Ag\u00eancia iNFRA","twitter_card":"summary_large_image","twitter_creator":"@agencia_infra","twitter_site":"@agencia_infra","twitter_misc":{"Escrito por":"Ag\u00eancia iNFRA","Est. tempo de leitura":"6 minutos"},"schema":{"@context":"https:\/\/schema.org","@graph":[{"@type":"Article","@id":"https:\/\/agenciainfra.com\/blog\/recuo-do-petroleo-alivia-pressao-sobre-petrobras-para-reajuste-dos-combustiveis\/#article","isPartOf":{"@id":"https:\/\/agenciainfra.com\/blog\/recuo-do-petroleo-alivia-pressao-sobre-petrobras-para-reajuste-dos-combustiveis\/"},"author":{"name":"Ag\u00eancia iNFRA","@id":"https:\/\/agenciainfra.com\/blog\/#\/schema\/person\/34af08dff6adea4cb22b06612ba7acfa"},"headline":"Recuo do petr\u00f3leo alivia press\u00e3o sobre Petrobras para reajuste dos combust\u00edveis","datePublished":"2025-06-24T11:01:00+00:00","dateModified":"2025-06-24T17:44:27+00:00","mainEntityOfPage":{"@id":"https:\/\/agenciainfra.com\/blog\/recuo-do-petroleo-alivia-pressao-sobre-petrobras-para-reajuste-dos-combustiveis\/"},"wordCount":1234,"publisher":{"@id":"https:\/\/agenciainfra.com\/blog\/#organization"},"image":{"@id":"https:\/\/agenciainfra.com\/blog\/recuo-do-petroleo-alivia-pressao-sobre-petrobras-para-reajuste-dos-combustiveis\/#primaryimage"},"thumbnailUrl":"https:\/\/agenciainfra.com\/blog\/wp-content\/uploads\/2021\/01\/combustivel-petrobras-foto-pedro-ventura-agencia-brasilia.jpg","keywords":["Brent","combust\u00edveis","diesel","Gabriel Vasconcelos","gasolina","Petrobras","petr\u00f3leo","PPI","pre\u00e7o da gasolina","pre\u00e7o dos combust\u00edveis"],"articleSection":["Geral","\u00d3leo &amp; G\u00e1s"],"inLanguage":"pt-BR","copyrightYear":"2025","copyrightHolder":{"@id":"https:\/\/agenciainfra.com\/blog\/#organization"}},{"@type":"WebPage","@id":"https:\/\/agenciainfra.com\/blog\/recuo-do-petroleo-alivia-pressao-sobre-petrobras-para-reajuste-dos-combustiveis\/","url":"https:\/\/agenciainfra.com\/blog\/recuo-do-petroleo-alivia-pressao-sobre-petrobras-para-reajuste-dos-combustiveis\/","name":"Recuo do petr\u00f3leo alivia press\u00e3o sobre Petrobras para reajuste dos combust\u00edveis - Ag\u00eancia iNFRA","isPartOf":{"@id":"https:\/\/agenciainfra.com\/blog\/#website"},"primaryImageOfPage":{"@id":"https:\/\/agenciainfra.com\/blog\/recuo-do-petroleo-alivia-pressao-sobre-petrobras-para-reajuste-dos-combustiveis\/#primaryimage"},"image":{"@id":"https:\/\/agenciainfra.com\/blog\/recuo-do-petroleo-alivia-pressao-sobre-petrobras-para-reajuste-dos-combustiveis\/#primaryimage"},"thumbnailUrl":"https:\/\/agenciainfra.com\/blog\/wp-content\/uploads\/2021\/01\/combustivel-petrobras-foto-pedro-ventura-agencia-brasilia.jpg","datePublished":"2025-06-24T11:01:00+00:00","dateModified":"2025-06-24T17:44:27+00:00","breadcrumb":{"@id":"https:\/\/agenciainfra.com\/blog\/recuo-do-petroleo-alivia-pressao-sobre-petrobras-para-reajuste-dos-combustiveis\/#breadcrumb"},"inLanguage":"pt-BR","potentialAction":[{"@type":"ReadAction","target":["https:\/\/agenciainfra.com\/blog\/recuo-do-petroleo-alivia-pressao-sobre-petrobras-para-reajuste-dos-combustiveis\/"]}]},{"@type":"ImageObject","inLanguage":"pt-BR","@id":"https:\/\/agenciainfra.com\/blog\/recuo-do-petroleo-alivia-pressao-sobre-petrobras-para-reajuste-dos-combustiveis\/#primaryimage","url":"https:\/\/agenciainfra.com\/blog\/wp-content\/uploads\/2021\/01\/combustivel-petrobras-foto-pedro-ventura-agencia-brasilia.jpg","contentUrl":"https:\/\/agenciainfra.com\/blog\/wp-content\/uploads\/2021\/01\/combustivel-petrobras-foto-pedro-ventura-agencia-brasilia.jpg","width":1280,"height":853,"caption":"Foto: Pedro Ventura\/Ag\u00eancia Bras\u00edlia"},{"@type":"BreadcrumbList","@id":"https:\/\/agenciainfra.com\/blog\/recuo-do-petroleo-alivia-pressao-sobre-petrobras-para-reajuste-dos-combustiveis\/#breadcrumb","itemListElement":[{"@type":"ListItem","position":1,"name":"In\u00edcio","item":"https:\/\/agenciainfra.com\/blog\/"},{"@type":"ListItem","position":2,"name":"Recuo do petr\u00f3leo alivia press\u00e3o sobre Petrobras para reajuste dos combust\u00edveis"}]},{"@type":"WebSite","@id":"https:\/\/agenciainfra.com\/blog\/#website","url":"https:\/\/agenciainfra.com\/blog\/","name":"Ag\u00eancia iNFRA","description":"Multiplataforma de informa\u00e7\u00e3o jornal\u00edstica refer\u00eancia na \u00e1rea de infraestrutura no Brasil!","publisher":{"@id":"https:\/\/agenciainfra.com\/blog\/#organization"},"potentialAction":[{"@type":"SearchAction","target":{"@type":"EntryPoint","urlTemplate":"https:\/\/agenciainfra.com\/blog\/?s={search_term_string}"},"query-input":{"@type":"PropertyValueSpecification","valueRequired":true,"valueName":"search_term_string"}}],"inLanguage":"pt-BR"},{"@type":"Organization","@id":"https:\/\/agenciainfra.com\/blog\/#organization","name":"Ag\u00eancia iNFRA","url":"https:\/\/agenciainfra.com\/blog\/","logo":{"@type":"ImageObject","inLanguage":"pt-BR","@id":"https:\/\/agenciainfra.com\/blog\/#\/schema\/logo\/image\/","url":"https:\/\/agenciainfra.com\/blog\/wp-content\/uploads\/2023\/09\/iNFRA_5-e1761735885940.png","contentUrl":"https:\/\/agenciainfra.com\/blog\/wp-content\/uploads\/2023\/09\/iNFRA_5-e1761735885940.png","width":1672,"height":454,"caption":"Ag\u00eancia iNFRA"},"image":{"@id":"https:\/\/agenciainfra.com\/blog\/#\/schema\/logo\/image\/"},"sameAs":["https:\/\/www.facebook.com\/ageninfra","https:\/\/x.com\/agencia_infra","https:\/\/www.linkedin.com\/company\/ag\u00eanciainfra\/","https:\/\/www.instagram.com\/agenciainfra\/"]},{"@type":"Person","@id":"https:\/\/agenciainfra.com\/blog\/#\/schema\/person\/34af08dff6adea4cb22b06612ba7acfa","name":"Ag\u00eancia iNFRA","image":{"@type":"ImageObject","inLanguage":"pt-BR","@id":"https:\/\/agenciainfra.com\/blog\/#\/schema\/person\/image\/","url":"https:\/\/secure.gravatar.com\/avatar\/d189e01678f06d8eb84d4e01f08eb848b3fffe3f8443818d3c356c66892f5be8?s=96&d=mm&r=g","contentUrl":"https:\/\/secure.gravatar.com\/avatar\/d189e01678f06d8eb84d4e01f08eb848b3fffe3f8443818d3c356c66892f5be8?s=96&d=mm&r=g","caption":"Ag\u00eancia iNFRA"},"url":"https:\/\/agenciainfra.com\/blog\/author\/admin\/"}]}},"_links":{"self":[{"href":"https:\/\/agenciainfra.com\/blog\/wp-json\/wp\/v2\/posts\/23394","targetHints":{"allow":["GET"]}}],"collection":[{"href":"https:\/\/agenciainfra.com\/blog\/wp-json\/wp\/v2\/posts"}],"about":[{"href":"https:\/\/agenciainfra.com\/blog\/wp-json\/wp\/v2\/types\/post"}],"author":[{"embeddable":true,"href":"https:\/\/agenciainfra.com\/blog\/wp-json\/wp\/v2\/users\/1"}],"replies":[{"embeddable":true,"href":"https:\/\/agenciainfra.com\/blog\/wp-json\/wp\/v2\/comments?post=23394"}],"version-history":[{"count":1,"href":"https:\/\/agenciainfra.com\/blog\/wp-json\/wp\/v2\/posts\/23394\/revisions"}],"predecessor-version":[{"id":23395,"href":"https:\/\/agenciainfra.com\/blog\/wp-json\/wp\/v2\/posts\/23394\/revisions\/23395"}],"wp:featuredmedia":[{"embeddable":true,"href":"https:\/\/agenciainfra.com\/blog\/wp-json\/wp\/v2\/media\/6670"}],"wp:attachment":[{"href":"https:\/\/agenciainfra.com\/blog\/wp-json\/wp\/v2\/media?parent=23394"}],"wp:term":[{"taxonomy":"category","embeddable":true,"href":"https:\/\/agenciainfra.com\/blog\/wp-json\/wp\/v2\/categories?post=23394"},{"taxonomy":"post_tag","embeddable":true,"href":"https:\/\/agenciainfra.com\/blog\/wp-json\/wp\/v2\/tags?post=23394"}],"curies":[{"name":"wp","href":"https:\/\/api.w.org\/{rel}","templated":true}]}}