{"id":23443,"date":"2025-06-24T18:25:39","date_gmt":"2025-06-24T21:25:39","guid":{"rendered":"https:\/\/agenciainfra.com\/blog\/?p=23443"},"modified":"2025-06-25T14:27:17","modified_gmt":"2025-06-25T17:27:17","slug":"anac-retoma-slots-da-voepass-para-redistribuicao-e-diretor-aponta-interesse-de-estrangeiras-em-congonhas","status":"publish","type":"post","link":"https:\/\/agenciainfra.com\/blog\/anac-retoma-slots-da-voepass-para-redistribuicao-e-diretor-aponta-interesse-de-estrangeiras-em-congonhas\/","title":{"rendered":"ANAC retoma slots da Voepass para redistribui\u00e7\u00e3o e diretor aponta interesse de estrangeiras em Congonhas"},"content":{"rendered":"\n<p class=\"has-text-align-right\"><strong>Sheyla Santos e Amanda Pupo, da Ag\u00eancia iNFRA<\/strong><\/p>\n\n\n\n<p>A ANAC (Ag\u00eancia Nacional de Avia\u00e7\u00e3o Civil) aprovou nesta ter\u00e7a-feira (24) a retomada da gest\u00e3o dos slots da Passaredo (do grupo Voepass) na temporada W25 (outubro de 2025 a mar\u00e7o de 2026) e a redistribui\u00e7\u00e3o das 20 posi\u00e7\u00f5es da empresa dentro do Aeroporto de Congonhas (SP).<\/p>\n\n\n\n<p>O relator do processo, diretor Tiago Pereira, disse em seu voto estar \u201cmuito mais do que configurado que a Voepass n\u00e3o tem capacidade de aplicar para aloca\u00e7\u00e3o de slot para a pr\u00f3xima temporada\u201d.<\/p>\n\n\n\n<p>Pereira ressaltou no voto que coube \u00e0 ag\u00eancia decidir pela redistribui\u00e7\u00e3o dos 20 slots de maneira definitiva ou numa abordagem provis\u00f3ria, que foi sugerida como alternativa pela superintend\u00eancia da ANAC. Apesar de reconhecer \u201cargumentos favor\u00e1veis\u201d ao modelo de aloca\u00e7\u00e3o tempor\u00e1ria por eventuais ganhos concorrenciais, o relator apontou que eles n\u00e3o justificariam neste momento a cria\u00e7\u00e3o de um novo arranjo regulat\u00f3rio.<\/p>\n\n\n\n<p>Embora n\u00e3o tenha optado pela redistribui\u00e7\u00e3o transit\u00f3ria, Pereira ressaltou que a ag\u00eancia recebeu algumas manifesta\u00e7\u00f5es de interesse de empresas a\u00e9reas estrangeiras que apontaram o acesso a Congonhas como fator relevante para entrada no mercado brasileiro.<\/p>\n\n\n\n<p>Na mesma reuni\u00e3o, a ag\u00eancia decidiu pela cassa\u00e7\u00e3o definitiva do COA (Certificado de Operador A\u00e9reo) da empresa. Segundo a ANAC, n\u00e3o cabem mais recursos \u00e0 decis\u00e3o, que incluiu aplica\u00e7\u00e3o de san\u00e7\u00f5es pecuni\u00e1rias no valor total de R$ 570,4 mil. Em mar\u00e7o, a ag\u00eancia suspendeu, em car\u00e1ter cautelar, as opera\u00e7\u00f5es a\u00e9reas da Voepass.<\/p>\n\n\n\n<p><strong>AmpliAR<\/strong><br>A ag\u00eancia reguladora tamb\u00e9m aprovou o modelo do termo aditivo que ser\u00e1 incorporado aos contratos de concession\u00e1rias de aeroportos que aderirem ao AmpliAR. O programa do MPor (Minist\u00e9rio de Portos e Aeroportos) pretende repassar \u00e0s operadoras aeroportu\u00e1rias a gest\u00e3o de terminais regionais mediante a recomposi\u00e7\u00e3o dos contratos em vigor. A previs\u00e3o da pasta \u00e9 que, na primeira rodada, 19 aeroportos regionais sejam ofertados.<\/p>\n\n\n\n<p>O caso foi relatado pelo diretor-presidente substituto da ANAC, Roberto Honorato. Ele prop\u00f4s alguns ajustes na proposta da SRA (Superintend\u00eancia de Regula\u00e7\u00e3o Econ\u00f4mica de Aeroportos) em voto que foi seguido pelos demais diretores da ag\u00eancia. Entre eles, uma modifica\u00e7\u00e3o no termo aditivo para tornar mais claro quais valores, receitas e custos dos aeroportos regionais n\u00e3o ser\u00e3o revisados pelo governo quando a forma de recomposi\u00e7\u00e3o se der por posterga\u00e7\u00e3o do prazo da concess\u00e3o. O voto tamb\u00e9m exclui da lista de riscos alocados \u00e0 concession\u00e1ria os impactos decorrentes de reforma tribut\u00e1ria.<\/p>\n","protected":false},"excerpt":{"rendered":"<p>Sheyla Santos e Amanda Pupo, da Ag\u00eancia iNFRA A ANAC (Ag\u00eancia Nacional de Avia\u00e7\u00e3o Civil) aprovou nesta ter\u00e7a-feira (24) a retomada da gest\u00e3o dos slots da Passaredo (do grupo Voepass) na temporada W25 (outubro de 2025 a mar\u00e7o de 2026) e a redistribui\u00e7\u00e3o das 20 posi\u00e7\u00f5es da empresa dentro do Aeroporto de Congonhas (SP). O [&hellip;]<\/p>\n","protected":false},"author":1,"featured_media":23444,"comment_status":"closed","ping_status":"closed","sticky":false,"template":"","format":"standard","meta":{"_monsterinsights_skip_tracking":false,"_monsterinsights_sitenote_active":false,"_monsterinsights_sitenote_note":"","_monsterinsights_sitenote_category":0,"footnotes":""},"categories":[7250,1,7],"tags":[1114,11881,242,13954,8302,604,1376,13953],"class_list":["post-23443","post","type-post","status-publish","format-standard","has-post-thumbnail","hentry","category-destaque-lista","category-geral","category-infratransporte","tag-aeroporto-de-congonhas","tag-ampliar","tag-anac","tag-passaredo","tag-roberto-honorato","tag-slots","tag-tiago-pereira","tag-voepass"],"yoast_head":"<!-- This site is optimized with the Yoast SEO Premium plugin v25.4 (Yoast SEO v26.0) - https:\/\/yoast.com\/wordpress\/plugins\/seo\/ -->\n<title>ANAC retoma slots da Voepass para redistribui\u00e7\u00e3o e diretor aponta interesse de estrangeiras em Congonhas - Ag\u00eancia iNFRA<\/title>\n<meta name=\"robots\" content=\"index, follow, max-snippet:-1, max-image-preview:large, max-video-preview:-1\" \/>\n<link rel=\"canonical\" href=\"https:\/\/agenciainfra.com\/blog\/anac-retoma-slots-da-voepass-para-redistribuicao-e-diretor-aponta-interesse-de-estrangeiras-em-congonhas\/\" \/>\n<meta property=\"og:locale\" content=\"pt_BR\" \/>\n<meta property=\"og:type\" content=\"article\" \/>\n<meta property=\"og:title\" content=\"ANAC retoma slots da Voepass para redistribui\u00e7\u00e3o e diretor aponta interesse de estrangeiras em Congonhas\" \/>\n<meta property=\"og:description\" content=\"Sheyla Santos e Amanda Pupo, da Ag\u00eancia iNFRA A ANAC (Ag\u00eancia Nacional de Avia\u00e7\u00e3o Civil) aprovou nesta ter\u00e7a-feira (24) a retomada da gest\u00e3o dos slots da Passaredo (do grupo Voepass) na temporada W25 (outubro de 2025 a mar\u00e7o de 2026) e a redistribui\u00e7\u00e3o das 20 posi\u00e7\u00f5es da empresa dentro do Aeroporto de Congonhas (SP). O [&hellip;]\" \/>\n<meta property=\"og:url\" content=\"https:\/\/agenciainfra.com\/blog\/anac-retoma-slots-da-voepass-para-redistribuicao-e-diretor-aponta-interesse-de-estrangeiras-em-congonhas\/\" \/>\n<meta property=\"og:site_name\" content=\"Ag\u00eancia iNFRA\" \/>\n<meta property=\"article:publisher\" content=\"https:\/\/www.facebook.com\/ageninfra\" \/>\n<meta property=\"article:published_time\" content=\"2025-06-24T21:25:39+00:00\" \/>\n<meta property=\"article:modified_time\" content=\"2025-06-25T17:27:17+00:00\" \/>\n<meta property=\"og:image\" content=\"https:\/\/agenciainfra.com\/blog\/wp-content\/uploads\/2025\/06\/hangar-passaredo-foto-voepass-divulgacao.jpg\" \/>\n\t<meta property=\"og:image:width\" content=\"1280\" \/>\n\t<meta property=\"og:image:height\" content=\"894\" \/>\n\t<meta property=\"og:image:type\" content=\"image\/jpeg\" \/>\n<meta name=\"author\" content=\"Ag\u00eancia iNFRA\" \/>\n<meta name=\"twitter:card\" content=\"summary_large_image\" \/>\n<meta name=\"twitter:creator\" content=\"@agencia_infra\" \/>\n<meta name=\"twitter:site\" content=\"@agencia_infra\" \/>\n<meta name=\"twitter:label1\" content=\"Escrito por\" \/>\n\t<meta name=\"twitter:data1\" content=\"Ag\u00eancia iNFRA\" \/>\n\t<meta name=\"twitter:label2\" content=\"Est. tempo de leitura\" \/>\n\t<meta name=\"twitter:data2\" content=\"2 minutos\" \/>\n<script type=\"application\/ld+json\" class=\"yoast-schema-graph\">{\"@context\":\"https:\/\/schema.org\",\"@graph\":[{\"@type\":\"Article\",\"@id\":\"https:\/\/agenciainfra.com\/blog\/anac-retoma-slots-da-voepass-para-redistribuicao-e-diretor-aponta-interesse-de-estrangeiras-em-congonhas\/#article\",\"isPartOf\":{\"@id\":\"https:\/\/agenciainfra.com\/blog\/anac-retoma-slots-da-voepass-para-redistribuicao-e-diretor-aponta-interesse-de-estrangeiras-em-congonhas\/\"},\"author\":{\"name\":\"Ag\u00eancia iNFRA\",\"@id\":\"https:\/\/agenciainfra.com\/blog\/#\/schema\/person\/34af08dff6adea4cb22b06612ba7acfa\"},\"headline\":\"ANAC retoma slots da Voepass para redistribui\u00e7\u00e3o e diretor aponta interesse de estrangeiras em Congonhas\",\"datePublished\":\"2025-06-24T21:25:39+00:00\",\"dateModified\":\"2025-06-25T17:27:17+00:00\",\"mainEntityOfPage\":{\"@id\":\"https:\/\/agenciainfra.com\/blog\/anac-retoma-slots-da-voepass-para-redistribuicao-e-diretor-aponta-interesse-de-estrangeiras-em-congonhas\/\"},\"wordCount\":455,\"publisher\":{\"@id\":\"https:\/\/agenciainfra.com\/blog\/#organization\"},\"image\":{\"@id\":\"https:\/\/agenciainfra.com\/blog\/anac-retoma-slots-da-voepass-para-redistribuicao-e-diretor-aponta-interesse-de-estrangeiras-em-congonhas\/#primaryimage\"},\"thumbnailUrl\":\"https:\/\/agenciainfra.com\/blog\/wp-content\/uploads\/2025\/06\/hangar-passaredo-foto-voepass-divulgacao.jpg\",\"keywords\":[\"Aeroporto de Congonhas\",\"AmpliAR\",\"ANAC\",\"Passaredo\",\"Roberto Honorato\",\"slots\",\"Tiago Pereira\",\"Voepass\"],\"articleSection\":[\"Destaque lista\",\"Geral\",\"iNFRATransporte\"],\"inLanguage\":\"pt-BR\",\"copyrightYear\":\"2025\",\"copyrightHolder\":{\"@id\":\"https:\/\/agenciainfra.com\/blog\/#organization\"}},{\"@type\":\"WebPage\",\"@id\":\"https:\/\/agenciainfra.com\/blog\/anac-retoma-slots-da-voepass-para-redistribuicao-e-diretor-aponta-interesse-de-estrangeiras-em-congonhas\/\",\"url\":\"https:\/\/agenciainfra.com\/blog\/anac-retoma-slots-da-voepass-para-redistribuicao-e-diretor-aponta-interesse-de-estrangeiras-em-congonhas\/\",\"name\":\"ANAC retoma slots da Voepass para redistribui\u00e7\u00e3o e diretor aponta interesse de estrangeiras em Congonhas - Ag\u00eancia iNFRA\",\"isPartOf\":{\"@id\":\"https:\/\/agenciainfra.com\/blog\/#website\"},\"primaryImageOfPage\":{\"@id\":\"https:\/\/agenciainfra.com\/blog\/anac-retoma-slots-da-voepass-para-redistribuicao-e-diretor-aponta-interesse-de-estrangeiras-em-congonhas\/#primaryimage\"},\"image\":{\"@id\":\"https:\/\/agenciainfra.com\/blog\/anac-retoma-slots-da-voepass-para-redistribuicao-e-diretor-aponta-interesse-de-estrangeiras-em-congonhas\/#primaryimage\"},\"thumbnailUrl\":\"https:\/\/agenciainfra.com\/blog\/wp-content\/uploads\/2025\/06\/hangar-passaredo-foto-voepass-divulgacao.jpg\",\"datePublished\":\"2025-06-24T21:25:39+00:00\",\"dateModified\":\"2025-06-25T17:27:17+00:00\",\"breadcrumb\":{\"@id\":\"https:\/\/agenciainfra.com\/blog\/anac-retoma-slots-da-voepass-para-redistribuicao-e-diretor-aponta-interesse-de-estrangeiras-em-congonhas\/#breadcrumb\"},\"inLanguage\":\"pt-BR\",\"potentialAction\":[{\"@type\":\"ReadAction\",\"target\":[\"https:\/\/agenciainfra.com\/blog\/anac-retoma-slots-da-voepass-para-redistribuicao-e-diretor-aponta-interesse-de-estrangeiras-em-congonhas\/\"]}]},{\"@type\":\"ImageObject\",\"inLanguage\":\"pt-BR\",\"@id\":\"https:\/\/agenciainfra.com\/blog\/anac-retoma-slots-da-voepass-para-redistribuicao-e-diretor-aponta-interesse-de-estrangeiras-em-congonhas\/#primaryimage\",\"url\":\"https:\/\/agenciainfra.com\/blog\/wp-content\/uploads\/2025\/06\/hangar-passaredo-foto-voepass-divulgacao.jpg\",\"contentUrl\":\"https:\/\/agenciainfra.com\/blog\/wp-content\/uploads\/2025\/06\/hangar-passaredo-foto-voepass-divulgacao.jpg\",\"width\":1280,\"height\":894,\"caption\":\"Carol Silvestre\"},{\"@type\":\"BreadcrumbList\",\"@id\":\"https:\/\/agenciainfra.com\/blog\/anac-retoma-slots-da-voepass-para-redistribuicao-e-diretor-aponta-interesse-de-estrangeiras-em-congonhas\/#breadcrumb\",\"itemListElement\":[{\"@type\":\"ListItem\",\"position\":1,\"name\":\"In\u00edcio\",\"item\":\"https:\/\/agenciainfra.com\/blog\/\"},{\"@type\":\"ListItem\",\"position\":2,\"name\":\"ANAC retoma slots da Voepass para redistribui\u00e7\u00e3o e diretor aponta interesse de estrangeiras em Congonhas\"}]},{\"@type\":\"WebSite\",\"@id\":\"https:\/\/agenciainfra.com\/blog\/#website\",\"url\":\"https:\/\/agenciainfra.com\/blog\/\",\"name\":\"Ag\u00eancia iNFRA\",\"description\":\"Multiplataforma de informa\u00e7\u00e3o jornal\u00edstica refer\u00eancia na \u00e1rea de infraestrutura no Brasil!\",\"publisher\":{\"@id\":\"https:\/\/agenciainfra.com\/blog\/#organization\"},\"potentialAction\":[{\"@type\":\"SearchAction\",\"target\":{\"@type\":\"EntryPoint\",\"urlTemplate\":\"https:\/\/agenciainfra.com\/blog\/?s={search_term_string}\"},\"query-input\":{\"@type\":\"PropertyValueSpecification\",\"valueRequired\":true,\"valueName\":\"search_term_string\"}}],\"inLanguage\":\"pt-BR\"},{\"@type\":\"Organization\",\"@id\":\"https:\/\/agenciainfra.com\/blog\/#organization\",\"name\":\"Ag\u00eancia iNFRA\",\"url\":\"https:\/\/agenciainfra.com\/blog\/\",\"logo\":{\"@type\":\"ImageObject\",\"inLanguage\":\"pt-BR\",\"@id\":\"https:\/\/agenciainfra.com\/blog\/#\/schema\/logo\/image\/\",\"url\":\"https:\/\/agenciainfra.com\/blog\/wp-content\/uploads\/2023\/09\/iNFRA_5-e1761735885940.png\",\"contentUrl\":\"https:\/\/agenciainfra.com\/blog\/wp-content\/uploads\/2023\/09\/iNFRA_5-e1761735885940.png\",\"width\":1672,\"height\":454,\"caption\":\"Ag\u00eancia iNFRA\"},\"image\":{\"@id\":\"https:\/\/agenciainfra.com\/blog\/#\/schema\/logo\/image\/\"},\"sameAs\":[\"https:\/\/www.facebook.com\/ageninfra\",\"https:\/\/x.com\/agencia_infra\",\"https:\/\/www.linkedin.com\/company\/ag\u00eanciainfra\/\",\"https:\/\/www.instagram.com\/agenciainfra\/\"]},{\"@type\":\"Person\",\"@id\":\"https:\/\/agenciainfra.com\/blog\/#\/schema\/person\/34af08dff6adea4cb22b06612ba7acfa\",\"name\":\"Ag\u00eancia iNFRA\",\"image\":{\"@type\":\"ImageObject\",\"inLanguage\":\"pt-BR\",\"@id\":\"https:\/\/agenciainfra.com\/blog\/#\/schema\/person\/image\/\",\"url\":\"https:\/\/secure.gravatar.com\/avatar\/d189e01678f06d8eb84d4e01f08eb848b3fffe3f8443818d3c356c66892f5be8?s=96&d=mm&r=g\",\"contentUrl\":\"https:\/\/secure.gravatar.com\/avatar\/d189e01678f06d8eb84d4e01f08eb848b3fffe3f8443818d3c356c66892f5be8?s=96&d=mm&r=g\",\"caption\":\"Ag\u00eancia iNFRA\"},\"url\":\"https:\/\/agenciainfra.com\/blog\/author\/admin\/\"}]}<\/script>\n<!-- \/ Yoast SEO Premium plugin. -->","yoast_head_json":{"title":"ANAC retoma slots da Voepass para redistribui\u00e7\u00e3o e diretor aponta interesse de estrangeiras em Congonhas - Ag\u00eancia iNFRA","robots":{"index":"index","follow":"follow","max-snippet":"max-snippet:-1","max-image-preview":"max-image-preview:large","max-video-preview":"max-video-preview:-1"},"canonical":"https:\/\/agenciainfra.com\/blog\/anac-retoma-slots-da-voepass-para-redistribuicao-e-diretor-aponta-interesse-de-estrangeiras-em-congonhas\/","og_locale":"pt_BR","og_type":"article","og_title":"ANAC retoma slots da Voepass para redistribui\u00e7\u00e3o e diretor aponta interesse de estrangeiras em Congonhas","og_description":"Sheyla Santos e Amanda Pupo, da Ag\u00eancia iNFRA A ANAC (Ag\u00eancia Nacional de Avia\u00e7\u00e3o Civil) aprovou nesta ter\u00e7a-feira (24) a retomada da gest\u00e3o dos slots da Passaredo (do grupo Voepass) na temporada W25 (outubro de 2025 a mar\u00e7o de 2026) e a redistribui\u00e7\u00e3o das 20 posi\u00e7\u00f5es da empresa dentro do Aeroporto de Congonhas (SP). O [&hellip;]","og_url":"https:\/\/agenciainfra.com\/blog\/anac-retoma-slots-da-voepass-para-redistribuicao-e-diretor-aponta-interesse-de-estrangeiras-em-congonhas\/","og_site_name":"Ag\u00eancia iNFRA","article_publisher":"https:\/\/www.facebook.com\/ageninfra","article_published_time":"2025-06-24T21:25:39+00:00","article_modified_time":"2025-06-25T17:27:17+00:00","og_image":[{"width":1280,"height":894,"url":"https:\/\/agenciainfra.com\/blog\/wp-content\/uploads\/2025\/06\/hangar-passaredo-foto-voepass-divulgacao.jpg","type":"image\/jpeg"}],"author":"Ag\u00eancia iNFRA","twitter_card":"summary_large_image","twitter_creator":"@agencia_infra","twitter_site":"@agencia_infra","twitter_misc":{"Escrito por":"Ag\u00eancia iNFRA","Est. tempo de leitura":"2 minutos"},"schema":{"@context":"https:\/\/schema.org","@graph":[{"@type":"Article","@id":"https:\/\/agenciainfra.com\/blog\/anac-retoma-slots-da-voepass-para-redistribuicao-e-diretor-aponta-interesse-de-estrangeiras-em-congonhas\/#article","isPartOf":{"@id":"https:\/\/agenciainfra.com\/blog\/anac-retoma-slots-da-voepass-para-redistribuicao-e-diretor-aponta-interesse-de-estrangeiras-em-congonhas\/"},"author":{"name":"Ag\u00eancia iNFRA","@id":"https:\/\/agenciainfra.com\/blog\/#\/schema\/person\/34af08dff6adea4cb22b06612ba7acfa"},"headline":"ANAC retoma slots da Voepass para redistribui\u00e7\u00e3o e diretor aponta interesse de estrangeiras em Congonhas","datePublished":"2025-06-24T21:25:39+00:00","dateModified":"2025-06-25T17:27:17+00:00","mainEntityOfPage":{"@id":"https:\/\/agenciainfra.com\/blog\/anac-retoma-slots-da-voepass-para-redistribuicao-e-diretor-aponta-interesse-de-estrangeiras-em-congonhas\/"},"wordCount":455,"publisher":{"@id":"https:\/\/agenciainfra.com\/blog\/#organization"},"image":{"@id":"https:\/\/agenciainfra.com\/blog\/anac-retoma-slots-da-voepass-para-redistribuicao-e-diretor-aponta-interesse-de-estrangeiras-em-congonhas\/#primaryimage"},"thumbnailUrl":"https:\/\/agenciainfra.com\/blog\/wp-content\/uploads\/2025\/06\/hangar-passaredo-foto-voepass-divulgacao.jpg","keywords":["Aeroporto de Congonhas","AmpliAR","ANAC","Passaredo","Roberto Honorato","slots","Tiago Pereira","Voepass"],"articleSection":["Destaque lista","Geral","iNFRATransporte"],"inLanguage":"pt-BR","copyrightYear":"2025","copyrightHolder":{"@id":"https:\/\/agenciainfra.com\/blog\/#organization"}},{"@type":"WebPage","@id":"https:\/\/agenciainfra.com\/blog\/anac-retoma-slots-da-voepass-para-redistribuicao-e-diretor-aponta-interesse-de-estrangeiras-em-congonhas\/","url":"https:\/\/agenciainfra.com\/blog\/anac-retoma-slots-da-voepass-para-redistribuicao-e-diretor-aponta-interesse-de-estrangeiras-em-congonhas\/","name":"ANAC retoma slots da Voepass para redistribui\u00e7\u00e3o e diretor aponta interesse de estrangeiras em Congonhas - Ag\u00eancia iNFRA","isPartOf":{"@id":"https:\/\/agenciainfra.com\/blog\/#website"},"primaryImageOfPage":{"@id":"https:\/\/agenciainfra.com\/blog\/anac-retoma-slots-da-voepass-para-redistribuicao-e-diretor-aponta-interesse-de-estrangeiras-em-congonhas\/#primaryimage"},"image":{"@id":"https:\/\/agenciainfra.com\/blog\/anac-retoma-slots-da-voepass-para-redistribuicao-e-diretor-aponta-interesse-de-estrangeiras-em-congonhas\/#primaryimage"},"thumbnailUrl":"https:\/\/agenciainfra.com\/blog\/wp-content\/uploads\/2025\/06\/hangar-passaredo-foto-voepass-divulgacao.jpg","datePublished":"2025-06-24T21:25:39+00:00","dateModified":"2025-06-25T17:27:17+00:00","breadcrumb":{"@id":"https:\/\/agenciainfra.com\/blog\/anac-retoma-slots-da-voepass-para-redistribuicao-e-diretor-aponta-interesse-de-estrangeiras-em-congonhas\/#breadcrumb"},"inLanguage":"pt-BR","potentialAction":[{"@type":"ReadAction","target":["https:\/\/agenciainfra.com\/blog\/anac-retoma-slots-da-voepass-para-redistribuicao-e-diretor-aponta-interesse-de-estrangeiras-em-congonhas\/"]}]},{"@type":"ImageObject","inLanguage":"pt-BR","@id":"https:\/\/agenciainfra.com\/blog\/anac-retoma-slots-da-voepass-para-redistribuicao-e-diretor-aponta-interesse-de-estrangeiras-em-congonhas\/#primaryimage","url":"https:\/\/agenciainfra.com\/blog\/wp-content\/uploads\/2025\/06\/hangar-passaredo-foto-voepass-divulgacao.jpg","contentUrl":"https:\/\/agenciainfra.com\/blog\/wp-content\/uploads\/2025\/06\/hangar-passaredo-foto-voepass-divulgacao.jpg","width":1280,"height":894,"caption":"Carol Silvestre"},{"@type":"BreadcrumbList","@id":"https:\/\/agenciainfra.com\/blog\/anac-retoma-slots-da-voepass-para-redistribuicao-e-diretor-aponta-interesse-de-estrangeiras-em-congonhas\/#breadcrumb","itemListElement":[{"@type":"ListItem","position":1,"name":"In\u00edcio","item":"https:\/\/agenciainfra.com\/blog\/"},{"@type":"ListItem","position":2,"name":"ANAC retoma slots da Voepass para redistribui\u00e7\u00e3o e diretor aponta interesse de estrangeiras em Congonhas"}]},{"@type":"WebSite","@id":"https:\/\/agenciainfra.com\/blog\/#website","url":"https:\/\/agenciainfra.com\/blog\/","name":"Ag\u00eancia iNFRA","description":"Multiplataforma de informa\u00e7\u00e3o jornal\u00edstica refer\u00eancia na \u00e1rea de infraestrutura no Brasil!","publisher":{"@id":"https:\/\/agenciainfra.com\/blog\/#organization"},"potentialAction":[{"@type":"SearchAction","target":{"@type":"EntryPoint","urlTemplate":"https:\/\/agenciainfra.com\/blog\/?s={search_term_string}"},"query-input":{"@type":"PropertyValueSpecification","valueRequired":true,"valueName":"search_term_string"}}],"inLanguage":"pt-BR"},{"@type":"Organization","@id":"https:\/\/agenciainfra.com\/blog\/#organization","name":"Ag\u00eancia iNFRA","url":"https:\/\/agenciainfra.com\/blog\/","logo":{"@type":"ImageObject","inLanguage":"pt-BR","@id":"https:\/\/agenciainfra.com\/blog\/#\/schema\/logo\/image\/","url":"https:\/\/agenciainfra.com\/blog\/wp-content\/uploads\/2023\/09\/iNFRA_5-e1761735885940.png","contentUrl":"https:\/\/agenciainfra.com\/blog\/wp-content\/uploads\/2023\/09\/iNFRA_5-e1761735885940.png","width":1672,"height":454,"caption":"Ag\u00eancia iNFRA"},"image":{"@id":"https:\/\/agenciainfra.com\/blog\/#\/schema\/logo\/image\/"},"sameAs":["https:\/\/www.facebook.com\/ageninfra","https:\/\/x.com\/agencia_infra","https:\/\/www.linkedin.com\/company\/ag\u00eanciainfra\/","https:\/\/www.instagram.com\/agenciainfra\/"]},{"@type":"Person","@id":"https:\/\/agenciainfra.com\/blog\/#\/schema\/person\/34af08dff6adea4cb22b06612ba7acfa","name":"Ag\u00eancia iNFRA","image":{"@type":"ImageObject","inLanguage":"pt-BR","@id":"https:\/\/agenciainfra.com\/blog\/#\/schema\/person\/image\/","url":"https:\/\/secure.gravatar.com\/avatar\/d189e01678f06d8eb84d4e01f08eb848b3fffe3f8443818d3c356c66892f5be8?s=96&d=mm&r=g","contentUrl":"https:\/\/secure.gravatar.com\/avatar\/d189e01678f06d8eb84d4e01f08eb848b3fffe3f8443818d3c356c66892f5be8?s=96&d=mm&r=g","caption":"Ag\u00eancia iNFRA"},"url":"https:\/\/agenciainfra.com\/blog\/author\/admin\/"}]}},"_links":{"self":[{"href":"https:\/\/agenciainfra.com\/blog\/wp-json\/wp\/v2\/posts\/23443","targetHints":{"allow":["GET"]}}],"collection":[{"href":"https:\/\/agenciainfra.com\/blog\/wp-json\/wp\/v2\/posts"}],"about":[{"href":"https:\/\/agenciainfra.com\/blog\/wp-json\/wp\/v2\/types\/post"}],"author":[{"embeddable":true,"href":"https:\/\/agenciainfra.com\/blog\/wp-json\/wp\/v2\/users\/1"}],"replies":[{"embeddable":true,"href":"https:\/\/agenciainfra.com\/blog\/wp-json\/wp\/v2\/comments?post=23443"}],"version-history":[{"count":1,"href":"https:\/\/agenciainfra.com\/blog\/wp-json\/wp\/v2\/posts\/23443\/revisions"}],"predecessor-version":[{"id":23445,"href":"https:\/\/agenciainfra.com\/blog\/wp-json\/wp\/v2\/posts\/23443\/revisions\/23445"}],"wp:featuredmedia":[{"embeddable":true,"href":"https:\/\/agenciainfra.com\/blog\/wp-json\/wp\/v2\/media\/23444"}],"wp:attachment":[{"href":"https:\/\/agenciainfra.com\/blog\/wp-json\/wp\/v2\/media?parent=23443"}],"wp:term":[{"taxonomy":"category","embeddable":true,"href":"https:\/\/agenciainfra.com\/blog\/wp-json\/wp\/v2\/categories?post=23443"},{"taxonomy":"post_tag","embeddable":true,"href":"https:\/\/agenciainfra.com\/blog\/wp-json\/wp\/v2\/tags?post=23443"}],"curies":[{"name":"wp","href":"https:\/\/api.w.org\/{rel}","templated":true}]}}