{"id":2345,"date":"2018-08-22T12:05:14","date_gmt":"2018-08-22T15:05:14","guid":{"rendered":"http:\/\/www.agenciainfra.com\/blog\/?p=2345"},"modified":"2018-08-22T12:05:14","modified_gmt":"2018-08-22T15:05:14","slug":"tcu-tende-a-rever-restricao-de-voos-na-pampulha-mg","status":"publish","type":"post","link":"https:\/\/agenciainfra.com\/blog\/tcu-tende-a-rever-restricao-de-voos-na-pampulha-mg\/","title":{"rendered":"TCU tende a rever restri\u00e7\u00e3o de voos na Pampulha (MG)"},"content":{"rendered":"<h5 style=\"text-align: right;\"><strong>Dimmi Amora, da Ag\u00eancia iNFRA<\/strong><\/h5>\n<div>\n<p dir=\"ltr\">Est\u00e1 em fase final de an\u00e1lise de m\u00e9rito o processo no TCU (Tribunal de Contas da Uni\u00e3o) que avalia\u00a0a legalidade da portaria do governo federal que autorizou voos de jato entre estados no Aeroporto da Pampulha, em Belo Horizonte (MG). A tend\u00eancia do \u00f3rg\u00e3o \u00e9 rever a decis\u00e3o de dezembro do ano passado que suspendeu cautelarmente a autoriza\u00e7\u00e3o.<\/p>\n<p>A liminar, do ministro Bruno Dantas, j\u00e1 foi confirmada em plen\u00e1rio por uma diferen\u00e7a pequena de votos, 5 a favor e 3 contra. Pela decis\u00e3o do ano passado, ficavam suspensos os efeitos da Portaria 911\/2017 do minist\u00e9rio dos Transportes, Portos e Avia\u00e7\u00e3o Civil, que autorizou a Infraero a fazer voos desse tipo nessa unidade.<\/p>\n<p>A reclama\u00e7\u00e3o ao TCU foi apresentada pelo senador Ant\u00f4nio Anastasia (PSDB-MG). A concession\u00e1ria do Aeroporto de Confins, cuja CCR \u00e9 a controladora mas tem a Infraero como s\u00f3cia minorit\u00e1ria, aponta que haver\u00e1 preju\u00edzo para a opera\u00e7\u00e3o e que a decis\u00e3o pode retirar voos internacionais da unidade pela falta de conectividade.<\/p>\n<p>De acordo com a concession\u00e1ria de Confins, a abertura da Pampulha tamb\u00e9m seria ilegal e traria conflito concorrencial com a s\u00f3cia, a Infraero. Nas contas de Confins, a estatal perderia mais que ganharia com a abertura do aeroporto da capital mineira para esse tipo de voo.<\/p>\n<p>A Infraero apresentou outra conta e diz que seu aeroporto na capital mineira\u00a0vai atender a uma demanda reprimida de, no m\u00e1ximo, 2,2 milh\u00f5es de passageiros ano, sem prejudicar Confins, al\u00e9m de reverter um preju\u00edzo anual de R$ 30 milh\u00f5es que a unidade\u00a0apresenta.<\/p>\n<p>Ap\u00f3s a cautelar, a \u00e1rea t\u00e9cnica do TCU passou a analisar os argumentos e manteve sua posi\u00e7\u00e3o de que, pelas regras avia\u00e7\u00e3o, a Infraero tem o direito de operar esse tipo de voo na Pampulha. Os argumentos de Confins, que foram\u00a0aceitos\u00a0como\u00a0<em>amicus curiae<\/em>\u00a0no processo, foram analisados e tendem a ser considerados improcedentes.<\/p>\n<p>A ANAC mant\u00e9m sua posi\u00e7\u00e3o, hist\u00f3rica, de que n\u00e3o pode negar pedidos de voos se o aeroporto tiver condi\u00e7\u00f5es operacionais e n\u00e3o houver restri\u00e7\u00f5es legais, o que s\u00f3 ocorria por causa de atos do governo revogados pela portaria 911\/2017.<\/p>\n<p><strong>Tend\u00eancia<\/strong><br \/>\nO processo vai refor\u00e7ar uma tend\u00eancia do TCU de n\u00e3o barrar previamente atos de gest\u00e3o do governo que caibam dentro da discricionariedade dos \u00f3rg\u00e3os, mesmo que esses atos possam n\u00e3o estar devidamente instru\u00eddos, como o argumento inicial do caso apontava, ou n\u00e3o tenham tido os estudos adequados para demonstrar a qualidade da pol\u00edtica p\u00fablica.<\/p>\n<p>No caso da Pampulha, um dos argumentos iniciais foi de que, para fazer a proibi\u00e7\u00e3o dos voos, o governo fez estudos e levantamentos mostrando que o ato seria mais vantajoso. Mas, para revogar o ato, n\u00e3o houve qualquer tipo de an\u00e1lise, bastando apenas uma portaria sem qualquer fundamenta\u00e7\u00e3o t\u00e9cnica.<\/p>\n<p>A portaria foi publicada perto da vota\u00e7\u00e3o da segunda den\u00fancia de impeachment contra o presidente Michel Temer. Ela teria sido publicada em troca do apoio do PR, que controla a Infraero, para barrar a den\u00fancia.<\/p>\n<\/div>\n","protected":false},"excerpt":{"rendered":"<p>Dimmi Amora, da Ag\u00eancia iNFRA Est\u00e1 em fase final de an\u00e1lise de m\u00e9rito o processo no TCU (Tribunal de Contas da Uni\u00e3o) que avalia\u00a0a legalidade da portaria do governo federal que autorizou voos de jato entre estados no Aeroporto da Pampulha, em Belo Horizonte (MG). A tend\u00eancia do \u00f3rg\u00e3o \u00e9 rever a decis\u00e3o de dezembro [&hellip;]<\/p>\n","protected":false},"author":1,"featured_media":2346,"comment_status":"closed","ping_status":"open","sticky":false,"template":"","format":"standard","meta":{"_monsterinsights_skip_tracking":false,"_monsterinsights_sitenote_active":false,"_monsterinsights_sitenote_note":"","_monsterinsights_sitenote_category":0,"footnotes":""},"categories":[7],"tags":[60,236,588,22,61,587],"class_list":["post-2345","post","type-post","status-publish","format-standard","has-post-thumbnail","hentry","category-infratransporte","tag-aeroporto","tag-aviacao","tag-ccr","tag-concessao","tag-infraero","tag-pampulha"],"yoast_head":"<!-- This site is optimized with the Yoast SEO Premium plugin v25.4 (Yoast SEO v26.0) - https:\/\/yoast.com\/wordpress\/plugins\/seo\/ -->\n<title>TCU tende a rever restri\u00e7\u00e3o de voos na Pampulha (MG) - Ag\u00eancia iNFRA<\/title>\n<meta name=\"robots\" content=\"index, follow, max-snippet:-1, max-image-preview:large, max-video-preview:-1\" \/>\n<link rel=\"canonical\" href=\"https:\/\/agenciainfra.com\/blog\/tcu-tende-a-rever-restricao-de-voos-na-pampulha-mg\/\" \/>\n<meta property=\"og:locale\" content=\"pt_BR\" \/>\n<meta property=\"og:type\" content=\"article\" \/>\n<meta property=\"og:title\" content=\"TCU tende a rever restri\u00e7\u00e3o de voos na Pampulha (MG)\" \/>\n<meta property=\"og:description\" content=\"Dimmi Amora, da Ag\u00eancia iNFRA Est\u00e1 em fase final de an\u00e1lise de m\u00e9rito o processo no TCU (Tribunal de Contas da Uni\u00e3o) que avalia\u00a0a legalidade da portaria do governo federal que autorizou voos de jato entre estados no Aeroporto da Pampulha, em Belo Horizonte (MG). A tend\u00eancia do \u00f3rg\u00e3o \u00e9 rever a decis\u00e3o de dezembro [&hellip;]\" \/>\n<meta property=\"og:url\" content=\"https:\/\/agenciainfra.com\/blog\/tcu-tende-a-rever-restricao-de-voos-na-pampulha-mg\/\" \/>\n<meta property=\"og:site_name\" content=\"Ag\u00eancia iNFRA\" \/>\n<meta property=\"article:publisher\" content=\"https:\/\/www.facebook.com\/ageninfra\" \/>\n<meta property=\"article:published_time\" content=\"2018-08-22T15:05:14+00:00\" \/>\n<meta property=\"og:image\" content=\"https:\/\/agenciainfra.com\/blog\/wp-content\/uploads\/2018\/08\/31993268002_e8f45e0c84_z.jpg\" \/>\n\t<meta property=\"og:image:width\" content=\"640\" \/>\n\t<meta property=\"og:image:height\" content=\"425\" \/>\n\t<meta property=\"og:image:type\" content=\"image\/jpeg\" \/>\n<meta name=\"author\" content=\"Ag\u00eancia iNFRA\" \/>\n<meta name=\"twitter:card\" content=\"summary_large_image\" \/>\n<meta name=\"twitter:creator\" content=\"@agencia_infra\" \/>\n<meta name=\"twitter:site\" content=\"@agencia_infra\" \/>\n<meta name=\"twitter:label1\" content=\"Escrito por\" \/>\n\t<meta name=\"twitter:data1\" content=\"Ag\u00eancia iNFRA\" \/>\n\t<meta name=\"twitter:label2\" content=\"Est. tempo de leitura\" \/>\n\t<meta name=\"twitter:data2\" content=\"3 minutos\" \/>\n<script type=\"application\/ld+json\" class=\"yoast-schema-graph\">{\"@context\":\"https:\/\/schema.org\",\"@graph\":[{\"@type\":\"Article\",\"@id\":\"https:\/\/agenciainfra.com\/blog\/tcu-tende-a-rever-restricao-de-voos-na-pampulha-mg\/#article\",\"isPartOf\":{\"@id\":\"https:\/\/agenciainfra.com\/blog\/tcu-tende-a-rever-restricao-de-voos-na-pampulha-mg\/\"},\"author\":{\"name\":\"Ag\u00eancia iNFRA\",\"@id\":\"https:\/\/agenciainfra.com\/blog\/#\/schema\/person\/34af08dff6adea4cb22b06612ba7acfa\"},\"headline\":\"TCU tende a rever restri\u00e7\u00e3o de voos na Pampulha (MG)\",\"datePublished\":\"2018-08-22T15:05:14+00:00\",\"mainEntityOfPage\":{\"@id\":\"https:\/\/agenciainfra.com\/blog\/tcu-tende-a-rever-restricao-de-voos-na-pampulha-mg\/\"},\"wordCount\":553,\"publisher\":{\"@id\":\"https:\/\/agenciainfra.com\/blog\/#organization\"},\"image\":{\"@id\":\"https:\/\/agenciainfra.com\/blog\/tcu-tende-a-rever-restricao-de-voos-na-pampulha-mg\/#primaryimage\"},\"thumbnailUrl\":\"https:\/\/agenciainfra.com\/blog\/wp-content\/uploads\/2018\/08\/31993268002_e8f45e0c84_z.jpg\",\"keywords\":[\"aeroporto\",\"avia\u00e7\u00e3o\",\"CCR\",\"Concess\u00e3o\",\"Infraero\",\"Pampulha\"],\"articleSection\":[\"iNFRATransporte\"],\"inLanguage\":\"pt-BR\",\"copyrightYear\":\"2018\",\"copyrightHolder\":{\"@id\":\"https:\/\/agenciainfra.com\/blog\/#organization\"}},{\"@type\":\"WebPage\",\"@id\":\"https:\/\/agenciainfra.com\/blog\/tcu-tende-a-rever-restricao-de-voos-na-pampulha-mg\/\",\"url\":\"https:\/\/agenciainfra.com\/blog\/tcu-tende-a-rever-restricao-de-voos-na-pampulha-mg\/\",\"name\":\"TCU tende a rever restri\u00e7\u00e3o de voos na Pampulha (MG) - Ag\u00eancia iNFRA\",\"isPartOf\":{\"@id\":\"https:\/\/agenciainfra.com\/blog\/#website\"},\"primaryImageOfPage\":{\"@id\":\"https:\/\/agenciainfra.com\/blog\/tcu-tende-a-rever-restricao-de-voos-na-pampulha-mg\/#primaryimage\"},\"image\":{\"@id\":\"https:\/\/agenciainfra.com\/blog\/tcu-tende-a-rever-restricao-de-voos-na-pampulha-mg\/#primaryimage\"},\"thumbnailUrl\":\"https:\/\/agenciainfra.com\/blog\/wp-content\/uploads\/2018\/08\/31993268002_e8f45e0c84_z.jpg\",\"datePublished\":\"2018-08-22T15:05:14+00:00\",\"breadcrumb\":{\"@id\":\"https:\/\/agenciainfra.com\/blog\/tcu-tende-a-rever-restricao-de-voos-na-pampulha-mg\/#breadcrumb\"},\"inLanguage\":\"pt-BR\",\"potentialAction\":[{\"@type\":\"ReadAction\",\"target\":[\"https:\/\/agenciainfra.com\/blog\/tcu-tende-a-rever-restricao-de-voos-na-pampulha-mg\/\"]}]},{\"@type\":\"ImageObject\",\"inLanguage\":\"pt-BR\",\"@id\":\"https:\/\/agenciainfra.com\/blog\/tcu-tende-a-rever-restricao-de-voos-na-pampulha-mg\/#primaryimage\",\"url\":\"https:\/\/agenciainfra.com\/blog\/wp-content\/uploads\/2018\/08\/31993268002_e8f45e0c84_z.jpg\",\"contentUrl\":\"https:\/\/agenciainfra.com\/blog\/wp-content\/uploads\/2018\/08\/31993268002_e8f45e0c84_z.jpg\",\"width\":640,\"height\":425},{\"@type\":\"BreadcrumbList\",\"@id\":\"https:\/\/agenciainfra.com\/blog\/tcu-tende-a-rever-restricao-de-voos-na-pampulha-mg\/#breadcrumb\",\"itemListElement\":[{\"@type\":\"ListItem\",\"position\":1,\"name\":\"In\u00edcio\",\"item\":\"https:\/\/agenciainfra.com\/blog\/\"},{\"@type\":\"ListItem\",\"position\":2,\"name\":\"TCU tende a rever restri\u00e7\u00e3o de voos na Pampulha (MG)\"}]},{\"@type\":\"WebSite\",\"@id\":\"https:\/\/agenciainfra.com\/blog\/#website\",\"url\":\"https:\/\/agenciainfra.com\/blog\/\",\"name\":\"Ag\u00eancia iNFRA\",\"description\":\"Multiplataforma de informa\u00e7\u00e3o jornal\u00edstica refer\u00eancia na \u00e1rea de infraestrutura no Brasil!\",\"publisher\":{\"@id\":\"https:\/\/agenciainfra.com\/blog\/#organization\"},\"potentialAction\":[{\"@type\":\"SearchAction\",\"target\":{\"@type\":\"EntryPoint\",\"urlTemplate\":\"https:\/\/agenciainfra.com\/blog\/?s={search_term_string}\"},\"query-input\":{\"@type\":\"PropertyValueSpecification\",\"valueRequired\":true,\"valueName\":\"search_term_string\"}}],\"inLanguage\":\"pt-BR\"},{\"@type\":\"Organization\",\"@id\":\"https:\/\/agenciainfra.com\/blog\/#organization\",\"name\":\"Ag\u00eancia iNFRA\",\"url\":\"https:\/\/agenciainfra.com\/blog\/\",\"logo\":{\"@type\":\"ImageObject\",\"inLanguage\":\"pt-BR\",\"@id\":\"https:\/\/agenciainfra.com\/blog\/#\/schema\/logo\/image\/\",\"url\":\"https:\/\/agenciainfra.com\/blog\/wp-content\/uploads\/2023\/09\/iNFRA_5-e1761735885940.png\",\"contentUrl\":\"https:\/\/agenciainfra.com\/blog\/wp-content\/uploads\/2023\/09\/iNFRA_5-e1761735885940.png\",\"width\":1672,\"height\":454,\"caption\":\"Ag\u00eancia iNFRA\"},\"image\":{\"@id\":\"https:\/\/agenciainfra.com\/blog\/#\/schema\/logo\/image\/\"},\"sameAs\":[\"https:\/\/www.facebook.com\/ageninfra\",\"https:\/\/x.com\/agencia_infra\",\"https:\/\/www.linkedin.com\/company\/ag\u00eanciainfra\/\",\"https:\/\/www.instagram.com\/agenciainfra\/\"]},{\"@type\":\"Person\",\"@id\":\"https:\/\/agenciainfra.com\/blog\/#\/schema\/person\/34af08dff6adea4cb22b06612ba7acfa\",\"name\":\"Ag\u00eancia iNFRA\",\"image\":{\"@type\":\"ImageObject\",\"inLanguage\":\"pt-BR\",\"@id\":\"https:\/\/agenciainfra.com\/blog\/#\/schema\/person\/image\/\",\"url\":\"https:\/\/secure.gravatar.com\/avatar\/d189e01678f06d8eb84d4e01f08eb848b3fffe3f8443818d3c356c66892f5be8?s=96&d=mm&r=g\",\"contentUrl\":\"https:\/\/secure.gravatar.com\/avatar\/d189e01678f06d8eb84d4e01f08eb848b3fffe3f8443818d3c356c66892f5be8?s=96&d=mm&r=g\",\"caption\":\"Ag\u00eancia iNFRA\"},\"url\":\"https:\/\/agenciainfra.com\/blog\/author\/admin\/\"}]}<\/script>\n<!-- \/ Yoast SEO Premium plugin. -->","yoast_head_json":{"title":"TCU tende a rever restri\u00e7\u00e3o de voos na Pampulha (MG) - Ag\u00eancia iNFRA","robots":{"index":"index","follow":"follow","max-snippet":"max-snippet:-1","max-image-preview":"max-image-preview:large","max-video-preview":"max-video-preview:-1"},"canonical":"https:\/\/agenciainfra.com\/blog\/tcu-tende-a-rever-restricao-de-voos-na-pampulha-mg\/","og_locale":"pt_BR","og_type":"article","og_title":"TCU tende a rever restri\u00e7\u00e3o de voos na Pampulha (MG)","og_description":"Dimmi Amora, da Ag\u00eancia iNFRA Est\u00e1 em fase final de an\u00e1lise de m\u00e9rito o processo no TCU (Tribunal de Contas da Uni\u00e3o) que avalia\u00a0a legalidade da portaria do governo federal que autorizou voos de jato entre estados no Aeroporto da Pampulha, em Belo Horizonte (MG). A tend\u00eancia do \u00f3rg\u00e3o \u00e9 rever a decis\u00e3o de dezembro [&hellip;]","og_url":"https:\/\/agenciainfra.com\/blog\/tcu-tende-a-rever-restricao-de-voos-na-pampulha-mg\/","og_site_name":"Ag\u00eancia iNFRA","article_publisher":"https:\/\/www.facebook.com\/ageninfra","article_published_time":"2018-08-22T15:05:14+00:00","og_image":[{"width":640,"height":425,"url":"https:\/\/agenciainfra.com\/blog\/wp-content\/uploads\/2018\/08\/31993268002_e8f45e0c84_z.jpg","type":"image\/jpeg"}],"author":"Ag\u00eancia iNFRA","twitter_card":"summary_large_image","twitter_creator":"@agencia_infra","twitter_site":"@agencia_infra","twitter_misc":{"Escrito por":"Ag\u00eancia iNFRA","Est. tempo de leitura":"3 minutos"},"schema":{"@context":"https:\/\/schema.org","@graph":[{"@type":"Article","@id":"https:\/\/agenciainfra.com\/blog\/tcu-tende-a-rever-restricao-de-voos-na-pampulha-mg\/#article","isPartOf":{"@id":"https:\/\/agenciainfra.com\/blog\/tcu-tende-a-rever-restricao-de-voos-na-pampulha-mg\/"},"author":{"name":"Ag\u00eancia iNFRA","@id":"https:\/\/agenciainfra.com\/blog\/#\/schema\/person\/34af08dff6adea4cb22b06612ba7acfa"},"headline":"TCU tende a rever restri\u00e7\u00e3o de voos na Pampulha (MG)","datePublished":"2018-08-22T15:05:14+00:00","mainEntityOfPage":{"@id":"https:\/\/agenciainfra.com\/blog\/tcu-tende-a-rever-restricao-de-voos-na-pampulha-mg\/"},"wordCount":553,"publisher":{"@id":"https:\/\/agenciainfra.com\/blog\/#organization"},"image":{"@id":"https:\/\/agenciainfra.com\/blog\/tcu-tende-a-rever-restricao-de-voos-na-pampulha-mg\/#primaryimage"},"thumbnailUrl":"https:\/\/agenciainfra.com\/blog\/wp-content\/uploads\/2018\/08\/31993268002_e8f45e0c84_z.jpg","keywords":["aeroporto","avia\u00e7\u00e3o","CCR","Concess\u00e3o","Infraero","Pampulha"],"articleSection":["iNFRATransporte"],"inLanguage":"pt-BR","copyrightYear":"2018","copyrightHolder":{"@id":"https:\/\/agenciainfra.com\/blog\/#organization"}},{"@type":"WebPage","@id":"https:\/\/agenciainfra.com\/blog\/tcu-tende-a-rever-restricao-de-voos-na-pampulha-mg\/","url":"https:\/\/agenciainfra.com\/blog\/tcu-tende-a-rever-restricao-de-voos-na-pampulha-mg\/","name":"TCU tende a rever restri\u00e7\u00e3o de voos na Pampulha (MG) - Ag\u00eancia iNFRA","isPartOf":{"@id":"https:\/\/agenciainfra.com\/blog\/#website"},"primaryImageOfPage":{"@id":"https:\/\/agenciainfra.com\/blog\/tcu-tende-a-rever-restricao-de-voos-na-pampulha-mg\/#primaryimage"},"image":{"@id":"https:\/\/agenciainfra.com\/blog\/tcu-tende-a-rever-restricao-de-voos-na-pampulha-mg\/#primaryimage"},"thumbnailUrl":"https:\/\/agenciainfra.com\/blog\/wp-content\/uploads\/2018\/08\/31993268002_e8f45e0c84_z.jpg","datePublished":"2018-08-22T15:05:14+00:00","breadcrumb":{"@id":"https:\/\/agenciainfra.com\/blog\/tcu-tende-a-rever-restricao-de-voos-na-pampulha-mg\/#breadcrumb"},"inLanguage":"pt-BR","potentialAction":[{"@type":"ReadAction","target":["https:\/\/agenciainfra.com\/blog\/tcu-tende-a-rever-restricao-de-voos-na-pampulha-mg\/"]}]},{"@type":"ImageObject","inLanguage":"pt-BR","@id":"https:\/\/agenciainfra.com\/blog\/tcu-tende-a-rever-restricao-de-voos-na-pampulha-mg\/#primaryimage","url":"https:\/\/agenciainfra.com\/blog\/wp-content\/uploads\/2018\/08\/31993268002_e8f45e0c84_z.jpg","contentUrl":"https:\/\/agenciainfra.com\/blog\/wp-content\/uploads\/2018\/08\/31993268002_e8f45e0c84_z.jpg","width":640,"height":425},{"@type":"BreadcrumbList","@id":"https:\/\/agenciainfra.com\/blog\/tcu-tende-a-rever-restricao-de-voos-na-pampulha-mg\/#breadcrumb","itemListElement":[{"@type":"ListItem","position":1,"name":"In\u00edcio","item":"https:\/\/agenciainfra.com\/blog\/"},{"@type":"ListItem","position":2,"name":"TCU tende a rever restri\u00e7\u00e3o de voos na Pampulha (MG)"}]},{"@type":"WebSite","@id":"https:\/\/agenciainfra.com\/blog\/#website","url":"https:\/\/agenciainfra.com\/blog\/","name":"Ag\u00eancia iNFRA","description":"Multiplataforma de informa\u00e7\u00e3o jornal\u00edstica refer\u00eancia na \u00e1rea de infraestrutura no Brasil!","publisher":{"@id":"https:\/\/agenciainfra.com\/blog\/#organization"},"potentialAction":[{"@type":"SearchAction","target":{"@type":"EntryPoint","urlTemplate":"https:\/\/agenciainfra.com\/blog\/?s={search_term_string}"},"query-input":{"@type":"PropertyValueSpecification","valueRequired":true,"valueName":"search_term_string"}}],"inLanguage":"pt-BR"},{"@type":"Organization","@id":"https:\/\/agenciainfra.com\/blog\/#organization","name":"Ag\u00eancia iNFRA","url":"https:\/\/agenciainfra.com\/blog\/","logo":{"@type":"ImageObject","inLanguage":"pt-BR","@id":"https:\/\/agenciainfra.com\/blog\/#\/schema\/logo\/image\/","url":"https:\/\/agenciainfra.com\/blog\/wp-content\/uploads\/2023\/09\/iNFRA_5-e1761735885940.png","contentUrl":"https:\/\/agenciainfra.com\/blog\/wp-content\/uploads\/2023\/09\/iNFRA_5-e1761735885940.png","width":1672,"height":454,"caption":"Ag\u00eancia iNFRA"},"image":{"@id":"https:\/\/agenciainfra.com\/blog\/#\/schema\/logo\/image\/"},"sameAs":["https:\/\/www.facebook.com\/ageninfra","https:\/\/x.com\/agencia_infra","https:\/\/www.linkedin.com\/company\/ag\u00eanciainfra\/","https:\/\/www.instagram.com\/agenciainfra\/"]},{"@type":"Person","@id":"https:\/\/agenciainfra.com\/blog\/#\/schema\/person\/34af08dff6adea4cb22b06612ba7acfa","name":"Ag\u00eancia iNFRA","image":{"@type":"ImageObject","inLanguage":"pt-BR","@id":"https:\/\/agenciainfra.com\/blog\/#\/schema\/person\/image\/","url":"https:\/\/secure.gravatar.com\/avatar\/d189e01678f06d8eb84d4e01f08eb848b3fffe3f8443818d3c356c66892f5be8?s=96&d=mm&r=g","contentUrl":"https:\/\/secure.gravatar.com\/avatar\/d189e01678f06d8eb84d4e01f08eb848b3fffe3f8443818d3c356c66892f5be8?s=96&d=mm&r=g","caption":"Ag\u00eancia iNFRA"},"url":"https:\/\/agenciainfra.com\/blog\/author\/admin\/"}]}},"_links":{"self":[{"href":"https:\/\/agenciainfra.com\/blog\/wp-json\/wp\/v2\/posts\/2345","targetHints":{"allow":["GET"]}}],"collection":[{"href":"https:\/\/agenciainfra.com\/blog\/wp-json\/wp\/v2\/posts"}],"about":[{"href":"https:\/\/agenciainfra.com\/blog\/wp-json\/wp\/v2\/types\/post"}],"author":[{"embeddable":true,"href":"https:\/\/agenciainfra.com\/blog\/wp-json\/wp\/v2\/users\/1"}],"replies":[{"embeddable":true,"href":"https:\/\/agenciainfra.com\/blog\/wp-json\/wp\/v2\/comments?post=2345"}],"version-history":[{"count":0,"href":"https:\/\/agenciainfra.com\/blog\/wp-json\/wp\/v2\/posts\/2345\/revisions"}],"wp:featuredmedia":[{"embeddable":true,"href":"https:\/\/agenciainfra.com\/blog\/wp-json\/wp\/v2\/media\/2346"}],"wp:attachment":[{"href":"https:\/\/agenciainfra.com\/blog\/wp-json\/wp\/v2\/media?parent=2345"}],"wp:term":[{"taxonomy":"category","embeddable":true,"href":"https:\/\/agenciainfra.com\/blog\/wp-json\/wp\/v2\/categories?post=2345"},{"taxonomy":"post_tag","embeddable":true,"href":"https:\/\/agenciainfra.com\/blog\/wp-json\/wp\/v2\/tags?post=2345"}],"curies":[{"name":"wp","href":"https:\/\/api.w.org\/{rel}","templated":true}]}}