{"id":2348,"date":"2018-08-23T05:00:13","date_gmt":"2018-08-23T08:00:13","guid":{"rendered":"http:\/\/www.agenciainfra.com\/blog\/?p=2348"},"modified":"2018-08-22T12:09:44","modified_gmt":"2018-08-22T15:09:44","slug":"tabela-de-frete-rodoviario-e-rejeitada-por-unanimidade-em-reuniao-da-ctlog","status":"publish","type":"post","link":"https:\/\/agenciainfra.com\/blog\/tabela-de-frete-rodoviario-e-rejeitada-por-unanimidade-em-reuniao-da-ctlog\/","title":{"rendered":"Tabela de Frete Rodovi\u00e1rio \u00e9 rejeitada por unanimidade em reuni\u00e3o da CTLog"},"content":{"rendered":"<p>&nbsp;<\/p>\n<div>\n<h5 style=\"text-align: right;\"><strong>Bernardo Gonzaga, da Ag\u00eancia iNFRA<\/strong><\/h5>\n<p>A CTLOG (Consultoria T\u00e9cnica em Log\u00edstica) do minist\u00e9rio da Agricultura, Pecu\u00e1ria e Abastecimento se reuniu na quarta-feira (15) para discutir, entre outros assuntos, sobre as consequ\u00eancias do tabelamento m\u00ednimo do frete do transporte rodovi\u00e1rio de cargas.<\/p>\n<p>As entidades presentes na reuni\u00e3o concordaram por unanimidade que o ato \u00e9 prejudicial ao mercado e ao consumidor. A medida foi sancionada em julho com o objetivo de atender as reivindica\u00e7\u00f5es dos caminhoneiros que entraram em greve entre maio e junho deste ano.<\/p>\n<p>Segundo a ABIOVE (Associa\u00e7\u00e3o Brasileira das Ind\u00fastrias de \u00d3leos Vegetais), o setor de transportes de cargas n\u00e3o apresenta condi\u00e7\u00f5es que justifiquem interven\u00e7\u00f5es ativas no seu funcionamento. Al\u00e9m disso, para Daniel Furlan, gerente de economia da entidade, o tabelamento de frete faz com que haja aumento de custos ao consumidor final e perda de competitividade sist\u00eamica para a economia brasileira.<\/p>\n<p>Outro problema apresentado pelo setor foi de que a safra de 2019 j\u00e1 est\u00e1 comprada e o pre\u00e7o final foi feito tendo como refer\u00eancia os pre\u00e7os hist\u00f3ricos. Com isso, a tend\u00eancia \u00e9 que haja uma margem negativa de comercializa\u00e7\u00e3o, o que pode gerar impedimento na contrata\u00e7\u00e3o dos fretes, e, al\u00e9m disso, embarques internos e exporta\u00e7\u00f5es poder\u00e3o ser paralisadas.<\/p>\n<p>Furlan disse ainda que a tend\u00eancia agora \u00e9 de que o mercado passe a aceitar compra de produtos com pre\u00e7os fixos, por\u00e9m, as margens agr\u00edcolas ser\u00e3o menores e ser\u00e1 descontado valor suficiente para cobrir o \u201crisco ANTT\u201d (Ag\u00eancia Nacional de Transportes Terrestres), que \u00e9 a respons\u00e1vel por fazer a tabela. \u201cCom o aumento de custo do frete, perdeu-se a refer\u00eancia das compras antecipadas\u201d, disse.<\/p>\n<p>Luiz Ant\u00f4nio Fayet, representante da\u00a0CNA (Confedera\u00e7\u00e3o da Agricultura e Pecu\u00e1ria) disse que a situa\u00e7\u00e3o pode se agravar ainda mais do que as expectativas, tendo em vista que o setor agropecu\u00e1rio foi o que mais produziu no pa\u00eds no \u00faltimo ano e depende dos fretes para comercializa\u00e7\u00e3o. \u201cN\u00f3s representamos, no agroneg\u00f3cio, 32% de empregos no pa\u00eds. \u00c9 onde somos competitivos\u201d, disse\u00a0Fayet.<\/p>\n<p>A pr\u00f3xima reuni\u00e3o do CTLOG ser\u00e1 no dia 26 de setembro e ter\u00e1 como convidado a o secret\u00e1rio de fomento do PPI (Programa de Parceria de Investimentos), Tarc\u00edsio Gomes de Freitas, para falar da tabela de frete e tamb\u00e9m sobre o valor negativo de outorga da Ferrovia de Caraj\u00e1s.<\/p>\n<\/div>\n","protected":false},"excerpt":{"rendered":"<p>&nbsp; Bernardo Gonzaga, da Ag\u00eancia iNFRA A CTLOG (Consultoria T\u00e9cnica em Log\u00edstica) do minist\u00e9rio da Agricultura, Pecu\u00e1ria e Abastecimento se reuniu na quarta-feira (15) para discutir, entre outros assuntos, sobre as consequ\u00eancias do tabelamento m\u00ednimo do frete do transporte rodovi\u00e1rio de cargas. As entidades presentes na reuni\u00e3o concordaram por unanimidade que o ato \u00e9 prejudicial [&hellip;]<\/p>\n","protected":false},"author":1,"featured_media":1981,"comment_status":"closed","ping_status":"open","sticky":false,"template":"","format":"standard","meta":{"_monsterinsights_skip_tracking":false,"_monsterinsights_sitenote_active":false,"_monsterinsights_sitenote_note":"","_monsterinsights_sitenote_category":0,"footnotes":""},"categories":[7],"tags":[19,589,351,350,237,66,298],"class_list":["post-2348","post","type-post","status-publish","format-standard","has-post-thumbnail","hentry","category-infratransporte","tag-antt","tag-caminhao","tag-cna","tag-cni","tag-ctlog","tag-logistica","tag-tabela-de-frete"],"yoast_head":"<!-- This site is optimized with the Yoast SEO Premium plugin v25.4 (Yoast SEO v26.0) - https:\/\/yoast.com\/wordpress\/plugins\/seo\/ -->\n<title>Tabela de Frete Rodovi\u00e1rio \u00e9 rejeitada por unanimidade em reuni\u00e3o da CTLog - Ag\u00eancia iNFRA<\/title>\n<meta name=\"robots\" content=\"index, follow, max-snippet:-1, max-image-preview:large, max-video-preview:-1\" \/>\n<link rel=\"canonical\" href=\"https:\/\/agenciainfra.com\/blog\/tabela-de-frete-rodoviario-e-rejeitada-por-unanimidade-em-reuniao-da-ctlog\/\" \/>\n<meta property=\"og:locale\" content=\"pt_BR\" \/>\n<meta property=\"og:type\" content=\"article\" \/>\n<meta property=\"og:title\" content=\"Tabela de Frete Rodovi\u00e1rio \u00e9 rejeitada por unanimidade em reuni\u00e3o da CTLog\" \/>\n<meta property=\"og:description\" content=\"&nbsp; Bernardo Gonzaga, da Ag\u00eancia iNFRA A CTLOG (Consultoria T\u00e9cnica em Log\u00edstica) do minist\u00e9rio da Agricultura, Pecu\u00e1ria e Abastecimento se reuniu na quarta-feira (15) para discutir, entre outros assuntos, sobre as consequ\u00eancias do tabelamento m\u00ednimo do frete do transporte rodovi\u00e1rio de cargas. As entidades presentes na reuni\u00e3o concordaram por unanimidade que o ato \u00e9 prejudicial [&hellip;]\" \/>\n<meta property=\"og:url\" content=\"https:\/\/agenciainfra.com\/blog\/tabela-de-frete-rodoviario-e-rejeitada-por-unanimidade-em-reuniao-da-ctlog\/\" \/>\n<meta property=\"og:site_name\" content=\"Ag\u00eancia iNFRA\" \/>\n<meta property=\"article:publisher\" content=\"https:\/\/www.facebook.com\/ageninfra\" \/>\n<meta property=\"article:published_time\" content=\"2018-08-23T08:00:13+00:00\" \/>\n<meta property=\"og:image\" content=\"https:\/\/agenciainfra.com\/blog\/wp-content\/uploads\/2018\/06\/caminhao_tomaz_silva_agencia_brasil_21052018.jpg\" \/>\n\t<meta property=\"og:image:width\" content=\"4085\" \/>\n\t<meta property=\"og:image:height\" content=\"2723\" \/>\n\t<meta property=\"og:image:type\" content=\"image\/jpeg\" \/>\n<meta name=\"author\" content=\"Ag\u00eancia iNFRA\" \/>\n<meta name=\"twitter:card\" content=\"summary_large_image\" \/>\n<meta name=\"twitter:creator\" content=\"@agencia_infra\" \/>\n<meta name=\"twitter:site\" content=\"@agencia_infra\" \/>\n<meta name=\"twitter:label1\" content=\"Escrito por\" \/>\n\t<meta name=\"twitter:data1\" content=\"Ag\u00eancia iNFRA\" \/>\n\t<meta name=\"twitter:label2\" content=\"Est. tempo de leitura\" \/>\n\t<meta name=\"twitter:data2\" content=\"2 minutos\" \/>\n<script type=\"application\/ld+json\" class=\"yoast-schema-graph\">{\"@context\":\"https:\/\/schema.org\",\"@graph\":[{\"@type\":\"Article\",\"@id\":\"https:\/\/agenciainfra.com\/blog\/tabela-de-frete-rodoviario-e-rejeitada-por-unanimidade-em-reuniao-da-ctlog\/#article\",\"isPartOf\":{\"@id\":\"https:\/\/agenciainfra.com\/blog\/tabela-de-frete-rodoviario-e-rejeitada-por-unanimidade-em-reuniao-da-ctlog\/\"},\"author\":{\"name\":\"Ag\u00eancia iNFRA\",\"@id\":\"https:\/\/agenciainfra.com\/blog\/#\/schema\/person\/34af08dff6adea4cb22b06612ba7acfa\"},\"headline\":\"Tabela de Frete Rodovi\u00e1rio \u00e9 rejeitada por unanimidade em reuni\u00e3o da CTLog\",\"datePublished\":\"2018-08-23T08:00:13+00:00\",\"mainEntityOfPage\":{\"@id\":\"https:\/\/agenciainfra.com\/blog\/tabela-de-frete-rodoviario-e-rejeitada-por-unanimidade-em-reuniao-da-ctlog\/\"},\"wordCount\":432,\"publisher\":{\"@id\":\"https:\/\/agenciainfra.com\/blog\/#organization\"},\"image\":{\"@id\":\"https:\/\/agenciainfra.com\/blog\/tabela-de-frete-rodoviario-e-rejeitada-por-unanimidade-em-reuniao-da-ctlog\/#primaryimage\"},\"thumbnailUrl\":\"https:\/\/agenciainfra.com\/blog\/wp-content\/uploads\/2018\/06\/caminhao_tomaz_silva_agencia_brasil_21052018-e1740743870227.jpg\",\"keywords\":[\"ANTT\",\"Caminh\u00e3o\",\"CNA\",\"CNI\",\"CTLog\",\"log\u00edstica\",\"tabela de frete\"],\"articleSection\":[\"iNFRATransporte\"],\"inLanguage\":\"pt-BR\",\"copyrightYear\":\"2018\",\"copyrightHolder\":{\"@id\":\"https:\/\/agenciainfra.com\/blog\/#organization\"}},{\"@type\":\"WebPage\",\"@id\":\"https:\/\/agenciainfra.com\/blog\/tabela-de-frete-rodoviario-e-rejeitada-por-unanimidade-em-reuniao-da-ctlog\/\",\"url\":\"https:\/\/agenciainfra.com\/blog\/tabela-de-frete-rodoviario-e-rejeitada-por-unanimidade-em-reuniao-da-ctlog\/\",\"name\":\"Tabela de Frete Rodovi\u00e1rio \u00e9 rejeitada por unanimidade em reuni\u00e3o da CTLog - Ag\u00eancia iNFRA\",\"isPartOf\":{\"@id\":\"https:\/\/agenciainfra.com\/blog\/#website\"},\"primaryImageOfPage\":{\"@id\":\"https:\/\/agenciainfra.com\/blog\/tabela-de-frete-rodoviario-e-rejeitada-por-unanimidade-em-reuniao-da-ctlog\/#primaryimage\"},\"image\":{\"@id\":\"https:\/\/agenciainfra.com\/blog\/tabela-de-frete-rodoviario-e-rejeitada-por-unanimidade-em-reuniao-da-ctlog\/#primaryimage\"},\"thumbnailUrl\":\"https:\/\/agenciainfra.com\/blog\/wp-content\/uploads\/2018\/06\/caminhao_tomaz_silva_agencia_brasil_21052018-e1740743870227.jpg\",\"datePublished\":\"2018-08-23T08:00:13+00:00\",\"breadcrumb\":{\"@id\":\"https:\/\/agenciainfra.com\/blog\/tabela-de-frete-rodoviario-e-rejeitada-por-unanimidade-em-reuniao-da-ctlog\/#breadcrumb\"},\"inLanguage\":\"pt-BR\",\"potentialAction\":[{\"@type\":\"ReadAction\",\"target\":[\"https:\/\/agenciainfra.com\/blog\/tabela-de-frete-rodoviario-e-rejeitada-por-unanimidade-em-reuniao-da-ctlog\/\"]}]},{\"@type\":\"ImageObject\",\"inLanguage\":\"pt-BR\",\"@id\":\"https:\/\/agenciainfra.com\/blog\/tabela-de-frete-rodoviario-e-rejeitada-por-unanimidade-em-reuniao-da-ctlog\/#primaryimage\",\"url\":\"https:\/\/agenciainfra.com\/blog\/wp-content\/uploads\/2018\/06\/caminhao_tomaz_silva_agencia_brasil_21052018-e1740743870227.jpg\",\"contentUrl\":\"https:\/\/agenciainfra.com\/blog\/wp-content\/uploads\/2018\/06\/caminhao_tomaz_silva_agencia_brasil_21052018-e1740743870227.jpg\",\"width\":1208,\"height\":805},{\"@type\":\"BreadcrumbList\",\"@id\":\"https:\/\/agenciainfra.com\/blog\/tabela-de-frete-rodoviario-e-rejeitada-por-unanimidade-em-reuniao-da-ctlog\/#breadcrumb\",\"itemListElement\":[{\"@type\":\"ListItem\",\"position\":1,\"name\":\"In\u00edcio\",\"item\":\"https:\/\/agenciainfra.com\/blog\/\"},{\"@type\":\"ListItem\",\"position\":2,\"name\":\"Tabela de Frete Rodovi\u00e1rio \u00e9 rejeitada por unanimidade em reuni\u00e3o da CTLog\"}]},{\"@type\":\"WebSite\",\"@id\":\"https:\/\/agenciainfra.com\/blog\/#website\",\"url\":\"https:\/\/agenciainfra.com\/blog\/\",\"name\":\"Ag\u00eancia iNFRA\",\"description\":\"Multiplataforma de informa\u00e7\u00e3o jornal\u00edstica refer\u00eancia na \u00e1rea de infraestrutura no Brasil!\",\"publisher\":{\"@id\":\"https:\/\/agenciainfra.com\/blog\/#organization\"},\"potentialAction\":[{\"@type\":\"SearchAction\",\"target\":{\"@type\":\"EntryPoint\",\"urlTemplate\":\"https:\/\/agenciainfra.com\/blog\/?s={search_term_string}\"},\"query-input\":{\"@type\":\"PropertyValueSpecification\",\"valueRequired\":true,\"valueName\":\"search_term_string\"}}],\"inLanguage\":\"pt-BR\"},{\"@type\":\"Organization\",\"@id\":\"https:\/\/agenciainfra.com\/blog\/#organization\",\"name\":\"Ag\u00eancia iNFRA\",\"url\":\"https:\/\/agenciainfra.com\/blog\/\",\"logo\":{\"@type\":\"ImageObject\",\"inLanguage\":\"pt-BR\",\"@id\":\"https:\/\/agenciainfra.com\/blog\/#\/schema\/logo\/image\/\",\"url\":\"https:\/\/agenciainfra.com\/blog\/wp-content\/uploads\/2023\/09\/iNFRA_5-e1761735885940.png\",\"contentUrl\":\"https:\/\/agenciainfra.com\/blog\/wp-content\/uploads\/2023\/09\/iNFRA_5-e1761735885940.png\",\"width\":1672,\"height\":454,\"caption\":\"Ag\u00eancia iNFRA\"},\"image\":{\"@id\":\"https:\/\/agenciainfra.com\/blog\/#\/schema\/logo\/image\/\"},\"sameAs\":[\"https:\/\/www.facebook.com\/ageninfra\",\"https:\/\/x.com\/agencia_infra\",\"https:\/\/www.linkedin.com\/company\/ag\u00eanciainfra\/\",\"https:\/\/www.instagram.com\/agenciainfra\/\"]},{\"@type\":\"Person\",\"@id\":\"https:\/\/agenciainfra.com\/blog\/#\/schema\/person\/34af08dff6adea4cb22b06612ba7acfa\",\"name\":\"Ag\u00eancia iNFRA\",\"image\":{\"@type\":\"ImageObject\",\"inLanguage\":\"pt-BR\",\"@id\":\"https:\/\/agenciainfra.com\/blog\/#\/schema\/person\/image\/\",\"url\":\"https:\/\/secure.gravatar.com\/avatar\/d189e01678f06d8eb84d4e01f08eb848b3fffe3f8443818d3c356c66892f5be8?s=96&d=mm&r=g\",\"contentUrl\":\"https:\/\/secure.gravatar.com\/avatar\/d189e01678f06d8eb84d4e01f08eb848b3fffe3f8443818d3c356c66892f5be8?s=96&d=mm&r=g\",\"caption\":\"Ag\u00eancia iNFRA\"},\"url\":\"https:\/\/agenciainfra.com\/blog\/author\/admin\/\"}]}<\/script>\n<!-- \/ Yoast SEO Premium plugin. -->","yoast_head_json":{"title":"Tabela de Frete Rodovi\u00e1rio \u00e9 rejeitada por unanimidade em reuni\u00e3o da CTLog - Ag\u00eancia iNFRA","robots":{"index":"index","follow":"follow","max-snippet":"max-snippet:-1","max-image-preview":"max-image-preview:large","max-video-preview":"max-video-preview:-1"},"canonical":"https:\/\/agenciainfra.com\/blog\/tabela-de-frete-rodoviario-e-rejeitada-por-unanimidade-em-reuniao-da-ctlog\/","og_locale":"pt_BR","og_type":"article","og_title":"Tabela de Frete Rodovi\u00e1rio \u00e9 rejeitada por unanimidade em reuni\u00e3o da CTLog","og_description":"&nbsp; Bernardo Gonzaga, da Ag\u00eancia iNFRA A CTLOG (Consultoria T\u00e9cnica em Log\u00edstica) do minist\u00e9rio da Agricultura, Pecu\u00e1ria e Abastecimento se reuniu na quarta-feira (15) para discutir, entre outros assuntos, sobre as consequ\u00eancias do tabelamento m\u00ednimo do frete do transporte rodovi\u00e1rio de cargas. As entidades presentes na reuni\u00e3o concordaram por unanimidade que o ato \u00e9 prejudicial [&hellip;]","og_url":"https:\/\/agenciainfra.com\/blog\/tabela-de-frete-rodoviario-e-rejeitada-por-unanimidade-em-reuniao-da-ctlog\/","og_site_name":"Ag\u00eancia iNFRA","article_publisher":"https:\/\/www.facebook.com\/ageninfra","article_published_time":"2018-08-23T08:00:13+00:00","og_image":[{"width":4085,"height":2723,"url":"https:\/\/agenciainfra.com\/blog\/wp-content\/uploads\/2018\/06\/caminhao_tomaz_silva_agencia_brasil_21052018.jpg","type":"image\/jpeg"}],"author":"Ag\u00eancia iNFRA","twitter_card":"summary_large_image","twitter_creator":"@agencia_infra","twitter_site":"@agencia_infra","twitter_misc":{"Escrito por":"Ag\u00eancia iNFRA","Est. tempo de leitura":"2 minutos"},"schema":{"@context":"https:\/\/schema.org","@graph":[{"@type":"Article","@id":"https:\/\/agenciainfra.com\/blog\/tabela-de-frete-rodoviario-e-rejeitada-por-unanimidade-em-reuniao-da-ctlog\/#article","isPartOf":{"@id":"https:\/\/agenciainfra.com\/blog\/tabela-de-frete-rodoviario-e-rejeitada-por-unanimidade-em-reuniao-da-ctlog\/"},"author":{"name":"Ag\u00eancia iNFRA","@id":"https:\/\/agenciainfra.com\/blog\/#\/schema\/person\/34af08dff6adea4cb22b06612ba7acfa"},"headline":"Tabela de Frete Rodovi\u00e1rio \u00e9 rejeitada por unanimidade em reuni\u00e3o da CTLog","datePublished":"2018-08-23T08:00:13+00:00","mainEntityOfPage":{"@id":"https:\/\/agenciainfra.com\/blog\/tabela-de-frete-rodoviario-e-rejeitada-por-unanimidade-em-reuniao-da-ctlog\/"},"wordCount":432,"publisher":{"@id":"https:\/\/agenciainfra.com\/blog\/#organization"},"image":{"@id":"https:\/\/agenciainfra.com\/blog\/tabela-de-frete-rodoviario-e-rejeitada-por-unanimidade-em-reuniao-da-ctlog\/#primaryimage"},"thumbnailUrl":"https:\/\/agenciainfra.com\/blog\/wp-content\/uploads\/2018\/06\/caminhao_tomaz_silva_agencia_brasil_21052018-e1740743870227.jpg","keywords":["ANTT","Caminh\u00e3o","CNA","CNI","CTLog","log\u00edstica","tabela de frete"],"articleSection":["iNFRATransporte"],"inLanguage":"pt-BR","copyrightYear":"2018","copyrightHolder":{"@id":"https:\/\/agenciainfra.com\/blog\/#organization"}},{"@type":"WebPage","@id":"https:\/\/agenciainfra.com\/blog\/tabela-de-frete-rodoviario-e-rejeitada-por-unanimidade-em-reuniao-da-ctlog\/","url":"https:\/\/agenciainfra.com\/blog\/tabela-de-frete-rodoviario-e-rejeitada-por-unanimidade-em-reuniao-da-ctlog\/","name":"Tabela de Frete Rodovi\u00e1rio \u00e9 rejeitada por unanimidade em reuni\u00e3o da CTLog - Ag\u00eancia iNFRA","isPartOf":{"@id":"https:\/\/agenciainfra.com\/blog\/#website"},"primaryImageOfPage":{"@id":"https:\/\/agenciainfra.com\/blog\/tabela-de-frete-rodoviario-e-rejeitada-por-unanimidade-em-reuniao-da-ctlog\/#primaryimage"},"image":{"@id":"https:\/\/agenciainfra.com\/blog\/tabela-de-frete-rodoviario-e-rejeitada-por-unanimidade-em-reuniao-da-ctlog\/#primaryimage"},"thumbnailUrl":"https:\/\/agenciainfra.com\/blog\/wp-content\/uploads\/2018\/06\/caminhao_tomaz_silva_agencia_brasil_21052018-e1740743870227.jpg","datePublished":"2018-08-23T08:00:13+00:00","breadcrumb":{"@id":"https:\/\/agenciainfra.com\/blog\/tabela-de-frete-rodoviario-e-rejeitada-por-unanimidade-em-reuniao-da-ctlog\/#breadcrumb"},"inLanguage":"pt-BR","potentialAction":[{"@type":"ReadAction","target":["https:\/\/agenciainfra.com\/blog\/tabela-de-frete-rodoviario-e-rejeitada-por-unanimidade-em-reuniao-da-ctlog\/"]}]},{"@type":"ImageObject","inLanguage":"pt-BR","@id":"https:\/\/agenciainfra.com\/blog\/tabela-de-frete-rodoviario-e-rejeitada-por-unanimidade-em-reuniao-da-ctlog\/#primaryimage","url":"https:\/\/agenciainfra.com\/blog\/wp-content\/uploads\/2018\/06\/caminhao_tomaz_silva_agencia_brasil_21052018-e1740743870227.jpg","contentUrl":"https:\/\/agenciainfra.com\/blog\/wp-content\/uploads\/2018\/06\/caminhao_tomaz_silva_agencia_brasil_21052018-e1740743870227.jpg","width":1208,"height":805},{"@type":"BreadcrumbList","@id":"https:\/\/agenciainfra.com\/blog\/tabela-de-frete-rodoviario-e-rejeitada-por-unanimidade-em-reuniao-da-ctlog\/#breadcrumb","itemListElement":[{"@type":"ListItem","position":1,"name":"In\u00edcio","item":"https:\/\/agenciainfra.com\/blog\/"},{"@type":"ListItem","position":2,"name":"Tabela de Frete Rodovi\u00e1rio \u00e9 rejeitada por unanimidade em reuni\u00e3o da CTLog"}]},{"@type":"WebSite","@id":"https:\/\/agenciainfra.com\/blog\/#website","url":"https:\/\/agenciainfra.com\/blog\/","name":"Ag\u00eancia iNFRA","description":"Multiplataforma de informa\u00e7\u00e3o jornal\u00edstica refer\u00eancia na \u00e1rea de infraestrutura no Brasil!","publisher":{"@id":"https:\/\/agenciainfra.com\/blog\/#organization"},"potentialAction":[{"@type":"SearchAction","target":{"@type":"EntryPoint","urlTemplate":"https:\/\/agenciainfra.com\/blog\/?s={search_term_string}"},"query-input":{"@type":"PropertyValueSpecification","valueRequired":true,"valueName":"search_term_string"}}],"inLanguage":"pt-BR"},{"@type":"Organization","@id":"https:\/\/agenciainfra.com\/blog\/#organization","name":"Ag\u00eancia iNFRA","url":"https:\/\/agenciainfra.com\/blog\/","logo":{"@type":"ImageObject","inLanguage":"pt-BR","@id":"https:\/\/agenciainfra.com\/blog\/#\/schema\/logo\/image\/","url":"https:\/\/agenciainfra.com\/blog\/wp-content\/uploads\/2023\/09\/iNFRA_5-e1761735885940.png","contentUrl":"https:\/\/agenciainfra.com\/blog\/wp-content\/uploads\/2023\/09\/iNFRA_5-e1761735885940.png","width":1672,"height":454,"caption":"Ag\u00eancia iNFRA"},"image":{"@id":"https:\/\/agenciainfra.com\/blog\/#\/schema\/logo\/image\/"},"sameAs":["https:\/\/www.facebook.com\/ageninfra","https:\/\/x.com\/agencia_infra","https:\/\/www.linkedin.com\/company\/ag\u00eanciainfra\/","https:\/\/www.instagram.com\/agenciainfra\/"]},{"@type":"Person","@id":"https:\/\/agenciainfra.com\/blog\/#\/schema\/person\/34af08dff6adea4cb22b06612ba7acfa","name":"Ag\u00eancia iNFRA","image":{"@type":"ImageObject","inLanguage":"pt-BR","@id":"https:\/\/agenciainfra.com\/blog\/#\/schema\/person\/image\/","url":"https:\/\/secure.gravatar.com\/avatar\/d189e01678f06d8eb84d4e01f08eb848b3fffe3f8443818d3c356c66892f5be8?s=96&d=mm&r=g","contentUrl":"https:\/\/secure.gravatar.com\/avatar\/d189e01678f06d8eb84d4e01f08eb848b3fffe3f8443818d3c356c66892f5be8?s=96&d=mm&r=g","caption":"Ag\u00eancia iNFRA"},"url":"https:\/\/agenciainfra.com\/blog\/author\/admin\/"}]}},"_links":{"self":[{"href":"https:\/\/agenciainfra.com\/blog\/wp-json\/wp\/v2\/posts\/2348","targetHints":{"allow":["GET"]}}],"collection":[{"href":"https:\/\/agenciainfra.com\/blog\/wp-json\/wp\/v2\/posts"}],"about":[{"href":"https:\/\/agenciainfra.com\/blog\/wp-json\/wp\/v2\/types\/post"}],"author":[{"embeddable":true,"href":"https:\/\/agenciainfra.com\/blog\/wp-json\/wp\/v2\/users\/1"}],"replies":[{"embeddable":true,"href":"https:\/\/agenciainfra.com\/blog\/wp-json\/wp\/v2\/comments?post=2348"}],"version-history":[{"count":0,"href":"https:\/\/agenciainfra.com\/blog\/wp-json\/wp\/v2\/posts\/2348\/revisions"}],"wp:featuredmedia":[{"embeddable":true,"href":"https:\/\/agenciainfra.com\/blog\/wp-json\/wp\/v2\/media\/1981"}],"wp:attachment":[{"href":"https:\/\/agenciainfra.com\/blog\/wp-json\/wp\/v2\/media?parent=2348"}],"wp:term":[{"taxonomy":"category","embeddable":true,"href":"https:\/\/agenciainfra.com\/blog\/wp-json\/wp\/v2\/categories?post=2348"},{"taxonomy":"post_tag","embeddable":true,"href":"https:\/\/agenciainfra.com\/blog\/wp-json\/wp\/v2\/tags?post=2348"}],"curies":[{"name":"wp","href":"https:\/\/api.w.org\/{rel}","templated":true}]}}