{"id":23496,"date":"2025-06-25T12:05:38","date_gmt":"2025-06-25T15:05:38","guid":{"rendered":"https:\/\/agenciainfra.com\/blog\/?p=23496"},"modified":"2025-06-25T12:05:40","modified_gmt":"2025-06-25T15:05:40","slug":"reajuste-medio-da-conta-de-luz-deve-ser-de-264-em-2025-projeta-thymos-energia","status":"publish","type":"post","link":"https:\/\/agenciainfra.com\/blog\/reajuste-medio-da-conta-de-luz-deve-ser-de-264-em-2025-projeta-thymos-energia\/","title":{"rendered":"Reajuste m\u00e9dio da conta de luz deve ser de 2,64% em 2025, projeta Thymos Energia"},"content":{"rendered":"\n<p class=\"has-text-align-right\"><strong>da Ag\u00eancia iNFRA<\/strong><\/p>\n\n\n\n<p>Proje\u00e7\u00e3o da consultoria Thymos Energia aponta que a conta de luz ter\u00e1 um reajuste m\u00e9dio de 2,64% no Brasil em 2025. A previs\u00e3o considera os dados dispon\u00edveis at\u00e9 o momento e leva em conta fatores conjunturais e estruturais que afetam a composi\u00e7\u00e3o tarif\u00e1ria. O aumento ser\u00e1 desigual entre as regi\u00f5es: o Sul deve liderar os reajustes, com 7,16%, enquanto o Sudeste deve registrar a menor alta, de 1,10%.<\/p>\n\n\n\n<p>Segundo a Thymos, o impacto regional \u00e9 influenciado por fatores como o fim de aux\u00edlios extraordin\u00e1rios \u2013 como o \u00a0Programa Nacional de Apoio aos Atingidos pelas Mudan\u00e7as Clim\u00e1ticas aplicado em 2024 no Sul \u2013 e a varia\u00e7\u00e3o dos custos de distribui\u00e7\u00e3o. No Norte, o aumento projetado de 4,73% est\u00e1 relacionado \u00e0 eleva\u00e7\u00e3o de despesas operacionais e \u00e0 remunera\u00e7\u00e3o de ativos pelas distribuidoras.<\/p>\n\n\n\n<p>A consultoria destaca que a <a href=\"https:\/\/www.congressonacional.leg.br\/materias\/medidas-provisorias\/-\/mpv\/168719\">MP (Medida Provis\u00f3ria) 1.300\/2025<\/a>, que altera aspectos da Tarifa Social e da divis\u00e3o de encargos no setor, n\u00e3o afetar\u00e1 os reajustes tarif\u00e1rios a serem homologados pela ANEEL (Ag\u00eancia Nacional de Energia El\u00e9trica) no segundo semestre deste ano. Seus efeitos mais amplos s\u00f3 come\u00e7am a valer a partir de janeiro de 2026, mas j\u00e1 exigem adapta\u00e7\u00f5es operacionais por parte das distribuidoras.<\/p>\n\n\n\n<p>A expectativa \u00e9 de que o cen\u00e1rio atual represente uma tr\u00e9gua nos aumentos, ap\u00f3s anos com reajustes expressivos. A quita\u00e7\u00e3o dos empr\u00e9stimos contratados via CDE (Conta de Desenvolvimento Energ\u00e9tico) durante a pandemia e a crise h\u00eddrica de 2021, al\u00e9m da devolu\u00e7\u00e3o de cr\u00e9ditos tribut\u00e1rios relativos a PIS\/Cofins, contribu\u00edram para conter os \u00edndices. <\/p>\n\n\n\n<p><\/p>\n","protected":false},"excerpt":{"rendered":"<p>da Ag\u00eancia iNFRA Proje\u00e7\u00e3o da consultoria Thymos Energia aponta que a conta de luz ter\u00e1 um reajuste m\u00e9dio de 2,64% no Brasil em 2025. A previs\u00e3o considera os dados dispon\u00edveis at\u00e9 o momento e leva em conta fatores conjunturais e estruturais que afetam a composi\u00e7\u00e3o tarif\u00e1ria. O aumento ser\u00e1 desigual entre as regi\u00f5es: o Sul [&hellip;]<\/p>\n","protected":false},"author":1,"featured_media":20695,"comment_status":"closed","ping_status":"closed","sticky":false,"template":"","format":"standard","meta":{"_monsterinsights_skip_tracking":false,"_monsterinsights_sitenote_active":false,"_monsterinsights_sitenote_note":"","_monsterinsights_sitenote_category":0,"footnotes":""},"categories":[1,13576],"tags":[56,122,282,13535,8864,5586,3797,1856],"class_list":["post-23496","post","type-post","status-publish","format-standard","has-post-thumbnail","hentry","category-geral","category-giro-infra","tag-cde","tag-conta-de-luz","tag-energia-eletrica","tag-mp-1-300-2025","tag-reajuste-tarifario","tag-tarifa-de-energia","tag-tarifa-social","tag-thymos-energia"],"yoast_head":"<!-- This site is optimized with the Yoast SEO Premium plugin v25.4 (Yoast SEO v26.0) - https:\/\/yoast.com\/wordpress\/plugins\/seo\/ -->\n<title>Reajuste m\u00e9dio da conta de luz deve ser de 2,64% em 2025, projeta Thymos Energia - Ag\u00eancia iNFRA<\/title>\n<meta name=\"robots\" content=\"index, follow, max-snippet:-1, max-image-preview:large, max-video-preview:-1\" \/>\n<link rel=\"canonical\" href=\"https:\/\/agenciainfra.com\/blog\/reajuste-medio-da-conta-de-luz-deve-ser-de-264-em-2025-projeta-thymos-energia\/\" \/>\n<meta property=\"og:locale\" content=\"pt_BR\" \/>\n<meta property=\"og:type\" content=\"article\" \/>\n<meta property=\"og:title\" content=\"Reajuste m\u00e9dio da conta de luz deve ser de 2,64% em 2025, projeta Thymos Energia\" \/>\n<meta property=\"og:description\" content=\"da Ag\u00eancia iNFRA Proje\u00e7\u00e3o da consultoria Thymos Energia aponta que a conta de luz ter\u00e1 um reajuste m\u00e9dio de 2,64% no Brasil em 2025. A previs\u00e3o considera os dados dispon\u00edveis at\u00e9 o momento e leva em conta fatores conjunturais e estruturais que afetam a composi\u00e7\u00e3o tarif\u00e1ria. O aumento ser\u00e1 desigual entre as regi\u00f5es: o Sul [&hellip;]\" \/>\n<meta property=\"og:url\" content=\"https:\/\/agenciainfra.com\/blog\/reajuste-medio-da-conta-de-luz-deve-ser-de-264-em-2025-projeta-thymos-energia\/\" \/>\n<meta property=\"og:site_name\" content=\"Ag\u00eancia iNFRA\" \/>\n<meta property=\"article:publisher\" content=\"https:\/\/www.facebook.com\/ageninfra\" \/>\n<meta property=\"article:published_time\" content=\"2025-06-25T15:05:38+00:00\" \/>\n<meta property=\"article:modified_time\" content=\"2025-06-25T15:05:40+00:00\" \/>\n<meta property=\"og:image\" content=\"https:\/\/agenciainfra.com\/blog\/wp-content\/uploads\/2025\/03\/calculo-conta-energia-foto-dominiopublico-e1750863917520.png\" \/>\n\t<meta property=\"og:image:width\" content=\"1208\" \/>\n\t<meta property=\"og:image:height\" content=\"775\" \/>\n\t<meta property=\"og:image:type\" content=\"image\/png\" \/>\n<meta name=\"author\" content=\"Ag\u00eancia iNFRA\" \/>\n<meta name=\"twitter:card\" content=\"summary_large_image\" \/>\n<meta name=\"twitter:creator\" content=\"@agencia_infra\" \/>\n<meta name=\"twitter:site\" content=\"@agencia_infra\" \/>\n<meta name=\"twitter:label1\" content=\"Escrito por\" \/>\n\t<meta name=\"twitter:data1\" content=\"Ag\u00eancia iNFRA\" \/>\n\t<meta name=\"twitter:label2\" content=\"Est. tempo de leitura\" \/>\n\t<meta name=\"twitter:data2\" content=\"1 minuto\" \/>\n<script type=\"application\/ld+json\" class=\"yoast-schema-graph\">{\"@context\":\"https:\/\/schema.org\",\"@graph\":[{\"@type\":\"Article\",\"@id\":\"https:\/\/agenciainfra.com\/blog\/reajuste-medio-da-conta-de-luz-deve-ser-de-264-em-2025-projeta-thymos-energia\/#article\",\"isPartOf\":{\"@id\":\"https:\/\/agenciainfra.com\/blog\/reajuste-medio-da-conta-de-luz-deve-ser-de-264-em-2025-projeta-thymos-energia\/\"},\"author\":{\"name\":\"Ag\u00eancia iNFRA\",\"@id\":\"https:\/\/agenciainfra.com\/blog\/#\/schema\/person\/34af08dff6adea4cb22b06612ba7acfa\"},\"headline\":\"Reajuste m\u00e9dio da conta de luz deve ser de 2,64% em 2025, projeta Thymos Energia\",\"datePublished\":\"2025-06-25T15:05:38+00:00\",\"dateModified\":\"2025-06-25T15:05:40+00:00\",\"mainEntityOfPage\":{\"@id\":\"https:\/\/agenciainfra.com\/blog\/reajuste-medio-da-conta-de-luz-deve-ser-de-264-em-2025-projeta-thymos-energia\/\"},\"wordCount\":286,\"publisher\":{\"@id\":\"https:\/\/agenciainfra.com\/blog\/#organization\"},\"image\":{\"@id\":\"https:\/\/agenciainfra.com\/blog\/reajuste-medio-da-conta-de-luz-deve-ser-de-264-em-2025-projeta-thymos-energia\/#primaryimage\"},\"thumbnailUrl\":\"https:\/\/agenciainfra.com\/blog\/wp-content\/uploads\/2025\/03\/calculo-conta-energia-foto-dominiopublico-e1750863917520.png\",\"keywords\":[\"CDE\",\"Conta de Luz\",\"energia el\u00e9trica\",\"MP 1.300\/2025\",\"Reajuste tarif\u00e1rio\",\"tarifa de energia\",\"Tarifa Social\",\"Thymos Energia\"],\"articleSection\":[\"Geral\",\"Giro iNFRA\"],\"inLanguage\":\"pt-BR\",\"copyrightYear\":\"2025\",\"copyrightHolder\":{\"@id\":\"https:\/\/agenciainfra.com\/blog\/#organization\"}},{\"@type\":\"WebPage\",\"@id\":\"https:\/\/agenciainfra.com\/blog\/reajuste-medio-da-conta-de-luz-deve-ser-de-264-em-2025-projeta-thymos-energia\/\",\"url\":\"https:\/\/agenciainfra.com\/blog\/reajuste-medio-da-conta-de-luz-deve-ser-de-264-em-2025-projeta-thymos-energia\/\",\"name\":\"Reajuste m\u00e9dio da conta de luz deve ser de 2,64% em 2025, projeta Thymos Energia - Ag\u00eancia iNFRA\",\"isPartOf\":{\"@id\":\"https:\/\/agenciainfra.com\/blog\/#website\"},\"primaryImageOfPage\":{\"@id\":\"https:\/\/agenciainfra.com\/blog\/reajuste-medio-da-conta-de-luz-deve-ser-de-264-em-2025-projeta-thymos-energia\/#primaryimage\"},\"image\":{\"@id\":\"https:\/\/agenciainfra.com\/blog\/reajuste-medio-da-conta-de-luz-deve-ser-de-264-em-2025-projeta-thymos-energia\/#primaryimage\"},\"thumbnailUrl\":\"https:\/\/agenciainfra.com\/blog\/wp-content\/uploads\/2025\/03\/calculo-conta-energia-foto-dominiopublico-e1750863917520.png\",\"datePublished\":\"2025-06-25T15:05:38+00:00\",\"dateModified\":\"2025-06-25T15:05:40+00:00\",\"breadcrumb\":{\"@id\":\"https:\/\/agenciainfra.com\/blog\/reajuste-medio-da-conta-de-luz-deve-ser-de-264-em-2025-projeta-thymos-energia\/#breadcrumb\"},\"inLanguage\":\"pt-BR\",\"potentialAction\":[{\"@type\":\"ReadAction\",\"target\":[\"https:\/\/agenciainfra.com\/blog\/reajuste-medio-da-conta-de-luz-deve-ser-de-264-em-2025-projeta-thymos-energia\/\"]}]},{\"@type\":\"ImageObject\",\"inLanguage\":\"pt-BR\",\"@id\":\"https:\/\/agenciainfra.com\/blog\/reajuste-medio-da-conta-de-luz-deve-ser-de-264-em-2025-projeta-thymos-energia\/#primaryimage\",\"url\":\"https:\/\/agenciainfra.com\/blog\/wp-content\/uploads\/2025\/03\/calculo-conta-energia-foto-dominiopublico-e1750863917520.png\",\"contentUrl\":\"https:\/\/agenciainfra.com\/blog\/wp-content\/uploads\/2025\/03\/calculo-conta-energia-foto-dominiopublico-e1750863917520.png\",\"width\":1208,\"height\":775,\"caption\":\"Foto: Dom\u00ednio P\u00fablico\"},{\"@type\":\"BreadcrumbList\",\"@id\":\"https:\/\/agenciainfra.com\/blog\/reajuste-medio-da-conta-de-luz-deve-ser-de-264-em-2025-projeta-thymos-energia\/#breadcrumb\",\"itemListElement\":[{\"@type\":\"ListItem\",\"position\":1,\"name\":\"In\u00edcio\",\"item\":\"https:\/\/agenciainfra.com\/blog\/\"},{\"@type\":\"ListItem\",\"position\":2,\"name\":\"Reajuste m\u00e9dio da conta de luz deve ser de 2,64% em 2025, projeta Thymos Energia\"}]},{\"@type\":\"WebSite\",\"@id\":\"https:\/\/agenciainfra.com\/blog\/#website\",\"url\":\"https:\/\/agenciainfra.com\/blog\/\",\"name\":\"Ag\u00eancia iNFRA\",\"description\":\"Multiplataforma de informa\u00e7\u00e3o jornal\u00edstica refer\u00eancia na \u00e1rea de infraestrutura no Brasil!\",\"publisher\":{\"@id\":\"https:\/\/agenciainfra.com\/blog\/#organization\"},\"potentialAction\":[{\"@type\":\"SearchAction\",\"target\":{\"@type\":\"EntryPoint\",\"urlTemplate\":\"https:\/\/agenciainfra.com\/blog\/?s={search_term_string}\"},\"query-input\":{\"@type\":\"PropertyValueSpecification\",\"valueRequired\":true,\"valueName\":\"search_term_string\"}}],\"inLanguage\":\"pt-BR\"},{\"@type\":\"Organization\",\"@id\":\"https:\/\/agenciainfra.com\/blog\/#organization\",\"name\":\"Ag\u00eancia iNFRA\",\"url\":\"https:\/\/agenciainfra.com\/blog\/\",\"logo\":{\"@type\":\"ImageObject\",\"inLanguage\":\"pt-BR\",\"@id\":\"https:\/\/agenciainfra.com\/blog\/#\/schema\/logo\/image\/\",\"url\":\"https:\/\/agenciainfra.com\/blog\/wp-content\/uploads\/2023\/09\/iNFRA_5-e1761735885940.png\",\"contentUrl\":\"https:\/\/agenciainfra.com\/blog\/wp-content\/uploads\/2023\/09\/iNFRA_5-e1761735885940.png\",\"width\":1672,\"height\":454,\"caption\":\"Ag\u00eancia iNFRA\"},\"image\":{\"@id\":\"https:\/\/agenciainfra.com\/blog\/#\/schema\/logo\/image\/\"},\"sameAs\":[\"https:\/\/www.facebook.com\/ageninfra\",\"https:\/\/x.com\/agencia_infra\",\"https:\/\/www.linkedin.com\/company\/ag\u00eanciainfra\/\",\"https:\/\/www.instagram.com\/agenciainfra\/\"]},{\"@type\":\"Person\",\"@id\":\"https:\/\/agenciainfra.com\/blog\/#\/schema\/person\/34af08dff6adea4cb22b06612ba7acfa\",\"name\":\"Ag\u00eancia iNFRA\",\"image\":{\"@type\":\"ImageObject\",\"inLanguage\":\"pt-BR\",\"@id\":\"https:\/\/agenciainfra.com\/blog\/#\/schema\/person\/image\/\",\"url\":\"https:\/\/secure.gravatar.com\/avatar\/d189e01678f06d8eb84d4e01f08eb848b3fffe3f8443818d3c356c66892f5be8?s=96&d=mm&r=g\",\"contentUrl\":\"https:\/\/secure.gravatar.com\/avatar\/d189e01678f06d8eb84d4e01f08eb848b3fffe3f8443818d3c356c66892f5be8?s=96&d=mm&r=g\",\"caption\":\"Ag\u00eancia iNFRA\"},\"url\":\"https:\/\/agenciainfra.com\/blog\/author\/admin\/\"}]}<\/script>\n<!-- \/ Yoast SEO Premium plugin. -->","yoast_head_json":{"title":"Reajuste m\u00e9dio da conta de luz deve ser de 2,64% em 2025, projeta Thymos Energia - Ag\u00eancia iNFRA","robots":{"index":"index","follow":"follow","max-snippet":"max-snippet:-1","max-image-preview":"max-image-preview:large","max-video-preview":"max-video-preview:-1"},"canonical":"https:\/\/agenciainfra.com\/blog\/reajuste-medio-da-conta-de-luz-deve-ser-de-264-em-2025-projeta-thymos-energia\/","og_locale":"pt_BR","og_type":"article","og_title":"Reajuste m\u00e9dio da conta de luz deve ser de 2,64% em 2025, projeta Thymos Energia","og_description":"da Ag\u00eancia iNFRA Proje\u00e7\u00e3o da consultoria Thymos Energia aponta que a conta de luz ter\u00e1 um reajuste m\u00e9dio de 2,64% no Brasil em 2025. A previs\u00e3o considera os dados dispon\u00edveis at\u00e9 o momento e leva em conta fatores conjunturais e estruturais que afetam a composi\u00e7\u00e3o tarif\u00e1ria. O aumento ser\u00e1 desigual entre as regi\u00f5es: o Sul [&hellip;]","og_url":"https:\/\/agenciainfra.com\/blog\/reajuste-medio-da-conta-de-luz-deve-ser-de-264-em-2025-projeta-thymos-energia\/","og_site_name":"Ag\u00eancia iNFRA","article_publisher":"https:\/\/www.facebook.com\/ageninfra","article_published_time":"2025-06-25T15:05:38+00:00","article_modified_time":"2025-06-25T15:05:40+00:00","og_image":[{"width":1208,"height":775,"url":"https:\/\/agenciainfra.com\/blog\/wp-content\/uploads\/2025\/03\/calculo-conta-energia-foto-dominiopublico-e1750863917520.png","type":"image\/png"}],"author":"Ag\u00eancia iNFRA","twitter_card":"summary_large_image","twitter_creator":"@agencia_infra","twitter_site":"@agencia_infra","twitter_misc":{"Escrito por":"Ag\u00eancia iNFRA","Est. tempo de leitura":"1 minuto"},"schema":{"@context":"https:\/\/schema.org","@graph":[{"@type":"Article","@id":"https:\/\/agenciainfra.com\/blog\/reajuste-medio-da-conta-de-luz-deve-ser-de-264-em-2025-projeta-thymos-energia\/#article","isPartOf":{"@id":"https:\/\/agenciainfra.com\/blog\/reajuste-medio-da-conta-de-luz-deve-ser-de-264-em-2025-projeta-thymos-energia\/"},"author":{"name":"Ag\u00eancia iNFRA","@id":"https:\/\/agenciainfra.com\/blog\/#\/schema\/person\/34af08dff6adea4cb22b06612ba7acfa"},"headline":"Reajuste m\u00e9dio da conta de luz deve ser de 2,64% em 2025, projeta Thymos Energia","datePublished":"2025-06-25T15:05:38+00:00","dateModified":"2025-06-25T15:05:40+00:00","mainEntityOfPage":{"@id":"https:\/\/agenciainfra.com\/blog\/reajuste-medio-da-conta-de-luz-deve-ser-de-264-em-2025-projeta-thymos-energia\/"},"wordCount":286,"publisher":{"@id":"https:\/\/agenciainfra.com\/blog\/#organization"},"image":{"@id":"https:\/\/agenciainfra.com\/blog\/reajuste-medio-da-conta-de-luz-deve-ser-de-264-em-2025-projeta-thymos-energia\/#primaryimage"},"thumbnailUrl":"https:\/\/agenciainfra.com\/blog\/wp-content\/uploads\/2025\/03\/calculo-conta-energia-foto-dominiopublico-e1750863917520.png","keywords":["CDE","Conta de Luz","energia el\u00e9trica","MP 1.300\/2025","Reajuste tarif\u00e1rio","tarifa de energia","Tarifa Social","Thymos Energia"],"articleSection":["Geral","Giro iNFRA"],"inLanguage":"pt-BR","copyrightYear":"2025","copyrightHolder":{"@id":"https:\/\/agenciainfra.com\/blog\/#organization"}},{"@type":"WebPage","@id":"https:\/\/agenciainfra.com\/blog\/reajuste-medio-da-conta-de-luz-deve-ser-de-264-em-2025-projeta-thymos-energia\/","url":"https:\/\/agenciainfra.com\/blog\/reajuste-medio-da-conta-de-luz-deve-ser-de-264-em-2025-projeta-thymos-energia\/","name":"Reajuste m\u00e9dio da conta de luz deve ser de 2,64% em 2025, projeta Thymos Energia - Ag\u00eancia iNFRA","isPartOf":{"@id":"https:\/\/agenciainfra.com\/blog\/#website"},"primaryImageOfPage":{"@id":"https:\/\/agenciainfra.com\/blog\/reajuste-medio-da-conta-de-luz-deve-ser-de-264-em-2025-projeta-thymos-energia\/#primaryimage"},"image":{"@id":"https:\/\/agenciainfra.com\/blog\/reajuste-medio-da-conta-de-luz-deve-ser-de-264-em-2025-projeta-thymos-energia\/#primaryimage"},"thumbnailUrl":"https:\/\/agenciainfra.com\/blog\/wp-content\/uploads\/2025\/03\/calculo-conta-energia-foto-dominiopublico-e1750863917520.png","datePublished":"2025-06-25T15:05:38+00:00","dateModified":"2025-06-25T15:05:40+00:00","breadcrumb":{"@id":"https:\/\/agenciainfra.com\/blog\/reajuste-medio-da-conta-de-luz-deve-ser-de-264-em-2025-projeta-thymos-energia\/#breadcrumb"},"inLanguage":"pt-BR","potentialAction":[{"@type":"ReadAction","target":["https:\/\/agenciainfra.com\/blog\/reajuste-medio-da-conta-de-luz-deve-ser-de-264-em-2025-projeta-thymos-energia\/"]}]},{"@type":"ImageObject","inLanguage":"pt-BR","@id":"https:\/\/agenciainfra.com\/blog\/reajuste-medio-da-conta-de-luz-deve-ser-de-264-em-2025-projeta-thymos-energia\/#primaryimage","url":"https:\/\/agenciainfra.com\/blog\/wp-content\/uploads\/2025\/03\/calculo-conta-energia-foto-dominiopublico-e1750863917520.png","contentUrl":"https:\/\/agenciainfra.com\/blog\/wp-content\/uploads\/2025\/03\/calculo-conta-energia-foto-dominiopublico-e1750863917520.png","width":1208,"height":775,"caption":"Foto: Dom\u00ednio P\u00fablico"},{"@type":"BreadcrumbList","@id":"https:\/\/agenciainfra.com\/blog\/reajuste-medio-da-conta-de-luz-deve-ser-de-264-em-2025-projeta-thymos-energia\/#breadcrumb","itemListElement":[{"@type":"ListItem","position":1,"name":"In\u00edcio","item":"https:\/\/agenciainfra.com\/blog\/"},{"@type":"ListItem","position":2,"name":"Reajuste m\u00e9dio da conta de luz deve ser de 2,64% em 2025, projeta Thymos Energia"}]},{"@type":"WebSite","@id":"https:\/\/agenciainfra.com\/blog\/#website","url":"https:\/\/agenciainfra.com\/blog\/","name":"Ag\u00eancia iNFRA","description":"Multiplataforma de informa\u00e7\u00e3o jornal\u00edstica refer\u00eancia na \u00e1rea de infraestrutura no Brasil!","publisher":{"@id":"https:\/\/agenciainfra.com\/blog\/#organization"},"potentialAction":[{"@type":"SearchAction","target":{"@type":"EntryPoint","urlTemplate":"https:\/\/agenciainfra.com\/blog\/?s={search_term_string}"},"query-input":{"@type":"PropertyValueSpecification","valueRequired":true,"valueName":"search_term_string"}}],"inLanguage":"pt-BR"},{"@type":"Organization","@id":"https:\/\/agenciainfra.com\/blog\/#organization","name":"Ag\u00eancia iNFRA","url":"https:\/\/agenciainfra.com\/blog\/","logo":{"@type":"ImageObject","inLanguage":"pt-BR","@id":"https:\/\/agenciainfra.com\/blog\/#\/schema\/logo\/image\/","url":"https:\/\/agenciainfra.com\/blog\/wp-content\/uploads\/2023\/09\/iNFRA_5-e1761735885940.png","contentUrl":"https:\/\/agenciainfra.com\/blog\/wp-content\/uploads\/2023\/09\/iNFRA_5-e1761735885940.png","width":1672,"height":454,"caption":"Ag\u00eancia iNFRA"},"image":{"@id":"https:\/\/agenciainfra.com\/blog\/#\/schema\/logo\/image\/"},"sameAs":["https:\/\/www.facebook.com\/ageninfra","https:\/\/x.com\/agencia_infra","https:\/\/www.linkedin.com\/company\/ag\u00eanciainfra\/","https:\/\/www.instagram.com\/agenciainfra\/"]},{"@type":"Person","@id":"https:\/\/agenciainfra.com\/blog\/#\/schema\/person\/34af08dff6adea4cb22b06612ba7acfa","name":"Ag\u00eancia iNFRA","image":{"@type":"ImageObject","inLanguage":"pt-BR","@id":"https:\/\/agenciainfra.com\/blog\/#\/schema\/person\/image\/","url":"https:\/\/secure.gravatar.com\/avatar\/d189e01678f06d8eb84d4e01f08eb848b3fffe3f8443818d3c356c66892f5be8?s=96&d=mm&r=g","contentUrl":"https:\/\/secure.gravatar.com\/avatar\/d189e01678f06d8eb84d4e01f08eb848b3fffe3f8443818d3c356c66892f5be8?s=96&d=mm&r=g","caption":"Ag\u00eancia iNFRA"},"url":"https:\/\/agenciainfra.com\/blog\/author\/admin\/"}]}},"_links":{"self":[{"href":"https:\/\/agenciainfra.com\/blog\/wp-json\/wp\/v2\/posts\/23496","targetHints":{"allow":["GET"]}}],"collection":[{"href":"https:\/\/agenciainfra.com\/blog\/wp-json\/wp\/v2\/posts"}],"about":[{"href":"https:\/\/agenciainfra.com\/blog\/wp-json\/wp\/v2\/types\/post"}],"author":[{"embeddable":true,"href":"https:\/\/agenciainfra.com\/blog\/wp-json\/wp\/v2\/users\/1"}],"replies":[{"embeddable":true,"href":"https:\/\/agenciainfra.com\/blog\/wp-json\/wp\/v2\/comments?post=23496"}],"version-history":[{"count":1,"href":"https:\/\/agenciainfra.com\/blog\/wp-json\/wp\/v2\/posts\/23496\/revisions"}],"predecessor-version":[{"id":23501,"href":"https:\/\/agenciainfra.com\/blog\/wp-json\/wp\/v2\/posts\/23496\/revisions\/23501"}],"wp:featuredmedia":[{"embeddable":true,"href":"https:\/\/agenciainfra.com\/blog\/wp-json\/wp\/v2\/media\/20695"}],"wp:attachment":[{"href":"https:\/\/agenciainfra.com\/blog\/wp-json\/wp\/v2\/media?parent=23496"}],"wp:term":[{"taxonomy":"category","embeddable":true,"href":"https:\/\/agenciainfra.com\/blog\/wp-json\/wp\/v2\/categories?post=23496"},{"taxonomy":"post_tag","embeddable":true,"href":"https:\/\/agenciainfra.com\/blog\/wp-json\/wp\/v2\/tags?post=23496"}],"curies":[{"name":"wp","href":"https:\/\/api.w.org\/{rel}","templated":true}]}}