{"id":23503,"date":"2025-06-25T14:03:43","date_gmt":"2025-06-25T17:03:43","guid":{"rendered":"https:\/\/agenciainfra.com\/blog\/?p=23503"},"modified":"2025-06-26T08:06:47","modified_gmt":"2025-06-26T11:06:47","slug":"lula-pede-apoio-do-setor-de-combustiveis-a-silveira-diante-de-pressao-e-interesses-antagonicos","status":"publish","type":"post","link":"https:\/\/agenciainfra.com\/blog\/lula-pede-apoio-do-setor-de-combustiveis-a-silveira-diante-de-pressao-e-interesses-antagonicos\/","title":{"rendered":"Lula pede &#8220;apoio&#8221; do setor de combust\u00edveis a Silveira diante de &#8220;press\u00e3o&#8221; e &#8220;interesses antag\u00f4nicos&#8221;"},"content":{"rendered":"\n<p class=\"has-text-align-right\"><strong>da Ag\u00eancia iNFRA<\/strong><\/p>\n\n\n\n<p>O presidente Lula solicitou apoio de empres\u00e1rios do setor de combust\u00edveis e de biocombust\u00edveis ao ministro de Minas e Energia, Alexandre Silveira, em sua condu\u00e7\u00e3o da pasta, diante de \u201cpress\u00e3o\u201d e \u201cinteresses antag\u00f4nicos\u201d. Em discurso nesta quarta-feira (25), ele ainda parabenizou Silveira pelo trabalho no minist\u00e9rio.<\/p>\n\n\n\n<p>\u201cEspero que voc\u00eas continuem ajudando e incentivando o companheiro Alexandre [Silveira] porque a press\u00e3o n\u00e3o \u00e9 f\u00e1cil, voc\u00eas sabem que tem interesses antag\u00f4nicos sempre, e \u00e9 importante que voc\u00eas estejam alertas para ajudar as coisas a darem certo neste pa\u00eds\u201d, disse em discurso durante cerim\u00f4nia de an\u00fancio das decis\u00f5es tomadas na reuni\u00e3o do CNPE (Conselho Nacional de Pol\u00edtica Energ\u00e9tica).<\/p>\n\n\n\n<p>Lula delegou a Silveira a miss\u00e3o de convocar uma nova reuni\u00e3o do colegiado neste ano, entre outubro e novembro, mas n\u00e3o especificou o tema.<\/p>\n\n\n\n<p><em><sup>Foto: Ricardo Botelho\/MME<\/sup><\/em><\/p>\n","protected":false},"excerpt":{"rendered":"<p>da Ag\u00eancia iNFRA O presidente Lula solicitou apoio de empres\u00e1rios do setor de combust\u00edveis e de biocombust\u00edveis ao ministro de Minas e Energia, Alexandre Silveira, em sua condu\u00e7\u00e3o da pasta, diante de \u201cpress\u00e3o\u201d e \u201cinteresses antag\u00f4nicos\u201d. Em discurso nesta quarta-feira (25), ele ainda parabenizou Silveira pelo trabalho no minist\u00e9rio. \u201cEspero que voc\u00eas continuem ajudando e [&hellip;]<\/p>\n","protected":false},"author":1,"featured_media":23506,"comment_status":"closed","ping_status":"closed","sticky":false,"template":"","format":"standard","meta":{"_monsterinsights_skip_tracking":false,"_monsterinsights_sitenote_active":false,"_monsterinsights_sitenote_note":"","_monsterinsights_sitenote_category":0,"footnotes":""},"categories":[7250,1,13271],"tags":[6040,3004,314,5203,580,71],"class_list":["post-23503","post","type-post","status-publish","format-standard","has-post-thumbnail","hentry","category-destaque-lista","category-geral","category-oleo-gas","tag-alexandre-silveira","tag-cnpe","tag-combustiveis","tag-combustivel-do-futuro","tag-lula","tag-mme"],"yoast_head":"<!-- This site is optimized with the Yoast SEO Premium plugin v25.4 (Yoast SEO v26.0) - https:\/\/yoast.com\/wordpress\/plugins\/seo\/ -->\n<title>Lula pede &quot;apoio&quot; do setor de combust\u00edveis a Silveira diante de &quot;press\u00e3o&quot; e &quot;interesses antag\u00f4nicos&quot; - Ag\u00eancia iNFRA<\/title>\n<meta name=\"robots\" content=\"index, follow, max-snippet:-1, max-image-preview:large, max-video-preview:-1\" \/>\n<link rel=\"canonical\" href=\"https:\/\/agenciainfra.com\/blog\/lula-pede-apoio-do-setor-de-combustiveis-a-silveira-diante-de-pressao-e-interesses-antagonicos\/\" \/>\n<meta property=\"og:locale\" content=\"pt_BR\" \/>\n<meta property=\"og:type\" content=\"article\" \/>\n<meta property=\"og:title\" content=\"Lula pede &quot;apoio&quot; do setor de combust\u00edveis a Silveira diante de &quot;press\u00e3o&quot; e &quot;interesses antag\u00f4nicos&quot;\" \/>\n<meta property=\"og:description\" content=\"da Ag\u00eancia iNFRA O presidente Lula solicitou apoio de empres\u00e1rios do setor de combust\u00edveis e de biocombust\u00edveis ao ministro de Minas e Energia, Alexandre Silveira, em sua condu\u00e7\u00e3o da pasta, diante de \u201cpress\u00e3o\u201d e \u201cinteresses antag\u00f4nicos\u201d. Em discurso nesta quarta-feira (25), ele ainda parabenizou Silveira pelo trabalho no minist\u00e9rio. \u201cEspero que voc\u00eas continuem ajudando e [&hellip;]\" \/>\n<meta property=\"og:url\" content=\"https:\/\/agenciainfra.com\/blog\/lula-pede-apoio-do-setor-de-combustiveis-a-silveira-diante-de-pressao-e-interesses-antagonicos\/\" \/>\n<meta property=\"og:site_name\" content=\"Ag\u00eancia iNFRA\" \/>\n<meta property=\"article:publisher\" content=\"https:\/\/www.facebook.com\/ageninfra\" \/>\n<meta property=\"article:published_time\" content=\"2025-06-25T17:03:43+00:00\" \/>\n<meta property=\"article:modified_time\" content=\"2025-06-26T11:06:47+00:00\" \/>\n<meta property=\"og:image\" content=\"https:\/\/agenciainfra.com\/blog\/wp-content\/uploads\/2025\/06\/Foto-Ricardo-Botelho-MME.png\" \/>\n\t<meta property=\"og:image:width\" content=\"768\" \/>\n\t<meta property=\"og:image:height\" content=\"395\" \/>\n\t<meta property=\"og:image:type\" content=\"image\/png\" \/>\n<meta name=\"author\" content=\"Ag\u00eancia iNFRA\" \/>\n<meta name=\"twitter:card\" content=\"summary_large_image\" \/>\n<meta name=\"twitter:creator\" content=\"@agencia_infra\" \/>\n<meta name=\"twitter:site\" content=\"@agencia_infra\" \/>\n<meta name=\"twitter:label1\" content=\"Escrito por\" \/>\n\t<meta name=\"twitter:data1\" content=\"Ag\u00eancia iNFRA\" \/>\n\t<meta name=\"twitter:label2\" content=\"Est. tempo de leitura\" \/>\n\t<meta name=\"twitter:data2\" content=\"1 minuto\" \/>\n<script type=\"application\/ld+json\" class=\"yoast-schema-graph\">{\"@context\":\"https:\/\/schema.org\",\"@graph\":[{\"@type\":\"Article\",\"@id\":\"https:\/\/agenciainfra.com\/blog\/lula-pede-apoio-do-setor-de-combustiveis-a-silveira-diante-de-pressao-e-interesses-antagonicos\/#article\",\"isPartOf\":{\"@id\":\"https:\/\/agenciainfra.com\/blog\/lula-pede-apoio-do-setor-de-combustiveis-a-silveira-diante-de-pressao-e-interesses-antagonicos\/\"},\"author\":{\"name\":\"Ag\u00eancia iNFRA\",\"@id\":\"https:\/\/agenciainfra.com\/blog\/#\/schema\/person\/34af08dff6adea4cb22b06612ba7acfa\"},\"headline\":\"Lula pede &#8220;apoio&#8221; do setor de combust\u00edveis a Silveira diante de &#8220;press\u00e3o&#8221; e &#8220;interesses antag\u00f4nicos&#8221;\",\"datePublished\":\"2025-06-25T17:03:43+00:00\",\"dateModified\":\"2025-06-26T11:06:47+00:00\",\"mainEntityOfPage\":{\"@id\":\"https:\/\/agenciainfra.com\/blog\/lula-pede-apoio-do-setor-de-combustiveis-a-silveira-diante-de-pressao-e-interesses-antagonicos\/\"},\"wordCount\":176,\"publisher\":{\"@id\":\"https:\/\/agenciainfra.com\/blog\/#organization\"},\"image\":{\"@id\":\"https:\/\/agenciainfra.com\/blog\/lula-pede-apoio-do-setor-de-combustiveis-a-silveira-diante-de-pressao-e-interesses-antagonicos\/#primaryimage\"},\"thumbnailUrl\":\"https:\/\/agenciainfra.com\/blog\/wp-content\/uploads\/2025\/06\/Foto-Ricardo-Botelho-MME.png\",\"keywords\":[\"Alexandre Silveira\",\"CNPE\",\"combust\u00edveis\",\"Combust\u00edvel do Futuro\",\"Lula\",\"MME\"],\"articleSection\":[\"Destaque lista\",\"Geral\",\"\u00d3leo &amp; G\u00e1s\"],\"inLanguage\":\"pt-BR\",\"copyrightYear\":\"2025\",\"copyrightHolder\":{\"@id\":\"https:\/\/agenciainfra.com\/blog\/#organization\"}},{\"@type\":\"WebPage\",\"@id\":\"https:\/\/agenciainfra.com\/blog\/lula-pede-apoio-do-setor-de-combustiveis-a-silveira-diante-de-pressao-e-interesses-antagonicos\/\",\"url\":\"https:\/\/agenciainfra.com\/blog\/lula-pede-apoio-do-setor-de-combustiveis-a-silveira-diante-de-pressao-e-interesses-antagonicos\/\",\"name\":\"Lula pede \\\"apoio\\\" do setor de combust\u00edveis a Silveira diante de \\\"press\u00e3o\\\" e \\\"interesses antag\u00f4nicos\\\" - Ag\u00eancia iNFRA\",\"isPartOf\":{\"@id\":\"https:\/\/agenciainfra.com\/blog\/#website\"},\"primaryImageOfPage\":{\"@id\":\"https:\/\/agenciainfra.com\/blog\/lula-pede-apoio-do-setor-de-combustiveis-a-silveira-diante-de-pressao-e-interesses-antagonicos\/#primaryimage\"},\"image\":{\"@id\":\"https:\/\/agenciainfra.com\/blog\/lula-pede-apoio-do-setor-de-combustiveis-a-silveira-diante-de-pressao-e-interesses-antagonicos\/#primaryimage\"},\"thumbnailUrl\":\"https:\/\/agenciainfra.com\/blog\/wp-content\/uploads\/2025\/06\/Foto-Ricardo-Botelho-MME.png\",\"datePublished\":\"2025-06-25T17:03:43+00:00\",\"dateModified\":\"2025-06-26T11:06:47+00:00\",\"breadcrumb\":{\"@id\":\"https:\/\/agenciainfra.com\/blog\/lula-pede-apoio-do-setor-de-combustiveis-a-silveira-diante-de-pressao-e-interesses-antagonicos\/#breadcrumb\"},\"inLanguage\":\"pt-BR\",\"potentialAction\":[{\"@type\":\"ReadAction\",\"target\":[\"https:\/\/agenciainfra.com\/blog\/lula-pede-apoio-do-setor-de-combustiveis-a-silveira-diante-de-pressao-e-interesses-antagonicos\/\"]}]},{\"@type\":\"ImageObject\",\"inLanguage\":\"pt-BR\",\"@id\":\"https:\/\/agenciainfra.com\/blog\/lula-pede-apoio-do-setor-de-combustiveis-a-silveira-diante-de-pressao-e-interesses-antagonicos\/#primaryimage\",\"url\":\"https:\/\/agenciainfra.com\/blog\/wp-content\/uploads\/2025\/06\/Foto-Ricardo-Botelho-MME.png\",\"contentUrl\":\"https:\/\/agenciainfra.com\/blog\/wp-content\/uploads\/2025\/06\/Foto-Ricardo-Botelho-MME.png\",\"width\":768,\"height\":395},{\"@type\":\"BreadcrumbList\",\"@id\":\"https:\/\/agenciainfra.com\/blog\/lula-pede-apoio-do-setor-de-combustiveis-a-silveira-diante-de-pressao-e-interesses-antagonicos\/#breadcrumb\",\"itemListElement\":[{\"@type\":\"ListItem\",\"position\":1,\"name\":\"In\u00edcio\",\"item\":\"https:\/\/agenciainfra.com\/blog\/\"},{\"@type\":\"ListItem\",\"position\":2,\"name\":\"Lula pede &#8220;apoio&#8221; do setor de combust\u00edveis a Silveira diante de &#8220;press\u00e3o&#8221; e &#8220;interesses antag\u00f4nicos&#8221;\"}]},{\"@type\":\"WebSite\",\"@id\":\"https:\/\/agenciainfra.com\/blog\/#website\",\"url\":\"https:\/\/agenciainfra.com\/blog\/\",\"name\":\"Ag\u00eancia iNFRA\",\"description\":\"Multiplataforma de informa\u00e7\u00e3o jornal\u00edstica refer\u00eancia na \u00e1rea de infraestrutura no Brasil!\",\"publisher\":{\"@id\":\"https:\/\/agenciainfra.com\/blog\/#organization\"},\"potentialAction\":[{\"@type\":\"SearchAction\",\"target\":{\"@type\":\"EntryPoint\",\"urlTemplate\":\"https:\/\/agenciainfra.com\/blog\/?s={search_term_string}\"},\"query-input\":{\"@type\":\"PropertyValueSpecification\",\"valueRequired\":true,\"valueName\":\"search_term_string\"}}],\"inLanguage\":\"pt-BR\"},{\"@type\":\"Organization\",\"@id\":\"https:\/\/agenciainfra.com\/blog\/#organization\",\"name\":\"Ag\u00eancia iNFRA\",\"url\":\"https:\/\/agenciainfra.com\/blog\/\",\"logo\":{\"@type\":\"ImageObject\",\"inLanguage\":\"pt-BR\",\"@id\":\"https:\/\/agenciainfra.com\/blog\/#\/schema\/logo\/image\/\",\"url\":\"https:\/\/agenciainfra.com\/blog\/wp-content\/uploads\/2023\/09\/iNFRA_5-e1761735885940.png\",\"contentUrl\":\"https:\/\/agenciainfra.com\/blog\/wp-content\/uploads\/2023\/09\/iNFRA_5-e1761735885940.png\",\"width\":1672,\"height\":454,\"caption\":\"Ag\u00eancia iNFRA\"},\"image\":{\"@id\":\"https:\/\/agenciainfra.com\/blog\/#\/schema\/logo\/image\/\"},\"sameAs\":[\"https:\/\/www.facebook.com\/ageninfra\",\"https:\/\/x.com\/agencia_infra\",\"https:\/\/www.linkedin.com\/company\/ag\u00eanciainfra\/\",\"https:\/\/www.instagram.com\/agenciainfra\/\"]},{\"@type\":\"Person\",\"@id\":\"https:\/\/agenciainfra.com\/blog\/#\/schema\/person\/34af08dff6adea4cb22b06612ba7acfa\",\"name\":\"Ag\u00eancia iNFRA\",\"image\":{\"@type\":\"ImageObject\",\"inLanguage\":\"pt-BR\",\"@id\":\"https:\/\/agenciainfra.com\/blog\/#\/schema\/person\/image\/\",\"url\":\"https:\/\/secure.gravatar.com\/avatar\/d189e01678f06d8eb84d4e01f08eb848b3fffe3f8443818d3c356c66892f5be8?s=96&d=mm&r=g\",\"contentUrl\":\"https:\/\/secure.gravatar.com\/avatar\/d189e01678f06d8eb84d4e01f08eb848b3fffe3f8443818d3c356c66892f5be8?s=96&d=mm&r=g\",\"caption\":\"Ag\u00eancia iNFRA\"},\"url\":\"https:\/\/agenciainfra.com\/blog\/author\/admin\/\"}]}<\/script>\n<!-- \/ Yoast SEO Premium plugin. -->","yoast_head_json":{"title":"Lula pede \"apoio\" do setor de combust\u00edveis a Silveira diante de \"press\u00e3o\" e \"interesses antag\u00f4nicos\" - Ag\u00eancia iNFRA","robots":{"index":"index","follow":"follow","max-snippet":"max-snippet:-1","max-image-preview":"max-image-preview:large","max-video-preview":"max-video-preview:-1"},"canonical":"https:\/\/agenciainfra.com\/blog\/lula-pede-apoio-do-setor-de-combustiveis-a-silveira-diante-de-pressao-e-interesses-antagonicos\/","og_locale":"pt_BR","og_type":"article","og_title":"Lula pede \"apoio\" do setor de combust\u00edveis a Silveira diante de \"press\u00e3o\" e \"interesses antag\u00f4nicos\"","og_description":"da Ag\u00eancia iNFRA O presidente Lula solicitou apoio de empres\u00e1rios do setor de combust\u00edveis e de biocombust\u00edveis ao ministro de Minas e Energia, Alexandre Silveira, em sua condu\u00e7\u00e3o da pasta, diante de \u201cpress\u00e3o\u201d e \u201cinteresses antag\u00f4nicos\u201d. Em discurso nesta quarta-feira (25), ele ainda parabenizou Silveira pelo trabalho no minist\u00e9rio. \u201cEspero que voc\u00eas continuem ajudando e [&hellip;]","og_url":"https:\/\/agenciainfra.com\/blog\/lula-pede-apoio-do-setor-de-combustiveis-a-silveira-diante-de-pressao-e-interesses-antagonicos\/","og_site_name":"Ag\u00eancia iNFRA","article_publisher":"https:\/\/www.facebook.com\/ageninfra","article_published_time":"2025-06-25T17:03:43+00:00","article_modified_time":"2025-06-26T11:06:47+00:00","og_image":[{"width":768,"height":395,"url":"https:\/\/agenciainfra.com\/blog\/wp-content\/uploads\/2025\/06\/Foto-Ricardo-Botelho-MME.png","type":"image\/png"}],"author":"Ag\u00eancia iNFRA","twitter_card":"summary_large_image","twitter_creator":"@agencia_infra","twitter_site":"@agencia_infra","twitter_misc":{"Escrito por":"Ag\u00eancia iNFRA","Est. tempo de leitura":"1 minuto"},"schema":{"@context":"https:\/\/schema.org","@graph":[{"@type":"Article","@id":"https:\/\/agenciainfra.com\/blog\/lula-pede-apoio-do-setor-de-combustiveis-a-silveira-diante-de-pressao-e-interesses-antagonicos\/#article","isPartOf":{"@id":"https:\/\/agenciainfra.com\/blog\/lula-pede-apoio-do-setor-de-combustiveis-a-silveira-diante-de-pressao-e-interesses-antagonicos\/"},"author":{"name":"Ag\u00eancia iNFRA","@id":"https:\/\/agenciainfra.com\/blog\/#\/schema\/person\/34af08dff6adea4cb22b06612ba7acfa"},"headline":"Lula pede &#8220;apoio&#8221; do setor de combust\u00edveis a Silveira diante de &#8220;press\u00e3o&#8221; e &#8220;interesses antag\u00f4nicos&#8221;","datePublished":"2025-06-25T17:03:43+00:00","dateModified":"2025-06-26T11:06:47+00:00","mainEntityOfPage":{"@id":"https:\/\/agenciainfra.com\/blog\/lula-pede-apoio-do-setor-de-combustiveis-a-silveira-diante-de-pressao-e-interesses-antagonicos\/"},"wordCount":176,"publisher":{"@id":"https:\/\/agenciainfra.com\/blog\/#organization"},"image":{"@id":"https:\/\/agenciainfra.com\/blog\/lula-pede-apoio-do-setor-de-combustiveis-a-silveira-diante-de-pressao-e-interesses-antagonicos\/#primaryimage"},"thumbnailUrl":"https:\/\/agenciainfra.com\/blog\/wp-content\/uploads\/2025\/06\/Foto-Ricardo-Botelho-MME.png","keywords":["Alexandre Silveira","CNPE","combust\u00edveis","Combust\u00edvel do Futuro","Lula","MME"],"articleSection":["Destaque lista","Geral","\u00d3leo &amp; G\u00e1s"],"inLanguage":"pt-BR","copyrightYear":"2025","copyrightHolder":{"@id":"https:\/\/agenciainfra.com\/blog\/#organization"}},{"@type":"WebPage","@id":"https:\/\/agenciainfra.com\/blog\/lula-pede-apoio-do-setor-de-combustiveis-a-silveira-diante-de-pressao-e-interesses-antagonicos\/","url":"https:\/\/agenciainfra.com\/blog\/lula-pede-apoio-do-setor-de-combustiveis-a-silveira-diante-de-pressao-e-interesses-antagonicos\/","name":"Lula pede \"apoio\" do setor de combust\u00edveis a Silveira diante de \"press\u00e3o\" e \"interesses antag\u00f4nicos\" - Ag\u00eancia iNFRA","isPartOf":{"@id":"https:\/\/agenciainfra.com\/blog\/#website"},"primaryImageOfPage":{"@id":"https:\/\/agenciainfra.com\/blog\/lula-pede-apoio-do-setor-de-combustiveis-a-silveira-diante-de-pressao-e-interesses-antagonicos\/#primaryimage"},"image":{"@id":"https:\/\/agenciainfra.com\/blog\/lula-pede-apoio-do-setor-de-combustiveis-a-silveira-diante-de-pressao-e-interesses-antagonicos\/#primaryimage"},"thumbnailUrl":"https:\/\/agenciainfra.com\/blog\/wp-content\/uploads\/2025\/06\/Foto-Ricardo-Botelho-MME.png","datePublished":"2025-06-25T17:03:43+00:00","dateModified":"2025-06-26T11:06:47+00:00","breadcrumb":{"@id":"https:\/\/agenciainfra.com\/blog\/lula-pede-apoio-do-setor-de-combustiveis-a-silveira-diante-de-pressao-e-interesses-antagonicos\/#breadcrumb"},"inLanguage":"pt-BR","potentialAction":[{"@type":"ReadAction","target":["https:\/\/agenciainfra.com\/blog\/lula-pede-apoio-do-setor-de-combustiveis-a-silveira-diante-de-pressao-e-interesses-antagonicos\/"]}]},{"@type":"ImageObject","inLanguage":"pt-BR","@id":"https:\/\/agenciainfra.com\/blog\/lula-pede-apoio-do-setor-de-combustiveis-a-silveira-diante-de-pressao-e-interesses-antagonicos\/#primaryimage","url":"https:\/\/agenciainfra.com\/blog\/wp-content\/uploads\/2025\/06\/Foto-Ricardo-Botelho-MME.png","contentUrl":"https:\/\/agenciainfra.com\/blog\/wp-content\/uploads\/2025\/06\/Foto-Ricardo-Botelho-MME.png","width":768,"height":395},{"@type":"BreadcrumbList","@id":"https:\/\/agenciainfra.com\/blog\/lula-pede-apoio-do-setor-de-combustiveis-a-silveira-diante-de-pressao-e-interesses-antagonicos\/#breadcrumb","itemListElement":[{"@type":"ListItem","position":1,"name":"In\u00edcio","item":"https:\/\/agenciainfra.com\/blog\/"},{"@type":"ListItem","position":2,"name":"Lula pede &#8220;apoio&#8221; do setor de combust\u00edveis a Silveira diante de &#8220;press\u00e3o&#8221; e &#8220;interesses antag\u00f4nicos&#8221;"}]},{"@type":"WebSite","@id":"https:\/\/agenciainfra.com\/blog\/#website","url":"https:\/\/agenciainfra.com\/blog\/","name":"Ag\u00eancia iNFRA","description":"Multiplataforma de informa\u00e7\u00e3o jornal\u00edstica refer\u00eancia na \u00e1rea de infraestrutura no Brasil!","publisher":{"@id":"https:\/\/agenciainfra.com\/blog\/#organization"},"potentialAction":[{"@type":"SearchAction","target":{"@type":"EntryPoint","urlTemplate":"https:\/\/agenciainfra.com\/blog\/?s={search_term_string}"},"query-input":{"@type":"PropertyValueSpecification","valueRequired":true,"valueName":"search_term_string"}}],"inLanguage":"pt-BR"},{"@type":"Organization","@id":"https:\/\/agenciainfra.com\/blog\/#organization","name":"Ag\u00eancia iNFRA","url":"https:\/\/agenciainfra.com\/blog\/","logo":{"@type":"ImageObject","inLanguage":"pt-BR","@id":"https:\/\/agenciainfra.com\/blog\/#\/schema\/logo\/image\/","url":"https:\/\/agenciainfra.com\/blog\/wp-content\/uploads\/2023\/09\/iNFRA_5-e1761735885940.png","contentUrl":"https:\/\/agenciainfra.com\/blog\/wp-content\/uploads\/2023\/09\/iNFRA_5-e1761735885940.png","width":1672,"height":454,"caption":"Ag\u00eancia iNFRA"},"image":{"@id":"https:\/\/agenciainfra.com\/blog\/#\/schema\/logo\/image\/"},"sameAs":["https:\/\/www.facebook.com\/ageninfra","https:\/\/x.com\/agencia_infra","https:\/\/www.linkedin.com\/company\/ag\u00eanciainfra\/","https:\/\/www.instagram.com\/agenciainfra\/"]},{"@type":"Person","@id":"https:\/\/agenciainfra.com\/blog\/#\/schema\/person\/34af08dff6adea4cb22b06612ba7acfa","name":"Ag\u00eancia iNFRA","image":{"@type":"ImageObject","inLanguage":"pt-BR","@id":"https:\/\/agenciainfra.com\/blog\/#\/schema\/person\/image\/","url":"https:\/\/secure.gravatar.com\/avatar\/d189e01678f06d8eb84d4e01f08eb848b3fffe3f8443818d3c356c66892f5be8?s=96&d=mm&r=g","contentUrl":"https:\/\/secure.gravatar.com\/avatar\/d189e01678f06d8eb84d4e01f08eb848b3fffe3f8443818d3c356c66892f5be8?s=96&d=mm&r=g","caption":"Ag\u00eancia iNFRA"},"url":"https:\/\/agenciainfra.com\/blog\/author\/admin\/"}]}},"_links":{"self":[{"href":"https:\/\/agenciainfra.com\/blog\/wp-json\/wp\/v2\/posts\/23503","targetHints":{"allow":["GET"]}}],"collection":[{"href":"https:\/\/agenciainfra.com\/blog\/wp-json\/wp\/v2\/posts"}],"about":[{"href":"https:\/\/agenciainfra.com\/blog\/wp-json\/wp\/v2\/types\/post"}],"author":[{"embeddable":true,"href":"https:\/\/agenciainfra.com\/blog\/wp-json\/wp\/v2\/users\/1"}],"replies":[{"embeddable":true,"href":"https:\/\/agenciainfra.com\/blog\/wp-json\/wp\/v2\/comments?post=23503"}],"version-history":[{"count":2,"href":"https:\/\/agenciainfra.com\/blog\/wp-json\/wp\/v2\/posts\/23503\/revisions"}],"predecessor-version":[{"id":23538,"href":"https:\/\/agenciainfra.com\/blog\/wp-json\/wp\/v2\/posts\/23503\/revisions\/23538"}],"wp:featuredmedia":[{"embeddable":true,"href":"https:\/\/agenciainfra.com\/blog\/wp-json\/wp\/v2\/media\/23506"}],"wp:attachment":[{"href":"https:\/\/agenciainfra.com\/blog\/wp-json\/wp\/v2\/media?parent=23503"}],"wp:term":[{"taxonomy":"category","embeddable":true,"href":"https:\/\/agenciainfra.com\/blog\/wp-json\/wp\/v2\/categories?post=23503"},{"taxonomy":"post_tag","embeddable":true,"href":"https:\/\/agenciainfra.com\/blog\/wp-json\/wp\/v2\/tags?post=23503"}],"curies":[{"name":"wp","href":"https:\/\/api.w.org\/{rel}","templated":true}]}}