{"id":23509,"date":"2025-06-25T14:25:42","date_gmt":"2025-06-25T17:25:42","guid":{"rendered":"https:\/\/agenciainfra.com\/blog\/?p=23509"},"modified":"2025-06-26T10:19:47","modified_gmt":"2025-06-26T13:19:47","slug":"ninguem-vai-me-dizer-para-nao-explorar-petroleo-na-margem-equatorial-diz-lula-em-momento-chave-para-a-petrobras-na-regiao","status":"publish","type":"post","link":"https:\/\/agenciainfra.com\/blog\/ninguem-vai-me-dizer-para-nao-explorar-petroleo-na-margem-equatorial-diz-lula-em-momento-chave-para-a-petrobras-na-regiao\/","title":{"rendered":"&#8220;Ningu\u00e9m vai me dizer para n\u00e3o explorar petr\u00f3leo na Margem Equatorial&#8221;, diz Lula em momento chave para a Petrobras na regi\u00e3o"},"content":{"rendered":"\n<p class=\"has-text-align-right\"><strong><b>Gabriel Vasconcelos <\/b>e Geraldo Campos Jr., da Ag\u00eancia iNFRA<\/strong><\/p>\n\n\n\n<p>O presidente Lula voltou a defender publicamente a explora\u00e7\u00e3o de petr\u00f3leo na Margem Equatorial nesta quarta-feira (25), em cerim\u00f4nia com empres\u00e1rios ap\u00f3s a reuni\u00e3o do CNPE (Conselho Nacional de Pol\u00edtica Energ\u00e9tica) que elevou o mandato do biodiesel e etanol anidro para 15% e 30%, respectivamente, no diesel e na gasolina vendidos nas bombas. A fala de Lula vem em momento chave do processo de licenciamento ambiental da campanha de perfura\u00e7\u00e3o de um po\u00e7o explorat\u00f3rio da Petrobras no litoral do Amap\u00e1, na Bacia da Foz do Amazonas, uma das cinco que formam a Margem Equatorial. \u00a0<\/p>\n\n\n\n<p>&#8220;Ningu\u00e9m vai me dizer &#8216;n\u00e3o vai explorar petr\u00f3leo na Margem Equatorial&#8217;. A gente vai tratar com muita seriedade. A gente quer pesquisar, quer ver se tem [petr\u00f3leo]. E, se tem, vamos tratar. Porque ser\u00e1 o uso do petr\u00f3leo que vai garantir o financiamento para esse pa\u00eds e o mundo fazerem a transi\u00e7\u00e3o ecol\u00f3gica definitivamente e abrir m\u00e3o do combust\u00edvel f\u00f3ssil&#8221;, disse Lula.<\/p>\n\n\n\n<p>O presidente disse \u00e0 plateia formada por empres\u00e1rios do setor de combust\u00edveis e biocombust\u00edveis que, no contexto da transi\u00e7\u00e3o energ\u00e9tica, eles s\u00e3o &#8220;parceiros fundamentais&#8221; para o Brasil entrar de cabe\u00e7a erguida na COP30. Nos bastidores, fala-se que a posi\u00e7\u00e3o majorit\u00e1ria, dentro do governo, de explorar a Margem Equatorial deve ser alvo de forte questionamento na conven\u00e7\u00e3o da ONU sobre Mudan\u00e7a do Clima, que acontecer\u00e1 em outubro em Bel\u00e9m (PA).<\/p>\n\n\n\n<p>No palco, ao lado de ministros de estado e quadros do MME (Minist\u00e9rio de Minas e Energia), estava a diretora de assuntos corporativos da Petrobras, Clarice Coppetti, uma das principais respons\u00e1veis pelo acompanhamento do processo de licenciamento ambiental da campanha de perfura\u00e7\u00e3o da Petrobras no Amap\u00e1.<\/p>\n\n\n\n<p>A sonda de perfura\u00e7\u00e3o afretada pela Petrobras com essa finalidade est\u00e1 em tr\u00e2nsito para a regi\u00e3o, onde vai participar de um simulado de emerg\u00eancia verificado pela autarquia ambiental, a chamada APO (Avalia\u00e7\u00e3o Pr\u00e9-Operacional). Trata-se da \u00faltima etapa antes da decis\u00e3o final do Ibama sobre a concess\u00e3o da licen\u00e7a. O equipamento, informou a Petrobras ao Ibama, deve chegar ao local da perfura\u00e7\u00e3o no dia 30 de junho. A Petrobras pleiteia realizar a APO em 14 de julho, data que foi confirmada pelo presidente do Ibama em entrevista \u00e0 <strong>Ag\u00eancia iNFRA<\/strong>.<\/p>\n\n\n\n<p><sup><em>Foto: Ricardo Botelho\/MME<\/em><\/sup><\/p>\n","protected":false},"excerpt":{"rendered":"<p>Gabriel Vasconcelos e Geraldo Campos Jr., da Ag\u00eancia iNFRA O presidente Lula voltou a defender publicamente a explora\u00e7\u00e3o de petr\u00f3leo na Margem Equatorial nesta quarta-feira (25), em cerim\u00f4nia com empres\u00e1rios ap\u00f3s a reuni\u00e3o do CNPE (Conselho Nacional de Pol\u00edtica Energ\u00e9tica) que elevou o mandato do biodiesel e etanol anidro para 15% e 30%, respectivamente, no [&hellip;]<\/p>\n","protected":false},"author":1,"featured_media":23514,"comment_status":"closed","ping_status":"closed","sticky":false,"template":"","format":"standard","meta":{"_monsterinsights_skip_tracking":false,"_monsterinsights_sitenote_active":false,"_monsterinsights_sitenote_note":"","_monsterinsights_sitenote_category":0,"footnotes":""},"categories":[7250,1,13271],"tags":[2474,3004,314,13339,13338,13251,223,580,13269,143],"class_list":["post-23509","post","type-post","status-publish","format-standard","has-post-thumbnail","hentry","category-destaque-lista","category-geral","category-oleo-gas","tag-biocombustiveis","tag-cnpe","tag-combustiveis","tag-exploracao-de-petroleo","tag-foz-do-amazonas","tag-gabriel-vasconcelos","tag-licenciamento-ambiental","tag-lula","tag-margem-equatorial","tag-petrobras"],"yoast_head":"<!-- This site is optimized with the Yoast SEO Premium plugin v25.4 (Yoast SEO v26.0) - https:\/\/yoast.com\/wordpress\/plugins\/seo\/ -->\n<title>&quot;Ningu\u00e9m vai me dizer para n\u00e3o explorar petr\u00f3leo na Margem Equatorial&quot;, diz Lula em momento chave para a Petrobras na regi\u00e3o - Ag\u00eancia iNFRA<\/title>\n<meta name=\"robots\" content=\"index, follow, max-snippet:-1, max-image-preview:large, max-video-preview:-1\" \/>\n<link rel=\"canonical\" href=\"https:\/\/agenciainfra.com\/blog\/ninguem-vai-me-dizer-para-nao-explorar-petroleo-na-margem-equatorial-diz-lula-em-momento-chave-para-a-petrobras-na-regiao\/\" \/>\n<meta property=\"og:locale\" content=\"pt_BR\" \/>\n<meta property=\"og:type\" content=\"article\" \/>\n<meta property=\"og:title\" content=\"&quot;Ningu\u00e9m vai me dizer para n\u00e3o explorar petr\u00f3leo na Margem Equatorial&quot;, diz Lula em momento chave para a Petrobras na regi\u00e3o\" \/>\n<meta property=\"og:description\" content=\"Gabriel Vasconcelos e Geraldo Campos Jr., da Ag\u00eancia iNFRA O presidente Lula voltou a defender publicamente a explora\u00e7\u00e3o de petr\u00f3leo na Margem Equatorial nesta quarta-feira (25), em cerim\u00f4nia com empres\u00e1rios ap\u00f3s a reuni\u00e3o do CNPE (Conselho Nacional de Pol\u00edtica Energ\u00e9tica) que elevou o mandato do biodiesel e etanol anidro para 15% e 30%, respectivamente, no [&hellip;]\" \/>\n<meta property=\"og:url\" content=\"https:\/\/agenciainfra.com\/blog\/ninguem-vai-me-dizer-para-nao-explorar-petroleo-na-margem-equatorial-diz-lula-em-momento-chave-para-a-petrobras-na-regiao\/\" \/>\n<meta property=\"og:site_name\" content=\"Ag\u00eancia iNFRA\" \/>\n<meta property=\"article:publisher\" content=\"https:\/\/www.facebook.com\/ageninfra\" \/>\n<meta property=\"article:published_time\" content=\"2025-06-25T17:25:42+00:00\" \/>\n<meta property=\"article:modified_time\" content=\"2025-06-26T13:19:47+00:00\" \/>\n<meta property=\"og:image\" content=\"https:\/\/agenciainfra.com\/blog\/wp-content\/uploads\/2025\/06\/54612531767_fcdcf5ee76_c.jpg\" \/>\n\t<meta property=\"og:image:width\" content=\"799\" \/>\n\t<meta property=\"og:image:height\" content=\"532\" \/>\n\t<meta property=\"og:image:type\" content=\"image\/jpeg\" \/>\n<meta name=\"author\" content=\"Ag\u00eancia iNFRA\" \/>\n<meta name=\"twitter:card\" content=\"summary_large_image\" \/>\n<meta name=\"twitter:creator\" content=\"@agencia_infra\" \/>\n<meta name=\"twitter:site\" content=\"@agencia_infra\" \/>\n<meta name=\"twitter:label1\" content=\"Escrito por\" \/>\n\t<meta name=\"twitter:data1\" content=\"Ag\u00eancia iNFRA\" \/>\n\t<meta name=\"twitter:label2\" content=\"Est. tempo de leitura\" \/>\n\t<meta name=\"twitter:data2\" content=\"2 minutos\" \/>\n<script type=\"application\/ld+json\" class=\"yoast-schema-graph\">{\"@context\":\"https:\/\/schema.org\",\"@graph\":[{\"@type\":\"Article\",\"@id\":\"https:\/\/agenciainfra.com\/blog\/ninguem-vai-me-dizer-para-nao-explorar-petroleo-na-margem-equatorial-diz-lula-em-momento-chave-para-a-petrobras-na-regiao\/#article\",\"isPartOf\":{\"@id\":\"https:\/\/agenciainfra.com\/blog\/ninguem-vai-me-dizer-para-nao-explorar-petroleo-na-margem-equatorial-diz-lula-em-momento-chave-para-a-petrobras-na-regiao\/\"},\"author\":{\"name\":\"Ag\u00eancia iNFRA\",\"@id\":\"https:\/\/agenciainfra.com\/blog\/#\/schema\/person\/34af08dff6adea4cb22b06612ba7acfa\"},\"headline\":\"&#8220;Ningu\u00e9m vai me dizer para n\u00e3o explorar petr\u00f3leo na Margem Equatorial&#8221;, diz Lula em momento chave para a Petrobras na regi\u00e3o\",\"datePublished\":\"2025-06-25T17:25:42+00:00\",\"dateModified\":\"2025-06-26T13:19:47+00:00\",\"mainEntityOfPage\":{\"@id\":\"https:\/\/agenciainfra.com\/blog\/ninguem-vai-me-dizer-para-nao-explorar-petroleo-na-margem-equatorial-diz-lula-em-momento-chave-para-a-petrobras-na-regiao\/\"},\"wordCount\":440,\"publisher\":{\"@id\":\"https:\/\/agenciainfra.com\/blog\/#organization\"},\"image\":{\"@id\":\"https:\/\/agenciainfra.com\/blog\/ninguem-vai-me-dizer-para-nao-explorar-petroleo-na-margem-equatorial-diz-lula-em-momento-chave-para-a-petrobras-na-regiao\/#primaryimage\"},\"thumbnailUrl\":\"https:\/\/agenciainfra.com\/blog\/wp-content\/uploads\/2025\/06\/54612531767_fcdcf5ee76_c.jpg\",\"keywords\":[\"biocombust\u00edveis\",\"CNPE\",\"combust\u00edveis\",\"explora\u00e7\u00e3o de petr\u00f3leo\",\"foz do amazonas\",\"Gabriel Vasconcelos\",\"Licenciamento ambiental\",\"Lula\",\"margem equatorial\",\"Petrobras\"],\"articleSection\":[\"Destaque lista\",\"Geral\",\"\u00d3leo &amp; G\u00e1s\"],\"inLanguage\":\"pt-BR\",\"copyrightYear\":\"2025\",\"copyrightHolder\":{\"@id\":\"https:\/\/agenciainfra.com\/blog\/#organization\"}},{\"@type\":\"WebPage\",\"@id\":\"https:\/\/agenciainfra.com\/blog\/ninguem-vai-me-dizer-para-nao-explorar-petroleo-na-margem-equatorial-diz-lula-em-momento-chave-para-a-petrobras-na-regiao\/\",\"url\":\"https:\/\/agenciainfra.com\/blog\/ninguem-vai-me-dizer-para-nao-explorar-petroleo-na-margem-equatorial-diz-lula-em-momento-chave-para-a-petrobras-na-regiao\/\",\"name\":\"\\\"Ningu\u00e9m vai me dizer para n\u00e3o explorar petr\u00f3leo na Margem Equatorial\\\", diz Lula em momento chave para a Petrobras na regi\u00e3o - Ag\u00eancia iNFRA\",\"isPartOf\":{\"@id\":\"https:\/\/agenciainfra.com\/blog\/#website\"},\"primaryImageOfPage\":{\"@id\":\"https:\/\/agenciainfra.com\/blog\/ninguem-vai-me-dizer-para-nao-explorar-petroleo-na-margem-equatorial-diz-lula-em-momento-chave-para-a-petrobras-na-regiao\/#primaryimage\"},\"image\":{\"@id\":\"https:\/\/agenciainfra.com\/blog\/ninguem-vai-me-dizer-para-nao-explorar-petroleo-na-margem-equatorial-diz-lula-em-momento-chave-para-a-petrobras-na-regiao\/#primaryimage\"},\"thumbnailUrl\":\"https:\/\/agenciainfra.com\/blog\/wp-content\/uploads\/2025\/06\/54612531767_fcdcf5ee76_c.jpg\",\"datePublished\":\"2025-06-25T17:25:42+00:00\",\"dateModified\":\"2025-06-26T13:19:47+00:00\",\"breadcrumb\":{\"@id\":\"https:\/\/agenciainfra.com\/blog\/ninguem-vai-me-dizer-para-nao-explorar-petroleo-na-margem-equatorial-diz-lula-em-momento-chave-para-a-petrobras-na-regiao\/#breadcrumb\"},\"inLanguage\":\"pt-BR\",\"potentialAction\":[{\"@type\":\"ReadAction\",\"target\":[\"https:\/\/agenciainfra.com\/blog\/ninguem-vai-me-dizer-para-nao-explorar-petroleo-na-margem-equatorial-diz-lula-em-momento-chave-para-a-petrobras-na-regiao\/\"]}]},{\"@type\":\"ImageObject\",\"inLanguage\":\"pt-BR\",\"@id\":\"https:\/\/agenciainfra.com\/blog\/ninguem-vai-me-dizer-para-nao-explorar-petroleo-na-margem-equatorial-diz-lula-em-momento-chave-para-a-petrobras-na-regiao\/#primaryimage\",\"url\":\"https:\/\/agenciainfra.com\/blog\/wp-content\/uploads\/2025\/06\/54612531767_fcdcf5ee76_c.jpg\",\"contentUrl\":\"https:\/\/agenciainfra.com\/blog\/wp-content\/uploads\/2025\/06\/54612531767_fcdcf5ee76_c.jpg\",\"width\":799,\"height\":532},{\"@type\":\"BreadcrumbList\",\"@id\":\"https:\/\/agenciainfra.com\/blog\/ninguem-vai-me-dizer-para-nao-explorar-petroleo-na-margem-equatorial-diz-lula-em-momento-chave-para-a-petrobras-na-regiao\/#breadcrumb\",\"itemListElement\":[{\"@type\":\"ListItem\",\"position\":1,\"name\":\"In\u00edcio\",\"item\":\"https:\/\/agenciainfra.com\/blog\/\"},{\"@type\":\"ListItem\",\"position\":2,\"name\":\"&#8220;Ningu\u00e9m vai me dizer para n\u00e3o explorar petr\u00f3leo na Margem Equatorial&#8221;, diz Lula em momento chave para a Petrobras na regi\u00e3o\"}]},{\"@type\":\"WebSite\",\"@id\":\"https:\/\/agenciainfra.com\/blog\/#website\",\"url\":\"https:\/\/agenciainfra.com\/blog\/\",\"name\":\"Ag\u00eancia iNFRA\",\"description\":\"Multiplataforma de informa\u00e7\u00e3o jornal\u00edstica refer\u00eancia na \u00e1rea de infraestrutura no Brasil!\",\"publisher\":{\"@id\":\"https:\/\/agenciainfra.com\/blog\/#organization\"},\"potentialAction\":[{\"@type\":\"SearchAction\",\"target\":{\"@type\":\"EntryPoint\",\"urlTemplate\":\"https:\/\/agenciainfra.com\/blog\/?s={search_term_string}\"},\"query-input\":{\"@type\":\"PropertyValueSpecification\",\"valueRequired\":true,\"valueName\":\"search_term_string\"}}],\"inLanguage\":\"pt-BR\"},{\"@type\":\"Organization\",\"@id\":\"https:\/\/agenciainfra.com\/blog\/#organization\",\"name\":\"Ag\u00eancia iNFRA\",\"url\":\"https:\/\/agenciainfra.com\/blog\/\",\"logo\":{\"@type\":\"ImageObject\",\"inLanguage\":\"pt-BR\",\"@id\":\"https:\/\/agenciainfra.com\/blog\/#\/schema\/logo\/image\/\",\"url\":\"https:\/\/agenciainfra.com\/blog\/wp-content\/uploads\/2023\/09\/iNFRA_5-e1761735885940.png\",\"contentUrl\":\"https:\/\/agenciainfra.com\/blog\/wp-content\/uploads\/2023\/09\/iNFRA_5-e1761735885940.png\",\"width\":1672,\"height\":454,\"caption\":\"Ag\u00eancia iNFRA\"},\"image\":{\"@id\":\"https:\/\/agenciainfra.com\/blog\/#\/schema\/logo\/image\/\"},\"sameAs\":[\"https:\/\/www.facebook.com\/ageninfra\",\"https:\/\/x.com\/agencia_infra\",\"https:\/\/www.linkedin.com\/company\/ag\u00eanciainfra\/\",\"https:\/\/www.instagram.com\/agenciainfra\/\"]},{\"@type\":\"Person\",\"@id\":\"https:\/\/agenciainfra.com\/blog\/#\/schema\/person\/34af08dff6adea4cb22b06612ba7acfa\",\"name\":\"Ag\u00eancia iNFRA\",\"image\":{\"@type\":\"ImageObject\",\"inLanguage\":\"pt-BR\",\"@id\":\"https:\/\/agenciainfra.com\/blog\/#\/schema\/person\/image\/\",\"url\":\"https:\/\/secure.gravatar.com\/avatar\/d189e01678f06d8eb84d4e01f08eb848b3fffe3f8443818d3c356c66892f5be8?s=96&d=mm&r=g\",\"contentUrl\":\"https:\/\/secure.gravatar.com\/avatar\/d189e01678f06d8eb84d4e01f08eb848b3fffe3f8443818d3c356c66892f5be8?s=96&d=mm&r=g\",\"caption\":\"Ag\u00eancia iNFRA\"},\"url\":\"https:\/\/agenciainfra.com\/blog\/author\/admin\/\"}]}<\/script>\n<!-- \/ Yoast SEO Premium plugin. -->","yoast_head_json":{"title":"\"Ningu\u00e9m vai me dizer para n\u00e3o explorar petr\u00f3leo na Margem Equatorial\", diz Lula em momento chave para a Petrobras na regi\u00e3o - Ag\u00eancia iNFRA","robots":{"index":"index","follow":"follow","max-snippet":"max-snippet:-1","max-image-preview":"max-image-preview:large","max-video-preview":"max-video-preview:-1"},"canonical":"https:\/\/agenciainfra.com\/blog\/ninguem-vai-me-dizer-para-nao-explorar-petroleo-na-margem-equatorial-diz-lula-em-momento-chave-para-a-petrobras-na-regiao\/","og_locale":"pt_BR","og_type":"article","og_title":"\"Ningu\u00e9m vai me dizer para n\u00e3o explorar petr\u00f3leo na Margem Equatorial\", diz Lula em momento chave para a Petrobras na regi\u00e3o","og_description":"Gabriel Vasconcelos e Geraldo Campos Jr., da Ag\u00eancia iNFRA O presidente Lula voltou a defender publicamente a explora\u00e7\u00e3o de petr\u00f3leo na Margem Equatorial nesta quarta-feira (25), em cerim\u00f4nia com empres\u00e1rios ap\u00f3s a reuni\u00e3o do CNPE (Conselho Nacional de Pol\u00edtica Energ\u00e9tica) que elevou o mandato do biodiesel e etanol anidro para 15% e 30%, respectivamente, no [&hellip;]","og_url":"https:\/\/agenciainfra.com\/blog\/ninguem-vai-me-dizer-para-nao-explorar-petroleo-na-margem-equatorial-diz-lula-em-momento-chave-para-a-petrobras-na-regiao\/","og_site_name":"Ag\u00eancia iNFRA","article_publisher":"https:\/\/www.facebook.com\/ageninfra","article_published_time":"2025-06-25T17:25:42+00:00","article_modified_time":"2025-06-26T13:19:47+00:00","og_image":[{"width":799,"height":532,"url":"https:\/\/agenciainfra.com\/blog\/wp-content\/uploads\/2025\/06\/54612531767_fcdcf5ee76_c.jpg","type":"image\/jpeg"}],"author":"Ag\u00eancia iNFRA","twitter_card":"summary_large_image","twitter_creator":"@agencia_infra","twitter_site":"@agencia_infra","twitter_misc":{"Escrito por":"Ag\u00eancia iNFRA","Est. tempo de leitura":"2 minutos"},"schema":{"@context":"https:\/\/schema.org","@graph":[{"@type":"Article","@id":"https:\/\/agenciainfra.com\/blog\/ninguem-vai-me-dizer-para-nao-explorar-petroleo-na-margem-equatorial-diz-lula-em-momento-chave-para-a-petrobras-na-regiao\/#article","isPartOf":{"@id":"https:\/\/agenciainfra.com\/blog\/ninguem-vai-me-dizer-para-nao-explorar-petroleo-na-margem-equatorial-diz-lula-em-momento-chave-para-a-petrobras-na-regiao\/"},"author":{"name":"Ag\u00eancia iNFRA","@id":"https:\/\/agenciainfra.com\/blog\/#\/schema\/person\/34af08dff6adea4cb22b06612ba7acfa"},"headline":"&#8220;Ningu\u00e9m vai me dizer para n\u00e3o explorar petr\u00f3leo na Margem Equatorial&#8221;, diz Lula em momento chave para a Petrobras na regi\u00e3o","datePublished":"2025-06-25T17:25:42+00:00","dateModified":"2025-06-26T13:19:47+00:00","mainEntityOfPage":{"@id":"https:\/\/agenciainfra.com\/blog\/ninguem-vai-me-dizer-para-nao-explorar-petroleo-na-margem-equatorial-diz-lula-em-momento-chave-para-a-petrobras-na-regiao\/"},"wordCount":440,"publisher":{"@id":"https:\/\/agenciainfra.com\/blog\/#organization"},"image":{"@id":"https:\/\/agenciainfra.com\/blog\/ninguem-vai-me-dizer-para-nao-explorar-petroleo-na-margem-equatorial-diz-lula-em-momento-chave-para-a-petrobras-na-regiao\/#primaryimage"},"thumbnailUrl":"https:\/\/agenciainfra.com\/blog\/wp-content\/uploads\/2025\/06\/54612531767_fcdcf5ee76_c.jpg","keywords":["biocombust\u00edveis","CNPE","combust\u00edveis","explora\u00e7\u00e3o de petr\u00f3leo","foz do amazonas","Gabriel Vasconcelos","Licenciamento ambiental","Lula","margem equatorial","Petrobras"],"articleSection":["Destaque lista","Geral","\u00d3leo &amp; G\u00e1s"],"inLanguage":"pt-BR","copyrightYear":"2025","copyrightHolder":{"@id":"https:\/\/agenciainfra.com\/blog\/#organization"}},{"@type":"WebPage","@id":"https:\/\/agenciainfra.com\/blog\/ninguem-vai-me-dizer-para-nao-explorar-petroleo-na-margem-equatorial-diz-lula-em-momento-chave-para-a-petrobras-na-regiao\/","url":"https:\/\/agenciainfra.com\/blog\/ninguem-vai-me-dizer-para-nao-explorar-petroleo-na-margem-equatorial-diz-lula-em-momento-chave-para-a-petrobras-na-regiao\/","name":"\"Ningu\u00e9m vai me dizer para n\u00e3o explorar petr\u00f3leo na Margem Equatorial\", diz Lula em momento chave para a Petrobras na regi\u00e3o - Ag\u00eancia iNFRA","isPartOf":{"@id":"https:\/\/agenciainfra.com\/blog\/#website"},"primaryImageOfPage":{"@id":"https:\/\/agenciainfra.com\/blog\/ninguem-vai-me-dizer-para-nao-explorar-petroleo-na-margem-equatorial-diz-lula-em-momento-chave-para-a-petrobras-na-regiao\/#primaryimage"},"image":{"@id":"https:\/\/agenciainfra.com\/blog\/ninguem-vai-me-dizer-para-nao-explorar-petroleo-na-margem-equatorial-diz-lula-em-momento-chave-para-a-petrobras-na-regiao\/#primaryimage"},"thumbnailUrl":"https:\/\/agenciainfra.com\/blog\/wp-content\/uploads\/2025\/06\/54612531767_fcdcf5ee76_c.jpg","datePublished":"2025-06-25T17:25:42+00:00","dateModified":"2025-06-26T13:19:47+00:00","breadcrumb":{"@id":"https:\/\/agenciainfra.com\/blog\/ninguem-vai-me-dizer-para-nao-explorar-petroleo-na-margem-equatorial-diz-lula-em-momento-chave-para-a-petrobras-na-regiao\/#breadcrumb"},"inLanguage":"pt-BR","potentialAction":[{"@type":"ReadAction","target":["https:\/\/agenciainfra.com\/blog\/ninguem-vai-me-dizer-para-nao-explorar-petroleo-na-margem-equatorial-diz-lula-em-momento-chave-para-a-petrobras-na-regiao\/"]}]},{"@type":"ImageObject","inLanguage":"pt-BR","@id":"https:\/\/agenciainfra.com\/blog\/ninguem-vai-me-dizer-para-nao-explorar-petroleo-na-margem-equatorial-diz-lula-em-momento-chave-para-a-petrobras-na-regiao\/#primaryimage","url":"https:\/\/agenciainfra.com\/blog\/wp-content\/uploads\/2025\/06\/54612531767_fcdcf5ee76_c.jpg","contentUrl":"https:\/\/agenciainfra.com\/blog\/wp-content\/uploads\/2025\/06\/54612531767_fcdcf5ee76_c.jpg","width":799,"height":532},{"@type":"BreadcrumbList","@id":"https:\/\/agenciainfra.com\/blog\/ninguem-vai-me-dizer-para-nao-explorar-petroleo-na-margem-equatorial-diz-lula-em-momento-chave-para-a-petrobras-na-regiao\/#breadcrumb","itemListElement":[{"@type":"ListItem","position":1,"name":"In\u00edcio","item":"https:\/\/agenciainfra.com\/blog\/"},{"@type":"ListItem","position":2,"name":"&#8220;Ningu\u00e9m vai me dizer para n\u00e3o explorar petr\u00f3leo na Margem Equatorial&#8221;, diz Lula em momento chave para a Petrobras na regi\u00e3o"}]},{"@type":"WebSite","@id":"https:\/\/agenciainfra.com\/blog\/#website","url":"https:\/\/agenciainfra.com\/blog\/","name":"Ag\u00eancia iNFRA","description":"Multiplataforma de informa\u00e7\u00e3o jornal\u00edstica refer\u00eancia na \u00e1rea de infraestrutura no Brasil!","publisher":{"@id":"https:\/\/agenciainfra.com\/blog\/#organization"},"potentialAction":[{"@type":"SearchAction","target":{"@type":"EntryPoint","urlTemplate":"https:\/\/agenciainfra.com\/blog\/?s={search_term_string}"},"query-input":{"@type":"PropertyValueSpecification","valueRequired":true,"valueName":"search_term_string"}}],"inLanguage":"pt-BR"},{"@type":"Organization","@id":"https:\/\/agenciainfra.com\/blog\/#organization","name":"Ag\u00eancia iNFRA","url":"https:\/\/agenciainfra.com\/blog\/","logo":{"@type":"ImageObject","inLanguage":"pt-BR","@id":"https:\/\/agenciainfra.com\/blog\/#\/schema\/logo\/image\/","url":"https:\/\/agenciainfra.com\/blog\/wp-content\/uploads\/2023\/09\/iNFRA_5-e1761735885940.png","contentUrl":"https:\/\/agenciainfra.com\/blog\/wp-content\/uploads\/2023\/09\/iNFRA_5-e1761735885940.png","width":1672,"height":454,"caption":"Ag\u00eancia iNFRA"},"image":{"@id":"https:\/\/agenciainfra.com\/blog\/#\/schema\/logo\/image\/"},"sameAs":["https:\/\/www.facebook.com\/ageninfra","https:\/\/x.com\/agencia_infra","https:\/\/www.linkedin.com\/company\/ag\u00eanciainfra\/","https:\/\/www.instagram.com\/agenciainfra\/"]},{"@type":"Person","@id":"https:\/\/agenciainfra.com\/blog\/#\/schema\/person\/34af08dff6adea4cb22b06612ba7acfa","name":"Ag\u00eancia iNFRA","image":{"@type":"ImageObject","inLanguage":"pt-BR","@id":"https:\/\/agenciainfra.com\/blog\/#\/schema\/person\/image\/","url":"https:\/\/secure.gravatar.com\/avatar\/d189e01678f06d8eb84d4e01f08eb848b3fffe3f8443818d3c356c66892f5be8?s=96&d=mm&r=g","contentUrl":"https:\/\/secure.gravatar.com\/avatar\/d189e01678f06d8eb84d4e01f08eb848b3fffe3f8443818d3c356c66892f5be8?s=96&d=mm&r=g","caption":"Ag\u00eancia iNFRA"},"url":"https:\/\/agenciainfra.com\/blog\/author\/admin\/"}]}},"_links":{"self":[{"href":"https:\/\/agenciainfra.com\/blog\/wp-json\/wp\/v2\/posts\/23509","targetHints":{"allow":["GET"]}}],"collection":[{"href":"https:\/\/agenciainfra.com\/blog\/wp-json\/wp\/v2\/posts"}],"about":[{"href":"https:\/\/agenciainfra.com\/blog\/wp-json\/wp\/v2\/types\/post"}],"author":[{"embeddable":true,"href":"https:\/\/agenciainfra.com\/blog\/wp-json\/wp\/v2\/users\/1"}],"replies":[{"embeddable":true,"href":"https:\/\/agenciainfra.com\/blog\/wp-json\/wp\/v2\/comments?post=23509"}],"version-history":[{"count":3,"href":"https:\/\/agenciainfra.com\/blog\/wp-json\/wp\/v2\/posts\/23509\/revisions"}],"predecessor-version":[{"id":23534,"href":"https:\/\/agenciainfra.com\/blog\/wp-json\/wp\/v2\/posts\/23509\/revisions\/23534"}],"wp:featuredmedia":[{"embeddable":true,"href":"https:\/\/agenciainfra.com\/blog\/wp-json\/wp\/v2\/media\/23514"}],"wp:attachment":[{"href":"https:\/\/agenciainfra.com\/blog\/wp-json\/wp\/v2\/media?parent=23509"}],"wp:term":[{"taxonomy":"category","embeddable":true,"href":"https:\/\/agenciainfra.com\/blog\/wp-json\/wp\/v2\/categories?post=23509"},{"taxonomy":"post_tag","embeddable":true,"href":"https:\/\/agenciainfra.com\/blog\/wp-json\/wp\/v2\/tags?post=23509"}],"curies":[{"name":"wp","href":"https:\/\/api.w.org\/{rel}","templated":true}]}}