{"id":23539,"date":"2025-06-25T17:29:40","date_gmt":"2025-06-25T20:29:40","guid":{"rendered":"https:\/\/agenciainfra.com\/blog\/?p=23539"},"modified":"2025-06-26T19:11:58","modified_gmt":"2025-06-26T22:11:58","slug":"alcolumbre-diz-que-congresso-sofre-agressoes-desde-derrubada-de-vetos-da-lei-das-eolicas-offshore-e-menciona-falso-aumento-da-tarifa-de-energia","status":"publish","type":"post","link":"https:\/\/agenciainfra.com\/blog\/alcolumbre-diz-que-congresso-sofre-agressoes-desde-derrubada-de-vetos-da-lei-das-eolicas-offshore-e-menciona-falso-aumento-da-tarifa-de-energia\/","title":{"rendered":"Alcolumbre diz que Congresso sofre agress\u00f5es desde derrubada de vetos da Lei das E\u00f3licas Offshore e menciona &#8216;falso aumento da tarifa&#8217; de energia"},"content":{"rendered":"\n<p class=\"has-text-align-right\"><strong>Marisa Wanzeller e Geraldo Campos Jr., da Ag\u00eancia iNFRA<\/strong><\/p>\n\n\n\n<p>O presidente do Senado Federal, Davi Alcolumbre (Uni\u00e3o-AP), disse que o Congresso Nacional vem sofrendo \u201cagress\u00f5es\u201d desde a derrubada dos vetos da Lei das E\u00f3licas Offshore na sess\u00e3o realizada na \u00faltima semana. Em um discurso duro lido durante a sess\u00e3o desta quarta-feira (25), ele recha\u00e7ou que a decis\u00e3o levar\u00e1 a um aumento nas contas de energia el\u00e9trica.<\/p>\n\n\n\n<p>\u201cInfelizmente, parte da imprensa brasileira, insuflada por alguns, est\u00e1 distorcendo desde o dia da sess\u00e3o os fatos e divulgando n\u00fameros superestimados, com cen\u00e1rios alarmistas e absolutamente desconectados da realidade. O objetivo, lamentavelmente, parece ser um s\u00f3: espalhar o p\u00e2nico entre os consumidores, atribuindo ao Congresso brasileiro a responsabilidade por um falso aumento da tarifa&#8221;, disse.<\/p>\n\n\n\n<p>Alcolumbre afirmou que a derrubada de vetos n\u00e3o trar\u00e1 aumento tarif\u00e1rio e que os itens estabelecidos na lei trazem modicidade tarif\u00e1ria ou t\u00eam custos bem diferentes dos que v\u00eam sendo divulgados.<\/p>\n\n\n\n<p>No caso da recontrata\u00e7\u00e3o de usinas do Proinfa [Programa de Incentivo \u00e0s Fontes Alternativas de Energia El\u00e9trica], ele citou que o \u201cimpacto l\u00edquido estimado \u00e9 de R$ 15,9 milh\u00f5es em 2025, n\u00e3o o que se alardeou na \u00faltima semana de mais de R$ 500 bilh\u00f5es\u201d, uma vez que \u201co que est\u00e1 sendo proposto \u00e9 uma prorroga\u00e7\u00e3o com contrapartidas claras\u201d. J\u00e1 em rela\u00e7\u00e3o \u00e0s PCHs (Pequenas Centrais Hidrel\u00e9tricas), disse que a medida \u201cgarante seguran\u00e7a no sistema do pa\u00eds e traz modicidade tarif\u00e1ria\u201d.<\/p>\n\n\n\n<p>\u201cN\u00e3o aceitarei que atribuam ao Congresso Nacional uma responsabilidade que n\u00e3o existe. As decis\u00f5es tomadas aqui foram t\u00e9cnicas, transparentes e voltadas ao interesse p\u00fablico. N\u00e3o h\u00e1 aumento tarif\u00e1rio! H\u00e1 sim compromisso com a modicidade tarif\u00e1ria, com o equil\u00edbrio federativo, com a inova\u00e7\u00e3o e com o futuro do setor el\u00e9trico nacional&#8221;, disse.<\/p>\n\n\n\n<p>\u201cChega de narrativas manipuladas, chega de terrorismo tarif\u00e1rio, chega de distor\u00e7\u00f5es feitas por quem quer manter privil\u00e9gios e lucros excessivos \u00e0s custas da verdade e da conta de luz do cidad\u00e3o brasileiro&#8221;, continuou.<\/p>\n","protected":false},"excerpt":{"rendered":"<p>Marisa Wanzeller e Geraldo Campos Jr., da Ag\u00eancia iNFRA O presidente do Senado Federal, Davi Alcolumbre (Uni\u00e3o-AP), disse que o Congresso Nacional vem sofrendo \u201cagress\u00f5es\u201d desde a derrubada dos vetos da Lei das E\u00f3licas Offshore na sess\u00e3o realizada na \u00faltima semana. Em um discurso duro lido durante a sess\u00e3o desta quarta-feira (25), ele recha\u00e7ou que [&hellip;]<\/p>\n","protected":false},"author":1,"featured_media":23540,"comment_status":"closed","ping_status":"closed","sticky":false,"template":"","format":"standard","meta":{"_monsterinsights_skip_tracking":false,"_monsterinsights_sitenote_active":false,"_monsterinsights_sitenote_note":"","_monsterinsights_sitenote_category":0,"footnotes":""},"categories":[1,10],"tags":[13977,779,122,1228,11594,11326,13948,7366,123,5586,7682],"class_list":["post-23539","post","type-post","status-publish","format-standard","has-post-thumbnail","hentry","category-geral","category-infraenergia","tag-aumento-da-tarifa","tag-congresso-nacional","tag-conta-de-luz","tag-davi-alcolumbre","tag-geraldo-campos-jr","tag-jabutis","tag-lei-das-eolicas-offshore","tag-marisa-wanzeller","tag-senado","tag-tarifa-de-energia","tag-vetos-presidenciais"],"yoast_head":"<!-- This site is optimized with the Yoast SEO Premium plugin v25.4 (Yoast SEO v26.0) - https:\/\/yoast.com\/wordpress\/plugins\/seo\/ -->\n<title>Alcolumbre diz que Congresso sofre agress\u00f5es desde derrubada de vetos da Lei das E\u00f3licas Offshore e menciona &#039;falso aumento da tarifa&#039; de energia - Ag\u00eancia iNFRA<\/title>\n<meta name=\"robots\" content=\"index, follow, max-snippet:-1, max-image-preview:large, max-video-preview:-1\" \/>\n<link rel=\"canonical\" href=\"https:\/\/agenciainfra.com\/blog\/alcolumbre-diz-que-congresso-sofre-agressoes-desde-derrubada-de-vetos-da-lei-das-eolicas-offshore-e-menciona-falso-aumento-da-tarifa-de-energia\/\" \/>\n<meta property=\"og:locale\" content=\"pt_BR\" \/>\n<meta property=\"og:type\" content=\"article\" \/>\n<meta property=\"og:title\" content=\"Alcolumbre diz que Congresso sofre agress\u00f5es desde derrubada de vetos da Lei das E\u00f3licas Offshore e menciona &#039;falso aumento da tarifa&#039; de energia\" \/>\n<meta property=\"og:description\" content=\"Marisa Wanzeller e Geraldo Campos Jr., da Ag\u00eancia iNFRA O presidente do Senado Federal, Davi Alcolumbre (Uni\u00e3o-AP), disse que o Congresso Nacional vem sofrendo \u201cagress\u00f5es\u201d desde a derrubada dos vetos da Lei das E\u00f3licas Offshore na sess\u00e3o realizada na \u00faltima semana. Em um discurso duro lido durante a sess\u00e3o desta quarta-feira (25), ele recha\u00e7ou que [&hellip;]\" \/>\n<meta property=\"og:url\" content=\"https:\/\/agenciainfra.com\/blog\/alcolumbre-diz-que-congresso-sofre-agressoes-desde-derrubada-de-vetos-da-lei-das-eolicas-offshore-e-menciona-falso-aumento-da-tarifa-de-energia\/\" \/>\n<meta property=\"og:site_name\" content=\"Ag\u00eancia iNFRA\" \/>\n<meta property=\"article:publisher\" content=\"https:\/\/www.facebook.com\/ageninfra\" \/>\n<meta property=\"article:published_time\" content=\"2025-06-25T20:29:40+00:00\" \/>\n<meta property=\"article:modified_time\" content=\"2025-06-26T22:11:58+00:00\" \/>\n<meta property=\"og:image\" content=\"https:\/\/agenciainfra.com\/blog\/wp-content\/uploads\/2025\/06\/davi-alcolumbre-foto-andressa-anholete-agencia-senado.jpg\" \/>\n\t<meta property=\"og:image:width\" content=\"1280\" \/>\n\t<meta property=\"og:image:height\" content=\"853\" \/>\n\t<meta property=\"og:image:type\" content=\"image\/jpeg\" \/>\n<meta name=\"author\" content=\"Ag\u00eancia iNFRA\" \/>\n<meta name=\"twitter:card\" content=\"summary_large_image\" \/>\n<meta name=\"twitter:creator\" content=\"@agencia_infra\" \/>\n<meta name=\"twitter:site\" content=\"@agencia_infra\" \/>\n<meta name=\"twitter:label1\" content=\"Escrito por\" \/>\n\t<meta name=\"twitter:data1\" content=\"Ag\u00eancia iNFRA\" \/>\n\t<meta name=\"twitter:label2\" content=\"Est. tempo de leitura\" \/>\n\t<meta name=\"twitter:data2\" content=\"2 minutos\" \/>\n<script type=\"application\/ld+json\" class=\"yoast-schema-graph\">{\"@context\":\"https:\/\/schema.org\",\"@graph\":[{\"@type\":\"Article\",\"@id\":\"https:\/\/agenciainfra.com\/blog\/alcolumbre-diz-que-congresso-sofre-agressoes-desde-derrubada-de-vetos-da-lei-das-eolicas-offshore-e-menciona-falso-aumento-da-tarifa-de-energia\/#article\",\"isPartOf\":{\"@id\":\"https:\/\/agenciainfra.com\/blog\/alcolumbre-diz-que-congresso-sofre-agressoes-desde-derrubada-de-vetos-da-lei-das-eolicas-offshore-e-menciona-falso-aumento-da-tarifa-de-energia\/\"},\"author\":{\"name\":\"Ag\u00eancia iNFRA\",\"@id\":\"https:\/\/agenciainfra.com\/blog\/#\/schema\/person\/34af08dff6adea4cb22b06612ba7acfa\"},\"headline\":\"Alcolumbre diz que Congresso sofre agress\u00f5es desde derrubada de vetos da Lei das E\u00f3licas Offshore e menciona &#8216;falso aumento da tarifa&#8217; de energia\",\"datePublished\":\"2025-06-25T20:29:40+00:00\",\"dateModified\":\"2025-06-26T22:11:58+00:00\",\"mainEntityOfPage\":{\"@id\":\"https:\/\/agenciainfra.com\/blog\/alcolumbre-diz-que-congresso-sofre-agressoes-desde-derrubada-de-vetos-da-lei-das-eolicas-offshore-e-menciona-falso-aumento-da-tarifa-de-energia\/\"},\"wordCount\":381,\"publisher\":{\"@id\":\"https:\/\/agenciainfra.com\/blog\/#organization\"},\"image\":{\"@id\":\"https:\/\/agenciainfra.com\/blog\/alcolumbre-diz-que-congresso-sofre-agressoes-desde-derrubada-de-vetos-da-lei-das-eolicas-offshore-e-menciona-falso-aumento-da-tarifa-de-energia\/#primaryimage\"},\"thumbnailUrl\":\"https:\/\/agenciainfra.com\/blog\/wp-content\/uploads\/2025\/06\/davi-alcolumbre-foto-andressa-anholete-agencia-senado.jpg\",\"keywords\":[\"aumento da tarifa\",\"Congresso Nacional\",\"Conta de Luz\",\"Davi Alcolumbre\",\"Geraldo Campos Jr.\",\"jabutis\",\"lei das e\u00f3licas offshore\",\"Marisa Wanzeller\",\"senado\",\"tarifa de energia\",\"vetos presidenciais\"],\"articleSection\":[\"Geral\",\"iNFRAEnergia\"],\"inLanguage\":\"pt-BR\",\"copyrightYear\":\"2025\",\"copyrightHolder\":{\"@id\":\"https:\/\/agenciainfra.com\/blog\/#organization\"}},{\"@type\":\"WebPage\",\"@id\":\"https:\/\/agenciainfra.com\/blog\/alcolumbre-diz-que-congresso-sofre-agressoes-desde-derrubada-de-vetos-da-lei-das-eolicas-offshore-e-menciona-falso-aumento-da-tarifa-de-energia\/\",\"url\":\"https:\/\/agenciainfra.com\/blog\/alcolumbre-diz-que-congresso-sofre-agressoes-desde-derrubada-de-vetos-da-lei-das-eolicas-offshore-e-menciona-falso-aumento-da-tarifa-de-energia\/\",\"name\":\"Alcolumbre diz que Congresso sofre agress\u00f5es desde derrubada de vetos da Lei das E\u00f3licas Offshore e menciona 'falso aumento da tarifa' de energia - Ag\u00eancia iNFRA\",\"isPartOf\":{\"@id\":\"https:\/\/agenciainfra.com\/blog\/#website\"},\"primaryImageOfPage\":{\"@id\":\"https:\/\/agenciainfra.com\/blog\/alcolumbre-diz-que-congresso-sofre-agressoes-desde-derrubada-de-vetos-da-lei-das-eolicas-offshore-e-menciona-falso-aumento-da-tarifa-de-energia\/#primaryimage\"},\"image\":{\"@id\":\"https:\/\/agenciainfra.com\/blog\/alcolumbre-diz-que-congresso-sofre-agressoes-desde-derrubada-de-vetos-da-lei-das-eolicas-offshore-e-menciona-falso-aumento-da-tarifa-de-energia\/#primaryimage\"},\"thumbnailUrl\":\"https:\/\/agenciainfra.com\/blog\/wp-content\/uploads\/2025\/06\/davi-alcolumbre-foto-andressa-anholete-agencia-senado.jpg\",\"datePublished\":\"2025-06-25T20:29:40+00:00\",\"dateModified\":\"2025-06-26T22:11:58+00:00\",\"breadcrumb\":{\"@id\":\"https:\/\/agenciainfra.com\/blog\/alcolumbre-diz-que-congresso-sofre-agressoes-desde-derrubada-de-vetos-da-lei-das-eolicas-offshore-e-menciona-falso-aumento-da-tarifa-de-energia\/#breadcrumb\"},\"inLanguage\":\"pt-BR\",\"potentialAction\":[{\"@type\":\"ReadAction\",\"target\":[\"https:\/\/agenciainfra.com\/blog\/alcolumbre-diz-que-congresso-sofre-agressoes-desde-derrubada-de-vetos-da-lei-das-eolicas-offshore-e-menciona-falso-aumento-da-tarifa-de-energia\/\"]}]},{\"@type\":\"ImageObject\",\"inLanguage\":\"pt-BR\",\"@id\":\"https:\/\/agenciainfra.com\/blog\/alcolumbre-diz-que-congresso-sofre-agressoes-desde-derrubada-de-vetos-da-lei-das-eolicas-offshore-e-menciona-falso-aumento-da-tarifa-de-energia\/#primaryimage\",\"url\":\"https:\/\/agenciainfra.com\/blog\/wp-content\/uploads\/2025\/06\/davi-alcolumbre-foto-andressa-anholete-agencia-senado.jpg\",\"contentUrl\":\"https:\/\/agenciainfra.com\/blog\/wp-content\/uploads\/2025\/06\/davi-alcolumbre-foto-andressa-anholete-agencia-senado.jpg\",\"width\":1280,\"height\":853,\"caption\":\"Foto: Andressa Anholete\/Ag\u00eancia Senado\"},{\"@type\":\"BreadcrumbList\",\"@id\":\"https:\/\/agenciainfra.com\/blog\/alcolumbre-diz-que-congresso-sofre-agressoes-desde-derrubada-de-vetos-da-lei-das-eolicas-offshore-e-menciona-falso-aumento-da-tarifa-de-energia\/#breadcrumb\",\"itemListElement\":[{\"@type\":\"ListItem\",\"position\":1,\"name\":\"In\u00edcio\",\"item\":\"https:\/\/agenciainfra.com\/blog\/\"},{\"@type\":\"ListItem\",\"position\":2,\"name\":\"Alcolumbre diz que Congresso sofre agress\u00f5es desde derrubada de vetos da Lei das E\u00f3licas Offshore e menciona &#8216;falso aumento da tarifa&#8217; de energia\"}]},{\"@type\":\"WebSite\",\"@id\":\"https:\/\/agenciainfra.com\/blog\/#website\",\"url\":\"https:\/\/agenciainfra.com\/blog\/\",\"name\":\"Ag\u00eancia iNFRA\",\"description\":\"Multiplataforma de informa\u00e7\u00e3o jornal\u00edstica refer\u00eancia na \u00e1rea de infraestrutura no Brasil!\",\"publisher\":{\"@id\":\"https:\/\/agenciainfra.com\/blog\/#organization\"},\"potentialAction\":[{\"@type\":\"SearchAction\",\"target\":{\"@type\":\"EntryPoint\",\"urlTemplate\":\"https:\/\/agenciainfra.com\/blog\/?s={search_term_string}\"},\"query-input\":{\"@type\":\"PropertyValueSpecification\",\"valueRequired\":true,\"valueName\":\"search_term_string\"}}],\"inLanguage\":\"pt-BR\"},{\"@type\":\"Organization\",\"@id\":\"https:\/\/agenciainfra.com\/blog\/#organization\",\"name\":\"Ag\u00eancia iNFRA\",\"url\":\"https:\/\/agenciainfra.com\/blog\/\",\"logo\":{\"@type\":\"ImageObject\",\"inLanguage\":\"pt-BR\",\"@id\":\"https:\/\/agenciainfra.com\/blog\/#\/schema\/logo\/image\/\",\"url\":\"https:\/\/agenciainfra.com\/blog\/wp-content\/uploads\/2023\/09\/iNFRA_5-e1761735885940.png\",\"contentUrl\":\"https:\/\/agenciainfra.com\/blog\/wp-content\/uploads\/2023\/09\/iNFRA_5-e1761735885940.png\",\"width\":1672,\"height\":454,\"caption\":\"Ag\u00eancia iNFRA\"},\"image\":{\"@id\":\"https:\/\/agenciainfra.com\/blog\/#\/schema\/logo\/image\/\"},\"sameAs\":[\"https:\/\/www.facebook.com\/ageninfra\",\"https:\/\/x.com\/agencia_infra\",\"https:\/\/www.linkedin.com\/company\/ag\u00eanciainfra\/\",\"https:\/\/www.instagram.com\/agenciainfra\/\"]},{\"@type\":\"Person\",\"@id\":\"https:\/\/agenciainfra.com\/blog\/#\/schema\/person\/34af08dff6adea4cb22b06612ba7acfa\",\"name\":\"Ag\u00eancia iNFRA\",\"image\":{\"@type\":\"ImageObject\",\"inLanguage\":\"pt-BR\",\"@id\":\"https:\/\/agenciainfra.com\/blog\/#\/schema\/person\/image\/\",\"url\":\"https:\/\/secure.gravatar.com\/avatar\/d189e01678f06d8eb84d4e01f08eb848b3fffe3f8443818d3c356c66892f5be8?s=96&d=mm&r=g\",\"contentUrl\":\"https:\/\/secure.gravatar.com\/avatar\/d189e01678f06d8eb84d4e01f08eb848b3fffe3f8443818d3c356c66892f5be8?s=96&d=mm&r=g\",\"caption\":\"Ag\u00eancia iNFRA\"},\"url\":\"https:\/\/agenciainfra.com\/blog\/author\/admin\/\"}]}<\/script>\n<!-- \/ Yoast SEO Premium plugin. -->","yoast_head_json":{"title":"Alcolumbre diz que Congresso sofre agress\u00f5es desde derrubada de vetos da Lei das E\u00f3licas Offshore e menciona 'falso aumento da tarifa' de energia - Ag\u00eancia iNFRA","robots":{"index":"index","follow":"follow","max-snippet":"max-snippet:-1","max-image-preview":"max-image-preview:large","max-video-preview":"max-video-preview:-1"},"canonical":"https:\/\/agenciainfra.com\/blog\/alcolumbre-diz-que-congresso-sofre-agressoes-desde-derrubada-de-vetos-da-lei-das-eolicas-offshore-e-menciona-falso-aumento-da-tarifa-de-energia\/","og_locale":"pt_BR","og_type":"article","og_title":"Alcolumbre diz que Congresso sofre agress\u00f5es desde derrubada de vetos da Lei das E\u00f3licas Offshore e menciona 'falso aumento da tarifa' de energia","og_description":"Marisa Wanzeller e Geraldo Campos Jr., da Ag\u00eancia iNFRA O presidente do Senado Federal, Davi Alcolumbre (Uni\u00e3o-AP), disse que o Congresso Nacional vem sofrendo \u201cagress\u00f5es\u201d desde a derrubada dos vetos da Lei das E\u00f3licas Offshore na sess\u00e3o realizada na \u00faltima semana. Em um discurso duro lido durante a sess\u00e3o desta quarta-feira (25), ele recha\u00e7ou que [&hellip;]","og_url":"https:\/\/agenciainfra.com\/blog\/alcolumbre-diz-que-congresso-sofre-agressoes-desde-derrubada-de-vetos-da-lei-das-eolicas-offshore-e-menciona-falso-aumento-da-tarifa-de-energia\/","og_site_name":"Ag\u00eancia iNFRA","article_publisher":"https:\/\/www.facebook.com\/ageninfra","article_published_time":"2025-06-25T20:29:40+00:00","article_modified_time":"2025-06-26T22:11:58+00:00","og_image":[{"width":1280,"height":853,"url":"https:\/\/agenciainfra.com\/blog\/wp-content\/uploads\/2025\/06\/davi-alcolumbre-foto-andressa-anholete-agencia-senado.jpg","type":"image\/jpeg"}],"author":"Ag\u00eancia iNFRA","twitter_card":"summary_large_image","twitter_creator":"@agencia_infra","twitter_site":"@agencia_infra","twitter_misc":{"Escrito por":"Ag\u00eancia iNFRA","Est. tempo de leitura":"2 minutos"},"schema":{"@context":"https:\/\/schema.org","@graph":[{"@type":"Article","@id":"https:\/\/agenciainfra.com\/blog\/alcolumbre-diz-que-congresso-sofre-agressoes-desde-derrubada-de-vetos-da-lei-das-eolicas-offshore-e-menciona-falso-aumento-da-tarifa-de-energia\/#article","isPartOf":{"@id":"https:\/\/agenciainfra.com\/blog\/alcolumbre-diz-que-congresso-sofre-agressoes-desde-derrubada-de-vetos-da-lei-das-eolicas-offshore-e-menciona-falso-aumento-da-tarifa-de-energia\/"},"author":{"name":"Ag\u00eancia iNFRA","@id":"https:\/\/agenciainfra.com\/blog\/#\/schema\/person\/34af08dff6adea4cb22b06612ba7acfa"},"headline":"Alcolumbre diz que Congresso sofre agress\u00f5es desde derrubada de vetos da Lei das E\u00f3licas Offshore e menciona &#8216;falso aumento da tarifa&#8217; de energia","datePublished":"2025-06-25T20:29:40+00:00","dateModified":"2025-06-26T22:11:58+00:00","mainEntityOfPage":{"@id":"https:\/\/agenciainfra.com\/blog\/alcolumbre-diz-que-congresso-sofre-agressoes-desde-derrubada-de-vetos-da-lei-das-eolicas-offshore-e-menciona-falso-aumento-da-tarifa-de-energia\/"},"wordCount":381,"publisher":{"@id":"https:\/\/agenciainfra.com\/blog\/#organization"},"image":{"@id":"https:\/\/agenciainfra.com\/blog\/alcolumbre-diz-que-congresso-sofre-agressoes-desde-derrubada-de-vetos-da-lei-das-eolicas-offshore-e-menciona-falso-aumento-da-tarifa-de-energia\/#primaryimage"},"thumbnailUrl":"https:\/\/agenciainfra.com\/blog\/wp-content\/uploads\/2025\/06\/davi-alcolumbre-foto-andressa-anholete-agencia-senado.jpg","keywords":["aumento da tarifa","Congresso Nacional","Conta de Luz","Davi Alcolumbre","Geraldo Campos Jr.","jabutis","lei das e\u00f3licas offshore","Marisa Wanzeller","senado","tarifa de energia","vetos presidenciais"],"articleSection":["Geral","iNFRAEnergia"],"inLanguage":"pt-BR","copyrightYear":"2025","copyrightHolder":{"@id":"https:\/\/agenciainfra.com\/blog\/#organization"}},{"@type":"WebPage","@id":"https:\/\/agenciainfra.com\/blog\/alcolumbre-diz-que-congresso-sofre-agressoes-desde-derrubada-de-vetos-da-lei-das-eolicas-offshore-e-menciona-falso-aumento-da-tarifa-de-energia\/","url":"https:\/\/agenciainfra.com\/blog\/alcolumbre-diz-que-congresso-sofre-agressoes-desde-derrubada-de-vetos-da-lei-das-eolicas-offshore-e-menciona-falso-aumento-da-tarifa-de-energia\/","name":"Alcolumbre diz que Congresso sofre agress\u00f5es desde derrubada de vetos da Lei das E\u00f3licas Offshore e menciona 'falso aumento da tarifa' de energia - Ag\u00eancia iNFRA","isPartOf":{"@id":"https:\/\/agenciainfra.com\/blog\/#website"},"primaryImageOfPage":{"@id":"https:\/\/agenciainfra.com\/blog\/alcolumbre-diz-que-congresso-sofre-agressoes-desde-derrubada-de-vetos-da-lei-das-eolicas-offshore-e-menciona-falso-aumento-da-tarifa-de-energia\/#primaryimage"},"image":{"@id":"https:\/\/agenciainfra.com\/blog\/alcolumbre-diz-que-congresso-sofre-agressoes-desde-derrubada-de-vetos-da-lei-das-eolicas-offshore-e-menciona-falso-aumento-da-tarifa-de-energia\/#primaryimage"},"thumbnailUrl":"https:\/\/agenciainfra.com\/blog\/wp-content\/uploads\/2025\/06\/davi-alcolumbre-foto-andressa-anholete-agencia-senado.jpg","datePublished":"2025-06-25T20:29:40+00:00","dateModified":"2025-06-26T22:11:58+00:00","breadcrumb":{"@id":"https:\/\/agenciainfra.com\/blog\/alcolumbre-diz-que-congresso-sofre-agressoes-desde-derrubada-de-vetos-da-lei-das-eolicas-offshore-e-menciona-falso-aumento-da-tarifa-de-energia\/#breadcrumb"},"inLanguage":"pt-BR","potentialAction":[{"@type":"ReadAction","target":["https:\/\/agenciainfra.com\/blog\/alcolumbre-diz-que-congresso-sofre-agressoes-desde-derrubada-de-vetos-da-lei-das-eolicas-offshore-e-menciona-falso-aumento-da-tarifa-de-energia\/"]}]},{"@type":"ImageObject","inLanguage":"pt-BR","@id":"https:\/\/agenciainfra.com\/blog\/alcolumbre-diz-que-congresso-sofre-agressoes-desde-derrubada-de-vetos-da-lei-das-eolicas-offshore-e-menciona-falso-aumento-da-tarifa-de-energia\/#primaryimage","url":"https:\/\/agenciainfra.com\/blog\/wp-content\/uploads\/2025\/06\/davi-alcolumbre-foto-andressa-anholete-agencia-senado.jpg","contentUrl":"https:\/\/agenciainfra.com\/blog\/wp-content\/uploads\/2025\/06\/davi-alcolumbre-foto-andressa-anholete-agencia-senado.jpg","width":1280,"height":853,"caption":"Foto: Andressa Anholete\/Ag\u00eancia Senado"},{"@type":"BreadcrumbList","@id":"https:\/\/agenciainfra.com\/blog\/alcolumbre-diz-que-congresso-sofre-agressoes-desde-derrubada-de-vetos-da-lei-das-eolicas-offshore-e-menciona-falso-aumento-da-tarifa-de-energia\/#breadcrumb","itemListElement":[{"@type":"ListItem","position":1,"name":"In\u00edcio","item":"https:\/\/agenciainfra.com\/blog\/"},{"@type":"ListItem","position":2,"name":"Alcolumbre diz que Congresso sofre agress\u00f5es desde derrubada de vetos da Lei das E\u00f3licas Offshore e menciona &#8216;falso aumento da tarifa&#8217; de energia"}]},{"@type":"WebSite","@id":"https:\/\/agenciainfra.com\/blog\/#website","url":"https:\/\/agenciainfra.com\/blog\/","name":"Ag\u00eancia iNFRA","description":"Multiplataforma de informa\u00e7\u00e3o jornal\u00edstica refer\u00eancia na \u00e1rea de infraestrutura no Brasil!","publisher":{"@id":"https:\/\/agenciainfra.com\/blog\/#organization"},"potentialAction":[{"@type":"SearchAction","target":{"@type":"EntryPoint","urlTemplate":"https:\/\/agenciainfra.com\/blog\/?s={search_term_string}"},"query-input":{"@type":"PropertyValueSpecification","valueRequired":true,"valueName":"search_term_string"}}],"inLanguage":"pt-BR"},{"@type":"Organization","@id":"https:\/\/agenciainfra.com\/blog\/#organization","name":"Ag\u00eancia iNFRA","url":"https:\/\/agenciainfra.com\/blog\/","logo":{"@type":"ImageObject","inLanguage":"pt-BR","@id":"https:\/\/agenciainfra.com\/blog\/#\/schema\/logo\/image\/","url":"https:\/\/agenciainfra.com\/blog\/wp-content\/uploads\/2023\/09\/iNFRA_5-e1761735885940.png","contentUrl":"https:\/\/agenciainfra.com\/blog\/wp-content\/uploads\/2023\/09\/iNFRA_5-e1761735885940.png","width":1672,"height":454,"caption":"Ag\u00eancia iNFRA"},"image":{"@id":"https:\/\/agenciainfra.com\/blog\/#\/schema\/logo\/image\/"},"sameAs":["https:\/\/www.facebook.com\/ageninfra","https:\/\/x.com\/agencia_infra","https:\/\/www.linkedin.com\/company\/ag\u00eanciainfra\/","https:\/\/www.instagram.com\/agenciainfra\/"]},{"@type":"Person","@id":"https:\/\/agenciainfra.com\/blog\/#\/schema\/person\/34af08dff6adea4cb22b06612ba7acfa","name":"Ag\u00eancia iNFRA","image":{"@type":"ImageObject","inLanguage":"pt-BR","@id":"https:\/\/agenciainfra.com\/blog\/#\/schema\/person\/image\/","url":"https:\/\/secure.gravatar.com\/avatar\/d189e01678f06d8eb84d4e01f08eb848b3fffe3f8443818d3c356c66892f5be8?s=96&d=mm&r=g","contentUrl":"https:\/\/secure.gravatar.com\/avatar\/d189e01678f06d8eb84d4e01f08eb848b3fffe3f8443818d3c356c66892f5be8?s=96&d=mm&r=g","caption":"Ag\u00eancia iNFRA"},"url":"https:\/\/agenciainfra.com\/blog\/author\/admin\/"}]}},"_links":{"self":[{"href":"https:\/\/agenciainfra.com\/blog\/wp-json\/wp\/v2\/posts\/23539","targetHints":{"allow":["GET"]}}],"collection":[{"href":"https:\/\/agenciainfra.com\/blog\/wp-json\/wp\/v2\/posts"}],"about":[{"href":"https:\/\/agenciainfra.com\/blog\/wp-json\/wp\/v2\/types\/post"}],"author":[{"embeddable":true,"href":"https:\/\/agenciainfra.com\/blog\/wp-json\/wp\/v2\/users\/1"}],"replies":[{"embeddable":true,"href":"https:\/\/agenciainfra.com\/blog\/wp-json\/wp\/v2\/comments?post=23539"}],"version-history":[{"count":5,"href":"https:\/\/agenciainfra.com\/blog\/wp-json\/wp\/v2\/posts\/23539\/revisions"}],"predecessor-version":[{"id":23690,"href":"https:\/\/agenciainfra.com\/blog\/wp-json\/wp\/v2\/posts\/23539\/revisions\/23690"}],"wp:featuredmedia":[{"embeddable":true,"href":"https:\/\/agenciainfra.com\/blog\/wp-json\/wp\/v2\/media\/23540"}],"wp:attachment":[{"href":"https:\/\/agenciainfra.com\/blog\/wp-json\/wp\/v2\/media?parent=23539"}],"wp:term":[{"taxonomy":"category","embeddable":true,"href":"https:\/\/agenciainfra.com\/blog\/wp-json\/wp\/v2\/categories?post=23539"},{"taxonomy":"post_tag","embeddable":true,"href":"https:\/\/agenciainfra.com\/blog\/wp-json\/wp\/v2\/tags?post=23539"}],"curies":[{"name":"wp","href":"https:\/\/api.w.org\/{rel}","templated":true}]}}