{"id":2361,"date":"2018-08-28T05:00:55","date_gmt":"2018-08-28T08:00:55","guid":{"rendered":"http:\/\/www.agenciainfra.com\/blog\/?p=2361"},"modified":"2018-08-24T12:44:15","modified_gmt":"2018-08-24T15:44:15","slug":"infradebate-a-logica-dos-investimentos-cruzados-nas-ferrovias-do-brasil","status":"publish","type":"post","link":"https:\/\/agenciainfra.com\/blog\/infradebate-a-logica-dos-investimentos-cruzados-nas-ferrovias-do-brasil\/","title":{"rendered":"iNFRADebate: A l\u00f3gica dos investimentos cruzados nas ferrovias do Brasil"},"content":{"rendered":"<h5 style=\"text-align: right;\"><strong>Marco Aur\u00e9lio Barcelos e Tarc\u00edsio Gomes de Freitas*\u00a0<\/strong><\/h5>\n<p>A necessidade de expandir e de melhorar a malha ferrovi\u00e1ria brasileira est\u00e1 hoje no centro das aten\u00e7\u00f5es. O assunto ganhou for\u00e7a depois da greve dos caminhoneiros e, mais ainda, com os an\u00fancios recentes do Governo Federal sobre investimentos a serem gerados mediante a prorroga\u00e7\u00e3o antecipada de contratos de concess\u00e3o de ferrovias existentes.<\/p>\n<p>Esses an\u00fancios representam bem mais do que uma resposta \u00e0 percep\u00e7\u00e3o trazida pela paralisa\u00e7\u00e3o dos caminhoneiros (a de que o transporte de cargas no Brasil seria prec\u00e1rio e inst\u00e1vel). Eles s\u00e3o, na verdade, o resultado de um esfor\u00e7o que se iniciou h\u00e1 mais de dois anos e os frutos acabaram coincidindo com os acontecimentos dos \u00faltimos meses.<\/p>\n<p>Poucas pessoas se d\u00e3o conta disso, mas est\u00e1 em uma lei, datada de junho de 2017, a mec\u00e2nica que permite ao Governo Federal negociar com as concession\u00e1rias de ferrovias a prorroga\u00e7\u00e3o dos seus contratos, antes do seu t\u00e9rmino. Trata-se da Lei n\u00ba 13.448\/17, proveniente da Medida Provis\u00f3ria n\u00ba 752, de 24 de novembro de 2016. Atualmente, cinco concess\u00f5es (Rumo, FCA, MRS e duas concess\u00f5es da Vale) est\u00e3o em processo de negocia\u00e7\u00e3o dos prazos de dura\u00e7\u00e3o, que terminariam em aproximadamente 10 anos.<\/p>\n<p>\u00c9 muito engenhosa a mec\u00e2nica que admite trazer para o momento presente a repactua\u00e7\u00e3o do prazo de tais contratos. Duas vantagens, pelo menos, decorrem da\u00ed. Primeiro, os contratos prorrogados passar\u00e3o por uma importante melhoria regulat\u00f3ria, com a inclus\u00e3o, por exemplo, de novas metas de seguran\u00e7a e de qualidade dos servi\u00e7os. Segundo, ser\u00e1 poss\u00edvel obter, como contrapartida \u00e0 prorroga\u00e7\u00e3o, investimentos imediatos nas malhas concedidas ou, at\u00e9 mesmo, em outras malhas do Subsistema Ferrovi\u00e1rio Nacional.<\/p>\n<p>Esse \u00faltimo caso traduz o que se chama de \u201cinvestimentos cruzados\u201d. Por meio deles, concession\u00e1rias cujos contratos ser\u00e3o prorrogados assumir\u00e3o a obriga\u00e7\u00e3o de construir novas linhas ferrovi\u00e1rias, mesmo em outras regi\u00f5es do Pa\u00eds. As novas linhas, uma vez constru\u00eddas, passar\u00e3o para as m\u00e3os do Poder P\u00fablico que poder\u00e1, na sequ\u00eancia, licit\u00e1-las para outro concession\u00e1rio. Assim, o governo poder\u00e1 auferir valores com a outorga dessas concess\u00f5es &#8211; os quais ainda poder\u00e3o ser aplicados, novamente, na malha ferrovi\u00e1ria. Ao fim, ser\u00e1 poss\u00edvel ampliar o volume de recursos para o setor e garantir a oferta de transporte para os produtos brasileiros com mais seguran\u00e7a e estabilidade.<\/p>\n<p>Em que pese, por\u00e9m, a engenhosidade, alguns questionamentos v\u00eam sendo levantados sobre a l\u00f3gica dos investimentos cruzados criada pela Lei n\u00ba 13.448\/17. H\u00e1, inclusive, a\u00e7\u00f5es judiciais nas quais se apontam eventual preju\u00edzo ao patrim\u00f4nio p\u00fablico, bem como a inconstitucionalidade das normas legais editadas.<\/p>\n<p>As cr\u00edticas feitas, em todo caso, n\u00e3o prosperam. Haja vista a escassez or\u00e7ament\u00e1ria, a ideia de permitir que recursos dos agentes privados irriguem a constru\u00e7\u00e3o de novos trechos ferrovi\u00e1rios \u00e9 uma boa sacada. As concession\u00e1rias que ter\u00e3o os contratos prorrogados, ao inv\u00e9s de pagarem valores em dinheiro ao governo, assumir\u00e3o, com a maior flexibilidade e a menor burocracia que enfrentam, a realiza\u00e7\u00e3o das novas obras. E \u00e9 claro, os montantes a serem empregados nessas obras decorrem de estudos detalhados sobre \u201cquanto valem\u201d as prorroga\u00e7\u00f5es, os quais ser\u00e3o, al\u00e9m do mais, avaliados pelo TCU. N\u00e3o h\u00e1 milagre. Tampouco seria admitido que o investimento fosse menor do que se esperaria que as concession\u00e1rias pagassem pelo novo per\u00edodo de explora\u00e7\u00e3o dos contratos.<\/p>\n<p>Para as empresas, assim, ser\u00e1 uma obriga\u00e7\u00e3o adicional \u00e0s demais que elas t\u00eam que observar no contrato. E, se houver falha na constru\u00e7\u00e3o dos trechos ou atrasos na sua execu\u00e7\u00e3o, as empresas sofrer\u00e3o penalidades no contrato de concess\u00e3o prorrogado e, no extremo, poder\u00e3o at\u00e9 mesmo perd\u00ea-lo. Para o Poder P\u00fablico, por sua vez, isso significar\u00e1 uma chance de ouro de poder contar com novos trechos ferrovi\u00e1rios em um curto espa\u00e7o de tempo, e sem o risco de interrup\u00e7\u00e3o do empreendimento por falta de disponibilidade financeira, contingenciamentos ou mudan\u00e7as no planejamento or\u00e7ament\u00e1rio.<\/p>\n<p>N\u00e3o existe, por outro lado, a alegada inconstitucionalidade em rela\u00e7\u00e3o \u00e0 mec\u00e2nica criada. Os contratos de concess\u00e3o ferrovi\u00e1ria cujos prazos est\u00e3o sendo negociados j\u00e1 admitiam a prorroga\u00e7\u00e3o. E a prorroga\u00e7\u00e3o dos contratos de concess\u00e3o \u00e9 um item que tamb\u00e9m j\u00e1 constava da Constitui\u00e7\u00e3o (art. 175), assim como das leis setoriais que tratam do assunto (Lei n\u00ba 8.987\/95 e a pr\u00f3pria Lei n\u00ba 13.448\/17). Ou seja, h\u00e1 uma amarra\u00e7\u00e3o jur\u00eddica forte que d\u00e1 a seguran\u00e7a necess\u00e1ria para que a melhoria do sistema de transporte de cargas ocorra com base nos investimentos vindos das prorroga\u00e7\u00f5es.<\/p>\n<p>Para finalizar, outra discuss\u00e3o que merece reflex\u00f5es diz respeito \u00e0 ideia de que alguns Estados da Federa\u00e7\u00e3o poderiam estar sendo prejudicados com a pol\u00edtica dos investimentos cruzados. Argumenta-se que as ferrovias neles localizadas estariam \u201cexportando\u201d recursos para outros entes, situados a quil\u00f4metros de dist\u00e2ncia.<\/p>\n<p>Quanto a isso, n\u00e3o se pode esquecer de que as concess\u00f5es prorrogadas continuar\u00e3o gerando impostos, renda e empregos nas regi\u00f5es em que se situam. Tamb\u00e9m n\u00e3o se pode ignorar o fato de que o transporte de cargas de longa dist\u00e2ncia \u00e9 sist\u00eamico e costuma ultrapassar as fronteiras de influ\u00eancia de um \u00fanico Estado ou munic\u00edpio. Por essa raz\u00e3o \u00e9 que a Constitui\u00e7\u00e3o Federal deu \u00e0 Uni\u00e3o a compet\u00eancia pelos servi\u00e7os de transporte ferrovi\u00e1rio interestadual, a ela cabendo, ent\u00e3o, estabelecer as pol\u00edticas do setor com base em uma vis\u00e3o do todo, que leve em conta o que \u00e9 melhor para \u201co Pa\u00eds\u201d. Essa pol\u00edtica est\u00e1 hoje sedimentada em um documento formal do Governo \u2013 o Plano Nacional de Log\u00edstica (PNL) \u2013 que consumiu tr\u00eas anos de estudos e debates com a sociedade.<\/p>\n<p>De fato, \u00e9 chegada a hora de se conjugarem todos os esfor\u00e7os necess\u00e1rios para se transformar a infraestrutura ferrovi\u00e1ria do Brasil. E os atores relevantes \u2013 gestores p\u00fablicos, controladores, parlamentares, ju\u00edzes, representantes do minist\u00e9rio p\u00fablico, empresariado e a sociedade civil \u2013 precisam se unir, definitivamente, em prol disto: resgatar o processo de crescimento do Pa\u00eds e fazer com que ele se mantenha (sem medo de ser piegas) nos trilhos.<\/p>\n<h6><strong>*Marco Aur\u00e9lio Barcelos, \u00e9 secret\u00e1rio de Investimentos e Parcerias do PPI (Programa de Parceria de Investimentos) e\u00a0<\/strong><strong>Tarc\u00edsio Gomes de Freitas, \u00e9 secret\u00e1rio de Coordena\u00e7\u00e3o de Projetos do PPI<\/strong><\/h6>\n<h5>O iNFRADebate \u00e9 o espa\u00e7o de artigos da Ag\u00eancia iNFRA com opini\u00f5es de seus atores que n\u00e3o refletem necessariamente o pensamento da Ag\u00eancia iNFRA, sendo de total responsabilidade do autor as informa\u00e7\u00f5es, ju\u00edzos de valor e conceitos descritos no texto.<\/h5>\n<p>&nbsp;<\/p>\n","protected":false},"excerpt":{"rendered":"<p>Marco Aur\u00e9lio Barcelos e Tarc\u00edsio Gomes de Freitas*\u00a0 A necessidade de expandir e de melhorar a malha ferrovi\u00e1ria brasileira est\u00e1 hoje no centro das aten\u00e7\u00f5es. O assunto ganhou for\u00e7a depois da greve dos caminhoneiros e, mais ainda, com os an\u00fancios recentes do Governo Federal sobre investimentos a serem gerados mediante a prorroga\u00e7\u00e3o antecipada de contratos [&hellip;]<\/p>\n","protected":false},"author":1,"featured_media":0,"comment_status":"closed","ping_status":"open","sticky":false,"template":"","format":"standard","meta":{"_monsterinsights_skip_tracking":false,"_monsterinsights_sitenote_active":false,"_monsterinsights_sitenote_note":"","_monsterinsights_sitenote_category":0,"footnotes":""},"categories":[11],"tags":[120,34,32,36,159],"class_list":["post-2361","post","type-post","status-publish","format-standard","hentry","category-infradebate","tag-ferrovias","tag-infraestrutura","tag-investimentos","tag-ppi","tag-programa-de-parceria-de-investimentos"],"yoast_head":"<!-- This site is optimized with the Yoast SEO Premium plugin v25.4 (Yoast SEO v26.0) - https:\/\/yoast.com\/wordpress\/plugins\/seo\/ -->\n<title>iNFRADebate: A l\u00f3gica dos investimentos cruzados nas ferrovias do Brasil - Ag\u00eancia iNFRA<\/title>\n<meta name=\"robots\" content=\"index, follow, max-snippet:-1, max-image-preview:large, max-video-preview:-1\" \/>\n<link rel=\"canonical\" href=\"https:\/\/agenciainfra.com\/blog\/infradebate-a-logica-dos-investimentos-cruzados-nas-ferrovias-do-brasil\/\" \/>\n<meta property=\"og:locale\" content=\"pt_BR\" \/>\n<meta property=\"og:type\" content=\"article\" \/>\n<meta property=\"og:title\" content=\"iNFRADebate: A l\u00f3gica dos investimentos cruzados nas ferrovias do Brasil\" \/>\n<meta property=\"og:description\" content=\"Marco Aur\u00e9lio Barcelos e Tarc\u00edsio Gomes de Freitas*\u00a0 A necessidade de expandir e de melhorar a malha ferrovi\u00e1ria brasileira est\u00e1 hoje no centro das aten\u00e7\u00f5es. O assunto ganhou for\u00e7a depois da greve dos caminhoneiros e, mais ainda, com os an\u00fancios recentes do Governo Federal sobre investimentos a serem gerados mediante a prorroga\u00e7\u00e3o antecipada de contratos [&hellip;]\" \/>\n<meta property=\"og:url\" content=\"https:\/\/agenciainfra.com\/blog\/infradebate-a-logica-dos-investimentos-cruzados-nas-ferrovias-do-brasil\/\" \/>\n<meta property=\"og:site_name\" content=\"Ag\u00eancia iNFRA\" \/>\n<meta property=\"article:publisher\" content=\"https:\/\/www.facebook.com\/ageninfra\" \/>\n<meta property=\"article:published_time\" content=\"2018-08-28T08:00:55+00:00\" \/>\n<meta property=\"og:image\" content=\"https:\/\/agenciainfra.com\/blog\/wp-content\/uploads\/2018\/08\/vale_antf.jpg\" \/>\n\t<meta property=\"og:image:width\" content=\"600\" \/>\n\t<meta property=\"og:image:height\" content=\"424\" \/>\n\t<meta property=\"og:image:type\" content=\"image\/jpeg\" \/>\n<meta name=\"author\" content=\"Ag\u00eancia iNFRA\" \/>\n<meta name=\"twitter:card\" content=\"summary_large_image\" \/>\n<meta name=\"twitter:creator\" content=\"@agencia_infra\" \/>\n<meta name=\"twitter:site\" content=\"@agencia_infra\" \/>\n<meta name=\"twitter:label1\" content=\"Escrito por\" \/>\n\t<meta name=\"twitter:data1\" content=\"Ag\u00eancia iNFRA\" \/>\n\t<meta name=\"twitter:label2\" content=\"Est. tempo de leitura\" \/>\n\t<meta name=\"twitter:data2\" content=\"6 minutos\" \/>\n<script type=\"application\/ld+json\" class=\"yoast-schema-graph\">{\"@context\":\"https:\/\/schema.org\",\"@graph\":[{\"@type\":\"Article\",\"@id\":\"https:\/\/agenciainfra.com\/blog\/infradebate-a-logica-dos-investimentos-cruzados-nas-ferrovias-do-brasil\/#article\",\"isPartOf\":{\"@id\":\"https:\/\/agenciainfra.com\/blog\/infradebate-a-logica-dos-investimentos-cruzados-nas-ferrovias-do-brasil\/\"},\"author\":{\"name\":\"Ag\u00eancia iNFRA\",\"@id\":\"https:\/\/agenciainfra.com\/blog\/#\/schema\/person\/34af08dff6adea4cb22b06612ba7acfa\"},\"headline\":\"iNFRADebate: A l\u00f3gica dos investimentos cruzados nas ferrovias do Brasil\",\"datePublished\":\"2018-08-28T08:00:55+00:00\",\"mainEntityOfPage\":{\"@id\":\"https:\/\/agenciainfra.com\/blog\/infradebate-a-logica-dos-investimentos-cruzados-nas-ferrovias-do-brasil\/\"},\"wordCount\":1176,\"publisher\":{\"@id\":\"https:\/\/agenciainfra.com\/blog\/#organization\"},\"keywords\":[\"Ferrovias\",\"Infraestrutura\",\"Investimentos\",\"PPI\",\"Programa de Parceria de Investimentos\"],\"articleSection\":[\"iNFRADebate\"],\"inLanguage\":\"pt-BR\",\"copyrightYear\":\"2018\",\"copyrightHolder\":{\"@id\":\"https:\/\/agenciainfra.com\/blog\/#organization\"}},{\"@type\":\"WebPage\",\"@id\":\"https:\/\/agenciainfra.com\/blog\/infradebate-a-logica-dos-investimentos-cruzados-nas-ferrovias-do-brasil\/\",\"url\":\"https:\/\/agenciainfra.com\/blog\/infradebate-a-logica-dos-investimentos-cruzados-nas-ferrovias-do-brasil\/\",\"name\":\"iNFRADebate: A l\u00f3gica dos investimentos cruzados nas ferrovias do Brasil - Ag\u00eancia iNFRA\",\"isPartOf\":{\"@id\":\"https:\/\/agenciainfra.com\/blog\/#website\"},\"datePublished\":\"2018-08-28T08:00:55+00:00\",\"breadcrumb\":{\"@id\":\"https:\/\/agenciainfra.com\/blog\/infradebate-a-logica-dos-investimentos-cruzados-nas-ferrovias-do-brasil\/#breadcrumb\"},\"inLanguage\":\"pt-BR\",\"potentialAction\":[{\"@type\":\"ReadAction\",\"target\":[\"https:\/\/agenciainfra.com\/blog\/infradebate-a-logica-dos-investimentos-cruzados-nas-ferrovias-do-brasil\/\"]}]},{\"@type\":\"BreadcrumbList\",\"@id\":\"https:\/\/agenciainfra.com\/blog\/infradebate-a-logica-dos-investimentos-cruzados-nas-ferrovias-do-brasil\/#breadcrumb\",\"itemListElement\":[{\"@type\":\"ListItem\",\"position\":1,\"name\":\"In\u00edcio\",\"item\":\"https:\/\/agenciainfra.com\/blog\/\"},{\"@type\":\"ListItem\",\"position\":2,\"name\":\"iNFRADebate: A l\u00f3gica dos investimentos cruzados nas ferrovias do Brasil\"}]},{\"@type\":\"WebSite\",\"@id\":\"https:\/\/agenciainfra.com\/blog\/#website\",\"url\":\"https:\/\/agenciainfra.com\/blog\/\",\"name\":\"Ag\u00eancia iNFRA\",\"description\":\"Multiplataforma de informa\u00e7\u00e3o jornal\u00edstica refer\u00eancia na \u00e1rea de infraestrutura no Brasil!\",\"publisher\":{\"@id\":\"https:\/\/agenciainfra.com\/blog\/#organization\"},\"potentialAction\":[{\"@type\":\"SearchAction\",\"target\":{\"@type\":\"EntryPoint\",\"urlTemplate\":\"https:\/\/agenciainfra.com\/blog\/?s={search_term_string}\"},\"query-input\":{\"@type\":\"PropertyValueSpecification\",\"valueRequired\":true,\"valueName\":\"search_term_string\"}}],\"inLanguage\":\"pt-BR\"},{\"@type\":\"Organization\",\"@id\":\"https:\/\/agenciainfra.com\/blog\/#organization\",\"name\":\"Ag\u00eancia iNFRA\",\"url\":\"https:\/\/agenciainfra.com\/blog\/\",\"logo\":{\"@type\":\"ImageObject\",\"inLanguage\":\"pt-BR\",\"@id\":\"https:\/\/agenciainfra.com\/blog\/#\/schema\/logo\/image\/\",\"url\":\"https:\/\/agenciainfra.com\/blog\/wp-content\/uploads\/2023\/09\/iNFRA_5-e1761735885940.png\",\"contentUrl\":\"https:\/\/agenciainfra.com\/blog\/wp-content\/uploads\/2023\/09\/iNFRA_5-e1761735885940.png\",\"width\":1672,\"height\":454,\"caption\":\"Ag\u00eancia iNFRA\"},\"image\":{\"@id\":\"https:\/\/agenciainfra.com\/blog\/#\/schema\/logo\/image\/\"},\"sameAs\":[\"https:\/\/www.facebook.com\/ageninfra\",\"https:\/\/x.com\/agencia_infra\",\"https:\/\/www.linkedin.com\/company\/ag\u00eanciainfra\/\",\"https:\/\/www.instagram.com\/agenciainfra\/\"]},{\"@type\":\"Person\",\"@id\":\"https:\/\/agenciainfra.com\/blog\/#\/schema\/person\/34af08dff6adea4cb22b06612ba7acfa\",\"name\":\"Ag\u00eancia iNFRA\",\"image\":{\"@type\":\"ImageObject\",\"inLanguage\":\"pt-BR\",\"@id\":\"https:\/\/agenciainfra.com\/blog\/#\/schema\/person\/image\/\",\"url\":\"https:\/\/secure.gravatar.com\/avatar\/d189e01678f06d8eb84d4e01f08eb848b3fffe3f8443818d3c356c66892f5be8?s=96&d=mm&r=g\",\"contentUrl\":\"https:\/\/secure.gravatar.com\/avatar\/d189e01678f06d8eb84d4e01f08eb848b3fffe3f8443818d3c356c66892f5be8?s=96&d=mm&r=g\",\"caption\":\"Ag\u00eancia iNFRA\"},\"url\":\"https:\/\/agenciainfra.com\/blog\/author\/admin\/\"}]}<\/script>\n<!-- \/ Yoast SEO Premium plugin. -->","yoast_head_json":{"title":"iNFRADebate: A l\u00f3gica dos investimentos cruzados nas ferrovias do Brasil - Ag\u00eancia iNFRA","robots":{"index":"index","follow":"follow","max-snippet":"max-snippet:-1","max-image-preview":"max-image-preview:large","max-video-preview":"max-video-preview:-1"},"canonical":"https:\/\/agenciainfra.com\/blog\/infradebate-a-logica-dos-investimentos-cruzados-nas-ferrovias-do-brasil\/","og_locale":"pt_BR","og_type":"article","og_title":"iNFRADebate: A l\u00f3gica dos investimentos cruzados nas ferrovias do Brasil","og_description":"Marco Aur\u00e9lio Barcelos e Tarc\u00edsio Gomes de Freitas*\u00a0 A necessidade de expandir e de melhorar a malha ferrovi\u00e1ria brasileira est\u00e1 hoje no centro das aten\u00e7\u00f5es. O assunto ganhou for\u00e7a depois da greve dos caminhoneiros e, mais ainda, com os an\u00fancios recentes do Governo Federal sobre investimentos a serem gerados mediante a prorroga\u00e7\u00e3o antecipada de contratos [&hellip;]","og_url":"https:\/\/agenciainfra.com\/blog\/infradebate-a-logica-dos-investimentos-cruzados-nas-ferrovias-do-brasil\/","og_site_name":"Ag\u00eancia iNFRA","article_publisher":"https:\/\/www.facebook.com\/ageninfra","article_published_time":"2018-08-28T08:00:55+00:00","og_image":[{"width":600,"height":424,"url":"https:\/\/agenciainfra.com\/blog\/wp-content\/uploads\/2018\/08\/vale_antf.jpg","type":"image\/jpeg"}],"author":"Ag\u00eancia iNFRA","twitter_card":"summary_large_image","twitter_creator":"@agencia_infra","twitter_site":"@agencia_infra","twitter_misc":{"Escrito por":"Ag\u00eancia iNFRA","Est. tempo de leitura":"6 minutos"},"schema":{"@context":"https:\/\/schema.org","@graph":[{"@type":"Article","@id":"https:\/\/agenciainfra.com\/blog\/infradebate-a-logica-dos-investimentos-cruzados-nas-ferrovias-do-brasil\/#article","isPartOf":{"@id":"https:\/\/agenciainfra.com\/blog\/infradebate-a-logica-dos-investimentos-cruzados-nas-ferrovias-do-brasil\/"},"author":{"name":"Ag\u00eancia iNFRA","@id":"https:\/\/agenciainfra.com\/blog\/#\/schema\/person\/34af08dff6adea4cb22b06612ba7acfa"},"headline":"iNFRADebate: A l\u00f3gica dos investimentos cruzados nas ferrovias do Brasil","datePublished":"2018-08-28T08:00:55+00:00","mainEntityOfPage":{"@id":"https:\/\/agenciainfra.com\/blog\/infradebate-a-logica-dos-investimentos-cruzados-nas-ferrovias-do-brasil\/"},"wordCount":1176,"publisher":{"@id":"https:\/\/agenciainfra.com\/blog\/#organization"},"keywords":["Ferrovias","Infraestrutura","Investimentos","PPI","Programa de Parceria de Investimentos"],"articleSection":["iNFRADebate"],"inLanguage":"pt-BR","copyrightYear":"2018","copyrightHolder":{"@id":"https:\/\/agenciainfra.com\/blog\/#organization"}},{"@type":"WebPage","@id":"https:\/\/agenciainfra.com\/blog\/infradebate-a-logica-dos-investimentos-cruzados-nas-ferrovias-do-brasil\/","url":"https:\/\/agenciainfra.com\/blog\/infradebate-a-logica-dos-investimentos-cruzados-nas-ferrovias-do-brasil\/","name":"iNFRADebate: A l\u00f3gica dos investimentos cruzados nas ferrovias do Brasil - Ag\u00eancia iNFRA","isPartOf":{"@id":"https:\/\/agenciainfra.com\/blog\/#website"},"datePublished":"2018-08-28T08:00:55+00:00","breadcrumb":{"@id":"https:\/\/agenciainfra.com\/blog\/infradebate-a-logica-dos-investimentos-cruzados-nas-ferrovias-do-brasil\/#breadcrumb"},"inLanguage":"pt-BR","potentialAction":[{"@type":"ReadAction","target":["https:\/\/agenciainfra.com\/blog\/infradebate-a-logica-dos-investimentos-cruzados-nas-ferrovias-do-brasil\/"]}]},{"@type":"BreadcrumbList","@id":"https:\/\/agenciainfra.com\/blog\/infradebate-a-logica-dos-investimentos-cruzados-nas-ferrovias-do-brasil\/#breadcrumb","itemListElement":[{"@type":"ListItem","position":1,"name":"In\u00edcio","item":"https:\/\/agenciainfra.com\/blog\/"},{"@type":"ListItem","position":2,"name":"iNFRADebate: A l\u00f3gica dos investimentos cruzados nas ferrovias do Brasil"}]},{"@type":"WebSite","@id":"https:\/\/agenciainfra.com\/blog\/#website","url":"https:\/\/agenciainfra.com\/blog\/","name":"Ag\u00eancia iNFRA","description":"Multiplataforma de informa\u00e7\u00e3o jornal\u00edstica refer\u00eancia na \u00e1rea de infraestrutura no Brasil!","publisher":{"@id":"https:\/\/agenciainfra.com\/blog\/#organization"},"potentialAction":[{"@type":"SearchAction","target":{"@type":"EntryPoint","urlTemplate":"https:\/\/agenciainfra.com\/blog\/?s={search_term_string}"},"query-input":{"@type":"PropertyValueSpecification","valueRequired":true,"valueName":"search_term_string"}}],"inLanguage":"pt-BR"},{"@type":"Organization","@id":"https:\/\/agenciainfra.com\/blog\/#organization","name":"Ag\u00eancia iNFRA","url":"https:\/\/agenciainfra.com\/blog\/","logo":{"@type":"ImageObject","inLanguage":"pt-BR","@id":"https:\/\/agenciainfra.com\/blog\/#\/schema\/logo\/image\/","url":"https:\/\/agenciainfra.com\/blog\/wp-content\/uploads\/2023\/09\/iNFRA_5-e1761735885940.png","contentUrl":"https:\/\/agenciainfra.com\/blog\/wp-content\/uploads\/2023\/09\/iNFRA_5-e1761735885940.png","width":1672,"height":454,"caption":"Ag\u00eancia iNFRA"},"image":{"@id":"https:\/\/agenciainfra.com\/blog\/#\/schema\/logo\/image\/"},"sameAs":["https:\/\/www.facebook.com\/ageninfra","https:\/\/x.com\/agencia_infra","https:\/\/www.linkedin.com\/company\/ag\u00eanciainfra\/","https:\/\/www.instagram.com\/agenciainfra\/"]},{"@type":"Person","@id":"https:\/\/agenciainfra.com\/blog\/#\/schema\/person\/34af08dff6adea4cb22b06612ba7acfa","name":"Ag\u00eancia iNFRA","image":{"@type":"ImageObject","inLanguage":"pt-BR","@id":"https:\/\/agenciainfra.com\/blog\/#\/schema\/person\/image\/","url":"https:\/\/secure.gravatar.com\/avatar\/d189e01678f06d8eb84d4e01f08eb848b3fffe3f8443818d3c356c66892f5be8?s=96&d=mm&r=g","contentUrl":"https:\/\/secure.gravatar.com\/avatar\/d189e01678f06d8eb84d4e01f08eb848b3fffe3f8443818d3c356c66892f5be8?s=96&d=mm&r=g","caption":"Ag\u00eancia iNFRA"},"url":"https:\/\/agenciainfra.com\/blog\/author\/admin\/"}]}},"_links":{"self":[{"href":"https:\/\/agenciainfra.com\/blog\/wp-json\/wp\/v2\/posts\/2361","targetHints":{"allow":["GET"]}}],"collection":[{"href":"https:\/\/agenciainfra.com\/blog\/wp-json\/wp\/v2\/posts"}],"about":[{"href":"https:\/\/agenciainfra.com\/blog\/wp-json\/wp\/v2\/types\/post"}],"author":[{"embeddable":true,"href":"https:\/\/agenciainfra.com\/blog\/wp-json\/wp\/v2\/users\/1"}],"replies":[{"embeddable":true,"href":"https:\/\/agenciainfra.com\/blog\/wp-json\/wp\/v2\/comments?post=2361"}],"version-history":[{"count":0,"href":"https:\/\/agenciainfra.com\/blog\/wp-json\/wp\/v2\/posts\/2361\/revisions"}],"wp:attachment":[{"href":"https:\/\/agenciainfra.com\/blog\/wp-json\/wp\/v2\/media?parent=2361"}],"wp:term":[{"taxonomy":"category","embeddable":true,"href":"https:\/\/agenciainfra.com\/blog\/wp-json\/wp\/v2\/categories?post=2361"},{"taxonomy":"post_tag","embeddable":true,"href":"https:\/\/agenciainfra.com\/blog\/wp-json\/wp\/v2\/tags?post=2361"}],"curies":[{"name":"wp","href":"https:\/\/api.w.org\/{rel}","templated":true}]}}