{"id":23612,"date":"2025-06-26T08:30:00","date_gmt":"2025-06-26T11:30:00","guid":{"rendered":"https:\/\/agenciainfra.com\/blog\/?p=23612"},"modified":"2025-06-27T09:25:29","modified_gmt":"2025-06-27T12:25:29","slug":"atrito-entre-governo-e-congresso-sobre-energia-e-exposto-em-falas-de-alcolumbre-e-silveira","status":"publish","type":"post","link":"https:\/\/agenciainfra.com\/blog\/atrito-entre-governo-e-congresso-sobre-energia-e-exposto-em-falas-de-alcolumbre-e-silveira\/","title":{"rendered":"Atrito entre governo e Congresso sobre energia \u00e9 exposto em falas de Alcolumbre e Silveira"},"content":{"rendered":"\n<p class=\"has-text-align-right\"><strong>Marisa Wanzeller, Lais Carregosa e Geraldo Campos Jr., da Ag\u00eancia iNFRA<\/strong><\/p>\n\n\n\n<p>O atrito entre o governo e o Congresso sobre temas de energia foi exposto publicamente, na quarta-feira (25), nos discursos do ministro de Minas e Energia, Alexandre Silveira (PSD-MG), e do presidente do Senado, Davi Alcolumbre (Uni\u00e3o-AP). O pano de fundo da discuss\u00e3o \u00e9 a derrubada dos vetos presidenciais do\u00a0<a href=\"https:\/\/agenciainfra.us14.list-manage.com\/track\/click?u=d460dd1bcf9ba0ae040e1fc0f&amp;id=8195d39f0e&amp;e=1192c754bc\" target=\"_blank\" rel=\"noreferrer noopener\">Marco Legal das E\u00f3licas Offshore<\/a>\u00a0e a amea\u00e7a de edi\u00e7\u00e3o de uma nova MP (Medida Provis\u00f3ria) para alterar as decis\u00f5es do Legislativo.<br><br>Na tarde de quarta, Alcolumbre <a href=\"https:\/\/agenciainfra.com\/blog\/alcolumbre-diz-que-congresso-sofre-agressoes-desde-derrubada-de-vetos-da-lei-das-eolicas-offshore-e-menciona-falso-aumento-da-tarifa-de-energia\/\">fez um forte discurso<\/a>, da cadeira da presid\u00eancia do Senado, afirmando que \u201cn\u00e3o h\u00e1 aumento tarif\u00e1rio&#8221; e que o Congresso vem sofrendo ataques desde a sess\u00e3o da \u00faltima semana, quando derrubou parte dos vetos. Ele acusou setores da imprensa de, \u201cinsuflada por alguns\u201d, distorcer os fatos com \u201cn\u00fameros superestimados e cen\u00e1rios alarmistas&#8221;.<br><br>\u201cO objetivo, lamentavelmente, parece ser um s\u00f3: espalhar o p\u00e2nico entre os consumidores, atribuindo ao Congresso Brasileiro a responsabilidade por um falso aumento da tarifa&#8221;, disse.<br><br>C\u00e1lculos do governo estimam um impacto de R$ 35 bilh\u00f5es aos consumidores com a decis\u00e3o do Congresso, que rejeitou os vetos sobre prorroga\u00e7\u00e3o dos contratos do Proinfa, contrata\u00e7\u00e3o obrigat\u00f3ria de PCHs (Pequenas Centrais Hidrel\u00e9tricas), incentivo a usinas t\u00e9rmicas a hidrog\u00eanio e relicita\u00e7\u00e3o das termel\u00e9tricas previstas na Lei de Privatiza\u00e7\u00e3o da Eletrobras e ainda n\u00e3o contratadas.<br><br>A consultoria PSR, por outro lado, estima um custo de R$ 192 bilh\u00f5es, at\u00e9 2050, com os trechos que foram inclu\u00eddos novamente na lei. Isso teria um efeito m\u00e9dio de 3,6% nas tarifas de energia.<br><br>Ainda na quarta-feira, pela manh\u00e3, Silveira disse que <a href=\"https:\/\/agenciainfra.com\/blog\/governo-esta-preocupado-com-impacto-de-derrubada-de-vetos-na-conta-de-luz-mas-ainda-nao-ha-solucao-fechada-diz-silveira\/\">o governo est\u00e1 preocupado<\/a> com um impacto na conta de luz decorrente dos vetos derrubados pelo Congresso. Afirmou que est\u00e1 sendo buscado um caminho para evitar a alta, mas que ainda n\u00e3o havia decis\u00e3o tomada sobre o que fazer diante da situa\u00e7\u00e3o.\u00a0<br><br><strong>&#8220;Terrorismo tarif\u00e1rio\u201d<\/strong><br>Alcolumbre disse que n\u00e3o aceitar\u00e1 a atribui\u00e7\u00e3o de aumento da conta de luz ao Congresso Nacional e apontou que afirma\u00e7\u00f5es como essa se tratam de \u201cnarrativas manipuladas\u201d e de \u201cterrorismo tarif\u00e1rio&#8221;.<br><br>Segundo o presidente do Senado, os itens estabelecidos na lei ap\u00f3s a derrubada dos vetos trazem, na realidade, modicidade tarif\u00e1ria ou t\u00eam custos bem diferentes dos que v\u00eam sendo divulgados.<br><br>Alcolumbre citou que, no caso da recontrata\u00e7\u00e3o de usinas do Proinfa, o \u201cimpacto l\u00edquido estimado \u00e9 de R$ 15,9 milh\u00f5es em 2025, n\u00e3o o que se alardeou na \u00faltima semana, de mais de R$ 500 bilh\u00f5es\u201d, uma vez que \u201co que est\u00e1 sendo proposto \u00e9 uma prorroga\u00e7\u00e3o com contrapartidas claras\u201d. J\u00e1 em rela\u00e7\u00e3o \u00e0s PCHs (Pequenas Centrais Hidrel\u00e9tricas), ele disse que a medida \u201cgarante seguran\u00e7a no sistema do pa\u00eds e traz modicidade tarif\u00e1ria\u201d.<br><br>\u201cN\u00e3o aceitarei que atribuam ao Congresso Nacional uma responsabilidade que n\u00e3o existe. As decis\u00f5es tomadas aqui foram t\u00e9cnicas, transparentes e voltadas ao interesse p\u00fablico. N\u00e3o h\u00e1 aumento tarif\u00e1rio! H\u00e1, sim, compromisso com a modicidade tarif\u00e1ria, com o equil\u00edbrio federativo, com a inova\u00e7\u00e3o e com o futuro do setor el\u00e9trico nacional&#8221;, disse.<br><br>\u201cChega de distor\u00e7\u00f5es feitas por quem quer manter privil\u00e9gios e lucros excessivos \u00e0s custas da verdade e da conta de luz do cidad\u00e3o brasileiro&#8221;, continuou.<br><br><strong>Apoio a Silveira<\/strong><br>O presidente Lula saiu em defesa do ministro ainda nesta quarta-feira, sem citar o atrito relacionado aos vetos. Lula pediu apoio de empres\u00e1rios do setor de combust\u00edveis a Silveira, diante de \u201cpress\u00e3o\u201d e \u201cinteresses antag\u00f4nicos\u201d. Ele ainda parabenizou o ministro pelo trabalho \u00e0 frente da pasta.\u00a0<br><br>\u201cEspero que voc\u00eas continuem ajudando e incentivando o companheiro Alexandre [Silveira] porque a press\u00e3o n\u00e3o \u00e9 f\u00e1cil, voc\u00eas sabem que tem interesses antag\u00f4nicos sempre, e \u00e9 importante que voc\u00eas estejam alertas para ajudar as coisas a darem certo neste pa\u00eds\u201d, afirmou.<\/p>\n\n\n\n<p><\/p>\n","protected":false},"excerpt":{"rendered":"<p>Marisa Wanzeller, Lais Carregosa e Geraldo Campos Jr., da Ag\u00eancia iNFRA O atrito entre o governo e o Congresso sobre temas de energia foi exposto publicamente, na quarta-feira (25), nos discursos do ministro de Minas e Energia, Alexandre Silveira (PSD-MG), e do presidente do Senado, Davi Alcolumbre (Uni\u00e3o-AP). O pano de fundo da discuss\u00e3o \u00e9 [&hellip;]<\/p>\n","protected":false},"author":1,"featured_media":23613,"comment_status":"closed","ping_status":"closed","sticky":false,"template":"","format":"standard","meta":{"_monsterinsights_skip_tracking":false,"_monsterinsights_sitenote_active":false,"_monsterinsights_sitenote_note":"","_monsterinsights_sitenote_category":0,"footnotes":""},"categories":[7250,1,10],"tags":[6040,13977,26,779,122,1228,11594,47,11326,13132,13948,14000,7366,96,13449,10710,123,5586,1831,7682],"class_list":["post-23612","post","type-post","status-publish","format-standard","has-post-thumbnail","hentry","category-destaque-lista","category-geral","category-infraenergia","tag-alexandre-silveira","tag-aumento-da-tarifa","tag-congresso","tag-congresso-nacional","tag-conta-de-luz","tag-davi-alcolumbre","tag-geraldo-campos-jr","tag-governo","tag-jabutis","tag-lais-carregosa","tag-lei-das-eolicas-offshore","tag-lula-presidente","tag-marisa-wanzeller","tag-ministerio-de-minas-e-energia","tag-mp-1-300","tag-reforma-do-setor-eletrico","tag-senado","tag-tarifa-de-energia","tag-tarifa-social-de-energia-eletrica","tag-vetos-presidenciais"],"yoast_head":"<!-- This site is optimized with the Yoast SEO Premium plugin v25.4 (Yoast SEO v26.0) - https:\/\/yoast.com\/wordpress\/plugins\/seo\/ -->\n<title>Atrito entre governo e Congresso sobre energia \u00e9 exposto em falas de Alcolumbre e Silveira - Ag\u00eancia iNFRA<\/title>\n<meta name=\"robots\" content=\"index, follow, max-snippet:-1, max-image-preview:large, max-video-preview:-1\" \/>\n<link rel=\"canonical\" href=\"https:\/\/agenciainfra.com\/blog\/atrito-entre-governo-e-congresso-sobre-energia-e-exposto-em-falas-de-alcolumbre-e-silveira\/\" \/>\n<meta property=\"og:locale\" content=\"pt_BR\" \/>\n<meta property=\"og:type\" content=\"article\" \/>\n<meta property=\"og:title\" content=\"Atrito entre governo e Congresso sobre energia \u00e9 exposto em falas de Alcolumbre e Silveira\" \/>\n<meta property=\"og:description\" content=\"Marisa Wanzeller, Lais Carregosa e Geraldo Campos Jr., da Ag\u00eancia iNFRA O atrito entre o governo e o Congresso sobre temas de energia foi exposto publicamente, na quarta-feira (25), nos discursos do ministro de Minas e Energia, Alexandre Silveira (PSD-MG), e do presidente do Senado, Davi Alcolumbre (Uni\u00e3o-AP). O pano de fundo da discuss\u00e3o \u00e9 [&hellip;]\" \/>\n<meta property=\"og:url\" content=\"https:\/\/agenciainfra.com\/blog\/atrito-entre-governo-e-congresso-sobre-energia-e-exposto-em-falas-de-alcolumbre-e-silveira\/\" \/>\n<meta property=\"og:site_name\" content=\"Ag\u00eancia iNFRA\" \/>\n<meta property=\"article:publisher\" content=\"https:\/\/www.facebook.com\/ageninfra\" \/>\n<meta property=\"article:published_time\" content=\"2025-06-26T11:30:00+00:00\" \/>\n<meta property=\"article:modified_time\" content=\"2025-06-27T12:25:29+00:00\" \/>\n<meta property=\"og:image\" content=\"https:\/\/agenciainfra.com\/blog\/wp-content\/uploads\/2025\/06\/alexandre_silveira-e-Davi_alcolumbre-foto-EdilsonRodrigues-AgenciaSenado.webp\" \/>\n\t<meta property=\"og:image:width\" content=\"1280\" \/>\n\t<meta property=\"og:image:height\" content=\"600\" \/>\n\t<meta property=\"og:image:type\" content=\"image\/webp\" \/>\n<meta name=\"author\" content=\"Ag\u00eancia iNFRA\" \/>\n<meta name=\"twitter:card\" content=\"summary_large_image\" \/>\n<meta name=\"twitter:creator\" content=\"@agencia_infra\" \/>\n<meta name=\"twitter:site\" content=\"@agencia_infra\" \/>\n<meta name=\"twitter:label1\" content=\"Escrito por\" \/>\n\t<meta name=\"twitter:data1\" content=\"Ag\u00eancia iNFRA\" \/>\n\t<meta name=\"twitter:label2\" content=\"Est. tempo de leitura\" \/>\n\t<meta name=\"twitter:data2\" content=\"3 minutos\" \/>\n<script type=\"application\/ld+json\" class=\"yoast-schema-graph\">{\"@context\":\"https:\/\/schema.org\",\"@graph\":[{\"@type\":\"Article\",\"@id\":\"https:\/\/agenciainfra.com\/blog\/atrito-entre-governo-e-congresso-sobre-energia-e-exposto-em-falas-de-alcolumbre-e-silveira\/#article\",\"isPartOf\":{\"@id\":\"https:\/\/agenciainfra.com\/blog\/atrito-entre-governo-e-congresso-sobre-energia-e-exposto-em-falas-de-alcolumbre-e-silveira\/\"},\"author\":{\"name\":\"Ag\u00eancia iNFRA\",\"@id\":\"https:\/\/agenciainfra.com\/blog\/#\/schema\/person\/34af08dff6adea4cb22b06612ba7acfa\"},\"headline\":\"Atrito entre governo e Congresso sobre energia \u00e9 exposto em falas de Alcolumbre e Silveira\",\"datePublished\":\"2025-06-26T11:30:00+00:00\",\"dateModified\":\"2025-06-27T12:25:29+00:00\",\"mainEntityOfPage\":{\"@id\":\"https:\/\/agenciainfra.com\/blog\/atrito-entre-governo-e-congresso-sobre-energia-e-exposto-em-falas-de-alcolumbre-e-silveira\/\"},\"wordCount\":688,\"publisher\":{\"@id\":\"https:\/\/agenciainfra.com\/blog\/#organization\"},\"image\":{\"@id\":\"https:\/\/agenciainfra.com\/blog\/atrito-entre-governo-e-congresso-sobre-energia-e-exposto-em-falas-de-alcolumbre-e-silveira\/#primaryimage\"},\"thumbnailUrl\":\"https:\/\/agenciainfra.com\/blog\/wp-content\/uploads\/2025\/06\/alexandre_silveira-e-Davi_alcolumbre-foto-EdilsonRodrigues-AgenciaSenado.webp\",\"keywords\":[\"Alexandre Silveira\",\"aumento da tarifa\",\"congresso\",\"Congresso Nacional\",\"Conta de Luz\",\"Davi Alcolumbre\",\"Geraldo Campos Jr.\",\"Governo\",\"jabutis\",\"Lais Carregosa\",\"lei das e\u00f3licas offshore\",\"lula presidente\",\"Marisa Wanzeller\",\"Minist\u00e9rio de Minas e Energia\",\"mp 1.300\",\"Reforma do Setor El\u00e9trico\",\"senado\",\"tarifa de energia\",\"Tarifa Social de Energia El\u00e9trica\",\"vetos presidenciais\"],\"articleSection\":[\"Destaque lista\",\"Geral\",\"iNFRAEnergia\"],\"inLanguage\":\"pt-BR\",\"copyrightYear\":\"2025\",\"copyrightHolder\":{\"@id\":\"https:\/\/agenciainfra.com\/blog\/#organization\"}},{\"@type\":\"WebPage\",\"@id\":\"https:\/\/agenciainfra.com\/blog\/atrito-entre-governo-e-congresso-sobre-energia-e-exposto-em-falas-de-alcolumbre-e-silveira\/\",\"url\":\"https:\/\/agenciainfra.com\/blog\/atrito-entre-governo-e-congresso-sobre-energia-e-exposto-em-falas-de-alcolumbre-e-silveira\/\",\"name\":\"Atrito entre governo e Congresso sobre energia \u00e9 exposto em falas de Alcolumbre e Silveira - Ag\u00eancia iNFRA\",\"isPartOf\":{\"@id\":\"https:\/\/agenciainfra.com\/blog\/#website\"},\"primaryImageOfPage\":{\"@id\":\"https:\/\/agenciainfra.com\/blog\/atrito-entre-governo-e-congresso-sobre-energia-e-exposto-em-falas-de-alcolumbre-e-silveira\/#primaryimage\"},\"image\":{\"@id\":\"https:\/\/agenciainfra.com\/blog\/atrito-entre-governo-e-congresso-sobre-energia-e-exposto-em-falas-de-alcolumbre-e-silveira\/#primaryimage\"},\"thumbnailUrl\":\"https:\/\/agenciainfra.com\/blog\/wp-content\/uploads\/2025\/06\/alexandre_silveira-e-Davi_alcolumbre-foto-EdilsonRodrigues-AgenciaSenado.webp\",\"datePublished\":\"2025-06-26T11:30:00+00:00\",\"dateModified\":\"2025-06-27T12:25:29+00:00\",\"breadcrumb\":{\"@id\":\"https:\/\/agenciainfra.com\/blog\/atrito-entre-governo-e-congresso-sobre-energia-e-exposto-em-falas-de-alcolumbre-e-silveira\/#breadcrumb\"},\"inLanguage\":\"pt-BR\",\"potentialAction\":[{\"@type\":\"ReadAction\",\"target\":[\"https:\/\/agenciainfra.com\/blog\/atrito-entre-governo-e-congresso-sobre-energia-e-exposto-em-falas-de-alcolumbre-e-silveira\/\"]}]},{\"@type\":\"ImageObject\",\"inLanguage\":\"pt-BR\",\"@id\":\"https:\/\/agenciainfra.com\/blog\/atrito-entre-governo-e-congresso-sobre-energia-e-exposto-em-falas-de-alcolumbre-e-silveira\/#primaryimage\",\"url\":\"https:\/\/agenciainfra.com\/blog\/wp-content\/uploads\/2025\/06\/alexandre_silveira-e-Davi_alcolumbre-foto-EdilsonRodrigues-AgenciaSenado.webp\",\"contentUrl\":\"https:\/\/agenciainfra.com\/blog\/wp-content\/uploads\/2025\/06\/alexandre_silveira-e-Davi_alcolumbre-foto-EdilsonRodrigues-AgenciaSenado.webp\",\"width\":1280,\"height\":600,\"caption\":\"Foto: Edilson Rodrigues\/Ag\u00eancia Senado\"},{\"@type\":\"BreadcrumbList\",\"@id\":\"https:\/\/agenciainfra.com\/blog\/atrito-entre-governo-e-congresso-sobre-energia-e-exposto-em-falas-de-alcolumbre-e-silveira\/#breadcrumb\",\"itemListElement\":[{\"@type\":\"ListItem\",\"position\":1,\"name\":\"In\u00edcio\",\"item\":\"https:\/\/agenciainfra.com\/blog\/\"},{\"@type\":\"ListItem\",\"position\":2,\"name\":\"Atrito entre governo e Congresso sobre energia \u00e9 exposto em falas de Alcolumbre e Silveira\"}]},{\"@type\":\"WebSite\",\"@id\":\"https:\/\/agenciainfra.com\/blog\/#website\",\"url\":\"https:\/\/agenciainfra.com\/blog\/\",\"name\":\"Ag\u00eancia iNFRA\",\"description\":\"Multiplataforma de informa\u00e7\u00e3o jornal\u00edstica refer\u00eancia na \u00e1rea de infraestrutura no Brasil!\",\"publisher\":{\"@id\":\"https:\/\/agenciainfra.com\/blog\/#organization\"},\"potentialAction\":[{\"@type\":\"SearchAction\",\"target\":{\"@type\":\"EntryPoint\",\"urlTemplate\":\"https:\/\/agenciainfra.com\/blog\/?s={search_term_string}\"},\"query-input\":{\"@type\":\"PropertyValueSpecification\",\"valueRequired\":true,\"valueName\":\"search_term_string\"}}],\"inLanguage\":\"pt-BR\"},{\"@type\":\"Organization\",\"@id\":\"https:\/\/agenciainfra.com\/blog\/#organization\",\"name\":\"Ag\u00eancia iNFRA\",\"url\":\"https:\/\/agenciainfra.com\/blog\/\",\"logo\":{\"@type\":\"ImageObject\",\"inLanguage\":\"pt-BR\",\"@id\":\"https:\/\/agenciainfra.com\/blog\/#\/schema\/logo\/image\/\",\"url\":\"https:\/\/agenciainfra.com\/blog\/wp-content\/uploads\/2023\/09\/iNFRA_5-e1761735885940.png\",\"contentUrl\":\"https:\/\/agenciainfra.com\/blog\/wp-content\/uploads\/2023\/09\/iNFRA_5-e1761735885940.png\",\"width\":1672,\"height\":454,\"caption\":\"Ag\u00eancia iNFRA\"},\"image\":{\"@id\":\"https:\/\/agenciainfra.com\/blog\/#\/schema\/logo\/image\/\"},\"sameAs\":[\"https:\/\/www.facebook.com\/ageninfra\",\"https:\/\/x.com\/agencia_infra\",\"https:\/\/www.linkedin.com\/company\/ag\u00eanciainfra\/\",\"https:\/\/www.instagram.com\/agenciainfra\/\"]},{\"@type\":\"Person\",\"@id\":\"https:\/\/agenciainfra.com\/blog\/#\/schema\/person\/34af08dff6adea4cb22b06612ba7acfa\",\"name\":\"Ag\u00eancia iNFRA\",\"image\":{\"@type\":\"ImageObject\",\"inLanguage\":\"pt-BR\",\"@id\":\"https:\/\/agenciainfra.com\/blog\/#\/schema\/person\/image\/\",\"url\":\"https:\/\/secure.gravatar.com\/avatar\/d189e01678f06d8eb84d4e01f08eb848b3fffe3f8443818d3c356c66892f5be8?s=96&d=mm&r=g\",\"contentUrl\":\"https:\/\/secure.gravatar.com\/avatar\/d189e01678f06d8eb84d4e01f08eb848b3fffe3f8443818d3c356c66892f5be8?s=96&d=mm&r=g\",\"caption\":\"Ag\u00eancia iNFRA\"},\"url\":\"https:\/\/agenciainfra.com\/blog\/author\/admin\/\"}]}<\/script>\n<!-- \/ Yoast SEO Premium plugin. -->","yoast_head_json":{"title":"Atrito entre governo e Congresso sobre energia \u00e9 exposto em falas de Alcolumbre e Silveira - Ag\u00eancia iNFRA","robots":{"index":"index","follow":"follow","max-snippet":"max-snippet:-1","max-image-preview":"max-image-preview:large","max-video-preview":"max-video-preview:-1"},"canonical":"https:\/\/agenciainfra.com\/blog\/atrito-entre-governo-e-congresso-sobre-energia-e-exposto-em-falas-de-alcolumbre-e-silveira\/","og_locale":"pt_BR","og_type":"article","og_title":"Atrito entre governo e Congresso sobre energia \u00e9 exposto em falas de Alcolumbre e Silveira","og_description":"Marisa Wanzeller, Lais Carregosa e Geraldo Campos Jr., da Ag\u00eancia iNFRA O atrito entre o governo e o Congresso sobre temas de energia foi exposto publicamente, na quarta-feira (25), nos discursos do ministro de Minas e Energia, Alexandre Silveira (PSD-MG), e do presidente do Senado, Davi Alcolumbre (Uni\u00e3o-AP). O pano de fundo da discuss\u00e3o \u00e9 [&hellip;]","og_url":"https:\/\/agenciainfra.com\/blog\/atrito-entre-governo-e-congresso-sobre-energia-e-exposto-em-falas-de-alcolumbre-e-silveira\/","og_site_name":"Ag\u00eancia iNFRA","article_publisher":"https:\/\/www.facebook.com\/ageninfra","article_published_time":"2025-06-26T11:30:00+00:00","article_modified_time":"2025-06-27T12:25:29+00:00","og_image":[{"width":1280,"height":600,"url":"https:\/\/agenciainfra.com\/blog\/wp-content\/uploads\/2025\/06\/alexandre_silveira-e-Davi_alcolumbre-foto-EdilsonRodrigues-AgenciaSenado.webp","type":"image\/webp"}],"author":"Ag\u00eancia iNFRA","twitter_card":"summary_large_image","twitter_creator":"@agencia_infra","twitter_site":"@agencia_infra","twitter_misc":{"Escrito por":"Ag\u00eancia iNFRA","Est. tempo de leitura":"3 minutos"},"schema":{"@context":"https:\/\/schema.org","@graph":[{"@type":"Article","@id":"https:\/\/agenciainfra.com\/blog\/atrito-entre-governo-e-congresso-sobre-energia-e-exposto-em-falas-de-alcolumbre-e-silveira\/#article","isPartOf":{"@id":"https:\/\/agenciainfra.com\/blog\/atrito-entre-governo-e-congresso-sobre-energia-e-exposto-em-falas-de-alcolumbre-e-silveira\/"},"author":{"name":"Ag\u00eancia iNFRA","@id":"https:\/\/agenciainfra.com\/blog\/#\/schema\/person\/34af08dff6adea4cb22b06612ba7acfa"},"headline":"Atrito entre governo e Congresso sobre energia \u00e9 exposto em falas de Alcolumbre e Silveira","datePublished":"2025-06-26T11:30:00+00:00","dateModified":"2025-06-27T12:25:29+00:00","mainEntityOfPage":{"@id":"https:\/\/agenciainfra.com\/blog\/atrito-entre-governo-e-congresso-sobre-energia-e-exposto-em-falas-de-alcolumbre-e-silveira\/"},"wordCount":688,"publisher":{"@id":"https:\/\/agenciainfra.com\/blog\/#organization"},"image":{"@id":"https:\/\/agenciainfra.com\/blog\/atrito-entre-governo-e-congresso-sobre-energia-e-exposto-em-falas-de-alcolumbre-e-silveira\/#primaryimage"},"thumbnailUrl":"https:\/\/agenciainfra.com\/blog\/wp-content\/uploads\/2025\/06\/alexandre_silveira-e-Davi_alcolumbre-foto-EdilsonRodrigues-AgenciaSenado.webp","keywords":["Alexandre Silveira","aumento da tarifa","congresso","Congresso Nacional","Conta de Luz","Davi Alcolumbre","Geraldo Campos Jr.","Governo","jabutis","Lais Carregosa","lei das e\u00f3licas offshore","lula presidente","Marisa Wanzeller","Minist\u00e9rio de Minas e Energia","mp 1.300","Reforma do Setor El\u00e9trico","senado","tarifa de energia","Tarifa Social de Energia El\u00e9trica","vetos presidenciais"],"articleSection":["Destaque lista","Geral","iNFRAEnergia"],"inLanguage":"pt-BR","copyrightYear":"2025","copyrightHolder":{"@id":"https:\/\/agenciainfra.com\/blog\/#organization"}},{"@type":"WebPage","@id":"https:\/\/agenciainfra.com\/blog\/atrito-entre-governo-e-congresso-sobre-energia-e-exposto-em-falas-de-alcolumbre-e-silveira\/","url":"https:\/\/agenciainfra.com\/blog\/atrito-entre-governo-e-congresso-sobre-energia-e-exposto-em-falas-de-alcolumbre-e-silveira\/","name":"Atrito entre governo e Congresso sobre energia \u00e9 exposto em falas de Alcolumbre e Silveira - Ag\u00eancia iNFRA","isPartOf":{"@id":"https:\/\/agenciainfra.com\/blog\/#website"},"primaryImageOfPage":{"@id":"https:\/\/agenciainfra.com\/blog\/atrito-entre-governo-e-congresso-sobre-energia-e-exposto-em-falas-de-alcolumbre-e-silveira\/#primaryimage"},"image":{"@id":"https:\/\/agenciainfra.com\/blog\/atrito-entre-governo-e-congresso-sobre-energia-e-exposto-em-falas-de-alcolumbre-e-silveira\/#primaryimage"},"thumbnailUrl":"https:\/\/agenciainfra.com\/blog\/wp-content\/uploads\/2025\/06\/alexandre_silveira-e-Davi_alcolumbre-foto-EdilsonRodrigues-AgenciaSenado.webp","datePublished":"2025-06-26T11:30:00+00:00","dateModified":"2025-06-27T12:25:29+00:00","breadcrumb":{"@id":"https:\/\/agenciainfra.com\/blog\/atrito-entre-governo-e-congresso-sobre-energia-e-exposto-em-falas-de-alcolumbre-e-silveira\/#breadcrumb"},"inLanguage":"pt-BR","potentialAction":[{"@type":"ReadAction","target":["https:\/\/agenciainfra.com\/blog\/atrito-entre-governo-e-congresso-sobre-energia-e-exposto-em-falas-de-alcolumbre-e-silveira\/"]}]},{"@type":"ImageObject","inLanguage":"pt-BR","@id":"https:\/\/agenciainfra.com\/blog\/atrito-entre-governo-e-congresso-sobre-energia-e-exposto-em-falas-de-alcolumbre-e-silveira\/#primaryimage","url":"https:\/\/agenciainfra.com\/blog\/wp-content\/uploads\/2025\/06\/alexandre_silveira-e-Davi_alcolumbre-foto-EdilsonRodrigues-AgenciaSenado.webp","contentUrl":"https:\/\/agenciainfra.com\/blog\/wp-content\/uploads\/2025\/06\/alexandre_silveira-e-Davi_alcolumbre-foto-EdilsonRodrigues-AgenciaSenado.webp","width":1280,"height":600,"caption":"Foto: Edilson Rodrigues\/Ag\u00eancia Senado"},{"@type":"BreadcrumbList","@id":"https:\/\/agenciainfra.com\/blog\/atrito-entre-governo-e-congresso-sobre-energia-e-exposto-em-falas-de-alcolumbre-e-silveira\/#breadcrumb","itemListElement":[{"@type":"ListItem","position":1,"name":"In\u00edcio","item":"https:\/\/agenciainfra.com\/blog\/"},{"@type":"ListItem","position":2,"name":"Atrito entre governo e Congresso sobre energia \u00e9 exposto em falas de Alcolumbre e Silveira"}]},{"@type":"WebSite","@id":"https:\/\/agenciainfra.com\/blog\/#website","url":"https:\/\/agenciainfra.com\/blog\/","name":"Ag\u00eancia iNFRA","description":"Multiplataforma de informa\u00e7\u00e3o jornal\u00edstica refer\u00eancia na \u00e1rea de infraestrutura no Brasil!","publisher":{"@id":"https:\/\/agenciainfra.com\/blog\/#organization"},"potentialAction":[{"@type":"SearchAction","target":{"@type":"EntryPoint","urlTemplate":"https:\/\/agenciainfra.com\/blog\/?s={search_term_string}"},"query-input":{"@type":"PropertyValueSpecification","valueRequired":true,"valueName":"search_term_string"}}],"inLanguage":"pt-BR"},{"@type":"Organization","@id":"https:\/\/agenciainfra.com\/blog\/#organization","name":"Ag\u00eancia iNFRA","url":"https:\/\/agenciainfra.com\/blog\/","logo":{"@type":"ImageObject","inLanguage":"pt-BR","@id":"https:\/\/agenciainfra.com\/blog\/#\/schema\/logo\/image\/","url":"https:\/\/agenciainfra.com\/blog\/wp-content\/uploads\/2023\/09\/iNFRA_5-e1761735885940.png","contentUrl":"https:\/\/agenciainfra.com\/blog\/wp-content\/uploads\/2023\/09\/iNFRA_5-e1761735885940.png","width":1672,"height":454,"caption":"Ag\u00eancia iNFRA"},"image":{"@id":"https:\/\/agenciainfra.com\/blog\/#\/schema\/logo\/image\/"},"sameAs":["https:\/\/www.facebook.com\/ageninfra","https:\/\/x.com\/agencia_infra","https:\/\/www.linkedin.com\/company\/ag\u00eanciainfra\/","https:\/\/www.instagram.com\/agenciainfra\/"]},{"@type":"Person","@id":"https:\/\/agenciainfra.com\/blog\/#\/schema\/person\/34af08dff6adea4cb22b06612ba7acfa","name":"Ag\u00eancia iNFRA","image":{"@type":"ImageObject","inLanguage":"pt-BR","@id":"https:\/\/agenciainfra.com\/blog\/#\/schema\/person\/image\/","url":"https:\/\/secure.gravatar.com\/avatar\/d189e01678f06d8eb84d4e01f08eb848b3fffe3f8443818d3c356c66892f5be8?s=96&d=mm&r=g","contentUrl":"https:\/\/secure.gravatar.com\/avatar\/d189e01678f06d8eb84d4e01f08eb848b3fffe3f8443818d3c356c66892f5be8?s=96&d=mm&r=g","caption":"Ag\u00eancia iNFRA"},"url":"https:\/\/agenciainfra.com\/blog\/author\/admin\/"}]}},"_links":{"self":[{"href":"https:\/\/agenciainfra.com\/blog\/wp-json\/wp\/v2\/posts\/23612","targetHints":{"allow":["GET"]}}],"collection":[{"href":"https:\/\/agenciainfra.com\/blog\/wp-json\/wp\/v2\/posts"}],"about":[{"href":"https:\/\/agenciainfra.com\/blog\/wp-json\/wp\/v2\/types\/post"}],"author":[{"embeddable":true,"href":"https:\/\/agenciainfra.com\/blog\/wp-json\/wp\/v2\/users\/1"}],"replies":[{"embeddable":true,"href":"https:\/\/agenciainfra.com\/blog\/wp-json\/wp\/v2\/comments?post=23612"}],"version-history":[{"count":3,"href":"https:\/\/agenciainfra.com\/blog\/wp-json\/wp\/v2\/posts\/23612\/revisions"}],"predecessor-version":[{"id":23640,"href":"https:\/\/agenciainfra.com\/blog\/wp-json\/wp\/v2\/posts\/23612\/revisions\/23640"}],"wp:featuredmedia":[{"embeddable":true,"href":"https:\/\/agenciainfra.com\/blog\/wp-json\/wp\/v2\/media\/23613"}],"wp:attachment":[{"href":"https:\/\/agenciainfra.com\/blog\/wp-json\/wp\/v2\/media?parent=23612"}],"wp:term":[{"taxonomy":"category","embeddable":true,"href":"https:\/\/agenciainfra.com\/blog\/wp-json\/wp\/v2\/categories?post=23612"},{"taxonomy":"post_tag","embeddable":true,"href":"https:\/\/agenciainfra.com\/blog\/wp-json\/wp\/v2\/tags?post=23612"}],"curies":[{"name":"wp","href":"https:\/\/api.w.org\/{rel}","templated":true}]}}