{"id":23617,"date":"2025-06-26T10:00:00","date_gmt":"2025-06-26T13:00:00","guid":{"rendered":"https:\/\/agenciainfra.com\/blog\/?p=23617"},"modified":"2025-06-27T12:20:35","modified_gmt":"2025-06-27T15:20:35","slug":"shell-esta-de-olho-em-novo-leilao-de-areas-nao-contratadas-e-em-ciclo-de-partilha-diz-ceo","status":"publish","type":"post","link":"https:\/\/agenciainfra.com\/blog\/shell-esta-de-olho-em-novo-leilao-de-areas-nao-contratadas-e-em-ciclo-de-partilha-diz-ceo\/","title":{"rendered":"Shell est\u00e1 de olho em novo leil\u00e3o de \u00e1reas n\u00e3o contratadas e em ciclo de partilha, diz CEO"},"content":{"rendered":"\n<p class=\"has-text-align-right\"><strong>Geraldo Campos Jr. e Gabriel Vasconcelos, da Ag\u00eancia iNFRA<\/strong><\/p>\n\n\n\n<p>Ap\u00f3s arrematar somente quatro blocos sob regime de concess\u00e3o no \u00faltimo leil\u00e3o de \u00e1reas da ANP (Ag\u00eancia Nacional do Petr\u00f3leo, G\u00e1s Natural e Biocombust\u00edveis), a Shell j\u00e1 est\u00e1 de olho nos pr\u00f3ximos dois certames: o do 3\u00b0 Ciclo da Oferta Permanente de Partilha, que envolve \u00e1reas do pr\u00e9-sal e est\u00e1 marcado para 22 de outubro, e o novo leil\u00e3o de participa\u00e7\u00f5es da Uni\u00e3o em chamadas \u00e1reas n\u00e3o contratadas dentro de campos unitizados. O governo busca viabilizar a nova licita\u00e7\u00e3o para ainda este ano e engordar a arrecada\u00e7\u00e3o em pelo menos R$ 15 bilh\u00f5es.<br><br>O interesse da Shell foi confirmado pelo presidente da companhia no Brasil, Cristiano Pinto da Costa, que afirmou que a participa\u00e7\u00e3o est\u00e1 em an\u00e1lise. A petroleira nunca deixou de participar de um leil\u00e3o da ANP. Segundo o executivo, essa possibilidade de haver mais duas licita\u00e7\u00f5es influenciou a estrat\u00e9gia mais contida adotada no \u00faltimo leil\u00e3o, quando a petroleira deu lances apenas nos quatro blocos na bacia do Sul de Santos, onde j\u00e1 possui\u00a0ativos desde 2022.<br><br>\u201cNeste \u00faltimo leil\u00e3o, em espec\u00edfico, a gente foi com uma estrat\u00e9gia muito bem definida e que foi muito bem-sucedida. Sabendo que temos mais dois leil\u00f5es neste ano, foi uma estrat\u00e9gia concentrar e defender uma posi\u00e7\u00e3o competitiva que a gente j\u00e1 [adotou] em 2022\u201d, disse, em entrevista a jornalistas em Bras\u00edlia, na quarta-feira (25).<br><br>A presen\u00e7a da Shell no pr\u00e9-sal, onde ser\u00e3o ofertados mais 13 blocos no leil\u00e3o de partilha, e nas tr\u00eas jazidas unitizadas da Bacia de Santos, cujas \u00e1reas n\u00e3o contratadas devem ser ofertadas (Mero, Tupi e Atapu), tornam a petroleira uma \u201ccandidata \u00f3bvia\u201d aos dois leil\u00f5es, dizem agentes do mercado consultados.\u00a0<br><br><strong>Foco no Sudeste e Sul<\/strong><br>Pinto da Costa disse que a Shell tem visto alta atratividade nas bacias do Sul de Santos e de Pelotas, as duas mais ao sul da Margem Atl\u00e2ntica do pa\u00eds. A empresa adquiriu \u00e1reas em ambas nos \u00faltimos leil\u00f5es.\u00a0<br><br>Na licita\u00e7\u00e3o do regime de concess\u00e3o de 2023, a empresa arrematou 29 blocos em Pelotas, em cons\u00f3rcio com a Petrobras. Mas optou por n\u00e3o refor\u00e7ar a presen\u00e7a no litoral do Rio Grande do Sul no leil\u00e3o da semana passada. Na ocasi\u00e3o, o diretor de Explora\u00e7\u00e3o e Desenvolvimento da Shell Brasil, L\u00facio Prevatti, disse que a petroleira\u00a0j\u00e1 tem uma \u00e1rea muito grande em Pelotas e vai focar em trabalhar nos seus dados para avan\u00e7ar na explora\u00e7\u00e3o. A companhia projeta perfurar na regi\u00e3o em 2028.<br><br>A estrat\u00e9gia tamb\u00e9m deixou a Shell fora da maior disputa do leil\u00e3o, por \u00e1reas da Bacia da Foz do Amazonas, na Margem Equatorial, que acabaram nas m\u00e3os de Petrobras, ExxonMobil, Chevron e da chinesa CNPC. Na ocasi\u00e3o, Prevatti chegou a destacar a \u201cmultiplica\u00e7\u00e3o de riscos\u201d t\u00e9cnicos e de licenciamento ambiental envolvidos como uma das raz\u00f5es para a petroleira ainda n\u00e3o disputar a regi\u00e3o. Mas o CEO da Shell afirmou na quarta-feira (25) que a empresa acredita no potencial da Margem Equatorial e sinalizou que pode participar de leil\u00f5es de blocos da regi\u00e3o no futuro.<br><br>Pinto da Costa lembrou, ainda, que a Shell tomou uma grande decis\u00e3o de investimento neste ano, no projeto Orca (antigo Gato do Mato), que deve entrar em opera\u00e7\u00e3o em 2029. Uma plataforma com capacidade de 120 mil barris de petr\u00f3leo por dia ser\u00e1 constru\u00edda em 45 meses para operar na regi\u00e3o, localizada no pr\u00e9-sal da Bacia de Santos.<br><br><strong>Estabilidade regulat\u00f3ria<\/strong><br>O presidente da Shell cobrou estabilidade regulat\u00f3ria e seguran\u00e7a fiscal para o setor de \u00f3leo e g\u00e1s. A declara\u00e7\u00e3o \u00e9 uma\u00a0resposta \u00e0s tentativas do governo de promover aumento de arrecada\u00e7\u00e3o com mudan\u00e7as no setor, como altera\u00e7\u00e3o no pre\u00e7o de refer\u00eancia do petr\u00f3leo e nas regras de participa\u00e7\u00f5es especiais.<br><br>\u201cSe quer mudar regra fiscal, mude s\u00f3 daqui para a frente. N\u00e3o pode alcan\u00e7ar os contratos passados. Precisamos de previsibilidade por se tratarem de projetos de longu\u00edssimo prazo\u201d, disse o executivo, citando o exemplo do projeto Orca, que foi arrematado em 2010 e s\u00f3 agora teve decis\u00e3o de investimento tomada.<br><br>Segundo Pinto da Costa, a carga tribut\u00e1ria do setor j\u00e1 \u00e9 muito elevada e qualquer contribui\u00e7\u00e3o adicional pode impactar negativamente a competitividade do pa\u00eds. Ele citou um estudo do IBP (Instituto Brasileiro de Petr\u00f3leo e G\u00e1s) que diz que, a cada tr\u00eas barris produzidos no Brasil, dois ficam como royalties, participa\u00e7\u00f5es especiais e outros impostos.<br><br><strong>Transi\u00e7\u00e3o energ\u00e9tica<\/strong><br>Na avalia\u00e7\u00e3o do presidente da Shell, o processo de transi\u00e7\u00e3o energ\u00e9tica no setor de \u00f3leo e g\u00e1s tem sido \u201cmais dif\u00edcil e mais lento do que se esperava\u201d. Ele citou v\u00e1rios motivos para isso, como aumento da demanda por energia ap\u00f3s a pandemia de Covid-19, que retardou uma mudan\u00e7a no consumo de petr\u00f3leo.<br><br>\u201cEst\u00e1 sendo mais dif\u00edcil implantar porque estamos esbarrando em competitividade, regula\u00e7\u00e3o e tecnologia\u201d, disse o executivo, explicando que os projetos ainda s\u00e3o caros, como os de captura de carbono, e carecem de marcos regulat\u00f3rios que deem seguran\u00e7a aos investidores.<br><br>\u201c\u00c9 por isso que a ind\u00fastria do mundo todo est\u00e1 se ajustando a essa realidade que est\u00e1 se impondo sobre transi\u00e7\u00e3o energ\u00e9tica\u201d, completou.<\/p>\n","protected":false},"excerpt":{"rendered":"<p>Geraldo Campos Jr. e Gabriel Vasconcelos, da Ag\u00eancia iNFRA Ap\u00f3s arrematar somente quatro blocos sob regime de concess\u00e3o no \u00faltimo leil\u00e3o de \u00e1reas da ANP (Ag\u00eancia Nacional do Petr\u00f3leo, G\u00e1s Natural e Biocombust\u00edveis), a Shell j\u00e1 est\u00e1 de olho nos pr\u00f3ximos dois certames: o do 3\u00b0 Ciclo da Oferta Permanente de Partilha, que envolve \u00e1reas [&hellip;]<\/p>\n","protected":false},"author":1,"featured_media":23618,"comment_status":"closed","ping_status":"closed","sticky":false,"template":"","format":"standard","meta":{"_monsterinsights_skip_tracking":false,"_monsterinsights_sitenote_active":false,"_monsterinsights_sitenote_note":"","_monsterinsights_sitenote_category":0,"footnotes":""},"categories":[7250,1,13271],"tags":[14008,14007,13251,11594,14006,13385,13810,213,14004],"class_list":["post-23617","post","type-post","status-publish","format-standard","has-post-thumbnail","hentry","category-destaque-lista","category-geral","category-oleo-gas","tag-ceo-da-shell","tag-cristiano-costa","tag-gabriel-vasconcelos","tag-geraldo-campos-jr","tag-leilao-de-areas-da-anp","tag-leilao-de-partilha","tag-oferta-permanente","tag-petroleo","tag-shell-brasil"],"yoast_head":"<!-- This site is optimized with the Yoast SEO Premium plugin v25.4 (Yoast SEO v26.0) - https:\/\/yoast.com\/wordpress\/plugins\/seo\/ -->\n<title>Shell est\u00e1 de olho em novo leil\u00e3o de \u00e1reas n\u00e3o contratadas e em ciclo de partilha, diz CEO - Ag\u00eancia iNFRA<\/title>\n<meta name=\"robots\" content=\"index, follow, max-snippet:-1, max-image-preview:large, max-video-preview:-1\" \/>\n<link rel=\"canonical\" href=\"https:\/\/agenciainfra.com\/blog\/shell-esta-de-olho-em-novo-leilao-de-areas-nao-contratadas-e-em-ciclo-de-partilha-diz-ceo\/\" \/>\n<meta property=\"og:locale\" content=\"pt_BR\" \/>\n<meta property=\"og:type\" content=\"article\" \/>\n<meta property=\"og:title\" content=\"Shell est\u00e1 de olho em novo leil\u00e3o de \u00e1reas n\u00e3o contratadas e em ciclo de partilha, diz CEO\" \/>\n<meta property=\"og:description\" content=\"Geraldo Campos Jr. e Gabriel Vasconcelos, da Ag\u00eancia iNFRA Ap\u00f3s arrematar somente quatro blocos sob regime de concess\u00e3o no \u00faltimo leil\u00e3o de \u00e1reas da ANP (Ag\u00eancia Nacional do Petr\u00f3leo, G\u00e1s Natural e Biocombust\u00edveis), a Shell j\u00e1 est\u00e1 de olho nos pr\u00f3ximos dois certames: o do 3\u00b0 Ciclo da Oferta Permanente de Partilha, que envolve \u00e1reas [&hellip;]\" \/>\n<meta property=\"og:url\" content=\"https:\/\/agenciainfra.com\/blog\/shell-esta-de-olho-em-novo-leilao-de-areas-nao-contratadas-e-em-ciclo-de-partilha-diz-ceo\/\" \/>\n<meta property=\"og:site_name\" content=\"Ag\u00eancia iNFRA\" \/>\n<meta property=\"article:publisher\" content=\"https:\/\/www.facebook.com\/ageninfra\" \/>\n<meta property=\"article:published_time\" content=\"2025-06-26T13:00:00+00:00\" \/>\n<meta property=\"article:modified_time\" content=\"2025-06-27T15:20:35+00:00\" \/>\n<meta property=\"og:image\" content=\"https:\/\/agenciainfra.com\/blog\/wp-content\/uploads\/2025\/06\/Cristiano-costa-foto-Shell-brasil-e1750935769652.jpg\" \/>\n\t<meta property=\"og:image:width\" content=\"1280\" \/>\n\t<meta property=\"og:image:height\" content=\"777\" \/>\n\t<meta property=\"og:image:type\" content=\"image\/jpeg\" \/>\n<meta name=\"author\" content=\"Ag\u00eancia iNFRA\" \/>\n<meta name=\"twitter:card\" content=\"summary_large_image\" \/>\n<meta name=\"twitter:creator\" content=\"@agencia_infra\" \/>\n<meta name=\"twitter:site\" content=\"@agencia_infra\" \/>\n<meta name=\"twitter:label1\" content=\"Escrito por\" \/>\n\t<meta name=\"twitter:data1\" content=\"Ag\u00eancia iNFRA\" \/>\n\t<meta name=\"twitter:label2\" content=\"Est. tempo de leitura\" \/>\n\t<meta name=\"twitter:data2\" content=\"5 minutos\" \/>\n<script type=\"application\/ld+json\" class=\"yoast-schema-graph\">{\"@context\":\"https:\/\/schema.org\",\"@graph\":[{\"@type\":\"Article\",\"@id\":\"https:\/\/agenciainfra.com\/blog\/shell-esta-de-olho-em-novo-leilao-de-areas-nao-contratadas-e-em-ciclo-de-partilha-diz-ceo\/#article\",\"isPartOf\":{\"@id\":\"https:\/\/agenciainfra.com\/blog\/shell-esta-de-olho-em-novo-leilao-de-areas-nao-contratadas-e-em-ciclo-de-partilha-diz-ceo\/\"},\"author\":{\"name\":\"Ag\u00eancia iNFRA\",\"@id\":\"https:\/\/agenciainfra.com\/blog\/#\/schema\/person\/34af08dff6adea4cb22b06612ba7acfa\"},\"headline\":\"Shell est\u00e1 de olho em novo leil\u00e3o de \u00e1reas n\u00e3o contratadas e em ciclo de partilha, diz CEO\",\"datePublished\":\"2025-06-26T13:00:00+00:00\",\"dateModified\":\"2025-06-27T15:20:35+00:00\",\"mainEntityOfPage\":{\"@id\":\"https:\/\/agenciainfra.com\/blog\/shell-esta-de-olho-em-novo-leilao-de-areas-nao-contratadas-e-em-ciclo-de-partilha-diz-ceo\/\"},\"wordCount\":948,\"publisher\":{\"@id\":\"https:\/\/agenciainfra.com\/blog\/#organization\"},\"image\":{\"@id\":\"https:\/\/agenciainfra.com\/blog\/shell-esta-de-olho-em-novo-leilao-de-areas-nao-contratadas-e-em-ciclo-de-partilha-diz-ceo\/#primaryimage\"},\"thumbnailUrl\":\"https:\/\/agenciainfra.com\/blog\/wp-content\/uploads\/2025\/06\/Cristiano-costa-foto-Shell-brasil-e1750935769652.jpg\",\"keywords\":[\"CEO da Shell\",\"cristiano costa\",\"Gabriel Vasconcelos\",\"Geraldo Campos Jr.\",\"leil\u00e3o de \u00e1reas da anp\",\"leil\u00e3o de partilha\",\"oferta permanente\",\"petr\u00f3leo\",\"shell brasil\"],\"articleSection\":[\"Destaque lista\",\"Geral\",\"\u00d3leo &amp; G\u00e1s\"],\"inLanguage\":\"pt-BR\",\"copyrightYear\":\"2025\",\"copyrightHolder\":{\"@id\":\"https:\/\/agenciainfra.com\/blog\/#organization\"}},{\"@type\":\"WebPage\",\"@id\":\"https:\/\/agenciainfra.com\/blog\/shell-esta-de-olho-em-novo-leilao-de-areas-nao-contratadas-e-em-ciclo-de-partilha-diz-ceo\/\",\"url\":\"https:\/\/agenciainfra.com\/blog\/shell-esta-de-olho-em-novo-leilao-de-areas-nao-contratadas-e-em-ciclo-de-partilha-diz-ceo\/\",\"name\":\"Shell est\u00e1 de olho em novo leil\u00e3o de \u00e1reas n\u00e3o contratadas e em ciclo de partilha, diz CEO - Ag\u00eancia iNFRA\",\"isPartOf\":{\"@id\":\"https:\/\/agenciainfra.com\/blog\/#website\"},\"primaryImageOfPage\":{\"@id\":\"https:\/\/agenciainfra.com\/blog\/shell-esta-de-olho-em-novo-leilao-de-areas-nao-contratadas-e-em-ciclo-de-partilha-diz-ceo\/#primaryimage\"},\"image\":{\"@id\":\"https:\/\/agenciainfra.com\/blog\/shell-esta-de-olho-em-novo-leilao-de-areas-nao-contratadas-e-em-ciclo-de-partilha-diz-ceo\/#primaryimage\"},\"thumbnailUrl\":\"https:\/\/agenciainfra.com\/blog\/wp-content\/uploads\/2025\/06\/Cristiano-costa-foto-Shell-brasil-e1750935769652.jpg\",\"datePublished\":\"2025-06-26T13:00:00+00:00\",\"dateModified\":\"2025-06-27T15:20:35+00:00\",\"breadcrumb\":{\"@id\":\"https:\/\/agenciainfra.com\/blog\/shell-esta-de-olho-em-novo-leilao-de-areas-nao-contratadas-e-em-ciclo-de-partilha-diz-ceo\/#breadcrumb\"},\"inLanguage\":\"pt-BR\",\"potentialAction\":[{\"@type\":\"ReadAction\",\"target\":[\"https:\/\/agenciainfra.com\/blog\/shell-esta-de-olho-em-novo-leilao-de-areas-nao-contratadas-e-em-ciclo-de-partilha-diz-ceo\/\"]}]},{\"@type\":\"ImageObject\",\"inLanguage\":\"pt-BR\",\"@id\":\"https:\/\/agenciainfra.com\/blog\/shell-esta-de-olho-em-novo-leilao-de-areas-nao-contratadas-e-em-ciclo-de-partilha-diz-ceo\/#primaryimage\",\"url\":\"https:\/\/agenciainfra.com\/blog\/wp-content\/uploads\/2025\/06\/Cristiano-costa-foto-Shell-brasil-e1750935769652.jpg\",\"contentUrl\":\"https:\/\/agenciainfra.com\/blog\/wp-content\/uploads\/2025\/06\/Cristiano-costa-foto-Shell-brasil-e1750935769652.jpg\",\"width\":1280,\"height\":777,\"caption\":\"Foto: Shell Brasil\/Divulga\u00e7\u00e3o\"},{\"@type\":\"BreadcrumbList\",\"@id\":\"https:\/\/agenciainfra.com\/blog\/shell-esta-de-olho-em-novo-leilao-de-areas-nao-contratadas-e-em-ciclo-de-partilha-diz-ceo\/#breadcrumb\",\"itemListElement\":[{\"@type\":\"ListItem\",\"position\":1,\"name\":\"In\u00edcio\",\"item\":\"https:\/\/agenciainfra.com\/blog\/\"},{\"@type\":\"ListItem\",\"position\":2,\"name\":\"Shell est\u00e1 de olho em novo leil\u00e3o de \u00e1reas n\u00e3o contratadas e em ciclo de partilha, diz CEO\"}]},{\"@type\":\"WebSite\",\"@id\":\"https:\/\/agenciainfra.com\/blog\/#website\",\"url\":\"https:\/\/agenciainfra.com\/blog\/\",\"name\":\"Ag\u00eancia iNFRA\",\"description\":\"Multiplataforma de informa\u00e7\u00e3o jornal\u00edstica refer\u00eancia na \u00e1rea de infraestrutura no Brasil!\",\"publisher\":{\"@id\":\"https:\/\/agenciainfra.com\/blog\/#organization\"},\"potentialAction\":[{\"@type\":\"SearchAction\",\"target\":{\"@type\":\"EntryPoint\",\"urlTemplate\":\"https:\/\/agenciainfra.com\/blog\/?s={search_term_string}\"},\"query-input\":{\"@type\":\"PropertyValueSpecification\",\"valueRequired\":true,\"valueName\":\"search_term_string\"}}],\"inLanguage\":\"pt-BR\"},{\"@type\":\"Organization\",\"@id\":\"https:\/\/agenciainfra.com\/blog\/#organization\",\"name\":\"Ag\u00eancia iNFRA\",\"url\":\"https:\/\/agenciainfra.com\/blog\/\",\"logo\":{\"@type\":\"ImageObject\",\"inLanguage\":\"pt-BR\",\"@id\":\"https:\/\/agenciainfra.com\/blog\/#\/schema\/logo\/image\/\",\"url\":\"https:\/\/agenciainfra.com\/blog\/wp-content\/uploads\/2023\/09\/iNFRA_5-e1761735885940.png\",\"contentUrl\":\"https:\/\/agenciainfra.com\/blog\/wp-content\/uploads\/2023\/09\/iNFRA_5-e1761735885940.png\",\"width\":1672,\"height\":454,\"caption\":\"Ag\u00eancia iNFRA\"},\"image\":{\"@id\":\"https:\/\/agenciainfra.com\/blog\/#\/schema\/logo\/image\/\"},\"sameAs\":[\"https:\/\/www.facebook.com\/ageninfra\",\"https:\/\/x.com\/agencia_infra\",\"https:\/\/www.linkedin.com\/company\/ag\u00eanciainfra\/\",\"https:\/\/www.instagram.com\/agenciainfra\/\"]},{\"@type\":\"Person\",\"@id\":\"https:\/\/agenciainfra.com\/blog\/#\/schema\/person\/34af08dff6adea4cb22b06612ba7acfa\",\"name\":\"Ag\u00eancia iNFRA\",\"image\":{\"@type\":\"ImageObject\",\"inLanguage\":\"pt-BR\",\"@id\":\"https:\/\/agenciainfra.com\/blog\/#\/schema\/person\/image\/\",\"url\":\"https:\/\/secure.gravatar.com\/avatar\/d189e01678f06d8eb84d4e01f08eb848b3fffe3f8443818d3c356c66892f5be8?s=96&d=mm&r=g\",\"contentUrl\":\"https:\/\/secure.gravatar.com\/avatar\/d189e01678f06d8eb84d4e01f08eb848b3fffe3f8443818d3c356c66892f5be8?s=96&d=mm&r=g\",\"caption\":\"Ag\u00eancia iNFRA\"},\"url\":\"https:\/\/agenciainfra.com\/blog\/author\/admin\/\"}]}<\/script>\n<!-- \/ Yoast SEO Premium plugin. -->","yoast_head_json":{"title":"Shell est\u00e1 de olho em novo leil\u00e3o de \u00e1reas n\u00e3o contratadas e em ciclo de partilha, diz CEO - Ag\u00eancia iNFRA","robots":{"index":"index","follow":"follow","max-snippet":"max-snippet:-1","max-image-preview":"max-image-preview:large","max-video-preview":"max-video-preview:-1"},"canonical":"https:\/\/agenciainfra.com\/blog\/shell-esta-de-olho-em-novo-leilao-de-areas-nao-contratadas-e-em-ciclo-de-partilha-diz-ceo\/","og_locale":"pt_BR","og_type":"article","og_title":"Shell est\u00e1 de olho em novo leil\u00e3o de \u00e1reas n\u00e3o contratadas e em ciclo de partilha, diz CEO","og_description":"Geraldo Campos Jr. e Gabriel Vasconcelos, da Ag\u00eancia iNFRA Ap\u00f3s arrematar somente quatro blocos sob regime de concess\u00e3o no \u00faltimo leil\u00e3o de \u00e1reas da ANP (Ag\u00eancia Nacional do Petr\u00f3leo, G\u00e1s Natural e Biocombust\u00edveis), a Shell j\u00e1 est\u00e1 de olho nos pr\u00f3ximos dois certames: o do 3\u00b0 Ciclo da Oferta Permanente de Partilha, que envolve \u00e1reas [&hellip;]","og_url":"https:\/\/agenciainfra.com\/blog\/shell-esta-de-olho-em-novo-leilao-de-areas-nao-contratadas-e-em-ciclo-de-partilha-diz-ceo\/","og_site_name":"Ag\u00eancia iNFRA","article_publisher":"https:\/\/www.facebook.com\/ageninfra","article_published_time":"2025-06-26T13:00:00+00:00","article_modified_time":"2025-06-27T15:20:35+00:00","og_image":[{"width":1280,"height":777,"url":"https:\/\/agenciainfra.com\/blog\/wp-content\/uploads\/2025\/06\/Cristiano-costa-foto-Shell-brasil-e1750935769652.jpg","type":"image\/jpeg"}],"author":"Ag\u00eancia iNFRA","twitter_card":"summary_large_image","twitter_creator":"@agencia_infra","twitter_site":"@agencia_infra","twitter_misc":{"Escrito por":"Ag\u00eancia iNFRA","Est. tempo de leitura":"5 minutos"},"schema":{"@context":"https:\/\/schema.org","@graph":[{"@type":"Article","@id":"https:\/\/agenciainfra.com\/blog\/shell-esta-de-olho-em-novo-leilao-de-areas-nao-contratadas-e-em-ciclo-de-partilha-diz-ceo\/#article","isPartOf":{"@id":"https:\/\/agenciainfra.com\/blog\/shell-esta-de-olho-em-novo-leilao-de-areas-nao-contratadas-e-em-ciclo-de-partilha-diz-ceo\/"},"author":{"name":"Ag\u00eancia iNFRA","@id":"https:\/\/agenciainfra.com\/blog\/#\/schema\/person\/34af08dff6adea4cb22b06612ba7acfa"},"headline":"Shell est\u00e1 de olho em novo leil\u00e3o de \u00e1reas n\u00e3o contratadas e em ciclo de partilha, diz CEO","datePublished":"2025-06-26T13:00:00+00:00","dateModified":"2025-06-27T15:20:35+00:00","mainEntityOfPage":{"@id":"https:\/\/agenciainfra.com\/blog\/shell-esta-de-olho-em-novo-leilao-de-areas-nao-contratadas-e-em-ciclo-de-partilha-diz-ceo\/"},"wordCount":948,"publisher":{"@id":"https:\/\/agenciainfra.com\/blog\/#organization"},"image":{"@id":"https:\/\/agenciainfra.com\/blog\/shell-esta-de-olho-em-novo-leilao-de-areas-nao-contratadas-e-em-ciclo-de-partilha-diz-ceo\/#primaryimage"},"thumbnailUrl":"https:\/\/agenciainfra.com\/blog\/wp-content\/uploads\/2025\/06\/Cristiano-costa-foto-Shell-brasil-e1750935769652.jpg","keywords":["CEO da Shell","cristiano costa","Gabriel Vasconcelos","Geraldo Campos Jr.","leil\u00e3o de \u00e1reas da anp","leil\u00e3o de partilha","oferta permanente","petr\u00f3leo","shell brasil"],"articleSection":["Destaque lista","Geral","\u00d3leo &amp; G\u00e1s"],"inLanguage":"pt-BR","copyrightYear":"2025","copyrightHolder":{"@id":"https:\/\/agenciainfra.com\/blog\/#organization"}},{"@type":"WebPage","@id":"https:\/\/agenciainfra.com\/blog\/shell-esta-de-olho-em-novo-leilao-de-areas-nao-contratadas-e-em-ciclo-de-partilha-diz-ceo\/","url":"https:\/\/agenciainfra.com\/blog\/shell-esta-de-olho-em-novo-leilao-de-areas-nao-contratadas-e-em-ciclo-de-partilha-diz-ceo\/","name":"Shell est\u00e1 de olho em novo leil\u00e3o de \u00e1reas n\u00e3o contratadas e em ciclo de partilha, diz CEO - Ag\u00eancia iNFRA","isPartOf":{"@id":"https:\/\/agenciainfra.com\/blog\/#website"},"primaryImageOfPage":{"@id":"https:\/\/agenciainfra.com\/blog\/shell-esta-de-olho-em-novo-leilao-de-areas-nao-contratadas-e-em-ciclo-de-partilha-diz-ceo\/#primaryimage"},"image":{"@id":"https:\/\/agenciainfra.com\/blog\/shell-esta-de-olho-em-novo-leilao-de-areas-nao-contratadas-e-em-ciclo-de-partilha-diz-ceo\/#primaryimage"},"thumbnailUrl":"https:\/\/agenciainfra.com\/blog\/wp-content\/uploads\/2025\/06\/Cristiano-costa-foto-Shell-brasil-e1750935769652.jpg","datePublished":"2025-06-26T13:00:00+00:00","dateModified":"2025-06-27T15:20:35+00:00","breadcrumb":{"@id":"https:\/\/agenciainfra.com\/blog\/shell-esta-de-olho-em-novo-leilao-de-areas-nao-contratadas-e-em-ciclo-de-partilha-diz-ceo\/#breadcrumb"},"inLanguage":"pt-BR","potentialAction":[{"@type":"ReadAction","target":["https:\/\/agenciainfra.com\/blog\/shell-esta-de-olho-em-novo-leilao-de-areas-nao-contratadas-e-em-ciclo-de-partilha-diz-ceo\/"]}]},{"@type":"ImageObject","inLanguage":"pt-BR","@id":"https:\/\/agenciainfra.com\/blog\/shell-esta-de-olho-em-novo-leilao-de-areas-nao-contratadas-e-em-ciclo-de-partilha-diz-ceo\/#primaryimage","url":"https:\/\/agenciainfra.com\/blog\/wp-content\/uploads\/2025\/06\/Cristiano-costa-foto-Shell-brasil-e1750935769652.jpg","contentUrl":"https:\/\/agenciainfra.com\/blog\/wp-content\/uploads\/2025\/06\/Cristiano-costa-foto-Shell-brasil-e1750935769652.jpg","width":1280,"height":777,"caption":"Foto: Shell Brasil\/Divulga\u00e7\u00e3o"},{"@type":"BreadcrumbList","@id":"https:\/\/agenciainfra.com\/blog\/shell-esta-de-olho-em-novo-leilao-de-areas-nao-contratadas-e-em-ciclo-de-partilha-diz-ceo\/#breadcrumb","itemListElement":[{"@type":"ListItem","position":1,"name":"In\u00edcio","item":"https:\/\/agenciainfra.com\/blog\/"},{"@type":"ListItem","position":2,"name":"Shell est\u00e1 de olho em novo leil\u00e3o de \u00e1reas n\u00e3o contratadas e em ciclo de partilha, diz CEO"}]},{"@type":"WebSite","@id":"https:\/\/agenciainfra.com\/blog\/#website","url":"https:\/\/agenciainfra.com\/blog\/","name":"Ag\u00eancia iNFRA","description":"Multiplataforma de informa\u00e7\u00e3o jornal\u00edstica refer\u00eancia na \u00e1rea de infraestrutura no Brasil!","publisher":{"@id":"https:\/\/agenciainfra.com\/blog\/#organization"},"potentialAction":[{"@type":"SearchAction","target":{"@type":"EntryPoint","urlTemplate":"https:\/\/agenciainfra.com\/blog\/?s={search_term_string}"},"query-input":{"@type":"PropertyValueSpecification","valueRequired":true,"valueName":"search_term_string"}}],"inLanguage":"pt-BR"},{"@type":"Organization","@id":"https:\/\/agenciainfra.com\/blog\/#organization","name":"Ag\u00eancia iNFRA","url":"https:\/\/agenciainfra.com\/blog\/","logo":{"@type":"ImageObject","inLanguage":"pt-BR","@id":"https:\/\/agenciainfra.com\/blog\/#\/schema\/logo\/image\/","url":"https:\/\/agenciainfra.com\/blog\/wp-content\/uploads\/2023\/09\/iNFRA_5-e1761735885940.png","contentUrl":"https:\/\/agenciainfra.com\/blog\/wp-content\/uploads\/2023\/09\/iNFRA_5-e1761735885940.png","width":1672,"height":454,"caption":"Ag\u00eancia iNFRA"},"image":{"@id":"https:\/\/agenciainfra.com\/blog\/#\/schema\/logo\/image\/"},"sameAs":["https:\/\/www.facebook.com\/ageninfra","https:\/\/x.com\/agencia_infra","https:\/\/www.linkedin.com\/company\/ag\u00eanciainfra\/","https:\/\/www.instagram.com\/agenciainfra\/"]},{"@type":"Person","@id":"https:\/\/agenciainfra.com\/blog\/#\/schema\/person\/34af08dff6adea4cb22b06612ba7acfa","name":"Ag\u00eancia iNFRA","image":{"@type":"ImageObject","inLanguage":"pt-BR","@id":"https:\/\/agenciainfra.com\/blog\/#\/schema\/person\/image\/","url":"https:\/\/secure.gravatar.com\/avatar\/d189e01678f06d8eb84d4e01f08eb848b3fffe3f8443818d3c356c66892f5be8?s=96&d=mm&r=g","contentUrl":"https:\/\/secure.gravatar.com\/avatar\/d189e01678f06d8eb84d4e01f08eb848b3fffe3f8443818d3c356c66892f5be8?s=96&d=mm&r=g","caption":"Ag\u00eancia iNFRA"},"url":"https:\/\/agenciainfra.com\/blog\/author\/admin\/"}]}},"_links":{"self":[{"href":"https:\/\/agenciainfra.com\/blog\/wp-json\/wp\/v2\/posts\/23617","targetHints":{"allow":["GET"]}}],"collection":[{"href":"https:\/\/agenciainfra.com\/blog\/wp-json\/wp\/v2\/posts"}],"about":[{"href":"https:\/\/agenciainfra.com\/blog\/wp-json\/wp\/v2\/types\/post"}],"author":[{"embeddable":true,"href":"https:\/\/agenciainfra.com\/blog\/wp-json\/wp\/v2\/users\/1"}],"replies":[{"embeddable":true,"href":"https:\/\/agenciainfra.com\/blog\/wp-json\/wp\/v2\/comments?post=23617"}],"version-history":[{"count":4,"href":"https:\/\/agenciainfra.com\/blog\/wp-json\/wp\/v2\/posts\/23617\/revisions"}],"predecessor-version":[{"id":23648,"href":"https:\/\/agenciainfra.com\/blog\/wp-json\/wp\/v2\/posts\/23617\/revisions\/23648"}],"wp:featuredmedia":[{"embeddable":true,"href":"https:\/\/agenciainfra.com\/blog\/wp-json\/wp\/v2\/media\/23618"}],"wp:attachment":[{"href":"https:\/\/agenciainfra.com\/blog\/wp-json\/wp\/v2\/media?parent=23617"}],"wp:term":[{"taxonomy":"category","embeddable":true,"href":"https:\/\/agenciainfra.com\/blog\/wp-json\/wp\/v2\/categories?post=23617"},{"taxonomy":"post_tag","embeddable":true,"href":"https:\/\/agenciainfra.com\/blog\/wp-json\/wp\/v2\/tags?post=23617"}],"curies":[{"name":"wp","href":"https:\/\/api.w.org\/{rel}","templated":true}]}}