{"id":23668,"date":"2025-06-26T16:13:08","date_gmt":"2025-06-26T19:13:08","guid":{"rendered":"https:\/\/agenciainfra.com\/blog\/?p=23668"},"modified":"2025-06-29T13:56:26","modified_gmt":"2025-06-29T16:56:26","slug":"fazenda-recomenda-a-aneel-que-geracao-distribuida-solar-seja-incluida-nos-cortes-de-geracao-obrigatorios","status":"publish","type":"post","link":"https:\/\/agenciainfra.com\/blog\/fazenda-recomenda-a-aneel-que-geracao-distribuida-solar-seja-incluida-nos-cortes-de-geracao-obrigatorios\/","title":{"rendered":"Fazenda recomenda \u00e0 ANEEL que gera\u00e7\u00e3o distribu\u00edda solar seja inclu\u00edda nos cortes de gera\u00e7\u00e3o obrigat\u00f3rios"},"content":{"rendered":"\n<p class=\"has-text-align-right\"><strong>Marisa Wanzeller, Lais Carregosa e Geraldo Campos Jr., da Ag\u00eancia iNFRA<\/strong><\/p>\n\n\n\n<p>O secret\u00e1rio de Reformas Econ\u00f4micas do Minist\u00e9rio da Fazenda, Marcos Pinto, enviou&nbsp;<a href=\"https:\/\/agenciainfra.us14.list-manage.com\/track\/click?u=d460dd1bcf9ba0ae040e1fc0f&amp;id=8851410437&amp;e=1192c754bc\" target=\"_blank\" rel=\"noreferrer noopener\">of\u00edcio<\/a>&nbsp;\u00e0 ANEEL (Ag\u00eancia Nacional de Energia El\u00e9trica) em que defende a MMGD (Micro e Minigera\u00e7\u00e3o Distribu\u00edda solar) contribuindo&nbsp;para os cortes de gera\u00e7\u00e3o obrigat\u00f3rios, chamados de curtailment. O of\u00edcio foi assinado digitalmente na quinta-feira (26), mas tem data do dia 18 de junho.<\/p>\n\n\n\n<p>Para o secret\u00e1rio, a exclus\u00e3o das fontes descentralizadas dos cortes poderia ser caracterizada como um \u201ctratamento diferenciado e desproporcional de aloca\u00e7\u00e3o de custos operacionais entre agentes\u201d, o que \u201ccompromete a efici\u00eancia econ\u00f4mica do setor\u201d. Atualmente, apenas solar centralizada e e\u00f3lica t\u00eam sido atingidas pelo curtailment.<\/p>\n\n\n\n<p>\u201cDe onde conclu\u00edmos que os geradores descentralizados (MMGD) deveriam tamb\u00e9m participar dos mecanismos de redu\u00e7\u00f5es, limita\u00e7\u00f5es e rateio previstos na terceira fase da Consulta P\u00fablica ANEEL n\u00ba 45\/2019, de modo a se assegurar a equidade regulat\u00f3ria e do mercado\u201d, diz o secret\u00e1rio.<\/p>\n\n\n\n<p>Marcos Pinto defende \u201cajustes cont\u00e1beis das opera\u00e7\u00f5es\u201d para apura\u00e7\u00e3o do SCEE (Sistema de Compensa\u00e7\u00e3o de Energia El\u00e9trica) da MMGD, considerando os cortes de gera\u00e7\u00e3o por raz\u00f5es energ\u00e9ticas \u2013ou seja, por falta de carga.<\/p>\n\n\n\n<p>Diante da inviabilidade de corte f\u00edsico centralizado pelo ONS (Operador Nacional do Sistema El\u00e9trico), no caso da gera\u00e7\u00e3o distribu\u00edda, a principal alternativa seria que ela&nbsp;entrasse no modelo de rateio p\u00f3s-opera\u00e7\u00e3o, com o compartilhamento com todas as demais fontes renov\u00e1veis. Assim, seria feito um rateio cont\u00e1bil com utiliza\u00e7\u00e3o de um fator de corte proporcional sobre os cr\u00e9ditos existentes gerados pela MMGD.<\/p>\n\n\n\n<p>O of\u00edcio foi enviado pela Fazenda \u00e0 diretora Agnes Costa, relatora da CP (Consulta P\u00fablica) 45\/2019, que trata de crit\u00e9rios operativos para o curtailment, e ao superintendente de Regula\u00e7\u00e3o dos Servi\u00e7os de Gera\u00e7\u00e3o e do Mercado de Energia El\u00e9trica da ANEEL, Alessandro Cantarino.<\/p>\n\n\n\n<p><strong>Ideia tem apoio no setor<\/strong><br>A possibilidade de incluir a GD no curtailment n\u00e3o \u00e9 nova. Na consulta p\u00fablica, a maioria das contribui\u00e7\u00f5es enviadas por empresas e associa\u00e7\u00f5es setoriais defende a inclus\u00e3o,&nbsp;na proposta da ANEEL, da gera\u00e7\u00e3o distribu\u00edda na fila de cortes.<\/p>\n\n\n\n<p>No \u00faltimo dia 14, o ONS publicou um estudo em que aponta que, at\u00e9 2029, os cortes de gera\u00e7\u00e3o podem alcan\u00e7ar 40 GW (gigawatts) em determinados momentos do dia, com restri\u00e7\u00e3o em 84% do tempo no intervalo entre 9h e 15h59min \u2013per\u00edodo mais cr\u00edtico da opera\u00e7\u00e3o, devido \u00e0 maior gera\u00e7\u00e3o fotovoltaica. Esses 40 GW equivalem ao volume de energia de tr\u00eas usinas de Itaipu.<\/p>\n\n\n\n<p>Nesse cen\u00e1rio, segundo o ONS, a MMGD poderia contribuir com at\u00e9 58% dos cortes, caso entre no rateio. O Operador defende aprimoramentos regulat\u00f3rios e tecnol\u00f3gicos para operar a gera\u00e7\u00e3o distribu\u00edda solar.<\/p>\n\n\n\n<p>\u00c0<strong>&nbsp;Ag\u00eancia iNFRA<\/strong>, a Abrace (Associa\u00e7\u00e3o dos Grandes Consumidores Industriais de Energia e de Consumidores Livres) disse que as contribui\u00e7\u00f5es da Fazenda no debate da energia \u201cs\u00e3o sempre s\u00f3lidas e conceituais\u201d. A associa\u00e7\u00e3o continuou: \u201c\u00c9 um absurdo quem provoca um trauma no mercado de energia n\u00e3o participar nem do rateio do problema.\u201d<\/p>\n\n\n\n<p><strong>Consulta p\u00fablica<\/strong><br>No in\u00edcio do m\u00eas,&nbsp;Cantarino afirmou que o relat\u00f3rio t\u00e9cnico sobre as contribui\u00e7\u00f5es feitas na terceira fase na CP 45 deve ser conclu\u00eddo at\u00e9 o m\u00eas de julho. Depois, as an\u00e1lises seguem para avalia\u00e7\u00e3o da diretora relatora.<\/p>\n\n\n\n<p>\u201cA gente ainda n\u00e3o identificou ainda na CP como vamos reduzir o volume de cortes. O desafio dela \u00e9 procurar uma aloca\u00e7\u00e3o mais equilibrada, um ordenamento dos cortes. Mas o instituto dela n\u00e3o \u00e9 discutir compensa\u00e7\u00e3o, \u00e9 discutir ordenamento\u201d, disse o superintendente,&nbsp;durante um evento, em 5 de junho.<\/p>\n\n\n\n<p><em><sup>Reportagem atualizada para inclus\u00e3o de informa\u00e7\u00f5es.<\/sup><\/em><\/p>\n","protected":false},"excerpt":{"rendered":"<p>Marisa Wanzeller, Lais Carregosa e Geraldo Campos Jr., da Ag\u00eancia iNFRA O secret\u00e1rio de Reformas Econ\u00f4micas do Minist\u00e9rio da Fazenda, Marcos Pinto, enviou&nbsp;of\u00edcio&nbsp;\u00e0 ANEEL (Ag\u00eancia Nacional de Energia El\u00e9trica) em que defende a MMGD (Micro e Minigera\u00e7\u00e3o Distribu\u00edda solar) contribuindo&nbsp;para os cortes de gera\u00e7\u00e3o obrigat\u00f3rios, chamados de curtailment. O of\u00edcio foi assinado digitalmente na quinta-feira [&hellip;]<\/p>\n","protected":false},"author":1,"featured_media":10065,"comment_status":"closed","ping_status":"closed","sticky":false,"template":"","format":"standard","meta":{"_monsterinsights_skip_tracking":false,"_monsterinsights_sitenote_active":false,"_monsterinsights_sitenote_note":"","_monsterinsights_sitenote_category":0,"footnotes":""},"categories":[7250,1,10],"tags":[53,12154,11474,11594,13132,7366,10466,6585,8724],"class_list":["post-23668","post","type-post","status-publish","format-standard","has-post-thumbnail","hentry","category-destaque-lista","category-geral","category-infraenergia","tag-aneel","tag-cortes-de-geracao","tag-curtailment","tag-geraldo-campos-jr","tag-lais-carregosa","tag-marisa-wanzeller","tag-micro-e-minigeracao-distribuida","tag-ministerio-da-fazenda","tag-mmgd"],"yoast_head":"<!-- This site is optimized with the Yoast SEO Premium plugin v25.4 (Yoast SEO v26.0) - https:\/\/yoast.com\/wordpress\/plugins\/seo\/ -->\n<title>Fazenda recomenda \u00e0 ANEEL que gera\u00e7\u00e3o distribu\u00edda solar seja inclu\u00edda nos cortes de gera\u00e7\u00e3o obrigat\u00f3rios - Ag\u00eancia iNFRA<\/title>\n<meta name=\"robots\" content=\"index, follow, max-snippet:-1, max-image-preview:large, max-video-preview:-1\" \/>\n<link rel=\"canonical\" href=\"https:\/\/agenciainfra.com\/blog\/fazenda-recomenda-a-aneel-que-geracao-distribuida-solar-seja-incluida-nos-cortes-de-geracao-obrigatorios\/\" \/>\n<meta property=\"og:locale\" content=\"pt_BR\" \/>\n<meta property=\"og:type\" content=\"article\" \/>\n<meta property=\"og:title\" content=\"Fazenda recomenda \u00e0 ANEEL que gera\u00e7\u00e3o distribu\u00edda solar seja inclu\u00edda nos cortes de gera\u00e7\u00e3o obrigat\u00f3rios\" \/>\n<meta property=\"og:description\" content=\"Marisa Wanzeller, Lais Carregosa e Geraldo Campos Jr., da Ag\u00eancia iNFRA O secret\u00e1rio de Reformas Econ\u00f4micas do Minist\u00e9rio da Fazenda, Marcos Pinto, enviou&nbsp;of\u00edcio&nbsp;\u00e0 ANEEL (Ag\u00eancia Nacional de Energia El\u00e9trica) em que defende a MMGD (Micro e Minigera\u00e7\u00e3o Distribu\u00edda solar) contribuindo&nbsp;para os cortes de gera\u00e7\u00e3o obrigat\u00f3rios, chamados de curtailment. O of\u00edcio foi assinado digitalmente na quinta-feira [&hellip;]\" \/>\n<meta property=\"og:url\" content=\"https:\/\/agenciainfra.com\/blog\/fazenda-recomenda-a-aneel-que-geracao-distribuida-solar-seja-incluida-nos-cortes-de-geracao-obrigatorios\/\" \/>\n<meta property=\"og:site_name\" content=\"Ag\u00eancia iNFRA\" \/>\n<meta property=\"article:publisher\" content=\"https:\/\/www.facebook.com\/ageninfra\" \/>\n<meta property=\"article:published_time\" content=\"2025-06-26T19:13:08+00:00\" \/>\n<meta property=\"article:modified_time\" content=\"2025-06-29T16:56:26+00:00\" \/>\n<meta property=\"og:image\" content=\"https:\/\/agenciainfra.com\/blog\/wp-content\/uploads\/2022\/04\/divulgacao-aneel-scaled.jpeg\" \/>\n\t<meta property=\"og:image:width\" content=\"2560\" \/>\n\t<meta property=\"og:image:height\" content=\"1707\" \/>\n\t<meta property=\"og:image:type\" content=\"image\/jpeg\" \/>\n<meta name=\"author\" content=\"Ag\u00eancia iNFRA\" \/>\n<meta name=\"twitter:card\" content=\"summary_large_image\" \/>\n<meta name=\"twitter:creator\" content=\"@agencia_infra\" \/>\n<meta name=\"twitter:site\" content=\"@agencia_infra\" \/>\n<meta name=\"twitter:label1\" content=\"Escrito por\" \/>\n\t<meta name=\"twitter:data1\" content=\"Ag\u00eancia iNFRA\" \/>\n\t<meta name=\"twitter:label2\" content=\"Est. tempo de leitura\" \/>\n\t<meta name=\"twitter:data2\" content=\"3 minutos\" \/>\n<script type=\"application\/ld+json\" class=\"yoast-schema-graph\">{\"@context\":\"https:\/\/schema.org\",\"@graph\":[{\"@type\":\"Article\",\"@id\":\"https:\/\/agenciainfra.com\/blog\/fazenda-recomenda-a-aneel-que-geracao-distribuida-solar-seja-incluida-nos-cortes-de-geracao-obrigatorios\/#article\",\"isPartOf\":{\"@id\":\"https:\/\/agenciainfra.com\/blog\/fazenda-recomenda-a-aneel-que-geracao-distribuida-solar-seja-incluida-nos-cortes-de-geracao-obrigatorios\/\"},\"author\":{\"name\":\"Ag\u00eancia iNFRA\",\"@id\":\"https:\/\/agenciainfra.com\/blog\/#\/schema\/person\/34af08dff6adea4cb22b06612ba7acfa\"},\"headline\":\"Fazenda recomenda \u00e0 ANEEL que gera\u00e7\u00e3o distribu\u00edda solar seja inclu\u00edda nos cortes de gera\u00e7\u00e3o obrigat\u00f3rios\",\"datePublished\":\"2025-06-26T19:13:08+00:00\",\"dateModified\":\"2025-06-29T16:56:26+00:00\",\"mainEntityOfPage\":{\"@id\":\"https:\/\/agenciainfra.com\/blog\/fazenda-recomenda-a-aneel-que-geracao-distribuida-solar-seja-incluida-nos-cortes-de-geracao-obrigatorios\/\"},\"wordCount\":676,\"publisher\":{\"@id\":\"https:\/\/agenciainfra.com\/blog\/#organization\"},\"image\":{\"@id\":\"https:\/\/agenciainfra.com\/blog\/fazenda-recomenda-a-aneel-que-geracao-distribuida-solar-seja-incluida-nos-cortes-de-geracao-obrigatorios\/#primaryimage\"},\"thumbnailUrl\":\"https:\/\/agenciainfra.com\/blog\/wp-content\/uploads\/2022\/04\/divulgacao-aneel-scaled-e1770122374333.jpeg\",\"keywords\":[\"ANEEL\",\"cortes de gera\u00e7\u00e3o\",\"curtailment\",\"Geraldo Campos Jr.\",\"Lais Carregosa\",\"Marisa Wanzeller\",\"micro e minigera\u00e7\u00e3o distribu\u00edda\",\"Minist\u00e9rio da Fazenda\",\"MMGD\"],\"articleSection\":[\"Destaque lista\",\"Geral\",\"iNFRAEnergia\"],\"inLanguage\":\"pt-BR\",\"copyrightYear\":\"2025\",\"copyrightHolder\":{\"@id\":\"https:\/\/agenciainfra.com\/blog\/#organization\"}},{\"@type\":\"WebPage\",\"@id\":\"https:\/\/agenciainfra.com\/blog\/fazenda-recomenda-a-aneel-que-geracao-distribuida-solar-seja-incluida-nos-cortes-de-geracao-obrigatorios\/\",\"url\":\"https:\/\/agenciainfra.com\/blog\/fazenda-recomenda-a-aneel-que-geracao-distribuida-solar-seja-incluida-nos-cortes-de-geracao-obrigatorios\/\",\"name\":\"Fazenda recomenda \u00e0 ANEEL que gera\u00e7\u00e3o distribu\u00edda solar seja inclu\u00edda nos cortes de gera\u00e7\u00e3o obrigat\u00f3rios - Ag\u00eancia iNFRA\",\"isPartOf\":{\"@id\":\"https:\/\/agenciainfra.com\/blog\/#website\"},\"primaryImageOfPage\":{\"@id\":\"https:\/\/agenciainfra.com\/blog\/fazenda-recomenda-a-aneel-que-geracao-distribuida-solar-seja-incluida-nos-cortes-de-geracao-obrigatorios\/#primaryimage\"},\"image\":{\"@id\":\"https:\/\/agenciainfra.com\/blog\/fazenda-recomenda-a-aneel-que-geracao-distribuida-solar-seja-incluida-nos-cortes-de-geracao-obrigatorios\/#primaryimage\"},\"thumbnailUrl\":\"https:\/\/agenciainfra.com\/blog\/wp-content\/uploads\/2022\/04\/divulgacao-aneel-scaled-e1770122374333.jpeg\",\"datePublished\":\"2025-06-26T19:13:08+00:00\",\"dateModified\":\"2025-06-29T16:56:26+00:00\",\"breadcrumb\":{\"@id\":\"https:\/\/agenciainfra.com\/blog\/fazenda-recomenda-a-aneel-que-geracao-distribuida-solar-seja-incluida-nos-cortes-de-geracao-obrigatorios\/#breadcrumb\"},\"inLanguage\":\"pt-BR\",\"potentialAction\":[{\"@type\":\"ReadAction\",\"target\":[\"https:\/\/agenciainfra.com\/blog\/fazenda-recomenda-a-aneel-que-geracao-distribuida-solar-seja-incluida-nos-cortes-de-geracao-obrigatorios\/\"]}]},{\"@type\":\"ImageObject\",\"inLanguage\":\"pt-BR\",\"@id\":\"https:\/\/agenciainfra.com\/blog\/fazenda-recomenda-a-aneel-que-geracao-distribuida-solar-seja-incluida-nos-cortes-de-geracao-obrigatorios\/#primaryimage\",\"url\":\"https:\/\/agenciainfra.com\/blog\/wp-content\/uploads\/2022\/04\/divulgacao-aneel-scaled-e1770122374333.jpeg\",\"contentUrl\":\"https:\/\/agenciainfra.com\/blog\/wp-content\/uploads\/2022\/04\/divulgacao-aneel-scaled-e1770122374333.jpeg\",\"width\":1280,\"height\":750,\"caption\":\"Foto: ANEEL\"},{\"@type\":\"BreadcrumbList\",\"@id\":\"https:\/\/agenciainfra.com\/blog\/fazenda-recomenda-a-aneel-que-geracao-distribuida-solar-seja-incluida-nos-cortes-de-geracao-obrigatorios\/#breadcrumb\",\"itemListElement\":[{\"@type\":\"ListItem\",\"position\":1,\"name\":\"In\u00edcio\",\"item\":\"https:\/\/agenciainfra.com\/blog\/\"},{\"@type\":\"ListItem\",\"position\":2,\"name\":\"Fazenda recomenda \u00e0 ANEEL que gera\u00e7\u00e3o distribu\u00edda solar seja inclu\u00edda nos cortes de gera\u00e7\u00e3o obrigat\u00f3rios\"}]},{\"@type\":\"WebSite\",\"@id\":\"https:\/\/agenciainfra.com\/blog\/#website\",\"url\":\"https:\/\/agenciainfra.com\/blog\/\",\"name\":\"Ag\u00eancia iNFRA\",\"description\":\"Multiplataforma de informa\u00e7\u00e3o jornal\u00edstica refer\u00eancia na \u00e1rea de infraestrutura no Brasil!\",\"publisher\":{\"@id\":\"https:\/\/agenciainfra.com\/blog\/#organization\"},\"potentialAction\":[{\"@type\":\"SearchAction\",\"target\":{\"@type\":\"EntryPoint\",\"urlTemplate\":\"https:\/\/agenciainfra.com\/blog\/?s={search_term_string}\"},\"query-input\":{\"@type\":\"PropertyValueSpecification\",\"valueRequired\":true,\"valueName\":\"search_term_string\"}}],\"inLanguage\":\"pt-BR\"},{\"@type\":\"Organization\",\"@id\":\"https:\/\/agenciainfra.com\/blog\/#organization\",\"name\":\"Ag\u00eancia iNFRA\",\"url\":\"https:\/\/agenciainfra.com\/blog\/\",\"logo\":{\"@type\":\"ImageObject\",\"inLanguage\":\"pt-BR\",\"@id\":\"https:\/\/agenciainfra.com\/blog\/#\/schema\/logo\/image\/\",\"url\":\"https:\/\/agenciainfra.com\/blog\/wp-content\/uploads\/2023\/09\/iNFRA_5-e1761735885940.png\",\"contentUrl\":\"https:\/\/agenciainfra.com\/blog\/wp-content\/uploads\/2023\/09\/iNFRA_5-e1761735885940.png\",\"width\":1672,\"height\":454,\"caption\":\"Ag\u00eancia iNFRA\"},\"image\":{\"@id\":\"https:\/\/agenciainfra.com\/blog\/#\/schema\/logo\/image\/\"},\"sameAs\":[\"https:\/\/www.facebook.com\/ageninfra\",\"https:\/\/x.com\/agencia_infra\",\"https:\/\/www.linkedin.com\/company\/ag\u00eanciainfra\/\",\"https:\/\/www.instagram.com\/agenciainfra\/\"]},{\"@type\":\"Person\",\"@id\":\"https:\/\/agenciainfra.com\/blog\/#\/schema\/person\/34af08dff6adea4cb22b06612ba7acfa\",\"name\":\"Ag\u00eancia iNFRA\",\"image\":{\"@type\":\"ImageObject\",\"inLanguage\":\"pt-BR\",\"@id\":\"https:\/\/agenciainfra.com\/blog\/#\/schema\/person\/image\/\",\"url\":\"https:\/\/secure.gravatar.com\/avatar\/d189e01678f06d8eb84d4e01f08eb848b3fffe3f8443818d3c356c66892f5be8?s=96&d=mm&r=g\",\"contentUrl\":\"https:\/\/secure.gravatar.com\/avatar\/d189e01678f06d8eb84d4e01f08eb848b3fffe3f8443818d3c356c66892f5be8?s=96&d=mm&r=g\",\"caption\":\"Ag\u00eancia iNFRA\"},\"url\":\"https:\/\/agenciainfra.com\/blog\/author\/admin\/\"}]}<\/script>\n<!-- \/ Yoast SEO Premium plugin. -->","yoast_head_json":{"title":"Fazenda recomenda \u00e0 ANEEL que gera\u00e7\u00e3o distribu\u00edda solar seja inclu\u00edda nos cortes de gera\u00e7\u00e3o obrigat\u00f3rios - Ag\u00eancia iNFRA","robots":{"index":"index","follow":"follow","max-snippet":"max-snippet:-1","max-image-preview":"max-image-preview:large","max-video-preview":"max-video-preview:-1"},"canonical":"https:\/\/agenciainfra.com\/blog\/fazenda-recomenda-a-aneel-que-geracao-distribuida-solar-seja-incluida-nos-cortes-de-geracao-obrigatorios\/","og_locale":"pt_BR","og_type":"article","og_title":"Fazenda recomenda \u00e0 ANEEL que gera\u00e7\u00e3o distribu\u00edda solar seja inclu\u00edda nos cortes de gera\u00e7\u00e3o obrigat\u00f3rios","og_description":"Marisa Wanzeller, Lais Carregosa e Geraldo Campos Jr., da Ag\u00eancia iNFRA O secret\u00e1rio de Reformas Econ\u00f4micas do Minist\u00e9rio da Fazenda, Marcos Pinto, enviou&nbsp;of\u00edcio&nbsp;\u00e0 ANEEL (Ag\u00eancia Nacional de Energia El\u00e9trica) em que defende a MMGD (Micro e Minigera\u00e7\u00e3o Distribu\u00edda solar) contribuindo&nbsp;para os cortes de gera\u00e7\u00e3o obrigat\u00f3rios, chamados de curtailment. O of\u00edcio foi assinado digitalmente na quinta-feira [&hellip;]","og_url":"https:\/\/agenciainfra.com\/blog\/fazenda-recomenda-a-aneel-que-geracao-distribuida-solar-seja-incluida-nos-cortes-de-geracao-obrigatorios\/","og_site_name":"Ag\u00eancia iNFRA","article_publisher":"https:\/\/www.facebook.com\/ageninfra","article_published_time":"2025-06-26T19:13:08+00:00","article_modified_time":"2025-06-29T16:56:26+00:00","og_image":[{"width":2560,"height":1707,"url":"https:\/\/agenciainfra.com\/blog\/wp-content\/uploads\/2022\/04\/divulgacao-aneel-scaled.jpeg","type":"image\/jpeg"}],"author":"Ag\u00eancia iNFRA","twitter_card":"summary_large_image","twitter_creator":"@agencia_infra","twitter_site":"@agencia_infra","twitter_misc":{"Escrito por":"Ag\u00eancia iNFRA","Est. tempo de leitura":"3 minutos"},"schema":{"@context":"https:\/\/schema.org","@graph":[{"@type":"Article","@id":"https:\/\/agenciainfra.com\/blog\/fazenda-recomenda-a-aneel-que-geracao-distribuida-solar-seja-incluida-nos-cortes-de-geracao-obrigatorios\/#article","isPartOf":{"@id":"https:\/\/agenciainfra.com\/blog\/fazenda-recomenda-a-aneel-que-geracao-distribuida-solar-seja-incluida-nos-cortes-de-geracao-obrigatorios\/"},"author":{"name":"Ag\u00eancia iNFRA","@id":"https:\/\/agenciainfra.com\/blog\/#\/schema\/person\/34af08dff6adea4cb22b06612ba7acfa"},"headline":"Fazenda recomenda \u00e0 ANEEL que gera\u00e7\u00e3o distribu\u00edda solar seja inclu\u00edda nos cortes de gera\u00e7\u00e3o obrigat\u00f3rios","datePublished":"2025-06-26T19:13:08+00:00","dateModified":"2025-06-29T16:56:26+00:00","mainEntityOfPage":{"@id":"https:\/\/agenciainfra.com\/blog\/fazenda-recomenda-a-aneel-que-geracao-distribuida-solar-seja-incluida-nos-cortes-de-geracao-obrigatorios\/"},"wordCount":676,"publisher":{"@id":"https:\/\/agenciainfra.com\/blog\/#organization"},"image":{"@id":"https:\/\/agenciainfra.com\/blog\/fazenda-recomenda-a-aneel-que-geracao-distribuida-solar-seja-incluida-nos-cortes-de-geracao-obrigatorios\/#primaryimage"},"thumbnailUrl":"https:\/\/agenciainfra.com\/blog\/wp-content\/uploads\/2022\/04\/divulgacao-aneel-scaled-e1770122374333.jpeg","keywords":["ANEEL","cortes de gera\u00e7\u00e3o","curtailment","Geraldo Campos Jr.","Lais Carregosa","Marisa Wanzeller","micro e minigera\u00e7\u00e3o distribu\u00edda","Minist\u00e9rio da Fazenda","MMGD"],"articleSection":["Destaque lista","Geral","iNFRAEnergia"],"inLanguage":"pt-BR","copyrightYear":"2025","copyrightHolder":{"@id":"https:\/\/agenciainfra.com\/blog\/#organization"}},{"@type":"WebPage","@id":"https:\/\/agenciainfra.com\/blog\/fazenda-recomenda-a-aneel-que-geracao-distribuida-solar-seja-incluida-nos-cortes-de-geracao-obrigatorios\/","url":"https:\/\/agenciainfra.com\/blog\/fazenda-recomenda-a-aneel-que-geracao-distribuida-solar-seja-incluida-nos-cortes-de-geracao-obrigatorios\/","name":"Fazenda recomenda \u00e0 ANEEL que gera\u00e7\u00e3o distribu\u00edda solar seja inclu\u00edda nos cortes de gera\u00e7\u00e3o obrigat\u00f3rios - Ag\u00eancia iNFRA","isPartOf":{"@id":"https:\/\/agenciainfra.com\/blog\/#website"},"primaryImageOfPage":{"@id":"https:\/\/agenciainfra.com\/blog\/fazenda-recomenda-a-aneel-que-geracao-distribuida-solar-seja-incluida-nos-cortes-de-geracao-obrigatorios\/#primaryimage"},"image":{"@id":"https:\/\/agenciainfra.com\/blog\/fazenda-recomenda-a-aneel-que-geracao-distribuida-solar-seja-incluida-nos-cortes-de-geracao-obrigatorios\/#primaryimage"},"thumbnailUrl":"https:\/\/agenciainfra.com\/blog\/wp-content\/uploads\/2022\/04\/divulgacao-aneel-scaled-e1770122374333.jpeg","datePublished":"2025-06-26T19:13:08+00:00","dateModified":"2025-06-29T16:56:26+00:00","breadcrumb":{"@id":"https:\/\/agenciainfra.com\/blog\/fazenda-recomenda-a-aneel-que-geracao-distribuida-solar-seja-incluida-nos-cortes-de-geracao-obrigatorios\/#breadcrumb"},"inLanguage":"pt-BR","potentialAction":[{"@type":"ReadAction","target":["https:\/\/agenciainfra.com\/blog\/fazenda-recomenda-a-aneel-que-geracao-distribuida-solar-seja-incluida-nos-cortes-de-geracao-obrigatorios\/"]}]},{"@type":"ImageObject","inLanguage":"pt-BR","@id":"https:\/\/agenciainfra.com\/blog\/fazenda-recomenda-a-aneel-que-geracao-distribuida-solar-seja-incluida-nos-cortes-de-geracao-obrigatorios\/#primaryimage","url":"https:\/\/agenciainfra.com\/blog\/wp-content\/uploads\/2022\/04\/divulgacao-aneel-scaled-e1770122374333.jpeg","contentUrl":"https:\/\/agenciainfra.com\/blog\/wp-content\/uploads\/2022\/04\/divulgacao-aneel-scaled-e1770122374333.jpeg","width":1280,"height":750,"caption":"Foto: ANEEL"},{"@type":"BreadcrumbList","@id":"https:\/\/agenciainfra.com\/blog\/fazenda-recomenda-a-aneel-que-geracao-distribuida-solar-seja-incluida-nos-cortes-de-geracao-obrigatorios\/#breadcrumb","itemListElement":[{"@type":"ListItem","position":1,"name":"In\u00edcio","item":"https:\/\/agenciainfra.com\/blog\/"},{"@type":"ListItem","position":2,"name":"Fazenda recomenda \u00e0 ANEEL que gera\u00e7\u00e3o distribu\u00edda solar seja inclu\u00edda nos cortes de gera\u00e7\u00e3o obrigat\u00f3rios"}]},{"@type":"WebSite","@id":"https:\/\/agenciainfra.com\/blog\/#website","url":"https:\/\/agenciainfra.com\/blog\/","name":"Ag\u00eancia iNFRA","description":"Multiplataforma de informa\u00e7\u00e3o jornal\u00edstica refer\u00eancia na \u00e1rea de infraestrutura no Brasil!","publisher":{"@id":"https:\/\/agenciainfra.com\/blog\/#organization"},"potentialAction":[{"@type":"SearchAction","target":{"@type":"EntryPoint","urlTemplate":"https:\/\/agenciainfra.com\/blog\/?s={search_term_string}"},"query-input":{"@type":"PropertyValueSpecification","valueRequired":true,"valueName":"search_term_string"}}],"inLanguage":"pt-BR"},{"@type":"Organization","@id":"https:\/\/agenciainfra.com\/blog\/#organization","name":"Ag\u00eancia iNFRA","url":"https:\/\/agenciainfra.com\/blog\/","logo":{"@type":"ImageObject","inLanguage":"pt-BR","@id":"https:\/\/agenciainfra.com\/blog\/#\/schema\/logo\/image\/","url":"https:\/\/agenciainfra.com\/blog\/wp-content\/uploads\/2023\/09\/iNFRA_5-e1761735885940.png","contentUrl":"https:\/\/agenciainfra.com\/blog\/wp-content\/uploads\/2023\/09\/iNFRA_5-e1761735885940.png","width":1672,"height":454,"caption":"Ag\u00eancia iNFRA"},"image":{"@id":"https:\/\/agenciainfra.com\/blog\/#\/schema\/logo\/image\/"},"sameAs":["https:\/\/www.facebook.com\/ageninfra","https:\/\/x.com\/agencia_infra","https:\/\/www.linkedin.com\/company\/ag\u00eanciainfra\/","https:\/\/www.instagram.com\/agenciainfra\/"]},{"@type":"Person","@id":"https:\/\/agenciainfra.com\/blog\/#\/schema\/person\/34af08dff6adea4cb22b06612ba7acfa","name":"Ag\u00eancia iNFRA","image":{"@type":"ImageObject","inLanguage":"pt-BR","@id":"https:\/\/agenciainfra.com\/blog\/#\/schema\/person\/image\/","url":"https:\/\/secure.gravatar.com\/avatar\/d189e01678f06d8eb84d4e01f08eb848b3fffe3f8443818d3c356c66892f5be8?s=96&d=mm&r=g","contentUrl":"https:\/\/secure.gravatar.com\/avatar\/d189e01678f06d8eb84d4e01f08eb848b3fffe3f8443818d3c356c66892f5be8?s=96&d=mm&r=g","caption":"Ag\u00eancia iNFRA"},"url":"https:\/\/agenciainfra.com\/blog\/author\/admin\/"}]}},"_links":{"self":[{"href":"https:\/\/agenciainfra.com\/blog\/wp-json\/wp\/v2\/posts\/23668","targetHints":{"allow":["GET"]}}],"collection":[{"href":"https:\/\/agenciainfra.com\/blog\/wp-json\/wp\/v2\/posts"}],"about":[{"href":"https:\/\/agenciainfra.com\/blog\/wp-json\/wp\/v2\/types\/post"}],"author":[{"embeddable":true,"href":"https:\/\/agenciainfra.com\/blog\/wp-json\/wp\/v2\/users\/1"}],"replies":[{"embeddable":true,"href":"https:\/\/agenciainfra.com\/blog\/wp-json\/wp\/v2\/comments?post=23668"}],"version-history":[{"count":3,"href":"https:\/\/agenciainfra.com\/blog\/wp-json\/wp\/v2\/posts\/23668\/revisions"}],"predecessor-version":[{"id":23711,"href":"https:\/\/agenciainfra.com\/blog\/wp-json\/wp\/v2\/posts\/23668\/revisions\/23711"}],"wp:featuredmedia":[{"embeddable":true,"href":"https:\/\/agenciainfra.com\/blog\/wp-json\/wp\/v2\/media\/10065"}],"wp:attachment":[{"href":"https:\/\/agenciainfra.com\/blog\/wp-json\/wp\/v2\/media?parent=23668"}],"wp:term":[{"taxonomy":"category","embeddable":true,"href":"https:\/\/agenciainfra.com\/blog\/wp-json\/wp\/v2\/categories?post=23668"},{"taxonomy":"post_tag","embeddable":true,"href":"https:\/\/agenciainfra.com\/blog\/wp-json\/wp\/v2\/tags?post=23668"}],"curies":[{"name":"wp","href":"https:\/\/api.w.org\/{rel}","templated":true}]}}