{"id":2367,"date":"2018-08-30T05:00:02","date_gmt":"2018-08-30T08:00:02","guid":{"rendered":"http:\/\/www.agenciainfra.com\/blog\/?p=2367"},"modified":"2018-08-28T11:41:02","modified_gmt":"2018-08-28T14:41:02","slug":"com-propostas-pouco-especificas-candidatos-falam-em-reformas-para-reativar-investimentos","status":"publish","type":"post","link":"https:\/\/agenciainfra.com\/blog\/com-propostas-pouco-especificas-candidatos-falam-em-reformas-para-reativar-investimentos\/","title":{"rendered":"Com propostas pouco espec\u00edficas, candidatos falam em reformas para reativar investimentos"},"content":{"rendered":"<p>&nbsp;<\/p>\n<div>\n<h5 style=\"text-align: right;\"><strong>Dimmi Amora e Luana Dorigon, da Ag\u00eancia iNFRA<\/strong><\/h5>\n<div>\n<p>As propostas dos principais candidatos \u00e0 presid\u00eancia da Rep\u00fablica para o setor de infraestrutura, apresentadas durante o Abdib F\u00f3rum &#8211; Agenda da Infraestrutura com Presidenci\u00e1veis, indicam que o Congresso Nacional ter\u00e1 papel preponderante na retomada dos investimentos no pa\u00eds.<\/p>\n<p>H\u00e1 o diagn\u00f3stico comum de que a retomada do setor \u00e9 essencial para a volta do crescimento econ\u00f4mico e a redu\u00e7\u00e3o da taxa de desemprego. Mas os candidatos divergem na forma sobre como fazer o pa\u00eds ter um ciclo sustent\u00e1vel de investimentos p\u00fablicos e privados para eliminar os gargalos de infraestrutura.<\/p>\n<p>A maior parte das propostas passa por uma revis\u00e3o tribut\u00e1ria e or\u00e7ament\u00e1ria no governo federal para garantir equil\u00edbrio nas contas p\u00fablicas e, por isso, o apoio do parlamento ser\u00e1 essencial. Todos os candidatos tamb\u00e9m admitiram ter consci\u00eancia de que ter\u00e3o base aliada fr\u00e1gil e haver\u00e1 a necessidade de enfrentar corpora\u00e7\u00f5es organizadas.\u00a0Como n\u00e3o seria diferente, apresentaram a confian\u00e7a de que podem venc\u00ea-las.<\/p>\n<p>O evento contou com cobertura on line da\u00a0<strong>Ag\u00eancia iNFRA<\/strong>\u00a0em hotsite especial do evento, dispon\u00edvel <a href=\"http:\/\/forumabdib.agenciainfra.com\">neste link<\/a>.<\/p>\n<\/div>\n<div><strong>Marina Silva<\/strong><br \/>\nA candidata Marina Silva (Rede), que abriu o encontro, focou sua fala na pol\u00edtica, se apresentando como a candidata capaz de levar o pa\u00eds a um novo ciclo de desenvolvimento. Ela reiterou o que j\u00e1 virou o seu bord\u00e3o: &#8220;Os que criaram o problema n\u00e3o ser\u00e3o capazes de resolver o problema&#8221;.Sobre infraestrutura, a candidata informou que suas prioridades ser\u00e3o o saneamento b\u00e1sico e o desenvolvimento de energia limpa, citando uma nova diretriz para a Petrobras nesse setor.<\/p>\n<p><strong>Manuela D&#8217;\u00c1vila<\/strong><br \/>\nManuela D&#8217;\u00c1vila, representante da coliga\u00e7\u00e3o PT\/PC do B\/PROS, focou sua fala na proposta da chapa de reforma do estado para garantir a volta dos investimentos.<\/p>\n<p>A deputada estadual, no entanto, tratou os temas do setor, inclusive uma poss\u00edvel reforma da administra\u00e7\u00e3o para dar maior seguran\u00e7a aos servidores, de maneira mais te\u00f3rica do que os outros candidatos. A proposta apresentada foi a do programa do governo da coliga\u00e7\u00e3o: utilizar parte das reservas internacionais para alavancar o setor de infraestrutura.<\/p>\n<p><strong>Guilherme Boulos\u00a0<\/strong><br \/>\nO candidato do PSOL, Guilherme Boulos, apresentou-se com seguran\u00e7a sobre os temas do setor, com diretrizes claras sobre infraestrutura. Entre elas, Boulos informou sua prioridade\u00a0para os setores de moradia e saneamento.<\/p>\n<p>A equa\u00e7\u00e3o econ\u00f4mica do candidato, no entanto, pode ser considerada a mais complexa. Reticente em rela\u00e7\u00e3o a parcerias com o setor p\u00fablico, indicando contudo que pretende usar o setor empresarial como contratado, sua proposta passa por um reequil\u00edbrio do gasto p\u00fablico atrav\u00e9s de uma mudan\u00e7a focada nas receitas, inclusive com aumento da carga tribut\u00e1ria.<\/p>\n<p><strong>Geraldo Alckmin\u00a0<\/strong><br \/>\nAp\u00f3s o almo\u00e7o, Geraldo Alckmin (PSDB) apresentou\u00a0suas propostas, e tamb\u00e9m focou numa mudan\u00e7a or\u00e7ament\u00e1ria e fiscal, mas pelo lado da despesa. Alckmin, assim como todos os outros candidatos, falou de forma gen\u00e9rica sobre essas redu\u00e7\u00f5es de gastos p\u00fablicos, sem mostrar quais as \u00e1reas ser\u00e3o cortadas.<\/p>\n<p>Apesar de ter sido aprovado com o voto a favor da maioria do partido dele, o PSDB, o candidato se disse contr\u00e1rio ao teto de gastos, aprovado pela Emenda Constitucional 95, afirmando que ele est\u00e1 afetando na pr\u00e1tica apenas o gasto p\u00fablico em infraestrutura por n\u00e3o estar servindo para bloquear o aumento do gasto obrigat\u00f3rio, especialmente com sal\u00e1rios dos servidores.<\/p>\n<p><strong>Henrique Meirelles\u00a0<\/strong><br \/>\nAt\u00e9 mesmo o candidato do governo, Henrique Meirelles (MDB), admitiu que o teto de gastos n\u00e3o tem sido eficiente, lembrando que ele precisava ser feito junto com a reforma da Previd\u00eancia, o que n\u00e3o aconteceu.<\/p>\n<p>Meirelles fez quest\u00e3o de tentar mostrar que ainda \u00e9 um candidato vi\u00e1vel, mesmo com baixos \u00edndices de inten\u00e7\u00e3o de votos das mais recentes pesquisas, apresentando-se como uma esp\u00e9cie de guardi\u00e3o da estabilidade, fator para ele essencial para a volta dos investimentos.<\/p>\n<p><strong>Ciro Gomes\u00a0<\/strong><br \/>\nO evento foi encerrado com a sabatina de Ciro Gomes (PDT) que abriu uma metralhadora de frades, passando por temas que foram da viol\u00eancia urbana \u00e0 balan\u00e7a de pagamentos.<\/p>\n<p>O candidato tamb\u00e9m apresentou proposta de usar as reservas internacionais para o desenvolvimento da infraestrutura, dando a entender que seria para lastrear empr\u00e9stimos. E tentou, a todo tempo, se apresentar como um pol\u00edtico favor\u00e1vel \u00e0s parcerias com a iniciativa privada e capaz de dialogar com todos os setores da sociedade.<\/p>\n<p><strong>Aus\u00eancia de Bolsonaro<\/strong><br \/>\nA aus\u00eancia do candidato do PSL, Jair Bolsonaro, que lidera as pesquisas quando o ex-presidente Lula n\u00e3o \u00e9 listado, ocorreu por negativa do candidato em participar do evento. Mas ele foi lembrado nas falas, diretas ou indiretas, de seus advers\u00e1rios. A mais l\u00facida, a de Ciro Gomes, apontou-o como um fen\u00f4meno da repulsa da sociedade ao atual sistema pol\u00edtico e social do pa\u00eds.<\/p>\n<p>Ao final, todos os candidatos receberam o documento preparado pela Abdib com\u00a0propostas para o desenvolvimento da infraestrutura no pa\u00eds. Com o recado: \u00e9 hora de executar. (<em>Colaborou: Leila Coimbra<\/em>)<\/p>\n<\/div>\n<\/div>\n","protected":false},"excerpt":{"rendered":"<p>&nbsp; Dimmi Amora e Luana Dorigon, da Ag\u00eancia iNFRA As propostas dos principais candidatos \u00e0 presid\u00eancia da Rep\u00fablica para o setor de infraestrutura, apresentadas durante o Abdib F\u00f3rum &#8211; Agenda da Infraestrutura com Presidenci\u00e1veis, indicam que o Congresso Nacional ter\u00e1 papel preponderante na retomada dos investimentos no pa\u00eds. H\u00e1 o diagn\u00f3stico comum de que a [&hellip;]<\/p>\n","protected":false},"author":1,"featured_media":2369,"comment_status":"closed","ping_status":"open","sticky":false,"template":"","format":"standard","meta":{"_monsterinsights_skip_tracking":false,"_monsterinsights_sitenote_active":false,"_monsterinsights_sitenote_note":"","_monsterinsights_sitenote_category":0,"footnotes":""},"categories":[7],"tags":[35,581,595,596,45,483,598,481,34,32,597,477],"class_list":["post-2367","post","type-post","status-publish","format-standard","has-post-thumbnail","hentry","category-infratransporte","tag-abdib","tag-bolsonaro","tag-candidatos","tag-ciro-gomes","tag-eleicoes-2018","tag-geraldo-alckmin","tag-guilherme-boulos","tag-henrique-meirelles","tag-infraestrutura","tag-investimentos","tag-manuela-davila","tag-marina-silva"],"yoast_head":"<!-- This site is optimized with the Yoast SEO Premium plugin v25.4 (Yoast SEO v26.0) - https:\/\/yoast.com\/wordpress\/plugins\/seo\/ -->\n<title>Com propostas pouco espec\u00edficas, candidatos falam em reformas para reativar investimentos - Ag\u00eancia iNFRA<\/title>\n<meta name=\"robots\" content=\"index, follow, max-snippet:-1, max-image-preview:large, max-video-preview:-1\" \/>\n<link rel=\"canonical\" href=\"https:\/\/agenciainfra.com\/blog\/com-propostas-pouco-especificas-candidatos-falam-em-reformas-para-reativar-investimentos\/\" \/>\n<meta property=\"og:locale\" content=\"pt_BR\" \/>\n<meta property=\"og:type\" content=\"article\" \/>\n<meta property=\"og:title\" content=\"Com propostas pouco espec\u00edficas, candidatos falam em reformas para reativar investimentos\" \/>\n<meta property=\"og:description\" content=\"&nbsp; Dimmi Amora e Luana Dorigon, da Ag\u00eancia iNFRA As propostas dos principais candidatos \u00e0 presid\u00eancia da Rep\u00fablica para o setor de infraestrutura, apresentadas durante o Abdib F\u00f3rum &#8211; Agenda da Infraestrutura com Presidenci\u00e1veis, indicam que o Congresso Nacional ter\u00e1 papel preponderante na retomada dos investimentos no pa\u00eds. H\u00e1 o diagn\u00f3stico comum de que a [&hellip;]\" \/>\n<meta property=\"og:url\" content=\"https:\/\/agenciainfra.com\/blog\/com-propostas-pouco-especificas-candidatos-falam-em-reformas-para-reativar-investimentos\/\" \/>\n<meta property=\"og:site_name\" content=\"Ag\u00eancia iNFRA\" \/>\n<meta property=\"article:publisher\" content=\"https:\/\/www.facebook.com\/ageninfra\" \/>\n<meta property=\"article:published_time\" content=\"2018-08-30T08:00:02+00:00\" \/>\n<meta property=\"og:image\" content=\"https:\/\/agenciainfra.com\/blog\/wp-content\/uploads\/2018\/08\/IMG_2927.jpg\" \/>\n\t<meta property=\"og:image:width\" content=\"640\" \/>\n\t<meta property=\"og:image:height\" content=\"427\" \/>\n\t<meta property=\"og:image:type\" content=\"image\/jpeg\" \/>\n<meta name=\"author\" content=\"Ag\u00eancia iNFRA\" \/>\n<meta name=\"twitter:card\" content=\"summary_large_image\" \/>\n<meta name=\"twitter:creator\" content=\"@agencia_infra\" \/>\n<meta name=\"twitter:site\" content=\"@agencia_infra\" \/>\n<meta name=\"twitter:label1\" content=\"Escrito por\" \/>\n\t<meta name=\"twitter:data1\" content=\"Ag\u00eancia iNFRA\" \/>\n\t<meta name=\"twitter:label2\" content=\"Est. tempo de leitura\" \/>\n\t<meta name=\"twitter:data2\" content=\"4 minutos\" \/>\n<script type=\"application\/ld+json\" class=\"yoast-schema-graph\">{\"@context\":\"https:\/\/schema.org\",\"@graph\":[{\"@type\":\"Article\",\"@id\":\"https:\/\/agenciainfra.com\/blog\/com-propostas-pouco-especificas-candidatos-falam-em-reformas-para-reativar-investimentos\/#article\",\"isPartOf\":{\"@id\":\"https:\/\/agenciainfra.com\/blog\/com-propostas-pouco-especificas-candidatos-falam-em-reformas-para-reativar-investimentos\/\"},\"author\":{\"name\":\"Ag\u00eancia iNFRA\",\"@id\":\"https:\/\/agenciainfra.com\/blog\/#\/schema\/person\/34af08dff6adea4cb22b06612ba7acfa\"},\"headline\":\"Com propostas pouco espec\u00edficas, candidatos falam em reformas para reativar investimentos\",\"datePublished\":\"2018-08-30T08:00:02+00:00\",\"mainEntityOfPage\":{\"@id\":\"https:\/\/agenciainfra.com\/blog\/com-propostas-pouco-especificas-candidatos-falam-em-reformas-para-reativar-investimentos\/\"},\"wordCount\":889,\"publisher\":{\"@id\":\"https:\/\/agenciainfra.com\/blog\/#organization\"},\"image\":{\"@id\":\"https:\/\/agenciainfra.com\/blog\/com-propostas-pouco-especificas-candidatos-falam-em-reformas-para-reativar-investimentos\/#primaryimage\"},\"thumbnailUrl\":\"https:\/\/agenciainfra.com\/blog\/wp-content\/uploads\/2018\/08\/IMG_2927.jpg\",\"keywords\":[\"ABDIB\",\"Bolsonaro\",\"candidatos\",\"ciro gomes\",\"Elei\u00e7\u00f5es 2018\",\"Geraldo Alckmin\",\"guilherme boulos\",\"Henrique Meirelles\",\"Infraestrutura\",\"Investimentos\",\"manuela d'avila\",\"Marina Silva\"],\"articleSection\":[\"iNFRATransporte\"],\"inLanguage\":\"pt-BR\",\"copyrightYear\":\"2018\",\"copyrightHolder\":{\"@id\":\"https:\/\/agenciainfra.com\/blog\/#organization\"}},{\"@type\":\"WebPage\",\"@id\":\"https:\/\/agenciainfra.com\/blog\/com-propostas-pouco-especificas-candidatos-falam-em-reformas-para-reativar-investimentos\/\",\"url\":\"https:\/\/agenciainfra.com\/blog\/com-propostas-pouco-especificas-candidatos-falam-em-reformas-para-reativar-investimentos\/\",\"name\":\"Com propostas pouco espec\u00edficas, candidatos falam em reformas para reativar investimentos - Ag\u00eancia iNFRA\",\"isPartOf\":{\"@id\":\"https:\/\/agenciainfra.com\/blog\/#website\"},\"primaryImageOfPage\":{\"@id\":\"https:\/\/agenciainfra.com\/blog\/com-propostas-pouco-especificas-candidatos-falam-em-reformas-para-reativar-investimentos\/#primaryimage\"},\"image\":{\"@id\":\"https:\/\/agenciainfra.com\/blog\/com-propostas-pouco-especificas-candidatos-falam-em-reformas-para-reativar-investimentos\/#primaryimage\"},\"thumbnailUrl\":\"https:\/\/agenciainfra.com\/blog\/wp-content\/uploads\/2018\/08\/IMG_2927.jpg\",\"datePublished\":\"2018-08-30T08:00:02+00:00\",\"breadcrumb\":{\"@id\":\"https:\/\/agenciainfra.com\/blog\/com-propostas-pouco-especificas-candidatos-falam-em-reformas-para-reativar-investimentos\/#breadcrumb\"},\"inLanguage\":\"pt-BR\",\"potentialAction\":[{\"@type\":\"ReadAction\",\"target\":[\"https:\/\/agenciainfra.com\/blog\/com-propostas-pouco-especificas-candidatos-falam-em-reformas-para-reativar-investimentos\/\"]}]},{\"@type\":\"ImageObject\",\"inLanguage\":\"pt-BR\",\"@id\":\"https:\/\/agenciainfra.com\/blog\/com-propostas-pouco-especificas-candidatos-falam-em-reformas-para-reativar-investimentos\/#primaryimage\",\"url\":\"https:\/\/agenciainfra.com\/blog\/wp-content\/uploads\/2018\/08\/IMG_2927.jpg\",\"contentUrl\":\"https:\/\/agenciainfra.com\/blog\/wp-content\/uploads\/2018\/08\/IMG_2927.jpg\",\"width\":640,\"height\":427},{\"@type\":\"BreadcrumbList\",\"@id\":\"https:\/\/agenciainfra.com\/blog\/com-propostas-pouco-especificas-candidatos-falam-em-reformas-para-reativar-investimentos\/#breadcrumb\",\"itemListElement\":[{\"@type\":\"ListItem\",\"position\":1,\"name\":\"In\u00edcio\",\"item\":\"https:\/\/agenciainfra.com\/blog\/\"},{\"@type\":\"ListItem\",\"position\":2,\"name\":\"Com propostas pouco espec\u00edficas, candidatos falam em reformas para reativar investimentos\"}]},{\"@type\":\"WebSite\",\"@id\":\"https:\/\/agenciainfra.com\/blog\/#website\",\"url\":\"https:\/\/agenciainfra.com\/blog\/\",\"name\":\"Ag\u00eancia iNFRA\",\"description\":\"Multiplataforma de informa\u00e7\u00e3o jornal\u00edstica refer\u00eancia na \u00e1rea de infraestrutura no Brasil!\",\"publisher\":{\"@id\":\"https:\/\/agenciainfra.com\/blog\/#organization\"},\"potentialAction\":[{\"@type\":\"SearchAction\",\"target\":{\"@type\":\"EntryPoint\",\"urlTemplate\":\"https:\/\/agenciainfra.com\/blog\/?s={search_term_string}\"},\"query-input\":{\"@type\":\"PropertyValueSpecification\",\"valueRequired\":true,\"valueName\":\"search_term_string\"}}],\"inLanguage\":\"pt-BR\"},{\"@type\":\"Organization\",\"@id\":\"https:\/\/agenciainfra.com\/blog\/#organization\",\"name\":\"Ag\u00eancia iNFRA\",\"url\":\"https:\/\/agenciainfra.com\/blog\/\",\"logo\":{\"@type\":\"ImageObject\",\"inLanguage\":\"pt-BR\",\"@id\":\"https:\/\/agenciainfra.com\/blog\/#\/schema\/logo\/image\/\",\"url\":\"https:\/\/agenciainfra.com\/blog\/wp-content\/uploads\/2023\/09\/iNFRA_5-e1761735885940.png\",\"contentUrl\":\"https:\/\/agenciainfra.com\/blog\/wp-content\/uploads\/2023\/09\/iNFRA_5-e1761735885940.png\",\"width\":1672,\"height\":454,\"caption\":\"Ag\u00eancia iNFRA\"},\"image\":{\"@id\":\"https:\/\/agenciainfra.com\/blog\/#\/schema\/logo\/image\/\"},\"sameAs\":[\"https:\/\/www.facebook.com\/ageninfra\",\"https:\/\/x.com\/agencia_infra\",\"https:\/\/www.linkedin.com\/company\/ag\u00eanciainfra\/\",\"https:\/\/www.instagram.com\/agenciainfra\/\"]},{\"@type\":\"Person\",\"@id\":\"https:\/\/agenciainfra.com\/blog\/#\/schema\/person\/34af08dff6adea4cb22b06612ba7acfa\",\"name\":\"Ag\u00eancia iNFRA\",\"image\":{\"@type\":\"ImageObject\",\"inLanguage\":\"pt-BR\",\"@id\":\"https:\/\/agenciainfra.com\/blog\/#\/schema\/person\/image\/\",\"url\":\"https:\/\/secure.gravatar.com\/avatar\/d189e01678f06d8eb84d4e01f08eb848b3fffe3f8443818d3c356c66892f5be8?s=96&d=mm&r=g\",\"contentUrl\":\"https:\/\/secure.gravatar.com\/avatar\/d189e01678f06d8eb84d4e01f08eb848b3fffe3f8443818d3c356c66892f5be8?s=96&d=mm&r=g\",\"caption\":\"Ag\u00eancia iNFRA\"},\"url\":\"https:\/\/agenciainfra.com\/blog\/author\/admin\/\"}]}<\/script>\n<!-- \/ Yoast SEO Premium plugin. -->","yoast_head_json":{"title":"Com propostas pouco espec\u00edficas, candidatos falam em reformas para reativar investimentos - Ag\u00eancia iNFRA","robots":{"index":"index","follow":"follow","max-snippet":"max-snippet:-1","max-image-preview":"max-image-preview:large","max-video-preview":"max-video-preview:-1"},"canonical":"https:\/\/agenciainfra.com\/blog\/com-propostas-pouco-especificas-candidatos-falam-em-reformas-para-reativar-investimentos\/","og_locale":"pt_BR","og_type":"article","og_title":"Com propostas pouco espec\u00edficas, candidatos falam em reformas para reativar investimentos","og_description":"&nbsp; Dimmi Amora e Luana Dorigon, da Ag\u00eancia iNFRA As propostas dos principais candidatos \u00e0 presid\u00eancia da Rep\u00fablica para o setor de infraestrutura, apresentadas durante o Abdib F\u00f3rum &#8211; Agenda da Infraestrutura com Presidenci\u00e1veis, indicam que o Congresso Nacional ter\u00e1 papel preponderante na retomada dos investimentos no pa\u00eds. H\u00e1 o diagn\u00f3stico comum de que a [&hellip;]","og_url":"https:\/\/agenciainfra.com\/blog\/com-propostas-pouco-especificas-candidatos-falam-em-reformas-para-reativar-investimentos\/","og_site_name":"Ag\u00eancia iNFRA","article_publisher":"https:\/\/www.facebook.com\/ageninfra","article_published_time":"2018-08-30T08:00:02+00:00","og_image":[{"width":640,"height":427,"url":"https:\/\/agenciainfra.com\/blog\/wp-content\/uploads\/2018\/08\/IMG_2927.jpg","type":"image\/jpeg"}],"author":"Ag\u00eancia iNFRA","twitter_card":"summary_large_image","twitter_creator":"@agencia_infra","twitter_site":"@agencia_infra","twitter_misc":{"Escrito por":"Ag\u00eancia iNFRA","Est. tempo de leitura":"4 minutos"},"schema":{"@context":"https:\/\/schema.org","@graph":[{"@type":"Article","@id":"https:\/\/agenciainfra.com\/blog\/com-propostas-pouco-especificas-candidatos-falam-em-reformas-para-reativar-investimentos\/#article","isPartOf":{"@id":"https:\/\/agenciainfra.com\/blog\/com-propostas-pouco-especificas-candidatos-falam-em-reformas-para-reativar-investimentos\/"},"author":{"name":"Ag\u00eancia iNFRA","@id":"https:\/\/agenciainfra.com\/blog\/#\/schema\/person\/34af08dff6adea4cb22b06612ba7acfa"},"headline":"Com propostas pouco espec\u00edficas, candidatos falam em reformas para reativar investimentos","datePublished":"2018-08-30T08:00:02+00:00","mainEntityOfPage":{"@id":"https:\/\/agenciainfra.com\/blog\/com-propostas-pouco-especificas-candidatos-falam-em-reformas-para-reativar-investimentos\/"},"wordCount":889,"publisher":{"@id":"https:\/\/agenciainfra.com\/blog\/#organization"},"image":{"@id":"https:\/\/agenciainfra.com\/blog\/com-propostas-pouco-especificas-candidatos-falam-em-reformas-para-reativar-investimentos\/#primaryimage"},"thumbnailUrl":"https:\/\/agenciainfra.com\/blog\/wp-content\/uploads\/2018\/08\/IMG_2927.jpg","keywords":["ABDIB","Bolsonaro","candidatos","ciro gomes","Elei\u00e7\u00f5es 2018","Geraldo Alckmin","guilherme boulos","Henrique Meirelles","Infraestrutura","Investimentos","manuela d'avila","Marina Silva"],"articleSection":["iNFRATransporte"],"inLanguage":"pt-BR","copyrightYear":"2018","copyrightHolder":{"@id":"https:\/\/agenciainfra.com\/blog\/#organization"}},{"@type":"WebPage","@id":"https:\/\/agenciainfra.com\/blog\/com-propostas-pouco-especificas-candidatos-falam-em-reformas-para-reativar-investimentos\/","url":"https:\/\/agenciainfra.com\/blog\/com-propostas-pouco-especificas-candidatos-falam-em-reformas-para-reativar-investimentos\/","name":"Com propostas pouco espec\u00edficas, candidatos falam em reformas para reativar investimentos - Ag\u00eancia iNFRA","isPartOf":{"@id":"https:\/\/agenciainfra.com\/blog\/#website"},"primaryImageOfPage":{"@id":"https:\/\/agenciainfra.com\/blog\/com-propostas-pouco-especificas-candidatos-falam-em-reformas-para-reativar-investimentos\/#primaryimage"},"image":{"@id":"https:\/\/agenciainfra.com\/blog\/com-propostas-pouco-especificas-candidatos-falam-em-reformas-para-reativar-investimentos\/#primaryimage"},"thumbnailUrl":"https:\/\/agenciainfra.com\/blog\/wp-content\/uploads\/2018\/08\/IMG_2927.jpg","datePublished":"2018-08-30T08:00:02+00:00","breadcrumb":{"@id":"https:\/\/agenciainfra.com\/blog\/com-propostas-pouco-especificas-candidatos-falam-em-reformas-para-reativar-investimentos\/#breadcrumb"},"inLanguage":"pt-BR","potentialAction":[{"@type":"ReadAction","target":["https:\/\/agenciainfra.com\/blog\/com-propostas-pouco-especificas-candidatos-falam-em-reformas-para-reativar-investimentos\/"]}]},{"@type":"ImageObject","inLanguage":"pt-BR","@id":"https:\/\/agenciainfra.com\/blog\/com-propostas-pouco-especificas-candidatos-falam-em-reformas-para-reativar-investimentos\/#primaryimage","url":"https:\/\/agenciainfra.com\/blog\/wp-content\/uploads\/2018\/08\/IMG_2927.jpg","contentUrl":"https:\/\/agenciainfra.com\/blog\/wp-content\/uploads\/2018\/08\/IMG_2927.jpg","width":640,"height":427},{"@type":"BreadcrumbList","@id":"https:\/\/agenciainfra.com\/blog\/com-propostas-pouco-especificas-candidatos-falam-em-reformas-para-reativar-investimentos\/#breadcrumb","itemListElement":[{"@type":"ListItem","position":1,"name":"In\u00edcio","item":"https:\/\/agenciainfra.com\/blog\/"},{"@type":"ListItem","position":2,"name":"Com propostas pouco espec\u00edficas, candidatos falam em reformas para reativar investimentos"}]},{"@type":"WebSite","@id":"https:\/\/agenciainfra.com\/blog\/#website","url":"https:\/\/agenciainfra.com\/blog\/","name":"Ag\u00eancia iNFRA","description":"Multiplataforma de informa\u00e7\u00e3o jornal\u00edstica refer\u00eancia na \u00e1rea de infraestrutura no Brasil!","publisher":{"@id":"https:\/\/agenciainfra.com\/blog\/#organization"},"potentialAction":[{"@type":"SearchAction","target":{"@type":"EntryPoint","urlTemplate":"https:\/\/agenciainfra.com\/blog\/?s={search_term_string}"},"query-input":{"@type":"PropertyValueSpecification","valueRequired":true,"valueName":"search_term_string"}}],"inLanguage":"pt-BR"},{"@type":"Organization","@id":"https:\/\/agenciainfra.com\/blog\/#organization","name":"Ag\u00eancia iNFRA","url":"https:\/\/agenciainfra.com\/blog\/","logo":{"@type":"ImageObject","inLanguage":"pt-BR","@id":"https:\/\/agenciainfra.com\/blog\/#\/schema\/logo\/image\/","url":"https:\/\/agenciainfra.com\/blog\/wp-content\/uploads\/2023\/09\/iNFRA_5-e1761735885940.png","contentUrl":"https:\/\/agenciainfra.com\/blog\/wp-content\/uploads\/2023\/09\/iNFRA_5-e1761735885940.png","width":1672,"height":454,"caption":"Ag\u00eancia iNFRA"},"image":{"@id":"https:\/\/agenciainfra.com\/blog\/#\/schema\/logo\/image\/"},"sameAs":["https:\/\/www.facebook.com\/ageninfra","https:\/\/x.com\/agencia_infra","https:\/\/www.linkedin.com\/company\/ag\u00eanciainfra\/","https:\/\/www.instagram.com\/agenciainfra\/"]},{"@type":"Person","@id":"https:\/\/agenciainfra.com\/blog\/#\/schema\/person\/34af08dff6adea4cb22b06612ba7acfa","name":"Ag\u00eancia iNFRA","image":{"@type":"ImageObject","inLanguage":"pt-BR","@id":"https:\/\/agenciainfra.com\/blog\/#\/schema\/person\/image\/","url":"https:\/\/secure.gravatar.com\/avatar\/d189e01678f06d8eb84d4e01f08eb848b3fffe3f8443818d3c356c66892f5be8?s=96&d=mm&r=g","contentUrl":"https:\/\/secure.gravatar.com\/avatar\/d189e01678f06d8eb84d4e01f08eb848b3fffe3f8443818d3c356c66892f5be8?s=96&d=mm&r=g","caption":"Ag\u00eancia iNFRA"},"url":"https:\/\/agenciainfra.com\/blog\/author\/admin\/"}]}},"_links":{"self":[{"href":"https:\/\/agenciainfra.com\/blog\/wp-json\/wp\/v2\/posts\/2367","targetHints":{"allow":["GET"]}}],"collection":[{"href":"https:\/\/agenciainfra.com\/blog\/wp-json\/wp\/v2\/posts"}],"about":[{"href":"https:\/\/agenciainfra.com\/blog\/wp-json\/wp\/v2\/types\/post"}],"author":[{"embeddable":true,"href":"https:\/\/agenciainfra.com\/blog\/wp-json\/wp\/v2\/users\/1"}],"replies":[{"embeddable":true,"href":"https:\/\/agenciainfra.com\/blog\/wp-json\/wp\/v2\/comments?post=2367"}],"version-history":[{"count":0,"href":"https:\/\/agenciainfra.com\/blog\/wp-json\/wp\/v2\/posts\/2367\/revisions"}],"wp:featuredmedia":[{"embeddable":true,"href":"https:\/\/agenciainfra.com\/blog\/wp-json\/wp\/v2\/media\/2369"}],"wp:attachment":[{"href":"https:\/\/agenciainfra.com\/blog\/wp-json\/wp\/v2\/media?parent=2367"}],"wp:term":[{"taxonomy":"category","embeddable":true,"href":"https:\/\/agenciainfra.com\/blog\/wp-json\/wp\/v2\/categories?post=2367"},{"taxonomy":"post_tag","embeddable":true,"href":"https:\/\/agenciainfra.com\/blog\/wp-json\/wp\/v2\/tags?post=2367"}],"curies":[{"name":"wp","href":"https:\/\/api.w.org\/{rel}","templated":true}]}}