{"id":23701,"date":"2025-06-26T21:01:47","date_gmt":"2025-06-27T00:01:47","guid":{"rendered":"https:\/\/agenciainfra.com\/blog\/?p=23701"},"modified":"2025-06-27T17:33:23","modified_gmt":"2025-06-27T20:33:23","slug":"plano-de-100-dias-vira-politica-obrigatoria-nas-concessoes-rodoviarias-da-antt","status":"publish","type":"post","link":"https:\/\/agenciainfra.com\/blog\/plano-de-100-dias-vira-politica-obrigatoria-nas-concessoes-rodoviarias-da-antt\/","title":{"rendered":"Plano de 100 Dias vira pol\u00edtica obrigat\u00f3ria nas concess\u00f5es rodovi\u00e1rias da ANTT"},"content":{"rendered":"\n<p class=\"has-text-align-right\"><strong>da Ag\u00eancia iNFRA<\/strong><\/p>\n\n\n\n<p>A ANTT (Ag\u00eancia Nacional de Transportes Terrestres) oficializou o Plano de 100 Dias como pol\u00edtica p\u00fablica obrigat\u00f3ria em todos os novos contratos de concess\u00e3o de rodovias federais. A iniciativa, que j\u00e1 havia sido testada em concess\u00f5es como BR-040\/MG, da EPR Via Mineira, BR-381\/MG (Nova 381) e BR-040\/MG\/GO (Rota dos Cristais), estreia como exig\u00eancia contratual no edital da Rota Agro Central.\u00a0<\/p>\n\n\n\n<p>A medida obriga as concession\u00e1rias a realizarem, nos tr\u00eas primeiros meses do contrato, uma s\u00e9rie de a\u00e7\u00f5es emergenciais como recupera\u00e7\u00e3o de trechos cr\u00edticos, melhorias no pavimento e na sinaliza\u00e7\u00e3o, drenagem, refor\u00e7o de pontes e viadutos, limpeza e ro\u00e7ada das faixas de dom\u00ednio.<\/p>\n\n\n\n<p>A constru\u00e7\u00e3o do plano \u00e9 feita a partir de reuni\u00f5es com DNIT (Departamento Nacional de Infraestrutura de Transportes), PRF (Pol\u00edcia Rodovi\u00e1ria Federal), e munic\u00edpios lindeiros, permitindo mapear com precis\u00e3o os pontos mais cr\u00edticos e priorizar a\u00e7\u00f5es de seguran\u00e7a e trafegabilidade desde o in\u00edcio da concess\u00e3o.<\/p>\n\n\n\n<p>Para a ANTT, a institucionaliza\u00e7\u00e3o da iniciativa representa um avan\u00e7o regulat\u00f3rio com impacto direto na vida dos usu\u00e1rios. \u201cA institucionaliza\u00e7\u00e3o do Plano de 100 Dias \u00e9 fruto de um trabalho t\u00e9cnico rigoroso da ANTT. Um grande passo, um grande avan\u00e7o, uma conquista enorme para n\u00f3s e, principalmente, para quem usa as rodovias federais concedidas todos os dias&#8221;, afirmou o diretor-geral da ag\u00eancia, Guilherme Theo Sampaio.<\/p>\n\n\n\n<p><em>*Este texto foi corrigido com a informa\u00e7\u00e3o de que a rodovia chamada &#8220;Rota dos Cristais&#8221; \u00e9 a BR-040\/MG\/GO. <\/em><\/p>\n","protected":false},"excerpt":{"rendered":"<p>da Ag\u00eancia iNFRA A ANTT (Ag\u00eancia Nacional de Transportes Terrestres) oficializou o Plano de 100 Dias como pol\u00edtica p\u00fablica obrigat\u00f3ria em todos os novos contratos de concess\u00e3o de rodovias federais. A iniciativa, que j\u00e1 havia sido testada em concess\u00f5es como BR-040\/MG, da EPR Via Mineira, BR-381\/MG (Nova 381) e BR-040\/MG\/GO (Rota dos Cristais), estreia como [&hellip;]<\/p>\n","protected":false},"author":1,"featured_media":23703,"comment_status":"closed","ping_status":"closed","sticky":false,"template":"","format":"standard","meta":{"_monsterinsights_skip_tracking":false,"_monsterinsights_sitenote_active":false,"_monsterinsights_sitenote_note":"","_monsterinsights_sitenote_category":0,"footnotes":""},"categories":[1,13576],"tags":[935,19,14032,176,6305,13869],"class_list":["post-23701","post","type-post","status-publish","format-standard","has-post-thumbnail","hentry","category-geral","category-giro-infra","tag-agencia-nacional-de-transportes-terrestres","tag-antt","tag-concessoes-da-antt","tag-concessoes-rodoviarias","tag-plano-de-100-dias","tag-rota-agro-central"],"yoast_head":"<!-- This site is optimized with the Yoast SEO Premium plugin v25.4 (Yoast SEO v26.0) - https:\/\/yoast.com\/wordpress\/plugins\/seo\/ -->\n<title>Plano de 100 Dias vira pol\u00edtica obrigat\u00f3ria nas concess\u00f5es rodovi\u00e1rias da ANTT - Ag\u00eancia iNFRA<\/title>\n<meta name=\"robots\" content=\"index, follow, max-snippet:-1, max-image-preview:large, max-video-preview:-1\" \/>\n<link rel=\"canonical\" href=\"https:\/\/agenciainfra.com\/blog\/plano-de-100-dias-vira-politica-obrigatoria-nas-concessoes-rodoviarias-da-antt\/\" \/>\n<meta property=\"og:locale\" content=\"pt_BR\" \/>\n<meta property=\"og:type\" content=\"article\" \/>\n<meta property=\"og:title\" content=\"Plano de 100 Dias vira pol\u00edtica obrigat\u00f3ria nas concess\u00f5es rodovi\u00e1rias da ANTT\" \/>\n<meta property=\"og:description\" content=\"da Ag\u00eancia iNFRA A ANTT (Ag\u00eancia Nacional de Transportes Terrestres) oficializou o Plano de 100 Dias como pol\u00edtica p\u00fablica obrigat\u00f3ria em todos os novos contratos de concess\u00e3o de rodovias federais. A iniciativa, que j\u00e1 havia sido testada em concess\u00f5es como BR-040\/MG, da EPR Via Mineira, BR-381\/MG (Nova 381) e BR-040\/MG\/GO (Rota dos Cristais), estreia como [&hellip;]\" \/>\n<meta property=\"og:url\" content=\"https:\/\/agenciainfra.com\/blog\/plano-de-100-dias-vira-politica-obrigatoria-nas-concessoes-rodoviarias-da-antt\/\" \/>\n<meta property=\"og:site_name\" content=\"Ag\u00eancia iNFRA\" \/>\n<meta property=\"article:publisher\" content=\"https:\/\/www.facebook.com\/ageninfra\" \/>\n<meta property=\"article:published_time\" content=\"2025-06-27T00:01:47+00:00\" \/>\n<meta property=\"article:modified_time\" content=\"2025-06-27T20:33:23+00:00\" \/>\n<meta property=\"og:image\" content=\"https:\/\/agenciainfra.com\/blog\/wp-content\/uploads\/2025\/06\/Foto-Divulgacao-Comunicacao-ANTT.jpeg\" \/>\n\t<meta property=\"og:image:width\" content=\"768\" \/>\n\t<meta property=\"og:image:height\" content=\"353\" \/>\n\t<meta property=\"og:image:type\" content=\"image\/jpeg\" \/>\n<meta name=\"author\" content=\"Ag\u00eancia iNFRA\" \/>\n<meta name=\"twitter:card\" content=\"summary_large_image\" \/>\n<meta name=\"twitter:creator\" content=\"@agencia_infra\" \/>\n<meta name=\"twitter:site\" content=\"@agencia_infra\" \/>\n<meta name=\"twitter:label1\" content=\"Escrito por\" \/>\n\t<meta name=\"twitter:data1\" content=\"Ag\u00eancia iNFRA\" \/>\n\t<meta name=\"twitter:label2\" content=\"Est. tempo de leitura\" \/>\n\t<meta name=\"twitter:data2\" content=\"1 minuto\" \/>\n<script type=\"application\/ld+json\" class=\"yoast-schema-graph\">{\"@context\":\"https:\/\/schema.org\",\"@graph\":[{\"@type\":\"Article\",\"@id\":\"https:\/\/agenciainfra.com\/blog\/plano-de-100-dias-vira-politica-obrigatoria-nas-concessoes-rodoviarias-da-antt\/#article\",\"isPartOf\":{\"@id\":\"https:\/\/agenciainfra.com\/blog\/plano-de-100-dias-vira-politica-obrigatoria-nas-concessoes-rodoviarias-da-antt\/\"},\"author\":{\"name\":\"Ag\u00eancia iNFRA\",\"@id\":\"https:\/\/agenciainfra.com\/blog\/#\/schema\/person\/34af08dff6adea4cb22b06612ba7acfa\"},\"headline\":\"Plano de 100 Dias vira pol\u00edtica obrigat\u00f3ria nas concess\u00f5es rodovi\u00e1rias da ANTT\",\"datePublished\":\"2025-06-27T00:01:47+00:00\",\"dateModified\":\"2025-06-27T20:33:23+00:00\",\"mainEntityOfPage\":{\"@id\":\"https:\/\/agenciainfra.com\/blog\/plano-de-100-dias-vira-politica-obrigatoria-nas-concessoes-rodoviarias-da-antt\/\"},\"wordCount\":287,\"publisher\":{\"@id\":\"https:\/\/agenciainfra.com\/blog\/#organization\"},\"image\":{\"@id\":\"https:\/\/agenciainfra.com\/blog\/plano-de-100-dias-vira-politica-obrigatoria-nas-concessoes-rodoviarias-da-antt\/#primaryimage\"},\"thumbnailUrl\":\"https:\/\/agenciainfra.com\/blog\/wp-content\/uploads\/2025\/06\/Foto-Divulgacao-Comunicacao-ANTT.jpeg\",\"keywords\":[\"Ag\u00eancia Nacional de Transportes Terrestres\",\"ANTT\",\"concess\u00f5es da ANTT\",\"concess\u00f5es rodovi\u00e1rias\",\"plano de 100 dias\",\"rota agro central\"],\"articleSection\":[\"Geral\",\"Giro iNFRA\"],\"inLanguage\":\"pt-BR\",\"copyrightYear\":\"2025\",\"copyrightHolder\":{\"@id\":\"https:\/\/agenciainfra.com\/blog\/#organization\"}},{\"@type\":\"WebPage\",\"@id\":\"https:\/\/agenciainfra.com\/blog\/plano-de-100-dias-vira-politica-obrigatoria-nas-concessoes-rodoviarias-da-antt\/\",\"url\":\"https:\/\/agenciainfra.com\/blog\/plano-de-100-dias-vira-politica-obrigatoria-nas-concessoes-rodoviarias-da-antt\/\",\"name\":\"Plano de 100 Dias vira pol\u00edtica obrigat\u00f3ria nas concess\u00f5es rodovi\u00e1rias da ANTT - Ag\u00eancia iNFRA\",\"isPartOf\":{\"@id\":\"https:\/\/agenciainfra.com\/blog\/#website\"},\"primaryImageOfPage\":{\"@id\":\"https:\/\/agenciainfra.com\/blog\/plano-de-100-dias-vira-politica-obrigatoria-nas-concessoes-rodoviarias-da-antt\/#primaryimage\"},\"image\":{\"@id\":\"https:\/\/agenciainfra.com\/blog\/plano-de-100-dias-vira-politica-obrigatoria-nas-concessoes-rodoviarias-da-antt\/#primaryimage\"},\"thumbnailUrl\":\"https:\/\/agenciainfra.com\/blog\/wp-content\/uploads\/2025\/06\/Foto-Divulgacao-Comunicacao-ANTT.jpeg\",\"datePublished\":\"2025-06-27T00:01:47+00:00\",\"dateModified\":\"2025-06-27T20:33:23+00:00\",\"breadcrumb\":{\"@id\":\"https:\/\/agenciainfra.com\/blog\/plano-de-100-dias-vira-politica-obrigatoria-nas-concessoes-rodoviarias-da-antt\/#breadcrumb\"},\"inLanguage\":\"pt-BR\",\"potentialAction\":[{\"@type\":\"ReadAction\",\"target\":[\"https:\/\/agenciainfra.com\/blog\/plano-de-100-dias-vira-politica-obrigatoria-nas-concessoes-rodoviarias-da-antt\/\"]}]},{\"@type\":\"ImageObject\",\"inLanguage\":\"pt-BR\",\"@id\":\"https:\/\/agenciainfra.com\/blog\/plano-de-100-dias-vira-politica-obrigatoria-nas-concessoes-rodoviarias-da-antt\/#primaryimage\",\"url\":\"https:\/\/agenciainfra.com\/blog\/wp-content\/uploads\/2025\/06\/Foto-Divulgacao-Comunicacao-ANTT.jpeg\",\"contentUrl\":\"https:\/\/agenciainfra.com\/blog\/wp-content\/uploads\/2025\/06\/Foto-Divulgacao-Comunicacao-ANTT.jpeg\",\"width\":768,\"height\":353,\"caption\":\"Foto: ANTT\/Divulga\u00e7\u00e3o\"},{\"@type\":\"BreadcrumbList\",\"@id\":\"https:\/\/agenciainfra.com\/blog\/plano-de-100-dias-vira-politica-obrigatoria-nas-concessoes-rodoviarias-da-antt\/#breadcrumb\",\"itemListElement\":[{\"@type\":\"ListItem\",\"position\":1,\"name\":\"In\u00edcio\",\"item\":\"https:\/\/agenciainfra.com\/blog\/\"},{\"@type\":\"ListItem\",\"position\":2,\"name\":\"Plano de 100 Dias vira pol\u00edtica obrigat\u00f3ria nas concess\u00f5es rodovi\u00e1rias da ANTT\"}]},{\"@type\":\"WebSite\",\"@id\":\"https:\/\/agenciainfra.com\/blog\/#website\",\"url\":\"https:\/\/agenciainfra.com\/blog\/\",\"name\":\"Ag\u00eancia iNFRA\",\"description\":\"Multiplataforma de informa\u00e7\u00e3o jornal\u00edstica refer\u00eancia na \u00e1rea de infraestrutura no Brasil!\",\"publisher\":{\"@id\":\"https:\/\/agenciainfra.com\/blog\/#organization\"},\"potentialAction\":[{\"@type\":\"SearchAction\",\"target\":{\"@type\":\"EntryPoint\",\"urlTemplate\":\"https:\/\/agenciainfra.com\/blog\/?s={search_term_string}\"},\"query-input\":{\"@type\":\"PropertyValueSpecification\",\"valueRequired\":true,\"valueName\":\"search_term_string\"}}],\"inLanguage\":\"pt-BR\"},{\"@type\":\"Organization\",\"@id\":\"https:\/\/agenciainfra.com\/blog\/#organization\",\"name\":\"Ag\u00eancia iNFRA\",\"url\":\"https:\/\/agenciainfra.com\/blog\/\",\"logo\":{\"@type\":\"ImageObject\",\"inLanguage\":\"pt-BR\",\"@id\":\"https:\/\/agenciainfra.com\/blog\/#\/schema\/logo\/image\/\",\"url\":\"https:\/\/agenciainfra.com\/blog\/wp-content\/uploads\/2023\/09\/iNFRA_5-e1761735885940.png\",\"contentUrl\":\"https:\/\/agenciainfra.com\/blog\/wp-content\/uploads\/2023\/09\/iNFRA_5-e1761735885940.png\",\"width\":1672,\"height\":454,\"caption\":\"Ag\u00eancia iNFRA\"},\"image\":{\"@id\":\"https:\/\/agenciainfra.com\/blog\/#\/schema\/logo\/image\/\"},\"sameAs\":[\"https:\/\/www.facebook.com\/ageninfra\",\"https:\/\/x.com\/agencia_infra\",\"https:\/\/www.linkedin.com\/company\/ag\u00eanciainfra\/\",\"https:\/\/www.instagram.com\/agenciainfra\/\"]},{\"@type\":\"Person\",\"@id\":\"https:\/\/agenciainfra.com\/blog\/#\/schema\/person\/34af08dff6adea4cb22b06612ba7acfa\",\"name\":\"Ag\u00eancia iNFRA\",\"image\":{\"@type\":\"ImageObject\",\"inLanguage\":\"pt-BR\",\"@id\":\"https:\/\/agenciainfra.com\/blog\/#\/schema\/person\/image\/\",\"url\":\"https:\/\/secure.gravatar.com\/avatar\/d189e01678f06d8eb84d4e01f08eb848b3fffe3f8443818d3c356c66892f5be8?s=96&d=mm&r=g\",\"contentUrl\":\"https:\/\/secure.gravatar.com\/avatar\/d189e01678f06d8eb84d4e01f08eb848b3fffe3f8443818d3c356c66892f5be8?s=96&d=mm&r=g\",\"caption\":\"Ag\u00eancia iNFRA\"},\"url\":\"https:\/\/agenciainfra.com\/blog\/author\/admin\/\"}]}<\/script>\n<!-- \/ Yoast SEO Premium plugin. -->","yoast_head_json":{"title":"Plano de 100 Dias vira pol\u00edtica obrigat\u00f3ria nas concess\u00f5es rodovi\u00e1rias da ANTT - Ag\u00eancia iNFRA","robots":{"index":"index","follow":"follow","max-snippet":"max-snippet:-1","max-image-preview":"max-image-preview:large","max-video-preview":"max-video-preview:-1"},"canonical":"https:\/\/agenciainfra.com\/blog\/plano-de-100-dias-vira-politica-obrigatoria-nas-concessoes-rodoviarias-da-antt\/","og_locale":"pt_BR","og_type":"article","og_title":"Plano de 100 Dias vira pol\u00edtica obrigat\u00f3ria nas concess\u00f5es rodovi\u00e1rias da ANTT","og_description":"da Ag\u00eancia iNFRA A ANTT (Ag\u00eancia Nacional de Transportes Terrestres) oficializou o Plano de 100 Dias como pol\u00edtica p\u00fablica obrigat\u00f3ria em todos os novos contratos de concess\u00e3o de rodovias federais. A iniciativa, que j\u00e1 havia sido testada em concess\u00f5es como BR-040\/MG, da EPR Via Mineira, BR-381\/MG (Nova 381) e BR-040\/MG\/GO (Rota dos Cristais), estreia como [&hellip;]","og_url":"https:\/\/agenciainfra.com\/blog\/plano-de-100-dias-vira-politica-obrigatoria-nas-concessoes-rodoviarias-da-antt\/","og_site_name":"Ag\u00eancia iNFRA","article_publisher":"https:\/\/www.facebook.com\/ageninfra","article_published_time":"2025-06-27T00:01:47+00:00","article_modified_time":"2025-06-27T20:33:23+00:00","og_image":[{"width":768,"height":353,"url":"https:\/\/agenciainfra.com\/blog\/wp-content\/uploads\/2025\/06\/Foto-Divulgacao-Comunicacao-ANTT.jpeg","type":"image\/jpeg"}],"author":"Ag\u00eancia iNFRA","twitter_card":"summary_large_image","twitter_creator":"@agencia_infra","twitter_site":"@agencia_infra","twitter_misc":{"Escrito por":"Ag\u00eancia iNFRA","Est. tempo de leitura":"1 minuto"},"schema":{"@context":"https:\/\/schema.org","@graph":[{"@type":"Article","@id":"https:\/\/agenciainfra.com\/blog\/plano-de-100-dias-vira-politica-obrigatoria-nas-concessoes-rodoviarias-da-antt\/#article","isPartOf":{"@id":"https:\/\/agenciainfra.com\/blog\/plano-de-100-dias-vira-politica-obrigatoria-nas-concessoes-rodoviarias-da-antt\/"},"author":{"name":"Ag\u00eancia iNFRA","@id":"https:\/\/agenciainfra.com\/blog\/#\/schema\/person\/34af08dff6adea4cb22b06612ba7acfa"},"headline":"Plano de 100 Dias vira pol\u00edtica obrigat\u00f3ria nas concess\u00f5es rodovi\u00e1rias da ANTT","datePublished":"2025-06-27T00:01:47+00:00","dateModified":"2025-06-27T20:33:23+00:00","mainEntityOfPage":{"@id":"https:\/\/agenciainfra.com\/blog\/plano-de-100-dias-vira-politica-obrigatoria-nas-concessoes-rodoviarias-da-antt\/"},"wordCount":287,"publisher":{"@id":"https:\/\/agenciainfra.com\/blog\/#organization"},"image":{"@id":"https:\/\/agenciainfra.com\/blog\/plano-de-100-dias-vira-politica-obrigatoria-nas-concessoes-rodoviarias-da-antt\/#primaryimage"},"thumbnailUrl":"https:\/\/agenciainfra.com\/blog\/wp-content\/uploads\/2025\/06\/Foto-Divulgacao-Comunicacao-ANTT.jpeg","keywords":["Ag\u00eancia Nacional de Transportes Terrestres","ANTT","concess\u00f5es da ANTT","concess\u00f5es rodovi\u00e1rias","plano de 100 dias","rota agro central"],"articleSection":["Geral","Giro iNFRA"],"inLanguage":"pt-BR","copyrightYear":"2025","copyrightHolder":{"@id":"https:\/\/agenciainfra.com\/blog\/#organization"}},{"@type":"WebPage","@id":"https:\/\/agenciainfra.com\/blog\/plano-de-100-dias-vira-politica-obrigatoria-nas-concessoes-rodoviarias-da-antt\/","url":"https:\/\/agenciainfra.com\/blog\/plano-de-100-dias-vira-politica-obrigatoria-nas-concessoes-rodoviarias-da-antt\/","name":"Plano de 100 Dias vira pol\u00edtica obrigat\u00f3ria nas concess\u00f5es rodovi\u00e1rias da ANTT - Ag\u00eancia iNFRA","isPartOf":{"@id":"https:\/\/agenciainfra.com\/blog\/#website"},"primaryImageOfPage":{"@id":"https:\/\/agenciainfra.com\/blog\/plano-de-100-dias-vira-politica-obrigatoria-nas-concessoes-rodoviarias-da-antt\/#primaryimage"},"image":{"@id":"https:\/\/agenciainfra.com\/blog\/plano-de-100-dias-vira-politica-obrigatoria-nas-concessoes-rodoviarias-da-antt\/#primaryimage"},"thumbnailUrl":"https:\/\/agenciainfra.com\/blog\/wp-content\/uploads\/2025\/06\/Foto-Divulgacao-Comunicacao-ANTT.jpeg","datePublished":"2025-06-27T00:01:47+00:00","dateModified":"2025-06-27T20:33:23+00:00","breadcrumb":{"@id":"https:\/\/agenciainfra.com\/blog\/plano-de-100-dias-vira-politica-obrigatoria-nas-concessoes-rodoviarias-da-antt\/#breadcrumb"},"inLanguage":"pt-BR","potentialAction":[{"@type":"ReadAction","target":["https:\/\/agenciainfra.com\/blog\/plano-de-100-dias-vira-politica-obrigatoria-nas-concessoes-rodoviarias-da-antt\/"]}]},{"@type":"ImageObject","inLanguage":"pt-BR","@id":"https:\/\/agenciainfra.com\/blog\/plano-de-100-dias-vira-politica-obrigatoria-nas-concessoes-rodoviarias-da-antt\/#primaryimage","url":"https:\/\/agenciainfra.com\/blog\/wp-content\/uploads\/2025\/06\/Foto-Divulgacao-Comunicacao-ANTT.jpeg","contentUrl":"https:\/\/agenciainfra.com\/blog\/wp-content\/uploads\/2025\/06\/Foto-Divulgacao-Comunicacao-ANTT.jpeg","width":768,"height":353,"caption":"Foto: ANTT\/Divulga\u00e7\u00e3o"},{"@type":"BreadcrumbList","@id":"https:\/\/agenciainfra.com\/blog\/plano-de-100-dias-vira-politica-obrigatoria-nas-concessoes-rodoviarias-da-antt\/#breadcrumb","itemListElement":[{"@type":"ListItem","position":1,"name":"In\u00edcio","item":"https:\/\/agenciainfra.com\/blog\/"},{"@type":"ListItem","position":2,"name":"Plano de 100 Dias vira pol\u00edtica obrigat\u00f3ria nas concess\u00f5es rodovi\u00e1rias da ANTT"}]},{"@type":"WebSite","@id":"https:\/\/agenciainfra.com\/blog\/#website","url":"https:\/\/agenciainfra.com\/blog\/","name":"Ag\u00eancia iNFRA","description":"Multiplataforma de informa\u00e7\u00e3o jornal\u00edstica refer\u00eancia na \u00e1rea de infraestrutura no Brasil!","publisher":{"@id":"https:\/\/agenciainfra.com\/blog\/#organization"},"potentialAction":[{"@type":"SearchAction","target":{"@type":"EntryPoint","urlTemplate":"https:\/\/agenciainfra.com\/blog\/?s={search_term_string}"},"query-input":{"@type":"PropertyValueSpecification","valueRequired":true,"valueName":"search_term_string"}}],"inLanguage":"pt-BR"},{"@type":"Organization","@id":"https:\/\/agenciainfra.com\/blog\/#organization","name":"Ag\u00eancia iNFRA","url":"https:\/\/agenciainfra.com\/blog\/","logo":{"@type":"ImageObject","inLanguage":"pt-BR","@id":"https:\/\/agenciainfra.com\/blog\/#\/schema\/logo\/image\/","url":"https:\/\/agenciainfra.com\/blog\/wp-content\/uploads\/2023\/09\/iNFRA_5-e1761735885940.png","contentUrl":"https:\/\/agenciainfra.com\/blog\/wp-content\/uploads\/2023\/09\/iNFRA_5-e1761735885940.png","width":1672,"height":454,"caption":"Ag\u00eancia iNFRA"},"image":{"@id":"https:\/\/agenciainfra.com\/blog\/#\/schema\/logo\/image\/"},"sameAs":["https:\/\/www.facebook.com\/ageninfra","https:\/\/x.com\/agencia_infra","https:\/\/www.linkedin.com\/company\/ag\u00eanciainfra\/","https:\/\/www.instagram.com\/agenciainfra\/"]},{"@type":"Person","@id":"https:\/\/agenciainfra.com\/blog\/#\/schema\/person\/34af08dff6adea4cb22b06612ba7acfa","name":"Ag\u00eancia iNFRA","image":{"@type":"ImageObject","inLanguage":"pt-BR","@id":"https:\/\/agenciainfra.com\/blog\/#\/schema\/person\/image\/","url":"https:\/\/secure.gravatar.com\/avatar\/d189e01678f06d8eb84d4e01f08eb848b3fffe3f8443818d3c356c66892f5be8?s=96&d=mm&r=g","contentUrl":"https:\/\/secure.gravatar.com\/avatar\/d189e01678f06d8eb84d4e01f08eb848b3fffe3f8443818d3c356c66892f5be8?s=96&d=mm&r=g","caption":"Ag\u00eancia iNFRA"},"url":"https:\/\/agenciainfra.com\/blog\/author\/admin\/"}]}},"_links":{"self":[{"href":"https:\/\/agenciainfra.com\/blog\/wp-json\/wp\/v2\/posts\/23701","targetHints":{"allow":["GET"]}}],"collection":[{"href":"https:\/\/agenciainfra.com\/blog\/wp-json\/wp\/v2\/posts"}],"about":[{"href":"https:\/\/agenciainfra.com\/blog\/wp-json\/wp\/v2\/types\/post"}],"author":[{"embeddable":true,"href":"https:\/\/agenciainfra.com\/blog\/wp-json\/wp\/v2\/users\/1"}],"replies":[{"embeddable":true,"href":"https:\/\/agenciainfra.com\/blog\/wp-json\/wp\/v2\/comments?post=23701"}],"version-history":[{"count":2,"href":"https:\/\/agenciainfra.com\/blog\/wp-json\/wp\/v2\/posts\/23701\/revisions"}],"predecessor-version":[{"id":23743,"href":"https:\/\/agenciainfra.com\/blog\/wp-json\/wp\/v2\/posts\/23701\/revisions\/23743"}],"wp:featuredmedia":[{"embeddable":true,"href":"https:\/\/agenciainfra.com\/blog\/wp-json\/wp\/v2\/media\/23703"}],"wp:attachment":[{"href":"https:\/\/agenciainfra.com\/blog\/wp-json\/wp\/v2\/media?parent=23701"}],"wp:term":[{"taxonomy":"category","embeddable":true,"href":"https:\/\/agenciainfra.com\/blog\/wp-json\/wp\/v2\/categories?post=23701"},{"taxonomy":"post_tag","embeddable":true,"href":"https:\/\/agenciainfra.com\/blog\/wp-json\/wp\/v2\/tags?post=23701"}],"curies":[{"name":"wp","href":"https:\/\/api.w.org\/{rel}","templated":true}]}}