{"id":23729,"date":"2025-06-27T12:58:50","date_gmt":"2025-06-27T15:58:50","guid":{"rendered":"https:\/\/agenciainfra.com\/blog\/?p=23729"},"modified":"2025-06-30T15:32:24","modified_gmt":"2025-06-30T18:32:24","slug":"justica-federal-veta-temporariamente-avanco-de-obras-no-pedral-do-lourenco-e-determina-inspecao","status":"publish","type":"post","link":"https:\/\/agenciainfra.com\/blog\/justica-federal-veta-temporariamente-avanco-de-obras-no-pedral-do-lourenco-e-determina-inspecao\/","title":{"rendered":"Justi\u00e7a federal veta temporariamente avan\u00e7o de obras no Pedral do Louren\u00e7o e determina inspe\u00e7\u00e3o"},"content":{"rendered":"\n<p class=\"has-text-align-right\"><strong>Amanda Pupo, da Ag\u00eancia iNFRA<\/strong><\/p>\n\n\n\n<p>A Justi\u00e7a Federal determinou que o DNIT (Departamento Nacional de Infraestrutura de Transportes) n\u00e3o avance nas obras de derrocamento do Pedral do Louren\u00e7o, empreendimento projetado para viabilizar a navegabilidade na hidrovia do rio Tocantins. O empreendimento \u2013 agora paralisado \u2013 \u00e9 considerado pelo MPor (Minist\u00e9rio de Portos e Aeroportos) como fundamental para a concess\u00e3o da hidrovia.<\/p>\n\n\n\n<p>A suspens\u00e3o vale at\u00e9 que o Judici\u00e1rio analise sobre o pedido do MPF (Minist\u00e9rio P\u00fablico Federal) de suspens\u00e3o dos efeitos da LI (Licen\u00e7a de Instala\u00e7\u00e3o) concedida pelo Ibama (Instituto Brasileiro do Meio Ambiente e dos Recursos Naturais Renov\u00e1veis) no final de maio.<\/p>\n\n\n\n<p>O juiz Andr\u00e9 Lu\u00eds Cavalcanti Silva, respons\u00e1vel pela decis\u00e3o assinada na quarta-feira (25), determinou tamb\u00e9m a realiza\u00e7\u00e3o de uma inspe\u00e7\u00e3o judicial sobre a obra e os impactos nas comunidades tradicionais ribeirinhas.<\/p>\n\n\n\n<p>A LI da obra expedida ao DNIT \u00e9 relativa ao Trecho 2, entre Santa Teresinha do Tauiri e a Ilha do Bog\u00e9a, no Par\u00e1, e tem 14 condicionantes espec\u00edficas. O trecho tem 35 km de extens\u00e3o e inclui a instala\u00e7\u00e3o dos canteiros de apoio, industrial e paiol de explosivos. A LP (licen\u00e7a pr\u00e9via) para o empreendimento foi emitida em 2022. Depois de conclu\u00edda a obra, o Ibama precisar\u00e1 emitir a Licen\u00e7a de Opera\u00e7\u00e3o.<\/p>\n\n\n\n<p>O MPF alegou \u00e0 Justi\u00e7a que a emiss\u00e3o da licen\u00e7a de instala\u00e7\u00e3o representa risco de agravamento e consolida\u00e7\u00e3o de uma \u201cs\u00e9rie de ilegalidades e falhas\u201d no processo de licenciamento ambiental da hidrovia.<\/p>\n\n\n\n<p>O \u00f3rg\u00e3o ainda alegou que n\u00e3o foram realizadas CPLIs (Consultas Pr\u00e9vias, Livres e Informadas) \u00e0s comunidades ind\u00edgenas, quilombolas, ribeirinhas e de pescadores artesanais que ser\u00e3o diretamente afetadas pelas obras.<\/p>\n\n\n\n<p>No processo, o juiz relatou que o DNIT defendeu a legalidade do licenciamento, enquanto o Ibama argumentou que as consultas realizadas j\u00e1 foram suficientes para a an\u00e1lise da licen\u00e7a. Al\u00e9m disso, a Funai (Funda\u00e7\u00e3o Nacional dos Povos Ind\u00edgenas) e o Incra (Instituto Nacional de Coloniza\u00e7\u00e3o e Reforma Agr\u00e1ria) defenderam a legalidade do processo ao Judici\u00e1rio.<\/p>\n\n\n\n<p>O magistrado respons\u00e1vel pelo processo afirmou que a realiza\u00e7\u00e3o de inspe\u00e7\u00e3o judicial determinada por ele ser\u00e1 relevante para avalia\u00e7\u00e3o do impacto socioambiental da obra de derrocamento. \u201cPor meio desse instrumento, o ju\u00edzo poder\u00e1 colher elementos de prova adicionais e, sobretudo, captar as peculiaridades que n\u00e3o podem ser integralmente traduzidas em documentos t\u00e9cnicos ou testemunhais\u201d, escreveu.<\/p>\n","protected":false},"excerpt":{"rendered":"<p>Amanda Pupo, da Ag\u00eancia iNFRA A Justi\u00e7a Federal determinou que o DNIT (Departamento Nacional de Infraestrutura de Transportes) n\u00e3o avance nas obras de derrocamento do Pedral do Louren\u00e7o, empreendimento projetado para viabilizar a navegabilidade na hidrovia do rio Tocantins. O empreendimento \u2013 agora paralisado \u2013 \u00e9 considerado pelo MPor (Minist\u00e9rio de Portos e Aeroportos) como [&hellip;]<\/p>\n","protected":false},"author":1,"featured_media":22108,"comment_status":"closed","ping_status":"closed","sticky":false,"template":"","format":"standard","meta":{"_monsterinsights_skip_tracking":false,"_monsterinsights_sitenote_active":false,"_monsterinsights_sitenote_note":"","_monsterinsights_sitenote_category":0,"footnotes":""},"categories":[1,7],"tags":[13354,328,619,14051,749,11058,6919,1501],"class_list":["post-23729","post","type-post","status-publish","format-standard","has-post-thumbnail","hentry","category-geral","category-infratransporte","tag-amanda-pupo","tag-dnit","tag-hidrovia","tag-hidrovia-do-rio-tocantins","tag-ibama","tag-licenca-de-instalacao","tag-mpor","tag-pedral-do-lourenco"],"yoast_head":"<!-- This site is optimized with the Yoast SEO Premium plugin v25.4 (Yoast SEO v26.0) - https:\/\/yoast.com\/wordpress\/plugins\/seo\/ -->\n<title>Justi\u00e7a federal veta temporariamente avan\u00e7o de obras no Pedral do Louren\u00e7o e determina inspe\u00e7\u00e3o - Ag\u00eancia iNFRA<\/title>\n<meta name=\"robots\" content=\"index, follow, max-snippet:-1, max-image-preview:large, max-video-preview:-1\" \/>\n<link rel=\"canonical\" href=\"https:\/\/agenciainfra.com\/blog\/justica-federal-veta-temporariamente-avanco-de-obras-no-pedral-do-lourenco-e-determina-inspecao\/\" \/>\n<meta property=\"og:locale\" content=\"pt_BR\" \/>\n<meta property=\"og:type\" content=\"article\" \/>\n<meta property=\"og:title\" content=\"Justi\u00e7a federal veta temporariamente avan\u00e7o de obras no Pedral do Louren\u00e7o e determina inspe\u00e7\u00e3o\" \/>\n<meta property=\"og:description\" content=\"Amanda Pupo, da Ag\u00eancia iNFRA A Justi\u00e7a Federal determinou que o DNIT (Departamento Nacional de Infraestrutura de Transportes) n\u00e3o avance nas obras de derrocamento do Pedral do Louren\u00e7o, empreendimento projetado para viabilizar a navegabilidade na hidrovia do rio Tocantins. O empreendimento \u2013 agora paralisado \u2013 \u00e9 considerado pelo MPor (Minist\u00e9rio de Portos e Aeroportos) como [&hellip;]\" \/>\n<meta property=\"og:url\" content=\"https:\/\/agenciainfra.com\/blog\/justica-federal-veta-temporariamente-avanco-de-obras-no-pedral-do-lourenco-e-determina-inspecao\/\" \/>\n<meta property=\"og:site_name\" content=\"Ag\u00eancia iNFRA\" \/>\n<meta property=\"article:publisher\" content=\"https:\/\/www.facebook.com\/ageninfra\" \/>\n<meta property=\"article:published_time\" content=\"2025-06-27T15:58:50+00:00\" \/>\n<meta property=\"article:modified_time\" content=\"2025-06-30T18:32:24+00:00\" \/>\n<meta property=\"og:image\" content=\"https:\/\/agenciainfra.com\/blog\/wp-content\/uploads\/2025\/05\/pedral-do-lourenco-foto-dnit-e1751039898836.png\" \/>\n\t<meta property=\"og:image:width\" content=\"1280\" \/>\n\t<meta property=\"og:image:height\" content=\"787\" \/>\n\t<meta property=\"og:image:type\" content=\"image\/png\" \/>\n<meta name=\"author\" content=\"Ag\u00eancia iNFRA\" \/>\n<meta name=\"twitter:card\" content=\"summary_large_image\" \/>\n<meta name=\"twitter:creator\" content=\"@agencia_infra\" \/>\n<meta name=\"twitter:site\" content=\"@agencia_infra\" \/>\n<meta name=\"twitter:label1\" content=\"Escrito por\" \/>\n\t<meta name=\"twitter:data1\" content=\"Ag\u00eancia iNFRA\" \/>\n\t<meta name=\"twitter:label2\" content=\"Est. tempo de leitura\" \/>\n\t<meta name=\"twitter:data2\" content=\"2 minutos\" \/>\n<script type=\"application\/ld+json\" class=\"yoast-schema-graph\">{\"@context\":\"https:\/\/schema.org\",\"@graph\":[{\"@type\":\"Article\",\"@id\":\"https:\/\/agenciainfra.com\/blog\/justica-federal-veta-temporariamente-avanco-de-obras-no-pedral-do-lourenco-e-determina-inspecao\/#article\",\"isPartOf\":{\"@id\":\"https:\/\/agenciainfra.com\/blog\/justica-federal-veta-temporariamente-avanco-de-obras-no-pedral-do-lourenco-e-determina-inspecao\/\"},\"author\":{\"name\":\"Ag\u00eancia iNFRA\",\"@id\":\"https:\/\/agenciainfra.com\/blog\/#\/schema\/person\/34af08dff6adea4cb22b06612ba7acfa\"},\"headline\":\"Justi\u00e7a federal veta temporariamente avan\u00e7o de obras no Pedral do Louren\u00e7o e determina inspe\u00e7\u00e3o\",\"datePublished\":\"2025-06-27T15:58:50+00:00\",\"dateModified\":\"2025-06-30T18:32:24+00:00\",\"mainEntityOfPage\":{\"@id\":\"https:\/\/agenciainfra.com\/blog\/justica-federal-veta-temporariamente-avanco-de-obras-no-pedral-do-lourenco-e-determina-inspecao\/\"},\"wordCount\":441,\"publisher\":{\"@id\":\"https:\/\/agenciainfra.com\/blog\/#organization\"},\"image\":{\"@id\":\"https:\/\/agenciainfra.com\/blog\/justica-federal-veta-temporariamente-avanco-de-obras-no-pedral-do-lourenco-e-determina-inspecao\/#primaryimage\"},\"thumbnailUrl\":\"https:\/\/agenciainfra.com\/blog\/wp-content\/uploads\/2025\/05\/pedral-do-lourenco-foto-dnit-e1751039898836.png\",\"keywords\":[\"Amanda Pupo\",\"DNIT\",\"Hidrovia\",\"hidrovia do rio tocantins\",\"Ibama\",\"Licen\u00e7a de Instala\u00e7\u00e3o\",\"MPor\",\"Pedral do Louren\u00e7o\"],\"articleSection\":[\"Geral\",\"iNFRATransporte\"],\"inLanguage\":\"pt-BR\",\"copyrightYear\":\"2025\",\"copyrightHolder\":{\"@id\":\"https:\/\/agenciainfra.com\/blog\/#organization\"}},{\"@type\":\"WebPage\",\"@id\":\"https:\/\/agenciainfra.com\/blog\/justica-federal-veta-temporariamente-avanco-de-obras-no-pedral-do-lourenco-e-determina-inspecao\/\",\"url\":\"https:\/\/agenciainfra.com\/blog\/justica-federal-veta-temporariamente-avanco-de-obras-no-pedral-do-lourenco-e-determina-inspecao\/\",\"name\":\"Justi\u00e7a federal veta temporariamente avan\u00e7o de obras no Pedral do Louren\u00e7o e determina inspe\u00e7\u00e3o - Ag\u00eancia iNFRA\",\"isPartOf\":{\"@id\":\"https:\/\/agenciainfra.com\/blog\/#website\"},\"primaryImageOfPage\":{\"@id\":\"https:\/\/agenciainfra.com\/blog\/justica-federal-veta-temporariamente-avanco-de-obras-no-pedral-do-lourenco-e-determina-inspecao\/#primaryimage\"},\"image\":{\"@id\":\"https:\/\/agenciainfra.com\/blog\/justica-federal-veta-temporariamente-avanco-de-obras-no-pedral-do-lourenco-e-determina-inspecao\/#primaryimage\"},\"thumbnailUrl\":\"https:\/\/agenciainfra.com\/blog\/wp-content\/uploads\/2025\/05\/pedral-do-lourenco-foto-dnit-e1751039898836.png\",\"datePublished\":\"2025-06-27T15:58:50+00:00\",\"dateModified\":\"2025-06-30T18:32:24+00:00\",\"breadcrumb\":{\"@id\":\"https:\/\/agenciainfra.com\/blog\/justica-federal-veta-temporariamente-avanco-de-obras-no-pedral-do-lourenco-e-determina-inspecao\/#breadcrumb\"},\"inLanguage\":\"pt-BR\",\"potentialAction\":[{\"@type\":\"ReadAction\",\"target\":[\"https:\/\/agenciainfra.com\/blog\/justica-federal-veta-temporariamente-avanco-de-obras-no-pedral-do-lourenco-e-determina-inspecao\/\"]}]},{\"@type\":\"ImageObject\",\"inLanguage\":\"pt-BR\",\"@id\":\"https:\/\/agenciainfra.com\/blog\/justica-federal-veta-temporariamente-avanco-de-obras-no-pedral-do-lourenco-e-determina-inspecao\/#primaryimage\",\"url\":\"https:\/\/agenciainfra.com\/blog\/wp-content\/uploads\/2025\/05\/pedral-do-lourenco-foto-dnit-e1751039898836.png\",\"contentUrl\":\"https:\/\/agenciainfra.com\/blog\/wp-content\/uploads\/2025\/05\/pedral-do-lourenco-foto-dnit-e1751039898836.png\",\"width\":1280,\"height\":787,\"caption\":\"Foto: DNIT\/Divulga\u00e7\u00e3o\"},{\"@type\":\"BreadcrumbList\",\"@id\":\"https:\/\/agenciainfra.com\/blog\/justica-federal-veta-temporariamente-avanco-de-obras-no-pedral-do-lourenco-e-determina-inspecao\/#breadcrumb\",\"itemListElement\":[{\"@type\":\"ListItem\",\"position\":1,\"name\":\"In\u00edcio\",\"item\":\"https:\/\/agenciainfra.com\/blog\/\"},{\"@type\":\"ListItem\",\"position\":2,\"name\":\"Justi\u00e7a federal veta temporariamente avan\u00e7o de obras no Pedral do Louren\u00e7o e determina inspe\u00e7\u00e3o\"}]},{\"@type\":\"WebSite\",\"@id\":\"https:\/\/agenciainfra.com\/blog\/#website\",\"url\":\"https:\/\/agenciainfra.com\/blog\/\",\"name\":\"Ag\u00eancia iNFRA\",\"description\":\"Multiplataforma de informa\u00e7\u00e3o jornal\u00edstica refer\u00eancia na \u00e1rea de infraestrutura no Brasil!\",\"publisher\":{\"@id\":\"https:\/\/agenciainfra.com\/blog\/#organization\"},\"potentialAction\":[{\"@type\":\"SearchAction\",\"target\":{\"@type\":\"EntryPoint\",\"urlTemplate\":\"https:\/\/agenciainfra.com\/blog\/?s={search_term_string}\"},\"query-input\":{\"@type\":\"PropertyValueSpecification\",\"valueRequired\":true,\"valueName\":\"search_term_string\"}}],\"inLanguage\":\"pt-BR\"},{\"@type\":\"Organization\",\"@id\":\"https:\/\/agenciainfra.com\/blog\/#organization\",\"name\":\"Ag\u00eancia iNFRA\",\"url\":\"https:\/\/agenciainfra.com\/blog\/\",\"logo\":{\"@type\":\"ImageObject\",\"inLanguage\":\"pt-BR\",\"@id\":\"https:\/\/agenciainfra.com\/blog\/#\/schema\/logo\/image\/\",\"url\":\"https:\/\/agenciainfra.com\/blog\/wp-content\/uploads\/2023\/09\/iNFRA_5-e1761735885940.png\",\"contentUrl\":\"https:\/\/agenciainfra.com\/blog\/wp-content\/uploads\/2023\/09\/iNFRA_5-e1761735885940.png\",\"width\":1672,\"height\":454,\"caption\":\"Ag\u00eancia iNFRA\"},\"image\":{\"@id\":\"https:\/\/agenciainfra.com\/blog\/#\/schema\/logo\/image\/\"},\"sameAs\":[\"https:\/\/www.facebook.com\/ageninfra\",\"https:\/\/x.com\/agencia_infra\",\"https:\/\/www.linkedin.com\/company\/ag\u00eanciainfra\/\",\"https:\/\/www.instagram.com\/agenciainfra\/\"]},{\"@type\":\"Person\",\"@id\":\"https:\/\/agenciainfra.com\/blog\/#\/schema\/person\/34af08dff6adea4cb22b06612ba7acfa\",\"name\":\"Ag\u00eancia iNFRA\",\"image\":{\"@type\":\"ImageObject\",\"inLanguage\":\"pt-BR\",\"@id\":\"https:\/\/agenciainfra.com\/blog\/#\/schema\/person\/image\/\",\"url\":\"https:\/\/secure.gravatar.com\/avatar\/d189e01678f06d8eb84d4e01f08eb848b3fffe3f8443818d3c356c66892f5be8?s=96&d=mm&r=g\",\"contentUrl\":\"https:\/\/secure.gravatar.com\/avatar\/d189e01678f06d8eb84d4e01f08eb848b3fffe3f8443818d3c356c66892f5be8?s=96&d=mm&r=g\",\"caption\":\"Ag\u00eancia iNFRA\"},\"url\":\"https:\/\/agenciainfra.com\/blog\/author\/admin\/\"}]}<\/script>\n<!-- \/ Yoast SEO Premium plugin. -->","yoast_head_json":{"title":"Justi\u00e7a federal veta temporariamente avan\u00e7o de obras no Pedral do Louren\u00e7o e determina inspe\u00e7\u00e3o - Ag\u00eancia iNFRA","robots":{"index":"index","follow":"follow","max-snippet":"max-snippet:-1","max-image-preview":"max-image-preview:large","max-video-preview":"max-video-preview:-1"},"canonical":"https:\/\/agenciainfra.com\/blog\/justica-federal-veta-temporariamente-avanco-de-obras-no-pedral-do-lourenco-e-determina-inspecao\/","og_locale":"pt_BR","og_type":"article","og_title":"Justi\u00e7a federal veta temporariamente avan\u00e7o de obras no Pedral do Louren\u00e7o e determina inspe\u00e7\u00e3o","og_description":"Amanda Pupo, da Ag\u00eancia iNFRA A Justi\u00e7a Federal determinou que o DNIT (Departamento Nacional de Infraestrutura de Transportes) n\u00e3o avance nas obras de derrocamento do Pedral do Louren\u00e7o, empreendimento projetado para viabilizar a navegabilidade na hidrovia do rio Tocantins. O empreendimento \u2013 agora paralisado \u2013 \u00e9 considerado pelo MPor (Minist\u00e9rio de Portos e Aeroportos) como [&hellip;]","og_url":"https:\/\/agenciainfra.com\/blog\/justica-federal-veta-temporariamente-avanco-de-obras-no-pedral-do-lourenco-e-determina-inspecao\/","og_site_name":"Ag\u00eancia iNFRA","article_publisher":"https:\/\/www.facebook.com\/ageninfra","article_published_time":"2025-06-27T15:58:50+00:00","article_modified_time":"2025-06-30T18:32:24+00:00","og_image":[{"width":1280,"height":787,"url":"https:\/\/agenciainfra.com\/blog\/wp-content\/uploads\/2025\/05\/pedral-do-lourenco-foto-dnit-e1751039898836.png","type":"image\/png"}],"author":"Ag\u00eancia iNFRA","twitter_card":"summary_large_image","twitter_creator":"@agencia_infra","twitter_site":"@agencia_infra","twitter_misc":{"Escrito por":"Ag\u00eancia iNFRA","Est. tempo de leitura":"2 minutos"},"schema":{"@context":"https:\/\/schema.org","@graph":[{"@type":"Article","@id":"https:\/\/agenciainfra.com\/blog\/justica-federal-veta-temporariamente-avanco-de-obras-no-pedral-do-lourenco-e-determina-inspecao\/#article","isPartOf":{"@id":"https:\/\/agenciainfra.com\/blog\/justica-federal-veta-temporariamente-avanco-de-obras-no-pedral-do-lourenco-e-determina-inspecao\/"},"author":{"name":"Ag\u00eancia iNFRA","@id":"https:\/\/agenciainfra.com\/blog\/#\/schema\/person\/34af08dff6adea4cb22b06612ba7acfa"},"headline":"Justi\u00e7a federal veta temporariamente avan\u00e7o de obras no Pedral do Louren\u00e7o e determina inspe\u00e7\u00e3o","datePublished":"2025-06-27T15:58:50+00:00","dateModified":"2025-06-30T18:32:24+00:00","mainEntityOfPage":{"@id":"https:\/\/agenciainfra.com\/blog\/justica-federal-veta-temporariamente-avanco-de-obras-no-pedral-do-lourenco-e-determina-inspecao\/"},"wordCount":441,"publisher":{"@id":"https:\/\/agenciainfra.com\/blog\/#organization"},"image":{"@id":"https:\/\/agenciainfra.com\/blog\/justica-federal-veta-temporariamente-avanco-de-obras-no-pedral-do-lourenco-e-determina-inspecao\/#primaryimage"},"thumbnailUrl":"https:\/\/agenciainfra.com\/blog\/wp-content\/uploads\/2025\/05\/pedral-do-lourenco-foto-dnit-e1751039898836.png","keywords":["Amanda Pupo","DNIT","Hidrovia","hidrovia do rio tocantins","Ibama","Licen\u00e7a de Instala\u00e7\u00e3o","MPor","Pedral do Louren\u00e7o"],"articleSection":["Geral","iNFRATransporte"],"inLanguage":"pt-BR","copyrightYear":"2025","copyrightHolder":{"@id":"https:\/\/agenciainfra.com\/blog\/#organization"}},{"@type":"WebPage","@id":"https:\/\/agenciainfra.com\/blog\/justica-federal-veta-temporariamente-avanco-de-obras-no-pedral-do-lourenco-e-determina-inspecao\/","url":"https:\/\/agenciainfra.com\/blog\/justica-federal-veta-temporariamente-avanco-de-obras-no-pedral-do-lourenco-e-determina-inspecao\/","name":"Justi\u00e7a federal veta temporariamente avan\u00e7o de obras no Pedral do Louren\u00e7o e determina inspe\u00e7\u00e3o - Ag\u00eancia iNFRA","isPartOf":{"@id":"https:\/\/agenciainfra.com\/blog\/#website"},"primaryImageOfPage":{"@id":"https:\/\/agenciainfra.com\/blog\/justica-federal-veta-temporariamente-avanco-de-obras-no-pedral-do-lourenco-e-determina-inspecao\/#primaryimage"},"image":{"@id":"https:\/\/agenciainfra.com\/blog\/justica-federal-veta-temporariamente-avanco-de-obras-no-pedral-do-lourenco-e-determina-inspecao\/#primaryimage"},"thumbnailUrl":"https:\/\/agenciainfra.com\/blog\/wp-content\/uploads\/2025\/05\/pedral-do-lourenco-foto-dnit-e1751039898836.png","datePublished":"2025-06-27T15:58:50+00:00","dateModified":"2025-06-30T18:32:24+00:00","breadcrumb":{"@id":"https:\/\/agenciainfra.com\/blog\/justica-federal-veta-temporariamente-avanco-de-obras-no-pedral-do-lourenco-e-determina-inspecao\/#breadcrumb"},"inLanguage":"pt-BR","potentialAction":[{"@type":"ReadAction","target":["https:\/\/agenciainfra.com\/blog\/justica-federal-veta-temporariamente-avanco-de-obras-no-pedral-do-lourenco-e-determina-inspecao\/"]}]},{"@type":"ImageObject","inLanguage":"pt-BR","@id":"https:\/\/agenciainfra.com\/blog\/justica-federal-veta-temporariamente-avanco-de-obras-no-pedral-do-lourenco-e-determina-inspecao\/#primaryimage","url":"https:\/\/agenciainfra.com\/blog\/wp-content\/uploads\/2025\/05\/pedral-do-lourenco-foto-dnit-e1751039898836.png","contentUrl":"https:\/\/agenciainfra.com\/blog\/wp-content\/uploads\/2025\/05\/pedral-do-lourenco-foto-dnit-e1751039898836.png","width":1280,"height":787,"caption":"Foto: DNIT\/Divulga\u00e7\u00e3o"},{"@type":"BreadcrumbList","@id":"https:\/\/agenciainfra.com\/blog\/justica-federal-veta-temporariamente-avanco-de-obras-no-pedral-do-lourenco-e-determina-inspecao\/#breadcrumb","itemListElement":[{"@type":"ListItem","position":1,"name":"In\u00edcio","item":"https:\/\/agenciainfra.com\/blog\/"},{"@type":"ListItem","position":2,"name":"Justi\u00e7a federal veta temporariamente avan\u00e7o de obras no Pedral do Louren\u00e7o e determina inspe\u00e7\u00e3o"}]},{"@type":"WebSite","@id":"https:\/\/agenciainfra.com\/blog\/#website","url":"https:\/\/agenciainfra.com\/blog\/","name":"Ag\u00eancia iNFRA","description":"Multiplataforma de informa\u00e7\u00e3o jornal\u00edstica refer\u00eancia na \u00e1rea de infraestrutura no Brasil!","publisher":{"@id":"https:\/\/agenciainfra.com\/blog\/#organization"},"potentialAction":[{"@type":"SearchAction","target":{"@type":"EntryPoint","urlTemplate":"https:\/\/agenciainfra.com\/blog\/?s={search_term_string}"},"query-input":{"@type":"PropertyValueSpecification","valueRequired":true,"valueName":"search_term_string"}}],"inLanguage":"pt-BR"},{"@type":"Organization","@id":"https:\/\/agenciainfra.com\/blog\/#organization","name":"Ag\u00eancia iNFRA","url":"https:\/\/agenciainfra.com\/blog\/","logo":{"@type":"ImageObject","inLanguage":"pt-BR","@id":"https:\/\/agenciainfra.com\/blog\/#\/schema\/logo\/image\/","url":"https:\/\/agenciainfra.com\/blog\/wp-content\/uploads\/2023\/09\/iNFRA_5-e1761735885940.png","contentUrl":"https:\/\/agenciainfra.com\/blog\/wp-content\/uploads\/2023\/09\/iNFRA_5-e1761735885940.png","width":1672,"height":454,"caption":"Ag\u00eancia iNFRA"},"image":{"@id":"https:\/\/agenciainfra.com\/blog\/#\/schema\/logo\/image\/"},"sameAs":["https:\/\/www.facebook.com\/ageninfra","https:\/\/x.com\/agencia_infra","https:\/\/www.linkedin.com\/company\/ag\u00eanciainfra\/","https:\/\/www.instagram.com\/agenciainfra\/"]},{"@type":"Person","@id":"https:\/\/agenciainfra.com\/blog\/#\/schema\/person\/34af08dff6adea4cb22b06612ba7acfa","name":"Ag\u00eancia iNFRA","image":{"@type":"ImageObject","inLanguage":"pt-BR","@id":"https:\/\/agenciainfra.com\/blog\/#\/schema\/person\/image\/","url":"https:\/\/secure.gravatar.com\/avatar\/d189e01678f06d8eb84d4e01f08eb848b3fffe3f8443818d3c356c66892f5be8?s=96&d=mm&r=g","contentUrl":"https:\/\/secure.gravatar.com\/avatar\/d189e01678f06d8eb84d4e01f08eb848b3fffe3f8443818d3c356c66892f5be8?s=96&d=mm&r=g","caption":"Ag\u00eancia iNFRA"},"url":"https:\/\/agenciainfra.com\/blog\/author\/admin\/"}]}},"_links":{"self":[{"href":"https:\/\/agenciainfra.com\/blog\/wp-json\/wp\/v2\/posts\/23729","targetHints":{"allow":["GET"]}}],"collection":[{"href":"https:\/\/agenciainfra.com\/blog\/wp-json\/wp\/v2\/posts"}],"about":[{"href":"https:\/\/agenciainfra.com\/blog\/wp-json\/wp\/v2\/types\/post"}],"author":[{"embeddable":true,"href":"https:\/\/agenciainfra.com\/blog\/wp-json\/wp\/v2\/users\/1"}],"replies":[{"embeddable":true,"href":"https:\/\/agenciainfra.com\/blog\/wp-json\/wp\/v2\/comments?post=23729"}],"version-history":[{"count":2,"href":"https:\/\/agenciainfra.com\/blog\/wp-json\/wp\/v2\/posts\/23729\/revisions"}],"predecessor-version":[{"id":23733,"href":"https:\/\/agenciainfra.com\/blog\/wp-json\/wp\/v2\/posts\/23729\/revisions\/23733"}],"wp:featuredmedia":[{"embeddable":true,"href":"https:\/\/agenciainfra.com\/blog\/wp-json\/wp\/v2\/media\/22108"}],"wp:attachment":[{"href":"https:\/\/agenciainfra.com\/blog\/wp-json\/wp\/v2\/media?parent=23729"}],"wp:term":[{"taxonomy":"category","embeddable":true,"href":"https:\/\/agenciainfra.com\/blog\/wp-json\/wp\/v2\/categories?post=23729"},{"taxonomy":"post_tag","embeddable":true,"href":"https:\/\/agenciainfra.com\/blog\/wp-json\/wp\/v2\/tags?post=23729"}],"curies":[{"name":"wp","href":"https:\/\/api.w.org\/{rel}","templated":true}]}}