{"id":23734,"date":"2025-06-30T08:00:00","date_gmt":"2025-06-30T11:00:00","guid":{"rendered":"https:\/\/agenciainfra.com\/blog\/?p=23734"},"modified":"2025-07-09T10:53:40","modified_gmt":"2025-07-09T13:53:40","slug":"cnn-talks-e-infra-promovem-debate-sobre-relacao-entre-resiliencia-climatica-regulacao-e-financiamento","status":"publish","type":"post","link":"https:\/\/agenciainfra.com\/blog\/cnn-talks-e-infra-promovem-debate-sobre-relacao-entre-resiliencia-climatica-regulacao-e-financiamento\/","title":{"rendered":"CNN Talks e iNFRA promovem debate sobre rela\u00e7\u00e3o entre resili\u00eancia clim\u00e1tica, regula\u00e7\u00e3o e financiamento"},"content":{"rendered":"\n<p class=\"has-text-align-right\"><strong>da Ag\u00eancia iNFRA<\/strong><\/p>\n\n\n\n<p>Autoridades, especialistas e iniciativa privada re\u00fanem-se, em Bras\u00edlia, para debater a emerg\u00eancia clim\u00e1tica, os impactos nos principais setores e o desenvolvimento econ\u00f4mico e sustent\u00e1vel do Brasil. A CNN Brasil e a <strong>Ag\u00eancia iNFRA<\/strong> realizam, no pr\u00f3ximo dia 8 de julho, na Casa Parlamento, \u00e0s 18h45, o evento &#8220;CNN Talks COP30 | Resili\u00eancia Clim\u00e1tica, Regula\u00e7\u00e3o e Financiamento&#8221;. Acompanhe a transmiss\u00e3o <a href=\"https:\/\/www.youtube.com\/live\/n8wNh9Ath5c\">neste link<\/a>.<\/p>\n\n\n\n<p>A resili\u00eancia clim\u00e1tica, proposta no tema do encontro, al\u00e9m de ser uma das respostas aos extremos do presente, \u00e9 uma estrat\u00e9gia de futuro \u2013 e uma das agendas centrais da COP30. E, para o Brasil, a pauta \u00e9 especialmente estrat\u00e9gica.<\/p>\n\n\n\n<p>O evento ser\u00e1 dividido em tr\u00eas pain\u00e9is. No primeiro, &#8220;Brasil: resili\u00eancia ou colapso?&#8221;, o debate ter\u00e1 a participa\u00e7\u00e3o do secret\u00e1rio-executivo do Minist\u00e9rio do Meio Ambiente, Jo\u00e3o Paulo Capobianco; o diretor-geral da ANTT (Ag\u00eancia Nacional de Transportes Terrestres), Guilherme Sampaio; e a diretora da ANTAQ (Ag\u00eancia Nacional de Transportes Aquavi\u00e1rios) Fl\u00e1via Takafashi.<\/p>\n\n\n\n<p>&#8220;Transforma\u00e7\u00e3o clim\u00e1tica: a nova ordem do setor energ\u00e9tico&#8221; ser\u00e1 o assunto discutido no segundo painel, que contar\u00e1 com a participa\u00e7\u00e3o do secret\u00e1rio de Energia El\u00e9trica do Minist\u00e9rio de Minas e Energia, Gentil Nogueira, e da diretora da ANEEL (Ag\u00eancia Nacional de Energia El\u00e9trica) Agnes Costa, entre outros.<\/p>\n\n\n\n<p>J\u00e1 o \u00faltimo painel \u2013\u00a0&#8220;Financiamento clim\u00e1tico: quem paga o futuro?&#8221; \u2013 receber\u00e1, entre os convidados, o governador do Mato Grosso do Sul, Eduardo Riedel, e a diretora de Transi\u00e7\u00e3o Energ\u00e9tica e Mudan\u00e7as Clim\u00e1ticas do BNDES, Luciana Costa.<\/p>\n\n\n\n<p>O &#8220;CNN Talks COP30 | Resili\u00eancia Clim\u00e1tica e Regula\u00e7\u00e3o&#8221; ser\u00e1 mediado por M\u00e1rcio Gomes, \u00e2ncora do CNN Prime Time, e Daniel Rittner, diretor de Jornalismo da CNN Brasil em Bras\u00edlia.<\/p>\n","protected":false},"excerpt":{"rendered":"<p>da Ag\u00eancia iNFRA Autoridades, especialistas e iniciativa privada re\u00fanem-se, em Bras\u00edlia, para debater a emerg\u00eancia clim\u00e1tica, os impactos nos principais setores e o desenvolvimento econ\u00f4mico e sustent\u00e1vel do Brasil. A CNN Brasil e a Ag\u00eancia iNFRA realizam, no pr\u00f3ximo dia 8 de julho, na Casa Parlamento, \u00e0s 18h45, o evento &#8220;CNN Talks COP30 | Resili\u00eancia [&hellip;]<\/p>\n","protected":false},"author":1,"featured_media":23735,"comment_status":"closed","ping_status":"closed","sticky":false,"template":"","format":"standard","meta":{"_monsterinsights_skip_tracking":false,"_monsterinsights_sitenote_active":false,"_monsterinsights_sitenote_note":"","_monsterinsights_sitenote_category":0,"footnotes":""},"categories":[7250,1],"tags":[220,6800,13235,11050,8780,8068,7119,3263,6781,4168,14065,13654],"class_list":["post-23734","post","type-post","status-publish","format-standard","has-post-thumbnail","hentry","category-destaque-lista","category-geral","tag-agencia-infra","tag-agnes-costa","tag-casa-parlamento","tag-cnn-brasil","tag-cnn-talks","tag-cop30","tag-eduardo-riedel","tag-flavia-takafashi","tag-gentil-nogueira","tag-guilherme-sampaio","tag-joao-paulo-capobianco","tag-luciana-costa"],"yoast_head":"<!-- This site is optimized with the Yoast SEO Premium plugin v25.4 (Yoast SEO v26.0) - https:\/\/yoast.com\/wordpress\/plugins\/seo\/ -->\n<title>CNN Talks e iNFRA promovem debate sobre rela\u00e7\u00e3o entre resili\u00eancia clim\u00e1tica, regula\u00e7\u00e3o e financiamento - Ag\u00eancia iNFRA<\/title>\n<meta name=\"robots\" content=\"index, follow, max-snippet:-1, max-image-preview:large, max-video-preview:-1\" \/>\n<link rel=\"canonical\" href=\"https:\/\/agenciainfra.com\/blog\/cnn-talks-e-infra-promovem-debate-sobre-relacao-entre-resiliencia-climatica-regulacao-e-financiamento\/\" \/>\n<meta property=\"og:locale\" content=\"pt_BR\" \/>\n<meta property=\"og:type\" content=\"article\" \/>\n<meta property=\"og:title\" content=\"CNN Talks e iNFRA promovem debate sobre rela\u00e7\u00e3o entre resili\u00eancia clim\u00e1tica, regula\u00e7\u00e3o e financiamento\" \/>\n<meta property=\"og:description\" content=\"da Ag\u00eancia iNFRA Autoridades, especialistas e iniciativa privada re\u00fanem-se, em Bras\u00edlia, para debater a emerg\u00eancia clim\u00e1tica, os impactos nos principais setores e o desenvolvimento econ\u00f4mico e sustent\u00e1vel do Brasil. A CNN Brasil e a Ag\u00eancia iNFRA realizam, no pr\u00f3ximo dia 8 de julho, na Casa Parlamento, \u00e0s 18h45, o evento &#8220;CNN Talks COP30 | Resili\u00eancia [&hellip;]\" \/>\n<meta property=\"og:url\" content=\"https:\/\/agenciainfra.com\/blog\/cnn-talks-e-infra-promovem-debate-sobre-relacao-entre-resiliencia-climatica-regulacao-e-financiamento\/\" \/>\n<meta property=\"og:site_name\" content=\"Ag\u00eancia iNFRA\" \/>\n<meta property=\"article:publisher\" content=\"https:\/\/www.facebook.com\/ageninfra\" \/>\n<meta property=\"article:published_time\" content=\"2025-06-30T11:00:00+00:00\" \/>\n<meta property=\"article:modified_time\" content=\"2025-07-09T13:53:40+00:00\" \/>\n<meta property=\"og:image\" content=\"https:\/\/agenciainfra.com\/blog\/wp-content\/uploads\/2025\/06\/cnn-talks-arte-divulgacao.png\" \/>\n\t<meta property=\"og:image:width\" content=\"1196\" \/>\n\t<meta property=\"og:image:height\" content=\"664\" \/>\n\t<meta property=\"og:image:type\" content=\"image\/png\" \/>\n<meta name=\"author\" content=\"Ag\u00eancia iNFRA\" \/>\n<meta name=\"twitter:card\" content=\"summary_large_image\" \/>\n<meta name=\"twitter:creator\" content=\"@agencia_infra\" \/>\n<meta name=\"twitter:site\" content=\"@agencia_infra\" \/>\n<meta name=\"twitter:label1\" content=\"Escrito por\" \/>\n\t<meta name=\"twitter:data1\" content=\"Ag\u00eancia iNFRA\" \/>\n\t<meta name=\"twitter:label2\" content=\"Est. tempo de leitura\" \/>\n\t<meta name=\"twitter:data2\" content=\"2 minutos\" \/>\n<script type=\"application\/ld+json\" class=\"yoast-schema-graph\">{\"@context\":\"https:\/\/schema.org\",\"@graph\":[{\"@type\":\"Article\",\"@id\":\"https:\/\/agenciainfra.com\/blog\/cnn-talks-e-infra-promovem-debate-sobre-relacao-entre-resiliencia-climatica-regulacao-e-financiamento\/#article\",\"isPartOf\":{\"@id\":\"https:\/\/agenciainfra.com\/blog\/cnn-talks-e-infra-promovem-debate-sobre-relacao-entre-resiliencia-climatica-regulacao-e-financiamento\/\"},\"author\":{\"name\":\"Ag\u00eancia iNFRA\",\"@id\":\"https:\/\/agenciainfra.com\/blog\/#\/schema\/person\/34af08dff6adea4cb22b06612ba7acfa\"},\"headline\":\"CNN Talks e iNFRA promovem debate sobre rela\u00e7\u00e3o entre resili\u00eancia clim\u00e1tica, regula\u00e7\u00e3o e financiamento\",\"datePublished\":\"2025-06-30T11:00:00+00:00\",\"dateModified\":\"2025-07-09T13:53:40+00:00\",\"mainEntityOfPage\":{\"@id\":\"https:\/\/agenciainfra.com\/blog\/cnn-talks-e-infra-promovem-debate-sobre-relacao-entre-resiliencia-climatica-regulacao-e-financiamento\/\"},\"wordCount\":328,\"publisher\":{\"@id\":\"https:\/\/agenciainfra.com\/blog\/#organization\"},\"image\":{\"@id\":\"https:\/\/agenciainfra.com\/blog\/cnn-talks-e-infra-promovem-debate-sobre-relacao-entre-resiliencia-climatica-regulacao-e-financiamento\/#primaryimage\"},\"thumbnailUrl\":\"https:\/\/agenciainfra.com\/blog\/wp-content\/uploads\/2025\/06\/cnn-talks-arte-divulgacao.png\",\"keywords\":[\"Ag\u00eancia iNFRA\",\"Agnes Costa\",\"casa parlamento\",\"CNN Brasil\",\"CNN Talks\",\"COP30\",\"Eduardo Riedel\",\"Fl\u00e1via Takafashi\",\"Gentil Nogueira\",\"Guilherme Sampaio\",\"Jo\u00e3o Paulo Capobianco\",\"Luciana Costa\"],\"articleSection\":[\"Destaque lista\",\"Geral\"],\"inLanguage\":\"pt-BR\",\"copyrightYear\":\"2025\",\"copyrightHolder\":{\"@id\":\"https:\/\/agenciainfra.com\/blog\/#organization\"}},{\"@type\":\"WebPage\",\"@id\":\"https:\/\/agenciainfra.com\/blog\/cnn-talks-e-infra-promovem-debate-sobre-relacao-entre-resiliencia-climatica-regulacao-e-financiamento\/\",\"url\":\"https:\/\/agenciainfra.com\/blog\/cnn-talks-e-infra-promovem-debate-sobre-relacao-entre-resiliencia-climatica-regulacao-e-financiamento\/\",\"name\":\"CNN Talks e iNFRA promovem debate sobre rela\u00e7\u00e3o entre resili\u00eancia clim\u00e1tica, regula\u00e7\u00e3o e financiamento - Ag\u00eancia iNFRA\",\"isPartOf\":{\"@id\":\"https:\/\/agenciainfra.com\/blog\/#website\"},\"primaryImageOfPage\":{\"@id\":\"https:\/\/agenciainfra.com\/blog\/cnn-talks-e-infra-promovem-debate-sobre-relacao-entre-resiliencia-climatica-regulacao-e-financiamento\/#primaryimage\"},\"image\":{\"@id\":\"https:\/\/agenciainfra.com\/blog\/cnn-talks-e-infra-promovem-debate-sobre-relacao-entre-resiliencia-climatica-regulacao-e-financiamento\/#primaryimage\"},\"thumbnailUrl\":\"https:\/\/agenciainfra.com\/blog\/wp-content\/uploads\/2025\/06\/cnn-talks-arte-divulgacao.png\",\"datePublished\":\"2025-06-30T11:00:00+00:00\",\"dateModified\":\"2025-07-09T13:53:40+00:00\",\"breadcrumb\":{\"@id\":\"https:\/\/agenciainfra.com\/blog\/cnn-talks-e-infra-promovem-debate-sobre-relacao-entre-resiliencia-climatica-regulacao-e-financiamento\/#breadcrumb\"},\"inLanguage\":\"pt-BR\",\"potentialAction\":[{\"@type\":\"ReadAction\",\"target\":[\"https:\/\/agenciainfra.com\/blog\/cnn-talks-e-infra-promovem-debate-sobre-relacao-entre-resiliencia-climatica-regulacao-e-financiamento\/\"]}]},{\"@type\":\"ImageObject\",\"inLanguage\":\"pt-BR\",\"@id\":\"https:\/\/agenciainfra.com\/blog\/cnn-talks-e-infra-promovem-debate-sobre-relacao-entre-resiliencia-climatica-regulacao-e-financiamento\/#primaryimage\",\"url\":\"https:\/\/agenciainfra.com\/blog\/wp-content\/uploads\/2025\/06\/cnn-talks-arte-divulgacao.png\",\"contentUrl\":\"https:\/\/agenciainfra.com\/blog\/wp-content\/uploads\/2025\/06\/cnn-talks-arte-divulgacao.png\",\"width\":1196,\"height\":664,\"caption\":\"Arte: Divulga\u00e7\u00e3o\"},{\"@type\":\"BreadcrumbList\",\"@id\":\"https:\/\/agenciainfra.com\/blog\/cnn-talks-e-infra-promovem-debate-sobre-relacao-entre-resiliencia-climatica-regulacao-e-financiamento\/#breadcrumb\",\"itemListElement\":[{\"@type\":\"ListItem\",\"position\":1,\"name\":\"In\u00edcio\",\"item\":\"https:\/\/agenciainfra.com\/blog\/\"},{\"@type\":\"ListItem\",\"position\":2,\"name\":\"CNN Talks e iNFRA promovem debate sobre rela\u00e7\u00e3o entre resili\u00eancia clim\u00e1tica, regula\u00e7\u00e3o e financiamento\"}]},{\"@type\":\"WebSite\",\"@id\":\"https:\/\/agenciainfra.com\/blog\/#website\",\"url\":\"https:\/\/agenciainfra.com\/blog\/\",\"name\":\"Ag\u00eancia iNFRA\",\"description\":\"Multiplataforma de informa\u00e7\u00e3o jornal\u00edstica refer\u00eancia na \u00e1rea de infraestrutura no Brasil!\",\"publisher\":{\"@id\":\"https:\/\/agenciainfra.com\/blog\/#organization\"},\"potentialAction\":[{\"@type\":\"SearchAction\",\"target\":{\"@type\":\"EntryPoint\",\"urlTemplate\":\"https:\/\/agenciainfra.com\/blog\/?s={search_term_string}\"},\"query-input\":{\"@type\":\"PropertyValueSpecification\",\"valueRequired\":true,\"valueName\":\"search_term_string\"}}],\"inLanguage\":\"pt-BR\"},{\"@type\":\"Organization\",\"@id\":\"https:\/\/agenciainfra.com\/blog\/#organization\",\"name\":\"Ag\u00eancia iNFRA\",\"url\":\"https:\/\/agenciainfra.com\/blog\/\",\"logo\":{\"@type\":\"ImageObject\",\"inLanguage\":\"pt-BR\",\"@id\":\"https:\/\/agenciainfra.com\/blog\/#\/schema\/logo\/image\/\",\"url\":\"https:\/\/agenciainfra.com\/blog\/wp-content\/uploads\/2023\/09\/iNFRA_5-e1761735885940.png\",\"contentUrl\":\"https:\/\/agenciainfra.com\/blog\/wp-content\/uploads\/2023\/09\/iNFRA_5-e1761735885940.png\",\"width\":1672,\"height\":454,\"caption\":\"Ag\u00eancia iNFRA\"},\"image\":{\"@id\":\"https:\/\/agenciainfra.com\/blog\/#\/schema\/logo\/image\/\"},\"sameAs\":[\"https:\/\/www.facebook.com\/ageninfra\",\"https:\/\/x.com\/agencia_infra\",\"https:\/\/www.linkedin.com\/company\/ag\u00eanciainfra\/\",\"https:\/\/www.instagram.com\/agenciainfra\/\"]},{\"@type\":\"Person\",\"@id\":\"https:\/\/agenciainfra.com\/blog\/#\/schema\/person\/34af08dff6adea4cb22b06612ba7acfa\",\"name\":\"Ag\u00eancia iNFRA\",\"image\":{\"@type\":\"ImageObject\",\"inLanguage\":\"pt-BR\",\"@id\":\"https:\/\/agenciainfra.com\/blog\/#\/schema\/person\/image\/\",\"url\":\"https:\/\/secure.gravatar.com\/avatar\/d189e01678f06d8eb84d4e01f08eb848b3fffe3f8443818d3c356c66892f5be8?s=96&d=mm&r=g\",\"contentUrl\":\"https:\/\/secure.gravatar.com\/avatar\/d189e01678f06d8eb84d4e01f08eb848b3fffe3f8443818d3c356c66892f5be8?s=96&d=mm&r=g\",\"caption\":\"Ag\u00eancia iNFRA\"},\"url\":\"https:\/\/agenciainfra.com\/blog\/author\/admin\/\"}]}<\/script>\n<!-- \/ Yoast SEO Premium plugin. -->","yoast_head_json":{"title":"CNN Talks e iNFRA promovem debate sobre rela\u00e7\u00e3o entre resili\u00eancia clim\u00e1tica, regula\u00e7\u00e3o e financiamento - Ag\u00eancia iNFRA","robots":{"index":"index","follow":"follow","max-snippet":"max-snippet:-1","max-image-preview":"max-image-preview:large","max-video-preview":"max-video-preview:-1"},"canonical":"https:\/\/agenciainfra.com\/blog\/cnn-talks-e-infra-promovem-debate-sobre-relacao-entre-resiliencia-climatica-regulacao-e-financiamento\/","og_locale":"pt_BR","og_type":"article","og_title":"CNN Talks e iNFRA promovem debate sobre rela\u00e7\u00e3o entre resili\u00eancia clim\u00e1tica, regula\u00e7\u00e3o e financiamento","og_description":"da Ag\u00eancia iNFRA Autoridades, especialistas e iniciativa privada re\u00fanem-se, em Bras\u00edlia, para debater a emerg\u00eancia clim\u00e1tica, os impactos nos principais setores e o desenvolvimento econ\u00f4mico e sustent\u00e1vel do Brasil. A CNN Brasil e a Ag\u00eancia iNFRA realizam, no pr\u00f3ximo dia 8 de julho, na Casa Parlamento, \u00e0s 18h45, o evento &#8220;CNN Talks COP30 | Resili\u00eancia [&hellip;]","og_url":"https:\/\/agenciainfra.com\/blog\/cnn-talks-e-infra-promovem-debate-sobre-relacao-entre-resiliencia-climatica-regulacao-e-financiamento\/","og_site_name":"Ag\u00eancia iNFRA","article_publisher":"https:\/\/www.facebook.com\/ageninfra","article_published_time":"2025-06-30T11:00:00+00:00","article_modified_time":"2025-07-09T13:53:40+00:00","og_image":[{"width":1196,"height":664,"url":"https:\/\/agenciainfra.com\/blog\/wp-content\/uploads\/2025\/06\/cnn-talks-arte-divulgacao.png","type":"image\/png"}],"author":"Ag\u00eancia iNFRA","twitter_card":"summary_large_image","twitter_creator":"@agencia_infra","twitter_site":"@agencia_infra","twitter_misc":{"Escrito por":"Ag\u00eancia iNFRA","Est. tempo de leitura":"2 minutos"},"schema":{"@context":"https:\/\/schema.org","@graph":[{"@type":"Article","@id":"https:\/\/agenciainfra.com\/blog\/cnn-talks-e-infra-promovem-debate-sobre-relacao-entre-resiliencia-climatica-regulacao-e-financiamento\/#article","isPartOf":{"@id":"https:\/\/agenciainfra.com\/blog\/cnn-talks-e-infra-promovem-debate-sobre-relacao-entre-resiliencia-climatica-regulacao-e-financiamento\/"},"author":{"name":"Ag\u00eancia iNFRA","@id":"https:\/\/agenciainfra.com\/blog\/#\/schema\/person\/34af08dff6adea4cb22b06612ba7acfa"},"headline":"CNN Talks e iNFRA promovem debate sobre rela\u00e7\u00e3o entre resili\u00eancia clim\u00e1tica, regula\u00e7\u00e3o e financiamento","datePublished":"2025-06-30T11:00:00+00:00","dateModified":"2025-07-09T13:53:40+00:00","mainEntityOfPage":{"@id":"https:\/\/agenciainfra.com\/blog\/cnn-talks-e-infra-promovem-debate-sobre-relacao-entre-resiliencia-climatica-regulacao-e-financiamento\/"},"wordCount":328,"publisher":{"@id":"https:\/\/agenciainfra.com\/blog\/#organization"},"image":{"@id":"https:\/\/agenciainfra.com\/blog\/cnn-talks-e-infra-promovem-debate-sobre-relacao-entre-resiliencia-climatica-regulacao-e-financiamento\/#primaryimage"},"thumbnailUrl":"https:\/\/agenciainfra.com\/blog\/wp-content\/uploads\/2025\/06\/cnn-talks-arte-divulgacao.png","keywords":["Ag\u00eancia iNFRA","Agnes Costa","casa parlamento","CNN Brasil","CNN Talks","COP30","Eduardo Riedel","Fl\u00e1via Takafashi","Gentil Nogueira","Guilherme Sampaio","Jo\u00e3o Paulo Capobianco","Luciana Costa"],"articleSection":["Destaque lista","Geral"],"inLanguage":"pt-BR","copyrightYear":"2025","copyrightHolder":{"@id":"https:\/\/agenciainfra.com\/blog\/#organization"}},{"@type":"WebPage","@id":"https:\/\/agenciainfra.com\/blog\/cnn-talks-e-infra-promovem-debate-sobre-relacao-entre-resiliencia-climatica-regulacao-e-financiamento\/","url":"https:\/\/agenciainfra.com\/blog\/cnn-talks-e-infra-promovem-debate-sobre-relacao-entre-resiliencia-climatica-regulacao-e-financiamento\/","name":"CNN Talks e iNFRA promovem debate sobre rela\u00e7\u00e3o entre resili\u00eancia clim\u00e1tica, regula\u00e7\u00e3o e financiamento - Ag\u00eancia iNFRA","isPartOf":{"@id":"https:\/\/agenciainfra.com\/blog\/#website"},"primaryImageOfPage":{"@id":"https:\/\/agenciainfra.com\/blog\/cnn-talks-e-infra-promovem-debate-sobre-relacao-entre-resiliencia-climatica-regulacao-e-financiamento\/#primaryimage"},"image":{"@id":"https:\/\/agenciainfra.com\/blog\/cnn-talks-e-infra-promovem-debate-sobre-relacao-entre-resiliencia-climatica-regulacao-e-financiamento\/#primaryimage"},"thumbnailUrl":"https:\/\/agenciainfra.com\/blog\/wp-content\/uploads\/2025\/06\/cnn-talks-arte-divulgacao.png","datePublished":"2025-06-30T11:00:00+00:00","dateModified":"2025-07-09T13:53:40+00:00","breadcrumb":{"@id":"https:\/\/agenciainfra.com\/blog\/cnn-talks-e-infra-promovem-debate-sobre-relacao-entre-resiliencia-climatica-regulacao-e-financiamento\/#breadcrumb"},"inLanguage":"pt-BR","potentialAction":[{"@type":"ReadAction","target":["https:\/\/agenciainfra.com\/blog\/cnn-talks-e-infra-promovem-debate-sobre-relacao-entre-resiliencia-climatica-regulacao-e-financiamento\/"]}]},{"@type":"ImageObject","inLanguage":"pt-BR","@id":"https:\/\/agenciainfra.com\/blog\/cnn-talks-e-infra-promovem-debate-sobre-relacao-entre-resiliencia-climatica-regulacao-e-financiamento\/#primaryimage","url":"https:\/\/agenciainfra.com\/blog\/wp-content\/uploads\/2025\/06\/cnn-talks-arte-divulgacao.png","contentUrl":"https:\/\/agenciainfra.com\/blog\/wp-content\/uploads\/2025\/06\/cnn-talks-arte-divulgacao.png","width":1196,"height":664,"caption":"Arte: Divulga\u00e7\u00e3o"},{"@type":"BreadcrumbList","@id":"https:\/\/agenciainfra.com\/blog\/cnn-talks-e-infra-promovem-debate-sobre-relacao-entre-resiliencia-climatica-regulacao-e-financiamento\/#breadcrumb","itemListElement":[{"@type":"ListItem","position":1,"name":"In\u00edcio","item":"https:\/\/agenciainfra.com\/blog\/"},{"@type":"ListItem","position":2,"name":"CNN Talks e iNFRA promovem debate sobre rela\u00e7\u00e3o entre resili\u00eancia clim\u00e1tica, regula\u00e7\u00e3o e financiamento"}]},{"@type":"WebSite","@id":"https:\/\/agenciainfra.com\/blog\/#website","url":"https:\/\/agenciainfra.com\/blog\/","name":"Ag\u00eancia iNFRA","description":"Multiplataforma de informa\u00e7\u00e3o jornal\u00edstica refer\u00eancia na \u00e1rea de infraestrutura no Brasil!","publisher":{"@id":"https:\/\/agenciainfra.com\/blog\/#organization"},"potentialAction":[{"@type":"SearchAction","target":{"@type":"EntryPoint","urlTemplate":"https:\/\/agenciainfra.com\/blog\/?s={search_term_string}"},"query-input":{"@type":"PropertyValueSpecification","valueRequired":true,"valueName":"search_term_string"}}],"inLanguage":"pt-BR"},{"@type":"Organization","@id":"https:\/\/agenciainfra.com\/blog\/#organization","name":"Ag\u00eancia iNFRA","url":"https:\/\/agenciainfra.com\/blog\/","logo":{"@type":"ImageObject","inLanguage":"pt-BR","@id":"https:\/\/agenciainfra.com\/blog\/#\/schema\/logo\/image\/","url":"https:\/\/agenciainfra.com\/blog\/wp-content\/uploads\/2023\/09\/iNFRA_5-e1761735885940.png","contentUrl":"https:\/\/agenciainfra.com\/blog\/wp-content\/uploads\/2023\/09\/iNFRA_5-e1761735885940.png","width":1672,"height":454,"caption":"Ag\u00eancia iNFRA"},"image":{"@id":"https:\/\/agenciainfra.com\/blog\/#\/schema\/logo\/image\/"},"sameAs":["https:\/\/www.facebook.com\/ageninfra","https:\/\/x.com\/agencia_infra","https:\/\/www.linkedin.com\/company\/ag\u00eanciainfra\/","https:\/\/www.instagram.com\/agenciainfra\/"]},{"@type":"Person","@id":"https:\/\/agenciainfra.com\/blog\/#\/schema\/person\/34af08dff6adea4cb22b06612ba7acfa","name":"Ag\u00eancia iNFRA","image":{"@type":"ImageObject","inLanguage":"pt-BR","@id":"https:\/\/agenciainfra.com\/blog\/#\/schema\/person\/image\/","url":"https:\/\/secure.gravatar.com\/avatar\/d189e01678f06d8eb84d4e01f08eb848b3fffe3f8443818d3c356c66892f5be8?s=96&d=mm&r=g","contentUrl":"https:\/\/secure.gravatar.com\/avatar\/d189e01678f06d8eb84d4e01f08eb848b3fffe3f8443818d3c356c66892f5be8?s=96&d=mm&r=g","caption":"Ag\u00eancia iNFRA"},"url":"https:\/\/agenciainfra.com\/blog\/author\/admin\/"}]}},"_links":{"self":[{"href":"https:\/\/agenciainfra.com\/blog\/wp-json\/wp\/v2\/posts\/23734","targetHints":{"allow":["GET"]}}],"collection":[{"href":"https:\/\/agenciainfra.com\/blog\/wp-json\/wp\/v2\/posts"}],"about":[{"href":"https:\/\/agenciainfra.com\/blog\/wp-json\/wp\/v2\/types\/post"}],"author":[{"embeddable":true,"href":"https:\/\/agenciainfra.com\/blog\/wp-json\/wp\/v2\/users\/1"}],"replies":[{"embeddable":true,"href":"https:\/\/agenciainfra.com\/blog\/wp-json\/wp\/v2\/comments?post=23734"}],"version-history":[{"count":4,"href":"https:\/\/agenciainfra.com\/blog\/wp-json\/wp\/v2\/posts\/23734\/revisions"}],"predecessor-version":[{"id":23786,"href":"https:\/\/agenciainfra.com\/blog\/wp-json\/wp\/v2\/posts\/23734\/revisions\/23786"}],"wp:featuredmedia":[{"embeddable":true,"href":"https:\/\/agenciainfra.com\/blog\/wp-json\/wp\/v2\/media\/23735"}],"wp:attachment":[{"href":"https:\/\/agenciainfra.com\/blog\/wp-json\/wp\/v2\/media?parent=23734"}],"wp:term":[{"taxonomy":"category","embeddable":true,"href":"https:\/\/agenciainfra.com\/blog\/wp-json\/wp\/v2\/categories?post=23734"},{"taxonomy":"post_tag","embeddable":true,"href":"https:\/\/agenciainfra.com\/blog\/wp-json\/wp\/v2\/tags?post=23734"}],"curies":[{"name":"wp","href":"https:\/\/api.w.org\/{rel}","templated":true}]}}