{"id":23764,"date":"2025-06-28T08:00:00","date_gmt":"2025-06-28T11:00:00","guid":{"rendered":"https:\/\/agenciainfra.com\/blog\/?p=23764"},"modified":"2025-06-27T21:15:47","modified_gmt":"2025-06-28T00:15:47","slug":"soja-contribui-para-aumento-do-movimento-nos-portos-da-regiao-nordeste-em-abril","status":"publish","type":"post","link":"https:\/\/agenciainfra.com\/blog\/soja-contribui-para-aumento-do-movimento-nos-portos-da-regiao-nordeste-em-abril\/","title":{"rendered":"Soja contribui para aumento do movimento nos portos da regi\u00e3o Nordeste em abril"},"content":{"rendered":"\n<p class=\"has-text-align-right\"><strong>da Ag\u00eancia iNFRA<\/strong><\/p>\n\n\n\n<p>Com dois milh\u00f5es de toneladas de carga escoadas no Porto de Itaqui, no Maranh\u00e3o, a soja foi o produto com maior volume de carga movimentada nos portos do Nordeste. De acordo com os dados do Estat\u00edstico Aquavi\u00e1rio da ANTAQ (Ag\u00eancia Nacional de Transportes Aquavi\u00e1rios), os portos organizados da regi\u00e3o movimentaram 7,7 milh\u00f5es de toneladas de cargas em abril, o que equivale a 7% a mais que no mesmo m\u00eas de 2024.<\/p>\n\n\n\n<p>Consolidado como um hub estrat\u00e9gico para o escoamento de soja, o Porto de Itaqui respondeu por toda a movimenta\u00e7\u00e3o da commodity na regi\u00e3o Nordeste naquele m\u00eas. Foram 3,3 milh\u00f5es de toneladas, 12,4% a mais do que em abril passado.<\/p>\n\n\n\n<p>J\u00e1 o Porto de Areia Branca, no Rio Grande do Norte, registrou o maior aumento percentual de movimenta\u00e7\u00e3o de cargas no m\u00eas, com 436 mil toneladas, 82,3% a mais do que no mesmo m\u00eas do ano passado. O sal, que concentra 95% da produ\u00e7\u00e3o nacional no Rio Grande do Norte, teve toda a sua carga na regi\u00e3o Nordeste, naquele m\u00eas, escoada via Porto de Areia Branca. Foram 376 mil toneladas do produto, 56,9% a mais do que em abril de 2024.<\/p>\n\n\n\n<p>O Porto de Itaqui \u00e9 uma das principais portas de sa\u00edda para exporta\u00e7\u00f5es de gr\u00e3os, combust\u00edveis e min\u00e9rios produzidos no Centro-Oeste e no Nordeste do pa\u00eds. Como compara\u00e7\u00e3o, o Porto de Suape, em Pernambuco, segundo colocado no ranking regional, movimentou 1,8 milh\u00e3o de toneladas no m\u00eas, pouco menos da metade das cargas movimentadas por Itaqui. A movimenta\u00e7\u00e3o de cont\u00eaineres tamb\u00e9m apresentou crescimento significativo no quarto m\u00eas do ano: 9,2%, com 1,1 milh\u00e3o de toneladas no somat\u00f3rio de todos os portos organizados da regi\u00e3o, assim como os fertilizantes, com mais 39,2% de carga movimentada, num total de 600 mil toneladas.<\/p>\n","protected":false},"excerpt":{"rendered":"<p>da Ag\u00eancia iNFRA Com dois milh\u00f5es de toneladas de carga escoadas no Porto de Itaqui, no Maranh\u00e3o, a soja foi o produto com maior volume de carga movimentada nos portos do Nordeste. De acordo com os dados do Estat\u00edstico Aquavi\u00e1rio da ANTAQ (Ag\u00eancia Nacional de Transportes Aquavi\u00e1rios), os portos organizados da regi\u00e3o movimentaram 7,7 milh\u00f5es [&hellip;]<\/p>\n","protected":false},"author":1,"featured_media":23754,"comment_status":"closed","ping_status":"closed","sticky":false,"template":"","format":"standard","meta":{"_monsterinsights_skip_tracking":false,"_monsterinsights_sitenote_active":false,"_monsterinsights_sitenote_note":"","_monsterinsights_sitenote_category":0,"footnotes":""},"categories":[1,13576],"tags":[86,14075,14076,14074,1542,2876,14073],"class_list":["post-23764","post","type-post","status-publish","format-standard","has-post-thumbnail","hentry","category-geral","category-giro-infra","tag-antaq","tag-estatistico-aquaviario-da-antaq","tag-movimentacao-nos-portos-do-nordeste","tag-porto-de-areia-branca","tag-porto-de-itaqui","tag-porto-de-suape","tag-portos-do-nordeste"],"yoast_head":"<!-- This site is optimized with the Yoast SEO Premium plugin v25.4 (Yoast SEO v26.0) - https:\/\/yoast.com\/wordpress\/plugins\/seo\/ -->\n<title>Soja contribui para aumento do movimento nos portos da regi\u00e3o Nordeste em abril - Ag\u00eancia iNFRA<\/title>\n<meta name=\"robots\" content=\"index, follow, max-snippet:-1, max-image-preview:large, max-video-preview:-1\" \/>\n<link rel=\"canonical\" href=\"https:\/\/agenciainfra.com\/blog\/?p=23764\" \/>\n<meta property=\"og:locale\" content=\"pt_BR\" \/>\n<meta property=\"og:type\" content=\"article\" \/>\n<meta property=\"og:title\" content=\"Soja contribui para aumento do movimento nos portos da regi\u00e3o Nordeste em abril\" \/>\n<meta property=\"og:description\" content=\"da Ag\u00eancia iNFRA Com dois milh\u00f5es de toneladas de carga escoadas no Porto de Itaqui, no Maranh\u00e3o, a soja foi o produto com maior volume de carga movimentada nos portos do Nordeste. De acordo com os dados do Estat\u00edstico Aquavi\u00e1rio da ANTAQ (Ag\u00eancia Nacional de Transportes Aquavi\u00e1rios), os portos organizados da regi\u00e3o movimentaram 7,7 milh\u00f5es [&hellip;]\" \/>\n<meta property=\"og:url\" content=\"https:\/\/agenciainfra.com\/blog\/?p=23764\" \/>\n<meta property=\"og:site_name\" content=\"Ag\u00eancia iNFRA\" \/>\n<meta property=\"article:publisher\" content=\"https:\/\/www.facebook.com\/ageninfra\" \/>\n<meta property=\"article:published_time\" content=\"2025-06-28T11:00:00+00:00\" \/>\n<meta property=\"og:image\" content=\"https:\/\/agenciainfra.com\/blog\/wp-content\/uploads\/2025\/06\/Porto-do-Itaqui-MA_Divulgacao2-scaled.jpg\" \/>\n\t<meta property=\"og:image:width\" content=\"2560\" \/>\n\t<meta property=\"og:image:height\" content=\"1440\" \/>\n\t<meta property=\"og:image:type\" content=\"image\/jpeg\" \/>\n<meta name=\"author\" content=\"Ag\u00eancia iNFRA\" \/>\n<meta name=\"twitter:card\" content=\"summary_large_image\" \/>\n<meta name=\"twitter:creator\" content=\"@agencia_infra\" \/>\n<meta name=\"twitter:site\" content=\"@agencia_infra\" \/>\n<meta name=\"twitter:label1\" content=\"Escrito por\" \/>\n\t<meta name=\"twitter:data1\" content=\"Ag\u00eancia iNFRA\" \/>\n\t<meta name=\"twitter:label2\" content=\"Est. tempo de leitura\" \/>\n\t<meta name=\"twitter:data2\" content=\"2 minutos\" \/>\n<script type=\"application\/ld+json\" class=\"yoast-schema-graph\">{\"@context\":\"https:\/\/schema.org\",\"@graph\":[{\"@type\":\"Article\",\"@id\":\"https:\/\/agenciainfra.com\/blog\/?p=23764#article\",\"isPartOf\":{\"@id\":\"https:\/\/agenciainfra.com\/blog\/?p=23764\"},\"author\":{\"name\":\"Ag\u00eancia iNFRA\",\"@id\":\"https:\/\/agenciainfra.com\/blog\/#\/schema\/person\/34af08dff6adea4cb22b06612ba7acfa\"},\"headline\":\"Soja contribui para aumento do movimento nos portos da regi\u00e3o Nordeste em abril\",\"datePublished\":\"2025-06-28T11:00:00+00:00\",\"mainEntityOfPage\":{\"@id\":\"https:\/\/agenciainfra.com\/blog\/?p=23764\"},\"wordCount\":327,\"publisher\":{\"@id\":\"https:\/\/agenciainfra.com\/blog\/#organization\"},\"image\":{\"@id\":\"https:\/\/agenciainfra.com\/blog\/?p=23764#primaryimage\"},\"thumbnailUrl\":\"https:\/\/agenciainfra.com\/blog\/wp-content\/uploads\/2025\/06\/Porto-do-Itaqui-MA_Divulgacao2-scaled.jpg\",\"keywords\":[\"ANTAQ\",\"Estat\u00edstico Aquavi\u00e1rio da ANTAQ\",\"movimenta\u00e7\u00e3o nos portos do Nordeste\",\"Porto de Areia Branca\",\"Porto de Itaqui\",\"Porto de Suape\",\"portos do Nordeste\"],\"articleSection\":[\"Geral\",\"Giro iNFRA\"],\"inLanguage\":\"pt-BR\",\"copyrightYear\":\"2025\",\"copyrightHolder\":{\"@id\":\"https:\/\/agenciainfra.com\/blog\/#organization\"}},{\"@type\":\"WebPage\",\"@id\":\"https:\/\/agenciainfra.com\/blog\/?p=23764\",\"url\":\"https:\/\/agenciainfra.com\/blog\/?p=23764\",\"name\":\"Soja contribui para aumento do movimento nos portos da regi\u00e3o Nordeste em abril - Ag\u00eancia iNFRA\",\"isPartOf\":{\"@id\":\"https:\/\/agenciainfra.com\/blog\/#website\"},\"primaryImageOfPage\":{\"@id\":\"https:\/\/agenciainfra.com\/blog\/?p=23764#primaryimage\"},\"image\":{\"@id\":\"https:\/\/agenciainfra.com\/blog\/?p=23764#primaryimage\"},\"thumbnailUrl\":\"https:\/\/agenciainfra.com\/blog\/wp-content\/uploads\/2025\/06\/Porto-do-Itaqui-MA_Divulgacao2-scaled.jpg\",\"datePublished\":\"2025-06-28T11:00:00+00:00\",\"breadcrumb\":{\"@id\":\"https:\/\/agenciainfra.com\/blog\/?p=23764#breadcrumb\"},\"inLanguage\":\"pt-BR\",\"potentialAction\":[{\"@type\":\"ReadAction\",\"target\":[\"https:\/\/agenciainfra.com\/blog\/?p=23764\"]}]},{\"@type\":\"ImageObject\",\"inLanguage\":\"pt-BR\",\"@id\":\"https:\/\/agenciainfra.com\/blog\/?p=23764#primaryimage\",\"url\":\"https:\/\/agenciainfra.com\/blog\/wp-content\/uploads\/2025\/06\/Porto-do-Itaqui-MA_Divulgacao2-scaled.jpg\",\"contentUrl\":\"https:\/\/agenciainfra.com\/blog\/wp-content\/uploads\/2025\/06\/Porto-do-Itaqui-MA_Divulgacao2-scaled.jpg\",\"width\":2560,\"height\":1440,\"caption\":\"Foto: Divulga\u00e7\u00e3o\/Porto de Itaqui\"},{\"@type\":\"BreadcrumbList\",\"@id\":\"https:\/\/agenciainfra.com\/blog\/?p=23764#breadcrumb\",\"itemListElement\":[{\"@type\":\"ListItem\",\"position\":1,\"name\":\"In\u00edcio\",\"item\":\"https:\/\/agenciainfra.com\/blog\/\"},{\"@type\":\"ListItem\",\"position\":2,\"name\":\"Soja contribui para aumento do movimento nos portos da regi\u00e3o Nordeste em abril\"}]},{\"@type\":\"WebSite\",\"@id\":\"https:\/\/agenciainfra.com\/blog\/#website\",\"url\":\"https:\/\/agenciainfra.com\/blog\/\",\"name\":\"Ag\u00eancia iNFRA\",\"description\":\"Multiplataforma de informa\u00e7\u00e3o jornal\u00edstica refer\u00eancia na \u00e1rea de infraestrutura no Brasil!\",\"publisher\":{\"@id\":\"https:\/\/agenciainfra.com\/blog\/#organization\"},\"potentialAction\":[{\"@type\":\"SearchAction\",\"target\":{\"@type\":\"EntryPoint\",\"urlTemplate\":\"https:\/\/agenciainfra.com\/blog\/?s={search_term_string}\"},\"query-input\":{\"@type\":\"PropertyValueSpecification\",\"valueRequired\":true,\"valueName\":\"search_term_string\"}}],\"inLanguage\":\"pt-BR\"},{\"@type\":\"Organization\",\"@id\":\"https:\/\/agenciainfra.com\/blog\/#organization\",\"name\":\"Ag\u00eancia iNFRA\",\"url\":\"https:\/\/agenciainfra.com\/blog\/\",\"logo\":{\"@type\":\"ImageObject\",\"inLanguage\":\"pt-BR\",\"@id\":\"https:\/\/agenciainfra.com\/blog\/#\/schema\/logo\/image\/\",\"url\":\"https:\/\/agenciainfra.com\/blog\/wp-content\/uploads\/2023\/09\/iNFRA_5-e1761735885940.png\",\"contentUrl\":\"https:\/\/agenciainfra.com\/blog\/wp-content\/uploads\/2023\/09\/iNFRA_5-e1761735885940.png\",\"width\":1672,\"height\":454,\"caption\":\"Ag\u00eancia iNFRA\"},\"image\":{\"@id\":\"https:\/\/agenciainfra.com\/blog\/#\/schema\/logo\/image\/\"},\"sameAs\":[\"https:\/\/www.facebook.com\/ageninfra\",\"https:\/\/x.com\/agencia_infra\",\"https:\/\/www.linkedin.com\/company\/ag\u00eanciainfra\/\",\"https:\/\/www.instagram.com\/agenciainfra\/\"]},{\"@type\":\"Person\",\"@id\":\"https:\/\/agenciainfra.com\/blog\/#\/schema\/person\/34af08dff6adea4cb22b06612ba7acfa\",\"name\":\"Ag\u00eancia iNFRA\",\"image\":{\"@type\":\"ImageObject\",\"inLanguage\":\"pt-BR\",\"@id\":\"https:\/\/agenciainfra.com\/blog\/#\/schema\/person\/image\/\",\"url\":\"https:\/\/secure.gravatar.com\/avatar\/d189e01678f06d8eb84d4e01f08eb848b3fffe3f8443818d3c356c66892f5be8?s=96&d=mm&r=g\",\"contentUrl\":\"https:\/\/secure.gravatar.com\/avatar\/d189e01678f06d8eb84d4e01f08eb848b3fffe3f8443818d3c356c66892f5be8?s=96&d=mm&r=g\",\"caption\":\"Ag\u00eancia iNFRA\"},\"url\":\"https:\/\/agenciainfra.com\/blog\/author\/admin\/\"}]}<\/script>\n<!-- \/ Yoast SEO Premium plugin. -->","yoast_head_json":{"title":"Soja contribui para aumento do movimento nos portos da regi\u00e3o Nordeste em abril - Ag\u00eancia iNFRA","robots":{"index":"index","follow":"follow","max-snippet":"max-snippet:-1","max-image-preview":"max-image-preview:large","max-video-preview":"max-video-preview:-1"},"canonical":"https:\/\/agenciainfra.com\/blog\/?p=23764","og_locale":"pt_BR","og_type":"article","og_title":"Soja contribui para aumento do movimento nos portos da regi\u00e3o Nordeste em abril","og_description":"da Ag\u00eancia iNFRA Com dois milh\u00f5es de toneladas de carga escoadas no Porto de Itaqui, no Maranh\u00e3o, a soja foi o produto com maior volume de carga movimentada nos portos do Nordeste. De acordo com os dados do Estat\u00edstico Aquavi\u00e1rio da ANTAQ (Ag\u00eancia Nacional de Transportes Aquavi\u00e1rios), os portos organizados da regi\u00e3o movimentaram 7,7 milh\u00f5es [&hellip;]","og_url":"https:\/\/agenciainfra.com\/blog\/?p=23764","og_site_name":"Ag\u00eancia iNFRA","article_publisher":"https:\/\/www.facebook.com\/ageninfra","article_published_time":"2025-06-28T11:00:00+00:00","og_image":[{"width":2560,"height":1440,"url":"https:\/\/agenciainfra.com\/blog\/wp-content\/uploads\/2025\/06\/Porto-do-Itaqui-MA_Divulgacao2-scaled.jpg","type":"image\/jpeg"}],"author":"Ag\u00eancia iNFRA","twitter_card":"summary_large_image","twitter_creator":"@agencia_infra","twitter_site":"@agencia_infra","twitter_misc":{"Escrito por":"Ag\u00eancia iNFRA","Est. tempo de leitura":"2 minutos"},"schema":{"@context":"https:\/\/schema.org","@graph":[{"@type":"Article","@id":"https:\/\/agenciainfra.com\/blog\/?p=23764#article","isPartOf":{"@id":"https:\/\/agenciainfra.com\/blog\/?p=23764"},"author":{"name":"Ag\u00eancia iNFRA","@id":"https:\/\/agenciainfra.com\/blog\/#\/schema\/person\/34af08dff6adea4cb22b06612ba7acfa"},"headline":"Soja contribui para aumento do movimento nos portos da regi\u00e3o Nordeste em abril","datePublished":"2025-06-28T11:00:00+00:00","mainEntityOfPage":{"@id":"https:\/\/agenciainfra.com\/blog\/?p=23764"},"wordCount":327,"publisher":{"@id":"https:\/\/agenciainfra.com\/blog\/#organization"},"image":{"@id":"https:\/\/agenciainfra.com\/blog\/?p=23764#primaryimage"},"thumbnailUrl":"https:\/\/agenciainfra.com\/blog\/wp-content\/uploads\/2025\/06\/Porto-do-Itaqui-MA_Divulgacao2-scaled.jpg","keywords":["ANTAQ","Estat\u00edstico Aquavi\u00e1rio da ANTAQ","movimenta\u00e7\u00e3o nos portos do Nordeste","Porto de Areia Branca","Porto de Itaqui","Porto de Suape","portos do Nordeste"],"articleSection":["Geral","Giro iNFRA"],"inLanguage":"pt-BR","copyrightYear":"2025","copyrightHolder":{"@id":"https:\/\/agenciainfra.com\/blog\/#organization"}},{"@type":"WebPage","@id":"https:\/\/agenciainfra.com\/blog\/?p=23764","url":"https:\/\/agenciainfra.com\/blog\/?p=23764","name":"Soja contribui para aumento do movimento nos portos da regi\u00e3o Nordeste em abril - Ag\u00eancia iNFRA","isPartOf":{"@id":"https:\/\/agenciainfra.com\/blog\/#website"},"primaryImageOfPage":{"@id":"https:\/\/agenciainfra.com\/blog\/?p=23764#primaryimage"},"image":{"@id":"https:\/\/agenciainfra.com\/blog\/?p=23764#primaryimage"},"thumbnailUrl":"https:\/\/agenciainfra.com\/blog\/wp-content\/uploads\/2025\/06\/Porto-do-Itaqui-MA_Divulgacao2-scaled.jpg","datePublished":"2025-06-28T11:00:00+00:00","breadcrumb":{"@id":"https:\/\/agenciainfra.com\/blog\/?p=23764#breadcrumb"},"inLanguage":"pt-BR","potentialAction":[{"@type":"ReadAction","target":["https:\/\/agenciainfra.com\/blog\/?p=23764"]}]},{"@type":"ImageObject","inLanguage":"pt-BR","@id":"https:\/\/agenciainfra.com\/blog\/?p=23764#primaryimage","url":"https:\/\/agenciainfra.com\/blog\/wp-content\/uploads\/2025\/06\/Porto-do-Itaqui-MA_Divulgacao2-scaled.jpg","contentUrl":"https:\/\/agenciainfra.com\/blog\/wp-content\/uploads\/2025\/06\/Porto-do-Itaqui-MA_Divulgacao2-scaled.jpg","width":2560,"height":1440,"caption":"Foto: Divulga\u00e7\u00e3o\/Porto de Itaqui"},{"@type":"BreadcrumbList","@id":"https:\/\/agenciainfra.com\/blog\/?p=23764#breadcrumb","itemListElement":[{"@type":"ListItem","position":1,"name":"In\u00edcio","item":"https:\/\/agenciainfra.com\/blog\/"},{"@type":"ListItem","position":2,"name":"Soja contribui para aumento do movimento nos portos da regi\u00e3o Nordeste em abril"}]},{"@type":"WebSite","@id":"https:\/\/agenciainfra.com\/blog\/#website","url":"https:\/\/agenciainfra.com\/blog\/","name":"Ag\u00eancia iNFRA","description":"Multiplataforma de informa\u00e7\u00e3o jornal\u00edstica refer\u00eancia na \u00e1rea de infraestrutura no Brasil!","publisher":{"@id":"https:\/\/agenciainfra.com\/blog\/#organization"},"potentialAction":[{"@type":"SearchAction","target":{"@type":"EntryPoint","urlTemplate":"https:\/\/agenciainfra.com\/blog\/?s={search_term_string}"},"query-input":{"@type":"PropertyValueSpecification","valueRequired":true,"valueName":"search_term_string"}}],"inLanguage":"pt-BR"},{"@type":"Organization","@id":"https:\/\/agenciainfra.com\/blog\/#organization","name":"Ag\u00eancia iNFRA","url":"https:\/\/agenciainfra.com\/blog\/","logo":{"@type":"ImageObject","inLanguage":"pt-BR","@id":"https:\/\/agenciainfra.com\/blog\/#\/schema\/logo\/image\/","url":"https:\/\/agenciainfra.com\/blog\/wp-content\/uploads\/2023\/09\/iNFRA_5-e1761735885940.png","contentUrl":"https:\/\/agenciainfra.com\/blog\/wp-content\/uploads\/2023\/09\/iNFRA_5-e1761735885940.png","width":1672,"height":454,"caption":"Ag\u00eancia iNFRA"},"image":{"@id":"https:\/\/agenciainfra.com\/blog\/#\/schema\/logo\/image\/"},"sameAs":["https:\/\/www.facebook.com\/ageninfra","https:\/\/x.com\/agencia_infra","https:\/\/www.linkedin.com\/company\/ag\u00eanciainfra\/","https:\/\/www.instagram.com\/agenciainfra\/"]},{"@type":"Person","@id":"https:\/\/agenciainfra.com\/blog\/#\/schema\/person\/34af08dff6adea4cb22b06612ba7acfa","name":"Ag\u00eancia iNFRA","image":{"@type":"ImageObject","inLanguage":"pt-BR","@id":"https:\/\/agenciainfra.com\/blog\/#\/schema\/person\/image\/","url":"https:\/\/secure.gravatar.com\/avatar\/d189e01678f06d8eb84d4e01f08eb848b3fffe3f8443818d3c356c66892f5be8?s=96&d=mm&r=g","contentUrl":"https:\/\/secure.gravatar.com\/avatar\/d189e01678f06d8eb84d4e01f08eb848b3fffe3f8443818d3c356c66892f5be8?s=96&d=mm&r=g","caption":"Ag\u00eancia iNFRA"},"url":"https:\/\/agenciainfra.com\/blog\/author\/admin\/"}]}},"_links":{"self":[{"href":"https:\/\/agenciainfra.com\/blog\/wp-json\/wp\/v2\/posts\/23764","targetHints":{"allow":["GET"]}}],"collection":[{"href":"https:\/\/agenciainfra.com\/blog\/wp-json\/wp\/v2\/posts"}],"about":[{"href":"https:\/\/agenciainfra.com\/blog\/wp-json\/wp\/v2\/types\/post"}],"author":[{"embeddable":true,"href":"https:\/\/agenciainfra.com\/blog\/wp-json\/wp\/v2\/users\/1"}],"replies":[{"embeddable":true,"href":"https:\/\/agenciainfra.com\/blog\/wp-json\/wp\/v2\/comments?post=23764"}],"version-history":[{"count":1,"href":"https:\/\/agenciainfra.com\/blog\/wp-json\/wp\/v2\/posts\/23764\/revisions"}],"predecessor-version":[{"id":23769,"href":"https:\/\/agenciainfra.com\/blog\/wp-json\/wp\/v2\/posts\/23764\/revisions\/23769"}],"wp:featuredmedia":[{"embeddable":true,"href":"https:\/\/agenciainfra.com\/blog\/wp-json\/wp\/v2\/media\/23754"}],"wp:attachment":[{"href":"https:\/\/agenciainfra.com\/blog\/wp-json\/wp\/v2\/media?parent=23764"}],"wp:term":[{"taxonomy":"category","embeddable":true,"href":"https:\/\/agenciainfra.com\/blog\/wp-json\/wp\/v2\/categories?post=23764"},{"taxonomy":"post_tag","embeddable":true,"href":"https:\/\/agenciainfra.com\/blog\/wp-json\/wp\/v2\/tags?post=23764"}],"curies":[{"name":"wp","href":"https:\/\/api.w.org\/{rel}","templated":true}]}}